{"id":1455637,"date":"2024-11-07T11:03:53","date_gmt":"2024-11-07T19:03:53","guid":{"rendered":"https:\/\/noticiasya.com\/2024\/11\/07\/exclusiva-cnn-cruzar-miradas-asesinos-el-salvador-trax\/"},"modified":"2024-11-07T11:03:53","modified_gmt":"2024-11-07T19:03:53","slug":"exclusiva-cnn-cruzar-miradas-asesinos-el-salvador-trax","status":"publish","type":"post","link":"https:\/\/noticiasya.com\/midland-odessa\/2024\/11\/07\/exclusiva-cnn-cruzar-miradas-asesinos-el-salvador-trax\/","title":{"rendered":"EXCLUSIVA CNN | Cruzar miradas con asesinos en masa en El Salvador en la prisi\u00f3n del Cecot"},"content":{"rendered":"<p>Tecoluca, El Salvador (CNN) &#8212; La luz del sol inunda el cavernoso edificio. Un techo alt\u00edsimo y un suelo pulido dan el aspecto de una estaci\u00f3n de ferrocarril o de un hangar de aviones. Pero el aire no se mueve y se siente intensamente claustrof\u00f3bico. A los lados de la sala hay grandes celdas empotradas, cada una de ellas con docenas de hombres mirando hacia fuera.<\/p>\n<p>Esto es el Cecot, el Centro de Reclusi\u00f3n de Terroristas de El Salvador, y los hombres son conocidos como &#171;lo peor de lo peor&#187;.<\/p>\n<p>Asesinos en masa, traficantes de drogas y g\u00e1ngsters, se les acusa de haber tenido una vez a El Salvador como reh\u00e9n, embargando de miedo a la naci\u00f3n mientras dominaban ciudades y calles. Hoy, est\u00e1n despojados de libertad, influencia e individualidad. Y puede que nunca las recuperen.<\/p>\n<p>Los cr\u00edticos denuncian que el gobierno de Nayib Bukele es una dictadura. Pero estas personas dicen que nunca se han sentido tan libres.<\/p>\n<p>Cada uno lleva una sencilla camiseta blanca y shorts. Algunos llevan calcetines blancos y sandalias. Llevan la cabeza rapada y algunos tienen tatuajes cubri\u00e9ndoles la cara. Muchos permanecen de pie con confianza, incluso desafiantes, con los brazos cruzados a pocos metros de los barrotes que van del suelo al techo, intentando vernos mejor. Otros se sientan con las piernas cruzadas e inm\u00f3viles en literas met\u00e1licas de cuatro niveles que bordean las celdas. Y otros est\u00e1n al fondo, mirando hacia abajo o lejos de nosotros, con m\u00e1scaras faciales, como si quisieran evitar ser vistos por las c\u00e1maras o captar nuestras miradas, casi avergonzados.<\/p>\n<p>Somos los \u00fanicos ajenos aqu\u00ed, a los que se concedi\u00f3 acceso exclusivo y una visita privada como la primera gran organizaci\u00f3n de noticias estadounidense a la que se permiti\u00f3 entrar en el Cecot a finales del mes pasado. Inaugurado hace menos de dos a\u00f1os, ya es un icono del &#171;nuevo El Salvador&#187; del presidente Nayib Bukele. La naci\u00f3n centroamericana se ha transformado bajo su gobierno de hombre fuerte. Anta\u00f1o la &#171;capital mundial del homicidio&#187;, ahora es mucho m\u00e1s segura y la vida familiar y los negocios han vuelto a las calles. Pero la limpieza implacable de esas calles y el trato despiadado a los miembros de las bandas han desatado la indignaci\u00f3n y la preocupaci\u00f3n de las organizaciones de derechos humanos, que han condenado al Cecot por considerarlo inhumano e inaceptable.<\/p>\n<p>El trato sin miramientos a los hombres queda patente en todo el Cecot. Cada una de las m\u00e1s de dos docenas de celdas colectivas que vemos en el Sector 4 est\u00e1 construida para albergar a unos 80 reclusos. El \u00fanico mobiliario son literas met\u00e1licas escalonadas, sin s\u00e1banas, almohadas ni colchones. Hay un retrete abierto, una pila de cemento y un cubo de pl\u00e1stico para lavarse y una gran jarra para el agua potable. Las celdas est\u00e1n meticulosamente limpias, un contraste intencionado y marcado con las sucias y escu\u00e1lidas prisiones del pasado de El Salvador.<\/p>\n<p>Los hombres est\u00e1n dentro de estas celdas 23 horas y media al d\u00eda. No trabajan. No se les permiten libros, ni una baraja de cartas, ni cartas de casa. Los platos de comida se apilan fuera de las celdas a la hora de comer y se sacan a trav\u00e9s de los barrotes. Nunca se sirve carne. El respiro diario de 30 minutos consiste simplemente en salir de la celda hacia el pasillo central para hacer ejercicio en grupo o leer la Biblia.<\/p>\n<p>Aqu\u00ed no hay privacidad ni rastro de comodidad. Guardias armados enmascarados vigilan constantemente y los funcionarios de la prisi\u00f3n afirman que las luces est\u00e1n encendidas las 24 horas del d\u00eda, los 7 d\u00edas de la semana. Hay una tranquilidad inquietante cuando las miradas ausentes de los presos se encuentran con nuestra mirada curiosa. Hay un vac\u00edo en algunos de sus ojos, una inquietante vacuidad que sugiere que sus almas ya se han ido, dejando tras de s\u00ed meros cascarones.<\/p>\n<p>La privaci\u00f3n es deliberada, un alejamiento de los tiempos anteriores a Bukele, cuando se dec\u00eda que los reclusos com\u00edan mejor que los civiles. &#171;Ahora, aqu\u00ed, lo que reciben para desayunar son frijoles, queso o una mezcla de arroz y frijoles, quiz\u00e1 pl\u00e1tano macho y una taza de caf\u00e9 o atole (bebida a base de ma\u00edz)&#187;, dice el director del Cecot, Belarmino Garc\u00eda, mientras nos ense\u00f1a el lugar. &#171;Para comer, es arroz, pasta y una bebida. La cena es igual que el desayuno. Aqu\u00ed no existe la carne, no existe el pollo, no existen men\u00fas especiales para nadie&#187;.<\/p>\n<p>Fuera de la guerra, en El Salvador no existe la pena de muerte, pero tampoco hay intenci\u00f3n de que estos hombres sean liberados alg\u00fan d\u00eda. Gustavo Villatoro, ministro de Seguridad P\u00fablica de El Salvador, ofrece una valoraci\u00f3n tajante del enfoque del gobierno hacia los miembros de las bandas. &#171;Creemos en la rehabilitaci\u00f3n, pero solo para los delincuentes comunes&#187;, dice, diferenciando entre los llamados &#171;colaboradores&#187; de las bandas y los pandilleros.<\/p>\n<p>&#171;Alguien que cada d\u00eda mata a gente, que cada d\u00eda viola a nuestras chicas, \u00bfc\u00f3mo puede hacerles cambiar de opini\u00f3n? No somos est\u00fapidos&#187;, a\u00f1ade. &#171;En Estados Unidos, imag\u00ednese que un asesino en serie en su estado, en su comunidad, es puesto en libertad por un juez&#8230; \u00bfc\u00f3mo se sentir\u00eda usted como ciudadano? No tenemos datos de que alguien pueda hacer cambiar de opini\u00f3n a un asesino en serie&#8230; y tenemos m\u00e1s de 40.000 asesinos en serie en El Salvador: los miembros de estas organizaciones de bandas&#187;, afirma.<\/p>\n<p>Ministro de Seguridad de El Salvador dice que los DD.HH. son una preocupaci\u00f3n para el Gobierno: \u201cNosotros no matamos pandilleros\u201d<\/p>\n<p>&#171;Quer\u00eda ser un pandillero&#187;<\/p>\n<p>Pedimos hablar con un preso y los funcionarios de prisiones sacan a Marvin V\u00e1squez, de 41 a\u00f1os, de una celda colectiva. El l\u00edder confeso de la camarilla de la MS-13 dice que est\u00e1 dispuesto a hablar con nosotros, aunque solo sea para disuadir a los j\u00f3venes de seguir sus costumbres. Nos encontramos con \u00e9l ya sentado en una silla en un pasillo lateral con paredes de concreto, fuera de la vista de los dem\u00e1s presos. Tiene las manos y los tobillos encadenados mientras dos guardias -vestidos de combate de pies a cabeza- permanecen de pie junto a \u00e9l, uno frente al otro.<\/p>\n<p>V\u00e1squez dice que se cri\u00f3 en Los \u00c1ngeles y habla en perfecto ingl\u00e9s con una tranquila confianza. Relata la vida que le condujo hasta aqu\u00ed con una facilidad que contradice la brutalidad de sus palabras. &#171;Algunos quer\u00edan ser abogados, polic\u00edas, soldados&#187;, nos dice. &#171;Yo quer\u00eda ser pandillero. Y quer\u00eda lograr todo lo que me propusiera. Y hasta este momento, creo que logr\u00e9 todo lo que quer\u00eda lograr&#187;.<\/p>\n<p>V\u00e1squez, que estuvo encarcelado antes de Bukele, dice que se uni\u00f3 a la MS-13 de ni\u00f1o, ascendiendo en las filas. Incluso cre\u00f3 su propia camarilla, &#171;Crazy Criminals&#187;, que ahora lleva tatuada en la espalda, despu\u00e9s de regresar a El Salvador.<\/p>\n<p>Cuando le preguntamos por sus delitos, se muestra escalofriantemente pr\u00e1ctico. &#171;Robar, asesinar, hacer lo que hay que hacer para sobrevivir&#187;, dice encogi\u00e9ndose ligeramente de hombros. &#171;\u00bfHas matado a gente?&#187;, le presionamos, a lo que responde sin vacilar: &#171;S\u00ed. As\u00ed es la vida de pandillero&#187;.<\/p>\n<p>Aunque expresa su arrepentimiento por haberse unido alguna vez a una banda, su estimaci\u00f3n de sus v\u00edctimas es tan despreocupada como su tono. &#171;Ni siquiera s\u00e9 decirte cu\u00e1ntas&#187;, dice. &#171;No pensamos en cu\u00e1ntas tenemos que matar. Solo hacemos lo que tenemos que hacer para sobrevivir&#187;. Admite que podr\u00edan ser &#171;al menos de 20 a 30&#187;, aunque no est\u00e1 seguro del n\u00famero exacto.<\/p>\n<p>Recuerda haber &#171;volado&#187; un autom\u00f3vil lleno de gente en Estados Unidos, y admite que es &#171;posible&#187; que no sobrevivieran. Reflexionando sobre la vida en el Cecot, dice con una desapegada aceptaci\u00f3n: &#171;Probablemente no es un hotel (de) 5 estrellas, pero esto es lo que hay para nosotros. Te dan comida tres veces (al d\u00eda). Te dan algunos programas. Puedes hacer ejercicio. Algunos programas de iglesia o religi\u00f3n tambi\u00e9n. Pero ya sabes, as\u00ed son las cosas. Tenemos que acostumbrarnos a lo que tenemos que acostumbrarnos aqu\u00ed. No hay opci\u00f3n para nosotros. Hicimos cosas malas. Lo pagamos de la forma m\u00e1s dura, cumpliendo condena&#187;.<\/p>\n<p>Cuando termina la conversaci\u00f3n con V\u00e1squez, los guardias se acercan r\u00e1pidamente para llev\u00e1rselo. El jefe de la prisi\u00f3n, Garc\u00eda, quiere recalcar el punto. &#171;Como usted acaba de observar, c\u00f3mo dicen tan c\u00ednicamente: &#8216;S\u00ed, he matado, he hecho esto, he hecho lo otro'&#187;, dice. &#171;Lo que tenemos aqu\u00ed es lo peor de lo peor&#187;.<\/p>\n<p>El Salvador arrest\u00f3 al 2% de su poblaci\u00f3n adulta en su guerra contra las pandillas: otros pa\u00edses toman nota<\/p>\n<p>Torres de vigilancia, vallas electrificadas y guardias armados<\/p>\n<p>Los miembros de diferentes bandas son deliberadamente alojados juntos. Delante de una celda, un funcionario ordena a los reclusos que se quiten las camisas. Lo hacen d\u00f3cil e inmediatamente, revelando tatuajes de la MS-13 y Barrio 18 &#8211; enemigos jurados fuera de este lugar, compa\u00f1eros de cama forzados dentro.<\/p>\n<p>A cualquiera que cometa &#171;ofensas graves&#187; contra otros presos o contra el personal, le espera el confinamiento en solitario: celdas de cemento que albergan a los reclusos hasta 15 d\u00edas. Las habitaciones est\u00e1n totalmente a oscuras, salvo por un peque\u00f1o agujero en el techo, dos pisos m\u00e1s arriba, que deja entrar apenas un rayo de luz. Un lavabo de cemento, un retrete y una losa de concreto a modo de cama son el \u00fanico mobiliario. Las comidas se pasan por la ranura de una puerta.<\/p>\n<p>Los reclusos nunca abandonan sus sectores. Las salas laterales de concreto pueden utilizarse para consultas jur\u00eddicas y audiencias judiciales por video. El personal m\u00e9dico proporciona cualquier tratamiento necesario, de nuevo, in situ.<\/p>\n<p>Las normas no permiten visitas de familiares o amigos. Cualquiera que llegue a la prisi\u00f3n entrega todos sus objetos personales y es registrado f\u00edsicamente y escaneado electr\u00f3nicamente en busca de cualquier contrabando. Mil efectivos de seguridad armados -guardias, polic\u00edas y soldados- est\u00e1n preparados para responder a cualquier amenaza procedente del exterior o del interior.<\/p>\n<p>La prisi\u00f3n misma est\u00e1 rodeada por m\u00faltiples vallas electrificadas con 19 torres de vigilancia alrededor de las instalaciones, construidas de forma aislada en una zona rural alejada de cualquier poblaci\u00f3n. Los puestos de control comienzan antes de ver los edificios, con registros de veh\u00edculos y verificaci\u00f3n de identidades. Las se\u00f1ales de telefon\u00eda se cortaron cuando nos acercamos a la imponente puerta de acero de la prisi\u00f3n, la \u00fanica forma de entrar o salir.<\/p>\n<p>El Cecot se construy\u00f3 en apenas siete meses y se inaugurar\u00e1 en enero de 2023 para albergar hasta 40.000 reclusos. Por razones de seguridad, Garc\u00eda no revela la poblaci\u00f3n exacta, pero admite que actualmente hay alojados entre 10.000 y 20.000 reclusos.<\/p>\n<p>&#171;Es demasiado extremo&#187;<\/p>\n<p>El estado de emergencia de Bukele, declarado en marzo de 2022, ha llevado a la detenci\u00f3n de al menos 81.000 personas, que equivale a m\u00e1s del 1% de la poblaci\u00f3n salvadore\u00f1a, en un amplio esfuerzo por erradicar la influencia de las bandas. Bukele ha admitido que algunos inocentes han quedado atrapados en la red, aunque 7.000 de ellos ya fueron liberados, seg\u00fan el gobierno. \u00c9l y sus numerosos partidarios argumentan que estos da\u00f1os colaterales forman parte del dif\u00edcil proceso de transformaci\u00f3n de una naci\u00f3n atrapada por d\u00e9cadas de corrupci\u00f3n y violencia.<\/p>\n<p>&#171;\u00bfPor qu\u00e9 tenemos la mayor (tasa de) encarcelamiento del mundo?&#187;, pregunt\u00f3 Bukele en junio. &#171;Porque convertimos la capital mundial del homicidio en el pa\u00eds m\u00e1s seguro del hemisferio occidental. La \u00fanica forma de lograrlo es detener a los asesinos&#8230; no tenemos pena de muerte, as\u00ed que tenemos que encarcelarlos a todos&#187;.<\/p>\n<p>A principios de 2016, hab\u00eda una media de un homicidio cada hora en este pa\u00eds de apenas seis millones de habitantes. Ahora las estad\u00edsticas del gobierno indican que hay m\u00e1s d\u00edas sin un homicidio que con uno, con un total de 104 homicidios registrados en los primeros nueve meses de este a\u00f1o, un tercio de los cuales fueron violencia familiar.<\/p>\n<p>Los cr\u00edticos de dentro y fuera de El Salvador cuestionan la veracidad de los datos sobre delincuencia del gobierno y su pretendido \u00e9xito sobre las bandas. E incluso si fueran ciertos, sostienen que el estricto control y aislamiento de los presos por parte del Cecot cruza la l\u00ednea de los abusos contra los derechos humanos.<\/p>\n<p>&#171;El abuso empieza por c\u00f3mo entran en la prisi\u00f3n y c\u00f3mo los mantienen dentro&#8230; es demasiado extremo&#187;, afirma Juan Carlos S\u00e1nchez, responsable de programas de la Due Process of Law Foundation, que hace campa\u00f1a por los derechos humanos y el Estado de derecho en toda Am\u00e9rica Latina.<\/p>\n<p>&#171;Por ejemplo, la alimentaci\u00f3n de una persona bajo custodia del Estado -como en el Cecot- es un derecho humano del que no se le puede privar&#8230; debe ser una dieta adecuada para ellos, no solo para sobrevivir&#187;.<\/p>\n<p>S\u00e1nchez a\u00f1ade que hay preocupaciones sobre el debido proceso, con el Cecot utilizado tanto para los condenados como para los que a\u00fan est\u00e1n pasando por el sistema judicial, y lo que llam\u00f3 &#171;control opresivo&#187;.<\/p>\n<p>&#171;Lo que m\u00e1s nos preocupa es que estos presos entran en un sistema penitenciario y pierden todo contacto con el mundo exterior, incluido el contacto con sus familias&#8230; esto repercute en los dem\u00e1s, no solo en los presos&#187;, dice.<\/p>\n<p>&#171;En estas condiciones, si alguna vez salen, no se rehabilitar\u00e1n&#8230; se convertir\u00e1n en una carga para el Estado, saldr\u00e1n enfermos f\u00edsica, mentalmente, saldr\u00e1n con rabia&#187;.<\/p>\n<p>El director de la prisi\u00f3n, Belarmino Garc\u00eda, visto aqu\u00ed en la armer\u00eda con David Culver de CNN, a la derecha, dice que las duras restricciones del Cecot est\u00e1n justificadas y son necesarias. Cr\u00e9dito: Evelio Contreras\/CNN<\/p>\n<p>Antes de que pudi\u00e9ramos siquiera preguntar sobre esas acusaciones, Garc\u00eda del Cecot ofrece: &#171;Se ha hablado mucho del Cecot y de las violaciones de los derechos humanos, pero usted est\u00e1 viendo todo lo que hacemos: asistencia m\u00e9dica, garantizar que siguen el debido proceso&#8230; toda la operaci\u00f3n se basa en el estricto respeto de los derechos humanos&#187;. Para \u00e9l, las duras restricciones del Cecot est\u00e1n justificadas y son necesarias, una &#171;\u00faltima barrera&#187; entre estos criminales y la sociedad civil.<\/p>\n<p>Una funcionaria del gobierno que viaja con nosotros se encuentra en su primera visita al Cecot. Una mujer de unos 20 a\u00f1os, reflexiona sobre su propio pasado en El Salvador y una \u00e9poca, hace solo unos a\u00f1os, en la que llevar un tel\u00e9fono celular en p\u00fablico o permanecer fuera de casa al anochecer era impensable, invitaba al robo o a algo peor. &#171;Ahora puedo respirar mejor&#187;, nos dice en voz baja mientras observa a los hombres en sus celdas.<\/p>\n<p>Mientras subimos a una de las torres de vigilancia que dominan el Cecot, el sol comienza a esconderse, ensombreciendo el vasto complejo. Las instalaciones se extienden bajo nosotros, con hileras de alambre de p\u00faas, muros de concreto e imponentes torres de vigilancia que se desvanecen en el terreno monta\u00f1oso y frondoso. Construido para albergar los ecos m\u00e1s oscuros del pasado de El Salvador, parece una ciudad aislada, un mundo aparte, donde los presos son borrados de la sociedad.<\/p>\n<p>Vida renovada fuera de los muros de la prisi\u00f3n<\/p>\n<p>M\u00e1s presos podr\u00edan estar de camino al Cecot, ya que la represi\u00f3n a\u00fan no ha terminado. La Corte Suprema anul\u00f3 una prohibici\u00f3n constitucional sobre mandatos presidenciales consecutivos en favor de Bukele y el presidente se present\u00f3 y gan\u00f3 un segundo mandato sin precedentes a principios de este a\u00f1o. El llamado estado de emergencia temporal lleva ya m\u00e1s de dos a\u00f1os.<\/p>\n<p>Personal armado patrulla un barrio de San Salvador, en busca de cualquier resto de pandillas. Cr\u00e9dito: Evelio Contreras\/CNN<\/p>\n<p>Tras abandonar el interior est\u00e9ril y sombr\u00edo del Cecot, nos unimos a una fuerza de aproximadamente 2.500 polic\u00edas y soldados que patrullan un barrio de San Salvador marcado por posibles restos de actividad pandillera. Efectivos fuertemente armados navegan por los callejones estrechos y poco iluminados mientras las familias en el interior de sus casas se sientan aparentemente imperturbables, cenando o viendo la televisi\u00f3n.<\/p>\n<p>Le preguntamos a un hombre de unos 50 a\u00f1os qu\u00e9 se siente al tener una presencia militar tan imponente justo delante de su puerta.<\/p>\n<p>Poni\u00e9ndose una camiseta, Salvador Molinas nos dice que, de hecho, se siente tranquilizado por los soldados, se\u00f1alando que esta fuerza visible era la raz\u00f3n por la que ahora sent\u00eda que era lo suficientemente seguro como para dejar que sus hijos adolescentes fueran solos a la escuela y a sus salidas sociales.<\/p>\n<p>&#171;Veo a los hombres (soldados) aqu\u00ed con nosotros y honestamente esto es bueno, nos sentimos seguros, esto faltaba antes&#187;, dice Molina, que vive con sus hijos y su madre.<\/p>\n<p>&#171;Tengo un hijo en la universidad y otro en s\u00e9ptimo grado y, gracias a Dios, los dejo ir (a clase) con confianza. Antes ten\u00eda que llevar al m\u00e1s peque\u00f1o a clase y ahora va solo en autob\u00fas, y no tengo miedo de que le pase algo&#187;, a\u00f1ade.<\/p>\n<p>Salvador Molinas, en la foto con su madre, celebra la represi\u00f3n. Dice que su familia se siente m\u00e1s segura. Cr\u00e9dito: Evelio Contreras\/CNN<\/p>\n<p>&#171;Desde que el presidente asumi\u00f3 el cargo, gracias a Dios, vivimos tranquilos, algo que no ten\u00edamos con presidentes anteriores&#187;.<\/p>\n<p>La ofensiva de Bukele contra la violencia de las bandas ha cosechado un amplio apoyo entre los salvadore\u00f1os, aunque sus m\u00e9todos siguen siendo divisivos. Desde que asumi\u00f3 el cargo, ha consolidado el control sobre el poder judicial, ha silenciado a los cr\u00edticos y ha marginado a los oponentes pol\u00edticos. Sin embargo, la mayor\u00eda de las personas con las que nos reunimos ven estas medidas como vitales para restablecer la seguridad &#8211; y Cecot se ha convertido en un poderoso s\u00edmbolo de este enfoque de mano dura contra la delincuencia.<\/p>\n<p>No se puede ver la prisi\u00f3n desde la capital, y las bulliciosas calles nocturnas son un contraste impactante con el interior reluciente pero sin alma del Cecot, donde reinan el silencio y la vigilancia.<\/p>\n<p>Pero para muchos salvadore\u00f1os van de la mano. La prisi\u00f3n donde los miembros de las bandas pierden todo su poder y autonom\u00eda les ha dado la libertad de vivir.<\/p>\n<p>&#8212; Esta historia fue reportada y escrita por David Culver, Abel Alvarado y Evelio Contreras, y editada por Rachel Clarke.<\/p>\n<p>The-CNN-Wire<br \/>&trade; &amp; &copy; 2024 Cable News Network, Inc., a Warner Bros. Discovery Company. All rights reserved.<\/p>\n","protected":false},"excerpt":{"rendered":"<p>Tecoluca, El Salvador (CNN) &#8212; La luz del sol inunda el cavernoso edificio. Un techo alt\u00edsimo y un suelo pulido dan el aspecto de una estaci\u00f3n de ferrocarril o de un hangar de aviones. Pero el aire no se mueve y se siente intensamente claustrof\u00f3bico. A los lados de la sala hay grandes celdas empotradas, [&hellip;]<\/p>\n","protected":false},"author":0,"featured_media":0,"comment_status":"open","ping_status":"open","sticky":false,"template":"","format":"standard","meta":{"_jetpack_memberships_contains_paid_content":false,"footnotes":""},"categories":[10],"tags":[],"class_list":["post-1455637","post","type-post","status-publish","format-standard","hentry","category-noticias-nacionales","market-global"],"yoast_head":"<!-- This site is optimized with the Yoast SEO plugin v24.4 - https:\/\/yoast.com\/wordpress\/plugins\/seo\/ -->\n<title>EXCLUSIVA CNN | Cruzar miradas con asesinos en masa en El Salvador en la prisi\u00f3n del Cecot - Noticias<\/title>\n<meta name=\"robots\" content=\"index, follow, max-snippet:-1, max-image-preview:large, max-video-preview:-1\" \/>\n<link rel=\"canonical\" href=\"https:\/\/noticiasya.com\/2024\/11\/07\/exclusiva-cnn-cruzar-miradas-asesinos-el-salvador-trax\/\" \/>\n<meta property=\"og:locale\" content=\"es_ES\" \/>\n<meta property=\"og:type\" content=\"article\" \/>\n<meta property=\"og:title\" content=\"EXCLUSIVA CNN | Cruzar miradas con asesinos en masa en El Salvador en la prisi\u00f3n del Cecot - Noticias\" \/>\n<meta property=\"og:description\" content=\"Tecoluca, El Salvador (CNN) &#8212; La luz del sol inunda el cavernoso edificio. Un techo alt\u00edsimo y un suelo pulido dan el aspecto de una estaci\u00f3n de ferrocarril o de un hangar de aviones. Pero el aire no se mueve y se siente intensamente claustrof\u00f3bico. A los lados de la sala hay grandes celdas empotradas, [&hellip;]\" \/>\n<meta property=\"og:url\" content=\"https:\/\/noticiasya.com\/2024\/11\/07\/exclusiva-cnn-cruzar-miradas-asesinos-el-salvador-trax\/\" \/>\n<meta property=\"og:site_name\" content=\"Noticias\" \/>\n<meta property=\"article:published_time\" content=\"2024-11-07T19:03:53+00:00\" \/>\n<meta name=\"twitter:card\" content=\"summary_large_image\" \/>\n<meta name=\"twitter:label1\" content=\"Est. reading time\" \/>\n\t<meta name=\"twitter:data1\" content=\"16 minutos\" \/>\n<script type=\"application\/ld+json\" class=\"yoast-schema-graph\">{\"@context\":\"https:\/\/schema.org\",\"@graph\":[{\"@type\":\"Article\",\"@id\":\"https:\/\/noticiasya.com\/2024\/11\/07\/exclusiva-cnn-cruzar-miradas-asesinos-el-salvador-trax\/#article\",\"isPartOf\":{\"@id\":\"https:\/\/noticiasya.com\/2024\/11\/07\/exclusiva-cnn-cruzar-miradas-asesinos-el-salvador-trax\/\"},\"author\":{\"name\":\"\",\"@id\":\"\"},\"headline\":\"EXCLUSIVA CNN | Cruzar miradas con asesinos en masa en El Salvador en la prisi\u00f3n del Cecot\",\"datePublished\":\"2024-11-07T19:03:53+00:00\",\"mainEntityOfPage\":{\"@id\":\"https:\/\/noticiasya.com\/2024\/11\/07\/exclusiva-cnn-cruzar-miradas-asesinos-el-salvador-trax\/\"},\"wordCount\":3212,\"commentCount\":0,\"publisher\":{\"@id\":\"https:\/\/noticiasya.com\/#organization\"},\"articleSection\":[\"Noticias Nacionales\"],\"inLanguage\":\"es\",\"potentialAction\":[{\"@type\":\"CommentAction\",\"name\":\"Comment\",\"target\":[\"https:\/\/noticiasya.com\/2024\/11\/07\/exclusiva-cnn-cruzar-miradas-asesinos-el-salvador-trax\/#respond\"]}]},{\"@type\":\"WebPage\",\"@id\":\"https:\/\/noticiasya.com\/2024\/11\/07\/exclusiva-cnn-cruzar-miradas-asesinos-el-salvador-trax\/\",\"url\":\"https:\/\/noticiasya.com\/2024\/11\/07\/exclusiva-cnn-cruzar-miradas-asesinos-el-salvador-trax\/\",\"name\":\"EXCLUSIVA CNN | Cruzar miradas con asesinos en masa en El Salvador en la prisi\u00f3n del Cecot - Noticias\",\"isPartOf\":{\"@id\":\"https:\/\/noticiasya.com\/#website\"},\"datePublished\":\"2024-11-07T19:03:53+00:00\",\"breadcrumb\":{\"@id\":\"https:\/\/noticiasya.com\/2024\/11\/07\/exclusiva-cnn-cruzar-miradas-asesinos-el-salvador-trax\/#breadcrumb\"},\"inLanguage\":\"es\",\"potentialAction\":[{\"@type\":\"ReadAction\",\"target\":[\"https:\/\/noticiasya.com\/2024\/11\/07\/exclusiva-cnn-cruzar-miradas-asesinos-el-salvador-trax\/\"]}]},{\"@type\":\"BreadcrumbList\",\"@id\":\"https:\/\/noticiasya.com\/2024\/11\/07\/exclusiva-cnn-cruzar-miradas-asesinos-el-salvador-trax\/#breadcrumb\",\"itemListElement\":[{\"@type\":\"ListItem\",\"position\":1,\"name\":\"Home\",\"item\":\"https:\/\/noticiasya.com\/\"},{\"@type\":\"ListItem\",\"position\":2,\"name\":\"EXCLUSIVA CNN | Cruzar miradas con asesinos en masa en El Salvador en la prisi\u00f3n del Cecot\"}]},{\"@type\":\"WebSite\",\"@id\":\"https:\/\/noticiasya.com\/#website\",\"url\":\"https:\/\/noticiasya.com\/\",\"name\":\"Noticias\",\"description\":\"Lo que importa\",\"publisher\":{\"@id\":\"https:\/\/noticiasya.com\/#organization\"},\"potentialAction\":[{\"@type\":\"SearchAction\",\"target\":{\"@type\":\"EntryPoint\",\"urlTemplate\":\"https:\/\/noticiasya.com\/?s={search_term_string}\"},\"query-input\":{\"@type\":\"PropertyValueSpecification\",\"valueRequired\":true,\"valueName\":\"search_term_string\"}}],\"inLanguage\":\"es\"},{\"@type\":\"Organization\",\"@id\":\"https:\/\/noticiasya.com\/#organization\",\"name\":\"Noticias\",\"url\":\"https:\/\/noticiasya.com\/\",\"logo\":{\"@type\":\"ImageObject\",\"inLanguage\":\"es\",\"@id\":\"https:\/\/noticiasya.com\/#\/schema\/logo\/image\/\",\"url\":\"https:\/\/noticiasya.com\/wp-content\/uploads\/sites\/22\/2023\/12\/logo-nacional.png\",\"contentUrl\":\"https:\/\/noticiasya.com\/wp-content\/uploads\/sites\/22\/2023\/12\/logo-nacional.png\",\"width\":1801,\"height\":691,\"caption\":\"Noticias\"},\"image\":{\"@id\":\"https:\/\/noticiasya.com\/#\/schema\/logo\/image\/\"}}]}<\/script>\n<!-- \/ Yoast SEO plugin. -->","yoast_head_json":{"title":"EXCLUSIVA CNN | Cruzar miradas con asesinos en masa en El Salvador en la prisi\u00f3n del Cecot - Noticias","robots":{"index":"index","follow":"follow","max-snippet":"max-snippet:-1","max-image-preview":"max-image-preview:large","max-video-preview":"max-video-preview:-1"},"canonical":"https:\/\/noticiasya.com\/2024\/11\/07\/exclusiva-cnn-cruzar-miradas-asesinos-el-salvador-trax\/","og_locale":"es_ES","og_type":"article","og_title":"EXCLUSIVA CNN | Cruzar miradas con asesinos en masa en El Salvador en la prisi\u00f3n del Cecot - Noticias","og_description":"Tecoluca, El Salvador (CNN) &#8212; La luz del sol inunda el cavernoso edificio. Un techo alt\u00edsimo y un suelo pulido dan el aspecto de una estaci\u00f3n de ferrocarril o de un hangar de aviones. Pero el aire no se mueve y se siente intensamente claustrof\u00f3bico. A los lados de la sala hay grandes celdas empotradas, [&hellip;]","og_url":"https:\/\/noticiasya.com\/2024\/11\/07\/exclusiva-cnn-cruzar-miradas-asesinos-el-salvador-trax\/","og_site_name":"Noticias","article_published_time":"2024-11-07T19:03:53+00:00","twitter_card":"summary_large_image","twitter_misc":{"Est. reading time":"16 minutos"},"schema":{"@context":"https:\/\/schema.org","@graph":[{"@type":"Article","@id":"https:\/\/noticiasya.com\/2024\/11\/07\/exclusiva-cnn-cruzar-miradas-asesinos-el-salvador-trax\/#article","isPartOf":{"@id":"https:\/\/noticiasya.com\/2024\/11\/07\/exclusiva-cnn-cruzar-miradas-asesinos-el-salvador-trax\/"},"author":{"name":"","@id":""},"headline":"EXCLUSIVA CNN | Cruzar miradas con asesinos en masa en El Salvador en la prisi\u00f3n del Cecot","datePublished":"2024-11-07T19:03:53+00:00","mainEntityOfPage":{"@id":"https:\/\/noticiasya.com\/2024\/11\/07\/exclusiva-cnn-cruzar-miradas-asesinos-el-salvador-trax\/"},"wordCount":3212,"commentCount":0,"publisher":{"@id":"https:\/\/noticiasya.com\/#organization"},"articleSection":["Noticias Nacionales"],"inLanguage":"es","potentialAction":[{"@type":"CommentAction","name":"Comment","target":["https:\/\/noticiasya.com\/2024\/11\/07\/exclusiva-cnn-cruzar-miradas-asesinos-el-salvador-trax\/#respond"]}]},{"@type":"WebPage","@id":"https:\/\/noticiasya.com\/2024\/11\/07\/exclusiva-cnn-cruzar-miradas-asesinos-el-salvador-trax\/","url":"https:\/\/noticiasya.com\/2024\/11\/07\/exclusiva-cnn-cruzar-miradas-asesinos-el-salvador-trax\/","name":"EXCLUSIVA CNN | Cruzar miradas con asesinos en masa en El Salvador en la prisi\u00f3n del Cecot - Noticias","isPartOf":{"@id":"https:\/\/noticiasya.com\/#website"},"datePublished":"2024-11-07T19:03:53+00:00","breadcrumb":{"@id":"https:\/\/noticiasya.com\/2024\/11\/07\/exclusiva-cnn-cruzar-miradas-asesinos-el-salvador-trax\/#breadcrumb"},"inLanguage":"es","potentialAction":[{"@type":"ReadAction","target":["https:\/\/noticiasya.com\/2024\/11\/07\/exclusiva-cnn-cruzar-miradas-asesinos-el-salvador-trax\/"]}]},{"@type":"BreadcrumbList","@id":"https:\/\/noticiasya.com\/2024\/11\/07\/exclusiva-cnn-cruzar-miradas-asesinos-el-salvador-trax\/#breadcrumb","itemListElement":[{"@type":"ListItem","position":1,"name":"Home","item":"https:\/\/noticiasya.com\/"},{"@type":"ListItem","position":2,"name":"EXCLUSIVA CNN | Cruzar miradas con asesinos en masa en El Salvador en la prisi\u00f3n del Cecot"}]},{"@type":"WebSite","@id":"https:\/\/noticiasya.com\/#website","url":"https:\/\/noticiasya.com\/","name":"Noticias","description":"Lo que importa","publisher":{"@id":"https:\/\/noticiasya.com\/#organization"},"potentialAction":[{"@type":"SearchAction","target":{"@type":"EntryPoint","urlTemplate":"https:\/\/noticiasya.com\/?s={search_term_string}"},"query-input":{"@type":"PropertyValueSpecification","valueRequired":true,"valueName":"search_term_string"}}],"inLanguage":"es"},{"@type":"Organization","@id":"https:\/\/noticiasya.com\/#organization","name":"Noticias","url":"https:\/\/noticiasya.com\/","logo":{"@type":"ImageObject","inLanguage":"es","@id":"https:\/\/noticiasya.com\/#\/schema\/logo\/image\/","url":"https:\/\/noticiasya.com\/wp-content\/uploads\/sites\/22\/2023\/12\/logo-nacional.png","contentUrl":"https:\/\/noticiasya.com\/wp-content\/uploads\/sites\/22\/2023\/12\/logo-nacional.png","width":1801,"height":691,"caption":"Noticias"},"image":{"@id":"https:\/\/noticiasya.com\/#\/schema\/logo\/image\/"}}]}},"parsely":{"version":"1.1.0","canonical_url":"https:\/\/noticiasya.com\/midland-odessa\/2024\/11\/07\/exclusiva-cnn-cruzar-miradas-asesinos-el-salvador-trax\/","smart_links":{"inbound":0,"outbound":0},"traffic_boost_suggestions_count":0,"meta":{"@context":"https:\/\/schema.org","@type":"NewsArticle","headline":"EXCLUSIVA CNN | Cruzar miradas con asesinos en masa en El Salvador en la prisi\u00f3n del Cecot","url":"http:\/\/noticiasya.com\/midland-odessa\/2024\/11\/07\/exclusiva-cnn-cruzar-miradas-asesinos-el-salvador-trax\/","mainEntityOfPage":{"@type":"WebPage","@id":"http:\/\/noticiasya.com\/midland-odessa\/2024\/11\/07\/exclusiva-cnn-cruzar-miradas-asesinos-el-salvador-trax\/"},"thumbnailUrl":"","image":{"@type":"ImageObject","url":""},"articleSection":"Noticias Nacionales","author":[],"creator":[],"publisher":{"@type":"Organization","name":"Noticias","logo":""},"keywords":[],"dateCreated":"2024-11-07T19:03:53Z","datePublished":"2024-11-07T19:03:53Z","dateModified":"2024-11-07T19:03:53Z"},"rendered":"<script type=\"application\/ld+json\" class=\"wp-parsely-metadata\">{\"@context\":\"https:\\\/\\\/schema.org\",\"@type\":\"NewsArticle\",\"headline\":\"EXCLUSIVA CNN | Cruzar miradas con asesinos en masa en El Salvador en la prisi\\u00f3n del Cecot\",\"url\":\"http:\\\/\\\/noticiasya.com\\\/midland-odessa\\\/2024\\\/11\\\/07\\\/exclusiva-cnn-cruzar-miradas-asesinos-el-salvador-trax\\\/\",\"mainEntityOfPage\":{\"@type\":\"WebPage\",\"@id\":\"http:\\\/\\\/noticiasya.com\\\/midland-odessa\\\/2024\\\/11\\\/07\\\/exclusiva-cnn-cruzar-miradas-asesinos-el-salvador-trax\\\/\"},\"thumbnailUrl\":\"\",\"image\":{\"@type\":\"ImageObject\",\"url\":\"\"},\"articleSection\":\"Noticias Nacionales\",\"author\":[],\"creator\":[],\"publisher\":{\"@type\":\"Organization\",\"name\":\"Noticias\",\"logo\":\"\"},\"keywords\":[],\"dateCreated\":\"2024-11-07T19:03:53Z\",\"datePublished\":\"2024-11-07T19:03:53Z\",\"dateModified\":\"2024-11-07T19:03:53Z\"}<\/script>","tracker_url":"https:\/\/cdn.parsely.com\/keys\/noticiasya.com\/p.js"},"jetpack_featured_media_url":"","jetpack-related-posts":[{"id":1455829,"url":"https:\/\/noticiasya.com\/midland-odessa\/2024\/11\/14\/matt-gaetz-carceles-el-salvador-modelo-a-seguir-trax\/","url_meta":{"origin":1455637,"position":0},"title":"Matt Gaetz, quien supervisar\u00eda prisiones de EE.UU., piensa que las c\u00e1rceles de El Salvador son un modelo a seguir","author":"","date":"noviembre 14, 2024","format":false,"excerpt":"(CNN) --\u00a0Mientras estaba dentro de la resonante sala de la prisi\u00f3n, Matt Gaetz parec\u00eda impresionado.\"Hay mucha m\u00e1s disciplina en esta prisi\u00f3n de la que vemos en muchas de las prisiones en Estados Unidos\", dijo Gaetz, entonces congresista, ahora anunciado como la elecci\u00f3n del presidente electo Donald Trump para secretario de\u2026","rel":"","context":"In &quot;Noticias Nacionales&quot;","block_context":{"text":"Noticias Nacionales","link":"https:\/\/noticiasya.com\/midland-odessa\/categoria\/noticias-nacionales"},"img":{"alt_text":"","src":"","width":0,"height":0},"classes":[]},{"id":1470901,"url":"https:\/\/noticiasya.com\/midland-odessa\/2026\/02\/05\/trump-bukele-cecot-prision-humanitaria-trax\/","url_meta":{"origin":1455637,"position":1},"title":"Trump elogia al presidente de El Salvador, Nayib Bukele, y dice que las c\u00e1rceles de su pa\u00eds son &#171;humanas&#187;","author":"","date":"febrero 5, 2026","format":false,"excerpt":"Al dar la bienvenida a los l\u00edderes extranjeros en el Desayuno Nacional de Oraci\u00f3n, el presidente Donald Trump destac\u00f3 al presidente de El Salvador, Nayib Bukele, como un \u201cgran aliado\u201d, y lo llam\u00f3 \u201cuna de mis personas favoritas\u201d.Trump agreg\u00f3: \u201cHa sido incre\u00edble. Ha sido un gran aliado de este pa\u00eds\u201d.Durante\u2026","rel":"","context":"In &quot;Noticias Nacionales&quot;","block_context":{"text":"Noticias Nacionales","link":"https:\/\/noticiasya.com\/midland-odessa\/categoria\/noticias-nacionales"},"img":{"alt_text":"","src":"","width":0,"height":0},"classes":[]},{"id":1460023,"url":"https:\/\/noticiasya.com\/midland-odessa\/2025\/03\/17\/cecot-megaprision-carcel-el-salvador-bukele-orix\/","url_meta":{"origin":1455637,"position":2},"title":"As\u00ed es el CECOT, la megaprisi\u00f3n de El Salvador que construy\u00f3 Nayib Bukele para encerrar a pandilleros","author":"","date":"marzo 17, 2025","format":false,"excerpt":"En 2023, el Gobierno de El Salvador present\u00f3 el Centro de Confinamiento del Terrorismo (CECOT), una megac\u00e1rcel cuya principal funci\u00f3n ser\u00eda la de alojar a miles de miembros de pandillas, luego de una ola de asesinatos que puso al pa\u00eds en un prolongado estado de excepci\u00f3n en seguridad.El presidente Nayib\u2026","rel":"","context":"In &quot;Noticias Nacionales&quot;","block_context":{"text":"Noticias Nacionales","link":"https:\/\/noticiasya.com\/midland-odessa\/categoria\/noticias-nacionales"},"img":{"alt_text":"","src":"","width":0,"height":0},"classes":[]},{"id":1460650,"url":"https:\/\/noticiasya.com\/midland-odessa\/2025\/03\/31\/estados-unidos-deporta-salvador-bukele-orix\/","url_meta":{"origin":1455637,"position":3},"title":"EE.UU. deporta a otras 17 personas a El Salvador y el Gobierno de Bukele los env\u00eda al Cecot","author":"","date":"marzo 31, 2025","format":false,"excerpt":"El Ej\u00e9rcito de Estados Unidos deport\u00f3 este domingo por la noche a El Salvador a 17 supuestos integrantes de la organizaci\u00f3n criminal Tren de Aragua y de la Mara Salvatrucha \u201cincluidos asesinos y violadores\u201d, inform\u00f3 este lunes en X el secretario de Estado, Marco Rubio.El presidente de El Salvador, Nayib\u2026","rel":"","context":"In &quot;Noticias Nacionales&quot;","block_context":{"text":"Noticias Nacionales","link":"https:\/\/noticiasya.com\/midland-odessa\/categoria\/noticias-nacionales"},"img":{"alt_text":"","src":"","width":0,"height":0},"classes":[]},{"id":1460966,"url":"https:\/\/noticiasya.com\/midland-odessa\/2025\/04\/08\/cecot-el-salvador-deportados-eeuu-celdas-convictos-trax\/","url_meta":{"origin":1455637,"position":4},"title":"En el Cecot, la megaprisi\u00f3n de El Salvador, los deportados de EE.UU. viven en celdas id\u00e9nticas a las de criminales convictos","author":"","date":"abril 8, 2025","format":false,"excerpt":"Los hombres deportados por EE.UU. al Centro de Confinamiento del Terrorismo (Cecot) de El Salvador est\u00e1n viviendo en \u201clas mismas\u201d condiciones que los criminales convictos detenidos all\u00ed, dijo el director de la prisi\u00f3n, Belarmino Garc\u00eda, este martes, durante un recorrido exclusivo para CNN, la primera organizaci\u00f3n de noticias estadounidense en\u2026","rel":"","context":"In &quot;Noticias Nacionales&quot;","block_context":{"text":"Noticias Nacionales","link":"https:\/\/noticiasya.com\/midland-odessa\/categoria\/noticias-nacionales"},"img":{"alt_text":"","src":"","width":0,"height":0},"classes":[]},{"id":1460098,"url":"https:\/\/noticiasya.com\/midland-odessa\/2025\/03\/18\/madre-migrante-venezolano-hijo-enviados-cecot-el-salvador-orix\/","url_meta":{"origin":1455637,"position":5},"title":"&#171;Le vimos sus tatuajes&#187;: Madre de migrante venezolano asegura reconocer a su hijo entre los enviados al Cecot de El Salvador","author":"","date":"marzo 18, 2025","format":false,"excerpt":"Por un instante, Mirelys Cacique L\u00f3pez no tuvo dudas. En una imagen que ha circulado en medios de comunicaci\u00f3n, entre cientos de hombres sentados en el suelo del Centro de Confinamiento del Terrorismo (Cecot) en El Salvador, dice que vio a su hijo.La imagen no muestra los rostros, ya que\u2026","rel":"","context":"In &quot;Noticias Nacionales&quot;","block_context":{"text":"Noticias Nacionales","link":"https:\/\/noticiasya.com\/midland-odessa\/categoria\/noticias-nacionales"},"img":{"alt_text":"","src":"","width":0,"height":0},"classes":[]}],"jetpack_sharing_enabled":true,"_links":{"self":[{"href":"https:\/\/noticiasya.com\/midland-odessa\/wp-json\/wp\/v2\/posts\/1455637","targetHints":{"allow":["GET"]}}],"collection":[{"href":"https:\/\/noticiasya.com\/midland-odessa\/wp-json\/wp\/v2\/posts"}],"about":[{"href":"https:\/\/noticiasya.com\/midland-odessa\/wp-json\/wp\/v2\/types\/post"}],"replies":[{"embeddable":true,"href":"https:\/\/noticiasya.com\/midland-odessa\/wp-json\/wp\/v2\/comments?post=1455637"}],"version-history":[{"count":0,"href":"https:\/\/noticiasya.com\/midland-odessa\/wp-json\/wp\/v2\/posts\/1455637\/revisions"}],"wp:attachment":[{"href":"https:\/\/noticiasya.com\/midland-odessa\/wp-json\/wp\/v2\/media?parent=1455637"}],"wp:term":[{"taxonomy":"category","embeddable":true,"href":"https:\/\/noticiasya.com\/midland-odessa\/wp-json\/wp\/v2\/categories?post=1455637"},{"taxonomy":"post_tag","embeddable":true,"href":"https:\/\/noticiasya.com\/midland-odessa\/wp-json\/wp\/v2\/tags?post=1455637"}],"curies":[{"name":"wp","href":"https:\/\/api.w.org\/{rel}","templated":true}]}}