{"id":1455670,"date":"2024-11-08T08:03:39","date_gmt":"2024-11-08T16:03:39","guid":{"rendered":"https:\/\/noticiasya.com\/2024\/11\/08\/milei-estados-unidos-trump-viaje-orix\/"},"modified":"2024-11-08T08:03:39","modified_gmt":"2024-11-08T16:03:39","slug":"milei-estados-unidos-trump-viaje-orix","status":"publish","type":"post","link":"https:\/\/noticiasya.com\/midland-odessa\/2024\/11\/08\/milei-estados-unidos-trump-viaje-orix\/","title":{"rendered":"Javier Milei planea viajar a Estados Unidos para reunirse con Donald Trump"},"content":{"rendered":"<p>(CNN Espa\u00f1ol) &#8212; El presidente de Argentina, Javier Milei, planea viajar a Estados Unidos con la intenci\u00f3n de reunirse con el presidente electo Donald Trump a mediados de noviembre, le dijo a CNN una fuente cercana al gobierno.<\/p>\n<p>Desde la Casa Rosada agregan que Milei busca concretar una reuni\u00f3n en el marco de la Conferencia de Acci\u00f3n Pol\u00edtica Conservadora (CPAC) entre el 14 y 16 de este mes en Mar-a-Lago, Palm Beach, Florida.<\/p>\n<p>Milei planea asistir a la toma de posesi\u00f3n de Trump en enero de 2025, seg\u00fan la misma fuente.<\/p>\n<p>CNN se contact\u00f3 con la campa\u00f1a electoral de Trump para confirmar las invitaciones, pero a\u00fan no ha obtenido respuesta.<\/p>\n<p>Milei apost\u00f3 por Trump y Musk, \u00bfse lleva ahora el premio de ser su gran aliado en Am\u00e9rica Latina?<\/p>\n<p>Javier Milei ya hab\u00eda asistido a otra cumbre de la CPAC en febrero de este a\u00f1o, donde tuvo un encuentro breve con Trump y se tomaron una fotograf\u00eda.<\/p>\n<p>Milei celebr\u00f3 el mi\u00e9rcoles el triunfo del candidato republicano que le asegura un segundo mandato en la Casa Blanca.<\/p>\n<p>Horas despu\u00e9s de darse a conocer los primeros resultados electorales, Milei felicit\u00f3 a su par en la red social X. \u201cFelicidades por tu formidable victoria electoral. Ahora, Make America Great Again. Sabes que puedes contar con Argentina para llevar a cabo tu tarea. \u00c9xitos y bendiciones. Saludos cordiales\u201d, public\u00f3 el jefe de Estado argentino.<\/p>\n<p>M\u00e1s tarde, sum\u00f3 otro saludo en Instagram con una imagen realizada con inteligencia artificial que muestra un le\u00f3n abrazando a un avatar de Trump y las banderas de ambos pa\u00edses de fondo.<\/p>\n<p>Luego, public\u00f3 un video en TikTok ofreciendo su apoyo a Trump. \u201cPuede contar con Argentina para hacer grande a Estados Unidos nuevamente y nosotros sabemos que podemos contar con usted para hacer a Argentina grande nuevamente\u201d.<\/p>\n<p>La admiraci\u00f3n del mandatario argentino hacia Trump no es novedad. Milei lo ha elogiado en varias ocasiones. En septiembre de este a\u00f1o hab\u00eda declarado en una entrevista con la prensa local que los dos pol\u00edticos \u201cm\u00e1s relevantes del planeta Tierra\u201d son, a su juicio, Donald Trump y \u00e9l.<\/p>\n<p>The-CNN-Wire<br \/>&trade; &amp; &copy; 2024 Cable News Network, Inc., a Warner Bros. Discovery Company. All rights reserved.<\/p>\n","protected":false},"excerpt":{"rendered":"<p>(CNN Espa\u00f1ol) &#8212; El presidente de Argentina, Javier Milei, planea viajar a Estados Unidos con la intenci\u00f3n de reunirse con el presidente electo Donald Trump a mediados de noviembre, le dijo a CNN una fuente cercana al gobierno. Desde la Casa Rosada agregan que Milei busca concretar una reuni\u00f3n en el marco de la Conferencia [&hellip;]<\/p>\n","protected":false},"author":0,"featured_media":0,"comment_status":"open","ping_status":"open","sticky":false,"template":"","format":"standard","meta":{"_jetpack_memberships_contains_paid_content":false,"footnotes":""},"categories":[10],"tags":[],"class_list":["post-1455670","post","type-post","status-publish","format-standard","hentry","category-noticias-nacionales","market-global"],"yoast_head":"<!-- This site is optimized with the Yoast SEO plugin v24.4 - https:\/\/yoast.com\/wordpress\/plugins\/seo\/ -->\n<title>Javier Milei planea viajar a Estados Unidos para reunirse con Donald Trump - Noticias<\/title>\n<meta name=\"robots\" content=\"index, follow, max-snippet:-1, max-image-preview:large, max-video-preview:-1\" \/>\n<link rel=\"canonical\" href=\"https:\/\/noticiasya.com\/2024\/11\/08\/milei-estados-unidos-trump-viaje-orix\/\" \/>\n<meta property=\"og:locale\" content=\"es_ES\" \/>\n<meta property=\"og:type\" content=\"article\" \/>\n<meta property=\"og:title\" content=\"Javier Milei planea viajar a Estados Unidos para reunirse con Donald Trump - Noticias\" \/>\n<meta property=\"og:description\" content=\"(CNN Espa\u00f1ol) &#8212; El presidente de Argentina, Javier Milei, planea viajar a Estados Unidos con la intenci\u00f3n de reunirse con el presidente electo Donald Trump a mediados de noviembre, le dijo a CNN una fuente cercana al gobierno. Desde la Casa Rosada agregan que Milei busca concretar una reuni\u00f3n en el marco de la Conferencia [&hellip;]\" \/>\n<meta property=\"og:url\" content=\"https:\/\/noticiasya.com\/2024\/11\/08\/milei-estados-unidos-trump-viaje-orix\/\" \/>\n<meta property=\"og:site_name\" content=\"Noticias\" \/>\n<meta property=\"article:published_time\" content=\"2024-11-08T16:03:39+00:00\" \/>\n<meta name=\"twitter:card\" content=\"summary_large_image\" \/>\n<meta name=\"twitter:label1\" content=\"Est. reading time\" \/>\n\t<meta name=\"twitter:data1\" content=\"2 minutos\" \/>\n<script type=\"application\/ld+json\" class=\"yoast-schema-graph\">{\"@context\":\"https:\/\/schema.org\",\"@graph\":[{\"@type\":\"Article\",\"@id\":\"https:\/\/noticiasya.com\/2024\/11\/08\/milei-estados-unidos-trump-viaje-orix\/#article\",\"isPartOf\":{\"@id\":\"https:\/\/noticiasya.com\/2024\/11\/08\/milei-estados-unidos-trump-viaje-orix\/\"},\"author\":{\"name\":\"\",\"@id\":\"\"},\"headline\":\"Javier Milei planea viajar a Estados Unidos para reunirse con Donald Trump\",\"datePublished\":\"2024-11-08T16:03:39+00:00\",\"mainEntityOfPage\":{\"@id\":\"https:\/\/noticiasya.com\/2024\/11\/08\/milei-estados-unidos-trump-viaje-orix\/\"},\"wordCount\":394,\"commentCount\":0,\"publisher\":{\"@id\":\"https:\/\/noticiasya.com\/#organization\"},\"articleSection\":[\"Noticias Nacionales\"],\"inLanguage\":\"es\",\"potentialAction\":[{\"@type\":\"CommentAction\",\"name\":\"Comment\",\"target\":[\"https:\/\/noticiasya.com\/2024\/11\/08\/milei-estados-unidos-trump-viaje-orix\/#respond\"]}]},{\"@type\":\"WebPage\",\"@id\":\"https:\/\/noticiasya.com\/2024\/11\/08\/milei-estados-unidos-trump-viaje-orix\/\",\"url\":\"https:\/\/noticiasya.com\/2024\/11\/08\/milei-estados-unidos-trump-viaje-orix\/\",\"name\":\"Javier Milei planea viajar a Estados Unidos para reunirse con Donald Trump - Noticias\",\"isPartOf\":{\"@id\":\"https:\/\/noticiasya.com\/#website\"},\"datePublished\":\"2024-11-08T16:03:39+00:00\",\"breadcrumb\":{\"@id\":\"https:\/\/noticiasya.com\/2024\/11\/08\/milei-estados-unidos-trump-viaje-orix\/#breadcrumb\"},\"inLanguage\":\"es\",\"potentialAction\":[{\"@type\":\"ReadAction\",\"target\":[\"https:\/\/noticiasya.com\/2024\/11\/08\/milei-estados-unidos-trump-viaje-orix\/\"]}]},{\"@type\":\"BreadcrumbList\",\"@id\":\"https:\/\/noticiasya.com\/2024\/11\/08\/milei-estados-unidos-trump-viaje-orix\/#breadcrumb\",\"itemListElement\":[{\"@type\":\"ListItem\",\"position\":1,\"name\":\"Home\",\"item\":\"https:\/\/noticiasya.com\/\"},{\"@type\":\"ListItem\",\"position\":2,\"name\":\"Javier Milei planea viajar a Estados Unidos para reunirse con Donald Trump\"}]},{\"@type\":\"WebSite\",\"@id\":\"https:\/\/noticiasya.com\/#website\",\"url\":\"https:\/\/noticiasya.com\/\",\"name\":\"Noticias\",\"description\":\"Lo que importa\",\"publisher\":{\"@id\":\"https:\/\/noticiasya.com\/#organization\"},\"potentialAction\":[{\"@type\":\"SearchAction\",\"target\":{\"@type\":\"EntryPoint\",\"urlTemplate\":\"https:\/\/noticiasya.com\/?s={search_term_string}\"},\"query-input\":{\"@type\":\"PropertyValueSpecification\",\"valueRequired\":true,\"valueName\":\"search_term_string\"}}],\"inLanguage\":\"es\"},{\"@type\":\"Organization\",\"@id\":\"https:\/\/noticiasya.com\/#organization\",\"name\":\"Noticias\",\"url\":\"https:\/\/noticiasya.com\/\",\"logo\":{\"@type\":\"ImageObject\",\"inLanguage\":\"es\",\"@id\":\"https:\/\/noticiasya.com\/#\/schema\/logo\/image\/\",\"url\":\"https:\/\/noticiasya.com\/wp-content\/uploads\/sites\/22\/2023\/12\/logo-nacional.png\",\"contentUrl\":\"https:\/\/noticiasya.com\/wp-content\/uploads\/sites\/22\/2023\/12\/logo-nacional.png\",\"width\":1801,\"height\":691,\"caption\":\"Noticias\"},\"image\":{\"@id\":\"https:\/\/noticiasya.com\/#\/schema\/logo\/image\/\"}}]}<\/script>\n<!-- \/ Yoast SEO plugin. -->","yoast_head_json":{"title":"Javier Milei planea viajar a Estados Unidos para reunirse con Donald Trump - Noticias","robots":{"index":"index","follow":"follow","max-snippet":"max-snippet:-1","max-image-preview":"max-image-preview:large","max-video-preview":"max-video-preview:-1"},"canonical":"https:\/\/noticiasya.com\/2024\/11\/08\/milei-estados-unidos-trump-viaje-orix\/","og_locale":"es_ES","og_type":"article","og_title":"Javier Milei planea viajar a Estados Unidos para reunirse con Donald Trump - Noticias","og_description":"(CNN Espa\u00f1ol) &#8212; El presidente de Argentina, Javier Milei, planea viajar a Estados Unidos con la intenci\u00f3n de reunirse con el presidente electo Donald Trump a mediados de noviembre, le dijo a CNN una fuente cercana al gobierno. Desde la Casa Rosada agregan que Milei busca concretar una reuni\u00f3n en el marco de la Conferencia [&hellip;]","og_url":"https:\/\/noticiasya.com\/2024\/11\/08\/milei-estados-unidos-trump-viaje-orix\/","og_site_name":"Noticias","article_published_time":"2024-11-08T16:03:39+00:00","twitter_card":"summary_large_image","twitter_misc":{"Est. reading time":"2 minutos"},"schema":{"@context":"https:\/\/schema.org","@graph":[{"@type":"Article","@id":"https:\/\/noticiasya.com\/2024\/11\/08\/milei-estados-unidos-trump-viaje-orix\/#article","isPartOf":{"@id":"https:\/\/noticiasya.com\/2024\/11\/08\/milei-estados-unidos-trump-viaje-orix\/"},"author":{"name":"","@id":""},"headline":"Javier Milei planea viajar a Estados Unidos para reunirse con Donald Trump","datePublished":"2024-11-08T16:03:39+00:00","mainEntityOfPage":{"@id":"https:\/\/noticiasya.com\/2024\/11\/08\/milei-estados-unidos-trump-viaje-orix\/"},"wordCount":394,"commentCount":0,"publisher":{"@id":"https:\/\/noticiasya.com\/#organization"},"articleSection":["Noticias Nacionales"],"inLanguage":"es","potentialAction":[{"@type":"CommentAction","name":"Comment","target":["https:\/\/noticiasya.com\/2024\/11\/08\/milei-estados-unidos-trump-viaje-orix\/#respond"]}]},{"@type":"WebPage","@id":"https:\/\/noticiasya.com\/2024\/11\/08\/milei-estados-unidos-trump-viaje-orix\/","url":"https:\/\/noticiasya.com\/2024\/11\/08\/milei-estados-unidos-trump-viaje-orix\/","name":"Javier Milei planea viajar a Estados Unidos para reunirse con Donald Trump - Noticias","isPartOf":{"@id":"https:\/\/noticiasya.com\/#website"},"datePublished":"2024-11-08T16:03:39+00:00","breadcrumb":{"@id":"https:\/\/noticiasya.com\/2024\/11\/08\/milei-estados-unidos-trump-viaje-orix\/#breadcrumb"},"inLanguage":"es","potentialAction":[{"@type":"ReadAction","target":["https:\/\/noticiasya.com\/2024\/11\/08\/milei-estados-unidos-trump-viaje-orix\/"]}]},{"@type":"BreadcrumbList","@id":"https:\/\/noticiasya.com\/2024\/11\/08\/milei-estados-unidos-trump-viaje-orix\/#breadcrumb","itemListElement":[{"@type":"ListItem","position":1,"name":"Home","item":"https:\/\/noticiasya.com\/"},{"@type":"ListItem","position":2,"name":"Javier Milei planea viajar a Estados Unidos para reunirse con Donald Trump"}]},{"@type":"WebSite","@id":"https:\/\/noticiasya.com\/#website","url":"https:\/\/noticiasya.com\/","name":"Noticias","description":"Lo que importa","publisher":{"@id":"https:\/\/noticiasya.com\/#organization"},"potentialAction":[{"@type":"SearchAction","target":{"@type":"EntryPoint","urlTemplate":"https:\/\/noticiasya.com\/?s={search_term_string}"},"query-input":{"@type":"PropertyValueSpecification","valueRequired":true,"valueName":"search_term_string"}}],"inLanguage":"es"},{"@type":"Organization","@id":"https:\/\/noticiasya.com\/#organization","name":"Noticias","url":"https:\/\/noticiasya.com\/","logo":{"@type":"ImageObject","inLanguage":"es","@id":"https:\/\/noticiasya.com\/#\/schema\/logo\/image\/","url":"https:\/\/noticiasya.com\/wp-content\/uploads\/sites\/22\/2023\/12\/logo-nacional.png","contentUrl":"https:\/\/noticiasya.com\/wp-content\/uploads\/sites\/22\/2023\/12\/logo-nacional.png","width":1801,"height":691,"caption":"Noticias"},"image":{"@id":"https:\/\/noticiasya.com\/#\/schema\/logo\/image\/"}}]}},"parsely":{"version":"1.1.0","canonical_url":"https:\/\/noticiasya.com\/midland-odessa\/2024\/11\/08\/milei-estados-unidos-trump-viaje-orix\/","smart_links":{"inbound":0,"outbound":0},"traffic_boost_suggestions_count":0,"meta":{"@context":"https:\/\/schema.org","@type":"NewsArticle","headline":"Javier Milei planea viajar a Estados Unidos para reunirse con Donald Trump","url":"http:\/\/noticiasya.com\/midland-odessa\/2024\/11\/08\/milei-estados-unidos-trump-viaje-orix\/","mainEntityOfPage":{"@type":"WebPage","@id":"http:\/\/noticiasya.com\/midland-odessa\/2024\/11\/08\/milei-estados-unidos-trump-viaje-orix\/"},"thumbnailUrl":"","image":{"@type":"ImageObject","url":""},"articleSection":"Noticias Nacionales","author":[],"creator":[],"publisher":{"@type":"Organization","name":"Noticias","logo":""},"keywords":[],"dateCreated":"2024-11-08T16:03:39Z","datePublished":"2024-11-08T16:03:39Z","dateModified":"2024-11-08T16:03:39Z"},"rendered":"<script type=\"application\/ld+json\" class=\"wp-parsely-metadata\">{\"@context\":\"https:\\\/\\\/schema.org\",\"@type\":\"NewsArticle\",\"headline\":\"Javier Milei planea viajar a Estados Unidos para reunirse con Donald Trump\",\"url\":\"http:\\\/\\\/noticiasya.com\\\/midland-odessa\\\/2024\\\/11\\\/08\\\/milei-estados-unidos-trump-viaje-orix\\\/\",\"mainEntityOfPage\":{\"@type\":\"WebPage\",\"@id\":\"http:\\\/\\\/noticiasya.com\\\/midland-odessa\\\/2024\\\/11\\\/08\\\/milei-estados-unidos-trump-viaje-orix\\\/\"},\"thumbnailUrl\":\"\",\"image\":{\"@type\":\"ImageObject\",\"url\":\"\"},\"articleSection\":\"Noticias Nacionales\",\"author\":[],\"creator\":[],\"publisher\":{\"@type\":\"Organization\",\"name\":\"Noticias\",\"logo\":\"\"},\"keywords\":[],\"dateCreated\":\"2024-11-08T16:03:39Z\",\"datePublished\":\"2024-11-08T16:03:39Z\",\"dateModified\":\"2024-11-08T16:03:39Z\"}<\/script>","tracker_url":"https:\/\/cdn.parsely.com\/keys\/noticiasya.com\/p.js"},"jetpack_featured_media_url":"","jetpack-related-posts":[{"id":1460715,"url":"https:\/\/noticiasya.com\/midland-odessa\/2025\/04\/01\/milei-planea-viajar-a-eeuu-esta-semana-orix\/","url_meta":{"origin":1455670,"position":0},"title":"Milei planea viajar a EE.UU. esta semana, seg\u00fan fuentes del Gobierno","author":"","date":"abril 1, 2025","format":false,"excerpt":"El presidente de Argentina, Javier Milei, planea viajar esta semana a EE.UU., dijeron a CNN dos fuentes del Gobierno del pa\u00eds sudamericano. El vuelo saldr\u00eda el mi\u00e9rcoles para llegar a EE.UU. el jueves.El mandatario todav\u00eda no tiene una agenda definida, pero las fuentes aseguraron que busca reunirse con el presidente\u2026","rel":"","context":"In &quot;Noticias Nacionales&quot;","block_context":{"text":"Noticias Nacionales","link":"https:\/\/noticiasya.com\/midland-odessa\/categoria\/noticias-nacionales"},"img":{"alt_text":"","src":"","width":0,"height":0},"classes":[]},{"id":1459085,"url":"https:\/\/noticiasya.com\/midland-odessa\/2025\/02\/22\/trump-reune-milei-cpac-invita-casa-blanca-trax\/","url_meta":{"origin":1455670,"position":1},"title":"Trump se re\u00fane con Milei en la CPAC y lo invita a la Casa Blanca en los pr\u00f3ximos meses","author":"","date":"febrero 22, 2025","format":false,"excerpt":"El presidente de Estados Unidos, Donald Trump, se reuni\u00f3 con el presidente de Argentina, Javier Milei, durante la Conferencia Pol\u00edtica de Acci\u00f3n Conservadora (CPAC) este s\u00e1bado, anunci\u00f3 la Casa Blanca.En una publicaci\u00f3n en X, la Casa Blanca comparti\u00f3 fotos de los dos l\u00edderes y mencion\u00f3 que Trump invit\u00f3 a Milei\u2026","rel":"","context":"In &quot;Noticias Nacionales&quot;","block_context":{"text":"Noticias Nacionales","link":"https:\/\/noticiasya.com\/midland-odessa\/categoria\/noticias-nacionales"},"img":{"alt_text":"","src":"","width":0,"height":0},"classes":[]},{"id":1445983,"url":"https:\/\/noticiasya.com\/midland-odessa\/2024\/02\/24\/milei-trump-cpac-foto-juntos-orix\/","url_meta":{"origin":1455670,"position":2},"title":"Milei y Trump coincidieron en la Conferencia de Acci\u00f3n Pol\u00edtica Conservadora y se tomaron una foto juntos: &#171;Haz a Argentina grande de nuevo&#187;","author":"","date":"febrero 24, 2024","format":false,"excerpt":"(CNN Espa\u00f1ol) --\u00a0 El presidente de Argentina, Javier Milei, viaj\u00f3 este s\u00e1bado a Estados Unidos donde particip\u00f3 en la Conferencia de Acci\u00f3n Pol\u00edtica Conservadora (CPAC, por sus siglas en ingl\u00e9s), que se desarrolla en National Harbor, Maryland. All\u00ed, comparti\u00f3 un encuentro con el expresidente de EE.UU. y actual precandidato a\u2026","rel":"","context":"In &quot;Noticias Nacionales&quot;","block_context":{"text":"Noticias Nacionales","link":"https:\/\/noticiasya.com\/midland-odessa\/categoria\/noticias-nacionales"},"img":{"alt_text":"","src":"","width":0,"height":0},"classes":[]},{"id":1456269,"url":"https:\/\/noticiasya.com\/midland-odessa\/2024\/12\/04\/efecto-trump-en-cpac-liderazgo-milei-region-orix\/","url_meta":{"origin":1455670,"position":3},"title":"AN\u00c1LISIS | El efecto Trump en la CPAC Argentina y el liderazgo de Milei en la regi\u00f3n","author":"","date":"diciembre 4, 2024","format":false,"excerpt":"La ciudad de Buenos Aires fue sede de uno de los encuentros m\u00e1s importantes de la derecha global: la Conferencia de Acci\u00f3n Pol\u00edtica Conservadora (CPAC, por sus siglas en ingl\u00e9s).El encuentro, que surge de movimientos conservadores en Estados Unidos de hace d\u00e9cadas, ocurre despu\u00e9s del triunfo electoral en Estados Unidos\u2026","rel":"","context":"In &quot;Noticias Nacionales&quot;","block_context":{"text":"Noticias Nacionales","link":"https:\/\/noticiasya.com\/midland-odessa\/categoria\/noticias-nacionales"},"img":{"alt_text":"","src":"","width":0,"height":0},"classes":[]},{"id":1456225,"url":"https:\/\/noticiasya.com\/midland-odessa\/2024\/12\/03\/conferencia-accion-politica-conservadora-cpac-argentina-orix\/","url_meta":{"origin":1455670,"position":4},"title":"As\u00ed ser\u00e1 la Conferencia de Acci\u00f3n Pol\u00edtica Conservadora (CPAC) en Argentina: presentes, ausentes y principales oradores","author":"","date":"diciembre 3, 2024","format":false,"excerpt":"(CNN Espa\u00f1ol) -- Este mi\u00e9rcoles, Buenos Aires ser\u00e1 el escenario de la Conferencia de Acci\u00f3n Pol\u00edtica Conservadora (CPAC), un evento clave que re\u00fane a l\u00edderes pol\u00edticos, empresarios y acad\u00e9micos afines a las ideas de derecha y el conservadurismo en el mundo.La cumbre tendr\u00e1 lugar en el centro de la ciudad,\u2026","rel":"","context":"In &quot;Noticias Nacionales&quot;","block_context":{"text":"Noticias Nacionales","link":"https:\/\/noticiasya.com\/midland-odessa\/categoria\/noticias-nacionales"},"img":{"alt_text":"","src":"","width":0,"height":0},"classes":[]},{"id":1458875,"url":"https:\/\/noticiasya.com\/midland-odessa\/2025\/02\/18\/javier-milei-reunion-elon-musk-esta-semana-trax\/","url_meta":{"origin":1455670,"position":5},"title":"Javier Milei se reunir\u00e1 con Elon Musk esta semana","author":"","date":"febrero 18, 2025","format":false,"excerpt":"El presidente de Argentina, Javier Milei, se reunir\u00e1 con Elon Musk en Washington el jueves, seg\u00fan el portavoz de Milei, Manuel Adorni.El mandatario argentino tambi\u00e9n se reunir\u00e1 con la directora gerente del Fondo Monetario Internacional (FMI), Kristalina Georgieva, y el s\u00e1bado se espera que asista a la Conferencia de Acci\u00f3n\u2026","rel":"","context":"In &quot;Noticias Nacionales&quot;","block_context":{"text":"Noticias Nacionales","link":"https:\/\/noticiasya.com\/midland-odessa\/categoria\/noticias-nacionales"},"img":{"alt_text":"","src":"","width":0,"height":0},"classes":[]}],"jetpack_sharing_enabled":true,"_links":{"self":[{"href":"https:\/\/noticiasya.com\/midland-odessa\/wp-json\/wp\/v2\/posts\/1455670","targetHints":{"allow":["GET"]}}],"collection":[{"href":"https:\/\/noticiasya.com\/midland-odessa\/wp-json\/wp\/v2\/posts"}],"about":[{"href":"https:\/\/noticiasya.com\/midland-odessa\/wp-json\/wp\/v2\/types\/post"}],"replies":[{"embeddable":true,"href":"https:\/\/noticiasya.com\/midland-odessa\/wp-json\/wp\/v2\/comments?post=1455670"}],"version-history":[{"count":0,"href":"https:\/\/noticiasya.com\/midland-odessa\/wp-json\/wp\/v2\/posts\/1455670\/revisions"}],"wp:attachment":[{"href":"https:\/\/noticiasya.com\/midland-odessa\/wp-json\/wp\/v2\/media?parent=1455670"}],"wp:term":[{"taxonomy":"category","embeddable":true,"href":"https:\/\/noticiasya.com\/midland-odessa\/wp-json\/wp\/v2\/categories?post=1455670"},{"taxonomy":"post_tag","embeddable":true,"href":"https:\/\/noticiasya.com\/midland-odessa\/wp-json\/wp\/v2\/tags?post=1455670"}],"curies":[{"name":"wp","href":"https:\/\/api.w.org\/{rel}","templated":true}]}}