{"id":1455710,"date":"2024-11-09T21:03:38","date_gmt":"2024-11-10T05:03:38","guid":{"rendered":"https:\/\/noticiasya.com\/2024\/11\/09\/lluvias-choco-colombia-25000-familias-damnificadas-orix\/"},"modified":"2024-11-09T21:03:38","modified_gmt":"2024-11-10T05:03:38","slug":"lluvias-choco-colombia-25000-familias-damnificadas-orix","status":"publish","type":"post","link":"https:\/\/noticiasya.com\/midland-odessa\/2024\/11\/09\/lluvias-choco-colombia-25000-familias-damnificadas-orix\/","title":{"rendered":"Lluvias dejan a m\u00e1s de 25.000 familias damnificadas en el departamento de Choc\u00f3, Colombia"},"content":{"rendered":"<p>(CNN Espa\u00f1ol) &#8212; Las fuertes lluvias que este fin de semana han ca\u00eddo en el departamento de Choc\u00f3, al oeste de Colombia, han dejado damnificadas al menos a 25.355 familias, inform\u00f3 este s\u00e1bado la Unidad Nacional para la Gesti\u00f3n del Riesgo de Desastres (UNGRD) en su cuenta de X.<\/p>\n<p>El organismo dijo que las precipitaciones y las consecuentes inundaciones han causado afectaciones en 22 de los 31 municipios de Choc\u00f3.<\/p>\n<p>Horas antes, la UNGRD inform\u00f3 que se hab\u00eda decidido instalar una Sala de Crisis para dar seguimiento a la situaci\u00f3n, tener registro del n\u00famero de personas damnificadas y tomar medidas.<\/p>\n<p>Por separado, el ministro del Interior, Juan Fernando Cristo, dijo en su cuenta de X que este domingo la UNGRD anunciar\u00e1 acciones para enfrentar lo que el funcionario describi\u00f3 como una \u201cemergencia humanitaria\u201d.<\/p>\n<p>Inundaciones en autopista de Bogot\u00e1 desatan caos vehicular y cancelaci\u00f3n de clases, informa alcalde<\/p>\n<p>El presidente de Colombia, Gustavo Petro, anunci\u00f3 que cancel\u00f3 su viaje a Azerbaiy\u00e1n, donde participar\u00eda en la Conferencia de las Naciones Unidas sobre el Cambio Clim\u00e1tico (COP 29), para atender la situaci\u00f3n en Choc\u00f3.<\/p>\n<p>\u201cSer\u00e1 decretada la emergencia y con los escasos recursos que tenemos afrontaremos los primeros auxilios y las reubicaciones de las v\u00edctimas clim\u00e1ticas en el Choc\u00f3\u201d, dijo en X.<\/p>\n<p>A lo largo de esta semana, las lluvias han generado diversas afectaciones en Colombia. Este mi\u00e9rcoles, causaron inundaciones en tramos de la Autopista Norte de Bogot\u00e1, donde decenas de personas quedaron atrapadas y debieron ser evacuadas por cuerpos de rescate.<\/p>\n<p>The-CNN-Wire<br \/>&trade; &amp; &copy; 2024 Cable News Network, Inc., a Warner Bros. Discovery Company. All rights reserved.<\/p>\n","protected":false},"excerpt":{"rendered":"<p>(CNN Espa\u00f1ol) &#8212; Las fuertes lluvias que este fin de semana han ca\u00eddo en el departamento de Choc\u00f3, al oeste de Colombia, han dejado damnificadas al menos a 25.355 familias, inform\u00f3 este s\u00e1bado la Unidad Nacional para la Gesti\u00f3n del Riesgo de Desastres (UNGRD) en su cuenta de X. El organismo dijo que las precipitaciones [&hellip;]<\/p>\n","protected":false},"author":0,"featured_media":0,"comment_status":"open","ping_status":"open","sticky":false,"template":"","format":"standard","meta":{"_jetpack_memberships_contains_paid_content":false,"footnotes":""},"categories":[10],"tags":[],"class_list":["post-1455710","post","type-post","status-publish","format-standard","hentry","category-noticias-nacionales","market-global"],"yoast_head":"<!-- This site is optimized with the Yoast SEO plugin v24.4 - https:\/\/yoast.com\/wordpress\/plugins\/seo\/ -->\n<title>Lluvias dejan a m\u00e1s de 25.000 familias damnificadas en el departamento de Choc\u00f3, Colombia - Noticias<\/title>\n<meta name=\"robots\" content=\"index, follow, max-snippet:-1, max-image-preview:large, max-video-preview:-1\" \/>\n<link rel=\"canonical\" href=\"https:\/\/noticiasya.com\/2024\/11\/09\/lluvias-choco-colombia-25000-familias-damnificadas-orix\/\" \/>\n<meta property=\"og:locale\" content=\"es_ES\" \/>\n<meta property=\"og:type\" content=\"article\" \/>\n<meta property=\"og:title\" content=\"Lluvias dejan a m\u00e1s de 25.000 familias damnificadas en el departamento de Choc\u00f3, Colombia - Noticias\" \/>\n<meta property=\"og:description\" content=\"(CNN Espa\u00f1ol) &#8212; Las fuertes lluvias que este fin de semana han ca\u00eddo en el departamento de Choc\u00f3, al oeste de Colombia, han dejado damnificadas al menos a 25.355 familias, inform\u00f3 este s\u00e1bado la Unidad Nacional para la Gesti\u00f3n del Riesgo de Desastres (UNGRD) en su cuenta de X. El organismo dijo que las precipitaciones [&hellip;]\" \/>\n<meta property=\"og:url\" content=\"https:\/\/noticiasya.com\/2024\/11\/09\/lluvias-choco-colombia-25000-familias-damnificadas-orix\/\" \/>\n<meta property=\"og:site_name\" content=\"Noticias\" \/>\n<meta property=\"article:published_time\" content=\"2024-11-10T05:03:38+00:00\" \/>\n<meta name=\"twitter:card\" content=\"summary_large_image\" \/>\n<meta name=\"twitter:label1\" content=\"Est. reading time\" \/>\n\t<meta name=\"twitter:data1\" content=\"1 minuto\" \/>\n<script type=\"application\/ld+json\" class=\"yoast-schema-graph\">{\"@context\":\"https:\/\/schema.org\",\"@graph\":[{\"@type\":\"Article\",\"@id\":\"https:\/\/noticiasya.com\/2024\/11\/09\/lluvias-choco-colombia-25000-familias-damnificadas-orix\/#article\",\"isPartOf\":{\"@id\":\"https:\/\/noticiasya.com\/2024\/11\/09\/lluvias-choco-colombia-25000-familias-damnificadas-orix\/\"},\"author\":{\"name\":\"\",\"@id\":\"\"},\"headline\":\"Lluvias dejan a m\u00e1s de 25.000 familias damnificadas en el departamento de Choc\u00f3, Colombia\",\"datePublished\":\"2024-11-10T05:03:38+00:00\",\"mainEntityOfPage\":{\"@id\":\"https:\/\/noticiasya.com\/2024\/11\/09\/lluvias-choco-colombia-25000-familias-damnificadas-orix\/\"},\"wordCount\":290,\"commentCount\":0,\"publisher\":{\"@id\":\"https:\/\/noticiasya.com\/#organization\"},\"articleSection\":[\"Noticias Nacionales\"],\"inLanguage\":\"es\",\"potentialAction\":[{\"@type\":\"CommentAction\",\"name\":\"Comment\",\"target\":[\"https:\/\/noticiasya.com\/2024\/11\/09\/lluvias-choco-colombia-25000-familias-damnificadas-orix\/#respond\"]}]},{\"@type\":\"WebPage\",\"@id\":\"https:\/\/noticiasya.com\/2024\/11\/09\/lluvias-choco-colombia-25000-familias-damnificadas-orix\/\",\"url\":\"https:\/\/noticiasya.com\/2024\/11\/09\/lluvias-choco-colombia-25000-familias-damnificadas-orix\/\",\"name\":\"Lluvias dejan a m\u00e1s de 25.000 familias damnificadas en el departamento de Choc\u00f3, Colombia - Noticias\",\"isPartOf\":{\"@id\":\"https:\/\/noticiasya.com\/#website\"},\"datePublished\":\"2024-11-10T05:03:38+00:00\",\"breadcrumb\":{\"@id\":\"https:\/\/noticiasya.com\/2024\/11\/09\/lluvias-choco-colombia-25000-familias-damnificadas-orix\/#breadcrumb\"},\"inLanguage\":\"es\",\"potentialAction\":[{\"@type\":\"ReadAction\",\"target\":[\"https:\/\/noticiasya.com\/2024\/11\/09\/lluvias-choco-colombia-25000-familias-damnificadas-orix\/\"]}]},{\"@type\":\"BreadcrumbList\",\"@id\":\"https:\/\/noticiasya.com\/2024\/11\/09\/lluvias-choco-colombia-25000-familias-damnificadas-orix\/#breadcrumb\",\"itemListElement\":[{\"@type\":\"ListItem\",\"position\":1,\"name\":\"Home\",\"item\":\"https:\/\/noticiasya.com\/\"},{\"@type\":\"ListItem\",\"position\":2,\"name\":\"Lluvias dejan a m\u00e1s de 25.000 familias damnificadas en el departamento de Choc\u00f3, Colombia\"}]},{\"@type\":\"WebSite\",\"@id\":\"https:\/\/noticiasya.com\/#website\",\"url\":\"https:\/\/noticiasya.com\/\",\"name\":\"Noticias\",\"description\":\"Lo que importa\",\"publisher\":{\"@id\":\"https:\/\/noticiasya.com\/#organization\"},\"potentialAction\":[{\"@type\":\"SearchAction\",\"target\":{\"@type\":\"EntryPoint\",\"urlTemplate\":\"https:\/\/noticiasya.com\/?s={search_term_string}\"},\"query-input\":{\"@type\":\"PropertyValueSpecification\",\"valueRequired\":true,\"valueName\":\"search_term_string\"}}],\"inLanguage\":\"es\"},{\"@type\":\"Organization\",\"@id\":\"https:\/\/noticiasya.com\/#organization\",\"name\":\"Noticias\",\"url\":\"https:\/\/noticiasya.com\/\",\"logo\":{\"@type\":\"ImageObject\",\"inLanguage\":\"es\",\"@id\":\"https:\/\/noticiasya.com\/#\/schema\/logo\/image\/\",\"url\":\"https:\/\/noticiasya.com\/wp-content\/uploads\/sites\/22\/2023\/12\/logo-nacional.png\",\"contentUrl\":\"https:\/\/noticiasya.com\/wp-content\/uploads\/sites\/22\/2023\/12\/logo-nacional.png\",\"width\":1801,\"height\":691,\"caption\":\"Noticias\"},\"image\":{\"@id\":\"https:\/\/noticiasya.com\/#\/schema\/logo\/image\/\"}}]}<\/script>\n<!-- \/ Yoast SEO plugin. -->","yoast_head_json":{"title":"Lluvias dejan a m\u00e1s de 25.000 familias damnificadas en el departamento de Choc\u00f3, Colombia - Noticias","robots":{"index":"index","follow":"follow","max-snippet":"max-snippet:-1","max-image-preview":"max-image-preview:large","max-video-preview":"max-video-preview:-1"},"canonical":"https:\/\/noticiasya.com\/2024\/11\/09\/lluvias-choco-colombia-25000-familias-damnificadas-orix\/","og_locale":"es_ES","og_type":"article","og_title":"Lluvias dejan a m\u00e1s de 25.000 familias damnificadas en el departamento de Choc\u00f3, Colombia - Noticias","og_description":"(CNN Espa\u00f1ol) &#8212; Las fuertes lluvias que este fin de semana han ca\u00eddo en el departamento de Choc\u00f3, al oeste de Colombia, han dejado damnificadas al menos a 25.355 familias, inform\u00f3 este s\u00e1bado la Unidad Nacional para la Gesti\u00f3n del Riesgo de Desastres (UNGRD) en su cuenta de X. El organismo dijo que las precipitaciones [&hellip;]","og_url":"https:\/\/noticiasya.com\/2024\/11\/09\/lluvias-choco-colombia-25000-familias-damnificadas-orix\/","og_site_name":"Noticias","article_published_time":"2024-11-10T05:03:38+00:00","twitter_card":"summary_large_image","twitter_misc":{"Est. reading time":"1 minuto"},"schema":{"@context":"https:\/\/schema.org","@graph":[{"@type":"Article","@id":"https:\/\/noticiasya.com\/2024\/11\/09\/lluvias-choco-colombia-25000-familias-damnificadas-orix\/#article","isPartOf":{"@id":"https:\/\/noticiasya.com\/2024\/11\/09\/lluvias-choco-colombia-25000-familias-damnificadas-orix\/"},"author":{"name":"","@id":""},"headline":"Lluvias dejan a m\u00e1s de 25.000 familias damnificadas en el departamento de Choc\u00f3, Colombia","datePublished":"2024-11-10T05:03:38+00:00","mainEntityOfPage":{"@id":"https:\/\/noticiasya.com\/2024\/11\/09\/lluvias-choco-colombia-25000-familias-damnificadas-orix\/"},"wordCount":290,"commentCount":0,"publisher":{"@id":"https:\/\/noticiasya.com\/#organization"},"articleSection":["Noticias Nacionales"],"inLanguage":"es","potentialAction":[{"@type":"CommentAction","name":"Comment","target":["https:\/\/noticiasya.com\/2024\/11\/09\/lluvias-choco-colombia-25000-familias-damnificadas-orix\/#respond"]}]},{"@type":"WebPage","@id":"https:\/\/noticiasya.com\/2024\/11\/09\/lluvias-choco-colombia-25000-familias-damnificadas-orix\/","url":"https:\/\/noticiasya.com\/2024\/11\/09\/lluvias-choco-colombia-25000-familias-damnificadas-orix\/","name":"Lluvias dejan a m\u00e1s de 25.000 familias damnificadas en el departamento de Choc\u00f3, Colombia - Noticias","isPartOf":{"@id":"https:\/\/noticiasya.com\/#website"},"datePublished":"2024-11-10T05:03:38+00:00","breadcrumb":{"@id":"https:\/\/noticiasya.com\/2024\/11\/09\/lluvias-choco-colombia-25000-familias-damnificadas-orix\/#breadcrumb"},"inLanguage":"es","potentialAction":[{"@type":"ReadAction","target":["https:\/\/noticiasya.com\/2024\/11\/09\/lluvias-choco-colombia-25000-familias-damnificadas-orix\/"]}]},{"@type":"BreadcrumbList","@id":"https:\/\/noticiasya.com\/2024\/11\/09\/lluvias-choco-colombia-25000-familias-damnificadas-orix\/#breadcrumb","itemListElement":[{"@type":"ListItem","position":1,"name":"Home","item":"https:\/\/noticiasya.com\/"},{"@type":"ListItem","position":2,"name":"Lluvias dejan a m\u00e1s de 25.000 familias damnificadas en el departamento de Choc\u00f3, Colombia"}]},{"@type":"WebSite","@id":"https:\/\/noticiasya.com\/#website","url":"https:\/\/noticiasya.com\/","name":"Noticias","description":"Lo que importa","publisher":{"@id":"https:\/\/noticiasya.com\/#organization"},"potentialAction":[{"@type":"SearchAction","target":{"@type":"EntryPoint","urlTemplate":"https:\/\/noticiasya.com\/?s={search_term_string}"},"query-input":{"@type":"PropertyValueSpecification","valueRequired":true,"valueName":"search_term_string"}}],"inLanguage":"es"},{"@type":"Organization","@id":"https:\/\/noticiasya.com\/#organization","name":"Noticias","url":"https:\/\/noticiasya.com\/","logo":{"@type":"ImageObject","inLanguage":"es","@id":"https:\/\/noticiasya.com\/#\/schema\/logo\/image\/","url":"https:\/\/noticiasya.com\/wp-content\/uploads\/sites\/22\/2023\/12\/logo-nacional.png","contentUrl":"https:\/\/noticiasya.com\/wp-content\/uploads\/sites\/22\/2023\/12\/logo-nacional.png","width":1801,"height":691,"caption":"Noticias"},"image":{"@id":"https:\/\/noticiasya.com\/#\/schema\/logo\/image\/"}}]}},"parsely":{"version":"1.1.0","canonical_url":"https:\/\/noticiasya.com\/midland-odessa\/2024\/11\/09\/lluvias-choco-colombia-25000-familias-damnificadas-orix\/","smart_links":{"inbound":0,"outbound":0},"traffic_boost_suggestions_count":0,"meta":{"@context":"https:\/\/schema.org","@type":"NewsArticle","headline":"Lluvias dejan a m\u00e1s de 25.000 familias damnificadas en el departamento de Choc\u00f3, Colombia","url":"http:\/\/noticiasya.com\/midland-odessa\/2024\/11\/09\/lluvias-choco-colombia-25000-familias-damnificadas-orix\/","mainEntityOfPage":{"@type":"WebPage","@id":"http:\/\/noticiasya.com\/midland-odessa\/2024\/11\/09\/lluvias-choco-colombia-25000-familias-damnificadas-orix\/"},"thumbnailUrl":"","image":{"@type":"ImageObject","url":""},"articleSection":"Noticias Nacionales","author":[],"creator":[],"publisher":{"@type":"Organization","name":"Noticias","logo":""},"keywords":[],"dateCreated":"2024-11-10T05:03:38Z","datePublished":"2024-11-10T05:03:38Z","dateModified":"2024-11-10T05:03:38Z"},"rendered":"<script type=\"application\/ld+json\" class=\"wp-parsely-metadata\">{\"@context\":\"https:\\\/\\\/schema.org\",\"@type\":\"NewsArticle\",\"headline\":\"Lluvias dejan a m\\u00e1s de 25.000 familias damnificadas en el departamento de Choc\\u00f3, Colombia\",\"url\":\"http:\\\/\\\/noticiasya.com\\\/midland-odessa\\\/2024\\\/11\\\/09\\\/lluvias-choco-colombia-25000-familias-damnificadas-orix\\\/\",\"mainEntityOfPage\":{\"@type\":\"WebPage\",\"@id\":\"http:\\\/\\\/noticiasya.com\\\/midland-odessa\\\/2024\\\/11\\\/09\\\/lluvias-choco-colombia-25000-familias-damnificadas-orix\\\/\"},\"thumbnailUrl\":\"\",\"image\":{\"@type\":\"ImageObject\",\"url\":\"\"},\"articleSection\":\"Noticias Nacionales\",\"author\":[],\"creator\":[],\"publisher\":{\"@type\":\"Organization\",\"name\":\"Noticias\",\"logo\":\"\"},\"keywords\":[],\"dateCreated\":\"2024-11-10T05:03:38Z\",\"datePublished\":\"2024-11-10T05:03:38Z\",\"dateModified\":\"2024-11-10T05:03:38Z\"}<\/script>","tracker_url":"https:\/\/cdn.parsely.com\/keys\/noticiasya.com\/p.js"},"jetpack_featured_media_url":"","jetpack-related-posts":[{"id":1462147,"url":"https:\/\/noticiasya.com\/midland-odessa\/2025\/05\/08\/personas-mueren-deslizamiento-tierra-sabaneta-orix\/","url_meta":{"origin":1455710,"position":0},"title":"Al menos siete personas mueren por un deslizamiento de tierra en Sabaneta, Colombia","author":"","date":"mayo 8, 2025","format":false,"excerpt":"Al menos siete personas murieron este jueves debido a un deslizamiento de tierra causado por las fuertes lluvias que cayeron en el municipio de Sabaneta, departamento de Antioquia \u2014noroeste de Colombia\u2014, inform\u00f3 el gobernador Andr\u00e9s Rend\u00f3n en su cuenta de X.Rend\u00f3n expres\u00f3 sus condolencias a las familias de las v\u00edctimas\u2026","rel":"","context":"In &quot;Noticias Nacionales&quot;","block_context":{"text":"Noticias Nacionales","link":"https:\/\/noticiasya.com\/midland-odessa\/categoria\/noticias-nacionales"},"img":{"alt_text":"","src":"","width":0,"height":0},"classes":[]},{"id":1456339,"url":"https:\/\/noticiasya.com\/midland-odessa\/2024\/12\/06\/heridos-menores-desaparecidos-deslave-cauca-orix\/","url_meta":{"origin":1455710,"position":1},"title":"13 heridos y 3 menores desaparecidos tras un deslave en el departamento del Cauca, Colombia","author":"","date":"diciembre 6, 2024","format":false,"excerpt":"Un deslave en el Ca\u00f1\u00f3n del Micay, en el municipio El Tambo, del Departamento colombiano del Cauca, suroeste del pa\u00eds, dej\u00f3 un saldo de 13 personas heridas y tres menores de edad desaparecidos, inform\u00f3 este viernes el jefe de la Oficina de Gesti\u00f3n del Riesgo de Desastres de la gobernaci\u00f3n\u2026","rel":"","context":"In &quot;Noticias Nacionales&quot;","block_context":{"text":"Noticias Nacionales","link":"https:\/\/noticiasya.com\/midland-odessa\/categoria\/noticias-nacionales"},"img":{"alt_text":"","src":"","width":0,"height":0},"classes":[]},{"id":1464036,"url":"https:\/\/noticiasya.com\/midland-odessa\/2025\/06\/28\/muertos-y-desaparecidos-deslave-bello-colombia-orix\/","url_meta":{"origin":1455710,"position":2},"title":"Al menos 16 muertos y ocho desaparecidos tras deslave en Bello, Colombia","author":"","date":"junio 28, 2025","format":false,"excerpt":"El deslave provocado por las fuertes lluvias en Bello, departamento de Antioquia, Colombia, ha dejado hasta este s\u00e1bado al menos 16 muertos y 8 desaparecidos, seg\u00fan el reporte difundido por Defensa Civil de Colombia en su cuenta de X.El deslizamiento de tierra, ocurrido este martes, sepult\u00f3 a varias casas en\u2026","rel":"","context":"In &quot;Noticias Nacionales&quot;","block_context":{"text":"Noticias Nacionales","link":"https:\/\/noticiasya.com\/midland-odessa\/categoria\/noticias-nacionales"},"img":{"alt_text":"","src":"","width":0,"height":0},"classes":[]},{"id":1444619,"url":"https:\/\/noticiasya.com\/midland-odessa\/2024\/01\/29\/diez-incendios-permanecen-activos-en-colombia-informan-las-autoridades\/","url_meta":{"origin":1455710,"position":3},"title":"Diez\u00a0incendios\u00a0permanecen\u00a0activos\u00a0en Colombia, informan las autoridades","author":"","date":"enero 29, 2024","format":false,"excerpt":"(CNN en Espa\u00f1ol) -- Las autoridades de Colombia anunciaron este lunes que 10 incendios permanecen activos en su territorio. Los departamentos m\u00e1s afectados son Boyac\u00e1 y Antioqu\u00eda, seg\u00fan inform\u00f3 en una rueda de prensa la Unidad Nacional para la Gesti\u00f3n del Riesgo de Desastres (UNGRD).La informaci\u00f3n se conoce un d\u00eda\u00a0despu\u00e9s\u00a0de\u00a0que\u00a0el\u00a0gobierno\u00a0del\u2026","rel":"","context":"In &quot;Noticias Nacionales&quot;","block_context":{"text":"Noticias Nacionales","link":"https:\/\/noticiasya.com\/midland-odessa\/categoria\/noticias-nacionales"},"img":{"alt_text":"","src":"","width":0,"height":0},"classes":[]},{"id":1452346,"url":"https:\/\/noticiasya.com\/midland-odessa\/2024\/09\/02\/ecuador-incencios-12-activos-orix\/","url_meta":{"origin":1455710,"position":4},"title":"Ecuador lucha contra 12 incendios activos que han consumido m\u00e1s de 4.800 hect\u00e1reas","author":"","date":"septiembre 2, 2024","format":false,"excerpt":"(CNN Espa\u00f1ol) -- Al menos ocho provincias en Ecuador est\u00e1n afectadas por incendios forestales que comenzaron el 23 de agosto y que han consumido m\u00e1s de 4.800 hect\u00e1reas, inform\u00f3 la Secretar\u00eda Nacional de Gesti\u00f3n de Riesgos.Hay 12 incendios activos en las provincias de Chimborazo, Tungurahua, Carchi, Loja, Azuay, Imbabura y\u2026","rel":"","context":"In &quot;Noticias Nacionales&quot;","block_context":{"text":"Noticias Nacionales","link":"https:\/\/noticiasya.com\/midland-odessa\/categoria\/noticias-nacionales"},"img":{"alt_text":"","src":"","width":0,"height":0},"classes":[]},{"id":1456258,"url":"https:\/\/noticiasya.com\/midland-odessa\/2024\/12\/04\/ministro-hacienda-colombia-renuncia-escandalo-corrupcion-orix\/","url_meta":{"origin":1455710,"position":5},"title":"El ministro de Hacienda de Colombia renuncia en medio de esc\u00e1ndalo por presunta corrupci\u00f3n","author":"","date":"diciembre 4, 2024","format":false,"excerpt":"El ministro de Hacienda de Colombia, Ricardo Bonilla, renunci\u00f3 al cargo este mi\u00e9rcoles en medio de las investigaciones de la Fiscal\u00eda General de Colombia y de la Corte Suprema de Justicia por el esc\u00e1ndalo de presunta corrupci\u00f3n en la Unidad Nacional para la Gesti\u00f3n del Riesgo de Desastres (UNGRD).En una\u2026","rel":"","context":"In &quot;Noticias Nacionales&quot;","block_context":{"text":"Noticias Nacionales","link":"https:\/\/noticiasya.com\/midland-odessa\/categoria\/noticias-nacionales"},"img":{"alt_text":"","src":"","width":0,"height":0},"classes":[]}],"jetpack_sharing_enabled":true,"_links":{"self":[{"href":"https:\/\/noticiasya.com\/midland-odessa\/wp-json\/wp\/v2\/posts\/1455710","targetHints":{"allow":["GET"]}}],"collection":[{"href":"https:\/\/noticiasya.com\/midland-odessa\/wp-json\/wp\/v2\/posts"}],"about":[{"href":"https:\/\/noticiasya.com\/midland-odessa\/wp-json\/wp\/v2\/types\/post"}],"replies":[{"embeddable":true,"href":"https:\/\/noticiasya.com\/midland-odessa\/wp-json\/wp\/v2\/comments?post=1455710"}],"version-history":[{"count":0,"href":"https:\/\/noticiasya.com\/midland-odessa\/wp-json\/wp\/v2\/posts\/1455710\/revisions"}],"wp:attachment":[{"href":"https:\/\/noticiasya.com\/midland-odessa\/wp-json\/wp\/v2\/media?parent=1455710"}],"wp:term":[{"taxonomy":"category","embeddable":true,"href":"https:\/\/noticiasya.com\/midland-odessa\/wp-json\/wp\/v2\/categories?post=1455710"},{"taxonomy":"post_tag","embeddable":true,"href":"https:\/\/noticiasya.com\/midland-odessa\/wp-json\/wp\/v2\/tags?post=1455710"}],"curies":[{"name":"wp","href":"https:\/\/api.w.org\/{rel}","templated":true}]}}