{"id":1468895,"date":"2025-12-02T13:03:50","date_gmt":"2025-12-02T21:03:50","guid":{"rendered":"https:\/\/noticiasya.com\/2025\/12\/02\/navidad-christina-aguilera-mariah-carey-orix\/"},"modified":"2025-12-02T13:03:50","modified_gmt":"2025-12-02T21:03:50","slug":"navidad-christina-aguilera-mariah-carey-orix","status":"publish","type":"post","link":"https:\/\/noticiasya.com\/midland-odessa\/2025\/12\/02\/navidad-christina-aguilera-mariah-carey-orix\/","title":{"rendered":"La Navidad alcanza nuevos decibeles: Christina Aguilera llega a territorio de Mariah Carey"},"content":{"rendered":"<p>Al D\u00eda de Acci\u00f3n de Gracias y su posterior cacer\u00eda de ofertas navide\u00f1as \u2014el conocido <em>Black Friday, <\/em>que incluso Latinoam\u00e9rica ha adoptado\u2014 se suma una tradici\u00f3n menos comentada, pero igual de importante a nivel comercial: la invasi\u00f3n de m\u00fasica navide\u00f1a, donde Mariah Carey sigue siendo la l\u00edder en ventas y reproducciones con \u201cAll I Want For Christmas Is You\u201d.<\/p>\n<p>Frente a la supremac\u00eda de ese cl\u00e1sico moderno, este a\u00f1o se est\u00e1 posicionando otro himno de temporada y en voz de otra grande como lo es Christina Aguilera, con la canci\u00f3n \u201cMy Favorite Things\u201d.<\/p>\n<p>El primero es un tema original de 1994, coescrito por Carey y en cuyo t\u00edtulo ya aparece la palabra \u2018navidad\u2019. Y la segunda es una canci\u00f3n compuesta en 1959 por el legendario d\u00fao Rodgers y Hammerstein para la obra musical \u201cThe Sound of Music\u201d, y que se hizo a\u00fan m\u00e1s popular en 1965 con su versi\u00f3n cinematogr\u00e1fica, protagonizada por Julie Andrews, y que en Am\u00e9rica Latina se conoci\u00f3 como \u201cLa Novicia Rebelde\u201d.<\/p>\n<p>T\u00e9cnicamente hablando \u201cMy Favorite Things\u201d no es un tema navide\u00f1o, pero siempre se ha vinculado al ambiente invernal festivo por lo que describe su letra. Adem\u00e1s, con el paso del tiempo, una infinidad de artistas lo ha grabado e incluido en compilaciones de villancicos.<\/p>\n<p>Algo similar ocurri\u00f3 con \u201cLast Christmas\u201d (1984), de la agrupaci\u00f3n Wham! y que fue concebida como una canci\u00f3n sobre una ruptura amorosa, solo que ocurre en plena \u00e9poca navide\u00f1a. \u00a1Qu\u00e9 mal rato!<\/p>\n<p>Precisamente, mientras escribo este art\u00edculo, en mis aud\u00edfonos suena esa canci\u00f3n, parte de mi <em>playlist <\/em>navide\u00f1a. Una lista que en estos d\u00edas suelo actualizar religiosamente. Se trata de una selecci\u00f3n ecl\u00e9ctica, porque aunque puede arrancar con un \u201cLet It Snow! Let It Snow! Let It Snow!\u201d (1945), en la voz de Dean Martin, el sistema aleatorio me lleva luego al mismo tema, pero en la versi\u00f3n m\u00e1s contempor\u00e1nea de Jessica Simpson.<\/p>\n<p>Tambi\u00e9n suenan cl\u00e1sicos en espa\u00f1ol, como el \u201cFeliz Navidad\u201d de Jos\u00e9 Feliciano, el cual ya cumple 55 a\u00f1os de publicado. De la misma \u00e9poca suena en la <em>playlist<\/em> \u201cEl Burrito Sabanero\u201d, en una versi\u00f3n de Elvis Crespo, alejada del estilo original que impuso el int\u00e9rprete venezolano Sim\u00f3n D\u00edaz cuando la grab\u00f3 por primera vez en 1975.<\/p>\n<p>La m\u00e1s reciente adici\u00f3n a esa lista de canciones navide\u00f1as es precisamente \u201cMy Favorite Things\u201d, de Aguilera. La canci\u00f3n es parte de la celebraci\u00f3n de los 25 a\u00f1os del primer \u00e1lbum navide\u00f1o de la artista (\u201cMy Kind of Christmas\u201d), cuyos temas grab\u00f3 recientemente frente a las c\u00e1maras, en un concierto en Par\u00eds, con la torre Eiffel de fondo y a\u00f1adiendo el anteriormente mencionado, que no aparece en el \u00e1lbum del a\u00f1o 2000 pero que acaba de ser lanzado como sencillo y que ya est\u00e1 siendo monitoreado por Spotify.<\/p>\n<p>\u201cVeinticinco a\u00f1os de canciones, de historias, de conectar\u201d, comenta Aguilera en el adelanto de esta producci\u00f3n, que a mediados de diciembre y por dos d\u00edas llegar\u00e1 a las salas de cine en Estados Unidos. \u201cEsta pel\u00edcula es una celebraci\u00f3n. La Navidad en Par\u00eds tiene una magia en s\u00ed misma. Hay algo muy po\u00e9tico en celebrar este logro en una ciudad que se siente como una verdadera inspiraci\u00f3n\u201d, agrega la cantante.<\/p>\n<p>Sin embargo, y entrando en clasificaciones, la reina absoluta de la temporada, a\u00f1o tras a\u00f1o, ha sido Mariah Carey. Por estos d\u00edas, la revista Billboard publica y publicita su listado \u201cHoliday 100\u201d, donde registra el movimiento de la m\u00fasica navide\u00f1a.<\/p>\n<p>Seg\u00fan esta lista, con fecha de la \u00faltima semana de noviembre, \u201cAll I Want For Christmas Is You\u201d se mantiene en la primera posici\u00f3n. Su debut fue en diciembre de 2011, ocupando la cima durante 66 semanas, de un total de 74 en las que se ha publicado este listado. Para registrar los movimientos de estas canciones, Billboard mide su radiodifusi\u00f3n, ventas y descargas en <em>streaming<\/em>.<\/p>\n<p>Durante esta \u00e9poca, \u201cAll I Want For Christmas Is You\u201d tiene adem\u00e1s la particularidad de hacer el salto a la influyente lista \u201cHot 100\u201d, de las canciones m\u00e1s populares de la semana en Estados Unidos, sin importar su g\u00e9nero. Y, sin llegar a\u00fan a diciembre, este cl\u00e1sico contempor\u00e1neo ya ocupa all\u00ed la octava posici\u00f3n y seguramente \u2014mientras estemos de fiesta\u2014 desbancar\u00e1 a la l\u00edder actual, Taylor Swift, con \u201cThe Fate Of Ophelia\u201d.<\/p>\n<p>En Spotify, Mariah tambi\u00e9n comienza a aparecer en los listados. \u201cAll I Want\u2026\u201d es n\u00famero 10 en \u201cTop Songs-USA\u201d y la octava en \u201cTop 50-Global\u201d. Hasta el momento, ha tenido miles de millones de reproducciones. Para ser exactos, 2.270.097.121 veces (registradas este d\u00eda de Acci\u00f3n de Gracias).<\/p>\n<p>\u201cNunca llegu\u00e9 a pensar: \u2018\u00a1Dios m\u00edo! por el resto de la vida la vamos a estar cantando\u2019\u201d, <a href=\"https:\/\/cnnespanol.cnn.com\/video\/mariah-carey-da-bienvenida-reina-de-la-navidad-all-i-want-for-christmas-is-you-concierto-spotify-showbiz\">recordaba Mariah hace cuatro a\u00f1os<\/a>, en una entrevista donde me contaba c\u00f3mo naci\u00f3 tan popular melod\u00eda en un peque\u00f1o teclado que ten\u00eda en su casa.<\/p>\n<p>Quiz\u00e1 el duelo Christina vs. Mariah no tenga cabida en una \u00e9poca que se supone es sin\u00f3nimo de paz y esperanza, pero la versi\u00f3n de \u201cMy Favorite Things\u201d de la primera, lo tiene todo para convertirse en un nuevo cl\u00e1sico, como ya le ocurri\u00f3 a la segunda.<\/p>\n<p>The-CNN-Wire<br \/>&trade; &amp; &copy; 2025 Cable News Network, Inc., a Warner Bros. Discovery Company. All rights reserved.<\/p>\n","protected":false},"excerpt":{"rendered":"<p>Al D\u00eda de Acci\u00f3n de Gracias y su posterior cacer\u00eda de ofertas navide\u00f1as \u2014el conocido Black Friday, que incluso Latinoam\u00e9rica ha adoptado\u2014 se suma una tradici\u00f3n menos comentada, pero igual de importante a nivel comercial: la invasi\u00f3n de m\u00fasica navide\u00f1a, donde Mariah Carey sigue siendo la l\u00edder en ventas y reproducciones con \u201cAll I Want [&hellip;]<\/p>\n","protected":false},"author":0,"featured_media":0,"comment_status":"open","ping_status":"open","sticky":false,"template":"","format":"standard","meta":{"_jetpack_memberships_contains_paid_content":false,"footnotes":""},"categories":[10],"tags":[],"class_list":["post-1468895","post","type-post","status-publish","format-standard","hentry","category-noticias-nacionales","market-global"],"yoast_head":"<!-- This site is optimized with the Yoast SEO plugin v24.4 - https:\/\/yoast.com\/wordpress\/plugins\/seo\/ -->\n<title>La Navidad alcanza nuevos decibeles: Christina Aguilera llega a territorio de Mariah Carey - Noticias<\/title>\n<meta name=\"robots\" content=\"index, follow, max-snippet:-1, max-image-preview:large, max-video-preview:-1\" \/>\n<link rel=\"canonical\" href=\"https:\/\/noticiasya.com\/2025\/12\/02\/navidad-christina-aguilera-mariah-carey-orix\/\" \/>\n<meta property=\"og:locale\" content=\"es_ES\" \/>\n<meta property=\"og:type\" content=\"article\" \/>\n<meta property=\"og:title\" content=\"La Navidad alcanza nuevos decibeles: Christina Aguilera llega a territorio de Mariah Carey - Noticias\" \/>\n<meta property=\"og:description\" content=\"Al D\u00eda de Acci\u00f3n de Gracias y su posterior cacer\u00eda de ofertas navide\u00f1as \u2014el conocido Black Friday, que incluso Latinoam\u00e9rica ha adoptado\u2014 se suma una tradici\u00f3n menos comentada, pero igual de importante a nivel comercial: la invasi\u00f3n de m\u00fasica navide\u00f1a, donde Mariah Carey sigue siendo la l\u00edder en ventas y reproducciones con \u201cAll I Want [&hellip;]\" \/>\n<meta property=\"og:url\" content=\"https:\/\/noticiasya.com\/2025\/12\/02\/navidad-christina-aguilera-mariah-carey-orix\/\" \/>\n<meta property=\"og:site_name\" content=\"Noticias\" \/>\n<meta property=\"article:published_time\" content=\"2025-12-02T21:03:50+00:00\" \/>\n<meta name=\"twitter:card\" content=\"summary_large_image\" \/>\n<meta name=\"twitter:label1\" content=\"Est. reading time\" \/>\n\t<meta name=\"twitter:data1\" content=\"5 minutos\" \/>\n<script type=\"application\/ld+json\" class=\"yoast-schema-graph\">{\"@context\":\"https:\/\/schema.org\",\"@graph\":[{\"@type\":\"Article\",\"@id\":\"https:\/\/noticiasya.com\/2025\/12\/02\/navidad-christina-aguilera-mariah-carey-orix\/#article\",\"isPartOf\":{\"@id\":\"https:\/\/noticiasya.com\/2025\/12\/02\/navidad-christina-aguilera-mariah-carey-orix\/\"},\"author\":{\"name\":\"\",\"@id\":\"\"},\"headline\":\"La Navidad alcanza nuevos decibeles: Christina Aguilera llega a territorio de Mariah Carey\",\"datePublished\":\"2025-12-02T21:03:50+00:00\",\"mainEntityOfPage\":{\"@id\":\"https:\/\/noticiasya.com\/2025\/12\/02\/navidad-christina-aguilera-mariah-carey-orix\/\"},\"wordCount\":947,\"commentCount\":0,\"publisher\":{\"@id\":\"https:\/\/noticiasya.com\/#organization\"},\"articleSection\":[\"Noticias Nacionales\"],\"inLanguage\":\"es\",\"potentialAction\":[{\"@type\":\"CommentAction\",\"name\":\"Comment\",\"target\":[\"https:\/\/noticiasya.com\/2025\/12\/02\/navidad-christina-aguilera-mariah-carey-orix\/#respond\"]}]},{\"@type\":\"WebPage\",\"@id\":\"https:\/\/noticiasya.com\/2025\/12\/02\/navidad-christina-aguilera-mariah-carey-orix\/\",\"url\":\"https:\/\/noticiasya.com\/2025\/12\/02\/navidad-christina-aguilera-mariah-carey-orix\/\",\"name\":\"La Navidad alcanza nuevos decibeles: Christina Aguilera llega a territorio de Mariah Carey - Noticias\",\"isPartOf\":{\"@id\":\"https:\/\/noticiasya.com\/#website\"},\"datePublished\":\"2025-12-02T21:03:50+00:00\",\"breadcrumb\":{\"@id\":\"https:\/\/noticiasya.com\/2025\/12\/02\/navidad-christina-aguilera-mariah-carey-orix\/#breadcrumb\"},\"inLanguage\":\"es\",\"potentialAction\":[{\"@type\":\"ReadAction\",\"target\":[\"https:\/\/noticiasya.com\/2025\/12\/02\/navidad-christina-aguilera-mariah-carey-orix\/\"]}]},{\"@type\":\"BreadcrumbList\",\"@id\":\"https:\/\/noticiasya.com\/2025\/12\/02\/navidad-christina-aguilera-mariah-carey-orix\/#breadcrumb\",\"itemListElement\":[{\"@type\":\"ListItem\",\"position\":1,\"name\":\"Home\",\"item\":\"https:\/\/noticiasya.com\/\"},{\"@type\":\"ListItem\",\"position\":2,\"name\":\"La Navidad alcanza nuevos decibeles: Christina Aguilera llega a territorio de Mariah Carey\"}]},{\"@type\":\"WebSite\",\"@id\":\"https:\/\/noticiasya.com\/#website\",\"url\":\"https:\/\/noticiasya.com\/\",\"name\":\"Noticias\",\"description\":\"Lo que importa\",\"publisher\":{\"@id\":\"https:\/\/noticiasya.com\/#organization\"},\"potentialAction\":[{\"@type\":\"SearchAction\",\"target\":{\"@type\":\"EntryPoint\",\"urlTemplate\":\"https:\/\/noticiasya.com\/?s={search_term_string}\"},\"query-input\":{\"@type\":\"PropertyValueSpecification\",\"valueRequired\":true,\"valueName\":\"search_term_string\"}}],\"inLanguage\":\"es\"},{\"@type\":\"Organization\",\"@id\":\"https:\/\/noticiasya.com\/#organization\",\"name\":\"Noticias\",\"url\":\"https:\/\/noticiasya.com\/\",\"logo\":{\"@type\":\"ImageObject\",\"inLanguage\":\"es\",\"@id\":\"https:\/\/noticiasya.com\/#\/schema\/logo\/image\/\",\"url\":\"https:\/\/noticiasya.com\/wp-content\/uploads\/sites\/22\/2023\/12\/logo-nacional.png\",\"contentUrl\":\"https:\/\/noticiasya.com\/wp-content\/uploads\/sites\/22\/2023\/12\/logo-nacional.png\",\"width\":1801,\"height\":691,\"caption\":\"Noticias\"},\"image\":{\"@id\":\"https:\/\/noticiasya.com\/#\/schema\/logo\/image\/\"}}]}<\/script>\n<!-- \/ Yoast SEO plugin. -->","yoast_head_json":{"title":"La Navidad alcanza nuevos decibeles: Christina Aguilera llega a territorio de Mariah Carey - Noticias","robots":{"index":"index","follow":"follow","max-snippet":"max-snippet:-1","max-image-preview":"max-image-preview:large","max-video-preview":"max-video-preview:-1"},"canonical":"https:\/\/noticiasya.com\/2025\/12\/02\/navidad-christina-aguilera-mariah-carey-orix\/","og_locale":"es_ES","og_type":"article","og_title":"La Navidad alcanza nuevos decibeles: Christina Aguilera llega a territorio de Mariah Carey - Noticias","og_description":"Al D\u00eda de Acci\u00f3n de Gracias y su posterior cacer\u00eda de ofertas navide\u00f1as \u2014el conocido Black Friday, que incluso Latinoam\u00e9rica ha adoptado\u2014 se suma una tradici\u00f3n menos comentada, pero igual de importante a nivel comercial: la invasi\u00f3n de m\u00fasica navide\u00f1a, donde Mariah Carey sigue siendo la l\u00edder en ventas y reproducciones con \u201cAll I Want [&hellip;]","og_url":"https:\/\/noticiasya.com\/2025\/12\/02\/navidad-christina-aguilera-mariah-carey-orix\/","og_site_name":"Noticias","article_published_time":"2025-12-02T21:03:50+00:00","twitter_card":"summary_large_image","twitter_misc":{"Est. reading time":"5 minutos"},"schema":{"@context":"https:\/\/schema.org","@graph":[{"@type":"Article","@id":"https:\/\/noticiasya.com\/2025\/12\/02\/navidad-christina-aguilera-mariah-carey-orix\/#article","isPartOf":{"@id":"https:\/\/noticiasya.com\/2025\/12\/02\/navidad-christina-aguilera-mariah-carey-orix\/"},"author":{"name":"","@id":""},"headline":"La Navidad alcanza nuevos decibeles: Christina Aguilera llega a territorio de Mariah Carey","datePublished":"2025-12-02T21:03:50+00:00","mainEntityOfPage":{"@id":"https:\/\/noticiasya.com\/2025\/12\/02\/navidad-christina-aguilera-mariah-carey-orix\/"},"wordCount":947,"commentCount":0,"publisher":{"@id":"https:\/\/noticiasya.com\/#organization"},"articleSection":["Noticias Nacionales"],"inLanguage":"es","potentialAction":[{"@type":"CommentAction","name":"Comment","target":["https:\/\/noticiasya.com\/2025\/12\/02\/navidad-christina-aguilera-mariah-carey-orix\/#respond"]}]},{"@type":"WebPage","@id":"https:\/\/noticiasya.com\/2025\/12\/02\/navidad-christina-aguilera-mariah-carey-orix\/","url":"https:\/\/noticiasya.com\/2025\/12\/02\/navidad-christina-aguilera-mariah-carey-orix\/","name":"La Navidad alcanza nuevos decibeles: Christina Aguilera llega a territorio de Mariah Carey - Noticias","isPartOf":{"@id":"https:\/\/noticiasya.com\/#website"},"datePublished":"2025-12-02T21:03:50+00:00","breadcrumb":{"@id":"https:\/\/noticiasya.com\/2025\/12\/02\/navidad-christina-aguilera-mariah-carey-orix\/#breadcrumb"},"inLanguage":"es","potentialAction":[{"@type":"ReadAction","target":["https:\/\/noticiasya.com\/2025\/12\/02\/navidad-christina-aguilera-mariah-carey-orix\/"]}]},{"@type":"BreadcrumbList","@id":"https:\/\/noticiasya.com\/2025\/12\/02\/navidad-christina-aguilera-mariah-carey-orix\/#breadcrumb","itemListElement":[{"@type":"ListItem","position":1,"name":"Home","item":"https:\/\/noticiasya.com\/"},{"@type":"ListItem","position":2,"name":"La Navidad alcanza nuevos decibeles: Christina Aguilera llega a territorio de Mariah Carey"}]},{"@type":"WebSite","@id":"https:\/\/noticiasya.com\/#website","url":"https:\/\/noticiasya.com\/","name":"Noticias","description":"Lo que importa","publisher":{"@id":"https:\/\/noticiasya.com\/#organization"},"potentialAction":[{"@type":"SearchAction","target":{"@type":"EntryPoint","urlTemplate":"https:\/\/noticiasya.com\/?s={search_term_string}"},"query-input":{"@type":"PropertyValueSpecification","valueRequired":true,"valueName":"search_term_string"}}],"inLanguage":"es"},{"@type":"Organization","@id":"https:\/\/noticiasya.com\/#organization","name":"Noticias","url":"https:\/\/noticiasya.com\/","logo":{"@type":"ImageObject","inLanguage":"es","@id":"https:\/\/noticiasya.com\/#\/schema\/logo\/image\/","url":"https:\/\/noticiasya.com\/wp-content\/uploads\/sites\/22\/2023\/12\/logo-nacional.png","contentUrl":"https:\/\/noticiasya.com\/wp-content\/uploads\/sites\/22\/2023\/12\/logo-nacional.png","width":1801,"height":691,"caption":"Noticias"},"image":{"@id":"https:\/\/noticiasya.com\/#\/schema\/logo\/image\/"}}]}},"parsely":{"version":"1.1.0","canonical_url":"https:\/\/noticiasya.com\/midland-odessa\/2025\/12\/02\/navidad-christina-aguilera-mariah-carey-orix\/","smart_links":{"inbound":0,"outbound":0},"traffic_boost_suggestions_count":0,"meta":{"@context":"https:\/\/schema.org","@type":"NewsArticle","headline":"La Navidad alcanza nuevos decibeles: Christina Aguilera llega a territorio de Mariah Carey","url":"http:\/\/noticiasya.com\/midland-odessa\/2025\/12\/02\/navidad-christina-aguilera-mariah-carey-orix\/","mainEntityOfPage":{"@type":"WebPage","@id":"http:\/\/noticiasya.com\/midland-odessa\/2025\/12\/02\/navidad-christina-aguilera-mariah-carey-orix\/"},"thumbnailUrl":"","image":{"@type":"ImageObject","url":""},"articleSection":"Noticias Nacionales","author":[],"creator":[],"publisher":{"@type":"Organization","name":"Noticias","logo":""},"keywords":[],"dateCreated":"2025-12-02T21:03:50Z","datePublished":"2025-12-02T21:03:50Z","dateModified":"2025-12-02T21:03:50Z"},"rendered":"<script type=\"application\/ld+json\" class=\"wp-parsely-metadata\">{\"@context\":\"https:\\\/\\\/schema.org\",\"@type\":\"NewsArticle\",\"headline\":\"La Navidad alcanza nuevos decibeles: Christina Aguilera llega a territorio de Mariah Carey\",\"url\":\"http:\\\/\\\/noticiasya.com\\\/midland-odessa\\\/2025\\\/12\\\/02\\\/navidad-christina-aguilera-mariah-carey-orix\\\/\",\"mainEntityOfPage\":{\"@type\":\"WebPage\",\"@id\":\"http:\\\/\\\/noticiasya.com\\\/midland-odessa\\\/2025\\\/12\\\/02\\\/navidad-christina-aguilera-mariah-carey-orix\\\/\"},\"thumbnailUrl\":\"\",\"image\":{\"@type\":\"ImageObject\",\"url\":\"\"},\"articleSection\":\"Noticias Nacionales\",\"author\":[],\"creator\":[],\"publisher\":{\"@type\":\"Organization\",\"name\":\"Noticias\",\"logo\":\"\"},\"keywords\":[],\"dateCreated\":\"2025-12-02T21:03:50Z\",\"datePublished\":\"2025-12-02T21:03:50Z\",\"dateModified\":\"2025-12-02T21:03:50Z\"}<\/script>","tracker_url":"https:\/\/cdn.parsely.com\/keys\/noticiasya.com\/p.js"},"jetpack_featured_media_url":"","jetpack-related-posts":[{"id":1456894,"url":"https:\/\/noticiasya.com\/midland-odessa\/2024\/12\/23\/como-ver-partidos-navidenos-nfl-beyonce-mariah-carey-trax\/","url_meta":{"origin":1468895,"position":0},"title":"C\u00f3mo ver los partidos navide\u00f1os de la NFL (y, por supuesto, el espect\u00e1culo de medio tiempo de Beyonc\u00e9)","author":"","date":"diciembre 23, 2024","format":false,"excerpt":"En estas festividades la NFL nos regala una actuaci\u00f3n de Beyonc\u00e9 en Navidad.La cantante de \u201cTexas Hold \u2018Em\u201d encabezar\u00e1 el espect\u00e1culo de medio tiempo del partido Baltimore Ravens-Houston Texans el 25 de diciembre, despu\u00e9s de que los Kansas City Chiefs se enfrenten a los Pittsburgh Steelers m\u00e1s temprano ese d\u00eda.\u2026","rel":"","context":"In &quot;Noticias Nacionales&quot;","block_context":{"text":"Noticias Nacionales","link":"https:\/\/noticiasya.com\/midland-odessa\/categoria\/noticias-nacionales"},"img":{"alt_text":"","src":"","width":0,"height":0},"classes":[]},{"id":1452192,"url":"https:\/\/noticiasya.com\/midland-odessa\/2024\/08\/26\/mariah-carey-lamenta-muerte-madre-hermana-fallecieron-mismo-dia-trax\/","url_meta":{"origin":1468895,"position":1},"title":"Mariah Carey lamenta la muerte de su madre y su hermana, que fallecieron &#171;el mismo d\u00eda&#187;","author":"","date":"agosto 26, 2024","format":false,"excerpt":"(CNN) -- Mariah Carey est\u00e1 de luto por la reciente muerte de su madre y su hermana, quienes, seg\u00fan la cantante, murieron \u201cel mismo d\u00eda\u201d.\u201cMe parte el coraz\u00f3n haber perdido a mi madre el pasado fin de semana. Lamentablemente, en un tr\u00e1gico giro de los acontecimientos, mi hermana perdi\u00f3 la\u2026","rel":"","context":"In &quot;Noticias Nacionales&quot;","block_context":{"text":"Noticias Nacionales","link":"https:\/\/noticiasya.com\/midland-odessa\/categoria\/noticias-nacionales"},"img":{"alt_text":"","src":"","width":0,"height":0},"classes":[]},{"id":1465271,"url":"https:\/\/noticiasya.com\/midland-odessa\/2025\/08\/08\/mariah-carey-vuelo-espacial-katy-perry-trax\/","url_meta":{"origin":1468895,"position":2},"title":"La respuesta muy tard\u00eda de Mariah Carey al vuelo espacial de Katy Perry es tranquila, serena y muy Mariah","author":"","date":"agosto 8, 2025","format":false,"excerpt":"Parecer\u00eda que Mariah Carey est\u00e1 un poco distra\u00edda, ya que la diva extraordinaria se perdi\u00f3 algunas noticias bastante importantes recientemente en los mundos tanto de la cultura pop como de la ciencia.Durante una nueva entrevista para el programa \u201cScott Mills Breakfast Show\u201d de BBC Radio, le preguntaron a Carey si\u2026","rel":"","context":"In &quot;Noticias Nacionales&quot;","block_context":{"text":"Noticias Nacionales","link":"https:\/\/noticiasya.com\/midland-odessa\/categoria\/noticias-nacionales"},"img":{"alt_text":"","src":"","width":0,"height":0},"classes":[]},{"id":1468915,"url":"https:\/\/noticiasya.com\/midland-odessa\/2025\/12\/03\/5-cosas-3-diciembre-orix\/","url_meta":{"origin":1468895,"position":3},"title":"Las 5 cosas que debes saber este 3 de diciembre: ataques en el Caribe, Juan Orlando Hern\u00e1ndez y alcaldesa de Nueva Orleans","author":"","date":"diciembre 3, 2025","format":false,"excerpt":"Juan Orlando Hern\u00e1ndez, libre tras el indulto de Trump. EE.UU. suspende solicitudes de inmigraci\u00f3n para personas de 19 pa\u00edses, incluidos Venezuela y Cuba. Los covers de Dua Lipa. Esto es lo que debes saber para comenzar el d\u00eda. Primero la verdad.Suscr\u00edbete aqu\u00ed para recibir el newsletter cada ma\u00f1ana en tu\u2026","rel":"","context":"In &quot;Noticias Nacionales&quot;","block_context":{"text":"Noticias Nacionales","link":"https:\/\/noticiasya.com\/midland-odessa\/categoria\/noticias-nacionales"},"img":{"alt_text":"","src":"","width":0,"height":0},"classes":[]},{"id":1466230,"url":"https:\/\/noticiasya.com\/midland-odessa\/2025\/09\/07\/premios-mtv-vma-2025-artistas-horario-ver-vivo-tv-internet-orix\/","url_meta":{"origin":1468895,"position":4},"title":"Premios MTV VMA 2025: artistas, horario y c\u00f3mo ver la gala en vivo por TV e internet","author":"","date":"septiembre 7, 2025","format":false,"excerpt":"Los premios MTV Video Music Awards de 2025 se entregar\u00e1n este domingo en una gala que tendr\u00e1 lugar en el UBS Arena de Nueva York, con el actor y rapero LL Cool J como animador.La artista con m\u00e1s nominaciones este a\u00f1o es Lady Gaga, con 12 postulaciones, en los que\u2026","rel":"","context":"In &quot;Noticias Nacionales&quot;","block_context":{"text":"Noticias Nacionales","link":"https:\/\/noticiasya.com\/midland-odessa\/categoria\/noticias-nacionales"},"img":{"alt_text":"","src":"","width":0,"height":0},"classes":[]},{"id":1469533,"url":"https:\/\/noticiasya.com\/midland-odessa\/2025\/12\/24\/5-cosas-24-diciembre-orix\/","url_meta":{"origin":1468895,"position":5},"title":"Las 5 cosas que debes saber este 24 de diciembre: ley de Venezuela, archivos de Epstein, Chicago y Navidad","author":"","date":"diciembre 24, 2025","format":false,"excerpt":"El Departamento de Justicia publica nuevo lote de archivos de Epstein. La Corte Suprema bloquea el despliegue de la Guardia Nacional en Chicago. Lo que los votantes dicen que quieren para Navidad. Esto es lo que debes saber para comenzar el d\u00eda. Primero la verdad.Suscr\u00edbete aqu\u00ed para recibir el newsletter\u2026","rel":"","context":"In &quot;Noticias Nacionales&quot;","block_context":{"text":"Noticias Nacionales","link":"https:\/\/noticiasya.com\/midland-odessa\/categoria\/noticias-nacionales"},"img":{"alt_text":"","src":"","width":0,"height":0},"classes":[]}],"jetpack_sharing_enabled":true,"_links":{"self":[{"href":"https:\/\/noticiasya.com\/midland-odessa\/wp-json\/wp\/v2\/posts\/1468895","targetHints":{"allow":["GET"]}}],"collection":[{"href":"https:\/\/noticiasya.com\/midland-odessa\/wp-json\/wp\/v2\/posts"}],"about":[{"href":"https:\/\/noticiasya.com\/midland-odessa\/wp-json\/wp\/v2\/types\/post"}],"replies":[{"embeddable":true,"href":"https:\/\/noticiasya.com\/midland-odessa\/wp-json\/wp\/v2\/comments?post=1468895"}],"version-history":[{"count":0,"href":"https:\/\/noticiasya.com\/midland-odessa\/wp-json\/wp\/v2\/posts\/1468895\/revisions"}],"wp:attachment":[{"href":"https:\/\/noticiasya.com\/midland-odessa\/wp-json\/wp\/v2\/media?parent=1468895"}],"wp:term":[{"taxonomy":"category","embeddable":true,"href":"https:\/\/noticiasya.com\/midland-odessa\/wp-json\/wp\/v2\/categories?post=1468895"},{"taxonomy":"post_tag","embeddable":true,"href":"https:\/\/noticiasya.com\/midland-odessa\/wp-json\/wp\/v2\/tags?post=1468895"}],"curies":[{"name":"wp","href":"https:\/\/api.w.org\/{rel}","templated":true}]}}