{"id":1468899,"date":"2025-12-02T14:03:41","date_gmt":"2025-12-02T22:03:41","guid":{"rendered":"https:\/\/noticiasya.com\/2025\/12\/02\/mundial-2026-distancias-cabezas-serie-orix\/"},"modified":"2025-12-02T14:03:41","modified_gmt":"2025-12-02T22:03:41","slug":"mundial-2026-distancias-cabezas-serie-orix","status":"publish","type":"post","link":"https:\/\/noticiasya.com\/midland-odessa\/2025\/12\/02\/mundial-2026-distancias-cabezas-serie-orix\/","title":{"rendered":"El recorrido de los cabezas de serie del Mundial 2026: \u00bfqui\u00e9n viajar\u00e1 m\u00e1s? \u00bfM\u00e9xico, Canad\u00e1 o EE.UU.?"},"content":{"rendered":"<p>El primer Mundial de f\u00fatbol de 48 selecciones tendr\u00e1 varias particularidades. Una de ellas es que, al jugarse en tres pa\u00edses, varias selecciones tendr\u00e1n que recorrer largas extensiones de terreno, y otras, en cambio, tendr\u00e1n calendarios y sedes m\u00e1s cercanas y favorables a la hora de armar la log\u00edstica del torneo.<\/p>\n<p>En el caso de los tres cabezas de serie que ya saben su posici\u00f3n en las llaves, M\u00e9xico (Grupo A), Canad\u00e1 (Grupo B) y Estados Unidos (Grupo D), los recorridos a realizar no son demasiado distintos el uno del otro.<\/p>\n<p>M\u00e9xico jugar\u00e1 en el Estadio Azteca su primer y tercer partido de la fase de grupos, debiendo ir en el medio de ellos a Guadalajara. El viaje es de 602 kil\u00f3metros, por lo que la ida y la vuelta le representan 1.204 kil\u00f3metros en total.<\/p>\n<p>A Canad\u00e1 le tocar\u00e1 el peor recorrido de las tres anfitrionas. Abre su primer juego en Toronto, para luego desplazarse a la costa oeste, donde jugar\u00e1 sus dos partidos restantes en Vancouver. El viaje total es de 4.343 kil\u00f3metros.<\/p>\n<p>Un poco m\u00e1s favorable ser\u00e1 el recorrido para Estados Unidos, que alternar\u00e1 en la fase de grupos entre Los \u00c1ngeles y Seattle. Los de Mauricio Pochettino abren en Los \u00c1ngeles para luego subir al norte, en Seattle, y volver a LA, en un recorrido total de 3.652 kil\u00f3metros de ida y vuelta.<\/p>\n<p>No est\u00e1 del todo claro el panorama para las dem\u00e1s selecciones cabeza de serie. La FIFA anunci\u00f3 este lunes que reci\u00e9n el s\u00e1bado quedar\u00e1n confirmadas las sedes (junto con los horarios) de los 104 partidos. El ente mundial del f\u00fatbol dijo que buscar\u00e1 \u201cgarantizar las mejores condiciones posibles para todos los equipos y espectadores, y, cuando sea posible, permitir que los aficionados de todo el mundo vean a sus selecciones jugar en vivo en las diferentes zonas horarias\u201d.<\/p>\n<p>Un primer bosquejo del calendario publicado por la FIFA permite aventurar que el eventual cabeza de serie del grupo F no saldr\u00eda de Texas. Jugar\u00eda sus tres partidos entre Dallas y Houston, el primero y el \u00faltimo en el estadio de los Cowboys, y el del medio en el de los Texans. As\u00ed, tendr\u00eda que viajar solamente 786 kil\u00f3metros de ida y vuelta dentro del mismo estado.<\/p>\n<p>Sin embargo, el recorrido m\u00e1s c\u00f3modo seg\u00fan este boceto lo tendr\u00eda el primer preclasificado del Grupo I, que jugar\u00eda sus dos primeros partidos en Nueva York\/Nueva Jersey y el \u00faltimo en Boston. Un recorrido corto, de solamente 349 kil\u00f3metros de ida.<\/p>\n<p>La peor suerte le corresponder\u00eda al cabeza de serie que vaya al Grupo C. Ese jugar\u00eda por toda la costa Este, empezando en Boston, bajando luego a Filadelfia y terminando en Miami. Un viaje total de 2.428 kil\u00f3metros entre las tres ciudades.<\/p>\n<p>Sin embargo, hay que esperar al s\u00e1bado para conocer el calendario completo y confirmado por la FIFA.<\/p>\n<p>The-CNN-Wire<br \/>&trade; &amp; &copy; 2025 Cable News Network, Inc., a Warner Bros. Discovery Company. All rights reserved.<\/p>\n","protected":false},"excerpt":{"rendered":"<p>El primer Mundial de f\u00fatbol de 48 selecciones tendr\u00e1 varias particularidades. Una de ellas es que, al jugarse en tres pa\u00edses, varias selecciones tendr\u00e1n que recorrer largas extensiones de terreno, y otras, en cambio, tendr\u00e1n calendarios y sedes m\u00e1s cercanas y favorables a la hora de armar la log\u00edstica del torneo. En el caso de [&hellip;]<\/p>\n","protected":false},"author":0,"featured_media":0,"comment_status":"open","ping_status":"open","sticky":false,"template":"","format":"standard","meta":{"_jetpack_memberships_contains_paid_content":false,"footnotes":""},"categories":[10],"tags":[],"class_list":["post-1468899","post","type-post","status-publish","format-standard","hentry","category-noticias-nacionales","market-global"],"yoast_head":"<!-- This site is optimized with the Yoast SEO plugin v24.4 - https:\/\/yoast.com\/wordpress\/plugins\/seo\/ -->\n<title>El recorrido de los cabezas de serie del Mundial 2026: \u00bfqui\u00e9n viajar\u00e1 m\u00e1s? \u00bfM\u00e9xico, Canad\u00e1 o EE.UU.? - Noticias<\/title>\n<meta name=\"robots\" content=\"index, follow, max-snippet:-1, max-image-preview:large, max-video-preview:-1\" \/>\n<link rel=\"canonical\" href=\"https:\/\/noticiasya.com\/2025\/12\/02\/mundial-2026-distancias-cabezas-serie-orix\/\" \/>\n<meta property=\"og:locale\" content=\"es_ES\" \/>\n<meta property=\"og:type\" content=\"article\" \/>\n<meta property=\"og:title\" content=\"El recorrido de los cabezas de serie del Mundial 2026: \u00bfqui\u00e9n viajar\u00e1 m\u00e1s? \u00bfM\u00e9xico, Canad\u00e1 o EE.UU.? - Noticias\" \/>\n<meta property=\"og:description\" content=\"El primer Mundial de f\u00fatbol de 48 selecciones tendr\u00e1 varias particularidades. Una de ellas es que, al jugarse en tres pa\u00edses, varias selecciones tendr\u00e1n que recorrer largas extensiones de terreno, y otras, en cambio, tendr\u00e1n calendarios y sedes m\u00e1s cercanas y favorables a la hora de armar la log\u00edstica del torneo. En el caso de [&hellip;]\" \/>\n<meta property=\"og:url\" content=\"https:\/\/noticiasya.com\/2025\/12\/02\/mundial-2026-distancias-cabezas-serie-orix\/\" \/>\n<meta property=\"og:site_name\" content=\"Noticias\" \/>\n<meta property=\"article:published_time\" content=\"2025-12-02T22:03:41+00:00\" \/>\n<meta name=\"twitter:card\" content=\"summary_large_image\" \/>\n<meta name=\"twitter:label1\" content=\"Est. reading time\" \/>\n\t<meta name=\"twitter:data1\" content=\"3 minutos\" \/>\n<script type=\"application\/ld+json\" class=\"yoast-schema-graph\">{\"@context\":\"https:\/\/schema.org\",\"@graph\":[{\"@type\":\"Article\",\"@id\":\"https:\/\/noticiasya.com\/2025\/12\/02\/mundial-2026-distancias-cabezas-serie-orix\/#article\",\"isPartOf\":{\"@id\":\"https:\/\/noticiasya.com\/2025\/12\/02\/mundial-2026-distancias-cabezas-serie-orix\/\"},\"author\":{\"name\":\"\",\"@id\":\"\"},\"headline\":\"El recorrido de los cabezas de serie del Mundial 2026: \u00bfqui\u00e9n viajar\u00e1 m\u00e1s? \u00bfM\u00e9xico, Canad\u00e1 o EE.UU.?\",\"datePublished\":\"2025-12-02T22:03:41+00:00\",\"mainEntityOfPage\":{\"@id\":\"https:\/\/noticiasya.com\/2025\/12\/02\/mundial-2026-distancias-cabezas-serie-orix\/\"},\"wordCount\":533,\"commentCount\":0,\"publisher\":{\"@id\":\"https:\/\/noticiasya.com\/#organization\"},\"articleSection\":[\"Noticias Nacionales\"],\"inLanguage\":\"es\",\"potentialAction\":[{\"@type\":\"CommentAction\",\"name\":\"Comment\",\"target\":[\"https:\/\/noticiasya.com\/2025\/12\/02\/mundial-2026-distancias-cabezas-serie-orix\/#respond\"]}]},{\"@type\":\"WebPage\",\"@id\":\"https:\/\/noticiasya.com\/2025\/12\/02\/mundial-2026-distancias-cabezas-serie-orix\/\",\"url\":\"https:\/\/noticiasya.com\/2025\/12\/02\/mundial-2026-distancias-cabezas-serie-orix\/\",\"name\":\"El recorrido de los cabezas de serie del Mundial 2026: \u00bfqui\u00e9n viajar\u00e1 m\u00e1s? \u00bfM\u00e9xico, Canad\u00e1 o EE.UU.? - Noticias\",\"isPartOf\":{\"@id\":\"https:\/\/noticiasya.com\/#website\"},\"datePublished\":\"2025-12-02T22:03:41+00:00\",\"breadcrumb\":{\"@id\":\"https:\/\/noticiasya.com\/2025\/12\/02\/mundial-2026-distancias-cabezas-serie-orix\/#breadcrumb\"},\"inLanguage\":\"es\",\"potentialAction\":[{\"@type\":\"ReadAction\",\"target\":[\"https:\/\/noticiasya.com\/2025\/12\/02\/mundial-2026-distancias-cabezas-serie-orix\/\"]}]},{\"@type\":\"BreadcrumbList\",\"@id\":\"https:\/\/noticiasya.com\/2025\/12\/02\/mundial-2026-distancias-cabezas-serie-orix\/#breadcrumb\",\"itemListElement\":[{\"@type\":\"ListItem\",\"position\":1,\"name\":\"Home\",\"item\":\"https:\/\/noticiasya.com\/\"},{\"@type\":\"ListItem\",\"position\":2,\"name\":\"El recorrido de los cabezas de serie del Mundial 2026: \u00bfqui\u00e9n viajar\u00e1 m\u00e1s? \u00bfM\u00e9xico, Canad\u00e1 o EE.UU.?\"}]},{\"@type\":\"WebSite\",\"@id\":\"https:\/\/noticiasya.com\/#website\",\"url\":\"https:\/\/noticiasya.com\/\",\"name\":\"Noticias\",\"description\":\"Lo que importa\",\"publisher\":{\"@id\":\"https:\/\/noticiasya.com\/#organization\"},\"potentialAction\":[{\"@type\":\"SearchAction\",\"target\":{\"@type\":\"EntryPoint\",\"urlTemplate\":\"https:\/\/noticiasya.com\/?s={search_term_string}\"},\"query-input\":{\"@type\":\"PropertyValueSpecification\",\"valueRequired\":true,\"valueName\":\"search_term_string\"}}],\"inLanguage\":\"es\"},{\"@type\":\"Organization\",\"@id\":\"https:\/\/noticiasya.com\/#organization\",\"name\":\"Noticias\",\"url\":\"https:\/\/noticiasya.com\/\",\"logo\":{\"@type\":\"ImageObject\",\"inLanguage\":\"es\",\"@id\":\"https:\/\/noticiasya.com\/#\/schema\/logo\/image\/\",\"url\":\"https:\/\/noticiasya.com\/wp-content\/uploads\/sites\/22\/2023\/12\/logo-nacional.png\",\"contentUrl\":\"https:\/\/noticiasya.com\/wp-content\/uploads\/sites\/22\/2023\/12\/logo-nacional.png\",\"width\":1801,\"height\":691,\"caption\":\"Noticias\"},\"image\":{\"@id\":\"https:\/\/noticiasya.com\/#\/schema\/logo\/image\/\"}}]}<\/script>\n<!-- \/ Yoast SEO plugin. -->","yoast_head_json":{"title":"El recorrido de los cabezas de serie del Mundial 2026: \u00bfqui\u00e9n viajar\u00e1 m\u00e1s? \u00bfM\u00e9xico, Canad\u00e1 o EE.UU.? - Noticias","robots":{"index":"index","follow":"follow","max-snippet":"max-snippet:-1","max-image-preview":"max-image-preview:large","max-video-preview":"max-video-preview:-1"},"canonical":"https:\/\/noticiasya.com\/2025\/12\/02\/mundial-2026-distancias-cabezas-serie-orix\/","og_locale":"es_ES","og_type":"article","og_title":"El recorrido de los cabezas de serie del Mundial 2026: \u00bfqui\u00e9n viajar\u00e1 m\u00e1s? \u00bfM\u00e9xico, Canad\u00e1 o EE.UU.? - Noticias","og_description":"El primer Mundial de f\u00fatbol de 48 selecciones tendr\u00e1 varias particularidades. Una de ellas es que, al jugarse en tres pa\u00edses, varias selecciones tendr\u00e1n que recorrer largas extensiones de terreno, y otras, en cambio, tendr\u00e1n calendarios y sedes m\u00e1s cercanas y favorables a la hora de armar la log\u00edstica del torneo. En el caso de [&hellip;]","og_url":"https:\/\/noticiasya.com\/2025\/12\/02\/mundial-2026-distancias-cabezas-serie-orix\/","og_site_name":"Noticias","article_published_time":"2025-12-02T22:03:41+00:00","twitter_card":"summary_large_image","twitter_misc":{"Est. reading time":"3 minutos"},"schema":{"@context":"https:\/\/schema.org","@graph":[{"@type":"Article","@id":"https:\/\/noticiasya.com\/2025\/12\/02\/mundial-2026-distancias-cabezas-serie-orix\/#article","isPartOf":{"@id":"https:\/\/noticiasya.com\/2025\/12\/02\/mundial-2026-distancias-cabezas-serie-orix\/"},"author":{"name":"","@id":""},"headline":"El recorrido de los cabezas de serie del Mundial 2026: \u00bfqui\u00e9n viajar\u00e1 m\u00e1s? \u00bfM\u00e9xico, Canad\u00e1 o EE.UU.?","datePublished":"2025-12-02T22:03:41+00:00","mainEntityOfPage":{"@id":"https:\/\/noticiasya.com\/2025\/12\/02\/mundial-2026-distancias-cabezas-serie-orix\/"},"wordCount":533,"commentCount":0,"publisher":{"@id":"https:\/\/noticiasya.com\/#organization"},"articleSection":["Noticias Nacionales"],"inLanguage":"es","potentialAction":[{"@type":"CommentAction","name":"Comment","target":["https:\/\/noticiasya.com\/2025\/12\/02\/mundial-2026-distancias-cabezas-serie-orix\/#respond"]}]},{"@type":"WebPage","@id":"https:\/\/noticiasya.com\/2025\/12\/02\/mundial-2026-distancias-cabezas-serie-orix\/","url":"https:\/\/noticiasya.com\/2025\/12\/02\/mundial-2026-distancias-cabezas-serie-orix\/","name":"El recorrido de los cabezas de serie del Mundial 2026: \u00bfqui\u00e9n viajar\u00e1 m\u00e1s? \u00bfM\u00e9xico, Canad\u00e1 o EE.UU.? - Noticias","isPartOf":{"@id":"https:\/\/noticiasya.com\/#website"},"datePublished":"2025-12-02T22:03:41+00:00","breadcrumb":{"@id":"https:\/\/noticiasya.com\/2025\/12\/02\/mundial-2026-distancias-cabezas-serie-orix\/#breadcrumb"},"inLanguage":"es","potentialAction":[{"@type":"ReadAction","target":["https:\/\/noticiasya.com\/2025\/12\/02\/mundial-2026-distancias-cabezas-serie-orix\/"]}]},{"@type":"BreadcrumbList","@id":"https:\/\/noticiasya.com\/2025\/12\/02\/mundial-2026-distancias-cabezas-serie-orix\/#breadcrumb","itemListElement":[{"@type":"ListItem","position":1,"name":"Home","item":"https:\/\/noticiasya.com\/"},{"@type":"ListItem","position":2,"name":"El recorrido de los cabezas de serie del Mundial 2026: \u00bfqui\u00e9n viajar\u00e1 m\u00e1s? \u00bfM\u00e9xico, Canad\u00e1 o EE.UU.?"}]},{"@type":"WebSite","@id":"https:\/\/noticiasya.com\/#website","url":"https:\/\/noticiasya.com\/","name":"Noticias","description":"Lo que importa","publisher":{"@id":"https:\/\/noticiasya.com\/#organization"},"potentialAction":[{"@type":"SearchAction","target":{"@type":"EntryPoint","urlTemplate":"https:\/\/noticiasya.com\/?s={search_term_string}"},"query-input":{"@type":"PropertyValueSpecification","valueRequired":true,"valueName":"search_term_string"}}],"inLanguage":"es"},{"@type":"Organization","@id":"https:\/\/noticiasya.com\/#organization","name":"Noticias","url":"https:\/\/noticiasya.com\/","logo":{"@type":"ImageObject","inLanguage":"es","@id":"https:\/\/noticiasya.com\/#\/schema\/logo\/image\/","url":"https:\/\/noticiasya.com\/wp-content\/uploads\/sites\/22\/2023\/12\/logo-nacional.png","contentUrl":"https:\/\/noticiasya.com\/wp-content\/uploads\/sites\/22\/2023\/12\/logo-nacional.png","width":1801,"height":691,"caption":"Noticias"},"image":{"@id":"https:\/\/noticiasya.com\/#\/schema\/logo\/image\/"}}]}},"parsely":{"version":"1.1.0","canonical_url":"https:\/\/noticiasya.com\/midland-odessa\/2025\/12\/02\/mundial-2026-distancias-cabezas-serie-orix\/","smart_links":{"inbound":0,"outbound":0},"traffic_boost_suggestions_count":0,"meta":{"@context":"https:\/\/schema.org","@type":"NewsArticle","headline":"El recorrido de los cabezas de serie del Mundial 2026: \u00bfqui\u00e9n viajar\u00e1 m\u00e1s? \u00bfM\u00e9xico, Canad\u00e1 o EE.UU.?","url":"http:\/\/noticiasya.com\/midland-odessa\/2025\/12\/02\/mundial-2026-distancias-cabezas-serie-orix\/","mainEntityOfPage":{"@type":"WebPage","@id":"http:\/\/noticiasya.com\/midland-odessa\/2025\/12\/02\/mundial-2026-distancias-cabezas-serie-orix\/"},"thumbnailUrl":"","image":{"@type":"ImageObject","url":""},"articleSection":"Noticias Nacionales","author":[],"creator":[],"publisher":{"@type":"Organization","name":"Noticias","logo":""},"keywords":[],"dateCreated":"2025-12-02T22:03:41Z","datePublished":"2025-12-02T22:03:41Z","dateModified":"2025-12-02T22:03:41Z"},"rendered":"<script type=\"application\/ld+json\" class=\"wp-parsely-metadata\">{\"@context\":\"https:\\\/\\\/schema.org\",\"@type\":\"NewsArticle\",\"headline\":\"El recorrido de los cabezas de serie del Mundial 2026: \\u00bfqui\\u00e9n viajar\\u00e1 m\\u00e1s? \\u00bfM\\u00e9xico, Canad\\u00e1 o EE.UU.?\",\"url\":\"http:\\\/\\\/noticiasya.com\\\/midland-odessa\\\/2025\\\/12\\\/02\\\/mundial-2026-distancias-cabezas-serie-orix\\\/\",\"mainEntityOfPage\":{\"@type\":\"WebPage\",\"@id\":\"http:\\\/\\\/noticiasya.com\\\/midland-odessa\\\/2025\\\/12\\\/02\\\/mundial-2026-distancias-cabezas-serie-orix\\\/\"},\"thumbnailUrl\":\"\",\"image\":{\"@type\":\"ImageObject\",\"url\":\"\"},\"articleSection\":\"Noticias Nacionales\",\"author\":[],\"creator\":[],\"publisher\":{\"@type\":\"Organization\",\"name\":\"Noticias\",\"logo\":\"\"},\"keywords\":[],\"dateCreated\":\"2025-12-02T22:03:41Z\",\"datePublished\":\"2025-12-02T22:03:41Z\",\"dateModified\":\"2025-12-02T22:03:41Z\"}<\/script>","tracker_url":"https:\/\/cdn.parsely.com\/keys\/noticiasya.com\/p.js"},"jetpack_featured_media_url":"","jetpack-related-posts":[{"id":1468958,"url":"https:\/\/noticiasya.com\/midland-odessa\/2025\/12\/04\/sorteo-grupos-mundial-2026-bombos-orix\/","url_meta":{"origin":1468899,"position":0},"title":"Sorteo de los grupos del Mundial 2026: bombos, fecha, a qu\u00e9 hora, formato y c\u00f3mo ver por TV e internet","author":"","date":"diciembre 4, 2025","format":false,"excerpt":"La Copa Mundial de la FIFA 2026 est\u00e1 a la vuelta de la esquina. El sorteo del 5 de diciembre y el calendario que se publicar\u00e1 un d\u00eda despu\u00e9s marcar\u00e1n el inicio oficial de la cuenta regresiva para la competencia que recibir\u00e1n Canad\u00e1, Estados Unidos y M\u00e9xico el pr\u00f3ximo a\u00f1o.Hay\u2026","rel":"","context":"In &quot;Noticias Nacionales&quot;","block_context":{"text":"Noticias Nacionales","link":"https:\/\/noticiasya.com\/midland-odessa\/categoria\/noticias-nacionales"},"img":{"alt_text":"","src":"","width":0,"height":0},"classes":[]},{"id":1468705,"url":"https:\/\/noticiasya.com\/midland-odessa\/2025\/11\/25\/mundial-2026-sorteo-bombos-procedimiento-orix\/","url_meta":{"origin":1468899,"position":1},"title":"Mundial 2026: la FIFA dio a conocer c\u00f3mo ser\u00e1 el sorteo del 5 de diciembre, con novedades para M\u00e9xico, Argentina y Espa\u00f1a","author":"","date":"noviembre 25, 2025","format":false,"excerpt":"A 10 d\u00edas de conocer el cuadro del pr\u00f3ximo Mundial de la FIFA, la casa madre del f\u00fatbol mundial public\u00f3 el procedimiento que se llevar\u00e1 a cabo el pr\u00f3ximo 5 de diciembre, cuando se efect\u00fae el sorteo de la Copa Mundial 2026.Hay 42 selecciones ya confirmadas y otras seis que\u2026","rel":"","context":"In &quot;Noticias Nacionales&quot;","block_context":{"text":"Noticias Nacionales","link":"https:\/\/noticiasya.com\/midland-odessa\/categoria\/noticias-nacionales"},"img":{"alt_text":"","src":"","width":0,"height":0},"classes":[]},{"id":1468524,"url":"https:\/\/noticiasya.com\/midland-odessa\/2025\/11\/19\/mundial-2026-bombos-sorteo-repechaje-orix\/","url_meta":{"origin":1468899,"position":2},"title":"Mundial 2026: as\u00ed quedaron los bombos para el sorteo del 5 de diciembre, seg\u00fan el ranking FIFA","author":"","date":"noviembre 19, 2025","format":false,"excerpt":"El 5 de diciembre es una fecha que 42 pa\u00edses tienen ya marcada a fuego. Ese d\u00eda, en Suiza, la FIFA realizar\u00e1 el esperado sorteo del Mundial 2026, quedando definido el camino para casi todos los participantes del m\u00e1ximo evento futbol\u00edstico del a\u00f1o.Si bien a\u00fan hay que esperar poco m\u00e1s\u2026","rel":"","context":"In &quot;Noticias Nacionales&quot;","block_context":{"text":"Noticias Nacionales","link":"https:\/\/noticiasya.com\/midland-odessa\/categoria\/noticias-nacionales"},"img":{"alt_text":"","src":"","width":0,"height":0},"classes":[]},{"id":1465741,"url":"https:\/\/noticiasya.com\/midland-odessa\/2025\/08\/21\/americup-2025-guia-basquetbol-america-orix\/","url_meta":{"origin":1468899,"position":3},"title":"Comienza la AmeriCup 2025: gu\u00eda del torneo m\u00e1s importante del a\u00f1o para el b\u00e1squetbol de Am\u00e9rica","author":"","date":"agosto 21, 2025","format":false,"excerpt":"Desde este viernes Nicaragua es sede del torneo de selecciones m\u00e1s importante del b\u00e1squetbol de Am\u00e9rica: la AmeriCup, organizada por la FIBA, la federaci\u00f3n internacional de este deporte.Ser\u00e1 la vig\u00e9sima edici\u00f3n de esta competencia, que en a\u00f1os anteriores tambi\u00e9n se conoci\u00f3 como el Campeonato FIBA Am\u00e9ricas. Ser\u00e1n 10 d\u00edas a\u2026","rel":"","context":"In &quot;Noticias Nacionales&quot;","block_context":{"text":"Noticias Nacionales","link":"https:\/\/noticiasya.com\/midland-odessa\/categoria\/noticias-nacionales"},"img":{"alt_text":"","src":"","width":0,"height":0},"classes":[]},{"id":1469457,"url":"https:\/\/noticiasya.com\/midland-odessa\/2025\/12\/20\/historia-tres-paises-sedes-mundial-2026-orix\/","url_meta":{"origin":1468899,"position":4},"title":"Un poco de historia sobre M\u00e9xico, EE.UU. y Canad\u00e1, los tres pa\u00edses sedes del Mundial 2026","author":"","date":"diciembre 20, 2025","format":false,"excerpt":"Si bien a\u00fan no ha rodado el bal\u00f3n en el Mundial 2026, s\u00ed comenz\u00f3 el camino mundialista luego que se conoci\u00f3 el destino \u2014grupos, horarios y sedes\u2014 de las 48 selecciones que a partir del 11 de junio buscar\u00e1n llevarse toda la gloria alzando el m\u00e1s codiciado de los premios\u2026","rel":"","context":"In &quot;Noticias Nacionales&quot;","block_context":{"text":"Noticias Nacionales","link":"https:\/\/noticiasya.com\/midland-odessa\/categoria\/noticias-nacionales"},"img":{"alt_text":"","src":"","width":0,"height":0},"classes":[]},{"id":1469002,"url":"https:\/\/noticiasya.com\/midland-odessa\/2025\/12\/05\/grupos-mundial-fifa-2026-orix\/","url_meta":{"origin":1468899,"position":5},"title":"As\u00ed son los grupos del Mundial 2026: pa\u00edses, partidos y fechas","author":"","date":"diciembre 5, 2025","format":false,"excerpt":"El Mundial 2026 se comienza a definir con el sorteo de los grupos, que se definen entre las 42 selecciones ya clasificadas y los seis cupos que se completar\u00e1n con los repechajes (intercontinental y de la UEFA) a trav\u00e9s de cuatro bombos de 12 equipos cada uno.Las cabezas de grupo\u2026","rel":"","context":"In &quot;Noticias Nacionales&quot;","block_context":{"text":"Noticias Nacionales","link":"https:\/\/noticiasya.com\/midland-odessa\/categoria\/noticias-nacionales"},"img":{"alt_text":"","src":"","width":0,"height":0},"classes":[]}],"jetpack_sharing_enabled":true,"_links":{"self":[{"href":"https:\/\/noticiasya.com\/midland-odessa\/wp-json\/wp\/v2\/posts\/1468899","targetHints":{"allow":["GET"]}}],"collection":[{"href":"https:\/\/noticiasya.com\/midland-odessa\/wp-json\/wp\/v2\/posts"}],"about":[{"href":"https:\/\/noticiasya.com\/midland-odessa\/wp-json\/wp\/v2\/types\/post"}],"replies":[{"embeddable":true,"href":"https:\/\/noticiasya.com\/midland-odessa\/wp-json\/wp\/v2\/comments?post=1468899"}],"version-history":[{"count":0,"href":"https:\/\/noticiasya.com\/midland-odessa\/wp-json\/wp\/v2\/posts\/1468899\/revisions"}],"wp:attachment":[{"href":"https:\/\/noticiasya.com\/midland-odessa\/wp-json\/wp\/v2\/media?parent=1468899"}],"wp:term":[{"taxonomy":"category","embeddable":true,"href":"https:\/\/noticiasya.com\/midland-odessa\/wp-json\/wp\/v2\/categories?post=1468899"},{"taxonomy":"post_tag","embeddable":true,"href":"https:\/\/noticiasya.com\/midland-odessa\/wp-json\/wp\/v2\/tags?post=1468899"}],"curies":[{"name":"wp","href":"https:\/\/api.w.org\/{rel}","templated":true}]}}