{"id":1468900,"date":"2025-12-02T15:03:56","date_gmt":"2025-12-02T23:03:56","guid":{"rendered":"https:\/\/noticiasya.com\/2025\/12\/02\/dos-ninos-mueren-dron-israeli-gaza-trax\/"},"modified":"2025-12-02T15:03:56","modified_gmt":"2025-12-02T23:03:56","slug":"dos-ninos-mueren-dron-israeli-gaza-trax","status":"publish","type":"post","link":"https:\/\/noticiasya.com\/midland-odessa\/2025\/12\/02\/dos-ninos-mueren-dron-israeli-gaza-trax\/","title":{"rendered":"Dos ni\u00f1os murieron por un ataque de dron israel\u00ed mientras recolectaban le\u00f1a para su padre"},"content":{"rendered":"<p>La ma\u00f1ana del s\u00e1bado se transform\u00f3 en una tragedia para Tamer Abu Assi, un padre en silla de ruedas que preparaba el desayuno para sus hijos, Fadi de 8 y Jumaa de 10. Les encomend\u00f3 una tarea, salir a buscar le\u00f1a. Esta simple acci\u00f3n llev\u00f3 a que los dos ni\u00f1os nunca regresaran.<\/p>\n<p>Abu Assi esperaba a que regresaran para poner la mesa, cuando vecinos del \u00e1rea corrieron a su refugio y le informaron que dos ni\u00f1os hab\u00edan sido atacados y murieron tras una acci\u00f3n de militares israel\u00edes, de acuerdo con testigos.<\/p>\n<p>El dram\u00e1tico momento vino cuando Abbu pregunt\u00f3 a sus vecinos: \u201c\u00bfSon mis hijos?\u201d<\/p>\n<p>Fue entonces cuando se produjo una espera angustiosa mientras \u00e9l iba a identificar los cad\u00e1veres.<\/p>\n<p>\u201cQuit\u00e9 la s\u00e1bana y los abrac\u00e9. A mi peque\u00f1o Juju le hab\u00edan volado la cabeza; que Dios lo tenga en su gloria\u2026 Ten\u00eda los brazos amputados y le faltaban partes del torso\u201d, dijo temblando. \u201cA Fadi le hab\u00edan cortado la mano derecha y la pierna izquierda\u201d, a\u00f1adi\u00f3.<\/p>\n<p>Jumaa y Fadi murieron en un ataque con drones israel\u00edes en la localidad de Bani Suheila, al este de su refugio en Jan Yunis, de acuerdo con la familia.<\/p>\n<p>Las Fuerzas de Defensa de Israel (FDI) reconocieron haber llevado a cabo el ataque en un comunicado, en el que calificaron a los ni\u00f1os como \u201cdos sospechosos que cruzaron la l\u00ednea amarilla, realizaron actividades sospechosas sobre el terreno y se acercaron a militares de las FDI que operaban en el sur de Gaza, lo que supuso una amenaza inmediata para ellas\u201d.<\/p>\n<p>\u201cTras la identificaci\u00f3n, la Fuerza A\u00e9rea Israel\u00ed (IAF, por sus siglas en ingl\u00e9s) elimin\u00f3 a los sospechosos con el fin de eliminar la amenaza\u201d, continu\u00f3.<\/p>\n<p>Bani Suheila se encuentra en territorio ocupado por las fuerzas israel\u00edes en Gaza, al este de la denominada \u201cl\u00ednea amarilla\u201d. Sin embargo, debido a la escasez de marcadores sobre el terreno, puede resultar dif\u00edcil distinguir los contornos de dicha l\u00ednea. Desde que el alto el fuego entr\u00f3 en vigor en octubre, palestinos han muerto frecuentemente por fuerzas israel\u00edes a lo largo de la invisible l\u00ednea de demarcaci\u00f3n. Las fuerzas israel\u00edes los ha descrito repetidamente como \u201cterroristas\u201d que \u201crepresentan una amenaza inmediata\u201d.<\/p>\n<p>Las muertes de los dos ni\u00f1os se suman al n\u00famero de v\u00edctimas mortales en Gaza, que sigue aumentando siete semanas despu\u00e9s del alto el fuego. Durante el fin de semana, el Ministerio de Salud palestino afirm\u00f3 que m\u00e1s de<a href=\"https:\/\/cnnespanol.cnn.com\/2025\/11\/29\/mundo\/muertos-gaza-70-000-mientras-recuperacion-cuerpos-trax\"> 70.000 personas han perdido la vida<\/a> desde el ataque de Hamas en Israel el 7 de octubre de 2023, entre ellas m\u00e1s de 10.000 mujeres y 20.000 ni\u00f1os.<\/p>\n<p>El n\u00famero ha aumentado de manera constante a medida que los equipos de emergencia recuperan cad\u00e1veres de entre los escombros. Seg\u00fan el ministerio, se han recuperado m\u00e1s de 600 cad\u00e1veres desde que comenz\u00f3 el alto el fuego, pero se espera que la cifra siga aumentando dr\u00e1sticamente. La Defensa Civil de Gaza ha estimado que hay 10.000 cad\u00e1veres sepultados bajo los escombros en todo el enclave devastado.<\/p>\n<p>Adem\u00e1s, m\u00e1s de 350 palestinos han muerto<a href=\"https:\/\/www.cnn.com\/2025\/10\/28\/middleeast\/israel-military-strikes-gaza-latam-intl\"> por las fuerzas israel\u00edes<\/a> desde que comenz\u00f3 el alto el fuego, seg\u00fan inform\u00f3 el ministerio.<\/p>\n<p>Un nuevo informe publicado por<a href=\"https:\/\/www.occupationreport.org\/en\"> The Platform<\/a>, una coalici\u00f3n de 13 organizaciones israel\u00edes de derechos humanos, concluy\u00f3 que en 2025 se produjo un \u201cda\u00f1o m\u00e1s amplio, profundo y sin precedentes\u201d a los derechos humanos de los palestinos en Gaza y en la Ribera Occidental.<\/p>\n<p>El informe, obtenido por CNN, describ\u00eda un \u201cprofundo cambio\u201d en la naturaleza de la guerra y en los \u201cmecanismos de control de Israel\u201d este a\u00f1o, en el que, seg\u00fan dec\u00eda, \u201clas violaciones extremas se convirtieron en procedimiento operativo est\u00e1ndar\u201d.<\/p>\n<p>El d\u00eda antes de que Jumaa muriera, le pidi\u00f3 a su padre que le cantara su canci\u00f3n favorita. Abu Assi no se sent\u00eda muy bien y le dijo que lo har\u00eda despu\u00e9s de su revisi\u00f3n m\u00e9dica al d\u00eda siguiente.<\/p>\n<p>\u201cLe dije: ven conmigo a la revisi\u00f3n y te cantar\u00e9 todas tus canciones favoritas, hijo m\u00edo\u201d, dijo Abu Assi, recordando el \u00faltimo recuerdo que ten\u00eda de sus hijos, mientras las l\u00e1grimas le corr\u00edan por el rostro.<\/p>\n<p>The-CNN-Wire<br \/>&trade; &amp; &copy; 2025 Cable News Network, Inc., a Warner Bros. Discovery Company. All rights reserved.<\/p>\n","protected":false},"excerpt":{"rendered":"<p>La ma\u00f1ana del s\u00e1bado se transform\u00f3 en una tragedia para Tamer Abu Assi, un padre en silla de ruedas que preparaba el desayuno para sus hijos, Fadi de 8 y Jumaa de 10. Les encomend\u00f3 una tarea, salir a buscar le\u00f1a. Esta simple acci\u00f3n llev\u00f3 a que los dos ni\u00f1os nunca regresaran. Abu Assi esperaba [&hellip;]<\/p>\n","protected":false},"author":0,"featured_media":0,"comment_status":"open","ping_status":"open","sticky":false,"template":"","format":"standard","meta":{"_jetpack_memberships_contains_paid_content":false,"footnotes":""},"categories":[10],"tags":[],"class_list":["post-1468900","post","type-post","status-publish","format-standard","hentry","category-noticias-nacionales","market-global"],"yoast_head":"<!-- This site is optimized with the Yoast SEO plugin v24.4 - https:\/\/yoast.com\/wordpress\/plugins\/seo\/ -->\n<title>Dos ni\u00f1os murieron por un ataque de dron israel\u00ed mientras recolectaban le\u00f1a para su padre - Noticias<\/title>\n<meta name=\"robots\" content=\"index, follow, max-snippet:-1, max-image-preview:large, max-video-preview:-1\" \/>\n<link rel=\"canonical\" href=\"https:\/\/noticiasya.com\/2025\/12\/02\/dos-ninos-mueren-dron-israeli-gaza-trax\/\" \/>\n<meta property=\"og:locale\" content=\"es_ES\" \/>\n<meta property=\"og:type\" content=\"article\" \/>\n<meta property=\"og:title\" content=\"Dos ni\u00f1os murieron por un ataque de dron israel\u00ed mientras recolectaban le\u00f1a para su padre - Noticias\" \/>\n<meta property=\"og:description\" content=\"La ma\u00f1ana del s\u00e1bado se transform\u00f3 en una tragedia para Tamer Abu Assi, un padre en silla de ruedas que preparaba el desayuno para sus hijos, Fadi de 8 y Jumaa de 10. Les encomend\u00f3 una tarea, salir a buscar le\u00f1a. Esta simple acci\u00f3n llev\u00f3 a que los dos ni\u00f1os nunca regresaran. Abu Assi esperaba [&hellip;]\" \/>\n<meta property=\"og:url\" content=\"https:\/\/noticiasya.com\/2025\/12\/02\/dos-ninos-mueren-dron-israeli-gaza-trax\/\" \/>\n<meta property=\"og:site_name\" content=\"Noticias\" \/>\n<meta property=\"article:published_time\" content=\"2025-12-02T23:03:56+00:00\" \/>\n<meta name=\"twitter:card\" content=\"summary_large_image\" \/>\n<meta name=\"twitter:label1\" content=\"Est. reading time\" \/>\n\t<meta name=\"twitter:data1\" content=\"4 minutos\" \/>\n<script type=\"application\/ld+json\" class=\"yoast-schema-graph\">{\"@context\":\"https:\/\/schema.org\",\"@graph\":[{\"@type\":\"Article\",\"@id\":\"https:\/\/noticiasya.com\/2025\/12\/02\/dos-ninos-mueren-dron-israeli-gaza-trax\/#article\",\"isPartOf\":{\"@id\":\"https:\/\/noticiasya.com\/2025\/12\/02\/dos-ninos-mueren-dron-israeli-gaza-trax\/\"},\"author\":{\"name\":\"\",\"@id\":\"\"},\"headline\":\"Dos ni\u00f1os murieron por un ataque de dron israel\u00ed mientras recolectaban le\u00f1a para su padre\",\"datePublished\":\"2025-12-02T23:03:56+00:00\",\"mainEntityOfPage\":{\"@id\":\"https:\/\/noticiasya.com\/2025\/12\/02\/dos-ninos-mueren-dron-israeli-gaza-trax\/\"},\"wordCount\":767,\"commentCount\":0,\"publisher\":{\"@id\":\"https:\/\/noticiasya.com\/#organization\"},\"articleSection\":[\"Noticias Nacionales\"],\"inLanguage\":\"es\",\"potentialAction\":[{\"@type\":\"CommentAction\",\"name\":\"Comment\",\"target\":[\"https:\/\/noticiasya.com\/2025\/12\/02\/dos-ninos-mueren-dron-israeli-gaza-trax\/#respond\"]}]},{\"@type\":\"WebPage\",\"@id\":\"https:\/\/noticiasya.com\/2025\/12\/02\/dos-ninos-mueren-dron-israeli-gaza-trax\/\",\"url\":\"https:\/\/noticiasya.com\/2025\/12\/02\/dos-ninos-mueren-dron-israeli-gaza-trax\/\",\"name\":\"Dos ni\u00f1os murieron por un ataque de dron israel\u00ed mientras recolectaban le\u00f1a para su padre - Noticias\",\"isPartOf\":{\"@id\":\"https:\/\/noticiasya.com\/#website\"},\"datePublished\":\"2025-12-02T23:03:56+00:00\",\"breadcrumb\":{\"@id\":\"https:\/\/noticiasya.com\/2025\/12\/02\/dos-ninos-mueren-dron-israeli-gaza-trax\/#breadcrumb\"},\"inLanguage\":\"es\",\"potentialAction\":[{\"@type\":\"ReadAction\",\"target\":[\"https:\/\/noticiasya.com\/2025\/12\/02\/dos-ninos-mueren-dron-israeli-gaza-trax\/\"]}]},{\"@type\":\"BreadcrumbList\",\"@id\":\"https:\/\/noticiasya.com\/2025\/12\/02\/dos-ninos-mueren-dron-israeli-gaza-trax\/#breadcrumb\",\"itemListElement\":[{\"@type\":\"ListItem\",\"position\":1,\"name\":\"Home\",\"item\":\"https:\/\/noticiasya.com\/\"},{\"@type\":\"ListItem\",\"position\":2,\"name\":\"Dos ni\u00f1os murieron por un ataque de dron israel\u00ed mientras recolectaban le\u00f1a para su padre\"}]},{\"@type\":\"WebSite\",\"@id\":\"https:\/\/noticiasya.com\/#website\",\"url\":\"https:\/\/noticiasya.com\/\",\"name\":\"Noticias\",\"description\":\"Lo que importa\",\"publisher\":{\"@id\":\"https:\/\/noticiasya.com\/#organization\"},\"potentialAction\":[{\"@type\":\"SearchAction\",\"target\":{\"@type\":\"EntryPoint\",\"urlTemplate\":\"https:\/\/noticiasya.com\/?s={search_term_string}\"},\"query-input\":{\"@type\":\"PropertyValueSpecification\",\"valueRequired\":true,\"valueName\":\"search_term_string\"}}],\"inLanguage\":\"es\"},{\"@type\":\"Organization\",\"@id\":\"https:\/\/noticiasya.com\/#organization\",\"name\":\"Noticias\",\"url\":\"https:\/\/noticiasya.com\/\",\"logo\":{\"@type\":\"ImageObject\",\"inLanguage\":\"es\",\"@id\":\"https:\/\/noticiasya.com\/#\/schema\/logo\/image\/\",\"url\":\"https:\/\/noticiasya.com\/wp-content\/uploads\/sites\/22\/2023\/12\/logo-nacional.png\",\"contentUrl\":\"https:\/\/noticiasya.com\/wp-content\/uploads\/sites\/22\/2023\/12\/logo-nacional.png\",\"width\":1801,\"height\":691,\"caption\":\"Noticias\"},\"image\":{\"@id\":\"https:\/\/noticiasya.com\/#\/schema\/logo\/image\/\"}}]}<\/script>\n<!-- \/ Yoast SEO plugin. -->","yoast_head_json":{"title":"Dos ni\u00f1os murieron por un ataque de dron israel\u00ed mientras recolectaban le\u00f1a para su padre - Noticias","robots":{"index":"index","follow":"follow","max-snippet":"max-snippet:-1","max-image-preview":"max-image-preview:large","max-video-preview":"max-video-preview:-1"},"canonical":"https:\/\/noticiasya.com\/2025\/12\/02\/dos-ninos-mueren-dron-israeli-gaza-trax\/","og_locale":"es_ES","og_type":"article","og_title":"Dos ni\u00f1os murieron por un ataque de dron israel\u00ed mientras recolectaban le\u00f1a para su padre - Noticias","og_description":"La ma\u00f1ana del s\u00e1bado se transform\u00f3 en una tragedia para Tamer Abu Assi, un padre en silla de ruedas que preparaba el desayuno para sus hijos, Fadi de 8 y Jumaa de 10. Les encomend\u00f3 una tarea, salir a buscar le\u00f1a. Esta simple acci\u00f3n llev\u00f3 a que los dos ni\u00f1os nunca regresaran. Abu Assi esperaba [&hellip;]","og_url":"https:\/\/noticiasya.com\/2025\/12\/02\/dos-ninos-mueren-dron-israeli-gaza-trax\/","og_site_name":"Noticias","article_published_time":"2025-12-02T23:03:56+00:00","twitter_card":"summary_large_image","twitter_misc":{"Est. reading time":"4 minutos"},"schema":{"@context":"https:\/\/schema.org","@graph":[{"@type":"Article","@id":"https:\/\/noticiasya.com\/2025\/12\/02\/dos-ninos-mueren-dron-israeli-gaza-trax\/#article","isPartOf":{"@id":"https:\/\/noticiasya.com\/2025\/12\/02\/dos-ninos-mueren-dron-israeli-gaza-trax\/"},"author":{"name":"","@id":""},"headline":"Dos ni\u00f1os murieron por un ataque de dron israel\u00ed mientras recolectaban le\u00f1a para su padre","datePublished":"2025-12-02T23:03:56+00:00","mainEntityOfPage":{"@id":"https:\/\/noticiasya.com\/2025\/12\/02\/dos-ninos-mueren-dron-israeli-gaza-trax\/"},"wordCount":767,"commentCount":0,"publisher":{"@id":"https:\/\/noticiasya.com\/#organization"},"articleSection":["Noticias Nacionales"],"inLanguage":"es","potentialAction":[{"@type":"CommentAction","name":"Comment","target":["https:\/\/noticiasya.com\/2025\/12\/02\/dos-ninos-mueren-dron-israeli-gaza-trax\/#respond"]}]},{"@type":"WebPage","@id":"https:\/\/noticiasya.com\/2025\/12\/02\/dos-ninos-mueren-dron-israeli-gaza-trax\/","url":"https:\/\/noticiasya.com\/2025\/12\/02\/dos-ninos-mueren-dron-israeli-gaza-trax\/","name":"Dos ni\u00f1os murieron por un ataque de dron israel\u00ed mientras recolectaban le\u00f1a para su padre - Noticias","isPartOf":{"@id":"https:\/\/noticiasya.com\/#website"},"datePublished":"2025-12-02T23:03:56+00:00","breadcrumb":{"@id":"https:\/\/noticiasya.com\/2025\/12\/02\/dos-ninos-mueren-dron-israeli-gaza-trax\/#breadcrumb"},"inLanguage":"es","potentialAction":[{"@type":"ReadAction","target":["https:\/\/noticiasya.com\/2025\/12\/02\/dos-ninos-mueren-dron-israeli-gaza-trax\/"]}]},{"@type":"BreadcrumbList","@id":"https:\/\/noticiasya.com\/2025\/12\/02\/dos-ninos-mueren-dron-israeli-gaza-trax\/#breadcrumb","itemListElement":[{"@type":"ListItem","position":1,"name":"Home","item":"https:\/\/noticiasya.com\/"},{"@type":"ListItem","position":2,"name":"Dos ni\u00f1os murieron por un ataque de dron israel\u00ed mientras recolectaban le\u00f1a para su padre"}]},{"@type":"WebSite","@id":"https:\/\/noticiasya.com\/#website","url":"https:\/\/noticiasya.com\/","name":"Noticias","description":"Lo que importa","publisher":{"@id":"https:\/\/noticiasya.com\/#organization"},"potentialAction":[{"@type":"SearchAction","target":{"@type":"EntryPoint","urlTemplate":"https:\/\/noticiasya.com\/?s={search_term_string}"},"query-input":{"@type":"PropertyValueSpecification","valueRequired":true,"valueName":"search_term_string"}}],"inLanguage":"es"},{"@type":"Organization","@id":"https:\/\/noticiasya.com\/#organization","name":"Noticias","url":"https:\/\/noticiasya.com\/","logo":{"@type":"ImageObject","inLanguage":"es","@id":"https:\/\/noticiasya.com\/#\/schema\/logo\/image\/","url":"https:\/\/noticiasya.com\/wp-content\/uploads\/sites\/22\/2023\/12\/logo-nacional.png","contentUrl":"https:\/\/noticiasya.com\/wp-content\/uploads\/sites\/22\/2023\/12\/logo-nacional.png","width":1801,"height":691,"caption":"Noticias"},"image":{"@id":"https:\/\/noticiasya.com\/#\/schema\/logo\/image\/"}}]}},"parsely":{"version":"1.1.0","canonical_url":"https:\/\/noticiasya.com\/midland-odessa\/2025\/12\/02\/dos-ninos-mueren-dron-israeli-gaza-trax\/","smart_links":{"inbound":0,"outbound":0},"traffic_boost_suggestions_count":0,"meta":{"@context":"https:\/\/schema.org","@type":"NewsArticle","headline":"Dos ni\u00f1os murieron por un ataque de dron israel\u00ed mientras recolectaban le\u00f1a para su padre","url":"http:\/\/noticiasya.com\/midland-odessa\/2025\/12\/02\/dos-ninos-mueren-dron-israeli-gaza-trax\/","mainEntityOfPage":{"@type":"WebPage","@id":"http:\/\/noticiasya.com\/midland-odessa\/2025\/12\/02\/dos-ninos-mueren-dron-israeli-gaza-trax\/"},"thumbnailUrl":"","image":{"@type":"ImageObject","url":""},"articleSection":"Noticias Nacionales","author":[],"creator":[],"publisher":{"@type":"Organization","name":"Noticias","logo":""},"keywords":[],"dateCreated":"2025-12-02T23:03:56Z","datePublished":"2025-12-02T23:03:56Z","dateModified":"2025-12-02T23:03:56Z"},"rendered":"<script type=\"application\/ld+json\" class=\"wp-parsely-metadata\">{\"@context\":\"https:\\\/\\\/schema.org\",\"@type\":\"NewsArticle\",\"headline\":\"Dos ni\\u00f1os murieron por un ataque de dron israel\\u00ed mientras recolectaban le\\u00f1a para su padre\",\"url\":\"http:\\\/\\\/noticiasya.com\\\/midland-odessa\\\/2025\\\/12\\\/02\\\/dos-ninos-mueren-dron-israeli-gaza-trax\\\/\",\"mainEntityOfPage\":{\"@type\":\"WebPage\",\"@id\":\"http:\\\/\\\/noticiasya.com\\\/midland-odessa\\\/2025\\\/12\\\/02\\\/dos-ninos-mueren-dron-israeli-gaza-trax\\\/\"},\"thumbnailUrl\":\"\",\"image\":{\"@type\":\"ImageObject\",\"url\":\"\"},\"articleSection\":\"Noticias Nacionales\",\"author\":[],\"creator\":[],\"publisher\":{\"@type\":\"Organization\",\"name\":\"Noticias\",\"logo\":\"\"},\"keywords\":[],\"dateCreated\":\"2025-12-02T23:03:56Z\",\"datePublished\":\"2025-12-02T23:03:56Z\",\"dateModified\":\"2025-12-02T23:03:56Z\"}<\/script>","tracker_url":"https:\/\/cdn.parsely.com\/keys\/noticiasya.com\/p.js"},"jetpack_featured_media_url":"","jetpack-related-posts":[{"id":1470466,"url":"https:\/\/noticiasya.com\/midland-odessa\/2026\/01\/25\/israel-mata-ninos-gaza-recolectaban-madera-trax\/","url_meta":{"origin":1468900,"position":0},"title":"Ataque de Israel mata a dos primos, de 14 y 13 a\u00f1os, que recolectaban madera en Gaza","author":"","date":"enero 25, 2026","format":false,"excerpt":"Mohammad y Suleiman Al Zawaraa, dos primos de apenas 14 y 13 a\u00f1os, perdieron la vida tras ser alcanzados por fuego israel\u00ed mientras recolectaban le\u00f1a en Gaza, seg\u00fan denunciaron sus familiares y confirmaron autoridades m\u00e9dicas.El incidente ocurri\u00f3 cuando los j\u00f3venes intentaban conseguir madera para sus hogares. Mohammad, el mayor de\u2026","rel":"","context":"In &quot;Noticias Nacionales&quot;","block_context":{"text":"Noticias Nacionales","link":"https:\/\/noticiasya.com\/midland-odessa\/categoria\/noticias-nacionales"},"img":{"alt_text":"","src":"","width":0,"height":0},"classes":[]},{"id":1473448,"url":"https:\/\/noticiasya.com\/midland-odessa\/2026\/04\/23\/quienes-son-ninos-murieron-tiroteo-shreveport-louisiana-trax\/","url_meta":{"origin":1468900,"position":1},"title":"\u00bfQui\u00e9nes son los 8 ni\u00f1os que murieron en el tiroteo masivo de Shreveport, Louisiana?","author":"","date":"abril 23, 2026","format":false,"excerpt":"El Domingo de Pascua, Shamar Elkins pos\u00f3 para una foto con sus siete hijos, todos con atuendos de iglesia a juego: la mayor\u00eda de las ni\u00f1as con su\u00e9teres blancos abotonados con rayas rosas y los ni\u00f1os con polos azul cielo. Una de sus hijas muestra una sonrisa electrizante, enmarcada por\u2026","rel":"","context":"In &quot;Noticias Nacionales&quot;","block_context":{"text":"Noticias Nacionales","link":"https:\/\/noticiasya.com\/midland-odessa\/categoria\/noticias-nacionales"},"img":{"alt_text":"","src":"","width":0,"height":0},"classes":[]},{"id":1466714,"url":"https:\/\/noticiasya.com\/midland-odessa\/2025\/09\/23\/ninos-estadounidenses-abandonados-ice-padres-trax\/","url_meta":{"origin":1468900,"position":2},"title":"&#171;\u00bfMam\u00e1 y pap\u00e1 no vuelven a casa?&#187;: ni\u00f1os estadounidenses quedan abandonados cuando ICE se lleva a sus padres","author":"","date":"septiembre 23, 2025","format":false,"excerpt":"Febe y Angelo P\u00e9rez estaban dormidos en sus camas cuando los agentes de inmigraci\u00f3n llegaron por su madre.Con solo 6 y 9 a\u00f1os, los hermanos \u2014ambos ciudadanos estadounidenses de Texas\u2014 no entend\u00edan qui\u00e9nes eran los hombres con chalecos t\u00e1cticos ni qu\u00e9 era \u201cICE\u201d. Y no oyeron a un agente decirle\u2026","rel":"","context":"In &quot;Noticias Nacionales&quot;","block_context":{"text":"Noticias Nacionales","link":"https:\/\/noticiasya.com\/midland-odessa\/categoria\/noticias-nacionales"},"img":{"alt_text":"","src":"","width":0,"height":0},"classes":[]},{"id":1462752,"url":"https:\/\/noticiasya.com\/midland-odessa\/2025\/05\/24\/medica-gaza-trabajando-cuerpos-quemados-hijos-trax\/","url_meta":{"origin":1468900,"position":3},"title":"Una m\u00e9dica de Gaza estaba trabajando cuando llegaron los cuerpos quemados de sus hijos","author":"","date":"mayo 24, 2025","format":false,"excerpt":"La doctora Alaa al-Najjar dej\u00f3 a sus diez hijos en su casa el viernes para ir a trabajar en la sala de urgencias del Complejo M\u00e9dico Nasser, en el sur de Gaza.Horas despu\u00e9s, los cuerpos de siete ni\u00f1os, la mayor\u00eda con quemaduras graves, llegaron al hospital, seg\u00fan el Ministerio de\u2026","rel":"","context":"In &quot;Noticias Nacionales&quot;","block_context":{"text":"Noticias Nacionales","link":"https:\/\/noticiasya.com\/midland-odessa\/categoria\/noticias-nacionales"},"img":{"alt_text":"","src":"","width":0,"height":0},"classes":[]},{"id":1451856,"url":"https:\/\/noticiasya.com\/midland-odessa\/2024\/08\/14\/padre-gaza-nacimiento-hijos-murieron-ataque-israeli-trax\/","url_meta":{"origin":1468900,"position":4},"title":"Un padre de Gaza fue a registrar el nacimiento de sus gemelos, pero murieron en un ataque a\u00e9reo israel\u00ed, seg\u00fan funcionarios del hospital","author":"","date":"agosto 14, 2024","format":false,"excerpt":"(CNN) -- Mohammad Abu Al Qumsan tembl\u00f3 y jade\u00f3 de incredulidad. Sus ojos se pusieron vidriosos antes de caer inerte en el patio del Hospital de los M\u00e1rtires de Al Aqsa, en el centro de Gaza.\u201cLes ruego. Les ruego. D\u00e9jenme verlos\u201d, grit\u00f3 a los funcionarios de salud en el centro\u2026","rel":"","context":"In &quot;Noticias Nacionales&quot;","block_context":{"text":"Noticias Nacionales","link":"https:\/\/noticiasya.com\/midland-odessa\/categoria\/noticias-nacionales"},"img":{"alt_text":"","src":"","width":0,"height":0},"classes":[]},{"id":1466252,"url":"https:\/\/noticiasya.com\/midland-odessa\/2025\/09\/08\/nueva-zelandia-ninos-desaparecidos-trax\/","url_meta":{"origin":1468900,"position":5},"title":"La polic\u00eda mata a un padre pr\u00f3fugo y halla a sus tres hijos tras a\u00f1os escondidos en la naturaleza de Nueva Zelandia","author":"","date":"septiembre 8, 2025","format":false,"excerpt":"Un padre fugitivo que se escond\u00eda con sus tres hijos en la densa naturaleza de Nueva Zelandia fue matado a tiros en un enfrentamiento armado con la Polic\u00eda este lunes. Esto llev\u00f3 a que sus tres hijos fueran puestos bajo custodia policial, y puso fin a casi cuatro a\u00f1os de\u2026","rel":"","context":"In &quot;Noticias Nacionales&quot;","block_context":{"text":"Noticias Nacionales","link":"https:\/\/noticiasya.com\/midland-odessa\/categoria\/noticias-nacionales"},"img":{"alt_text":"","src":"","width":0,"height":0},"classes":[]}],"jetpack_sharing_enabled":true,"_links":{"self":[{"href":"https:\/\/noticiasya.com\/midland-odessa\/wp-json\/wp\/v2\/posts\/1468900","targetHints":{"allow":["GET"]}}],"collection":[{"href":"https:\/\/noticiasya.com\/midland-odessa\/wp-json\/wp\/v2\/posts"}],"about":[{"href":"https:\/\/noticiasya.com\/midland-odessa\/wp-json\/wp\/v2\/types\/post"}],"replies":[{"embeddable":true,"href":"https:\/\/noticiasya.com\/midland-odessa\/wp-json\/wp\/v2\/comments?post=1468900"}],"version-history":[{"count":0,"href":"https:\/\/noticiasya.com\/midland-odessa\/wp-json\/wp\/v2\/posts\/1468900\/revisions"}],"wp:attachment":[{"href":"https:\/\/noticiasya.com\/midland-odessa\/wp-json\/wp\/v2\/media?parent=1468900"}],"wp:term":[{"taxonomy":"category","embeddable":true,"href":"https:\/\/noticiasya.com\/midland-odessa\/wp-json\/wp\/v2\/categories?post=1468900"},{"taxonomy":"post_tag","embeddable":true,"href":"https:\/\/noticiasya.com\/midland-odessa\/wp-json\/wp\/v2\/tags?post=1468900"}],"curies":[{"name":"wp","href":"https:\/\/api.w.org\/{rel}","templated":true}]}}