{"id":1468907,"date":"2025-12-02T18:03:56","date_gmt":"2025-12-03T02:03:56","guid":{"rendered":"https:\/\/noticiasya.com\/2025\/12\/02\/por-que-costco-demanda-gobierno-trump-aranceles-trax\/"},"modified":"2025-12-02T18:03:56","modified_gmt":"2025-12-03T02:03:56","slug":"por-que-costco-demanda-gobierno-trump-aranceles-trax","status":"publish","type":"post","link":"https:\/\/noticiasya.com\/midland-odessa\/2025\/12\/02\/por-que-costco-demanda-gobierno-trump-aranceles-trax\/","title":{"rendered":"\u00bfPor qu\u00e9 Costco est\u00e1 demandando al Gobierno de Trump?"},"content":{"rendered":"<p>Costco, el gigante minorista, demand\u00f3 al Gobierno de Trump el viernes pasado. La demanda se centra en la acusaci\u00f3n de que la administraci\u00f3n se extralimit\u00f3 en su autoridad al imponer aranceles generalizados este a\u00f1o. Costco no solo busca impugnar la legalidad de estos impuestos, <a href=\"https:\/\/cnnespanol.cnn.com\/2025\/12\/02\/eeuu\/costco-demanda-gobierno-aranceles-reux\">sino que tambi\u00e9n exige la devoluci\u00f3n de su dinero<\/a> si la Corte Suprema decide finalmente anular los pol\u00e9micos grav\u00e1menes.<\/p>\n<p>El caso, que se debati\u00f3 en la Corte Suprema el mes pasado, gira en torno a si el presidente Donald Trump ten\u00eda la autoridad legal para imponer aranceles citando una ley conocida como Ley de Poderes Econ\u00f3micos de Emergencia Internacional. Trump utiliz\u00f3 esos poderes para imponer aranceles a la importaci\u00f3n de hasta el 50 % a socios comerciales clave, como India y Brasil, y de hasta el 145 % a China a principios de este a\u00f1o. En total, los aranceles han costado a los importadores estadounidenses hasta US$ 90.000 millones a finales de septiembre, seg\u00fan cifras de la Oficina de Aduanas y Protecci\u00f3n Fronteriza de Estados Unidos (CBP, por sus siglas en ingl\u00e9s).<\/p>\n<p>Si los jueces determinan que Trump carec\u00eda de autoridad para imponer los aranceles, la pregunta entonces ser\u00eda qui\u00e9n, adem\u00e1s de las cinco peque\u00f1as empresas que impugnan al Gobierno de Trump en el caso del Tribunal Supremo, tendr\u00eda derecho a un reembolso y c\u00f3mo funcionar\u00eda ese proceso. Como se\u00f1al\u00f3 la jueza Amy Coney Barrett durante las alegaciones orales del mes pasado, el posible proceso de reembolso podr\u00eda ser \u201c<a href=\"https:\/\/www.cnn.com\/2025\/11\/06\/economy\/tariff-refunds-scotus\">un desastre<\/a>\u201d.<\/p>\n<p>En previsi\u00f3n de posibles reembolsos, muchas empresas han solicitado de forma privada a la CBP una pr\u00f3rroga para la fecha en que se considerar\u00e1n definitivos sus pagos arancelarios, un proceso que podr\u00eda tardar varios meses en completarse debido a la complejidad del c\u00f3digo arancelario. Evitar que se liquide el pago arancelario facilita, en esencia, la posibilidad de obtener un reembolso en el futuro.<\/p>\n<p>Entonces, \u00bfpor qu\u00e9 Costco est\u00e1 adoptando un enfoque diferente y m\u00e1s contundente que est\u00e1 tan claramente en desacuerdo con la agenda del Gobierno?<\/p>\n<p>Los abogados de Costco escribieron en la demanda presentada ante el Tribunal de Comercio Internacional que al gigante mayorista, junto con muchos otros importadores, no se le garantiza autom\u00e1ticamente un reembolso si el Tribunal Supremo falla en contra del Gobierno de Trump.<\/p>\n<p>Adem\u00e1s, la demanda alegaba que la CBP hab\u00eda denegado m\u00faltiples solicitudes realizadas por Costco para finalizar los pagos arancelarios.<\/p>\n<p>Trump, quien se refiri\u00f3 al caso en una publicaci\u00f3n de Truth Social el mes pasado como \u201cLA VIDA O LA MUERTE para nuestro pa\u00eds\u201d, tambi\u00e9n podr\u00eda tomar medidas para que a las empresas les resulte m\u00e1s oneroso obtener reembolsos, si llega el caso.<\/p>\n<p>\u201cLas consecuencias econ\u00f3micas de no respetar los aranceles legales del presidente Trump son enormes y esta demanda pone de relieve ese hecho\u201d, declar\u00f3 el portavoz de la Casa Blanca, Kush Desai, a la CNN en un comunicado.<\/p>\n<p>Todo ello est\u00e1 empujando a Costco a hacer un esfuerzo adicional, aunque ello signifique convertirse en blanco de las cr\u00edticas de la administraci\u00f3n, seg\u00fan Marc Busch, profesor de la Escuela de Servicio Exterior de Georgetown que estudia pol\u00edtica y derecho comercial.<\/p>\n<p>\u201cEs evidente que no est\u00e1n convencidos de que la Corte Suprema vaya a abordar siquiera el problema de las empresas que solicitan un reembolso o la organizaci\u00f3n por parte del Gobierno de un proceso sistem\u00e1tico para que eso ocurra\u201d, afirm\u00f3, y espera que m\u00e1s empresas sigan el ejemplo de Costco.<\/p>\n<p>Costco no especific\u00f3 en la presentaci\u00f3n cu\u00e1nto le han costado a la empresa los aranceles impugnados. El mayorista no ha respondido a CNN.<\/p>\n<p>La contundente demanda de Costco y sus cr\u00edticas impl\u00edcitas a los aranceles de Trump \u2014alegando que se impusieron \u201cde forma precipitada\u2026 provocando fluctuaciones en los mercados\u201d\u2014 podr\u00edan poner a la empresa en una situaci\u00f3n delicada con la Casa Blanca.<\/p>\n<p>Amazon aprendi\u00f3 esta lecci\u00f3n por las malas despu\u00e9s de que, seg\u00fan se informa, planease mostrar cu\u00e1nto contribu\u00edan los aranceles al precio de algunos art\u00edculos. La secretaria de prensa de la Casa Blanca, Karoline Leavitt, lo calific\u00f3 de \u201cacto hostil y pol\u00edtico\u201d, lo que provoc\u00f3 una ca\u00edda de las acciones de la empresa. Despu\u00e9s de que un furioso Trump llam\u00f3 al fundador de Amazon, Jeff Bezos, el gigante del comercio electr\u00f3nico dijo que no mostrar\u00eda los aumentos de precios relacionados con los aranceles.<\/p>\n<p>Desde entonces, Amazon y otros grandes minoristas han evitado en gran medida tomar medidas que pudieran provocar un enfrentamiento similar. Tambi\u00e9n se han mantenido al margen en silencio mientras se desarrolla el caso de los aranceles, a pesar de que ellos tambi\u00e9n tienen, como m\u00ednimo, decenas de millones de d\u00f3lares en juego en el resultado del caso.<\/p>\n<p>Pero quedarse al margen tambi\u00e9n tiene un costo.<\/p>\n<p>Si Costco no demandara al Gobierno de Trump, la empresa podr\u00eda \u201cencontrarse en una situaci\u00f3n en la que los aranceles se declararan ilegales, pero a\u00fan as\u00ed no pudiera recuperar su dinero\u201d, afirm\u00f3 Emil Stefanutti, director ejecutivo de Gaia Dynamics, una plataforma de cumplimiento normativo comercial basada en inteligencia artificial.<\/p>\n<p>\u201cPara una empresa de su tama\u00f1o, eso podr\u00eda significar absorber costos muy elevados y potencialmente irrecuperables\u201d.<\/p>\n<p>The-CNN-Wire<br \/>&trade; &amp; &copy; 2025 Cable News Network, Inc., a Warner Bros. Discovery Company. All rights reserved.<\/p>\n","protected":false},"excerpt":{"rendered":"<p>Costco, el gigante minorista, demand\u00f3 al Gobierno de Trump el viernes pasado. La demanda se centra en la acusaci\u00f3n de que la administraci\u00f3n se extralimit\u00f3 en su autoridad al imponer aranceles generalizados este a\u00f1o. Costco no solo busca impugnar la legalidad de estos impuestos, sino que tambi\u00e9n exige la devoluci\u00f3n de su dinero si la [&hellip;]<\/p>\n","protected":false},"author":0,"featured_media":0,"comment_status":"open","ping_status":"open","sticky":false,"template":"","format":"standard","meta":{"_jetpack_memberships_contains_paid_content":false,"footnotes":""},"categories":[10],"tags":[],"class_list":["post-1468907","post","type-post","status-publish","format-standard","hentry","category-noticias-nacionales","market-global"],"yoast_head":"<!-- This site is optimized with the Yoast SEO plugin v24.4 - https:\/\/yoast.com\/wordpress\/plugins\/seo\/ -->\n<title>\u00bfPor qu\u00e9 Costco est\u00e1 demandando al Gobierno de Trump? - Noticias<\/title>\n<meta name=\"robots\" content=\"index, follow, max-snippet:-1, max-image-preview:large, max-video-preview:-1\" \/>\n<link rel=\"canonical\" href=\"https:\/\/noticiasya.com\/2025\/12\/02\/por-que-costco-demanda-gobierno-trump-aranceles-trax\/\" \/>\n<meta property=\"og:locale\" content=\"es_ES\" \/>\n<meta property=\"og:type\" content=\"article\" \/>\n<meta property=\"og:title\" content=\"\u00bfPor qu\u00e9 Costco est\u00e1 demandando al Gobierno de Trump? - Noticias\" \/>\n<meta property=\"og:description\" content=\"Costco, el gigante minorista, demand\u00f3 al Gobierno de Trump el viernes pasado. La demanda se centra en la acusaci\u00f3n de que la administraci\u00f3n se extralimit\u00f3 en su autoridad al imponer aranceles generalizados este a\u00f1o. Costco no solo busca impugnar la legalidad de estos impuestos, sino que tambi\u00e9n exige la devoluci\u00f3n de su dinero si la [&hellip;]\" \/>\n<meta property=\"og:url\" content=\"https:\/\/noticiasya.com\/2025\/12\/02\/por-que-costco-demanda-gobierno-trump-aranceles-trax\/\" \/>\n<meta property=\"og:site_name\" content=\"Noticias\" \/>\n<meta property=\"article:published_time\" content=\"2025-12-03T02:03:56+00:00\" \/>\n<meta name=\"twitter:card\" content=\"summary_large_image\" \/>\n<meta name=\"twitter:label1\" content=\"Est. reading time\" \/>\n\t<meta name=\"twitter:data1\" content=\"5 minutos\" \/>\n<script type=\"application\/ld+json\" class=\"yoast-schema-graph\">{\"@context\":\"https:\/\/schema.org\",\"@graph\":[{\"@type\":\"Article\",\"@id\":\"https:\/\/noticiasya.com\/2025\/12\/02\/por-que-costco-demanda-gobierno-trump-aranceles-trax\/#article\",\"isPartOf\":{\"@id\":\"https:\/\/noticiasya.com\/2025\/12\/02\/por-que-costco-demanda-gobierno-trump-aranceles-trax\/\"},\"author\":{\"name\":\"\",\"@id\":\"\"},\"headline\":\"\u00bfPor qu\u00e9 Costco est\u00e1 demandando al Gobierno de Trump?\",\"datePublished\":\"2025-12-03T02:03:56+00:00\",\"mainEntityOfPage\":{\"@id\":\"https:\/\/noticiasya.com\/2025\/12\/02\/por-que-costco-demanda-gobierno-trump-aranceles-trax\/\"},\"wordCount\":932,\"commentCount\":0,\"publisher\":{\"@id\":\"https:\/\/noticiasya.com\/#organization\"},\"articleSection\":[\"Noticias Nacionales\"],\"inLanguage\":\"es\",\"potentialAction\":[{\"@type\":\"CommentAction\",\"name\":\"Comment\",\"target\":[\"https:\/\/noticiasya.com\/2025\/12\/02\/por-que-costco-demanda-gobierno-trump-aranceles-trax\/#respond\"]}]},{\"@type\":\"WebPage\",\"@id\":\"https:\/\/noticiasya.com\/2025\/12\/02\/por-que-costco-demanda-gobierno-trump-aranceles-trax\/\",\"url\":\"https:\/\/noticiasya.com\/2025\/12\/02\/por-que-costco-demanda-gobierno-trump-aranceles-trax\/\",\"name\":\"\u00bfPor qu\u00e9 Costco est\u00e1 demandando al Gobierno de Trump? - Noticias\",\"isPartOf\":{\"@id\":\"https:\/\/noticiasya.com\/#website\"},\"datePublished\":\"2025-12-03T02:03:56+00:00\",\"breadcrumb\":{\"@id\":\"https:\/\/noticiasya.com\/2025\/12\/02\/por-que-costco-demanda-gobierno-trump-aranceles-trax\/#breadcrumb\"},\"inLanguage\":\"es\",\"potentialAction\":[{\"@type\":\"ReadAction\",\"target\":[\"https:\/\/noticiasya.com\/2025\/12\/02\/por-que-costco-demanda-gobierno-trump-aranceles-trax\/\"]}]},{\"@type\":\"BreadcrumbList\",\"@id\":\"https:\/\/noticiasya.com\/2025\/12\/02\/por-que-costco-demanda-gobierno-trump-aranceles-trax\/#breadcrumb\",\"itemListElement\":[{\"@type\":\"ListItem\",\"position\":1,\"name\":\"Home\",\"item\":\"https:\/\/noticiasya.com\/\"},{\"@type\":\"ListItem\",\"position\":2,\"name\":\"\u00bfPor qu\u00e9 Costco est\u00e1 demandando al Gobierno de Trump?\"}]},{\"@type\":\"WebSite\",\"@id\":\"https:\/\/noticiasya.com\/#website\",\"url\":\"https:\/\/noticiasya.com\/\",\"name\":\"Noticias\",\"description\":\"Lo que importa\",\"publisher\":{\"@id\":\"https:\/\/noticiasya.com\/#organization\"},\"potentialAction\":[{\"@type\":\"SearchAction\",\"target\":{\"@type\":\"EntryPoint\",\"urlTemplate\":\"https:\/\/noticiasya.com\/?s={search_term_string}\"},\"query-input\":{\"@type\":\"PropertyValueSpecification\",\"valueRequired\":true,\"valueName\":\"search_term_string\"}}],\"inLanguage\":\"es\"},{\"@type\":\"Organization\",\"@id\":\"https:\/\/noticiasya.com\/#organization\",\"name\":\"Noticias\",\"url\":\"https:\/\/noticiasya.com\/\",\"logo\":{\"@type\":\"ImageObject\",\"inLanguage\":\"es\",\"@id\":\"https:\/\/noticiasya.com\/#\/schema\/logo\/image\/\",\"url\":\"https:\/\/noticiasya.com\/wp-content\/uploads\/sites\/22\/2023\/12\/logo-nacional.png\",\"contentUrl\":\"https:\/\/noticiasya.com\/wp-content\/uploads\/sites\/22\/2023\/12\/logo-nacional.png\",\"width\":1801,\"height\":691,\"caption\":\"Noticias\"},\"image\":{\"@id\":\"https:\/\/noticiasya.com\/#\/schema\/logo\/image\/\"}}]}<\/script>\n<!-- \/ Yoast SEO plugin. -->","yoast_head_json":{"title":"\u00bfPor qu\u00e9 Costco est\u00e1 demandando al Gobierno de Trump? - Noticias","robots":{"index":"index","follow":"follow","max-snippet":"max-snippet:-1","max-image-preview":"max-image-preview:large","max-video-preview":"max-video-preview:-1"},"canonical":"https:\/\/noticiasya.com\/2025\/12\/02\/por-que-costco-demanda-gobierno-trump-aranceles-trax\/","og_locale":"es_ES","og_type":"article","og_title":"\u00bfPor qu\u00e9 Costco est\u00e1 demandando al Gobierno de Trump? - Noticias","og_description":"Costco, el gigante minorista, demand\u00f3 al Gobierno de Trump el viernes pasado. La demanda se centra en la acusaci\u00f3n de que la administraci\u00f3n se extralimit\u00f3 en su autoridad al imponer aranceles generalizados este a\u00f1o. Costco no solo busca impugnar la legalidad de estos impuestos, sino que tambi\u00e9n exige la devoluci\u00f3n de su dinero si la [&hellip;]","og_url":"https:\/\/noticiasya.com\/2025\/12\/02\/por-que-costco-demanda-gobierno-trump-aranceles-trax\/","og_site_name":"Noticias","article_published_time":"2025-12-03T02:03:56+00:00","twitter_card":"summary_large_image","twitter_misc":{"Est. reading time":"5 minutos"},"schema":{"@context":"https:\/\/schema.org","@graph":[{"@type":"Article","@id":"https:\/\/noticiasya.com\/2025\/12\/02\/por-que-costco-demanda-gobierno-trump-aranceles-trax\/#article","isPartOf":{"@id":"https:\/\/noticiasya.com\/2025\/12\/02\/por-que-costco-demanda-gobierno-trump-aranceles-trax\/"},"author":{"name":"","@id":""},"headline":"\u00bfPor qu\u00e9 Costco est\u00e1 demandando al Gobierno de Trump?","datePublished":"2025-12-03T02:03:56+00:00","mainEntityOfPage":{"@id":"https:\/\/noticiasya.com\/2025\/12\/02\/por-que-costco-demanda-gobierno-trump-aranceles-trax\/"},"wordCount":932,"commentCount":0,"publisher":{"@id":"https:\/\/noticiasya.com\/#organization"},"articleSection":["Noticias Nacionales"],"inLanguage":"es","potentialAction":[{"@type":"CommentAction","name":"Comment","target":["https:\/\/noticiasya.com\/2025\/12\/02\/por-que-costco-demanda-gobierno-trump-aranceles-trax\/#respond"]}]},{"@type":"WebPage","@id":"https:\/\/noticiasya.com\/2025\/12\/02\/por-que-costco-demanda-gobierno-trump-aranceles-trax\/","url":"https:\/\/noticiasya.com\/2025\/12\/02\/por-que-costco-demanda-gobierno-trump-aranceles-trax\/","name":"\u00bfPor qu\u00e9 Costco est\u00e1 demandando al Gobierno de Trump? - Noticias","isPartOf":{"@id":"https:\/\/noticiasya.com\/#website"},"datePublished":"2025-12-03T02:03:56+00:00","breadcrumb":{"@id":"https:\/\/noticiasya.com\/2025\/12\/02\/por-que-costco-demanda-gobierno-trump-aranceles-trax\/#breadcrumb"},"inLanguage":"es","potentialAction":[{"@type":"ReadAction","target":["https:\/\/noticiasya.com\/2025\/12\/02\/por-que-costco-demanda-gobierno-trump-aranceles-trax\/"]}]},{"@type":"BreadcrumbList","@id":"https:\/\/noticiasya.com\/2025\/12\/02\/por-que-costco-demanda-gobierno-trump-aranceles-trax\/#breadcrumb","itemListElement":[{"@type":"ListItem","position":1,"name":"Home","item":"https:\/\/noticiasya.com\/"},{"@type":"ListItem","position":2,"name":"\u00bfPor qu\u00e9 Costco est\u00e1 demandando al Gobierno de Trump?"}]},{"@type":"WebSite","@id":"https:\/\/noticiasya.com\/#website","url":"https:\/\/noticiasya.com\/","name":"Noticias","description":"Lo que importa","publisher":{"@id":"https:\/\/noticiasya.com\/#organization"},"potentialAction":[{"@type":"SearchAction","target":{"@type":"EntryPoint","urlTemplate":"https:\/\/noticiasya.com\/?s={search_term_string}"},"query-input":{"@type":"PropertyValueSpecification","valueRequired":true,"valueName":"search_term_string"}}],"inLanguage":"es"},{"@type":"Organization","@id":"https:\/\/noticiasya.com\/#organization","name":"Noticias","url":"https:\/\/noticiasya.com\/","logo":{"@type":"ImageObject","inLanguage":"es","@id":"https:\/\/noticiasya.com\/#\/schema\/logo\/image\/","url":"https:\/\/noticiasya.com\/wp-content\/uploads\/sites\/22\/2023\/12\/logo-nacional.png","contentUrl":"https:\/\/noticiasya.com\/wp-content\/uploads\/sites\/22\/2023\/12\/logo-nacional.png","width":1801,"height":691,"caption":"Noticias"},"image":{"@id":"https:\/\/noticiasya.com\/#\/schema\/logo\/image\/"}}]}},"parsely":{"version":"1.1.0","canonical_url":"https:\/\/noticiasya.com\/midland-odessa\/2025\/12\/02\/por-que-costco-demanda-gobierno-trump-aranceles-trax\/","smart_links":{"inbound":0,"outbound":0},"traffic_boost_suggestions_count":0,"meta":{"@context":"https:\/\/schema.org","@type":"NewsArticle","headline":"\u00bfPor qu\u00e9 Costco est\u00e1 demandando al Gobierno de Trump?","url":"http:\/\/noticiasya.com\/midland-odessa\/2025\/12\/02\/por-que-costco-demanda-gobierno-trump-aranceles-trax\/","mainEntityOfPage":{"@type":"WebPage","@id":"http:\/\/noticiasya.com\/midland-odessa\/2025\/12\/02\/por-que-costco-demanda-gobierno-trump-aranceles-trax\/"},"thumbnailUrl":"","image":{"@type":"ImageObject","url":""},"articleSection":"Noticias Nacionales","author":[],"creator":[],"publisher":{"@type":"Organization","name":"Noticias","logo":""},"keywords":[],"dateCreated":"2025-12-03T02:03:56Z","datePublished":"2025-12-03T02:03:56Z","dateModified":"2025-12-03T02:03:56Z"},"rendered":"<script type=\"application\/ld+json\" class=\"wp-parsely-metadata\">{\"@context\":\"https:\\\/\\\/schema.org\",\"@type\":\"NewsArticle\",\"headline\":\"\\u00bfPor qu\\u00e9 Costco est\\u00e1 demandando al Gobierno de Trump?\",\"url\":\"http:\\\/\\\/noticiasya.com\\\/midland-odessa\\\/2025\\\/12\\\/02\\\/por-que-costco-demanda-gobierno-trump-aranceles-trax\\\/\",\"mainEntityOfPage\":{\"@type\":\"WebPage\",\"@id\":\"http:\\\/\\\/noticiasya.com\\\/midland-odessa\\\/2025\\\/12\\\/02\\\/por-que-costco-demanda-gobierno-trump-aranceles-trax\\\/\"},\"thumbnailUrl\":\"\",\"image\":{\"@type\":\"ImageObject\",\"url\":\"\"},\"articleSection\":\"Noticias Nacionales\",\"author\":[],\"creator\":[],\"publisher\":{\"@type\":\"Organization\",\"name\":\"Noticias\",\"logo\":\"\"},\"keywords\":[],\"dateCreated\":\"2025-12-03T02:03:56Z\",\"datePublished\":\"2025-12-03T02:03:56Z\",\"dateModified\":\"2025-12-03T02:03:56Z\"}<\/script>","tracker_url":"https:\/\/cdn.parsely.com\/keys\/noticiasya.com\/p.js"},"jetpack_featured_media_url":"","jetpack-related-posts":[{"id":1466140,"url":"https:\/\/noticiasya.com\/midland-odessa\/2025\/09\/03\/trump-pide-corte-salve-aranceles-poderes-emergencia-trax\/","url_meta":{"origin":1468907,"position":0},"title":"Trump pide a la Corte Suprema que salve sus aranceles luego de que  tribunal determin\u00f3 uso indebido de poderes de emergencia","author":"","date":"septiembre 3, 2025","format":false,"excerpt":"El presidente Donald Trump inst\u00f3 este mi\u00e9rcoles a la Corte Suprema de Justicia a intervenir en la disputa sobre sus aranceles de emergencia, poniendo el eje central de su agenda econ\u00f3mica en manos de los jueces que en su mayor\u00eda han respaldado su amplia visi\u00f3n del Poder Ejecutivo, seg\u00fan una\u2026","rel":"","context":"In &quot;Noticias Nacionales&quot;","block_context":{"text":"Noticias Nacionales","link":"https:\/\/noticiasya.com\/midland-odessa\/categoria\/noticias-nacionales"},"img":{"alt_text":"","src":"","width":0,"height":0},"classes":[]},{"id":1471484,"url":"https:\/\/noticiasya.com\/midland-odessa\/2026\/02\/20\/corte-suprema-aranceles-ilegales-trump-trax\/","url_meta":{"origin":1468907,"position":1},"title":"La Corte Suprema dictamina que los aranceles de Trump son ilegales","author":"","date":"febrero 20, 2026","format":false,"excerpt":"Este viernes, la Corte Suprema dictamin\u00f3 que el presidente Donald Trump viol\u00f3 la ley federal al imponer unilateralmente aranceles generalizados en todo el mundo, en una contundente derrota para la pol\u00edtica exterior de la Casa Blanca y la agenda econ\u00f3mica del presidente.Esta decisi\u00f3n es posiblemente la derrota m\u00e1s importante que\u2026","rel":"","context":"In &quot;Noticias Nacionales&quot;","block_context":{"text":"Noticias Nacionales","link":"https:\/\/noticiasya.com\/midland-odessa\/categoria\/noticias-nacionales"},"img":{"alt_text":"","src":"","width":0,"height":0},"classes":[]},{"id":1465987,"url":"https:\/\/noticiasya.com\/midland-odessa\/2025\/08\/29\/tribunal-trump-utilizo-poderes-emergencia-aranceles-trax\/","url_meta":{"origin":1468907,"position":2},"title":"Tribunal de apelaciones determina que Trump utiliz\u00f3 indebidamente poderes de emergencia para imponer aranceles","author":"","date":"agosto 29, 2025","format":false,"excerpt":"Un tribunal federal de apelaciones determin\u00f3 este viernes que el presidente Donald Trump utiliz\u00f3 indebidamente poderes de emergencia para imponer aranceles generalizados a principios de este a\u00f1o.\u201cDebido a que coincidimos en que la Ley de Poderes Econ\u00f3micos de Emergencia Internacional no otorga al presidente la autoridad para \u2018regular\u2019 importaciones mediante\u2026","rel":"","context":"In &quot;Noticias Nacionales&quot;","block_context":{"text":"Noticias Nacionales","link":"https:\/\/noticiasya.com\/midland-odessa\/categoria\/noticias-nacionales"},"img":{"alt_text":"","src":"","width":0,"height":0},"classes":[]},{"id":1468065,"url":"https:\/\/noticiasya.com\/midland-odessa\/2025\/11\/05\/conclusiones-argumentos-trump-corte-suprema-aranceles-trax\/","url_meta":{"origin":1468907,"position":3},"title":"Conclusiones de los argumentos de Trump ante la Corte Suprema sobre los aranceles globales","author":"","date":"noviembre 5, 2025","format":false,"excerpt":"La Corte Suprema mostr\u00f3 profunda preocupaci\u00f3n este mi\u00e9rcoles por la dependencia del presidente Donald Trump en una ley federal ambigua para imponer aranceles globales, con varios miembros del ala conservadora cuestionando la postura del Gobierno en un caso que podr\u00eda tener amplias implicaciones para la econom\u00eda y el poder presidencial.Durante\u2026","rel":"","context":"In &quot;Noticias Nacionales&quot;","block_context":{"text":"Noticias Nacionales","link":"https:\/\/noticiasya.com\/midland-odessa\/categoria\/noticias-nacionales"},"img":{"alt_text":"","src":"","width":0,"height":0},"classes":[]},{"id":1467959,"url":"https:\/\/noticiasya.com\/midland-odessa\/2025\/11\/02\/trump-acuerdos-comerciales-aranceles-corte-suprema-trax\/","url_meta":{"origin":1468907,"position":4},"title":"Acuerdos comerciales y US$ 90.000 millones por aranceles: lo que est\u00e1 en juego en un hist\u00f3rico caso de la Corte Suprema","author":"","date":"noviembre 2, 2025","format":false,"excerpt":"En solo unos d\u00edas, la Corte Suprema de Estados Unidos comenzar\u00e1 a escuchar los argumentos en lo que el presidente Donald Trump ha calificado como \u201cuno de los casos m\u00e1s importantes en la historia de nuestro pa\u00eds\u201d.Con la mayor parte de sus aranceles \u2014que son, posiblemente, la piedra angular de\u2026","rel":"","context":"In &quot;Noticias Nacionales&quot;","block_context":{"text":"Noticias Nacionales","link":"https:\/\/noticiasya.com\/midland-odessa\/categoria\/noticias-nacionales"},"img":{"alt_text":"","src":"","width":0,"height":0},"classes":[]},{"id":1471495,"url":"https:\/\/noticiasya.com\/midland-odessa\/2026\/02\/20\/quien-recibira-reembolso-aranceles-trump-trax\/","url_meta":{"origin":1468907,"position":5},"title":"La pregunta de US$ 134.000 millones: \u00bfqui\u00e9n recibir\u00e1 un reembolso de aranceles?","author":"","date":"febrero 20, 2026","format":false,"excerpt":"La batalla acaba de comenzar para las 300.000 empresas que buscan que se les reembolsen US$ 134.000 millones en aranceles.Result\u00f3 que convencer a seis jueces de la Corte Suprema de que el presidente Donald Trump excedi\u00f3 su autoridad al imponer aranceles generalizados bajo poderes econ\u00f3micos de emergencia fue la parte\u2026","rel":"","context":"In &quot;Noticias Nacionales&quot;","block_context":{"text":"Noticias Nacionales","link":"https:\/\/noticiasya.com\/midland-odessa\/categoria\/noticias-nacionales"},"img":{"alt_text":"","src":"","width":0,"height":0},"classes":[]}],"jetpack_sharing_enabled":true,"_links":{"self":[{"href":"https:\/\/noticiasya.com\/midland-odessa\/wp-json\/wp\/v2\/posts\/1468907","targetHints":{"allow":["GET"]}}],"collection":[{"href":"https:\/\/noticiasya.com\/midland-odessa\/wp-json\/wp\/v2\/posts"}],"about":[{"href":"https:\/\/noticiasya.com\/midland-odessa\/wp-json\/wp\/v2\/types\/post"}],"replies":[{"embeddable":true,"href":"https:\/\/noticiasya.com\/midland-odessa\/wp-json\/wp\/v2\/comments?post=1468907"}],"version-history":[{"count":0,"href":"https:\/\/noticiasya.com\/midland-odessa\/wp-json\/wp\/v2\/posts\/1468907\/revisions"}],"wp:attachment":[{"href":"https:\/\/noticiasya.com\/midland-odessa\/wp-json\/wp\/v2\/media?parent=1468907"}],"wp:term":[{"taxonomy":"category","embeddable":true,"href":"https:\/\/noticiasya.com\/midland-odessa\/wp-json\/wp\/v2\/categories?post=1468907"},{"taxonomy":"post_tag","embeddable":true,"href":"https:\/\/noticiasya.com\/midland-odessa\/wp-json\/wp\/v2\/tags?post=1468907"}],"curies":[{"name":"wp","href":"https:\/\/api.w.org\/{rel}","templated":true}]}}