{"id":1468917,"date":"2025-12-03T04:03:52","date_gmt":"2025-12-03T12:03:52","guid":{"rendered":"https:\/\/noticiasya.com\/2025\/12\/03\/joaquin-guzman-lopez-secuestro-mayo-zambada-orix\/"},"modified":"2025-12-03T04:03:52","modified_gmt":"2025-12-03T12:03:52","slug":"joaquin-guzman-lopez-secuestro-mayo-zambada-orix","status":"publish","type":"post","link":"https:\/\/noticiasya.com\/midland-odessa\/2025\/12\/03\/joaquin-guzman-lopez-secuestro-mayo-zambada-orix\/","title":{"rendered":"Enga\u00f1ado, esposado y sedado: as\u00ed fue el &#171;secuestro&#187; del Mayo Zambada antes de su detenci\u00f3n en EE.UU., seg\u00fan Guzm\u00e1n L\u00f3pez"},"content":{"rendered":"<p>Fue una de las <a href=\"https:\/\/cnnespanol.cnn.com\/2024\/07\/26\/detienen-ismael-el-mayo-zambada-cartel-de-sinaloa-trax\">noticias<\/a> m\u00e1s sonadas del a\u00f1o pasado. No era para menos. Se trataba de la detenci\u00f3n en Estados Unidos de dos de los l\u00edderes del Cartel de Sinaloa, uno de los m\u00e1s poderosos y conocidos dentro y fuera de M\u00e9xico. <a href=\"https:\/\/cnnespanol.cnn.com\/2024\/08\/28\/quien-es-joaquin-guzman-lopez-hijo-del-chapo-guzman-orix\">Joaqu\u00edn Guzm\u00e1n L\u00f3pez<\/a>, hijo de Joaqu\u00edn \u201cChapo\u201d Guzm\u00e1n \u2014cofundador del cartel\u2014 y uno de los jefes de la facci\u00f3n de \u201cLos Chapitos\u201d, e <a href=\"https:\/\/cnnespanol.cnn.com\/2025\/08\/25\/eeuu\/ismael-mayo-zambada-declara-culpable-orix\">Ismael \u201cMayo\u201d Zambada<\/a> \u2014otro de los fundadores del cartel\u2014 estaban ahora bajo custodia del Gobierno de EE.UU.<\/p>\n<p>Hay <a href=\"https:\/\/cnnespanol.cnn.com\/video\/detalles-captura-mayo-zambada-mirador-mundial-tv\">algunas<\/a> <a href=\"https:\/\/cnnespanol.cnn.com\/2024\/07\/29\/arresto-mayo-zambada-joaquin-guzman-lopez-cartel-sinaloa-tribunales-eeuu-trax\">versiones<\/a> de c\u00f3mo sucedi\u00f3 esa detenci\u00f3n. Sin embargo, casi un a\u00f1o y medio despu\u00e9s de ese hecho, por primera vez est\u00e1 disponible la versi\u00f3n de uno de los involucrados directamente.<\/p>\n<p>Guzm\u00e1n L\u00f3pez asegur\u00f3 este lunes, en su declaraci\u00f3n de <a href=\"https:\/\/cnnespanol.cnn.com\/2025\/12\/01\/eeuu\/joaquin-guzman-lopez-hijo-el-chapo-se-declara-culpable-ap\">culpabilidad<\/a> por cargos de narcotr\u00e1fico en EE.UU., que orquest\u00f3 una reuni\u00f3n con el Mayo para, posteriormente, subirlo a la fuerza a un avi\u00f3n que los llevar\u00eda a ambos a territorio estadounidense.<\/p>\n<p>Seg\u00fan la declaraci\u00f3n de culpabilidad, <a href=\"https:\/\/cnnespanol.cnn.com\/2025\/12\/01\/eeuu\/video\/joaquin-guzman-lopez-culpable-chapo-ush-dusa-tv\">Guzm\u00e1n L\u00f3pez<\/a> organiz\u00f3 una reuni\u00f3n en el estado de Sinaloa, en el noroeste de M\u00e9xico, con una persona identificada como \u201cIndividuo A\u201d.<\/p>\n<p>Si bien no se menciona literalmente el nombre de Zambada, la reuni\u00f3n de \u201cIndividuo A\u201d con Guzm\u00e1n L\u00f3pez tiene lugar el 25 de julio de 2024, el <a href=\"https:\/\/cnnespanol.cnn.com\/2024\/07\/26\/detienen-ismael-el-mayo-zambada-cartel-de-sinaloa-trax\">mismo d\u00eda<\/a> de la detenci\u00f3n en EE.UU. de ambos l\u00edderes del C\u00e1rtel de Sinaloa.<\/p>\n<p>CNN consult\u00f3 a Jeffrey Lichtman, abogado de Guzm\u00e1n L\u00f3pez, para saber si quien confirm\u00f3 que el \u00f3 au\u201cIndividuo A\u201d es el Mayo, pero no ha obtenido confirmaci\u00f3n.<\/p>\n<p>La declaraci\u00f3n de culpabilidad se\u00f1ala que Guzm\u00e1n L\u00f3pez atrajo al Mayo a la reuni\u00f3n tras decirle que su presencia era necesaria para resolver un \u201cdesacuerdo\u201d entre el hijo del Chapo y otros.<\/p>\n<p>En el lugar de la reuni\u00f3n, Guzm\u00e1n L\u00f3pez le habr\u00eda pedido a Zambada que fuera a una habitaci\u00f3n privada para hablar, a la que previamente le habr\u00eda quitado una ventana grande sin que el Mayo lo supiera, se\u00f1ala la declaraci\u00f3n de culpabilidad.<\/p>\n<p>\u201cUna vez que ambos hombres se quedaron solos en la habitaci\u00f3n, Guzm\u00e1n L\u00f3pez cerr\u00f3 la puerta con llave. En ese momento, seg\u00fan lo coordinado por Guzm\u00e1n L\u00f3pez, varios hombres que trabajaban para Guzm\u00e1n L\u00f3pez entraron en la habitaci\u00f3n por el espacio que qued\u00f3 tras quitar la ventana y esposaron al Individuo A y le colocaron una bolsa en la cabeza\u201d, dice la declaraci\u00f3n del hijo del Chapo.<\/p>\n<p>Agrega que los hombres iban armados y se llevaron al Mayo Zambada en la parte trasera de una camioneta, en la que tambi\u00e9n iba a bordo Guzm\u00e1n L\u00f3pez.<\/p>\n<p>Manejaron entre 10 y 15 minutos, indica el documento, hasta llegar a una pista de aterrizaje donde una avioneta ya los estaba esperando.<\/p>\n<p>Los hombres armados subieron al Mayo al avi\u00f3n, \u201cal que tambi\u00e9n subieron Guzm\u00e1n L\u00f3pez y un piloto. El Individuo A fue atado con bridas a uno de los asientos\u201d, se\u00f1ala el documento judicial.<\/p>\n<p>Cuando despeg\u00f3 el avi\u00f3n, asegur\u00f3 Guzm\u00e1n L\u00f3pez en su declaraci\u00f3n, prepar\u00f3 una bebida con sedantes, \u201cparte de la cual bebi\u00f3 \u00e9l mismo y le dio la otra al Individuo A\u201d.<\/p>\n<p>El avi\u00f3n, seg\u00fan la orden de Guzm\u00e1n L\u00f3pez, viaj\u00f3 de M\u00e9xico a EE.UU. y aterriz\u00f3 en Nuevo M\u00e9xico.<\/p>\n<p>La declaraci\u00f3n dice que \u201cGuzm\u00e1n L\u00f3pez coordin\u00f3 y cometi\u00f3 el secuestro del Individuo A, entre otras razones, con la esperanza de obtener cr\u00e9ditos por cooperaci\u00f3n del Gobierno de Estados Unidos para \u00e9l y su hermano\u201d, Ovidio Guzm\u00e1n L\u00f3pez, <a href=\"https:\/\/cnnespanol.cnn.com\/2025\/07\/11\/eeuu\/ovidio-guzman-se-declara-culpable-caso-narcotrafico-ap\">quien se declar\u00f3 culpable<\/a> en EE.UU. en julio de este a\u00f1o de cargos de narcotr\u00e1fico, lavado de dinero y armas de fuego, relacionados con su liderazgo en el C\u00e1rtel de Sinaloa.<\/p>\n<p>\u201cSin embargo, Guzm\u00e1n L\u00f3pez reconoce que el Gobierno de Estados Unidos no solicit\u00f3, indujo, sancion\u00f3, aprob\u00f3 ni toler\u00f3 el secuestro. Guzm\u00e1n L\u00f3pez reconoce, adem\u00e1s, que, como se explica m\u00e1s adelante, ni \u00e9l ni su hermano recibir\u00e1n cr\u00e9ditos por cooperaci\u00f3n por el secuestro\u201d, agrega el documento judicial.<\/p>\n<p>Tras la detenci\u00f3n de Zambada y Guzm\u00e1n L\u00f3pez, el Gobierno de Estados Unidos <a href=\"https:\/\/cnnespanol.cnn.com\/2024\/07\/26\/detienen-ismael-el-mayo-zambada-cartel-de-sinaloa-trax\/#:~:text=El%20Departamento%20de%20Justicia%20dijo%20que%20ambos%20hombres%20enfrentan%20varios%20cargos%20%E2%80%9Cpor%20liderar%20las%20operaciones%20criminales%20del%20c%C3%A1rtel%2C%20incluidas%20sus%20mort%C3%ADferas%20redes%20de%20fabricaci%C3%B3n%20y%20tr%C3%A1fico%20de%20fentanilo%E2%80%9D.\">dijo<\/a> que ambos hombres enfrentaban varios cargos \u201cpor liderar las operaciones criminales del c\u00e1rtel (de Sinaloa), incluidas sus mort\u00edferas redes de fabricaci\u00f3n y tr\u00e1fico de fentanilo\u201d. Sin embargo, los <a href=\"https:\/\/cnnespanol.cnn.com\/2024\/07\/29\/arresto-mayo-zambada-joaquin-guzman-lopez-cartel-sinaloa-tribunales-eeuu-trax#:~:text=Una%20fuente%20de,dijo%20la%20fuente.\">detalles<\/a> de la operaci\u00f3n fueron muy restringidos dentro de la administraci\u00f3n estadounidense.<\/p>\n<p>En la operaci\u00f3n encubierta para atrapar a Zambada se enga\u00f1\u00f3 al presunto narcotraficante para que volara a Estados Unidos, <a href=\"https:\/\/cnnespanol.cnn.com\/2024\/07\/26\/detienen-ismael-el-mayo-zambada-cartel-de-sinaloa-trax\/\">seg\u00fan<\/a> declararon a CNN dos funcionarios de las fuerzas del orden familiarizados con el asunto. Varios agentes del FBI <a href=\"https:\/\/cnnespanol.cnn.com\/2024\/07\/26\/detienen-ismael-el-mayo-zambada-cartel-de-sinaloa-trax\/#:~:text=Agentes%20del%20FBI%20detuvieron%20a%20los%20dos%20presuntos%20capos%20de%20la%20droga%20tras%20aterrizar%20en%20El%20Paso.\">detuvieron<\/a> a los dos supuestos capos de la droga tras su aterrizaje en Estados Unidos.<\/p>\n<p>Si bien inicialmente se declar\u00f3 <a href=\"https:\/\/cnnespanol.cnn.com\/2024\/09\/13\/ismael-el-mayo-zambada-se-declara-inocente-nueva-york-orix\/\">inocente<\/a> en septiembre de 2024, el Mayo Zambada <a href=\"https:\/\/cnnespanol.cnn.com\/2025\/08\/25\/eeuu\/ismael-mayo-zambada-declara-culpable-orix\">cambi\u00f3 su declaraci\u00f3n<\/a> en agosto de este a\u00f1o a culpable de los cargos de asociaci\u00f3n il\u00edcita y de dirigir una empresa criminal continua.<\/p>\n<p>Tras la declaraci\u00f3n de culpabilidad del Mayo Zambada, el Gobierno de EE.UU. <a href=\"https:\/\/cnnespanol.cnn.com\/2025\/08\/25\/eeuu\/culpabilidad-mayo-bondi-cartel-sinaloa-decapitado-orix\">dijo<\/a> que el Cartel de Sinaloa hab\u00eda sido \u201cdecapitado\u201d, pero advirti\u00f3 que la lucha contra el narcotr\u00e1fico continuar\u00e1 hasta desmantelar por completo estas organizaciones criminales.<\/p>\n<p>Esta versi\u00f3n de Guzm\u00e1n L\u00f3pez coincide con la que Frank P\u00e9rez, abogado del Mayo Zambada, dio a conocer el a\u00f1o pasado, tras la detenci\u00f3n ocurrida en Estados Unidos.<\/p>\n<p>En una conversaci\u00f3n telef\u00f3nica y una declaraci\u00f3n enviada a CNN en julio de 2024, P\u00e9rez dijo que <a href=\"https:\/\/cnnespanol.cnn.com\/2024\/07\/28\/abogado-mayo-zambada-secuestrado-fuerza-hijo-chapo-trax\/\">Zambada fue secuestrado.<\/a><\/p>\n<p>\u201cJoaqu\u00edn Guzm\u00e1n L\u00f3pez secuestr\u00f3 por la fuerza a mi cliente. Fue emboscado, tirado al suelo y esposado por seis hombres con uniformes militares, as\u00ed como por Joaqu\u00edn. Le ataron las piernas y le colocaron una bolsa negra en la cabeza\u201d, dijo P\u00e9rez a CNN.<\/p>\n<p>Seg\u00fan P\u00e9rez, tambi\u00e9n coinciden en la forma en que subieron al Mayo al avi\u00f3n y en las personas que viajaron en \u00e9l.<\/p>\n<p>\u201cLuego lo metieron en la parte trasera de una camioneta y lo llevaron a una pista de aterrizaje. All\u00ed le obligaron a subir a un avi\u00f3n, con las piernas atadas al asiento por Joaqu\u00edn, y lo llevaron a Estados Unidos contra su voluntad. Las \u00fanicas personas que viajaban en el avi\u00f3n eran el piloto, Joaqu\u00edn y mi cliente\u201d, agreg\u00f3 el abogado de Zambada.<\/p>\n<p><em>Con informaci\u00f3n de Polo Sandoval, Holmes Lybrand, Evan Perez, Eric Levenson, Fidel Guti\u00e9rrez, Sahar Akbarzai y Mark Morales<\/em><\/p>\n<p>The-CNN-Wire<br \/>&trade; &amp; &copy; 2025 Cable News Network, Inc., a Warner Bros. Discovery Company. All rights reserved.<\/p>\n","protected":false},"excerpt":{"rendered":"<p>Fue una de las noticias m\u00e1s sonadas del a\u00f1o pasado. No era para menos. Se trataba de la detenci\u00f3n en Estados Unidos de dos de los l\u00edderes del Cartel de Sinaloa, uno de los m\u00e1s poderosos y conocidos dentro y fuera de M\u00e9xico. Joaqu\u00edn Guzm\u00e1n L\u00f3pez, hijo de Joaqu\u00edn \u201cChapo\u201d Guzm\u00e1n \u2014cofundador del cartel\u2014 y [&hellip;]<\/p>\n","protected":false},"author":0,"featured_media":0,"comment_status":"open","ping_status":"open","sticky":false,"template":"","format":"standard","meta":{"_jetpack_memberships_contains_paid_content":false,"footnotes":""},"categories":[10],"tags":[],"class_list":["post-1468917","post","type-post","status-publish","format-standard","hentry","category-noticias-nacionales","market-global"],"yoast_head":"<!-- This site is optimized with the Yoast SEO plugin v24.4 - https:\/\/yoast.com\/wordpress\/plugins\/seo\/ -->\n<title>Enga\u00f1ado, esposado y sedado: as\u00ed fue el &quot;secuestro&quot; del Mayo Zambada antes de su detenci\u00f3n en EE.UU., seg\u00fan Guzm\u00e1n L\u00f3pez - Noticias<\/title>\n<meta name=\"robots\" content=\"index, follow, max-snippet:-1, max-image-preview:large, max-video-preview:-1\" \/>\n<link rel=\"canonical\" href=\"https:\/\/noticiasya.com\/2025\/12\/03\/joaquin-guzman-lopez-secuestro-mayo-zambada-orix\/\" \/>\n<meta property=\"og:locale\" content=\"es_ES\" \/>\n<meta property=\"og:type\" content=\"article\" \/>\n<meta property=\"og:title\" content=\"Enga\u00f1ado, esposado y sedado: as\u00ed fue el &quot;secuestro&quot; del Mayo Zambada antes de su detenci\u00f3n en EE.UU., seg\u00fan Guzm\u00e1n L\u00f3pez - Noticias\" \/>\n<meta property=\"og:description\" content=\"Fue una de las noticias m\u00e1s sonadas del a\u00f1o pasado. No era para menos. Se trataba de la detenci\u00f3n en Estados Unidos de dos de los l\u00edderes del Cartel de Sinaloa, uno de los m\u00e1s poderosos y conocidos dentro y fuera de M\u00e9xico. Joaqu\u00edn Guzm\u00e1n L\u00f3pez, hijo de Joaqu\u00edn \u201cChapo\u201d Guzm\u00e1n \u2014cofundador del cartel\u2014 y [&hellip;]\" \/>\n<meta property=\"og:url\" content=\"https:\/\/noticiasya.com\/2025\/12\/03\/joaquin-guzman-lopez-secuestro-mayo-zambada-orix\/\" \/>\n<meta property=\"og:site_name\" content=\"Noticias\" \/>\n<meta property=\"article:published_time\" content=\"2025-12-03T12:03:52+00:00\" \/>\n<meta name=\"twitter:card\" content=\"summary_large_image\" \/>\n<meta name=\"twitter:label1\" content=\"Est. reading time\" \/>\n\t<meta name=\"twitter:data1\" content=\"6 minutos\" \/>\n<script type=\"application\/ld+json\" class=\"yoast-schema-graph\">{\"@context\":\"https:\/\/schema.org\",\"@graph\":[{\"@type\":\"Article\",\"@id\":\"https:\/\/noticiasya.com\/2025\/12\/03\/joaquin-guzman-lopez-secuestro-mayo-zambada-orix\/#article\",\"isPartOf\":{\"@id\":\"https:\/\/noticiasya.com\/2025\/12\/03\/joaquin-guzman-lopez-secuestro-mayo-zambada-orix\/\"},\"author\":{\"name\":\"\",\"@id\":\"\"},\"headline\":\"Enga\u00f1ado, esposado y sedado: as\u00ed fue el &#171;secuestro&#187; del Mayo Zambada antes de su detenci\u00f3n en EE.UU., seg\u00fan Guzm\u00e1n L\u00f3pez\",\"datePublished\":\"2025-12-03T12:03:52+00:00\",\"mainEntityOfPage\":{\"@id\":\"https:\/\/noticiasya.com\/2025\/12\/03\/joaquin-guzman-lopez-secuestro-mayo-zambada-orix\/\"},\"wordCount\":1198,\"commentCount\":0,\"publisher\":{\"@id\":\"https:\/\/noticiasya.com\/#organization\"},\"articleSection\":[\"Noticias Nacionales\"],\"inLanguage\":\"es\",\"potentialAction\":[{\"@type\":\"CommentAction\",\"name\":\"Comment\",\"target\":[\"https:\/\/noticiasya.com\/2025\/12\/03\/joaquin-guzman-lopez-secuestro-mayo-zambada-orix\/#respond\"]}]},{\"@type\":\"WebPage\",\"@id\":\"https:\/\/noticiasya.com\/2025\/12\/03\/joaquin-guzman-lopez-secuestro-mayo-zambada-orix\/\",\"url\":\"https:\/\/noticiasya.com\/2025\/12\/03\/joaquin-guzman-lopez-secuestro-mayo-zambada-orix\/\",\"name\":\"Enga\u00f1ado, esposado y sedado: as\u00ed fue el \\\"secuestro\\\" del Mayo Zambada antes de su detenci\u00f3n en EE.UU., seg\u00fan Guzm\u00e1n L\u00f3pez - Noticias\",\"isPartOf\":{\"@id\":\"https:\/\/noticiasya.com\/#website\"},\"datePublished\":\"2025-12-03T12:03:52+00:00\",\"breadcrumb\":{\"@id\":\"https:\/\/noticiasya.com\/2025\/12\/03\/joaquin-guzman-lopez-secuestro-mayo-zambada-orix\/#breadcrumb\"},\"inLanguage\":\"es\",\"potentialAction\":[{\"@type\":\"ReadAction\",\"target\":[\"https:\/\/noticiasya.com\/2025\/12\/03\/joaquin-guzman-lopez-secuestro-mayo-zambada-orix\/\"]}]},{\"@type\":\"BreadcrumbList\",\"@id\":\"https:\/\/noticiasya.com\/2025\/12\/03\/joaquin-guzman-lopez-secuestro-mayo-zambada-orix\/#breadcrumb\",\"itemListElement\":[{\"@type\":\"ListItem\",\"position\":1,\"name\":\"Home\",\"item\":\"https:\/\/noticiasya.com\/\"},{\"@type\":\"ListItem\",\"position\":2,\"name\":\"Enga\u00f1ado, esposado y sedado: as\u00ed fue el &#171;secuestro&#187; del Mayo Zambada antes de su detenci\u00f3n en EE.UU., seg\u00fan Guzm\u00e1n L\u00f3pez\"}]},{\"@type\":\"WebSite\",\"@id\":\"https:\/\/noticiasya.com\/#website\",\"url\":\"https:\/\/noticiasya.com\/\",\"name\":\"Noticias\",\"description\":\"Lo que importa\",\"publisher\":{\"@id\":\"https:\/\/noticiasya.com\/#organization\"},\"potentialAction\":[{\"@type\":\"SearchAction\",\"target\":{\"@type\":\"EntryPoint\",\"urlTemplate\":\"https:\/\/noticiasya.com\/?s={search_term_string}\"},\"query-input\":{\"@type\":\"PropertyValueSpecification\",\"valueRequired\":true,\"valueName\":\"search_term_string\"}}],\"inLanguage\":\"es\"},{\"@type\":\"Organization\",\"@id\":\"https:\/\/noticiasya.com\/#organization\",\"name\":\"Noticias\",\"url\":\"https:\/\/noticiasya.com\/\",\"logo\":{\"@type\":\"ImageObject\",\"inLanguage\":\"es\",\"@id\":\"https:\/\/noticiasya.com\/#\/schema\/logo\/image\/\",\"url\":\"https:\/\/noticiasya.com\/wp-content\/uploads\/sites\/22\/2023\/12\/logo-nacional.png\",\"contentUrl\":\"https:\/\/noticiasya.com\/wp-content\/uploads\/sites\/22\/2023\/12\/logo-nacional.png\",\"width\":1801,\"height\":691,\"caption\":\"Noticias\"},\"image\":{\"@id\":\"https:\/\/noticiasya.com\/#\/schema\/logo\/image\/\"}}]}<\/script>\n<!-- \/ Yoast SEO plugin. -->","yoast_head_json":{"title":"Enga\u00f1ado, esposado y sedado: as\u00ed fue el \"secuestro\" del Mayo Zambada antes de su detenci\u00f3n en EE.UU., seg\u00fan Guzm\u00e1n L\u00f3pez - Noticias","robots":{"index":"index","follow":"follow","max-snippet":"max-snippet:-1","max-image-preview":"max-image-preview:large","max-video-preview":"max-video-preview:-1"},"canonical":"https:\/\/noticiasya.com\/2025\/12\/03\/joaquin-guzman-lopez-secuestro-mayo-zambada-orix\/","og_locale":"es_ES","og_type":"article","og_title":"Enga\u00f1ado, esposado y sedado: as\u00ed fue el \"secuestro\" del Mayo Zambada antes de su detenci\u00f3n en EE.UU., seg\u00fan Guzm\u00e1n L\u00f3pez - Noticias","og_description":"Fue una de las noticias m\u00e1s sonadas del a\u00f1o pasado. No era para menos. Se trataba de la detenci\u00f3n en Estados Unidos de dos de los l\u00edderes del Cartel de Sinaloa, uno de los m\u00e1s poderosos y conocidos dentro y fuera de M\u00e9xico. Joaqu\u00edn Guzm\u00e1n L\u00f3pez, hijo de Joaqu\u00edn \u201cChapo\u201d Guzm\u00e1n \u2014cofundador del cartel\u2014 y [&hellip;]","og_url":"https:\/\/noticiasya.com\/2025\/12\/03\/joaquin-guzman-lopez-secuestro-mayo-zambada-orix\/","og_site_name":"Noticias","article_published_time":"2025-12-03T12:03:52+00:00","twitter_card":"summary_large_image","twitter_misc":{"Est. reading time":"6 minutos"},"schema":{"@context":"https:\/\/schema.org","@graph":[{"@type":"Article","@id":"https:\/\/noticiasya.com\/2025\/12\/03\/joaquin-guzman-lopez-secuestro-mayo-zambada-orix\/#article","isPartOf":{"@id":"https:\/\/noticiasya.com\/2025\/12\/03\/joaquin-guzman-lopez-secuestro-mayo-zambada-orix\/"},"author":{"name":"","@id":""},"headline":"Enga\u00f1ado, esposado y sedado: as\u00ed fue el &#171;secuestro&#187; del Mayo Zambada antes de su detenci\u00f3n en EE.UU., seg\u00fan Guzm\u00e1n L\u00f3pez","datePublished":"2025-12-03T12:03:52+00:00","mainEntityOfPage":{"@id":"https:\/\/noticiasya.com\/2025\/12\/03\/joaquin-guzman-lopez-secuestro-mayo-zambada-orix\/"},"wordCount":1198,"commentCount":0,"publisher":{"@id":"https:\/\/noticiasya.com\/#organization"},"articleSection":["Noticias Nacionales"],"inLanguage":"es","potentialAction":[{"@type":"CommentAction","name":"Comment","target":["https:\/\/noticiasya.com\/2025\/12\/03\/joaquin-guzman-lopez-secuestro-mayo-zambada-orix\/#respond"]}]},{"@type":"WebPage","@id":"https:\/\/noticiasya.com\/2025\/12\/03\/joaquin-guzman-lopez-secuestro-mayo-zambada-orix\/","url":"https:\/\/noticiasya.com\/2025\/12\/03\/joaquin-guzman-lopez-secuestro-mayo-zambada-orix\/","name":"Enga\u00f1ado, esposado y sedado: as\u00ed fue el \"secuestro\" del Mayo Zambada antes de su detenci\u00f3n en EE.UU., seg\u00fan Guzm\u00e1n L\u00f3pez - Noticias","isPartOf":{"@id":"https:\/\/noticiasya.com\/#website"},"datePublished":"2025-12-03T12:03:52+00:00","breadcrumb":{"@id":"https:\/\/noticiasya.com\/2025\/12\/03\/joaquin-guzman-lopez-secuestro-mayo-zambada-orix\/#breadcrumb"},"inLanguage":"es","potentialAction":[{"@type":"ReadAction","target":["https:\/\/noticiasya.com\/2025\/12\/03\/joaquin-guzman-lopez-secuestro-mayo-zambada-orix\/"]}]},{"@type":"BreadcrumbList","@id":"https:\/\/noticiasya.com\/2025\/12\/03\/joaquin-guzman-lopez-secuestro-mayo-zambada-orix\/#breadcrumb","itemListElement":[{"@type":"ListItem","position":1,"name":"Home","item":"https:\/\/noticiasya.com\/"},{"@type":"ListItem","position":2,"name":"Enga\u00f1ado, esposado y sedado: as\u00ed fue el &#171;secuestro&#187; del Mayo Zambada antes de su detenci\u00f3n en EE.UU., seg\u00fan Guzm\u00e1n L\u00f3pez"}]},{"@type":"WebSite","@id":"https:\/\/noticiasya.com\/#website","url":"https:\/\/noticiasya.com\/","name":"Noticias","description":"Lo que importa","publisher":{"@id":"https:\/\/noticiasya.com\/#organization"},"potentialAction":[{"@type":"SearchAction","target":{"@type":"EntryPoint","urlTemplate":"https:\/\/noticiasya.com\/?s={search_term_string}"},"query-input":{"@type":"PropertyValueSpecification","valueRequired":true,"valueName":"search_term_string"}}],"inLanguage":"es"},{"@type":"Organization","@id":"https:\/\/noticiasya.com\/#organization","name":"Noticias","url":"https:\/\/noticiasya.com\/","logo":{"@type":"ImageObject","inLanguage":"es","@id":"https:\/\/noticiasya.com\/#\/schema\/logo\/image\/","url":"https:\/\/noticiasya.com\/wp-content\/uploads\/sites\/22\/2023\/12\/logo-nacional.png","contentUrl":"https:\/\/noticiasya.com\/wp-content\/uploads\/sites\/22\/2023\/12\/logo-nacional.png","width":1801,"height":691,"caption":"Noticias"},"image":{"@id":"https:\/\/noticiasya.com\/#\/schema\/logo\/image\/"}}]}},"parsely":{"version":"1.1.0","canonical_url":"https:\/\/noticiasya.com\/midland-odessa\/2025\/12\/03\/joaquin-guzman-lopez-secuestro-mayo-zambada-orix\/","smart_links":{"inbound":0,"outbound":0},"traffic_boost_suggestions_count":0,"meta":{"@context":"https:\/\/schema.org","@type":"NewsArticle","headline":"Enga\u00f1ado, esposado y sedado: as\u00ed fue el &#171;secuestro&#187; del Mayo Zambada antes de su detenci\u00f3n en EE.UU., seg\u00fan Guzm\u00e1n L\u00f3pez","url":"http:\/\/noticiasya.com\/midland-odessa\/2025\/12\/03\/joaquin-guzman-lopez-secuestro-mayo-zambada-orix\/","mainEntityOfPage":{"@type":"WebPage","@id":"http:\/\/noticiasya.com\/midland-odessa\/2025\/12\/03\/joaquin-guzman-lopez-secuestro-mayo-zambada-orix\/"},"thumbnailUrl":"","image":{"@type":"ImageObject","url":""},"articleSection":"Noticias Nacionales","author":[],"creator":[],"publisher":{"@type":"Organization","name":"Noticias","logo":""},"keywords":[],"dateCreated":"2025-12-03T12:03:52Z","datePublished":"2025-12-03T12:03:52Z","dateModified":"2025-12-03T12:03:52Z"},"rendered":"<script type=\"application\/ld+json\" class=\"wp-parsely-metadata\">{\"@context\":\"https:\\\/\\\/schema.org\",\"@type\":\"NewsArticle\",\"headline\":\"Enga\\u00f1ado, esposado y sedado: as\\u00ed fue el &#171;secuestro&#187; del Mayo Zambada antes de su detenci\\u00f3n en EE.UU., seg\\u00fan Guzm\\u00e1n L\\u00f3pez\",\"url\":\"http:\\\/\\\/noticiasya.com\\\/midland-odessa\\\/2025\\\/12\\\/03\\\/joaquin-guzman-lopez-secuestro-mayo-zambada-orix\\\/\",\"mainEntityOfPage\":{\"@type\":\"WebPage\",\"@id\":\"http:\\\/\\\/noticiasya.com\\\/midland-odessa\\\/2025\\\/12\\\/03\\\/joaquin-guzman-lopez-secuestro-mayo-zambada-orix\\\/\"},\"thumbnailUrl\":\"\",\"image\":{\"@type\":\"ImageObject\",\"url\":\"\"},\"articleSection\":\"Noticias Nacionales\",\"author\":[],\"creator\":[],\"publisher\":{\"@type\":\"Organization\",\"name\":\"Noticias\",\"logo\":\"\"},\"keywords\":[],\"dateCreated\":\"2025-12-03T12:03:52Z\",\"datePublished\":\"2025-12-03T12:03:52Z\",\"dateModified\":\"2025-12-03T12:03:52Z\"}<\/script>","tracker_url":"https:\/\/cdn.parsely.com\/keys\/noticiasya.com\/p.js"},"jetpack_featured_media_url":"","jetpack-related-posts":[{"id":1451446,"url":"https:\/\/noticiasya.com\/midland-odessa\/2024\/07\/26\/mayo-zambada-asi-se-entero-gobierno-mexico-detencion-joaquin-guzman-orix\/","url_meta":{"origin":1468917,"position":0},"title":"As\u00ed se enter\u00f3 el Gobierno mexicano de la detenci\u00f3n de Ismael &#171;El Mayo&#187; Zambada y Joaqu\u00edn Guzm\u00e1n","author":"","date":"julio 26, 2024","format":false,"excerpt":"(CNN Espa\u00f1ol) -- La secretaria de Seguridad y Protecci\u00f3n Ciudadana de M\u00e9xico Rosa Icela Rodr\u00edguez confirm\u00f3 que el Gobierno de ese pa\u00eds no particip\u00f3 en la detenci\u00f3n de Ismael \"El Mayo\" Zambada y de Joaqu\u00edn Guzm\u00e1n L\u00f3pez. Rodr\u00edguez present\u00f3 un informe en la conferencia de prensa matutina del presidente Andr\u00e9s\u2026","rel":"","context":"In &quot;Noticias Nacionales&quot;","block_context":{"text":"Noticias Nacionales","link":"https:\/\/noticiasya.com\/midland-odessa\/categoria\/noticias-nacionales"},"img":{"alt_text":"","src":"","width":0,"height":0},"classes":[]},{"id":1451435,"url":"https:\/\/noticiasya.com\/midland-odessa\/2024\/07\/26\/hijo-chapo-guzman-mayo-zamaba-ayuda-detencion-trax\/","url_meta":{"origin":1468917,"position":1},"title":"Uno de los hijos del Chapo Guzm\u00e1n ayud\u00f3 a capturar a &#171;El Mayo&#187; Zambada","author":"","date":"julio 26, 2024","format":false,"excerpt":"(CNN) -- La operaci\u00f3n estadounidense para capturar a los l\u00edderes del c\u00e1rtel de Sinaloa cont\u00f3 con la ayuda interna de uno de los hijos del Chapo Guzm\u00e1n, seg\u00fan un funcionario policial estadounidense informado sobre la investigaci\u00f3n.Ismael Zambada Garc\u00eda, conocido como \u201cEl Mayo\u201d, y quien seg\u00fan Estados Unidos dirige una facci\u00f3n\u2026","rel":"","context":"In &quot;Noticias Nacionales&quot;","block_context":{"text":"Noticias Nacionales","link":"https:\/\/noticiasya.com\/midland-odessa\/categoria\/noticias-nacionales"},"img":{"alt_text":"","src":"","width":0,"height":0},"classes":[]},{"id":1451873,"url":"https:\/\/noticiasya.com\/midland-odessa\/2024\/08\/14\/muerto-desaparecido-piloto-incognitas-arresto-caso-zambada-orix\/","url_meta":{"origin":1468917,"position":2},"title":"Un muerto, un desaparecido y un piloto sin identificar, algunas de las inc\u00f3gnitas en la trama que rodea el caso Zambada","author":"","date":"agosto 14, 2024","format":false,"excerpt":"(CNN Espa\u00f1ol) -- A tres semanas del arresto en Estados Unidos de los presuntos narcotraficantes Ismael \u201cel Mayo\u201d Zambada y Joaqu\u00edn Guzm\u00e1n L\u00f3pez, hijo de Joaqu\u00edn \u201cel Chapo\u201d Guzm\u00e1n, el Gobierno de M\u00e9xico est\u00e1 insatisfecho con la versi\u00f3n que ofreci\u00f3 el Gobierno estadounidense y decidi\u00f3 abrir su propia investigaci\u00f3n a\u2026","rel":"","context":"In &quot;Noticias Nacionales&quot;","block_context":{"text":"Noticias Nacionales","link":"https:\/\/noticiasya.com\/midland-odessa\/categoria\/noticias-nacionales"},"img":{"alt_text":"","src":"","width":0,"height":0},"classes":[]},{"id":1455209,"url":"https:\/\/noticiasya.com\/midland-odessa\/2024\/10\/17\/oficina-federal-prisiones-joaquin-guzman-lopez-no-esta-bajo-su-custodia-orix\/","url_meta":{"origin":1468917,"position":3},"title":"La Oficina Federal de Prisiones de EE.UU. indica que Joaqu\u00edn Guzm\u00e1n L\u00f3pez no est\u00e1 bajo su custodia desde este mi\u00e9rcoles","author":"","date":"octubre 17, 2024","format":false,"excerpt":"(CNN Espa\u00f1ol) --\u00a0Los registros de la Oficina Federal de Prisiones de Estados Unidos (BOP, por sus siglas en ingl\u00e9s) indican que Joaqu\u00edn Guzm\u00e1n L\u00f3pez, quien fue detenido el 25 de julio junto con Israel \u201cEl Mayo\u201d Zambada en Estados Unidos, no est\u00e1 bajo su custodia desde el 16 de octubre,\u2026","rel":"","context":"In &quot;Noticias Nacionales&quot;","block_context":{"text":"Noticias Nacionales","link":"https:\/\/noticiasya.com\/midland-odessa\/categoria\/noticias-nacionales"},"img":{"alt_text":"","src":"","width":0,"height":0},"classes":[]},{"id":1451457,"url":"https:\/\/noticiasya.com\/midland-odessa\/2024\/07\/26\/lideres-narcotrafico-detenidos-extraditados-sexenio-amlo-orix\/","url_meta":{"origin":1468917,"position":4},"title":"L\u00edderes del narcotr\u00e1fico detenidos y extraditados durante el sexenio de Andr\u00e9s Manuel L\u00f3pez Obrador","author":"","date":"julio 26, 2024","format":false,"excerpt":"(CNN Espa\u00f1ol) --\u00a0Desde 2020, autoridades de M\u00e9xico y Estados Unidos han detenido y extraditado a seis l\u00edderes del narcotr\u00e1fico: Jos\u00e9 Antonio Y\u00e9pez, Rafael Caro Quintero, Ovidio Guzm\u00e1n, N\u00e9stor Isidoro P\u00e9rezs, Ismael Zambada y Joaqu\u00edn Guzm\u00e1n L\u00f3pez.Jos\u00e9 Antonio Y\u00e9pez, \u201cEl Marro\u201d (agosto de 2020)Jos\u00e9 Antonio Y\u00e9pez, \u201cEl Marro\u201d. (Cr\u00e9dito: Creative Commons)Jos\u00e9\u2026","rel":"","context":"In &quot;Noticias Nacionales&quot;","block_context":{"text":"Noticias Nacionales","link":"https:\/\/noticiasya.com\/midland-odessa\/categoria\/noticias-nacionales"},"img":{"alt_text":"","src":"","width":0,"height":0},"classes":[]},{"id":1451656,"url":"https:\/\/noticiasya.com\/midland-odessa\/2024\/08\/07\/ismael-mayo-zambada-trasladado-brooklyn-juicio-orix\/","url_meta":{"origin":1468917,"position":5},"title":"Ismael \u201cel Mayo\u201d Zambada ser\u00e1 juzgado en el mismo tribunal donde fue condenado el Chapo","author":"","date":"agosto 7, 2024","format":false,"excerpt":"(CNN Espa\u00f1ol) -- El presunto cofundador del C\u00e1rtel de Sinaloa Ismael \"el Mayo\" Zambada ser\u00e1 transferido desde El Paso, Texas, a Brooklyn, en Nueva York, para enfrentar un juicio, seg\u00fan confirm\u00f3 su abogado Frank P\u00e9rez a CNN. A\u00fan se desconoce la fecha exacta del traslado.Zambada, de 76 a\u00f1os, enfrentar\u00e1 juicio\u2026","rel":"","context":"In &quot;Noticias Nacionales&quot;","block_context":{"text":"Noticias Nacionales","link":"https:\/\/noticiasya.com\/midland-odessa\/categoria\/noticias-nacionales"},"img":{"alt_text":"","src":"","width":0,"height":0},"classes":[]}],"jetpack_sharing_enabled":true,"_links":{"self":[{"href":"https:\/\/noticiasya.com\/midland-odessa\/wp-json\/wp\/v2\/posts\/1468917","targetHints":{"allow":["GET"]}}],"collection":[{"href":"https:\/\/noticiasya.com\/midland-odessa\/wp-json\/wp\/v2\/posts"}],"about":[{"href":"https:\/\/noticiasya.com\/midland-odessa\/wp-json\/wp\/v2\/types\/post"}],"replies":[{"embeddable":true,"href":"https:\/\/noticiasya.com\/midland-odessa\/wp-json\/wp\/v2\/comments?post=1468917"}],"version-history":[{"count":0,"href":"https:\/\/noticiasya.com\/midland-odessa\/wp-json\/wp\/v2\/posts\/1468917\/revisions"}],"wp:attachment":[{"href":"https:\/\/noticiasya.com\/midland-odessa\/wp-json\/wp\/v2\/media?parent=1468917"}],"wp:term":[{"taxonomy":"category","embeddable":true,"href":"https:\/\/noticiasya.com\/midland-odessa\/wp-json\/wp\/v2\/categories?post=1468917"},{"taxonomy":"post_tag","embeddable":true,"href":"https:\/\/noticiasya.com\/midland-odessa\/wp-json\/wp\/v2\/tags?post=1468917"}],"curies":[{"name":"wp","href":"https:\/\/api.w.org\/{rel}","templated":true}]}}