{"id":1468933,"date":"2025-12-03T11:03:39","date_gmt":"2025-12-03T19:03:39","guid":{"rendered":"https:\/\/noticiasya.com\/2025\/12\/03\/divulgan-fotos-isla-epstein-trax\/"},"modified":"2025-12-03T11:03:39","modified_gmt":"2025-12-03T19:03:39","slug":"divulgan-fotos-isla-epstein-trax","status":"publish","type":"post","link":"https:\/\/noticiasya.com\/midland-odessa\/2025\/12\/03\/divulgan-fotos-isla-epstein-trax\/","title":{"rendered":"Dem\u00f3cratas de la C\u00e1mara de Representantes revelan fotos y videos de la isla privada de Epstein"},"content":{"rendered":"<p>Los dem\u00f3cratas de la Comisi\u00f3n de Supervisi\u00f3n de la C\u00e1mara de Representantes divulgaron este mi\u00e9rcoles nuevas fotos y videos de una isla privada en el Caribe que perteneci\u00f3 a Jeffrey Epstein, arrojando nueva luz sobre lo que fue el <a href=\"https:\/\/www.cnn.com\/2025\/11\/19\/us\/jeffrey-epstein-emails-congress-trump-invs-vis\">epicentro<\/a> de las d\u00e9cadas de abuso de ni\u00f1as y mujeres por parte del difunto delincuente sexual convicto.<\/p>\n<p>Las im\u00e1genes y los videos muestran varios dormitorios, ba\u00f1os y lo que parece ser un sill\u00f3n de dentista en una habitaci\u00f3n con mascarillas en la pared, as\u00ed como un tel\u00e9fono fijo con nombres escritos en los botones de marcaci\u00f3n r\u00e1pida, incluyendo los de Darren, Rich, Mike, Patrick y Larry.<\/p>\n<p>Varios videos capturan los opulentos terrenos de una casa que se asemeja a un resort de lujo, con piscina, palmeras y un sinuoso sendero con vista al oc\u00e9ano. Una foto parece mostrar un estudio con una pizarra: en ella se garabatean palabras como \u201cpoder\u201d, \u201cenga\u00f1o\u201d, \u201ccomplots\u201d y \u201cpol\u00edtico\u201d.<\/p>\n<p>Un asesor de la comisi\u00f3n dem\u00f3crata dijo a CNN que las fotos y los videos publicados por la comisi\u00f3n este mi\u00e9rcoles nunca se hab\u00edan hecho p\u00fablicos y que todos se captaron en la isla Little St. James, en las Islas V\u00edrgenes estadounidenses. Hay varias tachaduras en las im\u00e1genes del tel\u00e9fono y la pizarra; el asesor afirm\u00f3 que los nombres de las mujeres fueron tachados por precauci\u00f3n.<\/p>\n<p>La revelaci\u00f3n se produce poco despu\u00e9s de que el presidente de EE.UU., Donald Trump, promulgara una ley que obliga al Departamento de Justicia a <a href=\"https:\/\/www.cnn.com\/2025\/11\/18\/politics\/what-we-know-epstein-files\">divulgar los documentos relacionados con Epstein<\/a> que posee. La publicaci\u00f3n de los llamados archivos de Epstein es muy esperada y podr\u00eda ocurrir en cuesti\u00f3n de d\u00edas.<\/p>\n<p>\u201cEstas nuevas im\u00e1genes ofrecen una mirada inquietante al mundo de Jeffrey Epstein y su isla. Publicamos estas fotos y videos para garantizar la transparencia p\u00fablica en nuestra investigaci\u00f3n y ayudar a reconstruir el panorama completo de los horribles cr\u00edmenes de Epstein\u201d, dijo el representante Robert Garc\u00eda, el dem\u00f3crata de mayor rango en la Comisi\u00f3n de Supervisi\u00f3n, en un comunicado.<\/p>\n<p>Las Islas V\u00edrgenes de EE.UU. han sido durante mucho tiempo de gran inter\u00e9s para los investigadores que indagan los abusos cometidos por Epstein durante d\u00e9cadas.<br \/>Epstein era due\u00f1o privado de la isla Little St. James \u2014a veces apodada \u201cLittle St. Jeff\u2019s\u201d\u2014 y de Great St. James.<\/p>\n<p>Epstein frecuentaba sus casas all\u00ed y a menudo extend\u00eda invitaciones a muchos de sus amigos y conocidos poderosos y adinerados. Estas islas privadas permitieron a Epstein llevar a cabo su red de tr\u00e1fico sexual durante a\u00f1os fuera del ojo p\u00fablico.<\/p>\n<p>Virginia Giuffre, una de las v\u00edctimas m\u00e1s prominentes de Epstein, escribi\u00f3 en sus <a href=\"https:\/\/www.cnn.com\/2025\/10\/20\/uk\/virginia-giuffre-memoir-epstein-prince-andrew-intl\">memorias p\u00f3stumas<\/a>, por ejemplo, que fue en una de las islas \u2014cuando ten\u00eda 18 a\u00f1os\u2014 donde Epstein \u201cme trafic\u00f3 con un hombre que me viol\u00f3 m\u00e1s salvajemente que nadie antes\u201d.<\/p>\n<p>\u201cMe ahog\u00f3 repetidamente hasta que perd\u00ed el conocimiento y disfrut\u00f3 al verme temer por mi vida. Horriblemente, el primer ministro se rio cuando me lastim\u00f3 y se excit\u00f3 a\u00fan m\u00e1s cuando le rogu\u00e9 que se detuviera\u201d, escribi\u00f3 ella sobre Epstein y un l\u00edder mundial no identificado.<\/p>\n<p>Ambas islas fueron compradas por el inversionista multimillonario Stephen Deckoff en 2023. Deckoff no ha respondido a las solicitudes de comentarios de CNN sobre las islas.<\/p>\n<p>El mes pasado, la Comisi\u00f3n de Supervisi\u00f3n de la C\u00e1mara de Representantes solicit\u00f3 un lote de documentos al fiscal general de las Islas V\u00edrgenes de EE.UU., Gordon Rhea, para profundizar en la vida de Epstein en las dos islas privadas donde presuntamente aprovech\u00f3 sus relaciones personales y comerciales para negociar exenciones fiscales lucrativas e incluso sobornar a las fuerzas del orden locales, seg\u00fan la carta del panel. La comisi\u00f3n quiere saber m\u00e1s sobre la acci\u00f3n policial de USVI en 2020 contra Epstein y los posteriores acuerdos por millones de d\u00f3lares.<\/p>\n<p>\u201cLa Comisi\u00f3n considera que los documentos relacionados con el se\u00f1or Epstein, su patrimonio y el litigio de USVI ayudar\u00e1n a su investigaci\u00f3n en curso sobre el se\u00f1or Epstein, la se\u00f1ora Maxwell y la investigaci\u00f3n del Gobierno federal sobre ambos individuos\u201d, afirm\u00f3 el presidente de la comisi\u00f3n, el representante republicano James Comer, en su carta de citaci\u00f3n.<\/p>\n<p>La Comisi\u00f3n de Supervisi\u00f3n de la C\u00e1mara de Representantes busca actualmente <a href=\"https:\/\/www.cnn.com\/2025\/11\/21\/politics\/house-oversight-committee-epstein-files-investigation?cid=ios_app\">ampliar su investigaci\u00f3n<\/a> sobre Epstein y busca nuevos objetivos.<\/p>\n<p>Adem\u00e1s de solicitar un lote de documentos al fiscal general de las Islas V\u00edrgenes de EE.UU., el panel tambi\u00e9n cit\u00f3 a JPMorgan Chase y Deutsche Bank para obtener los registros financieros de Epstein, debido a que los republicanos creen que las finanzas de Epstein proporcionar\u00e1n una nueva riqueza de informaci\u00f3n.<\/p>\n<p>Hasta ahora, el panel ha <a href=\"https:\/\/www.cnn.com\/2025\/11\/12\/politics\/takeaways-epstein-emails-trump\">publicado<\/a> decenas de miles de documentos, correos electr\u00f3nicos y comunicaciones que recibi\u00f3 de la herencia de Epstein y que contin\u00faan abriendo nuevas l\u00edneas de investigaci\u00f3n.<\/p>\n<p>Los investigadores tambi\u00e9n quieren entrevistar a <a href=\"https:\/\/www.cnn.com\/2025\/11\/13\/politics\/ghislaine-maxwell-prison-jeffrey-epstein\">Ghislaine Maxwell<\/a>, c\u00f3mplice de Epstein. Sus abogados dijeron recientemente al panel que Maxwell invocar\u00eda su derecho de la Quinta Enmienda y se negar\u00eda a responder preguntas, seg\u00fan dijo una fuente familiarizada con el asunto a CNN.<\/p>\n<p>El panel tambi\u00e9n ha amenazado con acusar de desacato al Congreso a Bill y Hillary Clinton si no cumplen con sus citaciones y programan r\u00e1pidamente sus declaraciones.<\/p>\n<p>The-CNN-Wire<br \/>&trade; &amp; &copy; 2025 Cable News Network, Inc., a Warner Bros. Discovery Company. All rights reserved.<\/p>\n","protected":false},"excerpt":{"rendered":"<p>Los dem\u00f3cratas de la Comisi\u00f3n de Supervisi\u00f3n de la C\u00e1mara de Representantes divulgaron este mi\u00e9rcoles nuevas fotos y videos de una isla privada en el Caribe que perteneci\u00f3 a Jeffrey Epstein, arrojando nueva luz sobre lo que fue el epicentro de las d\u00e9cadas de abuso de ni\u00f1as y mujeres por parte del difunto delincuente sexual [&hellip;]<\/p>\n","protected":false},"author":0,"featured_media":0,"comment_status":"open","ping_status":"open","sticky":false,"template":"","format":"standard","meta":{"_jetpack_memberships_contains_paid_content":false,"footnotes":""},"categories":[10],"tags":[],"class_list":["post-1468933","post","type-post","status-publish","format-standard","hentry","category-noticias-nacionales","market-global"],"yoast_head":"<!-- This site is optimized with the Yoast SEO plugin v24.4 - https:\/\/yoast.com\/wordpress\/plugins\/seo\/ -->\n<title>Dem\u00f3cratas de la C\u00e1mara de Representantes revelan fotos y videos de la isla privada de Epstein - Noticias<\/title>\n<meta name=\"robots\" content=\"index, follow, max-snippet:-1, max-image-preview:large, max-video-preview:-1\" \/>\n<link rel=\"canonical\" href=\"https:\/\/noticiasya.com\/2025\/12\/03\/divulgan-fotos-isla-epstein-trax\/\" \/>\n<meta property=\"og:locale\" content=\"es_ES\" \/>\n<meta property=\"og:type\" content=\"article\" \/>\n<meta property=\"og:title\" content=\"Dem\u00f3cratas de la C\u00e1mara de Representantes revelan fotos y videos de la isla privada de Epstein - Noticias\" \/>\n<meta property=\"og:description\" content=\"Los dem\u00f3cratas de la Comisi\u00f3n de Supervisi\u00f3n de la C\u00e1mara de Representantes divulgaron este mi\u00e9rcoles nuevas fotos y videos de una isla privada en el Caribe que perteneci\u00f3 a Jeffrey Epstein, arrojando nueva luz sobre lo que fue el epicentro de las d\u00e9cadas de abuso de ni\u00f1as y mujeres por parte del difunto delincuente sexual [&hellip;]\" \/>\n<meta property=\"og:url\" content=\"https:\/\/noticiasya.com\/2025\/12\/03\/divulgan-fotos-isla-epstein-trax\/\" \/>\n<meta property=\"og:site_name\" content=\"Noticias\" \/>\n<meta property=\"article:published_time\" content=\"2025-12-03T19:03:39+00:00\" \/>\n<meta name=\"twitter:card\" content=\"summary_large_image\" \/>\n<meta name=\"twitter:label1\" content=\"Est. reading time\" \/>\n\t<meta name=\"twitter:data1\" content=\"5 minutos\" \/>\n<script type=\"application\/ld+json\" class=\"yoast-schema-graph\">{\"@context\":\"https:\/\/schema.org\",\"@graph\":[{\"@type\":\"Article\",\"@id\":\"https:\/\/noticiasya.com\/2025\/12\/03\/divulgan-fotos-isla-epstein-trax\/#article\",\"isPartOf\":{\"@id\":\"https:\/\/noticiasya.com\/2025\/12\/03\/divulgan-fotos-isla-epstein-trax\/\"},\"author\":{\"name\":\"\",\"@id\":\"\"},\"headline\":\"Dem\u00f3cratas de la C\u00e1mara de Representantes revelan fotos y videos de la isla privada de Epstein\",\"datePublished\":\"2025-12-03T19:03:39+00:00\",\"mainEntityOfPage\":{\"@id\":\"https:\/\/noticiasya.com\/2025\/12\/03\/divulgan-fotos-isla-epstein-trax\/\"},\"wordCount\":976,\"commentCount\":0,\"publisher\":{\"@id\":\"https:\/\/noticiasya.com\/#organization\"},\"articleSection\":[\"Noticias Nacionales\"],\"inLanguage\":\"es\",\"potentialAction\":[{\"@type\":\"CommentAction\",\"name\":\"Comment\",\"target\":[\"https:\/\/noticiasya.com\/2025\/12\/03\/divulgan-fotos-isla-epstein-trax\/#respond\"]}]},{\"@type\":\"WebPage\",\"@id\":\"https:\/\/noticiasya.com\/2025\/12\/03\/divulgan-fotos-isla-epstein-trax\/\",\"url\":\"https:\/\/noticiasya.com\/2025\/12\/03\/divulgan-fotos-isla-epstein-trax\/\",\"name\":\"Dem\u00f3cratas de la C\u00e1mara de Representantes revelan fotos y videos de la isla privada de Epstein - Noticias\",\"isPartOf\":{\"@id\":\"https:\/\/noticiasya.com\/#website\"},\"datePublished\":\"2025-12-03T19:03:39+00:00\",\"breadcrumb\":{\"@id\":\"https:\/\/noticiasya.com\/2025\/12\/03\/divulgan-fotos-isla-epstein-trax\/#breadcrumb\"},\"inLanguage\":\"es\",\"potentialAction\":[{\"@type\":\"ReadAction\",\"target\":[\"https:\/\/noticiasya.com\/2025\/12\/03\/divulgan-fotos-isla-epstein-trax\/\"]}]},{\"@type\":\"BreadcrumbList\",\"@id\":\"https:\/\/noticiasya.com\/2025\/12\/03\/divulgan-fotos-isla-epstein-trax\/#breadcrumb\",\"itemListElement\":[{\"@type\":\"ListItem\",\"position\":1,\"name\":\"Home\",\"item\":\"https:\/\/noticiasya.com\/\"},{\"@type\":\"ListItem\",\"position\":2,\"name\":\"Dem\u00f3cratas de la C\u00e1mara de Representantes revelan fotos y videos de la isla privada de Epstein\"}]},{\"@type\":\"WebSite\",\"@id\":\"https:\/\/noticiasya.com\/#website\",\"url\":\"https:\/\/noticiasya.com\/\",\"name\":\"Noticias\",\"description\":\"Lo que importa\",\"publisher\":{\"@id\":\"https:\/\/noticiasya.com\/#organization\"},\"potentialAction\":[{\"@type\":\"SearchAction\",\"target\":{\"@type\":\"EntryPoint\",\"urlTemplate\":\"https:\/\/noticiasya.com\/?s={search_term_string}\"},\"query-input\":{\"@type\":\"PropertyValueSpecification\",\"valueRequired\":true,\"valueName\":\"search_term_string\"}}],\"inLanguage\":\"es\"},{\"@type\":\"Organization\",\"@id\":\"https:\/\/noticiasya.com\/#organization\",\"name\":\"Noticias\",\"url\":\"https:\/\/noticiasya.com\/\",\"logo\":{\"@type\":\"ImageObject\",\"inLanguage\":\"es\",\"@id\":\"https:\/\/noticiasya.com\/#\/schema\/logo\/image\/\",\"url\":\"https:\/\/noticiasya.com\/wp-content\/uploads\/sites\/22\/2023\/12\/logo-nacional.png\",\"contentUrl\":\"https:\/\/noticiasya.com\/wp-content\/uploads\/sites\/22\/2023\/12\/logo-nacional.png\",\"width\":1801,\"height\":691,\"caption\":\"Noticias\"},\"image\":{\"@id\":\"https:\/\/noticiasya.com\/#\/schema\/logo\/image\/\"}}]}<\/script>\n<!-- \/ Yoast SEO plugin. -->","yoast_head_json":{"title":"Dem\u00f3cratas de la C\u00e1mara de Representantes revelan fotos y videos de la isla privada de Epstein - Noticias","robots":{"index":"index","follow":"follow","max-snippet":"max-snippet:-1","max-image-preview":"max-image-preview:large","max-video-preview":"max-video-preview:-1"},"canonical":"https:\/\/noticiasya.com\/2025\/12\/03\/divulgan-fotos-isla-epstein-trax\/","og_locale":"es_ES","og_type":"article","og_title":"Dem\u00f3cratas de la C\u00e1mara de Representantes revelan fotos y videos de la isla privada de Epstein - Noticias","og_description":"Los dem\u00f3cratas de la Comisi\u00f3n de Supervisi\u00f3n de la C\u00e1mara de Representantes divulgaron este mi\u00e9rcoles nuevas fotos y videos de una isla privada en el Caribe que perteneci\u00f3 a Jeffrey Epstein, arrojando nueva luz sobre lo que fue el epicentro de las d\u00e9cadas de abuso de ni\u00f1as y mujeres por parte del difunto delincuente sexual [&hellip;]","og_url":"https:\/\/noticiasya.com\/2025\/12\/03\/divulgan-fotos-isla-epstein-trax\/","og_site_name":"Noticias","article_published_time":"2025-12-03T19:03:39+00:00","twitter_card":"summary_large_image","twitter_misc":{"Est. reading time":"5 minutos"},"schema":{"@context":"https:\/\/schema.org","@graph":[{"@type":"Article","@id":"https:\/\/noticiasya.com\/2025\/12\/03\/divulgan-fotos-isla-epstein-trax\/#article","isPartOf":{"@id":"https:\/\/noticiasya.com\/2025\/12\/03\/divulgan-fotos-isla-epstein-trax\/"},"author":{"name":"","@id":""},"headline":"Dem\u00f3cratas de la C\u00e1mara de Representantes revelan fotos y videos de la isla privada de Epstein","datePublished":"2025-12-03T19:03:39+00:00","mainEntityOfPage":{"@id":"https:\/\/noticiasya.com\/2025\/12\/03\/divulgan-fotos-isla-epstein-trax\/"},"wordCount":976,"commentCount":0,"publisher":{"@id":"https:\/\/noticiasya.com\/#organization"},"articleSection":["Noticias Nacionales"],"inLanguage":"es","potentialAction":[{"@type":"CommentAction","name":"Comment","target":["https:\/\/noticiasya.com\/2025\/12\/03\/divulgan-fotos-isla-epstein-trax\/#respond"]}]},{"@type":"WebPage","@id":"https:\/\/noticiasya.com\/2025\/12\/03\/divulgan-fotos-isla-epstein-trax\/","url":"https:\/\/noticiasya.com\/2025\/12\/03\/divulgan-fotos-isla-epstein-trax\/","name":"Dem\u00f3cratas de la C\u00e1mara de Representantes revelan fotos y videos de la isla privada de Epstein - Noticias","isPartOf":{"@id":"https:\/\/noticiasya.com\/#website"},"datePublished":"2025-12-03T19:03:39+00:00","breadcrumb":{"@id":"https:\/\/noticiasya.com\/2025\/12\/03\/divulgan-fotos-isla-epstein-trax\/#breadcrumb"},"inLanguage":"es","potentialAction":[{"@type":"ReadAction","target":["https:\/\/noticiasya.com\/2025\/12\/03\/divulgan-fotos-isla-epstein-trax\/"]}]},{"@type":"BreadcrumbList","@id":"https:\/\/noticiasya.com\/2025\/12\/03\/divulgan-fotos-isla-epstein-trax\/#breadcrumb","itemListElement":[{"@type":"ListItem","position":1,"name":"Home","item":"https:\/\/noticiasya.com\/"},{"@type":"ListItem","position":2,"name":"Dem\u00f3cratas de la C\u00e1mara de Representantes revelan fotos y videos de la isla privada de Epstein"}]},{"@type":"WebSite","@id":"https:\/\/noticiasya.com\/#website","url":"https:\/\/noticiasya.com\/","name":"Noticias","description":"Lo que importa","publisher":{"@id":"https:\/\/noticiasya.com\/#organization"},"potentialAction":[{"@type":"SearchAction","target":{"@type":"EntryPoint","urlTemplate":"https:\/\/noticiasya.com\/?s={search_term_string}"},"query-input":{"@type":"PropertyValueSpecification","valueRequired":true,"valueName":"search_term_string"}}],"inLanguage":"es"},{"@type":"Organization","@id":"https:\/\/noticiasya.com\/#organization","name":"Noticias","url":"https:\/\/noticiasya.com\/","logo":{"@type":"ImageObject","inLanguage":"es","@id":"https:\/\/noticiasya.com\/#\/schema\/logo\/image\/","url":"https:\/\/noticiasya.com\/wp-content\/uploads\/sites\/22\/2023\/12\/logo-nacional.png","contentUrl":"https:\/\/noticiasya.com\/wp-content\/uploads\/sites\/22\/2023\/12\/logo-nacional.png","width":1801,"height":691,"caption":"Noticias"},"image":{"@id":"https:\/\/noticiasya.com\/#\/schema\/logo\/image\/"}}]}},"parsely":{"version":"1.1.0","canonical_url":"https:\/\/noticiasya.com\/midland-odessa\/2025\/12\/03\/divulgan-fotos-isla-epstein-trax\/","smart_links":{"inbound":0,"outbound":0},"traffic_boost_suggestions_count":0,"meta":{"@context":"https:\/\/schema.org","@type":"NewsArticle","headline":"Dem\u00f3cratas de la C\u00e1mara de Representantes revelan fotos y videos de la isla privada de Epstein","url":"http:\/\/noticiasya.com\/midland-odessa\/2025\/12\/03\/divulgan-fotos-isla-epstein-trax\/","mainEntityOfPage":{"@type":"WebPage","@id":"http:\/\/noticiasya.com\/midland-odessa\/2025\/12\/03\/divulgan-fotos-isla-epstein-trax\/"},"thumbnailUrl":"","image":{"@type":"ImageObject","url":""},"articleSection":"Noticias Nacionales","author":[],"creator":[],"publisher":{"@type":"Organization","name":"Noticias","logo":""},"keywords":[],"dateCreated":"2025-12-03T19:03:39Z","datePublished":"2025-12-03T19:03:39Z","dateModified":"2025-12-03T19:03:39Z"},"rendered":"<script type=\"application\/ld+json\" class=\"wp-parsely-metadata\">{\"@context\":\"https:\\\/\\\/schema.org\",\"@type\":\"NewsArticle\",\"headline\":\"Dem\\u00f3cratas de la C\\u00e1mara de Representantes revelan fotos y videos de la isla privada de Epstein\",\"url\":\"http:\\\/\\\/noticiasya.com\\\/midland-odessa\\\/2025\\\/12\\\/03\\\/divulgan-fotos-isla-epstein-trax\\\/\",\"mainEntityOfPage\":{\"@type\":\"WebPage\",\"@id\":\"http:\\\/\\\/noticiasya.com\\\/midland-odessa\\\/2025\\\/12\\\/03\\\/divulgan-fotos-isla-epstein-trax\\\/\"},\"thumbnailUrl\":\"\",\"image\":{\"@type\":\"ImageObject\",\"url\":\"\"},\"articleSection\":\"Noticias Nacionales\",\"author\":[],\"creator\":[],\"publisher\":{\"@type\":\"Organization\",\"name\":\"Noticias\",\"logo\":\"\"},\"keywords\":[],\"dateCreated\":\"2025-12-03T19:03:39Z\",\"datePublished\":\"2025-12-03T19:03:39Z\",\"dateModified\":\"2025-12-03T19:03:39Z\"}<\/script>","tracker_url":"https:\/\/cdn.parsely.com\/keys\/noticiasya.com\/p.js"},"jetpack_featured_media_url":"","jetpack-related-posts":[{"id":1469395,"url":"https:\/\/noticiasya.com\/midland-odessa\/2025\/12\/18\/nuevas-fotos-patrimonio-epstein-trax\/","url_meta":{"origin":1468933,"position":0},"title":"Dem\u00f3cratas de la C\u00e1mara revelan m\u00e1s fotos de Epstein ante la fecha l\u00edmite de publicaci\u00f3n de los archivos","author":"","date":"diciembre 18, 2025","format":false,"excerpt":"Los dem\u00f3cratas de la Comisi\u00f3n de Supervisi\u00f3n de la C\u00e1mara de Representantes publicaron este jueves fotos del patrimonio de Jeffrey Epstein, la \u00faltima de una serie de revelaciones intermitentes que han impulsado una importante intriga pol\u00edtica en las \u00faltimas semanas sobre qui\u00e9n podr\u00eda haber estado asociado con el delincuente sexual\u2026","rel":"","context":"In &quot;Noticias Nacionales&quot;","block_context":{"text":"Noticias Nacionales","link":"https:\/\/noticiasya.com\/midland-odessa\/categoria\/noticias-nacionales"},"img":{"alt_text":"","src":"","width":0,"height":0},"classes":[]},{"id":1469216,"url":"https:\/\/noticiasya.com\/midland-odessa\/2025\/12\/12\/fotos-patrimonio-epstein-trump-clinton-trax\/","url_meta":{"origin":1468933,"position":1},"title":"Publican m\u00e1s fotos del archivo de Jeffrey Epstein que muestran a Trump, Bannon, Bill Clinton y otras figuras de alto perfil","author":"","date":"diciembre 12, 2025","format":false,"excerpt":"Los dem\u00f3cratas de la Comisi\u00f3n de Supervisi\u00f3n de la C\u00e1mara de Representantes publicaron este viernes fotos del patrimonio de Jeffrey Epstein que muestran a numerosas figuras poderosas en la \u00f3rbita del difunto traficante sexual, incluyendo al presidente Donald Trump, al expresidente Bill Clinton, a Steve Bannon, Bill Gates, Richard Branson\u2026","rel":"","context":"In &quot;Noticias Nacionales&quot;","block_context":{"text":"Noticias Nacionales","link":"https:\/\/noticiasya.com\/midland-odessa\/categoria\/noticias-nacionales"},"img":{"alt_text":"","src":"","width":0,"height":0},"classes":[]},{"id":1466274,"url":"https:\/\/noticiasya.com\/midland-odessa\/2025\/09\/08\/camara-representantes-patrimonio-epstein-trump-trax\/","url_meta":{"origin":1468933,"position":2},"title":"Comisi\u00f3n de la C\u00e1mara de Representantes publica &#171;libro de cumplea\u00f1os&#187; y otros registros del patrimonio de Epstein","author":"","date":"septiembre 8, 2025","format":false,"excerpt":"La Comisi\u00f3n de Supervisi\u00f3n de la C\u00e1mara de Representantes public\u00f3 este lunes por la noche registros del patrimonio de Jeffrey Epstein, incluida una colecci\u00f3n de cartas regaladas al fallecido delincuente sexual convicto por su 50\u00b0 cumplea\u00f1os que inclu\u00eda una nota con el nombre del presidente Donald Trump.Adem\u00e1s del \u201clibro de\u2026","rel":"","context":"In &quot;Noticias Nacionales&quot;","block_context":{"text":"Noticias Nacionales","link":"https:\/\/noticiasya.com\/midland-odessa\/categoria\/noticias-nacionales"},"img":{"alt_text":"","src":"","width":0,"height":0},"classes":[]},{"id":1471810,"url":"https:\/\/noticiasya.com\/midland-odessa\/2026\/03\/03\/videos-declaraciones-epstein-hillary-bill-clinton-trax\/","url_meta":{"origin":1468933,"position":3},"title":"Videos de declaraciones sobre Epstein: Hillary Clinton se enfrenta a los legisladores y Bill Clinton aborda foto en jacuzzi","author":"","date":"marzo 3, 2026","format":false,"excerpt":"La Comisi\u00f3n de Supervisi\u00f3n de la C\u00e1mara de Representantes public\u00f3 este lunes un video de las declaraciones a puerta cerrada la semana pasada de Bill y Hillary Clinton como parte de la investigaci\u00f3n sobre Jeffrey Epstein.El expresidente y la exsecretaria de Estado enfrentaron aproximadamente cuatro horas y media de interrogatorio\u2026","rel":"","context":"In &quot;Noticias Nacionales&quot;","block_context":{"text":"Noticias Nacionales","link":"https:\/\/noticiasya.com\/midland-odessa\/categoria\/noticias-nacionales"},"img":{"alt_text":"","src":"","width":0,"height":0},"classes":[]},{"id":1470049,"url":"https:\/\/noticiasya.com\/midland-odessa\/2026\/01\/13\/clinton-niegan-testificar-investigacion-epstein-trax\/","url_meta":{"origin":1468933,"position":4},"title":"Los Clinton se niegan a testificar en la investigaci\u00f3n del Congreso sobre Epstein pese a la amenaza de desacato","author":"","date":"enero 13, 2026","format":false,"excerpt":"Bill y Hillary Clinton se negaron a testificar este martes en el Capitolio ante la Comisi\u00f3n de Supervisi\u00f3n de la C\u00e1mara de Representantes en el marco de la investigaci\u00f3n sobre Jeffrey Epstein, pese a la amenaza de legisladores de declararlos en desacato.\u201cUsted dir\u00e1 que no es nuestra decisi\u00f3n. Pero ya\u2026","rel":"","context":"In &quot;Noticias Nacionales&quot;","block_context":{"text":"Noticias Nacionales","link":"https:\/\/noticiasya.com\/midland-odessa\/categoria\/noticias-nacionales"},"img":{"alt_text":"","src":"","width":0,"height":0},"classes":[]},{"id":1471737,"url":"https:\/\/noticiasya.com\/midland-odessa\/2026\/02\/27\/foto-lutnick-isla-epstein-testifique-trax\/","url_meta":{"origin":1468933,"position":5},"title":"La aparici\u00f3n de una foto en la isla de Epstein genera nuevos llamados para que Lutnick testifique","author":"","date":"febrero 27, 2026","format":false,"excerpt":"Miembros del Congreso est\u00e1n planteando preguntas despu\u00e9s de que una fotograf\u00eda que, seg\u00fan dicen, muestra al secretario de Comercio, Howard Lutnick, junto a Jeffrey Epstein en la isla privada del difunto delincuente sexual convicto fuera retirada brevemente del sitio web del Departamento de Justicia (DOJ, por sus siglas en ingl\u00e9s).La\u2026","rel":"","context":"In &quot;Noticias Nacionales&quot;","block_context":{"text":"Noticias Nacionales","link":"https:\/\/noticiasya.com\/midland-odessa\/categoria\/noticias-nacionales"},"img":{"alt_text":"","src":"","width":0,"height":0},"classes":[]}],"jetpack_sharing_enabled":true,"_links":{"self":[{"href":"https:\/\/noticiasya.com\/midland-odessa\/wp-json\/wp\/v2\/posts\/1468933","targetHints":{"allow":["GET"]}}],"collection":[{"href":"https:\/\/noticiasya.com\/midland-odessa\/wp-json\/wp\/v2\/posts"}],"about":[{"href":"https:\/\/noticiasya.com\/midland-odessa\/wp-json\/wp\/v2\/types\/post"}],"replies":[{"embeddable":true,"href":"https:\/\/noticiasya.com\/midland-odessa\/wp-json\/wp\/v2\/comments?post=1468933"}],"version-history":[{"count":0,"href":"https:\/\/noticiasya.com\/midland-odessa\/wp-json\/wp\/v2\/posts\/1468933\/revisions"}],"wp:attachment":[{"href":"https:\/\/noticiasya.com\/midland-odessa\/wp-json\/wp\/v2\/media?parent=1468933"}],"wp:term":[{"taxonomy":"category","embeddable":true,"href":"https:\/\/noticiasya.com\/midland-odessa\/wp-json\/wp\/v2\/categories?post=1468933"},{"taxonomy":"post_tag","embeddable":true,"href":"https:\/\/noticiasya.com\/midland-odessa\/wp-json\/wp\/v2\/tags?post=1468933"}],"curies":[{"name":"wp","href":"https:\/\/api.w.org\/{rel}","templated":true}]}}