{"id":1468938,"date":"2025-12-03T15:03:58","date_gmt":"2025-12-03T23:03:58","guid":{"rendered":"https:\/\/noticiasya.com\/2025\/12\/03\/sorteo-mundial-2026-deportistas-artistas-invitados-orix\/"},"modified":"2025-12-03T15:03:58","modified_gmt":"2025-12-03T23:03:58","slug":"sorteo-mundial-2026-deportistas-artistas-invitados-orix","status":"publish","type":"post","link":"https:\/\/noticiasya.com\/midland-odessa\/2025\/12\/03\/sorteo-mundial-2026-deportistas-artistas-invitados-orix\/","title":{"rendered":"Mundial 2026: estos son los deportistas y artistas invitados a la gala del sorteo del 5 de diciembre"},"content":{"rendered":"<p>La FIFA se vestir\u00e1 de gala este viernes 5 de diciembre para el sorteo del <a href=\"https:\/\/cnnespanol.cnn.com\/deportes\/mundial-2026\">Mundial 2026<\/a> en Washington, que dejar\u00e1 definido el camino que tendr\u00e1n que sortear las 48 selecciones participantes para poder levantar el trofeo m\u00e1s preciado el 19 de julio en Nueva Jersey.<\/p>\n<p>Ser\u00e1 una ceremonia cargada de figuras deportivas y del entretenimiento, seg\u00fan el listado que la FIFA comparti\u00f3 este mi\u00e9rcoles.<\/p>\n<p>La leyenda del Manchester United y excapit\u00e1n de la selecci\u00f3n de Inglaterra Rio Ferdinand tendr\u00e1 la tarea de dirigir el sorteo, acompa\u00f1ado de la galardonada locutora Samantha Johnson.<\/p>\n<p>A ellos se sumar\u00e1 un arsenal de figuras del deporte estadounidense, abarcando casi a todas las principales disciplinas del pa\u00eds: el dos veces ganador del Super Bowl Eli Manning estar\u00e1 como presentador en la alfombra roja, mientras que como asistentes del sorteo figurar\u00e1n el jugador de f\u00fatbol americano m\u00e1s ganador de la historia, Tom Brady, el para muchos mejor jugador de la historia del hockey sobre hielo, Wayne Gretzky, el jardinero de los Yankees de Nueva York Aaron Judge y el emblem\u00e1tico Shaquille O\u2019Neal, multicampe\u00f3n con los Lakers de Los Angeles.<\/p>\n<p>Pero el Mundial es mucho m\u00e1s que f\u00fatbol, especialmente en esta edici\u00f3n que tendr\u00e1 a Estados Unidos como una de sus sedes. Y como EE.UU. es sin\u00f3nimo de Hollywood, no sorprende ver a Kevin Hart como presentador de la ceremonia. El popular c\u00f3mico y actor ya estuvo presente hace meses cuando la FIFA devel\u00f3 los estadios del Mundial 2026, y en esta ocasi\u00f3n estar\u00e1 acompa\u00f1ado por la modelo y productora Heidi Klum, quien ya particip\u00f3 de este tipo de gala en 2005, de cara a la Copa del Mundo que se llev\u00f3 a cabo en su pa\u00eds, Alemania, en 2006.<\/p>\n<p>Junto a ellos estar\u00e1 el actor y productor estadounidense de ra\u00edces hispanas Danny Ram\u00edrez (reconocido por sus papeles en \u201cCaptain America: Brave New World\u201d y \u201cTop Gun: Maverick\u201d), acompa\u00f1ado de leyendas del f\u00fatbol que la FIFA convoc\u00f3 para la ocasi\u00f3n.<\/p>\n<p>Adem\u00e1s, el sorteo tendr\u00e1 un par de n\u00fameros musicales. Uno de ellos estar\u00e1 protagonizado por el inigualable Andrea Bocelli, talento de la m\u00fasica cl\u00e1sica, quien compartir\u00e1 escenario con la estrella brit\u00e1nica del pop Robbie Williams y con la cantante estadounidense Nicole Scherzinger. Despu\u00e9s de que finalice el sorteo y quede claro el camino para las selecciones clasificadas, la reconocida banda Village People bajar\u00e1 el tel\u00f3n de la jornada con una interpretaci\u00f3n de Y.M.C.A., su canci\u00f3n m\u00e1s emblem\u00e1tica.<\/p>\n<p>El sorteo se realizar\u00e1 en el hist\u00f3rico Centro John F. Kennedy para las Artes Esc\u00e9nicas de Washington, y podr\u00e1 seguirse en vivo en el sitio web de la FIFA y en las redes sociales oficiales del Mundial 2026 desde las 12 ET. <strong>CNN en Espa\u00f1ol tambi\u00e9n <\/strong><a href=\"https:\/\/cnnespanol.cnn.com\/deportes\/mundial-2026\"><strong>tendr\u00e1 cobertura en vivo del evento<\/strong><\/a><strong>.<\/strong><\/p>\n<p>The-CNN-Wire<br \/>&trade; &amp; &copy; 2025 Cable News Network, Inc., a Warner Bros. Discovery Company. All rights reserved.<\/p>\n","protected":false},"excerpt":{"rendered":"<p>La FIFA se vestir\u00e1 de gala este viernes 5 de diciembre para el sorteo del Mundial 2026 en Washington, que dejar\u00e1 definido el camino que tendr\u00e1n que sortear las 48 selecciones participantes para poder levantar el trofeo m\u00e1s preciado el 19 de julio en Nueva Jersey. Ser\u00e1 una ceremonia cargada de figuras deportivas y del [&hellip;]<\/p>\n","protected":false},"author":0,"featured_media":0,"comment_status":"open","ping_status":"open","sticky":false,"template":"","format":"standard","meta":{"_jetpack_memberships_contains_paid_content":false,"footnotes":""},"categories":[10],"tags":[],"class_list":["post-1468938","post","type-post","status-publish","format-standard","hentry","category-noticias-nacionales","market-global"],"yoast_head":"<!-- This site is optimized with the Yoast SEO plugin v24.4 - https:\/\/yoast.com\/wordpress\/plugins\/seo\/ -->\n<title>Mundial 2026: estos son los deportistas y artistas invitados a la gala del sorteo del 5 de diciembre - Noticias<\/title>\n<meta name=\"robots\" content=\"index, follow, max-snippet:-1, max-image-preview:large, max-video-preview:-1\" \/>\n<link rel=\"canonical\" href=\"https:\/\/noticiasya.com\/2025\/12\/03\/sorteo-mundial-2026-deportistas-artistas-invitados-orix\/\" \/>\n<meta property=\"og:locale\" content=\"es_ES\" \/>\n<meta property=\"og:type\" content=\"article\" \/>\n<meta property=\"og:title\" content=\"Mundial 2026: estos son los deportistas y artistas invitados a la gala del sorteo del 5 de diciembre - Noticias\" \/>\n<meta property=\"og:description\" content=\"La FIFA se vestir\u00e1 de gala este viernes 5 de diciembre para el sorteo del Mundial 2026 en Washington, que dejar\u00e1 definido el camino que tendr\u00e1n que sortear las 48 selecciones participantes para poder levantar el trofeo m\u00e1s preciado el 19 de julio en Nueva Jersey. Ser\u00e1 una ceremonia cargada de figuras deportivas y del [&hellip;]\" \/>\n<meta property=\"og:url\" content=\"https:\/\/noticiasya.com\/2025\/12\/03\/sorteo-mundial-2026-deportistas-artistas-invitados-orix\/\" \/>\n<meta property=\"og:site_name\" content=\"Noticias\" \/>\n<meta property=\"article:published_time\" content=\"2025-12-03T23:03:58+00:00\" \/>\n<meta name=\"twitter:card\" content=\"summary_large_image\" \/>\n<meta name=\"twitter:label1\" content=\"Est. reading time\" \/>\n\t<meta name=\"twitter:data1\" content=\"3 minutos\" \/>\n<script type=\"application\/ld+json\" class=\"yoast-schema-graph\">{\"@context\":\"https:\/\/schema.org\",\"@graph\":[{\"@type\":\"Article\",\"@id\":\"https:\/\/noticiasya.com\/2025\/12\/03\/sorteo-mundial-2026-deportistas-artistas-invitados-orix\/#article\",\"isPartOf\":{\"@id\":\"https:\/\/noticiasya.com\/2025\/12\/03\/sorteo-mundial-2026-deportistas-artistas-invitados-orix\/\"},\"author\":{\"name\":\"\",\"@id\":\"\"},\"headline\":\"Mundial 2026: estos son los deportistas y artistas invitados a la gala del sorteo del 5 de diciembre\",\"datePublished\":\"2025-12-03T23:03:58+00:00\",\"mainEntityOfPage\":{\"@id\":\"https:\/\/noticiasya.com\/2025\/12\/03\/sorteo-mundial-2026-deportistas-artistas-invitados-orix\/\"},\"wordCount\":522,\"commentCount\":0,\"publisher\":{\"@id\":\"https:\/\/noticiasya.com\/#organization\"},\"articleSection\":[\"Noticias Nacionales\"],\"inLanguage\":\"es\",\"potentialAction\":[{\"@type\":\"CommentAction\",\"name\":\"Comment\",\"target\":[\"https:\/\/noticiasya.com\/2025\/12\/03\/sorteo-mundial-2026-deportistas-artistas-invitados-orix\/#respond\"]}]},{\"@type\":\"WebPage\",\"@id\":\"https:\/\/noticiasya.com\/2025\/12\/03\/sorteo-mundial-2026-deportistas-artistas-invitados-orix\/\",\"url\":\"https:\/\/noticiasya.com\/2025\/12\/03\/sorteo-mundial-2026-deportistas-artistas-invitados-orix\/\",\"name\":\"Mundial 2026: estos son los deportistas y artistas invitados a la gala del sorteo del 5 de diciembre - Noticias\",\"isPartOf\":{\"@id\":\"https:\/\/noticiasya.com\/#website\"},\"datePublished\":\"2025-12-03T23:03:58+00:00\",\"breadcrumb\":{\"@id\":\"https:\/\/noticiasya.com\/2025\/12\/03\/sorteo-mundial-2026-deportistas-artistas-invitados-orix\/#breadcrumb\"},\"inLanguage\":\"es\",\"potentialAction\":[{\"@type\":\"ReadAction\",\"target\":[\"https:\/\/noticiasya.com\/2025\/12\/03\/sorteo-mundial-2026-deportistas-artistas-invitados-orix\/\"]}]},{\"@type\":\"BreadcrumbList\",\"@id\":\"https:\/\/noticiasya.com\/2025\/12\/03\/sorteo-mundial-2026-deportistas-artistas-invitados-orix\/#breadcrumb\",\"itemListElement\":[{\"@type\":\"ListItem\",\"position\":1,\"name\":\"Home\",\"item\":\"https:\/\/noticiasya.com\/\"},{\"@type\":\"ListItem\",\"position\":2,\"name\":\"Mundial 2026: estos son los deportistas y artistas invitados a la gala del sorteo del 5 de diciembre\"}]},{\"@type\":\"WebSite\",\"@id\":\"https:\/\/noticiasya.com\/#website\",\"url\":\"https:\/\/noticiasya.com\/\",\"name\":\"Noticias\",\"description\":\"Lo que importa\",\"publisher\":{\"@id\":\"https:\/\/noticiasya.com\/#organization\"},\"potentialAction\":[{\"@type\":\"SearchAction\",\"target\":{\"@type\":\"EntryPoint\",\"urlTemplate\":\"https:\/\/noticiasya.com\/?s={search_term_string}\"},\"query-input\":{\"@type\":\"PropertyValueSpecification\",\"valueRequired\":true,\"valueName\":\"search_term_string\"}}],\"inLanguage\":\"es\"},{\"@type\":\"Organization\",\"@id\":\"https:\/\/noticiasya.com\/#organization\",\"name\":\"Noticias\",\"url\":\"https:\/\/noticiasya.com\/\",\"logo\":{\"@type\":\"ImageObject\",\"inLanguage\":\"es\",\"@id\":\"https:\/\/noticiasya.com\/#\/schema\/logo\/image\/\",\"url\":\"https:\/\/noticiasya.com\/wp-content\/uploads\/sites\/22\/2023\/12\/logo-nacional.png\",\"contentUrl\":\"https:\/\/noticiasya.com\/wp-content\/uploads\/sites\/22\/2023\/12\/logo-nacional.png\",\"width\":1801,\"height\":691,\"caption\":\"Noticias\"},\"image\":{\"@id\":\"https:\/\/noticiasya.com\/#\/schema\/logo\/image\/\"}}]}<\/script>\n<!-- \/ Yoast SEO plugin. -->","yoast_head_json":{"title":"Mundial 2026: estos son los deportistas y artistas invitados a la gala del sorteo del 5 de diciembre - Noticias","robots":{"index":"index","follow":"follow","max-snippet":"max-snippet:-1","max-image-preview":"max-image-preview:large","max-video-preview":"max-video-preview:-1"},"canonical":"https:\/\/noticiasya.com\/2025\/12\/03\/sorteo-mundial-2026-deportistas-artistas-invitados-orix\/","og_locale":"es_ES","og_type":"article","og_title":"Mundial 2026: estos son los deportistas y artistas invitados a la gala del sorteo del 5 de diciembre - Noticias","og_description":"La FIFA se vestir\u00e1 de gala este viernes 5 de diciembre para el sorteo del Mundial 2026 en Washington, que dejar\u00e1 definido el camino que tendr\u00e1n que sortear las 48 selecciones participantes para poder levantar el trofeo m\u00e1s preciado el 19 de julio en Nueva Jersey. Ser\u00e1 una ceremonia cargada de figuras deportivas y del [&hellip;]","og_url":"https:\/\/noticiasya.com\/2025\/12\/03\/sorteo-mundial-2026-deportistas-artistas-invitados-orix\/","og_site_name":"Noticias","article_published_time":"2025-12-03T23:03:58+00:00","twitter_card":"summary_large_image","twitter_misc":{"Est. reading time":"3 minutos"},"schema":{"@context":"https:\/\/schema.org","@graph":[{"@type":"Article","@id":"https:\/\/noticiasya.com\/2025\/12\/03\/sorteo-mundial-2026-deportistas-artistas-invitados-orix\/#article","isPartOf":{"@id":"https:\/\/noticiasya.com\/2025\/12\/03\/sorteo-mundial-2026-deportistas-artistas-invitados-orix\/"},"author":{"name":"","@id":""},"headline":"Mundial 2026: estos son los deportistas y artistas invitados a la gala del sorteo del 5 de diciembre","datePublished":"2025-12-03T23:03:58+00:00","mainEntityOfPage":{"@id":"https:\/\/noticiasya.com\/2025\/12\/03\/sorteo-mundial-2026-deportistas-artistas-invitados-orix\/"},"wordCount":522,"commentCount":0,"publisher":{"@id":"https:\/\/noticiasya.com\/#organization"},"articleSection":["Noticias Nacionales"],"inLanguage":"es","potentialAction":[{"@type":"CommentAction","name":"Comment","target":["https:\/\/noticiasya.com\/2025\/12\/03\/sorteo-mundial-2026-deportistas-artistas-invitados-orix\/#respond"]}]},{"@type":"WebPage","@id":"https:\/\/noticiasya.com\/2025\/12\/03\/sorteo-mundial-2026-deportistas-artistas-invitados-orix\/","url":"https:\/\/noticiasya.com\/2025\/12\/03\/sorteo-mundial-2026-deportistas-artistas-invitados-orix\/","name":"Mundial 2026: estos son los deportistas y artistas invitados a la gala del sorteo del 5 de diciembre - Noticias","isPartOf":{"@id":"https:\/\/noticiasya.com\/#website"},"datePublished":"2025-12-03T23:03:58+00:00","breadcrumb":{"@id":"https:\/\/noticiasya.com\/2025\/12\/03\/sorteo-mundial-2026-deportistas-artistas-invitados-orix\/#breadcrumb"},"inLanguage":"es","potentialAction":[{"@type":"ReadAction","target":["https:\/\/noticiasya.com\/2025\/12\/03\/sorteo-mundial-2026-deportistas-artistas-invitados-orix\/"]}]},{"@type":"BreadcrumbList","@id":"https:\/\/noticiasya.com\/2025\/12\/03\/sorteo-mundial-2026-deportistas-artistas-invitados-orix\/#breadcrumb","itemListElement":[{"@type":"ListItem","position":1,"name":"Home","item":"https:\/\/noticiasya.com\/"},{"@type":"ListItem","position":2,"name":"Mundial 2026: estos son los deportistas y artistas invitados a la gala del sorteo del 5 de diciembre"}]},{"@type":"WebSite","@id":"https:\/\/noticiasya.com\/#website","url":"https:\/\/noticiasya.com\/","name":"Noticias","description":"Lo que importa","publisher":{"@id":"https:\/\/noticiasya.com\/#organization"},"potentialAction":[{"@type":"SearchAction","target":{"@type":"EntryPoint","urlTemplate":"https:\/\/noticiasya.com\/?s={search_term_string}"},"query-input":{"@type":"PropertyValueSpecification","valueRequired":true,"valueName":"search_term_string"}}],"inLanguage":"es"},{"@type":"Organization","@id":"https:\/\/noticiasya.com\/#organization","name":"Noticias","url":"https:\/\/noticiasya.com\/","logo":{"@type":"ImageObject","inLanguage":"es","@id":"https:\/\/noticiasya.com\/#\/schema\/logo\/image\/","url":"https:\/\/noticiasya.com\/wp-content\/uploads\/sites\/22\/2023\/12\/logo-nacional.png","contentUrl":"https:\/\/noticiasya.com\/wp-content\/uploads\/sites\/22\/2023\/12\/logo-nacional.png","width":1801,"height":691,"caption":"Noticias"},"image":{"@id":"https:\/\/noticiasya.com\/#\/schema\/logo\/image\/"}}]}},"parsely":{"version":"1.1.0","canonical_url":"https:\/\/noticiasya.com\/midland-odessa\/2025\/12\/03\/sorteo-mundial-2026-deportistas-artistas-invitados-orix\/","smart_links":{"inbound":0,"outbound":0},"traffic_boost_suggestions_count":0,"meta":{"@context":"https:\/\/schema.org","@type":"NewsArticle","headline":"Mundial 2026: estos son los deportistas y artistas invitados a la gala del sorteo del 5 de diciembre","url":"http:\/\/noticiasya.com\/midland-odessa\/2025\/12\/03\/sorteo-mundial-2026-deportistas-artistas-invitados-orix\/","mainEntityOfPage":{"@type":"WebPage","@id":"http:\/\/noticiasya.com\/midland-odessa\/2025\/12\/03\/sorteo-mundial-2026-deportistas-artistas-invitados-orix\/"},"thumbnailUrl":"","image":{"@type":"ImageObject","url":""},"articleSection":"Noticias Nacionales","author":[],"creator":[],"publisher":{"@type":"Organization","name":"Noticias","logo":""},"keywords":[],"dateCreated":"2025-12-03T23:03:58Z","datePublished":"2025-12-03T23:03:58Z","dateModified":"2025-12-03T23:03:58Z"},"rendered":"<script type=\"application\/ld+json\" class=\"wp-parsely-metadata\">{\"@context\":\"https:\\\/\\\/schema.org\",\"@type\":\"NewsArticle\",\"headline\":\"Mundial 2026: estos son los deportistas y artistas invitados a la gala del sorteo del 5 de diciembre\",\"url\":\"http:\\\/\\\/noticiasya.com\\\/midland-odessa\\\/2025\\\/12\\\/03\\\/sorteo-mundial-2026-deportistas-artistas-invitados-orix\\\/\",\"mainEntityOfPage\":{\"@type\":\"WebPage\",\"@id\":\"http:\\\/\\\/noticiasya.com\\\/midland-odessa\\\/2025\\\/12\\\/03\\\/sorteo-mundial-2026-deportistas-artistas-invitados-orix\\\/\"},\"thumbnailUrl\":\"\",\"image\":{\"@type\":\"ImageObject\",\"url\":\"\"},\"articleSection\":\"Noticias Nacionales\",\"author\":[],\"creator\":[],\"publisher\":{\"@type\":\"Organization\",\"name\":\"Noticias\",\"logo\":\"\"},\"keywords\":[],\"dateCreated\":\"2025-12-03T23:03:58Z\",\"datePublished\":\"2025-12-03T23:03:58Z\",\"dateModified\":\"2025-12-03T23:03:58Z\"}<\/script>","tracker_url":"https:\/\/cdn.parsely.com\/keys\/noticiasya.com\/p.js"},"jetpack_featured_media_url":"","jetpack-related-posts":[{"id":1468486,"url":"https:\/\/noticiasya.com\/midland-odessa\/2025\/11\/18\/mundial-2026-fechas-sorteo-repechaje-orix\/","url_meta":{"origin":1468938,"position":0},"title":"Las fechas importantes que debes saber antes del inicio de la Copa del Mundo 2026","author":"","date":"noviembre 18, 2025","format":false,"excerpt":"Faltan poco menos de siete meses para el inicio de la Copa del Mundo 2026 y las selecciones nacionales contin\u00faan asegurando su participaci\u00f3n en la gran cita del pr\u00f3ximo a\u00f1o. Sin embargo, todav\u00eda hay varias fechas importantes que se deben tener en cuenta antes del partido inaugural, que se realizar\u00e1\u2026","rel":"","context":"In &quot;Noticias Nacionales&quot;","block_context":{"text":"Noticias Nacionales","link":"https:\/\/noticiasya.com\/midland-odessa\/categoria\/noticias-nacionales"},"img":{"alt_text":"","src":"","width":0,"height":0},"classes":[]},{"id":1469159,"url":"https:\/\/noticiasya.com\/midland-odessa\/2025\/12\/10\/boletos-mundial-2026-tercera-fase-sorteo-orix\/","url_meta":{"origin":1468938,"position":1},"title":"Comienza la tercera fase de venta de boletos para el Mundial 2026: todo lo que debes saber y el paso a paso para comprar","author":"","date":"diciembre 10, 2025","format":false,"excerpt":"Faltan seis meses para la Copa Mundial de la FIFA 2026, pero despu\u00e9s del sorteo de la fase de grupos y de conocer el calendario completo para cada selecci\u00f3n, no son pocos los que la sienten mucho m\u00e1s cerca. Algunos podr\u00e1n sentirse casi en los estadios desde este jueves 11\u2026","rel":"","context":"In &quot;Noticias Nacionales&quot;","block_context":{"text":"Noticias Nacionales","link":"https:\/\/noticiasya.com\/midland-odessa\/categoria\/noticias-nacionales"},"img":{"alt_text":"","src":"","width":0,"height":0},"classes":[]},{"id":1468863,"url":"https:\/\/noticiasya.com\/midland-odessa\/2025\/12\/01\/mundial-2026-calendario-completo-sorteo-orix\/","url_meta":{"origin":1468938,"position":2},"title":"La FIFA anunci\u00f3 cu\u00e1ndo y c\u00f3mo dar\u00e1 a conocer el calendario del Mundial 2026 con sedes y horarios confirmados","author":"","date":"diciembre 1, 2025","format":false,"excerpt":"La ansiedad es total. A cuatro d\u00edas de que se d\u00e9 a conocer el sorteo del Mundial 2026, la FIFA anunci\u00f3 cu\u00e1ndo y de qu\u00e9 manera se determinar\u00e1n las sedes y los horarios de cada uno de los 104 partidos que tendr\u00e1 la primera Copa del Mundo de 48 selecciones.La\u2026","rel":"","context":"In &quot;Noticias Nacionales&quot;","block_context":{"text":"Noticias Nacionales","link":"https:\/\/noticiasya.com\/midland-odessa\/categoria\/noticias-nacionales"},"img":{"alt_text":"","src":"","width":0,"height":0},"classes":[]},{"id":1468728,"url":"https:\/\/noticiasya.com\/midland-odessa\/2025\/11\/26\/boletos-mundial-2026-tercera-fase-orix\/","url_meta":{"origin":1468938,"position":3},"title":"\u00bfA\u00fan no tienes boletos para el Mundial 2026? As\u00ed ser\u00e1 la tercera fase de venta que comenzar\u00e1 el 11 de diciembre","author":"","date":"noviembre 26, 2025","format":false,"excerpt":"La fiebre mundialista ya se siente en Norteam\u00e9rica y el resto del planeta. La primera Copa del Mundo de 48 selecciones agot\u00f3 los cerca de dos millones de boletos que se pusieron a la venta de manera anticipada, seg\u00fan la FIFA, que ya estableci\u00f3 fecha de inicio para la tercera\u2026","rel":"","context":"In &quot;Noticias Nacionales&quot;","block_context":{"text":"Noticias Nacionales","link":"https:\/\/noticiasya.com\/midland-odessa\/categoria\/noticias-nacionales"},"img":{"alt_text":"","src":"","width":0,"height":0},"classes":[]},{"id":1469646,"url":"https:\/\/noticiasya.com\/midland-odessa\/2025\/12\/29\/solicitudes-entradas-mundial-2026-records-fifa-orix\/","url_meta":{"origin":1468938,"position":4},"title":"Fiebre mundialista: solicitudes de entradas para la Copa Mundial 2026 baten todos los r\u00e9cords, seg\u00fan la FIFA","author":"","date":"diciembre 29, 2025","format":false,"excerpt":"La Copa Mundial de la FIFA 2026 sigue haciendo historia antes de que ruede el bal\u00f3n.La demanda de entradas ha alcanzado cifras sin precedentes, seg\u00fan report\u00f3 el m\u00e1ximo organismo del f\u00fatbol. M\u00e1s de 150 millones de solicitudes se han recibido durante la fase de sorteo aleatorio, que sigue abierta hasta\u2026","rel":"","context":"In &quot;Noticias Nacionales&quot;","block_context":{"text":"Noticias Nacionales","link":"https:\/\/noticiasya.com\/midland-odessa\/categoria\/noticias-nacionales"},"img":{"alt_text":"","src":"","width":0,"height":0},"classes":[]},{"id":1467780,"url":"https:\/\/noticiasya.com\/midland-odessa\/2025\/10\/27\/boletos-mundial-fifa-2026-segunda-etapa-orix\/","url_meta":{"origin":1468938,"position":5},"title":"Boletos para el Mundial de la FIFA 2026: todo lo que debes saber sobre la segunda etapa de compra","author":"","date":"octubre 27, 2025","format":false,"excerpt":"La FIFA ya puso en marcha la segunda fase de venta de boletos para la Copa del Mundo de Canad\u00e1, Estados Unidos y M\u00e9xico de 2026.Habr\u00e1 un mill\u00f3n de tickets a disposici\u00f3n en esta etapa, para la cual hay que inscribirse en FIFA.com\/tickets entre este lunes y el viernes 31\u2026","rel":"","context":"In &quot;Noticias Nacionales&quot;","block_context":{"text":"Noticias Nacionales","link":"https:\/\/noticiasya.com\/midland-odessa\/categoria\/noticias-nacionales"},"img":{"alt_text":"","src":"","width":0,"height":0},"classes":[]}],"jetpack_sharing_enabled":true,"_links":{"self":[{"href":"https:\/\/noticiasya.com\/midland-odessa\/wp-json\/wp\/v2\/posts\/1468938","targetHints":{"allow":["GET"]}}],"collection":[{"href":"https:\/\/noticiasya.com\/midland-odessa\/wp-json\/wp\/v2\/posts"}],"about":[{"href":"https:\/\/noticiasya.com\/midland-odessa\/wp-json\/wp\/v2\/types\/post"}],"replies":[{"embeddable":true,"href":"https:\/\/noticiasya.com\/midland-odessa\/wp-json\/wp\/v2\/comments?post=1468938"}],"version-history":[{"count":0,"href":"https:\/\/noticiasya.com\/midland-odessa\/wp-json\/wp\/v2\/posts\/1468938\/revisions"}],"wp:attachment":[{"href":"https:\/\/noticiasya.com\/midland-odessa\/wp-json\/wp\/v2\/media?parent=1468938"}],"wp:term":[{"taxonomy":"category","embeddable":true,"href":"https:\/\/noticiasya.com\/midland-odessa\/wp-json\/wp\/v2\/categories?post=1468938"},{"taxonomy":"post_tag","embeddable":true,"href":"https:\/\/noticiasya.com\/midland-odessa\/wp-json\/wp\/v2\/tags?post=1468938"}],"curies":[{"name":"wp","href":"https:\/\/api.w.org\/{rel}","templated":true}]}}