{"id":1468939,"date":"2025-12-03T15:03:58","date_gmt":"2025-12-03T23:03:58","guid":{"rendered":"https:\/\/noticiasya.com\/2025\/12\/03\/ernestina-godoy-elegida-fiscal-orix\/"},"modified":"2025-12-03T15:03:58","modified_gmt":"2025-12-03T23:03:58","slug":"ernestina-godoy-elegida-fiscal-orix","status":"publish","type":"post","link":"https:\/\/noticiasya.com\/midland-odessa\/2025\/12\/03\/ernestina-godoy-elegida-fiscal-orix\/","title":{"rendered":"Ernestina Godoy es la nueva fiscal general de M\u00e9xico"},"content":{"rendered":"<p>El Senado de M\u00e9xico eligi\u00f3 este mi\u00e9rcoles a Ernestina Godoy como nueva titular de la Fiscal\u00eda General de la Rep\u00fablica (FGR), un cargo que ocupar\u00e1 durante nueve a\u00f1os.<\/p>\n<p>Previo a la votaci\u00f3n, Godoy se comprometi\u00f3 a encabezar una FGR de \u201cpuertas abiertas\u201d que \u201cponga primero a las v\u00edctimas\u201d.<\/p>\n<p>\u201cNo fabricaremos culpables y no habr\u00e1 persecuci\u00f3n pol\u00edtica, pero desde ahora les digo que tampoco habr\u00e1 impunidad\u201d, dijo.<\/p>\n<p>Godoy fue elegida de entre una<a href=\"https:\/\/x.com\/senadomexicano\/status\/1996290557807567169\"> lista de tres mujeres aspirantes al cargo c<\/a>on 97 votos a favor, 19 en contra y 11 nulos. La lista de candidatas hab\u00eda sido enviada en la ma\u00f1ana de este mi\u00e9rcoles por la presidenta de M\u00e9xico, Claudia Sheinbaum, al Senado.<\/p>\n<p>Luz Mar\u00eda Zarza Delgado, excandidata a ministra de la Suprema Corte de Justicia de la Naci\u00f3n, y Maribel Bojorges Beltr\u00e1n, coordinadora general de investigaci\u00f3n territorial en la Fiscal\u00eda de Ciudad de M\u00e9xico, completaban la terna.<\/p>\n<p>Godoy asumi\u00f3 la semana pasada el cargo de fiscal general en forma interina, tras la renuncia <a href=\"https:\/\/cnnespanol.cnn.com\/2025\/11\/27\/mexico\/fiscal-general-mexico-gertz-manero-renuncia-orix\">de Alejandro Gertz Manero<\/a>, quien dej\u00f3 el cargo de forma sorpresiva para, seg\u00fan dijo, ser propuesto como embajador en \u201cun pa\u00eds amigo\u201d de M\u00e9xico.<\/p>\n<p>Previamente, fue consejera jur\u00eddica del Gobierno de Sheinbaum y fue fiscal de la Ciudad de M\u00e9xico cuando Sheinbaum fue jefa de Gobierno de la capital del pa\u00eds (2018-2023).<\/p>\n<p>Partidos de oposici\u00f3n y algunos analistas dicen que su cercan\u00eda con Sheinbaum puede poner en duda la autonom\u00eda de la FGR, algo que la mandataria rechaza.<\/p>\n<p>The-CNN-Wire<br \/>&trade; &amp; &copy; 2025 Cable News Network, Inc., a Warner Bros. Discovery Company. All rights reserved.<\/p>\n","protected":false},"excerpt":{"rendered":"<p>El Senado de M\u00e9xico eligi\u00f3 este mi\u00e9rcoles a Ernestina Godoy como nueva titular de la Fiscal\u00eda General de la Rep\u00fablica (FGR), un cargo que ocupar\u00e1 durante nueve a\u00f1os. Previo a la votaci\u00f3n, Godoy se comprometi\u00f3 a encabezar una FGR de \u201cpuertas abiertas\u201d que \u201cponga primero a las v\u00edctimas\u201d. \u201cNo fabricaremos culpables y no habr\u00e1 persecuci\u00f3n [&hellip;]<\/p>\n","protected":false},"author":0,"featured_media":0,"comment_status":"open","ping_status":"open","sticky":false,"template":"","format":"standard","meta":{"_jetpack_memberships_contains_paid_content":false,"footnotes":""},"categories":[10],"tags":[],"class_list":["post-1468939","post","type-post","status-publish","format-standard","hentry","category-noticias-nacionales","market-global"],"yoast_head":"<!-- This site is optimized with the Yoast SEO plugin v24.4 - https:\/\/yoast.com\/wordpress\/plugins\/seo\/ -->\n<title>Ernestina Godoy es la nueva fiscal general de M\u00e9xico - Noticias<\/title>\n<meta name=\"robots\" content=\"index, follow, max-snippet:-1, max-image-preview:large, max-video-preview:-1\" \/>\n<link rel=\"canonical\" href=\"https:\/\/noticiasya.com\/2025\/12\/03\/ernestina-godoy-elegida-fiscal-orix\/\" \/>\n<meta property=\"og:locale\" content=\"es_ES\" \/>\n<meta property=\"og:type\" content=\"article\" \/>\n<meta property=\"og:title\" content=\"Ernestina Godoy es la nueva fiscal general de M\u00e9xico - Noticias\" \/>\n<meta property=\"og:description\" content=\"El Senado de M\u00e9xico eligi\u00f3 este mi\u00e9rcoles a Ernestina Godoy como nueva titular de la Fiscal\u00eda General de la Rep\u00fablica (FGR), un cargo que ocupar\u00e1 durante nueve a\u00f1os. Previo a la votaci\u00f3n, Godoy se comprometi\u00f3 a encabezar una FGR de \u201cpuertas abiertas\u201d que \u201cponga primero a las v\u00edctimas\u201d. \u201cNo fabricaremos culpables y no habr\u00e1 persecuci\u00f3n [&hellip;]\" \/>\n<meta property=\"og:url\" content=\"https:\/\/noticiasya.com\/2025\/12\/03\/ernestina-godoy-elegida-fiscal-orix\/\" \/>\n<meta property=\"og:site_name\" content=\"Noticias\" \/>\n<meta property=\"article:published_time\" content=\"2025-12-03T23:03:58+00:00\" \/>\n<meta name=\"twitter:card\" content=\"summary_large_image\" \/>\n<meta name=\"twitter:label1\" content=\"Est. reading time\" \/>\n\t<meta name=\"twitter:data1\" content=\"1 minuto\" \/>\n<script type=\"application\/ld+json\" class=\"yoast-schema-graph\">{\"@context\":\"https:\/\/schema.org\",\"@graph\":[{\"@type\":\"Article\",\"@id\":\"https:\/\/noticiasya.com\/2025\/12\/03\/ernestina-godoy-elegida-fiscal-orix\/#article\",\"isPartOf\":{\"@id\":\"https:\/\/noticiasya.com\/2025\/12\/03\/ernestina-godoy-elegida-fiscal-orix\/\"},\"author\":{\"name\":\"\",\"@id\":\"\"},\"headline\":\"Ernestina Godoy es la nueva fiscal general de M\u00e9xico\",\"datePublished\":\"2025-12-03T23:03:58+00:00\",\"mainEntityOfPage\":{\"@id\":\"https:\/\/noticiasya.com\/2025\/12\/03\/ernestina-godoy-elegida-fiscal-orix\/\"},\"wordCount\":292,\"commentCount\":0,\"publisher\":{\"@id\":\"https:\/\/noticiasya.com\/#organization\"},\"articleSection\":[\"Noticias Nacionales\"],\"inLanguage\":\"es\",\"potentialAction\":[{\"@type\":\"CommentAction\",\"name\":\"Comment\",\"target\":[\"https:\/\/noticiasya.com\/2025\/12\/03\/ernestina-godoy-elegida-fiscal-orix\/#respond\"]}]},{\"@type\":\"WebPage\",\"@id\":\"https:\/\/noticiasya.com\/2025\/12\/03\/ernestina-godoy-elegida-fiscal-orix\/\",\"url\":\"https:\/\/noticiasya.com\/2025\/12\/03\/ernestina-godoy-elegida-fiscal-orix\/\",\"name\":\"Ernestina Godoy es la nueva fiscal general de M\u00e9xico - Noticias\",\"isPartOf\":{\"@id\":\"https:\/\/noticiasya.com\/#website\"},\"datePublished\":\"2025-12-03T23:03:58+00:00\",\"breadcrumb\":{\"@id\":\"https:\/\/noticiasya.com\/2025\/12\/03\/ernestina-godoy-elegida-fiscal-orix\/#breadcrumb\"},\"inLanguage\":\"es\",\"potentialAction\":[{\"@type\":\"ReadAction\",\"target\":[\"https:\/\/noticiasya.com\/2025\/12\/03\/ernestina-godoy-elegida-fiscal-orix\/\"]}]},{\"@type\":\"BreadcrumbList\",\"@id\":\"https:\/\/noticiasya.com\/2025\/12\/03\/ernestina-godoy-elegida-fiscal-orix\/#breadcrumb\",\"itemListElement\":[{\"@type\":\"ListItem\",\"position\":1,\"name\":\"Home\",\"item\":\"https:\/\/noticiasya.com\/\"},{\"@type\":\"ListItem\",\"position\":2,\"name\":\"Ernestina Godoy es la nueva fiscal general de M\u00e9xico\"}]},{\"@type\":\"WebSite\",\"@id\":\"https:\/\/noticiasya.com\/#website\",\"url\":\"https:\/\/noticiasya.com\/\",\"name\":\"Noticias\",\"description\":\"Lo que importa\",\"publisher\":{\"@id\":\"https:\/\/noticiasya.com\/#organization\"},\"potentialAction\":[{\"@type\":\"SearchAction\",\"target\":{\"@type\":\"EntryPoint\",\"urlTemplate\":\"https:\/\/noticiasya.com\/?s={search_term_string}\"},\"query-input\":{\"@type\":\"PropertyValueSpecification\",\"valueRequired\":true,\"valueName\":\"search_term_string\"}}],\"inLanguage\":\"es\"},{\"@type\":\"Organization\",\"@id\":\"https:\/\/noticiasya.com\/#organization\",\"name\":\"Noticias\",\"url\":\"https:\/\/noticiasya.com\/\",\"logo\":{\"@type\":\"ImageObject\",\"inLanguage\":\"es\",\"@id\":\"https:\/\/noticiasya.com\/#\/schema\/logo\/image\/\",\"url\":\"https:\/\/noticiasya.com\/wp-content\/uploads\/sites\/22\/2023\/12\/logo-nacional.png\",\"contentUrl\":\"https:\/\/noticiasya.com\/wp-content\/uploads\/sites\/22\/2023\/12\/logo-nacional.png\",\"width\":1801,\"height\":691,\"caption\":\"Noticias\"},\"image\":{\"@id\":\"https:\/\/noticiasya.com\/#\/schema\/logo\/image\/\"}}]}<\/script>\n<!-- \/ Yoast SEO plugin. -->","yoast_head_json":{"title":"Ernestina Godoy es la nueva fiscal general de M\u00e9xico - Noticias","robots":{"index":"index","follow":"follow","max-snippet":"max-snippet:-1","max-image-preview":"max-image-preview:large","max-video-preview":"max-video-preview:-1"},"canonical":"https:\/\/noticiasya.com\/2025\/12\/03\/ernestina-godoy-elegida-fiscal-orix\/","og_locale":"es_ES","og_type":"article","og_title":"Ernestina Godoy es la nueva fiscal general de M\u00e9xico - Noticias","og_description":"El Senado de M\u00e9xico eligi\u00f3 este mi\u00e9rcoles a Ernestina Godoy como nueva titular de la Fiscal\u00eda General de la Rep\u00fablica (FGR), un cargo que ocupar\u00e1 durante nueve a\u00f1os. Previo a la votaci\u00f3n, Godoy se comprometi\u00f3 a encabezar una FGR de \u201cpuertas abiertas\u201d que \u201cponga primero a las v\u00edctimas\u201d. \u201cNo fabricaremos culpables y no habr\u00e1 persecuci\u00f3n [&hellip;]","og_url":"https:\/\/noticiasya.com\/2025\/12\/03\/ernestina-godoy-elegida-fiscal-orix\/","og_site_name":"Noticias","article_published_time":"2025-12-03T23:03:58+00:00","twitter_card":"summary_large_image","twitter_misc":{"Est. reading time":"1 minuto"},"schema":{"@context":"https:\/\/schema.org","@graph":[{"@type":"Article","@id":"https:\/\/noticiasya.com\/2025\/12\/03\/ernestina-godoy-elegida-fiscal-orix\/#article","isPartOf":{"@id":"https:\/\/noticiasya.com\/2025\/12\/03\/ernestina-godoy-elegida-fiscal-orix\/"},"author":{"name":"","@id":""},"headline":"Ernestina Godoy es la nueva fiscal general de M\u00e9xico","datePublished":"2025-12-03T23:03:58+00:00","mainEntityOfPage":{"@id":"https:\/\/noticiasya.com\/2025\/12\/03\/ernestina-godoy-elegida-fiscal-orix\/"},"wordCount":292,"commentCount":0,"publisher":{"@id":"https:\/\/noticiasya.com\/#organization"},"articleSection":["Noticias Nacionales"],"inLanguage":"es","potentialAction":[{"@type":"CommentAction","name":"Comment","target":["https:\/\/noticiasya.com\/2025\/12\/03\/ernestina-godoy-elegida-fiscal-orix\/#respond"]}]},{"@type":"WebPage","@id":"https:\/\/noticiasya.com\/2025\/12\/03\/ernestina-godoy-elegida-fiscal-orix\/","url":"https:\/\/noticiasya.com\/2025\/12\/03\/ernestina-godoy-elegida-fiscal-orix\/","name":"Ernestina Godoy es la nueva fiscal general de M\u00e9xico - Noticias","isPartOf":{"@id":"https:\/\/noticiasya.com\/#website"},"datePublished":"2025-12-03T23:03:58+00:00","breadcrumb":{"@id":"https:\/\/noticiasya.com\/2025\/12\/03\/ernestina-godoy-elegida-fiscal-orix\/#breadcrumb"},"inLanguage":"es","potentialAction":[{"@type":"ReadAction","target":["https:\/\/noticiasya.com\/2025\/12\/03\/ernestina-godoy-elegida-fiscal-orix\/"]}]},{"@type":"BreadcrumbList","@id":"https:\/\/noticiasya.com\/2025\/12\/03\/ernestina-godoy-elegida-fiscal-orix\/#breadcrumb","itemListElement":[{"@type":"ListItem","position":1,"name":"Home","item":"https:\/\/noticiasya.com\/"},{"@type":"ListItem","position":2,"name":"Ernestina Godoy es la nueva fiscal general de M\u00e9xico"}]},{"@type":"WebSite","@id":"https:\/\/noticiasya.com\/#website","url":"https:\/\/noticiasya.com\/","name":"Noticias","description":"Lo que importa","publisher":{"@id":"https:\/\/noticiasya.com\/#organization"},"potentialAction":[{"@type":"SearchAction","target":{"@type":"EntryPoint","urlTemplate":"https:\/\/noticiasya.com\/?s={search_term_string}"},"query-input":{"@type":"PropertyValueSpecification","valueRequired":true,"valueName":"search_term_string"}}],"inLanguage":"es"},{"@type":"Organization","@id":"https:\/\/noticiasya.com\/#organization","name":"Noticias","url":"https:\/\/noticiasya.com\/","logo":{"@type":"ImageObject","inLanguage":"es","@id":"https:\/\/noticiasya.com\/#\/schema\/logo\/image\/","url":"https:\/\/noticiasya.com\/wp-content\/uploads\/sites\/22\/2023\/12\/logo-nacional.png","contentUrl":"https:\/\/noticiasya.com\/wp-content\/uploads\/sites\/22\/2023\/12\/logo-nacional.png","width":1801,"height":691,"caption":"Noticias"},"image":{"@id":"https:\/\/noticiasya.com\/#\/schema\/logo\/image\/"}}]}},"parsely":{"version":"1.1.0","canonical_url":"https:\/\/noticiasya.com\/midland-odessa\/2025\/12\/03\/ernestina-godoy-elegida-fiscal-orix\/","smart_links":{"inbound":0,"outbound":0},"traffic_boost_suggestions_count":0,"meta":{"@context":"https:\/\/schema.org","@type":"NewsArticle","headline":"Ernestina Godoy es la nueva fiscal general de M\u00e9xico","url":"http:\/\/noticiasya.com\/midland-odessa\/2025\/12\/03\/ernestina-godoy-elegida-fiscal-orix\/","mainEntityOfPage":{"@type":"WebPage","@id":"http:\/\/noticiasya.com\/midland-odessa\/2025\/12\/03\/ernestina-godoy-elegida-fiscal-orix\/"},"thumbnailUrl":"","image":{"@type":"ImageObject","url":""},"articleSection":"Noticias Nacionales","author":[],"creator":[],"publisher":{"@type":"Organization","name":"Noticias","logo":""},"keywords":[],"dateCreated":"2025-12-03T23:03:58Z","datePublished":"2025-12-03T23:03:58Z","dateModified":"2025-12-03T23:03:58Z"},"rendered":"<script type=\"application\/ld+json\" class=\"wp-parsely-metadata\">{\"@context\":\"https:\\\/\\\/schema.org\",\"@type\":\"NewsArticle\",\"headline\":\"Ernestina Godoy es la nueva fiscal general de M\\u00e9xico\",\"url\":\"http:\\\/\\\/noticiasya.com\\\/midland-odessa\\\/2025\\\/12\\\/03\\\/ernestina-godoy-elegida-fiscal-orix\\\/\",\"mainEntityOfPage\":{\"@type\":\"WebPage\",\"@id\":\"http:\\\/\\\/noticiasya.com\\\/midland-odessa\\\/2025\\\/12\\\/03\\\/ernestina-godoy-elegida-fiscal-orix\\\/\"},\"thumbnailUrl\":\"\",\"image\":{\"@type\":\"ImageObject\",\"url\":\"\"},\"articleSection\":\"Noticias Nacionales\",\"author\":[],\"creator\":[],\"publisher\":{\"@type\":\"Organization\",\"name\":\"Noticias\",\"logo\":\"\"},\"keywords\":[],\"dateCreated\":\"2025-12-03T23:03:58Z\",\"datePublished\":\"2025-12-03T23:03:58Z\",\"dateModified\":\"2025-12-03T23:03:58Z\"}<\/script>","tracker_url":"https:\/\/cdn.parsely.com\/keys\/noticiasya.com\/p.js"},"jetpack_featured_media_url":"","jetpack-related-posts":[{"id":1470499,"url":"https:\/\/noticiasya.com\/midland-odessa\/2026\/01\/26\/econgreso-ratifica-exfiscal-alejandro-gertz-embajador-orix\/","url_meta":{"origin":1468939,"position":0},"title":"El Congreso de M\u00e9xico ratifica al exfiscal Alejandro Gertz Manero como embajador en Reino Unido","author":"","date":"enero 26, 2026","format":false,"excerpt":"El Congreso de M\u00e9xico ratific\u00f3 este lunes a Alejandro Gertz Manero, exfiscal general de la Rep\u00fablica, como nuevo embajador del pa\u00eds en Reino Unido, inform\u00f3 el propio Poder Legislativo en un comunicado.La ratificaci\u00f3n se produjo en la sesi\u00f3n de la Comisi\u00f3n Permanente del Congreso, donde fue aprobada en una votaci\u00f3n\u2026","rel":"","context":"In &quot;Noticias Nacionales&quot;","block_context":{"text":"Noticias Nacionales","link":"https:\/\/noticiasya.com\/midland-odessa\/categoria\/noticias-nacionales"},"img":{"alt_text":"","src":"","width":0,"height":0},"classes":[]},{"id":1468894,"url":"https:\/\/noticiasya.com\/midland-odessa\/2025\/12\/02\/relevo-fiscalia-alejandro-gertz-claves-orix\/","url_meta":{"origin":1468939,"position":1},"title":"Una renuncia, 10 aspirantes y una elecci\u00f3n en puerta: las claves del relevo de Alejandro Gertz en la Fiscal\u00eda de M\u00e9xico","author":"","date":"diciembre 2, 2025","format":false,"excerpt":"El Senado de M\u00e9xico votar\u00e1 este martes una lista de los 10 aspirantes que eligi\u00f3, de un total de 43, para que sigan adelante en el proceso para ocupar el puesto que Alejandro Gertz Manero dej\u00f3 al frente de la Fiscal\u00eda General de la Rep\u00fablica (FGR), a la que renunci\u00f3\u2026","rel":"","context":"In &quot;Noticias Nacionales&quot;","block_context":{"text":"Noticias Nacionales","link":"https:\/\/noticiasya.com\/midland-odessa\/categoria\/noticias-nacionales"},"img":{"alt_text":"","src":"","width":0,"height":0},"classes":[]},{"id":1450567,"url":"https:\/\/noticiasya.com\/midland-odessa\/2024\/06\/20\/quien-es-ernestina-godoy-ramos-consejeria-juridica-mexico-orix\/","url_meta":{"origin":1468939,"position":2},"title":"Qui\u00e9n es Ernestina Godoy Ramos, futura titular de la Consejer\u00eda Jur\u00eddica de M\u00e9xico","author":"","date":"junio 20, 2024","format":false,"excerpt":"(CNN Espa\u00f1ol) --\u00a0La ganadora de la presidencia de M\u00e9xico, Claudia Sheinbaum, anunci\u00f3 que Ernestina Godoy Ramos se sumar\u00e1 a su gabinete como titular de la Consejer\u00eda Jur\u00eddica.La Consejer\u00eda Jur\u00eddica es la dependencia que revisa y valida los decretos, acuerdos, instrumentos jur\u00eddicos y propuestas de ley que presenta el Poder Ejecutivo.\u2026","rel":"","context":"In &quot;Noticias Nacionales&quot;","block_context":{"text":"Noticias Nacionales","link":"https:\/\/noticiasya.com\/midland-odessa\/categoria\/noticias-nacionales"},"img":{"alt_text":"","src":"","width":0,"height":0},"classes":[]},{"id":1471494,"url":"https:\/\/noticiasya.com\/midland-odessa\/2026\/02\/20\/poder-sombra-sheinbaum-morena-orix\/","url_meta":{"origin":1468939,"position":3},"title":"El poder en la sombra: Sheinbaum y la lucha por el control de su presidencia y de Morena","author":"","date":"febrero 20, 2026","format":false,"excerpt":"La presidenta de M\u00e9xico, Claudia Sheinbaum, libra una lucha por el control de su propio mandato. Son muchos frentes de batalla al interior de su gobierno y su movimiento \u2014el de la autollamada \u201ccuarta transformaci\u00f3n\u201d\u2014, que van desde dominio territorial del partido Morena y los poderes f\u00e1cticos a las posiciones\u2026","rel":"","context":"In &quot;Noticias Nacionales&quot;","block_context":{"text":"Noticias Nacionales","link":"https:\/\/noticiasya.com\/midland-odessa\/categoria\/noticias-nacionales"},"img":{"alt_text":"","src":"","width":0,"height":0},"classes":[]},{"id":1471632,"url":"https:\/\/noticiasya.com\/midland-odessa\/2026\/02\/25\/eeuu-zar-antidrogas-felicita-operativo-mencho-mexico-efe\/","url_meta":{"origin":1468939,"position":4},"title":"En M\u00e9xico, la &#171;zar antidrogas&#187; de EE.UU. felicit\u00f3 a las autoridades por el operativo contra El Mencho","author":"","date":"febrero 25, 2026","format":false,"excerpt":"La directora de la Oficina Nacional de Pol\u00edtica de Control de Drogas (ONDCP) de Estados Unidos, Sara Carter, afirm\u00f3 que su pa\u00eds trabaja \u201cd\u00eda y noche\u201d con M\u00e9xico para \u201celiminar\u201d a los carteles y el tr\u00e1fico de drogas, tras una reuni\u00f3n con autoridades militares y de seguridad en Palacio Nacional.La\u2026","rel":"","context":"In &quot;Noticias Nacionales&quot;","block_context":{"text":"Noticias Nacionales","link":"https:\/\/noticiasya.com\/midland-odessa\/categoria\/noticias-nacionales"},"img":{"alt_text":"","src":"","width":0,"height":0},"classes":[]},{"id":1471646,"url":"https:\/\/noticiasya.com\/midland-odessa\/2026\/02\/25\/familiares-mencho-piden-entrega-cuerpo-orix\/","url_meta":{"origin":1468939,"position":5},"title":"Familiares del Mencho ya pidieron que se les entregue su cuerpo, dice la Fiscal\u00eda General de M\u00e9xico","author":"","date":"febrero 25, 2026","format":false,"excerpt":"Familiares de Nemesio Oseguera Cervantes, el Mencho, el se\u00f1alado l\u00edder del Cartel Jalisco Nueva Generaci\u00f3n (CJNG) y quien muri\u00f3 el domingo en un operativo federal en el occidente de M\u00e9xico, ya pidieron a la Fiscal\u00eda General de la Rep\u00fablica (FGR) que les entregue el cuerpo, inform\u00f3 este mi\u00e9rcoles la propia\u2026","rel":"","context":"In &quot;Noticias Nacionales&quot;","block_context":{"text":"Noticias Nacionales","link":"https:\/\/noticiasya.com\/midland-odessa\/categoria\/noticias-nacionales"},"img":{"alt_text":"","src":"","width":0,"height":0},"classes":[]}],"jetpack_sharing_enabled":true,"_links":{"self":[{"href":"https:\/\/noticiasya.com\/midland-odessa\/wp-json\/wp\/v2\/posts\/1468939","targetHints":{"allow":["GET"]}}],"collection":[{"href":"https:\/\/noticiasya.com\/midland-odessa\/wp-json\/wp\/v2\/posts"}],"about":[{"href":"https:\/\/noticiasya.com\/midland-odessa\/wp-json\/wp\/v2\/types\/post"}],"replies":[{"embeddable":true,"href":"https:\/\/noticiasya.com\/midland-odessa\/wp-json\/wp\/v2\/comments?post=1468939"}],"version-history":[{"count":0,"href":"https:\/\/noticiasya.com\/midland-odessa\/wp-json\/wp\/v2\/posts\/1468939\/revisions"}],"wp:attachment":[{"href":"https:\/\/noticiasya.com\/midland-odessa\/wp-json\/wp\/v2\/media?parent=1468939"}],"wp:term":[{"taxonomy":"category","embeddable":true,"href":"https:\/\/noticiasya.com\/midland-odessa\/wp-json\/wp\/v2\/categories?post=1468939"},{"taxonomy":"post_tag","embeddable":true,"href":"https:\/\/noticiasya.com\/midland-odessa\/wp-json\/wp\/v2\/tags?post=1468939"}],"curies":[{"name":"wp","href":"https:\/\/api.w.org\/{rel}","templated":true}]}}