{"id":1468944,"date":"2025-12-03T16:03:47","date_gmt":"2025-12-04T00:03:47","guid":{"rendered":"https:\/\/noticiasya.com\/2025\/12\/03\/quien-es-alejandro-carranza-pescador-ataque-ee-uu-orix\/"},"modified":"2025-12-03T16:03:47","modified_gmt":"2025-12-04T00:03:47","slug":"quien-es-alejandro-carranza-pescador-ataque-ee-uu-orix","status":"publish","type":"post","link":"https:\/\/noticiasya.com\/midland-odessa\/2025\/12\/03\/quien-es-alejandro-carranza-pescador-ataque-ee-uu-orix\/","title":{"rendered":"Qu\u00e9 se sabe de Alejandro Carranza, el pescador colombiano que se cree muri\u00f3 en un ataque de EE.UU. a un supuesto narcobote"},"content":{"rendered":"<p>El pescador colombiano Alejandro Carranza es una de las decenas de personas que han muerto en los ataques que fuerzas de Estados Unidos han realizado en aguas internacionales desde principios de septiembre, dice su familia, que este martes <a href=\"https:\/\/cnnespanol.cnn.com\/2025\/12\/02\/colombia\/familia-colombiana-denuncia-ataque-caribe-orix\">denunci\u00f3 a EE.UU.<\/a> ante la Comisi\u00f3n Interamericana de Derechos Humanos (CIDH) con el argumento de que las acciones militares estadounidenses contra embarcaciones que supuestamente transportaban drogas violan diversas leyes y han causado ejecuciones extrajudiciales.<\/p>\n<p>La denuncia, que se cree es el primer recurso legal formal contra la ofensiva de EE.UU. en el Caribe y el Pac\u00edfico, busca que la familia de Carranza reciba una compensaci\u00f3n y que no haya m\u00e1s ataques, dijo a CNN el martes el abogado Dan Kovalik, quien representa a la esposa e hijos de Carranza ante la CIDH.<\/p>\n<p>CNN contact\u00f3 a la Casa Blanca para pedir comentarios sobre el caso y espera respuesta.<\/p>\n<p>Alejandro Andr\u00e9s Carranza Medina naci\u00f3 en Colombia el 27 de agosto de 1983, de acuerdo con la denuncia presentada ante la CIDH. Ten\u00eda 42 a\u00f1os al momento del ataque contra su embarcaci\u00f3n que, seg\u00fan su familia, ocurri\u00f3 el 15 de septiembre.<\/p>\n<p>Carranza era originario de Santa Marta, en el norte de Colombia, donde viv\u00eda con su esposa y cuatro hijos: tres mujeres y un hombre, todos menores de edad.<\/p>\n<p>Kovalic dijo a CNN que el \u00fanico oficio de Carranza era la pesca y que estaba buscando marl\u00edn y at\u00fan cuando su bote fue atacado.<\/p>\n<p>En entrevistas con el canal estatal RTVC Noticias emitidas en noviembre y octubre, <a href=\"https:\/\/x.com\/petrogustavo\/status\/1987141676343644652\">Katerine Maciel Hern\u00e1ndez Bernal, esposa de Carranza<\/a>, y <a href=\"https:\/\/x.com\/RTVCnoticias\/status\/1979685961584771216\">Audenis Manjarres, su prima<\/a>, tambi\u00e9n dijeron que Carranza ten\u00eda a\u00f1os siendo pescador y que el padre de este sigue desempe\u00f1ando esa labor.<\/p>\n<p>CNN contact\u00f3 a la familia de Carranza para pedir m\u00e1s informaci\u00f3n sobre \u00e9l y lo sucedido, y est\u00e1 en espera de respuesta.<\/p>\n<p>El 15 de septiembre, el presidente de EE.UU., Donald Trump, <a href=\"https:\/\/truthsocial.com\/@realDonaldTrump\/posts\/115210075167747572\">dijo en su plataforma Truth Social<\/a> que ese d\u00eda fuerzas estadounidenses realizaron otro ataque contra una embarcaci\u00f3n que se encontraba en aguas internacionales y, seg\u00fan el mandatario, transportaba drogas.<\/p>\n<p>Trump tambi\u00e9n se\u00f1al\u00f3 entonces que en esa acci\u00f3n militar murieron tres \u201cnarcoterroristas de Venezuela\u201d y agreg\u00f3: \u201cLas actividades il\u00edcitas de estos c\u00e1rteles han provocado CONSECUENCIAS DEVASTADORAS EN LAS COMUNIDADES ESTADOUNIDENSES DURANTE D\u00c9CADAS, matando a millones de ciudadanos estadounidenses. NUNCA M\u00c1S\u201d.<\/p>\n<p>En su denuncia presentada ante la CIDH, sin embargo, la familia de Carranza dice que el ataque se dirigi\u00f3 contra la embarcaci\u00f3n donde se encontraba el pescador, cerca de la costa caribe\u00f1a de Colombia.<\/p>\n<p>Tambi\u00e9n se\u00f1ala que la acci\u00f3n militar estadounidense caus\u00f3 la muerte de Carranza y representa una ejecuci\u00f3n extrajudicial en la que EE.UU. viol\u00f3 leyes y derechos humanos, entre ellos, el derecho a la vida, a la igualdad ante la ley, al reconocimiento a la personalidad jur\u00eddica y los derechos civiles, y al debido proceso.<\/p>\n<p>Desde principios de septiembre, EE.UU. ha realizado al menos 21 ataques en aguas del Caribe y el Pac\u00edfico, en los que ha destruido <a href=\"https:\/\/cnnespanol.cnn.com\/2025\/11\/11\/eeuu\/caribe-pacifico-ataques-eeuu-narcotrafico-cronologia-orix\">al menos 22 embarcaciones y causado la muerte de al menos 83 personas<\/a>. Washington afirma que esos botes transportaban drogas, aunque no ha presentado pruebas y su ofensiva ha generado diversas reacciones de rechazo.<\/p>\n<p>A finales de octubre, el Alto Comisionado de la ONU para los Derechos Humanos, Volker T\u00fcrk, dijo que estas acciones militares de EE.UU. <a href=\"https:\/\/cnnespanol.cnn.com\/2025\/10\/31\/eeuu\/jefe-derechos-humanos-onu-ataques-eeuu-caribe-inaceptable-ap\">son \u201cinaceptables\u201d<\/a> y deben terminar.<\/p>\n<p>La familia de Carranza insiste en que \u00e9l era pescador y no ten\u00eda relaci\u00f3n con actividades il\u00edcitas.<\/p>\n<p>\u201cEs una injusticia lo que est\u00e1n haciendo\u201d, dijo Katerine Hern\u00e1ndez, su esposa, en la entrevista que dio en noviembre a RTVC Noticias. \u201cTodos somos seres humanos y todos tenemos derecho a la vida. Solamente Dios es el \u00fanico que tiene la \u00faltima palabra\u201d.<\/p>\n<p>Hern\u00e1ndez agreg\u00f3 que, si existen pruebas de que su esposo participaba en actividades il\u00edcitas, deben presentarse pruebas de ello. Tambi\u00e9n se\u00f1al\u00f3 que mantiene a sus hijos con el dinero que gana en trabajos como labores de limpieza.<\/p>\n<p>Su prima Audenis Majarres se expres\u00f3 en el mismo sentido en la entrevista que en octubre dio a RTVC Noticias.<\/p>\n<p>\u201cNo es justo que lo hayan bombardeado de esa manera, unas personas inocentes que salen a buscar el pan de cada d\u00eda, no es justo lo que estamos viviendo\u201d, dijo, y coment\u00f3 que la \u00faltima vez que supo de Carranza fue el 14 de septiembre, cuando se despidi\u00f3 antes de salir a pescar.<\/p>\n<p>El presidente de Colombia, Gustavo Petro, ha seguido el caso, sobre el que ha publicado varios mensajes en su cuenta de X. En principio, Petro rechaz\u00f3 que Carranza tuviera alguna relaci\u00f3n con actividades de narcotr\u00e1fico. Despu\u00e9s, se\u00f1al\u00f3 que pudo haber aceptado dinero \u201cpara llevar mercanc\u00edas prohibidas. Pero jam\u00e1s sus actos merec\u00edan pena de muerte; su lancha jam\u00e1s llegar\u00eda a EEUU\u201d.<\/p>\n<p>La Casa Blanca hasta ahora no se ha pronunciado sobre este caso. Cuando ha sido cuestionada sobre los ataques de fuerzas estadounidenses en aguas internacionales, ha dicho que estas acciones militares tienen sustento legal \u2014un punto que ponen en duda diversos especialistas\u2014 y que est\u00e1n justificados porque buscan impedir que m\u00e1s drogas lleguen a territorio estadounidense.<\/p>\n<p>The-CNN-Wire<br \/>&trade; &amp; &copy; 2025 Cable News Network, Inc., a Warner Bros. Discovery Company. All rights reserved.<\/p>\n","protected":false},"excerpt":{"rendered":"<p>El pescador colombiano Alejandro Carranza es una de las decenas de personas que han muerto en los ataques que fuerzas de Estados Unidos han realizado en aguas internacionales desde principios de septiembre, dice su familia, que este martes denunci\u00f3 a EE.UU. ante la Comisi\u00f3n Interamericana de Derechos Humanos (CIDH) con el argumento de que las [&hellip;]<\/p>\n","protected":false},"author":0,"featured_media":0,"comment_status":"open","ping_status":"open","sticky":false,"template":"","format":"standard","meta":{"_jetpack_memberships_contains_paid_content":false,"footnotes":""},"categories":[10],"tags":[],"class_list":["post-1468944","post","type-post","status-publish","format-standard","hentry","category-noticias-nacionales","market-global"],"yoast_head":"<!-- This site is optimized with the Yoast SEO plugin v24.4 - https:\/\/yoast.com\/wordpress\/plugins\/seo\/ -->\n<title>Qu\u00e9 se sabe de Alejandro Carranza, el pescador colombiano que se cree muri\u00f3 en un ataque de EE.UU. a un supuesto narcobote - Noticias<\/title>\n<meta name=\"robots\" content=\"index, follow, max-snippet:-1, max-image-preview:large, max-video-preview:-1\" \/>\n<link rel=\"canonical\" href=\"https:\/\/noticiasya.com\/2025\/12\/03\/quien-es-alejandro-carranza-pescador-ataque-ee-uu-orix\/\" \/>\n<meta property=\"og:locale\" content=\"es_ES\" \/>\n<meta property=\"og:type\" content=\"article\" \/>\n<meta property=\"og:title\" content=\"Qu\u00e9 se sabe de Alejandro Carranza, el pescador colombiano que se cree muri\u00f3 en un ataque de EE.UU. a un supuesto narcobote - Noticias\" \/>\n<meta property=\"og:description\" content=\"El pescador colombiano Alejandro Carranza es una de las decenas de personas que han muerto en los ataques que fuerzas de Estados Unidos han realizado en aguas internacionales desde principios de septiembre, dice su familia, que este martes denunci\u00f3 a EE.UU. ante la Comisi\u00f3n Interamericana de Derechos Humanos (CIDH) con el argumento de que las [&hellip;]\" \/>\n<meta property=\"og:url\" content=\"https:\/\/noticiasya.com\/2025\/12\/03\/quien-es-alejandro-carranza-pescador-ataque-ee-uu-orix\/\" \/>\n<meta property=\"og:site_name\" content=\"Noticias\" \/>\n<meta property=\"article:published_time\" content=\"2025-12-04T00:03:47+00:00\" \/>\n<meta name=\"twitter:card\" content=\"summary_large_image\" \/>\n<meta name=\"twitter:label1\" content=\"Est. reading time\" \/>\n\t<meta name=\"twitter:data1\" content=\"5 minutos\" \/>\n<script type=\"application\/ld+json\" class=\"yoast-schema-graph\">{\"@context\":\"https:\/\/schema.org\",\"@graph\":[{\"@type\":\"Article\",\"@id\":\"https:\/\/noticiasya.com\/2025\/12\/03\/quien-es-alejandro-carranza-pescador-ataque-ee-uu-orix\/#article\",\"isPartOf\":{\"@id\":\"https:\/\/noticiasya.com\/2025\/12\/03\/quien-es-alejandro-carranza-pescador-ataque-ee-uu-orix\/\"},\"author\":{\"name\":\"\",\"@id\":\"\"},\"headline\":\"Qu\u00e9 se sabe de Alejandro Carranza, el pescador colombiano que se cree muri\u00f3 en un ataque de EE.UU. a un supuesto narcobote\",\"datePublished\":\"2025-12-04T00:03:47+00:00\",\"mainEntityOfPage\":{\"@id\":\"https:\/\/noticiasya.com\/2025\/12\/03\/quien-es-alejandro-carranza-pescador-ataque-ee-uu-orix\/\"},\"wordCount\":936,\"commentCount\":0,\"publisher\":{\"@id\":\"https:\/\/noticiasya.com\/#organization\"},\"articleSection\":[\"Noticias Nacionales\"],\"inLanguage\":\"es\",\"potentialAction\":[{\"@type\":\"CommentAction\",\"name\":\"Comment\",\"target\":[\"https:\/\/noticiasya.com\/2025\/12\/03\/quien-es-alejandro-carranza-pescador-ataque-ee-uu-orix\/#respond\"]}]},{\"@type\":\"WebPage\",\"@id\":\"https:\/\/noticiasya.com\/2025\/12\/03\/quien-es-alejandro-carranza-pescador-ataque-ee-uu-orix\/\",\"url\":\"https:\/\/noticiasya.com\/2025\/12\/03\/quien-es-alejandro-carranza-pescador-ataque-ee-uu-orix\/\",\"name\":\"Qu\u00e9 se sabe de Alejandro Carranza, el pescador colombiano que se cree muri\u00f3 en un ataque de EE.UU. a un supuesto narcobote - Noticias\",\"isPartOf\":{\"@id\":\"https:\/\/noticiasya.com\/#website\"},\"datePublished\":\"2025-12-04T00:03:47+00:00\",\"breadcrumb\":{\"@id\":\"https:\/\/noticiasya.com\/2025\/12\/03\/quien-es-alejandro-carranza-pescador-ataque-ee-uu-orix\/#breadcrumb\"},\"inLanguage\":\"es\",\"potentialAction\":[{\"@type\":\"ReadAction\",\"target\":[\"https:\/\/noticiasya.com\/2025\/12\/03\/quien-es-alejandro-carranza-pescador-ataque-ee-uu-orix\/\"]}]},{\"@type\":\"BreadcrumbList\",\"@id\":\"https:\/\/noticiasya.com\/2025\/12\/03\/quien-es-alejandro-carranza-pescador-ataque-ee-uu-orix\/#breadcrumb\",\"itemListElement\":[{\"@type\":\"ListItem\",\"position\":1,\"name\":\"Home\",\"item\":\"https:\/\/noticiasya.com\/\"},{\"@type\":\"ListItem\",\"position\":2,\"name\":\"Qu\u00e9 se sabe de Alejandro Carranza, el pescador colombiano que se cree muri\u00f3 en un ataque de EE.UU. a un supuesto narcobote\"}]},{\"@type\":\"WebSite\",\"@id\":\"https:\/\/noticiasya.com\/#website\",\"url\":\"https:\/\/noticiasya.com\/\",\"name\":\"Noticias\",\"description\":\"Lo que importa\",\"publisher\":{\"@id\":\"https:\/\/noticiasya.com\/#organization\"},\"potentialAction\":[{\"@type\":\"SearchAction\",\"target\":{\"@type\":\"EntryPoint\",\"urlTemplate\":\"https:\/\/noticiasya.com\/?s={search_term_string}\"},\"query-input\":{\"@type\":\"PropertyValueSpecification\",\"valueRequired\":true,\"valueName\":\"search_term_string\"}}],\"inLanguage\":\"es\"},{\"@type\":\"Organization\",\"@id\":\"https:\/\/noticiasya.com\/#organization\",\"name\":\"Noticias\",\"url\":\"https:\/\/noticiasya.com\/\",\"logo\":{\"@type\":\"ImageObject\",\"inLanguage\":\"es\",\"@id\":\"https:\/\/noticiasya.com\/#\/schema\/logo\/image\/\",\"url\":\"https:\/\/noticiasya.com\/wp-content\/uploads\/sites\/22\/2023\/12\/logo-nacional.png\",\"contentUrl\":\"https:\/\/noticiasya.com\/wp-content\/uploads\/sites\/22\/2023\/12\/logo-nacional.png\",\"width\":1801,\"height\":691,\"caption\":\"Noticias\"},\"image\":{\"@id\":\"https:\/\/noticiasya.com\/#\/schema\/logo\/image\/\"}}]}<\/script>\n<!-- \/ Yoast SEO plugin. -->","yoast_head_json":{"title":"Qu\u00e9 se sabe de Alejandro Carranza, el pescador colombiano que se cree muri\u00f3 en un ataque de EE.UU. a un supuesto narcobote - Noticias","robots":{"index":"index","follow":"follow","max-snippet":"max-snippet:-1","max-image-preview":"max-image-preview:large","max-video-preview":"max-video-preview:-1"},"canonical":"https:\/\/noticiasya.com\/2025\/12\/03\/quien-es-alejandro-carranza-pescador-ataque-ee-uu-orix\/","og_locale":"es_ES","og_type":"article","og_title":"Qu\u00e9 se sabe de Alejandro Carranza, el pescador colombiano que se cree muri\u00f3 en un ataque de EE.UU. a un supuesto narcobote - Noticias","og_description":"El pescador colombiano Alejandro Carranza es una de las decenas de personas que han muerto en los ataques que fuerzas de Estados Unidos han realizado en aguas internacionales desde principios de septiembre, dice su familia, que este martes denunci\u00f3 a EE.UU. ante la Comisi\u00f3n Interamericana de Derechos Humanos (CIDH) con el argumento de que las [&hellip;]","og_url":"https:\/\/noticiasya.com\/2025\/12\/03\/quien-es-alejandro-carranza-pescador-ataque-ee-uu-orix\/","og_site_name":"Noticias","article_published_time":"2025-12-04T00:03:47+00:00","twitter_card":"summary_large_image","twitter_misc":{"Est. reading time":"5 minutos"},"schema":{"@context":"https:\/\/schema.org","@graph":[{"@type":"Article","@id":"https:\/\/noticiasya.com\/2025\/12\/03\/quien-es-alejandro-carranza-pescador-ataque-ee-uu-orix\/#article","isPartOf":{"@id":"https:\/\/noticiasya.com\/2025\/12\/03\/quien-es-alejandro-carranza-pescador-ataque-ee-uu-orix\/"},"author":{"name":"","@id":""},"headline":"Qu\u00e9 se sabe de Alejandro Carranza, el pescador colombiano que se cree muri\u00f3 en un ataque de EE.UU. a un supuesto narcobote","datePublished":"2025-12-04T00:03:47+00:00","mainEntityOfPage":{"@id":"https:\/\/noticiasya.com\/2025\/12\/03\/quien-es-alejandro-carranza-pescador-ataque-ee-uu-orix\/"},"wordCount":936,"commentCount":0,"publisher":{"@id":"https:\/\/noticiasya.com\/#organization"},"articleSection":["Noticias Nacionales"],"inLanguage":"es","potentialAction":[{"@type":"CommentAction","name":"Comment","target":["https:\/\/noticiasya.com\/2025\/12\/03\/quien-es-alejandro-carranza-pescador-ataque-ee-uu-orix\/#respond"]}]},{"@type":"WebPage","@id":"https:\/\/noticiasya.com\/2025\/12\/03\/quien-es-alejandro-carranza-pescador-ataque-ee-uu-orix\/","url":"https:\/\/noticiasya.com\/2025\/12\/03\/quien-es-alejandro-carranza-pescador-ataque-ee-uu-orix\/","name":"Qu\u00e9 se sabe de Alejandro Carranza, el pescador colombiano que se cree muri\u00f3 en un ataque de EE.UU. a un supuesto narcobote - Noticias","isPartOf":{"@id":"https:\/\/noticiasya.com\/#website"},"datePublished":"2025-12-04T00:03:47+00:00","breadcrumb":{"@id":"https:\/\/noticiasya.com\/2025\/12\/03\/quien-es-alejandro-carranza-pescador-ataque-ee-uu-orix\/#breadcrumb"},"inLanguage":"es","potentialAction":[{"@type":"ReadAction","target":["https:\/\/noticiasya.com\/2025\/12\/03\/quien-es-alejandro-carranza-pescador-ataque-ee-uu-orix\/"]}]},{"@type":"BreadcrumbList","@id":"https:\/\/noticiasya.com\/2025\/12\/03\/quien-es-alejandro-carranza-pescador-ataque-ee-uu-orix\/#breadcrumb","itemListElement":[{"@type":"ListItem","position":1,"name":"Home","item":"https:\/\/noticiasya.com\/"},{"@type":"ListItem","position":2,"name":"Qu\u00e9 se sabe de Alejandro Carranza, el pescador colombiano que se cree muri\u00f3 en un ataque de EE.UU. a un supuesto narcobote"}]},{"@type":"WebSite","@id":"https:\/\/noticiasya.com\/#website","url":"https:\/\/noticiasya.com\/","name":"Noticias","description":"Lo que importa","publisher":{"@id":"https:\/\/noticiasya.com\/#organization"},"potentialAction":[{"@type":"SearchAction","target":{"@type":"EntryPoint","urlTemplate":"https:\/\/noticiasya.com\/?s={search_term_string}"},"query-input":{"@type":"PropertyValueSpecification","valueRequired":true,"valueName":"search_term_string"}}],"inLanguage":"es"},{"@type":"Organization","@id":"https:\/\/noticiasya.com\/#organization","name":"Noticias","url":"https:\/\/noticiasya.com\/","logo":{"@type":"ImageObject","inLanguage":"es","@id":"https:\/\/noticiasya.com\/#\/schema\/logo\/image\/","url":"https:\/\/noticiasya.com\/wp-content\/uploads\/sites\/22\/2023\/12\/logo-nacional.png","contentUrl":"https:\/\/noticiasya.com\/wp-content\/uploads\/sites\/22\/2023\/12\/logo-nacional.png","width":1801,"height":691,"caption":"Noticias"},"image":{"@id":"https:\/\/noticiasya.com\/#\/schema\/logo\/image\/"}}]}},"parsely":{"version":"1.1.0","canonical_url":"https:\/\/noticiasya.com\/midland-odessa\/2025\/12\/03\/quien-es-alejandro-carranza-pescador-ataque-ee-uu-orix\/","smart_links":{"inbound":0,"outbound":0},"traffic_boost_suggestions_count":0,"meta":{"@context":"https:\/\/schema.org","@type":"NewsArticle","headline":"Qu\u00e9 se sabe de Alejandro Carranza, el pescador colombiano que se cree muri\u00f3 en un ataque de EE.UU. a un supuesto narcobote","url":"http:\/\/noticiasya.com\/midland-odessa\/2025\/12\/03\/quien-es-alejandro-carranza-pescador-ataque-ee-uu-orix\/","mainEntityOfPage":{"@type":"WebPage","@id":"http:\/\/noticiasya.com\/midland-odessa\/2025\/12\/03\/quien-es-alejandro-carranza-pescador-ataque-ee-uu-orix\/"},"thumbnailUrl":"","image":{"@type":"ImageObject","url":""},"articleSection":"Noticias Nacionales","author":[],"creator":[],"publisher":{"@type":"Organization","name":"Noticias","logo":""},"keywords":[],"dateCreated":"2025-12-04T00:03:47Z","datePublished":"2025-12-04T00:03:47Z","dateModified":"2025-12-04T00:03:47Z"},"rendered":"<script type=\"application\/ld+json\" class=\"wp-parsely-metadata\">{\"@context\":\"https:\\\/\\\/schema.org\",\"@type\":\"NewsArticle\",\"headline\":\"Qu\\u00e9 se sabe de Alejandro Carranza, el pescador colombiano que se cree muri\\u00f3 en un ataque de EE.UU. a un supuesto narcobote\",\"url\":\"http:\\\/\\\/noticiasya.com\\\/midland-odessa\\\/2025\\\/12\\\/03\\\/quien-es-alejandro-carranza-pescador-ataque-ee-uu-orix\\\/\",\"mainEntityOfPage\":{\"@type\":\"WebPage\",\"@id\":\"http:\\\/\\\/noticiasya.com\\\/midland-odessa\\\/2025\\\/12\\\/03\\\/quien-es-alejandro-carranza-pescador-ataque-ee-uu-orix\\\/\"},\"thumbnailUrl\":\"\",\"image\":{\"@type\":\"ImageObject\",\"url\":\"\"},\"articleSection\":\"Noticias Nacionales\",\"author\":[],\"creator\":[],\"publisher\":{\"@type\":\"Organization\",\"name\":\"Noticias\",\"logo\":\"\"},\"keywords\":[],\"dateCreated\":\"2025-12-04T00:03:47Z\",\"datePublished\":\"2025-12-04T00:03:47Z\",\"dateModified\":\"2025-12-04T00:03:47Z\"}<\/script>","tracker_url":"https:\/\/cdn.parsely.com\/keys\/noticiasya.com\/p.js"},"jetpack_featured_media_url":"","jetpack-related-posts":[{"id":1468908,"url":"https:\/\/noticiasya.com\/midland-odessa\/2025\/12\/02\/familia-colombiana-denuncia-ataque-caribe-orix\/","url_meta":{"origin":1468944,"position":0},"title":"Familia colombiana presenta la primera denuncia formal por muerte de una persona en un ataque de EE.UU. en el Caribe","author":"","date":"diciembre 2, 2025","format":false,"excerpt":"La familia de un colombiano que se cree muri\u00f3 en un ataque de EE.UU. contra un bote en el Caribe ha presentado ante la Comisi\u00f3n Interamericana de Derechos Humanos (CIDH) lo que se cree es la primera denuncia contra este tipo de operaciones militares.La petici\u00f3n, presentada el martes por el\u2026","rel":"","context":"In &quot;Noticias Nacionales&quot;","block_context":{"text":"Noticias Nacionales","link":"https:\/\/noticiasya.com\/midland-odessa\/categoria\/noticias-nacionales"},"img":{"alt_text":"","src":"","width":0,"height":0},"classes":[]},{"id":1467561,"url":"https:\/\/noticiasya.com\/midland-odessa\/2025\/10\/21\/ecuatoriano-colombiano-devueltos-ataque-embarcacion-caribe-orix\/","url_meta":{"origin":1468944,"position":1},"title":"\u00bfQu\u00e9 sabemos sobre el ecuatoriano y el colombiano devueltos a sus pa\u00edses tras el ataque de EE.UU. a un bote en el Caribe?","author":"","date":"octubre 21, 2025","format":false,"excerpt":"Dos de los cuatro tripulantes que iban a bordo de una embarcaci\u00f3n supuestamente cargada de drogas sobrevivieron al sexto ataque realizado por las fuerzas militares de Estados Unidos en el Caribe.El ataque \u2013ocurrido el jueves 16 de octubre\u2013 forma parte de la ofensiva del Gobierno de Donald Trump para frenar\u2026","rel":"","context":"In &quot;Noticias Nacionales&quot;","block_context":{"text":"Noticias Nacionales","link":"https:\/\/noticiasya.com\/midland-odessa\/categoria\/noticias-nacionales"},"img":{"alt_text":"","src":"","width":0,"height":0},"classes":[]},{"id":1468953,"url":"https:\/\/noticiasya.com\/midland-odessa\/2025\/12\/04\/5-cosas-4-diciembre-orix\/","url_meta":{"origin":1468944,"position":2},"title":"Las 5 cosas que debes saber este 4 de diciembre: restricciones a inmigraci\u00f3n, &#171;secuestro&#187; del Mayo y Spotify Wrapped","author":"","date":"diciembre 4, 2025","format":false,"excerpt":"Enga\u00f1ado, esposado y sedado: c\u00f3mo fue el \u201csecuestro\u201d del Mayo Zambada antes de su detenci\u00f3n en EE.UU., seg\u00fan Guzm\u00e1n L\u00f3pez. Hegseth arriesg\u00f3 a militares al compartir planes de guerra en Signal, seg\u00fan informe. Lleg\u00f3 Spotify Wrapped 2025. Esto es lo que debes saber para comenzar el d\u00eda. Primero la verdad.Suscr\u00edbete\u2026","rel":"","context":"In &quot;Noticias Nacionales&quot;","block_context":{"text":"Noticias Nacionales","link":"https:\/\/noticiasya.com\/midland-odessa\/categoria\/noticias-nacionales"},"img":{"alt_text":"","src":"","width":0,"height":0},"classes":[]},{"id":1458927,"url":"https:\/\/noticiasya.com\/midland-odessa\/2025\/02\/19\/nina-suicida-bullying-migrante-familia-trax\/","url_meta":{"origin":1468944,"position":3},"title":"Una ni\u00f1a de 11 a\u00f1os se suicidi\u00f3 en Texas. Su madre dice que era acosada por el estatus migratorio de su familia","author":"","date":"febrero 19, 2025","format":false,"excerpt":"La Polic\u00eda escolar est\u00e1 investigando la muerte por suicidio de una ni\u00f1a, despu\u00e9s de que su madre dijera que otros estudiantes la hostigaban y la insultaban, alegando que su familia estaba en EE.UU. ilegalmente.Jocelynn Rojo Carranza, de 11 a\u00f1os, muri\u00f3 el 8 de febrero, seg\u00fan un obituario en l\u00ednea. Su\u2026","rel":"","context":"In &quot;Noticias Nacionales&quot;","block_context":{"text":"Noticias Nacionales","link":"https:\/\/noticiasya.com\/midland-odessa\/categoria\/noticias-nacionales"},"img":{"alt_text":"","src":"","width":0,"height":0},"classes":[]},{"id":1458982,"url":"https:\/\/noticiasya.com\/midland-odessa\/2025\/02\/20\/ice-texas-escuela-jocelynn-rojo-carranza-trax\/","url_meta":{"origin":1468944,"position":4},"title":"&#171;Voy a llamar a ICE&#187;: hubo rumores sobre deportaciones en la escuela de la ni\u00f1a de Texas que se suicid\u00f3","author":"","date":"febrero 20, 2025","format":false,"excerpt":"Los estudiantes de la escuela de Jocelynn Rojo Carranza difundieron a fines de enero rumores y especulaciones de que las autoridades de inmigraci\u00f3n deportar\u00edan a las familias de los estudiantes de la escuela mayoritariamente hispana, seg\u00fan un padre y otro estudiante.Jessi Noble dijo que su hija de 11 a\u00f1os, que\u2026","rel":"","context":"In &quot;Noticias Nacionales&quot;","block_context":{"text":"Noticias Nacionales","link":"https:\/\/noticiasya.com\/midland-odessa\/categoria\/noticias-nacionales"},"img":{"alt_text":"","src":"","width":0,"height":0},"classes":[]},{"id":1468703,"url":"https:\/\/noticiasya.com\/midland-odessa\/2025\/11\/25\/exclusivo-petro-problema-maduro-falta-democracia-orix\/","url_meta":{"origin":1468944,"position":5},"title":"Exclusivo CNN: Petro dice que el problema de Maduro es la &#171;falta de democracia&#187; pero que no tiene v\u00ednculo con el narcotr\u00e1fico","author":"","date":"noviembre 25, 2025","format":false,"excerpt":"En medio de las crecientes tensiones entre Estados Unidos y Venezuela, el presidente de Colombia, Gustavo Petro, dijo a CNN este martes que su pa\u00eds no tiene detectado que el presidente de Venezuela, Nicol\u00e1s Maduro, sea un l\u00edder del narcotr\u00e1fico, como afirma EE.UU., y consider\u00f3 que el problema de Maduro\u2026","rel":"","context":"In &quot;Noticias Nacionales&quot;","block_context":{"text":"Noticias Nacionales","link":"https:\/\/noticiasya.com\/midland-odessa\/categoria\/noticias-nacionales"},"img":{"alt_text":"","src":"","width":0,"height":0},"classes":[]}],"jetpack_sharing_enabled":true,"_links":{"self":[{"href":"https:\/\/noticiasya.com\/midland-odessa\/wp-json\/wp\/v2\/posts\/1468944","targetHints":{"allow":["GET"]}}],"collection":[{"href":"https:\/\/noticiasya.com\/midland-odessa\/wp-json\/wp\/v2\/posts"}],"about":[{"href":"https:\/\/noticiasya.com\/midland-odessa\/wp-json\/wp\/v2\/types\/post"}],"replies":[{"embeddable":true,"href":"https:\/\/noticiasya.com\/midland-odessa\/wp-json\/wp\/v2\/comments?post=1468944"}],"version-history":[{"count":0,"href":"https:\/\/noticiasya.com\/midland-odessa\/wp-json\/wp\/v2\/posts\/1468944\/revisions"}],"wp:attachment":[{"href":"https:\/\/noticiasya.com\/midland-odessa\/wp-json\/wp\/v2\/media?parent=1468944"}],"wp:term":[{"taxonomy":"category","embeddable":true,"href":"https:\/\/noticiasya.com\/midland-odessa\/wp-json\/wp\/v2\/categories?post=1468944"},{"taxonomy":"post_tag","embeddable":true,"href":"https:\/\/noticiasya.com\/midland-odessa\/wp-json\/wp\/v2\/tags?post=1468944"}],"curies":[{"name":"wp","href":"https:\/\/api.w.org\/{rel}","templated":true}]}}