{"id":1468945,"date":"2025-12-03T17:03:42","date_gmt":"2025-12-04T01:03:42","guid":{"rendered":"https:\/\/noticiasya.com\/2025\/12\/03\/maduro-confirma-llamada-trump-trax\/"},"modified":"2025-12-03T17:03:42","modified_gmt":"2025-12-04T01:03:42","slug":"maduro-confirma-llamada-trump-trax","status":"publish","type":"post","link":"https:\/\/noticiasya.com\/midland-odessa\/2025\/12\/03\/maduro-confirma-llamada-trump-trax\/","title":{"rendered":"Maduro confirma llamada con Trump y dice que fue &#171;cordial&#187;"},"content":{"rendered":"<p>El presidente de Venezuela, Nicol\u00e1s Maduro, confirm\u00f3 este mi\u00e9rcoles que sostuvo una conversaci\u00f3n telef\u00f3nica con el presidente de Estados Unidos, Donald Trump, ocurrida hace aproximadamente diez d\u00edas, tras recibir una llamada de la Casa Blanca.<\/p>\n<p>Maduro describi\u00f3 la conversaci\u00f3n como respetuosa y \u201ccordial\u201d. No ofreci\u00f3 detalles sobre los temas tratados.<\/p>\n<p>\u201cSi esa llamada significa que se est\u00e1n dando pasos hacia un di\u00e1logo respetuoso de Estado a Estado, de pa\u00eds a pa\u00eds, entonces bienvenido el di\u00e1logo, bienvenida la diplomacia, porque siempre buscaremos la paz\u201d, afirm\u00f3 Maduro en espa\u00f1ol.<\/p>\n<p>Luego, en ingl\u00e9s, agreg\u00f3: \u201cWelcome dialogue, welcome diplomats, welcome the peace. Peace, yes. War, never, never in your life\u201d (en espa\u00f1ol, \u201cBienvenido di\u00e1logo, bienvenidos diplom\u00e1ticos, bienvenida la paz. Paz, s\u00ed. Guerra, nunca, nunca en la vida\u201d).<\/p>\n<p>Anteriormente, <a href=\"https:\/\/cnnespanol.cnn.com\/2025\/11\/30\/eeuu\/trump-maduro-llamada-telefonica-trax\">CNN report\u00f3 <\/a>que Trump dijo a periodistas que tuvo una llamada con Maduro, pero tampoco profundiz\u00f3 en los detalles sobre la llamada.<\/p>\n<p>\u201cNo quiero comentar al respecto; la respuesta es s\u00ed\u201d, dijo Trump. \u201cNo dir\u00eda que sali\u00f3 bien o mal. Fue una llamada telef\u00f3nica\u201d.<\/p>\n<p><a href=\"https:\/\/www.nytimes.com\/2025\/11\/29\/us\/politics\/trump-venezuela-maduro-airspace.html\">The New York Times<\/a> y <a href=\"https:\/\/www.wsj.com\/politics\/national-security\/trump-declares-that-airspace-around-venezuela-should-be-considered-closed-07b748ee?mod=hp_lead_pos2\">The Wall Street Journal<\/a> informaron que Trump y Maduro hablaron por tel\u00e9fono a principios de este mes.<\/p>\n<p>The-CNN-Wire<br \/>&trade; &amp; &copy; 2025 Cable News Network, Inc., a Warner Bros. Discovery Company. All rights reserved.<\/p>\n","protected":false},"excerpt":{"rendered":"<p>El presidente de Venezuela, Nicol\u00e1s Maduro, confirm\u00f3 este mi\u00e9rcoles que sostuvo una conversaci\u00f3n telef\u00f3nica con el presidente de Estados Unidos, Donald Trump, ocurrida hace aproximadamente diez d\u00edas, tras recibir una llamada de la Casa Blanca. Maduro describi\u00f3 la conversaci\u00f3n como respetuosa y \u201ccordial\u201d. No ofreci\u00f3 detalles sobre los temas tratados. \u201cSi esa llamada significa que [&hellip;]<\/p>\n","protected":false},"author":0,"featured_media":0,"comment_status":"open","ping_status":"open","sticky":false,"template":"","format":"standard","meta":{"_jetpack_memberships_contains_paid_content":false,"footnotes":""},"categories":[10],"tags":[],"class_list":["post-1468945","post","type-post","status-publish","format-standard","hentry","category-noticias-nacionales","market-global"],"yoast_head":"<!-- This site is optimized with the Yoast SEO plugin v24.4 - https:\/\/yoast.com\/wordpress\/plugins\/seo\/ -->\n<title>Maduro confirma llamada con Trump y dice que fue &quot;cordial&quot; - Noticias<\/title>\n<meta name=\"robots\" content=\"index, follow, max-snippet:-1, max-image-preview:large, max-video-preview:-1\" \/>\n<link rel=\"canonical\" href=\"https:\/\/noticiasya.com\/2025\/12\/03\/maduro-confirma-llamada-trump-trax\/\" \/>\n<meta property=\"og:locale\" content=\"es_ES\" \/>\n<meta property=\"og:type\" content=\"article\" \/>\n<meta property=\"og:title\" content=\"Maduro confirma llamada con Trump y dice que fue &quot;cordial&quot; - Noticias\" \/>\n<meta property=\"og:description\" content=\"El presidente de Venezuela, Nicol\u00e1s Maduro, confirm\u00f3 este mi\u00e9rcoles que sostuvo una conversaci\u00f3n telef\u00f3nica con el presidente de Estados Unidos, Donald Trump, ocurrida hace aproximadamente diez d\u00edas, tras recibir una llamada de la Casa Blanca. Maduro describi\u00f3 la conversaci\u00f3n como respetuosa y \u201ccordial\u201d. No ofreci\u00f3 detalles sobre los temas tratados. \u201cSi esa llamada significa que [&hellip;]\" \/>\n<meta property=\"og:url\" content=\"https:\/\/noticiasya.com\/2025\/12\/03\/maduro-confirma-llamada-trump-trax\/\" \/>\n<meta property=\"og:site_name\" content=\"Noticias\" \/>\n<meta property=\"article:published_time\" content=\"2025-12-04T01:03:42+00:00\" \/>\n<meta name=\"twitter:card\" content=\"summary_large_image\" \/>\n<meta name=\"twitter:label1\" content=\"Est. reading time\" \/>\n\t<meta name=\"twitter:data1\" content=\"1 minuto\" \/>\n<script type=\"application\/ld+json\" class=\"yoast-schema-graph\">{\"@context\":\"https:\/\/schema.org\",\"@graph\":[{\"@type\":\"Article\",\"@id\":\"https:\/\/noticiasya.com\/2025\/12\/03\/maduro-confirma-llamada-trump-trax\/#article\",\"isPartOf\":{\"@id\":\"https:\/\/noticiasya.com\/2025\/12\/03\/maduro-confirma-llamada-trump-trax\/\"},\"author\":{\"name\":\"\",\"@id\":\"\"},\"headline\":\"Maduro confirma llamada con Trump y dice que fue &#171;cordial&#187;\",\"datePublished\":\"2025-12-04T01:03:42+00:00\",\"mainEntityOfPage\":{\"@id\":\"https:\/\/noticiasya.com\/2025\/12\/03\/maduro-confirma-llamada-trump-trax\/\"},\"wordCount\":235,\"commentCount\":0,\"publisher\":{\"@id\":\"https:\/\/noticiasya.com\/#organization\"},\"articleSection\":[\"Noticias Nacionales\"],\"inLanguage\":\"es\",\"potentialAction\":[{\"@type\":\"CommentAction\",\"name\":\"Comment\",\"target\":[\"https:\/\/noticiasya.com\/2025\/12\/03\/maduro-confirma-llamada-trump-trax\/#respond\"]}]},{\"@type\":\"WebPage\",\"@id\":\"https:\/\/noticiasya.com\/2025\/12\/03\/maduro-confirma-llamada-trump-trax\/\",\"url\":\"https:\/\/noticiasya.com\/2025\/12\/03\/maduro-confirma-llamada-trump-trax\/\",\"name\":\"Maduro confirma llamada con Trump y dice que fue \\\"cordial\\\" - Noticias\",\"isPartOf\":{\"@id\":\"https:\/\/noticiasya.com\/#website\"},\"datePublished\":\"2025-12-04T01:03:42+00:00\",\"breadcrumb\":{\"@id\":\"https:\/\/noticiasya.com\/2025\/12\/03\/maduro-confirma-llamada-trump-trax\/#breadcrumb\"},\"inLanguage\":\"es\",\"potentialAction\":[{\"@type\":\"ReadAction\",\"target\":[\"https:\/\/noticiasya.com\/2025\/12\/03\/maduro-confirma-llamada-trump-trax\/\"]}]},{\"@type\":\"BreadcrumbList\",\"@id\":\"https:\/\/noticiasya.com\/2025\/12\/03\/maduro-confirma-llamada-trump-trax\/#breadcrumb\",\"itemListElement\":[{\"@type\":\"ListItem\",\"position\":1,\"name\":\"Home\",\"item\":\"https:\/\/noticiasya.com\/\"},{\"@type\":\"ListItem\",\"position\":2,\"name\":\"Maduro confirma llamada con Trump y dice que fue &#171;cordial&#187;\"}]},{\"@type\":\"WebSite\",\"@id\":\"https:\/\/noticiasya.com\/#website\",\"url\":\"https:\/\/noticiasya.com\/\",\"name\":\"Noticias\",\"description\":\"Lo que importa\",\"publisher\":{\"@id\":\"https:\/\/noticiasya.com\/#organization\"},\"potentialAction\":[{\"@type\":\"SearchAction\",\"target\":{\"@type\":\"EntryPoint\",\"urlTemplate\":\"https:\/\/noticiasya.com\/?s={search_term_string}\"},\"query-input\":{\"@type\":\"PropertyValueSpecification\",\"valueRequired\":true,\"valueName\":\"search_term_string\"}}],\"inLanguage\":\"es\"},{\"@type\":\"Organization\",\"@id\":\"https:\/\/noticiasya.com\/#organization\",\"name\":\"Noticias\",\"url\":\"https:\/\/noticiasya.com\/\",\"logo\":{\"@type\":\"ImageObject\",\"inLanguage\":\"es\",\"@id\":\"https:\/\/noticiasya.com\/#\/schema\/logo\/image\/\",\"url\":\"https:\/\/noticiasya.com\/wp-content\/uploads\/sites\/22\/2023\/12\/logo-nacional.png\",\"contentUrl\":\"https:\/\/noticiasya.com\/wp-content\/uploads\/sites\/22\/2023\/12\/logo-nacional.png\",\"width\":1801,\"height\":691,\"caption\":\"Noticias\"},\"image\":{\"@id\":\"https:\/\/noticiasya.com\/#\/schema\/logo\/image\/\"}}]}<\/script>\n<!-- \/ Yoast SEO plugin. -->","yoast_head_json":{"title":"Maduro confirma llamada con Trump y dice que fue \"cordial\" - Noticias","robots":{"index":"index","follow":"follow","max-snippet":"max-snippet:-1","max-image-preview":"max-image-preview:large","max-video-preview":"max-video-preview:-1"},"canonical":"https:\/\/noticiasya.com\/2025\/12\/03\/maduro-confirma-llamada-trump-trax\/","og_locale":"es_ES","og_type":"article","og_title":"Maduro confirma llamada con Trump y dice que fue \"cordial\" - Noticias","og_description":"El presidente de Venezuela, Nicol\u00e1s Maduro, confirm\u00f3 este mi\u00e9rcoles que sostuvo una conversaci\u00f3n telef\u00f3nica con el presidente de Estados Unidos, Donald Trump, ocurrida hace aproximadamente diez d\u00edas, tras recibir una llamada de la Casa Blanca. Maduro describi\u00f3 la conversaci\u00f3n como respetuosa y \u201ccordial\u201d. No ofreci\u00f3 detalles sobre los temas tratados. \u201cSi esa llamada significa que [&hellip;]","og_url":"https:\/\/noticiasya.com\/2025\/12\/03\/maduro-confirma-llamada-trump-trax\/","og_site_name":"Noticias","article_published_time":"2025-12-04T01:03:42+00:00","twitter_card":"summary_large_image","twitter_misc":{"Est. reading time":"1 minuto"},"schema":{"@context":"https:\/\/schema.org","@graph":[{"@type":"Article","@id":"https:\/\/noticiasya.com\/2025\/12\/03\/maduro-confirma-llamada-trump-trax\/#article","isPartOf":{"@id":"https:\/\/noticiasya.com\/2025\/12\/03\/maduro-confirma-llamada-trump-trax\/"},"author":{"name":"","@id":""},"headline":"Maduro confirma llamada con Trump y dice que fue &#171;cordial&#187;","datePublished":"2025-12-04T01:03:42+00:00","mainEntityOfPage":{"@id":"https:\/\/noticiasya.com\/2025\/12\/03\/maduro-confirma-llamada-trump-trax\/"},"wordCount":235,"commentCount":0,"publisher":{"@id":"https:\/\/noticiasya.com\/#organization"},"articleSection":["Noticias Nacionales"],"inLanguage":"es","potentialAction":[{"@type":"CommentAction","name":"Comment","target":["https:\/\/noticiasya.com\/2025\/12\/03\/maduro-confirma-llamada-trump-trax\/#respond"]}]},{"@type":"WebPage","@id":"https:\/\/noticiasya.com\/2025\/12\/03\/maduro-confirma-llamada-trump-trax\/","url":"https:\/\/noticiasya.com\/2025\/12\/03\/maduro-confirma-llamada-trump-trax\/","name":"Maduro confirma llamada con Trump y dice que fue \"cordial\" - Noticias","isPartOf":{"@id":"https:\/\/noticiasya.com\/#website"},"datePublished":"2025-12-04T01:03:42+00:00","breadcrumb":{"@id":"https:\/\/noticiasya.com\/2025\/12\/03\/maduro-confirma-llamada-trump-trax\/#breadcrumb"},"inLanguage":"es","potentialAction":[{"@type":"ReadAction","target":["https:\/\/noticiasya.com\/2025\/12\/03\/maduro-confirma-llamada-trump-trax\/"]}]},{"@type":"BreadcrumbList","@id":"https:\/\/noticiasya.com\/2025\/12\/03\/maduro-confirma-llamada-trump-trax\/#breadcrumb","itemListElement":[{"@type":"ListItem","position":1,"name":"Home","item":"https:\/\/noticiasya.com\/"},{"@type":"ListItem","position":2,"name":"Maduro confirma llamada con Trump y dice que fue &#171;cordial&#187;"}]},{"@type":"WebSite","@id":"https:\/\/noticiasya.com\/#website","url":"https:\/\/noticiasya.com\/","name":"Noticias","description":"Lo que importa","publisher":{"@id":"https:\/\/noticiasya.com\/#organization"},"potentialAction":[{"@type":"SearchAction","target":{"@type":"EntryPoint","urlTemplate":"https:\/\/noticiasya.com\/?s={search_term_string}"},"query-input":{"@type":"PropertyValueSpecification","valueRequired":true,"valueName":"search_term_string"}}],"inLanguage":"es"},{"@type":"Organization","@id":"https:\/\/noticiasya.com\/#organization","name":"Noticias","url":"https:\/\/noticiasya.com\/","logo":{"@type":"ImageObject","inLanguage":"es","@id":"https:\/\/noticiasya.com\/#\/schema\/logo\/image\/","url":"https:\/\/noticiasya.com\/wp-content\/uploads\/sites\/22\/2023\/12\/logo-nacional.png","contentUrl":"https:\/\/noticiasya.com\/wp-content\/uploads\/sites\/22\/2023\/12\/logo-nacional.png","width":1801,"height":691,"caption":"Noticias"},"image":{"@id":"https:\/\/noticiasya.com\/#\/schema\/logo\/image\/"}}]}},"parsely":{"version":"1.1.0","canonical_url":"https:\/\/noticiasya.com\/midland-odessa\/2025\/12\/03\/maduro-confirma-llamada-trump-trax\/","smart_links":{"inbound":0,"outbound":0},"traffic_boost_suggestions_count":0,"meta":{"@context":"https:\/\/schema.org","@type":"NewsArticle","headline":"Maduro confirma llamada con Trump y dice que fue &#171;cordial&#187;","url":"http:\/\/noticiasya.com\/midland-odessa\/2025\/12\/03\/maduro-confirma-llamada-trump-trax\/","mainEntityOfPage":{"@type":"WebPage","@id":"http:\/\/noticiasya.com\/midland-odessa\/2025\/12\/03\/maduro-confirma-llamada-trump-trax\/"},"thumbnailUrl":"","image":{"@type":"ImageObject","url":""},"articleSection":"Noticias Nacionales","author":[],"creator":[],"publisher":{"@type":"Organization","name":"Noticias","logo":""},"keywords":[],"dateCreated":"2025-12-04T01:03:42Z","datePublished":"2025-12-04T01:03:42Z","dateModified":"2025-12-04T01:03:42Z"},"rendered":"<script type=\"application\/ld+json\" class=\"wp-parsely-metadata\">{\"@context\":\"https:\\\/\\\/schema.org\",\"@type\":\"NewsArticle\",\"headline\":\"Maduro confirma llamada con Trump y dice que fue &#171;cordial&#187;\",\"url\":\"http:\\\/\\\/noticiasya.com\\\/midland-odessa\\\/2025\\\/12\\\/03\\\/maduro-confirma-llamada-trump-trax\\\/\",\"mainEntityOfPage\":{\"@type\":\"WebPage\",\"@id\":\"http:\\\/\\\/noticiasya.com\\\/midland-odessa\\\/2025\\\/12\\\/03\\\/maduro-confirma-llamada-trump-trax\\\/\"},\"thumbnailUrl\":\"\",\"image\":{\"@type\":\"ImageObject\",\"url\":\"\"},\"articleSection\":\"Noticias Nacionales\",\"author\":[],\"creator\":[],\"publisher\":{\"@type\":\"Organization\",\"name\":\"Noticias\",\"logo\":\"\"},\"keywords\":[],\"dateCreated\":\"2025-12-04T01:03:42Z\",\"datePublished\":\"2025-12-04T01:03:42Z\",\"dateModified\":\"2025-12-04T01:03:42Z\"}<\/script>","tracker_url":"https:\/\/cdn.parsely.com\/keys\/noticiasya.com\/p.js"},"jetpack_featured_media_url":"","jetpack-related-posts":[{"id":1469178,"url":"https:\/\/noticiasya.com\/midland-odessa\/2025\/12\/11\/putin-llamada-telefonica-maduro-apoyo-trax\/","url_meta":{"origin":1468945,"position":0},"title":"Putin mantiene una llamada telef\u00f3nica con Maduro para expresarle su apoyo","author":"","date":"diciembre 11, 2025","format":false,"excerpt":"El presidente de Rusia, Vladimir Putin, mantuvo este jueves una conversaci\u00f3n telef\u00f3nica con su hom\u00f3logo de Venezuela, Nicol\u00e1s Maduro, en la que expres\u00f3 su solidaridad con el pueblo venezolano y reafirm\u00f3 su apoyo a las pol\u00edticas de Maduro, seg\u00fan un comunicado del Kremlin.El Kremlin tambi\u00e9n dijo que los dos l\u00edderes\u2026","rel":"","context":"In &quot;Noticias Nacionales&quot;","block_context":{"text":"Noticias Nacionales","link":"https:\/\/noticiasya.com\/midland-odessa\/categoria\/noticias-nacionales"},"img":{"alt_text":"","src":"","width":0,"height":0},"classes":[]},{"id":1469181,"url":"https:\/\/noticiasya.com\/midland-odessa\/2025\/12\/11\/colombia-recibiria-maduro-si-sale-venezuela-transicion-poder-orix\/","url_meta":{"origin":1468945,"position":1},"title":"Colombia recibir\u00eda a Maduro si sale de Venezuela para una transici\u00f3n en el poder, dice el Gobierno de Petro","author":"","date":"diciembre 11, 2025","format":false,"excerpt":"Rosa Yolanda Villavicencio, canciller de Colombia, dijo que si el presidente de Venezuela, Nicol\u00e1s Maduro, llegase a salir de su pa\u00eds para una transici\u00f3n en el poder, Colombia le ofrecer\u00eda protecci\u00f3n.\u201cEn el momento de tensi\u00f3n que existe (entre Estados Unidos y Venezuela), hay que negociar, y seguramente, si EE.UU. exige\u2026","rel":"","context":"In &quot;Noticias Nacionales&quot;","block_context":{"text":"Noticias Nacionales","link":"https:\/\/noticiasya.com\/midland-odessa\/categoria\/noticias-nacionales"},"img":{"alt_text":"","src":"","width":0,"height":0},"classes":[]},{"id":1469211,"url":"https:\/\/noticiasya.com\/midland-odessa\/2025\/12\/12\/transicion-irreversible-maria-corina-machado-gobierno-maduro-orix\/","url_meta":{"origin":1468945,"position":2},"title":"&#171;La transici\u00f3n es irreversible&#187;, dice Mar\u00eda Corina Machado sobre Venezuela","author":"","date":"diciembre 12, 2025","format":false,"excerpt":"La l\u00edder opositora venezolana Mar\u00eda Corina Machado asegur\u00f3 este viernes que \u201cla transici\u00f3n es irreversible\u201d en el Gobierno del presidente de Venezuela, Nicol\u00e1s Maduro, en medio de las tensiones entre el pa\u00eds sudamericano y Estados Unidos.\u201cYo creo que ha quedado muy claro que el conflicto venezolano es absolutamente prioritario en\u2026","rel":"","context":"In &quot;Noticias Nacionales&quot;","block_context":{"text":"Noticias Nacionales","link":"https:\/\/noticiasya.com\/midland-odessa\/categoria\/noticias-nacionales"},"img":{"alt_text":"","src":"","width":0,"height":0},"classes":[]},{"id":1472144,"url":"https:\/\/noticiasya.com\/midland-odessa\/2026\/03\/12\/trump-petro-llamada-energia-narcotrafico-trax\/","url_meta":{"origin":1468945,"position":3},"title":"Trump y Petro hablan por tel\u00e9fono sobre energ\u00eda, narcotr\u00e1fico y Venezuela","author":"","date":"marzo 12, 2026","format":false,"excerpt":"El presidente de Estados Unidos, Donald Trump, sostuvo una llamada telef\u00f3nica de casi media hora la tarde de este jueves con el presidente de Colombia, Gustavo Petro, seg\u00fan inform\u00f3 el asesor presidencial colombiano Andr\u00e9s Hern\u00e1ndez Ram\u00edrez.La conversaci\u00f3n se centr\u00f3 en la cooperaci\u00f3n energ\u00e9tica, los esfuerzos para combatir el narcotr\u00e1fico y\u2026","rel":"","context":"In &quot;Noticias Nacionales&quot;","block_context":{"text":"Noticias Nacionales","link":"https:\/\/noticiasya.com\/midland-odessa\/categoria\/noticias-nacionales"},"img":{"alt_text":"","src":"","width":0,"height":0},"classes":[]},{"id":1469721,"url":"https:\/\/noticiasya.com\/midland-odessa\/2026\/01\/01\/maduro-ataque-cia-venezuela-orix\/","url_meta":{"origin":1468945,"position":4},"title":"Maduro dice que hablar\u00e1 &#171;en unos d\u00edas&#187; sobre el presunto ataque de la CIA en Venezuela","author":"","date":"enero 1, 2026","format":false,"excerpt":"El presidente de Venezuela, Nicol\u00e1s Maduro, dijo que podr\u00eda hablar \u201cdentro de unos d\u00edas\u201d sobre el presunto ataque de la CIA en territorio venezolano, aunque no confirm\u00f3 ning\u00fan hecho ni ofreci\u00f3 detalles sobre el incidente. Es la primera vez que el mandatario se refiere al tema desde que el presidente\u2026","rel":"","context":"In &quot;Noticias Nacionales&quot;","block_context":{"text":"Noticias Nacionales","link":"https:\/\/noticiasya.com\/midland-odessa\/categoria\/noticias-nacionales"},"img":{"alt_text":"","src":"","width":0,"height":0},"classes":[]},{"id":1469189,"url":"https:\/\/noticiasya.com\/midland-odessa\/2025\/12\/11\/lula-maduro-llamada-venezuela-brasil-orix\/","url_meta":{"origin":1468945,"position":5},"title":"Lula y Maduro hablaron por tel\u00e9fono la semana pasada, dice la Presidencia de Brasil","author":"","date":"diciembre 11, 2025","format":false,"excerpt":"El presidente de Brasil, Luiz In\u00e1cio Lula da Silva, y el presidente de Venezuela, Nicol\u00e1s Maduro, mantuvieron una conversaci\u00f3n telef\u00f3nica la semana pasada, confirm\u00f3 la Presidencia de Brasil a CNN.El llamado fue breve y en buenos t\u00e9rminos, dijeron sobre la conversaci\u00f3n entre ambos mandatarios. Hablaron de \u201cla paz en Sudam\u00e9rica\u2026","rel":"","context":"In &quot;Noticias Nacionales&quot;","block_context":{"text":"Noticias Nacionales","link":"https:\/\/noticiasya.com\/midland-odessa\/categoria\/noticias-nacionales"},"img":{"alt_text":"","src":"","width":0,"height":0},"classes":[]}],"jetpack_sharing_enabled":true,"_links":{"self":[{"href":"https:\/\/noticiasya.com\/midland-odessa\/wp-json\/wp\/v2\/posts\/1468945","targetHints":{"allow":["GET"]}}],"collection":[{"href":"https:\/\/noticiasya.com\/midland-odessa\/wp-json\/wp\/v2\/posts"}],"about":[{"href":"https:\/\/noticiasya.com\/midland-odessa\/wp-json\/wp\/v2\/types\/post"}],"replies":[{"embeddable":true,"href":"https:\/\/noticiasya.com\/midland-odessa\/wp-json\/wp\/v2\/comments?post=1468945"}],"version-history":[{"count":0,"href":"https:\/\/noticiasya.com\/midland-odessa\/wp-json\/wp\/v2\/posts\/1468945\/revisions"}],"wp:attachment":[{"href":"https:\/\/noticiasya.com\/midland-odessa\/wp-json\/wp\/v2\/media?parent=1468945"}],"wp:term":[{"taxonomy":"category","embeddable":true,"href":"https:\/\/noticiasya.com\/midland-odessa\/wp-json\/wp\/v2\/categories?post=1468945"},{"taxonomy":"post_tag","embeddable":true,"href":"https:\/\/noticiasya.com\/midland-odessa\/wp-json\/wp\/v2\/tags?post=1468945"}],"curies":[{"name":"wp","href":"https:\/\/api.w.org\/{rel}","templated":true}]}}