{"id":1468947,"date":"2025-12-03T18:03:52","date_gmt":"2025-12-04T02:03:52","guid":{"rendered":"https:\/\/noticiasya.com\/2025\/12\/03\/condenan-yerno-edmundo-gonzalez-prision-orix\/"},"modified":"2025-12-03T18:03:52","modified_gmt":"2025-12-04T02:03:52","slug":"condenan-yerno-edmundo-gonzalez-prision-orix","status":"publish","type":"post","link":"https:\/\/noticiasya.com\/midland-odessa\/2025\/12\/03\/condenan-yerno-edmundo-gonzalez-prision-orix\/","title":{"rendered":"Condenan al yerno de Edmundo Gonz\u00e1lez a 30 a\u00f1os de prisi\u00f3n en Venezuela, dice su familia"},"content":{"rendered":"<p>Rafael Tudares, yerno del excandidato presidencial opositor venezolano Edmundo Gonz\u00e1lez Urrutia, fue condenado en Venezuela a 30 a\u00f1os de prisi\u00f3n por conspiraci\u00f3n y otros delitos, dijo este mi\u00e9rcoles su familia, que descalific\u00f3 el proceso penal en su contra, se\u00f1al\u00f3 que no fue informada sobre los cargos espec\u00edficos y asegur\u00f3 que seguir\u00e1 buscando su liberaci\u00f3n.<\/p>\n<p>Mariana Gonz\u00e1lez de Tudares, esposa de Rafael e hija de Edmundo, dijo <a href=\"https:\/\/x.com\/MarianaGTudares\/status\/1996324323255271924\">en comunicado publicado en X<\/a> que las autoridades le confirmaron la sentencia dictada contra su marido en una audiencia realizada el viernes y comunicada a \u00e9l este lunes.<\/p>\n<p>Declar\u00f3 que su esposo fue acusado injustamente de delitos graves y enfrent\u00f3 un proceso en el que se violaron sus derechos porque, dijo, desde que Tudares fue detenido en enero ni su abogado ni su familia tuvieron acceso al expediente del caso.<\/p>\n<p>\u201cSe me ha referido una vez m\u00e1s que el expediente es confidencial por la \u2018naturaleza del caso\u2019, lo cual representa una grave violaci\u00f3n de los derechos y garant\u00edas judiciales que tiene Rafael, y que tengo yo como su esposa y madre de nuestros dos ni\u00f1os\u201d, dijo.<\/p>\n<p>\u201cNo me rendir\u00e9 y, a pesar de las circunstancias absolutamente adversas, seguir\u00e9 luchando por todas las v\u00edas humanitarias disponibles, por la vida, la libertad, la integridad personal y los derechos de mi esposo Rafael Tudares Bracho, quien es absolutamente inocente de los hechos y cargos que injustamente le han atribuido, por el solo hecho de ser el yerno de mi Padre\u201d, concluy\u00f3.<\/p>\n<p>Gonz\u00e1lez Urrutia tambi\u00e9n se pronunci\u00f3 sobre el caso <a href=\"https:\/\/x.com\/edmundogu\/status\/1996331092823928981?s=48&#038;t=Nbj7KM5IwAOAn0Eu3TnSrQ\">en su cuenta de X<\/a>. El excandidato, quien compiti\u00f3 contra Nicol\u00e1s Maduro en las elecciones presidenciales del 28 de julio de 2024, critic\u00f3 la condena y consider\u00f3 que est\u00e1 \u201cfuera de la legalidad democr\u00e1tica\u201d.<\/p>\n<p>\u201cSe trata de una decisi\u00f3n sin sustento jur\u00eddico, incompatible con la Constituci\u00f3n y utilizada como represalia pol\u00edtica para intentar afectarme y distorsionar la voluntad expresada por los venezolanos el 28 de julio de 2024\u201d, dijo el pol\u00edtico opositor.<\/p>\n<p>CNN contact\u00f3 al Gobierno, a la Fiscal\u00eda y al Tribunal Supremo de Justicia de Venezuela para pedir m\u00e1s informaci\u00f3n y comentarios y est\u00e1 en espera de respuesta.<\/p>\n<p>Aunque las autoridades de Venezuela no se han referido a este caso en espec\u00edfico, a lo largo del a\u00f1o han dicho que hay presuntas cospiraciones en contra del Gobierno.<\/p>\n<p>Tudares <a href=\"https:\/\/cnnespanol.cnn.com\/2025\/01\/07\/venezuela\/edmundo-gonzalez-urrutia-yerno-detenido-trax\">fue detenido en Venezuela el 7 de enero de este a\u00f1o<\/a>, solo tres d\u00edas antes de que Maduro comenzara un nuevo mandato como presidente de Venezuela. Gonz\u00e1lez Urrutia descalific\u00f3 entonces el arresto, al que se refiri\u00f3 como un \u201csecuestro\u201d en represalia suya y contra su familia.<\/p>\n<p>Maduro, en el poder desde 2013 tras la muerte del entonces presidente Hugo Ch\u00e1vez, fue proclamado ganador de las elecciones de 2024 por \u00f3rganos electorales afines al oficialismo y sin que se publicaran en su totalidad las actas de votaci\u00f3n.<\/p>\n<p>Gonz\u00e1lez Urritia, quien encabez\u00f3 al bloque mayoritario de la oposici\u00f3n y fue apoyado por la l\u00edder opositora Mar\u00eda Corina Machado, afirma que \u00e9l fue el verdadero ganador. En septiembre del a\u00f1o pasado, sali\u00f3 de Venezuela con rumbo a Espa\u00f1a, donde dice que se estableci\u00f3 por temor a su integridad.<\/p>\n<p>The-CNN-Wire<br \/>&trade; &amp; &copy; 2025 Cable News Network, Inc., a Warner Bros. Discovery Company. All rights reserved.<\/p>\n","protected":false},"excerpt":{"rendered":"<p>Rafael Tudares, yerno del excandidato presidencial opositor venezolano Edmundo Gonz\u00e1lez Urrutia, fue condenado en Venezuela a 30 a\u00f1os de prisi\u00f3n por conspiraci\u00f3n y otros delitos, dijo este mi\u00e9rcoles su familia, que descalific\u00f3 el proceso penal en su contra, se\u00f1al\u00f3 que no fue informada sobre los cargos espec\u00edficos y asegur\u00f3 que seguir\u00e1 buscando su liberaci\u00f3n. Mariana [&hellip;]<\/p>\n","protected":false},"author":0,"featured_media":0,"comment_status":"open","ping_status":"open","sticky":false,"template":"","format":"standard","meta":{"_jetpack_memberships_contains_paid_content":false,"footnotes":""},"categories":[10],"tags":[],"class_list":["post-1468947","post","type-post","status-publish","format-standard","hentry","category-noticias-nacionales","market-global"],"yoast_head":"<!-- This site is optimized with the Yoast SEO plugin v24.4 - https:\/\/yoast.com\/wordpress\/plugins\/seo\/ -->\n<title>Condenan al yerno de Edmundo Gonz\u00e1lez a 30 a\u00f1os de prisi\u00f3n en Venezuela, dice su familia - Noticias<\/title>\n<meta name=\"robots\" content=\"index, follow, max-snippet:-1, max-image-preview:large, max-video-preview:-1\" \/>\n<link rel=\"canonical\" href=\"https:\/\/noticiasya.com\/2025\/12\/03\/condenan-yerno-edmundo-gonzalez-prision-orix\/\" \/>\n<meta property=\"og:locale\" content=\"es_ES\" \/>\n<meta property=\"og:type\" content=\"article\" \/>\n<meta property=\"og:title\" content=\"Condenan al yerno de Edmundo Gonz\u00e1lez a 30 a\u00f1os de prisi\u00f3n en Venezuela, dice su familia - Noticias\" \/>\n<meta property=\"og:description\" content=\"Rafael Tudares, yerno del excandidato presidencial opositor venezolano Edmundo Gonz\u00e1lez Urrutia, fue condenado en Venezuela a 30 a\u00f1os de prisi\u00f3n por conspiraci\u00f3n y otros delitos, dijo este mi\u00e9rcoles su familia, que descalific\u00f3 el proceso penal en su contra, se\u00f1al\u00f3 que no fue informada sobre los cargos espec\u00edficos y asegur\u00f3 que seguir\u00e1 buscando su liberaci\u00f3n. Mariana [&hellip;]\" \/>\n<meta property=\"og:url\" content=\"https:\/\/noticiasya.com\/2025\/12\/03\/condenan-yerno-edmundo-gonzalez-prision-orix\/\" \/>\n<meta property=\"og:site_name\" content=\"Noticias\" \/>\n<meta property=\"article:published_time\" content=\"2025-12-04T02:03:52+00:00\" \/>\n<meta name=\"twitter:card\" content=\"summary_large_image\" \/>\n<meta name=\"twitter:label1\" content=\"Est. reading time\" \/>\n\t<meta name=\"twitter:data1\" content=\"3 minutos\" \/>\n<script type=\"application\/ld+json\" class=\"yoast-schema-graph\">{\"@context\":\"https:\/\/schema.org\",\"@graph\":[{\"@type\":\"Article\",\"@id\":\"https:\/\/noticiasya.com\/2025\/12\/03\/condenan-yerno-edmundo-gonzalez-prision-orix\/#article\",\"isPartOf\":{\"@id\":\"https:\/\/noticiasya.com\/2025\/12\/03\/condenan-yerno-edmundo-gonzalez-prision-orix\/\"},\"author\":{\"name\":\"\",\"@id\":\"\"},\"headline\":\"Condenan al yerno de Edmundo Gonz\u00e1lez a 30 a\u00f1os de prisi\u00f3n en Venezuela, dice su familia\",\"datePublished\":\"2025-12-04T02:03:52+00:00\",\"mainEntityOfPage\":{\"@id\":\"https:\/\/noticiasya.com\/2025\/12\/03\/condenan-yerno-edmundo-gonzalez-prision-orix\/\"},\"wordCount\":581,\"commentCount\":0,\"publisher\":{\"@id\":\"https:\/\/noticiasya.com\/#organization\"},\"articleSection\":[\"Noticias Nacionales\"],\"inLanguage\":\"es\",\"potentialAction\":[{\"@type\":\"CommentAction\",\"name\":\"Comment\",\"target\":[\"https:\/\/noticiasya.com\/2025\/12\/03\/condenan-yerno-edmundo-gonzalez-prision-orix\/#respond\"]}]},{\"@type\":\"WebPage\",\"@id\":\"https:\/\/noticiasya.com\/2025\/12\/03\/condenan-yerno-edmundo-gonzalez-prision-orix\/\",\"url\":\"https:\/\/noticiasya.com\/2025\/12\/03\/condenan-yerno-edmundo-gonzalez-prision-orix\/\",\"name\":\"Condenan al yerno de Edmundo Gonz\u00e1lez a 30 a\u00f1os de prisi\u00f3n en Venezuela, dice su familia - Noticias\",\"isPartOf\":{\"@id\":\"https:\/\/noticiasya.com\/#website\"},\"datePublished\":\"2025-12-04T02:03:52+00:00\",\"breadcrumb\":{\"@id\":\"https:\/\/noticiasya.com\/2025\/12\/03\/condenan-yerno-edmundo-gonzalez-prision-orix\/#breadcrumb\"},\"inLanguage\":\"es\",\"potentialAction\":[{\"@type\":\"ReadAction\",\"target\":[\"https:\/\/noticiasya.com\/2025\/12\/03\/condenan-yerno-edmundo-gonzalez-prision-orix\/\"]}]},{\"@type\":\"BreadcrumbList\",\"@id\":\"https:\/\/noticiasya.com\/2025\/12\/03\/condenan-yerno-edmundo-gonzalez-prision-orix\/#breadcrumb\",\"itemListElement\":[{\"@type\":\"ListItem\",\"position\":1,\"name\":\"Home\",\"item\":\"https:\/\/noticiasya.com\/\"},{\"@type\":\"ListItem\",\"position\":2,\"name\":\"Condenan al yerno de Edmundo Gonz\u00e1lez a 30 a\u00f1os de prisi\u00f3n en Venezuela, dice su familia\"}]},{\"@type\":\"WebSite\",\"@id\":\"https:\/\/noticiasya.com\/#website\",\"url\":\"https:\/\/noticiasya.com\/\",\"name\":\"Noticias\",\"description\":\"Lo que importa\",\"publisher\":{\"@id\":\"https:\/\/noticiasya.com\/#organization\"},\"potentialAction\":[{\"@type\":\"SearchAction\",\"target\":{\"@type\":\"EntryPoint\",\"urlTemplate\":\"https:\/\/noticiasya.com\/?s={search_term_string}\"},\"query-input\":{\"@type\":\"PropertyValueSpecification\",\"valueRequired\":true,\"valueName\":\"search_term_string\"}}],\"inLanguage\":\"es\"},{\"@type\":\"Organization\",\"@id\":\"https:\/\/noticiasya.com\/#organization\",\"name\":\"Noticias\",\"url\":\"https:\/\/noticiasya.com\/\",\"logo\":{\"@type\":\"ImageObject\",\"inLanguage\":\"es\",\"@id\":\"https:\/\/noticiasya.com\/#\/schema\/logo\/image\/\",\"url\":\"https:\/\/noticiasya.com\/wp-content\/uploads\/sites\/22\/2023\/12\/logo-nacional.png\",\"contentUrl\":\"https:\/\/noticiasya.com\/wp-content\/uploads\/sites\/22\/2023\/12\/logo-nacional.png\",\"width\":1801,\"height\":691,\"caption\":\"Noticias\"},\"image\":{\"@id\":\"https:\/\/noticiasya.com\/#\/schema\/logo\/image\/\"}}]}<\/script>\n<!-- \/ Yoast SEO plugin. -->","yoast_head_json":{"title":"Condenan al yerno de Edmundo Gonz\u00e1lez a 30 a\u00f1os de prisi\u00f3n en Venezuela, dice su familia - Noticias","robots":{"index":"index","follow":"follow","max-snippet":"max-snippet:-1","max-image-preview":"max-image-preview:large","max-video-preview":"max-video-preview:-1"},"canonical":"https:\/\/noticiasya.com\/2025\/12\/03\/condenan-yerno-edmundo-gonzalez-prision-orix\/","og_locale":"es_ES","og_type":"article","og_title":"Condenan al yerno de Edmundo Gonz\u00e1lez a 30 a\u00f1os de prisi\u00f3n en Venezuela, dice su familia - Noticias","og_description":"Rafael Tudares, yerno del excandidato presidencial opositor venezolano Edmundo Gonz\u00e1lez Urrutia, fue condenado en Venezuela a 30 a\u00f1os de prisi\u00f3n por conspiraci\u00f3n y otros delitos, dijo este mi\u00e9rcoles su familia, que descalific\u00f3 el proceso penal en su contra, se\u00f1al\u00f3 que no fue informada sobre los cargos espec\u00edficos y asegur\u00f3 que seguir\u00e1 buscando su liberaci\u00f3n. Mariana [&hellip;]","og_url":"https:\/\/noticiasya.com\/2025\/12\/03\/condenan-yerno-edmundo-gonzalez-prision-orix\/","og_site_name":"Noticias","article_published_time":"2025-12-04T02:03:52+00:00","twitter_card":"summary_large_image","twitter_misc":{"Est. reading time":"3 minutos"},"schema":{"@context":"https:\/\/schema.org","@graph":[{"@type":"Article","@id":"https:\/\/noticiasya.com\/2025\/12\/03\/condenan-yerno-edmundo-gonzalez-prision-orix\/#article","isPartOf":{"@id":"https:\/\/noticiasya.com\/2025\/12\/03\/condenan-yerno-edmundo-gonzalez-prision-orix\/"},"author":{"name":"","@id":""},"headline":"Condenan al yerno de Edmundo Gonz\u00e1lez a 30 a\u00f1os de prisi\u00f3n en Venezuela, dice su familia","datePublished":"2025-12-04T02:03:52+00:00","mainEntityOfPage":{"@id":"https:\/\/noticiasya.com\/2025\/12\/03\/condenan-yerno-edmundo-gonzalez-prision-orix\/"},"wordCount":581,"commentCount":0,"publisher":{"@id":"https:\/\/noticiasya.com\/#organization"},"articleSection":["Noticias Nacionales"],"inLanguage":"es","potentialAction":[{"@type":"CommentAction","name":"Comment","target":["https:\/\/noticiasya.com\/2025\/12\/03\/condenan-yerno-edmundo-gonzalez-prision-orix\/#respond"]}]},{"@type":"WebPage","@id":"https:\/\/noticiasya.com\/2025\/12\/03\/condenan-yerno-edmundo-gonzalez-prision-orix\/","url":"https:\/\/noticiasya.com\/2025\/12\/03\/condenan-yerno-edmundo-gonzalez-prision-orix\/","name":"Condenan al yerno de Edmundo Gonz\u00e1lez a 30 a\u00f1os de prisi\u00f3n en Venezuela, dice su familia - Noticias","isPartOf":{"@id":"https:\/\/noticiasya.com\/#website"},"datePublished":"2025-12-04T02:03:52+00:00","breadcrumb":{"@id":"https:\/\/noticiasya.com\/2025\/12\/03\/condenan-yerno-edmundo-gonzalez-prision-orix\/#breadcrumb"},"inLanguage":"es","potentialAction":[{"@type":"ReadAction","target":["https:\/\/noticiasya.com\/2025\/12\/03\/condenan-yerno-edmundo-gonzalez-prision-orix\/"]}]},{"@type":"BreadcrumbList","@id":"https:\/\/noticiasya.com\/2025\/12\/03\/condenan-yerno-edmundo-gonzalez-prision-orix\/#breadcrumb","itemListElement":[{"@type":"ListItem","position":1,"name":"Home","item":"https:\/\/noticiasya.com\/"},{"@type":"ListItem","position":2,"name":"Condenan al yerno de Edmundo Gonz\u00e1lez a 30 a\u00f1os de prisi\u00f3n en Venezuela, dice su familia"}]},{"@type":"WebSite","@id":"https:\/\/noticiasya.com\/#website","url":"https:\/\/noticiasya.com\/","name":"Noticias","description":"Lo que importa","publisher":{"@id":"https:\/\/noticiasya.com\/#organization"},"potentialAction":[{"@type":"SearchAction","target":{"@type":"EntryPoint","urlTemplate":"https:\/\/noticiasya.com\/?s={search_term_string}"},"query-input":{"@type":"PropertyValueSpecification","valueRequired":true,"valueName":"search_term_string"}}],"inLanguage":"es"},{"@type":"Organization","@id":"https:\/\/noticiasya.com\/#organization","name":"Noticias","url":"https:\/\/noticiasya.com\/","logo":{"@type":"ImageObject","inLanguage":"es","@id":"https:\/\/noticiasya.com\/#\/schema\/logo\/image\/","url":"https:\/\/noticiasya.com\/wp-content\/uploads\/sites\/22\/2023\/12\/logo-nacional.png","contentUrl":"https:\/\/noticiasya.com\/wp-content\/uploads\/sites\/22\/2023\/12\/logo-nacional.png","width":1801,"height":691,"caption":"Noticias"},"image":{"@id":"https:\/\/noticiasya.com\/#\/schema\/logo\/image\/"}}]}},"parsely":{"version":"1.1.0","canonical_url":"https:\/\/noticiasya.com\/midland-odessa\/2025\/12\/03\/condenan-yerno-edmundo-gonzalez-prision-orix\/","smart_links":{"inbound":0,"outbound":0},"traffic_boost_suggestions_count":0,"meta":{"@context":"https:\/\/schema.org","@type":"NewsArticle","headline":"Condenan al yerno de Edmundo Gonz\u00e1lez a 30 a\u00f1os de prisi\u00f3n en Venezuela, dice su familia","url":"http:\/\/noticiasya.com\/midland-odessa\/2025\/12\/03\/condenan-yerno-edmundo-gonzalez-prision-orix\/","mainEntityOfPage":{"@type":"WebPage","@id":"http:\/\/noticiasya.com\/midland-odessa\/2025\/12\/03\/condenan-yerno-edmundo-gonzalez-prision-orix\/"},"thumbnailUrl":"","image":{"@type":"ImageObject","url":""},"articleSection":"Noticias Nacionales","author":[],"creator":[],"publisher":{"@type":"Organization","name":"Noticias","logo":""},"keywords":[],"dateCreated":"2025-12-04T02:03:52Z","datePublished":"2025-12-04T02:03:52Z","dateModified":"2025-12-04T02:03:52Z"},"rendered":"<script type=\"application\/ld+json\" class=\"wp-parsely-metadata\">{\"@context\":\"https:\\\/\\\/schema.org\",\"@type\":\"NewsArticle\",\"headline\":\"Condenan al yerno de Edmundo Gonz\\u00e1lez a 30 a\\u00f1os de prisi\\u00f3n en Venezuela, dice su familia\",\"url\":\"http:\\\/\\\/noticiasya.com\\\/midland-odessa\\\/2025\\\/12\\\/03\\\/condenan-yerno-edmundo-gonzalez-prision-orix\\\/\",\"mainEntityOfPage\":{\"@type\":\"WebPage\",\"@id\":\"http:\\\/\\\/noticiasya.com\\\/midland-odessa\\\/2025\\\/12\\\/03\\\/condenan-yerno-edmundo-gonzalez-prision-orix\\\/\"},\"thumbnailUrl\":\"\",\"image\":{\"@type\":\"ImageObject\",\"url\":\"\"},\"articleSection\":\"Noticias Nacionales\",\"author\":[],\"creator\":[],\"publisher\":{\"@type\":\"Organization\",\"name\":\"Noticias\",\"logo\":\"\"},\"keywords\":[],\"dateCreated\":\"2025-12-04T02:03:52Z\",\"datePublished\":\"2025-12-04T02:03:52Z\",\"dateModified\":\"2025-12-04T02:03:52Z\"}<\/script>","tracker_url":"https:\/\/cdn.parsely.com\/keys\/noticiasya.com\/p.js"},"jetpack_featured_media_url":"","jetpack-related-posts":[{"id":1470367,"url":"https:\/\/noticiasya.com\/midland-odessa\/2026\/01\/22\/excarcelan-tudares-yerno-edmundo-gonzalez-venezuela-orix\/","url_meta":{"origin":1468947,"position":0},"title":"Excarcelan en Venezuela a Rafael Tudares, yerno de Edmundo Gonz\u00e1lez, seg\u00fan inform\u00f3 su esposa","author":"","date":"enero 22, 2026","format":false,"excerpt":"Rafael Tudares Bracho, yerno del l\u00edder opositor Edmundo Gonz\u00e1lez, fue excarcelado en Venezuela, seg\u00fan inform\u00f3 su esposa en una publicaci\u00f3n en su cuenta de X.\u201cCumplo con informar que, luego de 380 d\u00edas de una injusta detenci\u00f3n arbitraria y de haber padecido, durante m\u00e1s de un a\u00f1o, una inhumana situaci\u00f3n de\u2026","rel":"","context":"In &quot;Noticias Nacionales&quot;","block_context":{"text":"Noticias Nacionales","link":"https:\/\/noticiasya.com\/midland-odessa\/categoria\/noticias-nacionales"},"img":{"alt_text":"","src":"","width":0,"height":0},"classes":[]},{"id":1457310,"url":"https:\/\/noticiasya.com\/midland-odessa\/2025\/01\/07\/edmundo-gonzalez-urrutia-yerno-detenido-trax\/","url_meta":{"origin":1468947,"position":1},"title":"Edmundo Gonz\u00e1lez Urrutia dice que su yerno fue detenido","author":"","date":"enero 7, 2025","format":false,"excerpt":"El ex candidato presidencial de Venezuela Edmundo Gonz\u00e1lez Urrutia dijo que su yerno Rafael Tudares fue detenido en la capital venezolana este martes por la ma\u00f1ana.\u201cRafael se dirig\u00eda a la escuela de mis nietos, de 6 y 7 a\u00f1os, en Caracas, a dejarlos por el inicio de clases, y lo\u2026","rel":"","context":"In &quot;Noticias Nacionales&quot;","block_context":{"text":"Noticias Nacionales","link":"https:\/\/noticiasya.com\/midland-odessa\/categoria\/noticias-nacionales"},"img":{"alt_text":"","src":"","width":0,"height":0},"classes":[]},{"id":1471260,"url":"https:\/\/noticiasya.com\/midland-odessa\/2026\/02\/15\/edmundo-gonzalez-maria-corina-machado-oposicion-trax\/","url_meta":{"origin":1468947,"position":2},"title":"El discreto l\u00edder opositor de Venezuela: por qu\u00e9 Edmundo Gonz\u00e1lez est\u00e1 al margen de la lucha por el poder","author":"","date":"febrero 15, 2026","format":false,"excerpt":"En las semanas posteriores a la captura militar del presidente de Venezuela Nicol\u00e1s Maduro por parte de Estados Unidos, la atenci\u00f3n del mundo se centr\u00f3 en qui\u00e9n estaba mejor posicionado para dirigir un pa\u00eds que pas\u00f3 13 a\u00f1os bajo su r\u00e9gimen autoritario.Desde el derrocamiento de Maduro por fuerzas especiales estadounidenses\u2026","rel":"","context":"In &quot;Noticias Nacionales&quot;","block_context":{"text":"Noticias Nacionales","link":"https:\/\/noticiasya.com\/midland-odessa\/categoria\/noticias-nacionales"},"img":{"alt_text":"","src":"","width":0,"height":0},"classes":[]},{"id":1470377,"url":"https:\/\/noticiasya.com\/midland-odessa\/2026\/01\/22\/excarcelacion-presos-politicos-proceso-orix\/","url_meta":{"origin":1468947,"position":3},"title":"Venezuela anunci\u00f3 excarcelaci\u00f3n de &#171;un n\u00famero significativo&#187; de presos pol\u00edticos. \u00bfCu\u00e1ntos han salido?","author":"","date":"enero 22, 2026","format":false,"excerpt":"Pasaron dos semanas desde que el Gobierno de Venezuela anunci\u00f3 un proceso de excarcelaciones \u201csignificativas\u201d en el pa\u00eds, aunque el conteo de las organizaciones locales que verifican el proceso indica que el n\u00famero de presos pol\u00edticos que salieron de prisi\u00f3n desde esa fecha no llega al 15 % del total,\u2026","rel":"","context":"In &quot;Noticias Nacionales&quot;","block_context":{"text":"Noticias Nacionales","link":"https:\/\/noticiasya.com\/midland-odessa\/categoria\/noticias-nacionales"},"img":{"alt_text":"","src":"","width":0,"height":0},"classes":[]},{"id":1452529,"url":"https:\/\/noticiasya.com\/midland-odessa\/2024\/09\/08\/salida-edmundo-gonzalez-decisiones-urgencia-vida-orix\/","url_meta":{"origin":1468947,"position":4},"title":"Salida de Edmundo Gonz\u00e1lez a Espa\u00f1a obedeci\u00f3 a &#171;decisiones de urgencia&#187; para preservar su vida y su libertad, dice su abogado a CNN","author":"","date":"septiembre 8, 2024","format":false,"excerpt":"(CNN Espa\u00f1ol) \u2013\u2013 La decisi\u00f3n del candidato presidencial opositor Edmundo Gonz\u00e1lez Urrutia de salir de Venezuela y buscar asilo pol\u00edtico en Espa\u00f1a obedeci\u00f3 a \"decisiones de urgencia\" que tom\u00f3 en cuesti\u00f3n de horas para preservar su vida, su libertad, y para garantizar el bienestar de su familia, dijo a CNN\u2026","rel":"","context":"In &quot;Noticias Nacionales&quot;","block_context":{"text":"Noticias Nacionales","link":"https:\/\/noticiasya.com\/midland-odessa\/categoria\/noticias-nacionales"},"img":{"alt_text":"","src":"","width":0,"height":0},"classes":[]},{"id":1457337,"url":"https:\/\/noticiasya.com\/midland-odessa\/2025\/01\/08\/5-cosas-8-enero-edmundo-gonzalez-golfo-ee-uu-meta-incendios-noboa-orix\/","url_meta":{"origin":1468947,"position":5},"title":"Las 5 cosas que debes saber este 8 de enero: Edmundo Gonz\u00e1lez, &#171;golfo de EE.UU.&#187;, Meta, incendios en California y Noboa","author":"","date":"enero 8, 2025","format":false,"excerpt":"Aumenta la tensi\u00f3n en Venezuela. Trump dice que quiere cambiar el nombre del golfo de M\u00e9xico y no descarta tomar Groenlandia y el Canal de Panam\u00e1. Meta se deshace de los verificadores de datos. Esto es lo que debes saber para comenzar el d\u00eda. Primero la verdad.Suscr\u00edbete aqu\u00ed para recibir\u2026","rel":"","context":"In &quot;Noticias Nacionales&quot;","block_context":{"text":"Noticias Nacionales","link":"https:\/\/noticiasya.com\/midland-odessa\/categoria\/noticias-nacionales"},"img":{"alt_text":"","src":"","width":0,"height":0},"classes":[]}],"jetpack_sharing_enabled":true,"_links":{"self":[{"href":"https:\/\/noticiasya.com\/midland-odessa\/wp-json\/wp\/v2\/posts\/1468947","targetHints":{"allow":["GET"]}}],"collection":[{"href":"https:\/\/noticiasya.com\/midland-odessa\/wp-json\/wp\/v2\/posts"}],"about":[{"href":"https:\/\/noticiasya.com\/midland-odessa\/wp-json\/wp\/v2\/types\/post"}],"replies":[{"embeddable":true,"href":"https:\/\/noticiasya.com\/midland-odessa\/wp-json\/wp\/v2\/comments?post=1468947"}],"version-history":[{"count":0,"href":"https:\/\/noticiasya.com\/midland-odessa\/wp-json\/wp\/v2\/posts\/1468947\/revisions"}],"wp:attachment":[{"href":"https:\/\/noticiasya.com\/midland-odessa\/wp-json\/wp\/v2\/media?parent=1468947"}],"wp:term":[{"taxonomy":"category","embeddable":true,"href":"https:\/\/noticiasya.com\/midland-odessa\/wp-json\/wp\/v2\/categories?post=1468947"},{"taxonomy":"post_tag","embeddable":true,"href":"https:\/\/noticiasya.com\/midland-odessa\/wp-json\/wp\/v2\/tags?post=1468947"}],"curies":[{"name":"wp","href":"https:\/\/api.w.org\/{rel}","templated":true}]}}