{"id":1468948,"date":"2025-12-03T19:03:39","date_gmt":"2025-12-04T03:03:39","guid":{"rendered":"https:\/\/noticiasya.com\/2025\/12\/03\/noem-operacion-inmigracion-nueva-orleans-expulsara-peor-trax\/"},"modified":"2025-12-03T19:03:39","modified_gmt":"2025-12-04T03:03:39","slug":"noem-operacion-inmigracion-nueva-orleans-expulsara-peor-trax","status":"publish","type":"post","link":"https:\/\/noticiasya.com\/midland-odessa\/2025\/12\/03\/noem-operacion-inmigracion-nueva-orleans-expulsara-peor-trax\/","title":{"rendered":"Noem dice que la operaci\u00f3n de inmigraci\u00f3n en Nueva Orleans expulsar\u00e1 a &#171;lo peor de lo peor&#187;"},"content":{"rendered":"<p>Horas despu\u00e9s de que el Departamento de Seguridad Nacional confirmara oficialmente el<a href=\"https:\/\/cnnespanol.cnn.com\/2025\/12\/03\/eeuu\/dhs-inicio-operativo-control-migratorio-nueva-orleans-trax\"> inicio de su tan esperada operaci\u00f3n de inmigraci\u00f3n en Nueva Orleans, <\/a>la secretaria de Seguridad Nacional, Kristi Noem, asegur\u00f3 en redes sociales que se expulsar\u00e1 a \u201clo peor de lo peor\u201d.<\/p>\n<p>\u201cLos hombres y mujeres de las fuerzas del orden del Departamento de Seguridad Nacional han llegado a Nueva Orleans\u201d, public\u00f3 Noem en X. \u201cLa Operaci\u00f3n Catahoula Crunch expulsar\u00e1 a lo peor de lo peor de Nueva Orleans, Louisiana, despu\u00e9s de que los pol\u00edticos santuario de la ciudad han ignorado el estado de derecho\u201d.<\/p>\n<p>La declaraci\u00f3n de Noem fue retuiteada por el comandante de la operaci\u00f3n, <a href=\"https:\/\/cnnespanol.cnn.com\/2025\/11\/25\/eeuu\/quien-es-gregory-bovino-patrulla-fronteriza-trax\">Gregory Bovino, <\/a>quien este mi\u00e9rcoles recorri\u00f3 el Barrio Franc\u00e9s de Nueva Orleans mientras estaba a punto de comenzar una operaci\u00f3n de control migratorio en la ciudad. M\u00e1s temprano en el d\u00eda, tambi\u00e9n se le vio caminando en el estacionamiento de un Home Depot en Kenner, Louisiana, un suburbio de Nueva Orleans.<\/p>\n<p>\u201cEstamos aqu\u00ed arrestando a personas que han cometido delitos y no deber\u00edan estar aqu\u00ed\u201d, agreg\u00f3 en redes sociales. \u201c\u00a1Las autoridades estatales, locales y federales en Louisiana son excelentes aliadas!\u201d<\/p>\n<p>Bovino ha asumido voluntariamente el papel de figura pol\u00e9mica en los operativos migratorios del Gobierno de Trump en ciudades de todo el pa\u00eds: ha sido criticado por su trato en\u00e9rgico hacia manifestantes en Chicago, lo que llev\u00f3 a <a href=\"https:\/\/cnnespanol.cnn.com\/2025\/10\/31\/eeuu\/tribunal-anula-orden-patrulla-fronteriza-trax\">una jueza a acusarlo de mentir bajo juramento<\/a>, pero tambi\u00e9n ha recibido elogios.<\/p>\n<p>M\u00e1s temprano este mi\u00e9rcoles, la subsecretaria del Departamento de Seguridad Nacional, Tricia McLaughlin, dijo en entrevista con John Berman de CNN en CNN News Central que la denominada \u201cOperaci\u00f3n Catahoula Crunch\u201d buscar\u00e1 5.000 arrestos \u201co m\u00e1s\u201d.<\/p>\n<p>\u201cEstamos hablando de personas acusadas de delitos graves, como abuso infantil, robo, pertenencia a pandillas, violaci\u00f3n; a esos individuos los estamos enfocando especialmente\u201d, dijo McLaughlin a CNN.<\/p>\n<p>Por su parte, la concejala de la ciudad de Nueva Orleans, Lesli Harris, dijo este mi\u00e9rcoles que considera poco realista el objetivo de 5.000 arrestos por parte del Departamento de Seguridad Nacional si realmente solo est\u00e1n enfoc\u00e1ndose en los sospechosos m\u00e1s peligrosos.<\/p>\n<p>Algunos vecindarios de Nueva Orleans est\u00e1n respondiendo a la m\u00e1s reciente operaci\u00f3n migratoria del Gobierno de Trump con temor y cierres. Sin embargo, Bovino afirma que esto es parte de su estrategia.<\/p>\n<p>\u201cHay una estrategia aqu\u00ed. No es algo improvisado\u201d, dijo el fin de semana en una entrevista en YouTube con el exagente de la Patrulla Fronteriza Gil Maza, quien lo apoya. \u201cNo es otra cosa que una estrategia bien pensada, prudente y reflexiva, Gil, y se trata de \u2018autodeportaciones\u2019\u201d.<\/p>\n<p>Bovino aprob\u00f3 el cierre de negocios \u2014incluidos los de ciudadanos estadounidenses\u2014 como respuesta a la preocupaci\u00f3n de empleados y clientes.<\/p>\n<p>\u201cCuando hablamos de cerrar esas econom\u00edas basadas en inmigrantes indocumentados \u2014como hicimos en Charlotte, Los \u00c1ngeles y Chicago\u2014, \u00bfqu\u00e9 ocurre si permanecen cerradas el tiempo suficiente, Gil? \u2026 Varios millones m\u00e1s ahora tienen la opci\u00f3n de \u2018autodeportarse\u2019 antes de que sea demasiado tarde\u201d.<\/p>\n<p>La Oficina de Aduanas y Protecci\u00f3n Fronteriza (CBP, por sus siglas en ingl\u00e9s) ha alentado a los inmigrantes indocumentados a \u201cautodeportarse\u201d <a href=\"https:\/\/cnnespanol.cnn.com\/2025\/03\/11\/eeuu\/cbp-home-autodeportacion-implicaciones-inmigrantes-indocumentados-orix\">usando la aplicaci\u00f3n CBP Home,<\/a> prometiendo viaje gratuito y un pago de US$ 1.000 por hacerlo. No est\u00e1 claro cu\u00e1nto ha gastado el Gobierno de Trump en el programa, pero Bovino dijo en la entrevista que decenas de miles de personas han aprovechado la oferta.<\/p>\n<p>Una encuesta realizada para The New York Times y KFF entre inmigrantes \u2014incluidos documentados y ciudadanos naturalizados\u2014 revel\u00f3 que el 60 % considera que Estados Unidos ya no es un \u201cgran lugar\u201d para inmigrantes. La mitad dijo sentirse \u201casustada\u201d ante el aumento de la aplicaci\u00f3n de leyes migratorias, aunque el 40 % lo considera \u201cnecesario\u201d.<\/p>\n<p>Los inmigrantes son una parte vital de Nueva Orleans, y gran parte de la comunidad considera que la nueva operaci\u00f3n federal de inmigraci\u00f3n no est\u00e1 dirigida a las personas m\u00e1s violentas, sino que busca \u201cdetener a una de las poblaciones m\u00e1s vulnerables\u201d, afirm\u00f3 el concejal Oliver Thomas.<\/p>\n<p>Tras el paso del <a href=\"https:\/\/cnnespanol.cnn.com\/2025\/08\/29\/eeuu\/huracan-katrina-20-aniversario-orix\">hurac\u00e1n Katrina en 2005,<\/a> la comunidad inmigrante ayud\u00f3 a reconstruir infraestructura cr\u00edtica, reparar viviendas y restaurar propiedades comerciales, se\u00f1al\u00f3 Thomas.<\/p>\n<p>Si bien las autoridades locales desean sacar de las calles a las personas m\u00e1s violentas, Thomas expres\u00f3 su preocupaci\u00f3n por el perfilamiento de comunidades negras y latinas por parte de \u201cgrupos patrullando\u201d, en sinton\u00eda con declaraciones previas de la alcaldesa electa Helena Moreno.<\/p>\n<p>\u201cEsto no es el viejo oeste\u201d, dijo Thomas a CNN. \u201c\u2026 Contamos con autoridades policiales locales. Para m\u00ed, deber\u00eda ser sencillo coordinar con ellas y discutir c\u00f3mo detener a los criminales m\u00e1s violentos, quienes nos afectan, sean locales o inmigrantes indocumentados. Debe haber una mejor manera de hacerlo\u201d.<\/p>\n<p>The-CNN-Wire<br \/>&trade; &amp; &copy; 2025 Cable News Network, Inc., a Warner Bros. Discovery Company. All rights reserved.<\/p>\n","protected":false},"excerpt":{"rendered":"<p>Horas despu\u00e9s de que el Departamento de Seguridad Nacional confirmara oficialmente el inicio de su tan esperada operaci\u00f3n de inmigraci\u00f3n en Nueva Orleans, la secretaria de Seguridad Nacional, Kristi Noem, asegur\u00f3 en redes sociales que se expulsar\u00e1 a \u201clo peor de lo peor\u201d. \u201cLos hombres y mujeres de las fuerzas del orden del Departamento de [&hellip;]<\/p>\n","protected":false},"author":0,"featured_media":0,"comment_status":"open","ping_status":"open","sticky":false,"template":"","format":"standard","meta":{"_jetpack_memberships_contains_paid_content":false,"footnotes":""},"categories":[10],"tags":[],"class_list":["post-1468948","post","type-post","status-publish","format-standard","hentry","category-noticias-nacionales","market-global"],"yoast_head":"<!-- This site is optimized with the Yoast SEO plugin v24.4 - https:\/\/yoast.com\/wordpress\/plugins\/seo\/ -->\n<title>Noem dice que la operaci\u00f3n de inmigraci\u00f3n en Nueva Orleans expulsar\u00e1 a &quot;lo peor de lo peor&quot; - Noticias<\/title>\n<meta name=\"robots\" content=\"index, follow, max-snippet:-1, max-image-preview:large, max-video-preview:-1\" \/>\n<link rel=\"canonical\" href=\"https:\/\/noticiasya.com\/2025\/12\/03\/noem-operacion-inmigracion-nueva-orleans-expulsara-peor-trax\/\" \/>\n<meta property=\"og:locale\" content=\"es_ES\" \/>\n<meta property=\"og:type\" content=\"article\" \/>\n<meta property=\"og:title\" content=\"Noem dice que la operaci\u00f3n de inmigraci\u00f3n en Nueva Orleans expulsar\u00e1 a &quot;lo peor de lo peor&quot; - Noticias\" \/>\n<meta property=\"og:description\" content=\"Horas despu\u00e9s de que el Departamento de Seguridad Nacional confirmara oficialmente el inicio de su tan esperada operaci\u00f3n de inmigraci\u00f3n en Nueva Orleans, la secretaria de Seguridad Nacional, Kristi Noem, asegur\u00f3 en redes sociales que se expulsar\u00e1 a \u201clo peor de lo peor\u201d. \u201cLos hombres y mujeres de las fuerzas del orden del Departamento de [&hellip;]\" \/>\n<meta property=\"og:url\" content=\"https:\/\/noticiasya.com\/2025\/12\/03\/noem-operacion-inmigracion-nueva-orleans-expulsara-peor-trax\/\" \/>\n<meta property=\"og:site_name\" content=\"Noticias\" \/>\n<meta property=\"article:published_time\" content=\"2025-12-04T03:03:39+00:00\" \/>\n<meta name=\"twitter:card\" content=\"summary_large_image\" \/>\n<meta name=\"twitter:label1\" content=\"Est. reading time\" \/>\n\t<meta name=\"twitter:data1\" content=\"4 minutos\" \/>\n<script type=\"application\/ld+json\" class=\"yoast-schema-graph\">{\"@context\":\"https:\/\/schema.org\",\"@graph\":[{\"@type\":\"Article\",\"@id\":\"https:\/\/noticiasya.com\/2025\/12\/03\/noem-operacion-inmigracion-nueva-orleans-expulsara-peor-trax\/#article\",\"isPartOf\":{\"@id\":\"https:\/\/noticiasya.com\/2025\/12\/03\/noem-operacion-inmigracion-nueva-orleans-expulsara-peor-trax\/\"},\"author\":{\"name\":\"\",\"@id\":\"\"},\"headline\":\"Noem dice que la operaci\u00f3n de inmigraci\u00f3n en Nueva Orleans expulsar\u00e1 a &#171;lo peor de lo peor&#187;\",\"datePublished\":\"2025-12-04T03:03:39+00:00\",\"mainEntityOfPage\":{\"@id\":\"https:\/\/noticiasya.com\/2025\/12\/03\/noem-operacion-inmigracion-nueva-orleans-expulsara-peor-trax\/\"},\"wordCount\":848,\"commentCount\":0,\"publisher\":{\"@id\":\"https:\/\/noticiasya.com\/#organization\"},\"articleSection\":[\"Noticias Nacionales\"],\"inLanguage\":\"es\",\"potentialAction\":[{\"@type\":\"CommentAction\",\"name\":\"Comment\",\"target\":[\"https:\/\/noticiasya.com\/2025\/12\/03\/noem-operacion-inmigracion-nueva-orleans-expulsara-peor-trax\/#respond\"]}]},{\"@type\":\"WebPage\",\"@id\":\"https:\/\/noticiasya.com\/2025\/12\/03\/noem-operacion-inmigracion-nueva-orleans-expulsara-peor-trax\/\",\"url\":\"https:\/\/noticiasya.com\/2025\/12\/03\/noem-operacion-inmigracion-nueva-orleans-expulsara-peor-trax\/\",\"name\":\"Noem dice que la operaci\u00f3n de inmigraci\u00f3n en Nueva Orleans expulsar\u00e1 a \\\"lo peor de lo peor\\\" - Noticias\",\"isPartOf\":{\"@id\":\"https:\/\/noticiasya.com\/#website\"},\"datePublished\":\"2025-12-04T03:03:39+00:00\",\"breadcrumb\":{\"@id\":\"https:\/\/noticiasya.com\/2025\/12\/03\/noem-operacion-inmigracion-nueva-orleans-expulsara-peor-trax\/#breadcrumb\"},\"inLanguage\":\"es\",\"potentialAction\":[{\"@type\":\"ReadAction\",\"target\":[\"https:\/\/noticiasya.com\/2025\/12\/03\/noem-operacion-inmigracion-nueva-orleans-expulsara-peor-trax\/\"]}]},{\"@type\":\"BreadcrumbList\",\"@id\":\"https:\/\/noticiasya.com\/2025\/12\/03\/noem-operacion-inmigracion-nueva-orleans-expulsara-peor-trax\/#breadcrumb\",\"itemListElement\":[{\"@type\":\"ListItem\",\"position\":1,\"name\":\"Home\",\"item\":\"https:\/\/noticiasya.com\/\"},{\"@type\":\"ListItem\",\"position\":2,\"name\":\"Noem dice que la operaci\u00f3n de inmigraci\u00f3n en Nueva Orleans expulsar\u00e1 a &#171;lo peor de lo peor&#187;\"}]},{\"@type\":\"WebSite\",\"@id\":\"https:\/\/noticiasya.com\/#website\",\"url\":\"https:\/\/noticiasya.com\/\",\"name\":\"Noticias\",\"description\":\"Lo que importa\",\"publisher\":{\"@id\":\"https:\/\/noticiasya.com\/#organization\"},\"potentialAction\":[{\"@type\":\"SearchAction\",\"target\":{\"@type\":\"EntryPoint\",\"urlTemplate\":\"https:\/\/noticiasya.com\/?s={search_term_string}\"},\"query-input\":{\"@type\":\"PropertyValueSpecification\",\"valueRequired\":true,\"valueName\":\"search_term_string\"}}],\"inLanguage\":\"es\"},{\"@type\":\"Organization\",\"@id\":\"https:\/\/noticiasya.com\/#organization\",\"name\":\"Noticias\",\"url\":\"https:\/\/noticiasya.com\/\",\"logo\":{\"@type\":\"ImageObject\",\"inLanguage\":\"es\",\"@id\":\"https:\/\/noticiasya.com\/#\/schema\/logo\/image\/\",\"url\":\"https:\/\/noticiasya.com\/wp-content\/uploads\/sites\/22\/2023\/12\/logo-nacional.png\",\"contentUrl\":\"https:\/\/noticiasya.com\/wp-content\/uploads\/sites\/22\/2023\/12\/logo-nacional.png\",\"width\":1801,\"height\":691,\"caption\":\"Noticias\"},\"image\":{\"@id\":\"https:\/\/noticiasya.com\/#\/schema\/logo\/image\/\"}}]}<\/script>\n<!-- \/ Yoast SEO plugin. -->","yoast_head_json":{"title":"Noem dice que la operaci\u00f3n de inmigraci\u00f3n en Nueva Orleans expulsar\u00e1 a \"lo peor de lo peor\" - Noticias","robots":{"index":"index","follow":"follow","max-snippet":"max-snippet:-1","max-image-preview":"max-image-preview:large","max-video-preview":"max-video-preview:-1"},"canonical":"https:\/\/noticiasya.com\/2025\/12\/03\/noem-operacion-inmigracion-nueva-orleans-expulsara-peor-trax\/","og_locale":"es_ES","og_type":"article","og_title":"Noem dice que la operaci\u00f3n de inmigraci\u00f3n en Nueva Orleans expulsar\u00e1 a \"lo peor de lo peor\" - Noticias","og_description":"Horas despu\u00e9s de que el Departamento de Seguridad Nacional confirmara oficialmente el inicio de su tan esperada operaci\u00f3n de inmigraci\u00f3n en Nueva Orleans, la secretaria de Seguridad Nacional, Kristi Noem, asegur\u00f3 en redes sociales que se expulsar\u00e1 a \u201clo peor de lo peor\u201d. \u201cLos hombres y mujeres de las fuerzas del orden del Departamento de [&hellip;]","og_url":"https:\/\/noticiasya.com\/2025\/12\/03\/noem-operacion-inmigracion-nueva-orleans-expulsara-peor-trax\/","og_site_name":"Noticias","article_published_time":"2025-12-04T03:03:39+00:00","twitter_card":"summary_large_image","twitter_misc":{"Est. reading time":"4 minutos"},"schema":{"@context":"https:\/\/schema.org","@graph":[{"@type":"Article","@id":"https:\/\/noticiasya.com\/2025\/12\/03\/noem-operacion-inmigracion-nueva-orleans-expulsara-peor-trax\/#article","isPartOf":{"@id":"https:\/\/noticiasya.com\/2025\/12\/03\/noem-operacion-inmigracion-nueva-orleans-expulsara-peor-trax\/"},"author":{"name":"","@id":""},"headline":"Noem dice que la operaci\u00f3n de inmigraci\u00f3n en Nueva Orleans expulsar\u00e1 a &#171;lo peor de lo peor&#187;","datePublished":"2025-12-04T03:03:39+00:00","mainEntityOfPage":{"@id":"https:\/\/noticiasya.com\/2025\/12\/03\/noem-operacion-inmigracion-nueva-orleans-expulsara-peor-trax\/"},"wordCount":848,"commentCount":0,"publisher":{"@id":"https:\/\/noticiasya.com\/#organization"},"articleSection":["Noticias Nacionales"],"inLanguage":"es","potentialAction":[{"@type":"CommentAction","name":"Comment","target":["https:\/\/noticiasya.com\/2025\/12\/03\/noem-operacion-inmigracion-nueva-orleans-expulsara-peor-trax\/#respond"]}]},{"@type":"WebPage","@id":"https:\/\/noticiasya.com\/2025\/12\/03\/noem-operacion-inmigracion-nueva-orleans-expulsara-peor-trax\/","url":"https:\/\/noticiasya.com\/2025\/12\/03\/noem-operacion-inmigracion-nueva-orleans-expulsara-peor-trax\/","name":"Noem dice que la operaci\u00f3n de inmigraci\u00f3n en Nueva Orleans expulsar\u00e1 a \"lo peor de lo peor\" - Noticias","isPartOf":{"@id":"https:\/\/noticiasya.com\/#website"},"datePublished":"2025-12-04T03:03:39+00:00","breadcrumb":{"@id":"https:\/\/noticiasya.com\/2025\/12\/03\/noem-operacion-inmigracion-nueva-orleans-expulsara-peor-trax\/#breadcrumb"},"inLanguage":"es","potentialAction":[{"@type":"ReadAction","target":["https:\/\/noticiasya.com\/2025\/12\/03\/noem-operacion-inmigracion-nueva-orleans-expulsara-peor-trax\/"]}]},{"@type":"BreadcrumbList","@id":"https:\/\/noticiasya.com\/2025\/12\/03\/noem-operacion-inmigracion-nueva-orleans-expulsara-peor-trax\/#breadcrumb","itemListElement":[{"@type":"ListItem","position":1,"name":"Home","item":"https:\/\/noticiasya.com\/"},{"@type":"ListItem","position":2,"name":"Noem dice que la operaci\u00f3n de inmigraci\u00f3n en Nueva Orleans expulsar\u00e1 a &#171;lo peor de lo peor&#187;"}]},{"@type":"WebSite","@id":"https:\/\/noticiasya.com\/#website","url":"https:\/\/noticiasya.com\/","name":"Noticias","description":"Lo que importa","publisher":{"@id":"https:\/\/noticiasya.com\/#organization"},"potentialAction":[{"@type":"SearchAction","target":{"@type":"EntryPoint","urlTemplate":"https:\/\/noticiasya.com\/?s={search_term_string}"},"query-input":{"@type":"PropertyValueSpecification","valueRequired":true,"valueName":"search_term_string"}}],"inLanguage":"es"},{"@type":"Organization","@id":"https:\/\/noticiasya.com\/#organization","name":"Noticias","url":"https:\/\/noticiasya.com\/","logo":{"@type":"ImageObject","inLanguage":"es","@id":"https:\/\/noticiasya.com\/#\/schema\/logo\/image\/","url":"https:\/\/noticiasya.com\/wp-content\/uploads\/sites\/22\/2023\/12\/logo-nacional.png","contentUrl":"https:\/\/noticiasya.com\/wp-content\/uploads\/sites\/22\/2023\/12\/logo-nacional.png","width":1801,"height":691,"caption":"Noticias"},"image":{"@id":"https:\/\/noticiasya.com\/#\/schema\/logo\/image\/"}}]}},"parsely":{"version":"1.1.0","canonical_url":"https:\/\/noticiasya.com\/midland-odessa\/2025\/12\/03\/noem-operacion-inmigracion-nueva-orleans-expulsara-peor-trax\/","smart_links":{"inbound":0,"outbound":0},"traffic_boost_suggestions_count":0,"meta":{"@context":"https:\/\/schema.org","@type":"NewsArticle","headline":"Noem dice que la operaci\u00f3n de inmigraci\u00f3n en Nueva Orleans expulsar\u00e1 a &#171;lo peor de lo peor&#187;","url":"http:\/\/noticiasya.com\/midland-odessa\/2025\/12\/03\/noem-operacion-inmigracion-nueva-orleans-expulsara-peor-trax\/","mainEntityOfPage":{"@type":"WebPage","@id":"http:\/\/noticiasya.com\/midland-odessa\/2025\/12\/03\/noem-operacion-inmigracion-nueva-orleans-expulsara-peor-trax\/"},"thumbnailUrl":"","image":{"@type":"ImageObject","url":""},"articleSection":"Noticias Nacionales","author":[],"creator":[],"publisher":{"@type":"Organization","name":"Noticias","logo":""},"keywords":[],"dateCreated":"2025-12-04T03:03:39Z","datePublished":"2025-12-04T03:03:39Z","dateModified":"2025-12-04T03:03:39Z"},"rendered":"<script type=\"application\/ld+json\" class=\"wp-parsely-metadata\">{\"@context\":\"https:\\\/\\\/schema.org\",\"@type\":\"NewsArticle\",\"headline\":\"Noem dice que la operaci\\u00f3n de inmigraci\\u00f3n en Nueva Orleans expulsar\\u00e1 a &#171;lo peor de lo peor&#187;\",\"url\":\"http:\\\/\\\/noticiasya.com\\\/midland-odessa\\\/2025\\\/12\\\/03\\\/noem-operacion-inmigracion-nueva-orleans-expulsara-peor-trax\\\/\",\"mainEntityOfPage\":{\"@type\":\"WebPage\",\"@id\":\"http:\\\/\\\/noticiasya.com\\\/midland-odessa\\\/2025\\\/12\\\/03\\\/noem-operacion-inmigracion-nueva-orleans-expulsara-peor-trax\\\/\"},\"thumbnailUrl\":\"\",\"image\":{\"@type\":\"ImageObject\",\"url\":\"\"},\"articleSection\":\"Noticias Nacionales\",\"author\":[],\"creator\":[],\"publisher\":{\"@type\":\"Organization\",\"name\":\"Noticias\",\"logo\":\"\"},\"keywords\":[],\"dateCreated\":\"2025-12-04T03:03:39Z\",\"datePublished\":\"2025-12-04T03:03:39Z\",\"dateModified\":\"2025-12-04T03:03:39Z\"}<\/script>","tracker_url":"https:\/\/cdn.parsely.com\/keys\/noticiasya.com\/p.js"},"jetpack_featured_media_url":"","jetpack-related-posts":[{"id":1468852,"url":"https:\/\/noticiasya.com\/midland-odessa\/2025\/12\/01\/ofensiva-migratoria-nueva-orleans-trax\/","url_meta":{"origin":1468948,"position":0},"title":"Qu\u00e9 se sabe sobre la ofensiva migratoria prevista para esta semana en Nueva Orleans","author":"","date":"diciembre 1, 2025","format":false,"excerpt":"Mientras se espera que los agentes del Departamento de Seguridad Nacional ingresen esta semana a Nueva Orleans, la \u00faltima ciudad liderada por los dem\u00f3cratas que ha sido blanco de una ofensiva federal de control de inmigraci\u00f3n, ha surgido un hilo com\u00fan entre los funcionarios locales: se les mantiene en la\u2026","rel":"","context":"In &quot;Noticias Nacionales&quot;","block_context":{"text":"Noticias Nacionales","link":"https:\/\/noticiasya.com\/midland-odessa\/categoria\/noticias-nacionales"},"img":{"alt_text":"","src":"","width":0,"height":0},"classes":[]},{"id":1468229,"url":"https:\/\/noticiasya.com\/midland-odessa\/2025\/11\/11\/bovino-patrulla-fronteriza-dejan-chicago\/","url_meta":{"origin":1468948,"position":1},"title":"Gregory Bovino y sus agentes de la Patrulla Fronteriza planean abandonar Chicago esta misma semana","author":"","date":"noviembre 11, 2025","format":false,"excerpt":"Gregory Bovino, el m\u00e1ximo responsable de la Patrulla Fronteriza a cargo de la ofensiva migratoria del Gobierno de Trump en las ciudades, planea abandonar Chicago junto con sus agentes esta misma semana, mientras busca otras ubicaciones para intensificar las detenciones, seg\u00fan tres funcionarios estadounidenses familiarizados con la planificaci\u00f3n.Bovino se ha\u2026","rel":"","context":"In &quot;Noticias Nacionales&quot;","block_context":{"text":"Noticias Nacionales","link":"https:\/\/noticiasya.com\/midland-odessa\/categoria\/noticias-nacionales"},"img":{"alt_text":"","src":"","width":0,"height":0},"classes":[]},{"id":1466231,"url":"https:\/\/noticiasya.com\/midland-odessa\/2025\/09\/07\/trump-operativo-migratorio-massachusetts-trax\/","url_meta":{"origin":1468948,"position":2},"title":"El Gobierno de Trump lanza operativo migratorio en Massachusetts","author":"","date":"septiembre 7, 2025","format":false,"excerpt":"El Gobierno de Trump lanz\u00f3 un nuevo operativo federal de inmigraci\u00f3n en Massachusetts enfocado en deportar a delincuentes que ingresaron ilegalmente al pa\u00eds, seg\u00fan el Departamento de Seguridad Nacional (DHS).\u201cICE lanz\u00f3 \u2018Patriot 2.0\u2019 para atacar a lo peor de lo peor entre los extranjeros ilegales criminales que viven en Massachusetts,\u2026","rel":"","context":"In &quot;Noticias Nacionales&quot;","block_context":{"text":"Noticias Nacionales","link":"https:\/\/noticiasya.com\/midland-odessa\/categoria\/noticias-nacionales"},"img":{"alt_text":"","src":"","width":0,"height":0},"classes":[]},{"id":1469640,"url":"https:\/\/noticiasya.com\/midland-odessa\/2025\/12\/29\/inmigrantes-contribuyen-comunidad-arrestadas-ice\/","url_meta":{"origin":1468948,"position":3},"title":"No son &#171;lo peor de lo peor&#187;: estos inmigrantes contribu\u00edan en sus comunidades y fueron arrestados por ICE","author":"","date":"diciembre 29, 2025","format":false,"excerpt":"Detener y expulsar de Estados Unidos a \u201clo peor de lo peor\u201d: bajo esa narrativa, la secretaria de Seguridad Nacional, Kristi Noem, defiende los arrestos de inmigrantes por parte del Servicio de Inmigraci\u00f3n y Control de Aduanas (ICE, por sus siglas en ingl\u00e9s) al argumentar que se trata de personas\u2026","rel":"","context":"In &quot;Noticias Nacionales&quot;","block_context":{"text":"Noticias Nacionales","link":"https:\/\/noticiasya.com\/midland-odessa\/categoria\/noticias-nacionales"},"img":{"alt_text":"","src":"","width":0,"height":0},"classes":[]},{"id":1468973,"url":"https:\/\/noticiasya.com\/midland-odessa\/2025\/12\/04\/ofensiva-migratoria-trump-luisiana-minnesota-comunidad-hispana-orix\/","url_meta":{"origin":1468948,"position":4},"title":"La ofensiva migratoria del Gobierno de Trump se mueve a Luisiana y Minnesota: \u00bfc\u00f3mo es la comunidad hispana en esos estados?","author":"","date":"diciembre 4, 2025","format":false,"excerpt":"La amplia ofensiva contra la inmigraci\u00f3n ilegal de parte del Gobierno de Donald Trump sigue su curso a trav\u00e9s de Estados Unidos. Luego de pasar por estados como California, Illinois y Carolina del Norte, las acciones federales de control migratorio llegaron esta semana a Luisiana y Minnesota.En esta ocasi\u00f3n, la\u2026","rel":"","context":"In &quot;Noticias Nacionales&quot;","block_context":{"text":"Noticias Nacionales","link":"https:\/\/noticiasya.com\/midland-odessa\/categoria\/noticias-nacionales"},"img":{"alt_text":"","src":"","width":0,"height":0},"classes":[]},{"id":1457870,"url":"https:\/\/noticiasya.com\/midland-odessa\/2025\/01\/25\/senado-confirma-kristi-noem-secretaria-seguridad-nacional-trax\/","url_meta":{"origin":1468948,"position":5},"title":"El Senado confirma a Kristi Noem como secretaria de Seguridad Nacional, un papel clave contra la inmigraci\u00f3n","author":"","date":"enero 25, 2025","format":false,"excerpt":"El Senado vot\u00f3 en la ma\u00f1ana de este s\u00e1bado para confirmar a Kristi Noem como la secretaria de Seguridad Nacional, instalando a una aliada de larga data de Donald Trump al frente de una agencia que desempe\u00f1ar\u00e1 un papel central en la prometida ofensiva contra la inmigraci\u00f3n del presidente.La votaci\u00f3n\u2026","rel":"","context":"In &quot;Noticias Nacionales&quot;","block_context":{"text":"Noticias Nacionales","link":"https:\/\/noticiasya.com\/midland-odessa\/categoria\/noticias-nacionales"},"img":{"alt_text":"","src":"","width":0,"height":0},"classes":[]}],"jetpack_sharing_enabled":true,"_links":{"self":[{"href":"https:\/\/noticiasya.com\/midland-odessa\/wp-json\/wp\/v2\/posts\/1468948","targetHints":{"allow":["GET"]}}],"collection":[{"href":"https:\/\/noticiasya.com\/midland-odessa\/wp-json\/wp\/v2\/posts"}],"about":[{"href":"https:\/\/noticiasya.com\/midland-odessa\/wp-json\/wp\/v2\/types\/post"}],"replies":[{"embeddable":true,"href":"https:\/\/noticiasya.com\/midland-odessa\/wp-json\/wp\/v2\/comments?post=1468948"}],"version-history":[{"count":0,"href":"https:\/\/noticiasya.com\/midland-odessa\/wp-json\/wp\/v2\/posts\/1468948\/revisions"}],"wp:attachment":[{"href":"https:\/\/noticiasya.com\/midland-odessa\/wp-json\/wp\/v2\/media?parent=1468948"}],"wp:term":[{"taxonomy":"category","embeddable":true,"href":"https:\/\/noticiasya.com\/midland-odessa\/wp-json\/wp\/v2\/categories?post=1468948"},{"taxonomy":"post_tag","embeddable":true,"href":"https:\/\/noticiasya.com\/midland-odessa\/wp-json\/wp\/v2\/tags?post=1468948"}],"curies":[{"name":"wp","href":"https:\/\/api.w.org\/{rel}","templated":true}]}}