{"id":1468950,"date":"2025-12-03T22:03:48","date_gmt":"2025-12-04T06:03:48","guid":{"rendered":"https:\/\/noticiasya.com\/2025\/12\/03\/renombran-instituto-paz-honor-trump-trax\/"},"modified":"2025-12-03T22:03:48","modified_gmt":"2025-12-04T06:03:48","slug":"renombran-instituto-paz-honor-trump-trax","status":"publish","type":"post","link":"https:\/\/noticiasya.com\/midland-odessa\/2025\/12\/03\/renombran-instituto-paz-honor-trump-trax\/","title":{"rendered":"Renombran el Instituto de la Paz de EE.UU. en honor a Trump tras ser desmantelado por su Gobierno a principios de este a\u00f1o"},"content":{"rendered":"<p>El nombre del presidente Donald Trump fue colocado en el edificio y la se\u00f1alizaci\u00f3n del Instituto de la Paz de Estados Unidos (USIP, por sus siglas en ingl\u00e9s), un organismo independiente que el Gobierno <a href=\"https:\/\/cnnespanol.cnn.com\/2025\/03\/29\/eeuu\/trump-apunto-instituto-de-paz-despidos-masivos-trax\">desmantel\u00f3 a principios de este a\u00f1o.<\/a><\/p>\n<p>El nombre de Trump apareci\u00f3 en la sede de la ciudad de Washington antes de la ceremonia de firma de un acuerdo de paz entre Rwanda y la Rep\u00fablica Democr\u00e1tica del Congo, que se celebrar\u00e1 all\u00ed el jueves.<\/p>\n<p>\u201cBienvenidos al Instituto de la Paz Donald J. Trump. Lo mejor est\u00e1 por venir\u201d, public\u00f3 el Departamento de Estado <a href=\"https:\/\/x.com\/StateDept\/status\/1996368099160080884?s=20\">en X<\/a> este mi\u00e9rcoles, anunciando que el instituto fue renombrado \u201cpara reflejar al mayor negociador en la historia de nuestra naci\u00f3n\u201d.<\/p>\n<p>El Gobierno de Trump pr\u00e1cticamente cerr\u00f3 el instituto, que trabaja en la resoluci\u00f3n de conflictos y fue creado por el Congreso en 1984. La propuesta presupuestaria del Gobierno para el pr\u00f3ximo a\u00f1o fiscal solicit\u00f3 la eliminaci\u00f3n de los fondos federales para el USIP.<\/p>\n<p>El USIP no es una agencia federal y es propietario y administrador de su sede. La toma de control del instituto, incluidos su edificio y activos, ha sido objeto de una amplia disputa legal.<\/p>\n<p>En marzo, funcionarios del <a href=\"https:\/\/cnnespanol.cnn.com\/2025\/03\/18\/eeuu\/doge-acceso-instituto-paz-ee-uu-trump-trax\">Departamento de Eficiencia Gubernamental <\/a>intentaron obtener acceso forzado al edificio, y d\u00edas despu\u00e9s regresaron acompa\u00f1ados por la polic\u00eda.<\/p>\n<p>El Gobierno destituy\u00f3 a la mayor\u00eda de la junta directiva del USIP en marzo. Los empleados fueron despedidos en julio, tras recibir notificaciones de despido a finales de marzo.<\/p>\n<p>\u201cRenombrar el edificio del USIP es una afrenta adicional\u201d, dijo George Foote, abogado de la antigua direcci\u00f3n y personal del USIP, en un comunicado este mi\u00e9rcoles.<\/p>\n<p>\u201cUn juez federal ya dictamin\u00f3 que la toma armada del Gobierno fue ilegal. Ese fallo est\u00e1 suspendido mientras el Gobierno apela, lo que es la \u00fanica raz\u00f3n por la que el Gobierno sigue controlando el edificio. Los leg\u00edtimos propietarios finalmente prevalecer\u00e1n y restaurar\u00e1n el Instituto de la Paz de Estados Unidos y el edificio a sus prop\u00f3sitos legales\u201d, agreg\u00f3 Foote.<\/p>\n<p>Un exfuncionario del USIP coment\u00f3 sobre Trump: \u201cEs bastante ir\u00f3nico que haya puesto su nombre en una instituci\u00f3n que destruy\u00f3\u201d.<\/p>\n<p>La portavoz de la Casa Blanca, Anna Kelly, defendi\u00f3 la medida en un comunicado, argumentando que el USIP \u201cera una entidad inflada e in\u00fatil que gastaba US$ 50 millones al a\u00f1o sin aportar paz alguna\u201d.<\/p>\n<p>\u201cAhora, el Instituto de la Paz Donald J. Trump, que lleva un nombre tan apropiado en honor a un presidente que termin\u00f3 ocho guerras en menos de un a\u00f1o, ser\u00e1 un recordatorio poderoso de lo que un liderazgo fuerte puede lograr para la estabilidad global\u201d, dijo.<\/p>\n<p>The-CNN-Wire<br \/>&trade; &amp; &copy; 2025 Cable News Network, Inc., a Warner Bros. Discovery Company. All rights reserved.<\/p>\n","protected":false},"excerpt":{"rendered":"<p>El nombre del presidente Donald Trump fue colocado en el edificio y la se\u00f1alizaci\u00f3n del Instituto de la Paz de Estados Unidos (USIP, por sus siglas en ingl\u00e9s), un organismo independiente que el Gobierno desmantel\u00f3 a principios de este a\u00f1o. El nombre de Trump apareci\u00f3 en la sede de la ciudad de Washington antes de [&hellip;]<\/p>\n","protected":false},"author":0,"featured_media":0,"comment_status":"open","ping_status":"open","sticky":false,"template":"","format":"standard","meta":{"_jetpack_memberships_contains_paid_content":false,"footnotes":""},"categories":[10],"tags":[],"class_list":["post-1468950","post","type-post","status-publish","format-standard","hentry","category-noticias-nacionales","market-global"],"yoast_head":"<!-- This site is optimized with the Yoast SEO plugin v24.4 - https:\/\/yoast.com\/wordpress\/plugins\/seo\/ -->\n<title>Renombran el Instituto de la Paz de EE.UU. en honor a Trump tras ser desmantelado por su Gobierno a principios de este a\u00f1o - Noticias<\/title>\n<meta name=\"robots\" content=\"index, follow, max-snippet:-1, max-image-preview:large, max-video-preview:-1\" \/>\n<link rel=\"canonical\" href=\"https:\/\/noticiasya.com\/2025\/12\/03\/renombran-instituto-paz-honor-trump-trax\/\" \/>\n<meta property=\"og:locale\" content=\"es_ES\" \/>\n<meta property=\"og:type\" content=\"article\" \/>\n<meta property=\"og:title\" content=\"Renombran el Instituto de la Paz de EE.UU. en honor a Trump tras ser desmantelado por su Gobierno a principios de este a\u00f1o - Noticias\" \/>\n<meta property=\"og:description\" content=\"El nombre del presidente Donald Trump fue colocado en el edificio y la se\u00f1alizaci\u00f3n del Instituto de la Paz de Estados Unidos (USIP, por sus siglas en ingl\u00e9s), un organismo independiente que el Gobierno desmantel\u00f3 a principios de este a\u00f1o. El nombre de Trump apareci\u00f3 en la sede de la ciudad de Washington antes de [&hellip;]\" \/>\n<meta property=\"og:url\" content=\"https:\/\/noticiasya.com\/2025\/12\/03\/renombran-instituto-paz-honor-trump-trax\/\" \/>\n<meta property=\"og:site_name\" content=\"Noticias\" \/>\n<meta property=\"article:published_time\" content=\"2025-12-04T06:03:48+00:00\" \/>\n<meta name=\"twitter:card\" content=\"summary_large_image\" \/>\n<meta name=\"twitter:label1\" content=\"Est. reading time\" \/>\n\t<meta name=\"twitter:data1\" content=\"2 minutos\" \/>\n<script type=\"application\/ld+json\" class=\"yoast-schema-graph\">{\"@context\":\"https:\/\/schema.org\",\"@graph\":[{\"@type\":\"Article\",\"@id\":\"https:\/\/noticiasya.com\/2025\/12\/03\/renombran-instituto-paz-honor-trump-trax\/#article\",\"isPartOf\":{\"@id\":\"https:\/\/noticiasya.com\/2025\/12\/03\/renombran-instituto-paz-honor-trump-trax\/\"},\"author\":{\"name\":\"\",\"@id\":\"\"},\"headline\":\"Renombran el Instituto de la Paz de EE.UU. en honor a Trump tras ser desmantelado por su Gobierno a principios de este a\u00f1o\",\"datePublished\":\"2025-12-04T06:03:48+00:00\",\"mainEntityOfPage\":{\"@id\":\"https:\/\/noticiasya.com\/2025\/12\/03\/renombran-instituto-paz-honor-trump-trax\/\"},\"wordCount\":502,\"commentCount\":0,\"publisher\":{\"@id\":\"https:\/\/noticiasya.com\/#organization\"},\"articleSection\":[\"Noticias Nacionales\"],\"inLanguage\":\"es\",\"potentialAction\":[{\"@type\":\"CommentAction\",\"name\":\"Comment\",\"target\":[\"https:\/\/noticiasya.com\/2025\/12\/03\/renombran-instituto-paz-honor-trump-trax\/#respond\"]}]},{\"@type\":\"WebPage\",\"@id\":\"https:\/\/noticiasya.com\/2025\/12\/03\/renombran-instituto-paz-honor-trump-trax\/\",\"url\":\"https:\/\/noticiasya.com\/2025\/12\/03\/renombran-instituto-paz-honor-trump-trax\/\",\"name\":\"Renombran el Instituto de la Paz de EE.UU. en honor a Trump tras ser desmantelado por su Gobierno a principios de este a\u00f1o - Noticias\",\"isPartOf\":{\"@id\":\"https:\/\/noticiasya.com\/#website\"},\"datePublished\":\"2025-12-04T06:03:48+00:00\",\"breadcrumb\":{\"@id\":\"https:\/\/noticiasya.com\/2025\/12\/03\/renombran-instituto-paz-honor-trump-trax\/#breadcrumb\"},\"inLanguage\":\"es\",\"potentialAction\":[{\"@type\":\"ReadAction\",\"target\":[\"https:\/\/noticiasya.com\/2025\/12\/03\/renombran-instituto-paz-honor-trump-trax\/\"]}]},{\"@type\":\"BreadcrumbList\",\"@id\":\"https:\/\/noticiasya.com\/2025\/12\/03\/renombran-instituto-paz-honor-trump-trax\/#breadcrumb\",\"itemListElement\":[{\"@type\":\"ListItem\",\"position\":1,\"name\":\"Home\",\"item\":\"https:\/\/noticiasya.com\/\"},{\"@type\":\"ListItem\",\"position\":2,\"name\":\"Renombran el Instituto de la Paz de EE.UU. en honor a Trump tras ser desmantelado por su Gobierno a principios de este a\u00f1o\"}]},{\"@type\":\"WebSite\",\"@id\":\"https:\/\/noticiasya.com\/#website\",\"url\":\"https:\/\/noticiasya.com\/\",\"name\":\"Noticias\",\"description\":\"Lo que importa\",\"publisher\":{\"@id\":\"https:\/\/noticiasya.com\/#organization\"},\"potentialAction\":[{\"@type\":\"SearchAction\",\"target\":{\"@type\":\"EntryPoint\",\"urlTemplate\":\"https:\/\/noticiasya.com\/?s={search_term_string}\"},\"query-input\":{\"@type\":\"PropertyValueSpecification\",\"valueRequired\":true,\"valueName\":\"search_term_string\"}}],\"inLanguage\":\"es\"},{\"@type\":\"Organization\",\"@id\":\"https:\/\/noticiasya.com\/#organization\",\"name\":\"Noticias\",\"url\":\"https:\/\/noticiasya.com\/\",\"logo\":{\"@type\":\"ImageObject\",\"inLanguage\":\"es\",\"@id\":\"https:\/\/noticiasya.com\/#\/schema\/logo\/image\/\",\"url\":\"https:\/\/noticiasya.com\/wp-content\/uploads\/sites\/22\/2023\/12\/logo-nacional.png\",\"contentUrl\":\"https:\/\/noticiasya.com\/wp-content\/uploads\/sites\/22\/2023\/12\/logo-nacional.png\",\"width\":1801,\"height\":691,\"caption\":\"Noticias\"},\"image\":{\"@id\":\"https:\/\/noticiasya.com\/#\/schema\/logo\/image\/\"}}]}<\/script>\n<!-- \/ Yoast SEO plugin. -->","yoast_head_json":{"title":"Renombran el Instituto de la Paz de EE.UU. en honor a Trump tras ser desmantelado por su Gobierno a principios de este a\u00f1o - Noticias","robots":{"index":"index","follow":"follow","max-snippet":"max-snippet:-1","max-image-preview":"max-image-preview:large","max-video-preview":"max-video-preview:-1"},"canonical":"https:\/\/noticiasya.com\/2025\/12\/03\/renombran-instituto-paz-honor-trump-trax\/","og_locale":"es_ES","og_type":"article","og_title":"Renombran el Instituto de la Paz de EE.UU. en honor a Trump tras ser desmantelado por su Gobierno a principios de este a\u00f1o - Noticias","og_description":"El nombre del presidente Donald Trump fue colocado en el edificio y la se\u00f1alizaci\u00f3n del Instituto de la Paz de Estados Unidos (USIP, por sus siglas en ingl\u00e9s), un organismo independiente que el Gobierno desmantel\u00f3 a principios de este a\u00f1o. El nombre de Trump apareci\u00f3 en la sede de la ciudad de Washington antes de [&hellip;]","og_url":"https:\/\/noticiasya.com\/2025\/12\/03\/renombran-instituto-paz-honor-trump-trax\/","og_site_name":"Noticias","article_published_time":"2025-12-04T06:03:48+00:00","twitter_card":"summary_large_image","twitter_misc":{"Est. reading time":"2 minutos"},"schema":{"@context":"https:\/\/schema.org","@graph":[{"@type":"Article","@id":"https:\/\/noticiasya.com\/2025\/12\/03\/renombran-instituto-paz-honor-trump-trax\/#article","isPartOf":{"@id":"https:\/\/noticiasya.com\/2025\/12\/03\/renombran-instituto-paz-honor-trump-trax\/"},"author":{"name":"","@id":""},"headline":"Renombran el Instituto de la Paz de EE.UU. en honor a Trump tras ser desmantelado por su Gobierno a principios de este a\u00f1o","datePublished":"2025-12-04T06:03:48+00:00","mainEntityOfPage":{"@id":"https:\/\/noticiasya.com\/2025\/12\/03\/renombran-instituto-paz-honor-trump-trax\/"},"wordCount":502,"commentCount":0,"publisher":{"@id":"https:\/\/noticiasya.com\/#organization"},"articleSection":["Noticias Nacionales"],"inLanguage":"es","potentialAction":[{"@type":"CommentAction","name":"Comment","target":["https:\/\/noticiasya.com\/2025\/12\/03\/renombran-instituto-paz-honor-trump-trax\/#respond"]}]},{"@type":"WebPage","@id":"https:\/\/noticiasya.com\/2025\/12\/03\/renombran-instituto-paz-honor-trump-trax\/","url":"https:\/\/noticiasya.com\/2025\/12\/03\/renombran-instituto-paz-honor-trump-trax\/","name":"Renombran el Instituto de la Paz de EE.UU. en honor a Trump tras ser desmantelado por su Gobierno a principios de este a\u00f1o - Noticias","isPartOf":{"@id":"https:\/\/noticiasya.com\/#website"},"datePublished":"2025-12-04T06:03:48+00:00","breadcrumb":{"@id":"https:\/\/noticiasya.com\/2025\/12\/03\/renombran-instituto-paz-honor-trump-trax\/#breadcrumb"},"inLanguage":"es","potentialAction":[{"@type":"ReadAction","target":["https:\/\/noticiasya.com\/2025\/12\/03\/renombran-instituto-paz-honor-trump-trax\/"]}]},{"@type":"BreadcrumbList","@id":"https:\/\/noticiasya.com\/2025\/12\/03\/renombran-instituto-paz-honor-trump-trax\/#breadcrumb","itemListElement":[{"@type":"ListItem","position":1,"name":"Home","item":"https:\/\/noticiasya.com\/"},{"@type":"ListItem","position":2,"name":"Renombran el Instituto de la Paz de EE.UU. en honor a Trump tras ser desmantelado por su Gobierno a principios de este a\u00f1o"}]},{"@type":"WebSite","@id":"https:\/\/noticiasya.com\/#website","url":"https:\/\/noticiasya.com\/","name":"Noticias","description":"Lo que importa","publisher":{"@id":"https:\/\/noticiasya.com\/#organization"},"potentialAction":[{"@type":"SearchAction","target":{"@type":"EntryPoint","urlTemplate":"https:\/\/noticiasya.com\/?s={search_term_string}"},"query-input":{"@type":"PropertyValueSpecification","valueRequired":true,"valueName":"search_term_string"}}],"inLanguage":"es"},{"@type":"Organization","@id":"https:\/\/noticiasya.com\/#organization","name":"Noticias","url":"https:\/\/noticiasya.com\/","logo":{"@type":"ImageObject","inLanguage":"es","@id":"https:\/\/noticiasya.com\/#\/schema\/logo\/image\/","url":"https:\/\/noticiasya.com\/wp-content\/uploads\/sites\/22\/2023\/12\/logo-nacional.png","contentUrl":"https:\/\/noticiasya.com\/wp-content\/uploads\/sites\/22\/2023\/12\/logo-nacional.png","width":1801,"height":691,"caption":"Noticias"},"image":{"@id":"https:\/\/noticiasya.com\/#\/schema\/logo\/image\/"}}]}},"parsely":{"version":"1.1.0","canonical_url":"https:\/\/noticiasya.com\/midland-odessa\/2025\/12\/03\/renombran-instituto-paz-honor-trump-trax\/","smart_links":{"inbound":0,"outbound":0},"traffic_boost_suggestions_count":0,"meta":{"@context":"https:\/\/schema.org","@type":"NewsArticle","headline":"Renombran el Instituto de la Paz de EE.UU. en honor a Trump tras ser desmantelado por su Gobierno a principios de este a\u00f1o","url":"http:\/\/noticiasya.com\/midland-odessa\/2025\/12\/03\/renombran-instituto-paz-honor-trump-trax\/","mainEntityOfPage":{"@type":"WebPage","@id":"http:\/\/noticiasya.com\/midland-odessa\/2025\/12\/03\/renombran-instituto-paz-honor-trump-trax\/"},"thumbnailUrl":"","image":{"@type":"ImageObject","url":""},"articleSection":"Noticias Nacionales","author":[],"creator":[],"publisher":{"@type":"Organization","name":"Noticias","logo":""},"keywords":[],"dateCreated":"2025-12-04T06:03:48Z","datePublished":"2025-12-04T06:03:48Z","dateModified":"2025-12-04T06:03:48Z"},"rendered":"<script type=\"application\/ld+json\" class=\"wp-parsely-metadata\">{\"@context\":\"https:\\\/\\\/schema.org\",\"@type\":\"NewsArticle\",\"headline\":\"Renombran el Instituto de la Paz de EE.UU. en honor a Trump tras ser desmantelado por su Gobierno a principios de este a\\u00f1o\",\"url\":\"http:\\\/\\\/noticiasya.com\\\/midland-odessa\\\/2025\\\/12\\\/03\\\/renombran-instituto-paz-honor-trump-trax\\\/\",\"mainEntityOfPage\":{\"@type\":\"WebPage\",\"@id\":\"http:\\\/\\\/noticiasya.com\\\/midland-odessa\\\/2025\\\/12\\\/03\\\/renombran-instituto-paz-honor-trump-trax\\\/\"},\"thumbnailUrl\":\"\",\"image\":{\"@type\":\"ImageObject\",\"url\":\"\"},\"articleSection\":\"Noticias Nacionales\",\"author\":[],\"creator\":[],\"publisher\":{\"@type\":\"Organization\",\"name\":\"Noticias\",\"logo\":\"\"},\"keywords\":[],\"dateCreated\":\"2025-12-04T06:03:48Z\",\"datePublished\":\"2025-12-04T06:03:48Z\",\"dateModified\":\"2025-12-04T06:03:48Z\"}<\/script>","tracker_url":"https:\/\/cdn.parsely.com\/keys\/noticiasya.com\/p.js"},"jetpack_featured_media_url":"","jetpack-related-posts":[{"id":1460597,"url":"https:\/\/noticiasya.com\/midland-odessa\/2025\/03\/29\/trump-apunto-instituto-de-paz-despidos-masivos-trax\/","url_meta":{"origin":1468950,"position":0},"title":"El Gobierno de Trump apunt\u00f3 al Instituto de la Paz de EE.UU. con despidos masivos","author":"","date":"marzo 29, 2025","format":false,"excerpt":"Los empleados del Instituto de la Paz de Estados Unidos recibieron cartas de despido el viernes por la noche, mientras el Gobierno de Trump contin\u00faa reimaginando el papel de EE.UU. en el extranjero y desmantelando dram\u00e1ticamente partes clave del Gobierno federal a trav\u00e9s del Departamento de Eficiencia Gubernamental (DOGE, por\u2026","rel":"","context":"In &quot;Noticias Nacionales&quot;","block_context":{"text":"Noticias Nacionales","link":"https:\/\/noticiasya.com\/midland-odessa\/categoria\/noticias-nacionales"},"img":{"alt_text":"","src":"","width":0,"height":0},"classes":[]},{"id":1464889,"url":"https:\/\/noticiasya.com\/midland-odessa\/2025\/07\/26\/darren-beattie-nacionalistas-blancos-instituto-paz-trax\/","url_meta":{"origin":1468950,"position":1},"title":"Un alto funcionario del Departamento de Estado que asisti\u00f3 a foro con nacionalistas blancos liderar\u00e1 el Instituto de la Paz","author":"","date":"julio 26, 2025","format":false,"excerpt":"Darren Beattie, un alto funcionario del Departamento de Estado que fue despedido como escritor de discursos durante el primer mandato del presidente Donald Trump, despu\u00e9s de que CNN revelara que intervino en una conferencia a la que asistieron nacionalistas blancos, ahora se desempe\u00f1ar\u00e1 como presidente interino del Instituto de la\u2026","rel":"","context":"In &quot;Noticias Nacionales&quot;","block_context":{"text":"Noticias Nacionales","link":"https:\/\/noticiasya.com\/midland-odessa\/categoria\/noticias-nacionales"},"img":{"alt_text":"","src":"","width":0,"height":0},"classes":[]},{"id":1458957,"url":"https:\/\/noticiasya.com\/midland-odessa\/2025\/02\/19\/trump-decreto-instituto-paz-reducir-personal-trax\/","url_meta":{"origin":1468950,"position":2},"title":"Trump firma decreto que ordena al Instituto de la Paz, otras entidades y comit\u00e9s consultivos reducir personal y funciones","author":"","date":"febrero 19, 2025","format":false,"excerpt":"El presidente Donald Trump firm\u00f3 este mi\u00e9rcoles un decreto que ordena a tres entidades gubernamentales que trabajan en ayuda exterior que reduzcan dr\u00e1sticamente su personal y sus funciones.El decreto ordena al Instituto Estadounidense de la Paz, la Fundaci\u00f3n Estadounidense para el Desarrollo Africano y la Fundaci\u00f3n Interamericana que eliminen sus\u2026","rel":"","context":"In &quot;Noticias Nacionales&quot;","block_context":{"text":"Noticias Nacionales","link":"https:\/\/noticiasya.com\/midland-odessa\/categoria\/noticias-nacionales"},"img":{"alt_text":"","src":"","width":0,"height":0},"classes":[]},{"id":1460053,"url":"https:\/\/noticiasya.com\/midland-odessa\/2025\/03\/18\/doge-acceso-instituto-paz-ee-uu-trump-trax\/","url_meta":{"origin":1468950,"position":3},"title":"DOGE obtiene acceso al Instituto de Paz de EE. UU. despu\u00e9s de que la administraci\u00f3n Trump reestructurara la junta","author":"","date":"marzo 18, 2025","format":false,"excerpt":"Personal del Departamento de Eficiencia Gubernamental acompa\u00f1ado por polic\u00edas de la ciudad de Washington, obtuvo acceso al Instituto de Paz de EE. UU. (USIP, por sus siglas en ingl\u00e9s) el lunes despu\u00e9s de haber sido rechazado la semana pasada.La dram\u00e1tica escalada sigue a la desarticulaci\u00f3n de la junta directiva de\u2026","rel":"","context":"In &quot;Noticias Nacionales&quot;","block_context":{"text":"Noticias Nacionales","link":"https:\/\/noticiasya.com\/midland-odessa\/categoria\/noticias-nacionales"},"img":{"alt_text":"","src":"","width":0,"height":0},"classes":[]},{"id":1472594,"url":"https:\/\/noticiasya.com\/midland-odessa\/2026\/03\/26\/firma-trump-billetes-dolar-trax\/","url_meta":{"origin":1468950,"position":4},"title":"La firma de Trump pronto aparecer\u00e1 en los billetes de d\u00f3lar de EE.UU., algo in\u00e9dito en un presidente en funciones","author":"","date":"marzo 26, 2026","format":false,"excerpt":"Los billetes de Estados Unidos pronto incluir\u00e1n la firma del presidente Donald Trump, anunci\u00f3 este jueves el Departamento del Tesoro de EE.UU., en la que representa una de las iniciativas m\u00e1s recientes del mandatario por dejar su huella en todo el Gobierno federal.Ser\u00e1 la primera vez que la firma de\u2026","rel":"","context":"In &quot;Noticias Nacionales&quot;","block_context":{"text":"Noticias Nacionales","link":"https:\/\/noticiasya.com\/midland-odessa\/categoria\/noticias-nacionales"},"img":{"alt_text":"","src":"","width":0,"height":0},"classes":[]},{"id":1468990,"url":"https:\/\/noticiasya.com\/midland-odessa\/2025\/12\/05\/analisis-guerra-paz-donald-trump-trax\/","url_meta":{"origin":1468950,"position":5},"title":"La guerra y la paz de Donald Trump","author":"","date":"diciembre 5, 2025","format":false,"excerpt":"El presidente de la paz est\u00e1 de regreso.No importa que Donald Trump est\u00e9 amenazando con bombardear objetivos terrestres en Venezuela, haya llamado recientemente \u201cbasura\u201d a los inmigrantes somal\u00edes, hubiera acusado a algunos dem\u00f3cratas de comportamiento sedicioso \u201ccastigado con la muerte\u201d y que su Casa Blanca est\u00e9 negando las denuncias de\u2026","rel":"","context":"In &quot;Noticias Nacionales&quot;","block_context":{"text":"Noticias Nacionales","link":"https:\/\/noticiasya.com\/midland-odessa\/categoria\/noticias-nacionales"},"img":{"alt_text":"","src":"","width":0,"height":0},"classes":[]}],"jetpack_sharing_enabled":true,"_links":{"self":[{"href":"https:\/\/noticiasya.com\/midland-odessa\/wp-json\/wp\/v2\/posts\/1468950","targetHints":{"allow":["GET"]}}],"collection":[{"href":"https:\/\/noticiasya.com\/midland-odessa\/wp-json\/wp\/v2\/posts"}],"about":[{"href":"https:\/\/noticiasya.com\/midland-odessa\/wp-json\/wp\/v2\/types\/post"}],"replies":[{"embeddable":true,"href":"https:\/\/noticiasya.com\/midland-odessa\/wp-json\/wp\/v2\/comments?post=1468950"}],"version-history":[{"count":0,"href":"https:\/\/noticiasya.com\/midland-odessa\/wp-json\/wp\/v2\/posts\/1468950\/revisions"}],"wp:attachment":[{"href":"https:\/\/noticiasya.com\/midland-odessa\/wp-json\/wp\/v2\/media?parent=1468950"}],"wp:term":[{"taxonomy":"category","embeddable":true,"href":"https:\/\/noticiasya.com\/midland-odessa\/wp-json\/wp\/v2\/categories?post=1468950"},{"taxonomy":"post_tag","embeddable":true,"href":"https:\/\/noticiasya.com\/midland-odessa\/wp-json\/wp\/v2\/tags?post=1468950"}],"curies":[{"name":"wp","href":"https:\/\/api.w.org\/{rel}","templated":true}]}}