{"id":1468952,"date":"2025-12-04T00:03:43","date_gmt":"2025-12-04T08:03:43","guid":{"rendered":"https:\/\/noticiasya.com\/2025\/12\/04\/ansiedad-comunidad-somali-minneapolis-agentes-ice-trax\/"},"modified":"2025-12-04T00:03:43","modified_gmt":"2025-12-04T08:03:43","slug":"ansiedad-comunidad-somali-minneapolis-agentes-ice-trax","status":"publish","type":"post","link":"https:\/\/noticiasya.com\/midland-odessa\/2025\/12\/04\/ansiedad-comunidad-somali-minneapolis-agentes-ice-trax\/","title":{"rendered":"La ansiedad se apodera de la comunidad somal\u00ed de Minneapolis mientras los agentes de ICE se centran en las Ciudades Gemelas"},"content":{"rendered":"<p>Todo parec\u00eda normal en los mercados somal\u00edes de Minneapolis: los hombres estaban sentados en sillas de barbero, las mujeres miraban prendas coloridas en las boutiques y los clientes probaban sambusas fritas y platos de arroz en los restaurantes, mientras por momentos el llamado musulm\u00e1n a la oraci\u00f3n se cantaba a bajo volumen por los altavoces.<\/p>\n<p>Pero debajo de la tranquila superficie, se palpaba una ansiedad silenciosa.<\/p>\n<p>Los bolsillos y las carteras estaban un poco m\u00e1s cargados con documentos de inmigraci\u00f3n y pasaportes mientras el espectro de <a href=\"https:\/\/www.cnn.com\/2025\/12\/03\/us\/immigration-trump-somali-migrants-minnesota\">la ofensiva inmigratoria de la administraci\u00f3n Trump<\/a> se cern\u00eda sobre los lugares de reuni\u00f3n de la di\u00e1spora somal\u00ed en las Ciudades Gemelas, hogar de la <a href=\"https:\/\/www.cnn.com\/us\/live-news\/immigration-enforcement-minnesota-nola-12-03-25?post-id=cmiqlv2iu000k3b6n5n26jrn3\">mayor poblaci\u00f3n<\/a> de personas del pa\u00eds del este de \u00c1frica.<\/p>\n<p>Una nueva operaci\u00f3n del Servicio de Inmigraci\u00f3n y Control de Aduanas (ICE) contra inmigrantes somal\u00edes indocumentados ha comenzado en Minneapolis y St. Paul, Minnesota, <a href=\"https:\/\/www.cnn.com\/us\/live-news\/immigration-enforcement-minnesota-nola-12-03-25?post-id=cmiq90cjh0010356n9a84a1kk\">seg\u00fan inform\u00f3 a CNN el mi\u00e9rcoles una fuente con conocimiento de los planes.<\/a><\/p>\n<p><a href=\"https:\/\/www.cnn.com\/us\/live-news\/immigration-enforcement-minnesota-nola-12-03-25?post-id=cmiq90cjh0010356n9a84a1kk\">Estas ciudades son el objetivo m\u00e1s reciente de la amplia <\/a><a href=\"https:\/\/www.cnn.com\/2025\/10\/16\/us\/ice-tactics-raids-arrests-dhs\">ofensiva de deportaci\u00f3n<\/a> de Trump, que ha conducido a un aumento de agentes federales inundando las calles de ciudades dem\u00f3cratas como <a href=\"https:\/\/www.cnn.com\/2025\/10\/14\/us\/los-angeles-state-of-emergency-immigration\">Los \u00c1ngeles<\/a>, <a href=\"https:\/\/www.cnn.com\/2025\/10\/17\/us\/chicago-immigration-crackdown\">Chicago, <\/a><a href=\"https:\/\/www.cnn.com\/2025\/11\/17\/us\/charlotte-north-carolina-immigration-border-patrol\">Charlotte<\/a> y <a href=\"https:\/\/www.cnn.com\/2025\/12\/01\/us\/new-orleans-immigration-crackdown-border-patrol\">Nueva Orleans.<\/a><\/p>\n<p>Mientras el presidente de Estados Unidos menospreciaba <a href=\"https:\/\/www.youtube.com\/watch?v=gzVVPrXSFAA\">a su comunidad llam\u00e1ndola \u201cbasura\u201d,<\/a> muchos en la colectividad somal\u00ed de Minneapolis se sent\u00edan inquietos, como lo evidenciaban las multitudes m\u00e1s dispersas de lo normal en dos centros comerciales diferentes y alguna que otra tienda cerrada.<\/p>\n<p>Un joven que trabaja en una panader\u00eda en el centro comercial Karmel, al sur del centro de Minneapolis, declar\u00f3 que el sitio este martes por la noche estaba muerto en comparaci\u00f3n con lo habitual.<\/p>\n<p>El hombre, que solo dio su primer nombre, Fawzi, se\u00f1al\u00f3 que est\u00e1 nervioso a pesar de haber nacido en Minneapolis.<\/p>\n<p>\u201cTengo miedo\u201d, indic\u00f3. \u201cImagina que est\u00e1s sentado en tu coche y de repente alguien se acerca y te dice: \u2018Oye, tienes que venir conmigo\u2019\u201d.<\/p>\n<p>En el extenso centro comercial cubierto, las oficinas que ofrecen servicios de visas y env\u00edos internacionales se intercalan con tiendas de henna, hileras de boutiques que venden atuendos tradicionales somal\u00edes, coloridas alfombras de oraci\u00f3n y joyas de oro. En lo alto, un techo azul con estrellas blancas simboliza la bandera de Somalia.<\/p>\n<p>En otro mercado a unos dos km de distancia, 24 Somali Mall, el alcalde de Minneapolis, Jacob Frey, realiz\u00f3 una visita para calmar los nervios y mostrar su apoyo el mi\u00e9rcoles por la tarde.<\/p>\n<p>Frey estaba haciendo fila para comprar un dulce somal\u00ed en una panader\u00eda cuando una mujer se le acerc\u00f3 y le mostr\u00f3 su tarjeta de residencia. Le dijo que la llevaba porque ten\u00eda miedo.<\/p>\n<p>\u201cEs decir, es ciudadana estadounidense\u201d, declar\u00f3 Frey m\u00e1s tarde a CNN. \u201cLleva 25 a\u00f1os aqu\u00ed, en Minneapolis\u201d.<\/p>\n<p>Mientras el alcalde posaba para fotos y charlaba con los compradores en el centro comercial 24 Somali, afuera se desarrollaba una escena diferente.<\/p>\n<p>Tres veh\u00edculos con vidrios polarizados y placas de Virginia se detuvieron cerca de una persona que mendigaba en una calle nevada. De los autos salieron varios hombres armados con chalecos de las fuerzas del orden con la inscripci\u00f3n \u201cERO\u201d (Operaciones de Ejecuci\u00f3n y Deportaci\u00f3n), seg\u00fan presenci\u00f3 CNN.<\/p>\n<p>Le pidieron la identificaci\u00f3n a la persona antes de dejarla ir, cont\u00f3 m\u00e1s tarde el hombre a CNN.<\/p>\n<p>Se neg\u00f3 a dar su nombre, pero afirm\u00f3 que es un ciudadano estadounidense de 35 a\u00f1os que naci\u00f3 en Buffalo, Nueva York.<\/p>\n<p>Agreg\u00f3 que les mostr\u00f3 a los agentes sus \u201cpapeles\u201d y agreg\u00f3 que no habr\u00eda tenido problemas en hacerlo si los agentes no hubieran sido tan \u201cagresivos\u201d.<\/p>\n<p>\u201cMe agarraron la mano\u201d, cont\u00f3. \u201cNo deber\u00edan hacer eso. \u2026 Por lo dem\u00e1s, no tengo ning\u00fan problema con la verificaci\u00f3n\u201d.<\/p>\n<p>Frey se\u00f1al\u00f3 que de las m\u00e1s de 80.000 personas de ascendencia somal\u00ed en el \u00e1rea de Minneapolis-St. Paul, la gran mayor\u00eda son ciudadanos o residentes legales. Solo unos pocos cientos tienen estatus de protecci\u00f3n temporal, que el presidente Donald Trump ha <a href=\"https:\/\/www.cnn.com\/2025\/12\/03\/us\/immigration-trump-somali-migrants-minnesota\">amenazado con eliminar<\/a>.<\/p>\n<p>\u201cEs un n\u00famero bastante peque\u00f1o, pero, repito, est\u00e1n aqu\u00ed legalmente\u201d, manifest\u00f3, y agreg\u00f3 que teme que los agentes federales violen la Constituci\u00f3n al \u201carrestar a ciudadanos estadounidenses por parecer somal\u00edes\u201d.<\/p>\n<p>Otros residentes dijeron a CNN que ellos tambi\u00e9n llevaban tarjestas de identidad y documentos por miedo a ser detenidos.<\/p>\n<p>Kamal Ali, quien maneja un negocio de camiones de volteo con su padre y su hermano, se asegur\u00f3 de guardar su pasaporte en su billetera antes de dirigirse al centro comercial Karmel para cenar.<\/p>\n<p>\u201cNo quiero problemas\u201d, se\u00f1al\u00f3 el hombre de 39 a\u00f1os, quien asegura que lleg\u00f3 a Estados Unidos a los 10 a\u00f1os con sus padres despu\u00e9s de vivir en un campo de refugiados en Somalia.<\/p>\n<p>El alcalde <a href=\"https:\/\/www.cnn.com\/us\/live-news\/immigration-enforcement-minnesota-nola-12-03-25?post-id=cmiqmkvvi00003b6n78wevx05\">firm\u00f3 el mi\u00e9rcoles una orden ejecutiva<\/a> para prohibir que los agentes policiales federales, estatales y locales utilicen estacionamientos, rampas, garajes o terrenos bald\u00edos propiedad de la ciudad para realizar operaciones de control de inmigraci\u00f3n.<\/p>\n<p>La orden se bas\u00f3 en una pol\u00edtica similar en Chicago, donde las autoridades federales de inmigraci\u00f3n hab\u00edan utilizado anteriormente lotes municipales para realizar operaciones, comentaron funcionarios de la ciudad de Minneapolis en un comunicado.<\/p>\n<p>La orden de Frey tambi\u00e9n crear\u00e1 una \u201cplantilla de se\u00f1alizaci\u00f3n\u201d para empresas locales y propietarios que quieran marcar sus propiedades como prohibidas para estas actividades, seg\u00fan el comunicado.<\/p>\n<p>Abdul Abdullahi, quien dirige una oficina de empleo en 24 Somali Mall, expres\u00f3 que encuentra \u201cvergonzosas\u201d las palabras de Trump sobre la comunidad somal\u00ed.<\/p>\n<p>\u201cEs muy lamentable que alguien en el cargo m\u00e1s alto del mundo generalice y degrade a toda una comunidad diciendo que son basura, que no sirven para nada\u201d, manifest\u00f3 Abdullahi, de 39 a\u00f1os, quien afirma haber vivido en Minneapolis durante d\u00e9cadas. \u201cEsto es solo un intento de dividirnos, un intento de enfrentarnos entre nosotros\u201d.<\/p>\n<p>Cuando se le pregunt\u00f3 sobre los comentarios del presidente Donald Trump sobre no querer inmigrantes somal\u00edes en Estados Unidos, la secretaria adjunta del Departamento de Seguridad Nacional, Tricia McLaughlin, hablando con CNN, cit\u00f3 un an\u00e1lisis de datos sobre los somal\u00edes en Minneapolis y otras partes del pa\u00eds que sugieren que hay \u201cfraude generalizado, particularmente fraude matrimonial, cuando se trata de inmigraci\u00f3n\u201d.<\/p>\n<p>Seg\u00fan la Oficina del Censo de Estados Unidos, casi el 58 % de los somal\u00edes de Minnesota nacieron en Estados Unidos. De los somal\u00edes en Minnesota nacidos en el extranjero, una abrumadora mayor\u00eda (el 87 %) son ciudadanos estadounidenses naturalizados.<\/p>\n<p>Los ciudadanos de Somalia obtuvieron por primera vez el Estatus de Protecci\u00f3n Temporal en 1991, cuando el pa\u00eds se sumi\u00f3 en el caos tras el derrocamiento del dictador Mohamed Siad Barre.<\/p>\n<p>En 2013, Estados Unidos <a href=\"https:\/\/www.cnn.com\/2013\/01\/17\/us\/somalia-recognition\" rel=\"noopener noreferrer\" target=\"_blank\">reconoci\u00f3 oficialmente<\/a> al Gobierno somal\u00ed en Mogadiscio por primera vez en dos d\u00e9cadas.<\/p>\n<p>Los somal\u00edes han mantenido el Estatus de Protecci\u00f3n Temporal \u201cdebido a la inseguridad y al conflicto armado en curso que presentan serias amenazas a la seguridad de los retornados\u201d, seg\u00fan <a href=\"https:\/\/nam11.safelinks.protection.outlook.com\/?url=https%3A%2F%2Fwww.congress.gov%2Fcrs-product%2FRS20844%23fn176&#038;data=05%7C02%7CNouran.Salahieh%40cnn.com%7C1699e4fcac424ab8c58f08de32d377ee%7C0eb48825e8714459bc72d0ecd68f1f39%7C0%7C0%7C639004080985900726%7CUnknown%7CTWFpbGZsb3d8eyJFbXB0eU1hcGkiOnRydWUsIlYiOiIwLjAuMDAwMCIsIlAiOiJXaW4zMiIsIkFOIjoiTWFpbCIsIldUIjoyfQ%3D%3D%7C0%7C%7C%7C&#038;sdata=mquN%2B%2FSPEezzdsGrR6IpZKROsMopvnWRpmtpuSFZnIc%3D&#038;reserved=0\">la legislaci\u00f3n<\/a>.<\/p>\n<p>No todos los que hablaron con CNN eran cr\u00edticos de Trump. Algunos dijeron que votaron por \u00e9l.<\/p>\n<p>Entre ellos se encontraba un cliente de 40 a\u00f1os del Karmel Mall que dijo que asisti\u00f3 a un mitin de Trump en Minneapolis en 2019, pero que lo rechazaron porque el lugar estaba lleno.<\/p>\n<p>\u201cLa econom\u00eda estuvo muy bien el primer trimestre\u201d, dijo el hombre, ingeniero mec\u00e1nico, que solo quiso compartir su nombre de pila, Mohamud. \u201cSoy un hombre de n\u00fameros\u201d.<\/p>\n<p>Aun as\u00ed, Mohamud indic\u00f3 que cree que la ret\u00f3rica de Trump mejorar\u00e1 la posici\u00f3n del presidente a expensas de la comunidad somal\u00ed local.<\/p>\n<p>\u201cEsto le dar\u00e1 un impulso de apoyo\u201d, coment\u00f3. \u201cYa sabes, la gente se unir\u00e1 a \u00e9l, ya sabes\u2026 haciendo grande a Estados Unidos, sea lo que sea que eso signifique, \u00bfverdad?\u201d<\/p>\n<p>Nasir Abdi, cliente del 24 Somali Mall, comparti\u00f3 este sentimiento.<\/p>\n<p>\u201cEsto es solo un espect\u00e1culo\u201d, expres\u00f3.<\/p>\n<p>Algunos residentes somal\u00edes abordaron un <a href=\"https:\/\/www.justice.gov\/usao-mn\/pr\/78th-defendant-charged-feeding-our-future-fraud-scheme\">esc\u00e1ndalo de fraude de US$ 300 millones<\/a> en Minnesota en el que decenas de personas, la gran mayor\u00eda de ellas de ascendencia somal\u00ed, fueron acusadas.<\/p>\n<p>Trump hizo referencia al esc\u00e1ndalo, que desvi\u00f3 dinero destinado a alimentar a ni\u00f1os durante la pandemia a estafadores, una semana antes del D\u00eda de Acci\u00f3n de Gracias, calificando a Minnesota de \u201ccentro de actividad fraudulenta de lavado de dinero\u201d mientras anunciaba planes para terminar el Estatus de Protecci\u00f3n Temporal para los residentes somal\u00edes en el estado.<\/p>\n<p>\u201cHay algunas personas podridas que cometieron delitos y violaron la ley, pero al mismo tiempo, no se puede aplicar un castigo colectivo\u201d, indic\u00f3 Ali, el hombre que trabaja en el negocio de camiones de volteo de su familia.<\/p>\n<p>Frey plante\u00f3 un argumento similar en t\u00e9rminos m\u00e1s contundentes.<\/p>\n<p>\u201cSi robaste comida a ni\u00f1os y dinero que deber\u00eda haber sido destinado a vivienda, deber\u00edas ir a la c\u00e1rcel\u201d, coment\u00f3 mientras com\u00eda un plato de carne de cabra y arroz en el centro comercial 24 Somali. \u201cNo puedes responsabilizar a toda una comunidad por las acciones de los estafadores\u201d.<\/p>\n<p>Agreg\u00f3: \u201cSoy jud\u00edo y nadie me ha hecho responsable de los cr\u00edmenes financieros de Bernie Madoff\u201d.<\/p>\n<p><em>Emma Tucker, Priscilla Alvarez, Rebekah Riess y Julie In de CNN contribuyeron a este informe.<\/em><\/p>\n<p>The-CNN-Wire<br \/>&trade; &amp; &copy; 2025 Cable News Network, Inc., a Warner Bros. Discovery Company. All rights reserved.<\/p>\n","protected":false},"excerpt":{"rendered":"<p>Todo parec\u00eda normal en los mercados somal\u00edes de Minneapolis: los hombres estaban sentados en sillas de barbero, las mujeres miraban prendas coloridas en las boutiques y los clientes probaban sambusas fritas y platos de arroz en los restaurantes, mientras por momentos el llamado musulm\u00e1n a la oraci\u00f3n se cantaba a bajo volumen por los altavoces. [&hellip;]<\/p>\n","protected":false},"author":0,"featured_media":0,"comment_status":"open","ping_status":"open","sticky":false,"template":"","format":"standard","meta":{"_jetpack_memberships_contains_paid_content":false,"footnotes":""},"categories":[10],"tags":[],"class_list":["post-1468952","post","type-post","status-publish","format-standard","hentry","category-noticias-nacionales","market-global"],"yoast_head":"<!-- This site is optimized with the Yoast SEO plugin v24.4 - https:\/\/yoast.com\/wordpress\/plugins\/seo\/ -->\n<title>La ansiedad se apodera de la comunidad somal\u00ed de Minneapolis mientras los agentes de ICE se centran en las Ciudades Gemelas - Noticias<\/title>\n<meta name=\"robots\" content=\"index, follow, max-snippet:-1, max-image-preview:large, max-video-preview:-1\" \/>\n<link rel=\"canonical\" href=\"https:\/\/noticiasya.com\/2025\/12\/04\/ansiedad-comunidad-somali-minneapolis-agentes-ice-trax\/\" \/>\n<meta property=\"og:locale\" content=\"es_ES\" \/>\n<meta property=\"og:type\" content=\"article\" \/>\n<meta property=\"og:title\" content=\"La ansiedad se apodera de la comunidad somal\u00ed de Minneapolis mientras los agentes de ICE se centran en las Ciudades Gemelas - Noticias\" \/>\n<meta property=\"og:description\" content=\"Todo parec\u00eda normal en los mercados somal\u00edes de Minneapolis: los hombres estaban sentados en sillas de barbero, las mujeres miraban prendas coloridas en las boutiques y los clientes probaban sambusas fritas y platos de arroz en los restaurantes, mientras por momentos el llamado musulm\u00e1n a la oraci\u00f3n se cantaba a bajo volumen por los altavoces. [&hellip;]\" \/>\n<meta property=\"og:url\" content=\"https:\/\/noticiasya.com\/2025\/12\/04\/ansiedad-comunidad-somali-minneapolis-agentes-ice-trax\/\" \/>\n<meta property=\"og:site_name\" content=\"Noticias\" \/>\n<meta property=\"article:published_time\" content=\"2025-12-04T08:03:43+00:00\" \/>\n<meta name=\"twitter:card\" content=\"summary_large_image\" \/>\n<meta name=\"twitter:label1\" content=\"Est. reading time\" \/>\n\t<meta name=\"twitter:data1\" content=\"8 minutos\" \/>\n<script type=\"application\/ld+json\" class=\"yoast-schema-graph\">{\"@context\":\"https:\/\/schema.org\",\"@graph\":[{\"@type\":\"Article\",\"@id\":\"https:\/\/noticiasya.com\/2025\/12\/04\/ansiedad-comunidad-somali-minneapolis-agentes-ice-trax\/#article\",\"isPartOf\":{\"@id\":\"https:\/\/noticiasya.com\/2025\/12\/04\/ansiedad-comunidad-somali-minneapolis-agentes-ice-trax\/\"},\"author\":{\"name\":\"\",\"@id\":\"\"},\"headline\":\"La ansiedad se apodera de la comunidad somal\u00ed de Minneapolis mientras los agentes de ICE se centran en las Ciudades Gemelas\",\"datePublished\":\"2025-12-04T08:03:43+00:00\",\"mainEntityOfPage\":{\"@id\":\"https:\/\/noticiasya.com\/2025\/12\/04\/ansiedad-comunidad-somali-minneapolis-agentes-ice-trax\/\"},\"wordCount\":1620,\"commentCount\":0,\"publisher\":{\"@id\":\"https:\/\/noticiasya.com\/#organization\"},\"articleSection\":[\"Noticias Nacionales\"],\"inLanguage\":\"es\",\"potentialAction\":[{\"@type\":\"CommentAction\",\"name\":\"Comment\",\"target\":[\"https:\/\/noticiasya.com\/2025\/12\/04\/ansiedad-comunidad-somali-minneapolis-agentes-ice-trax\/#respond\"]}]},{\"@type\":\"WebPage\",\"@id\":\"https:\/\/noticiasya.com\/2025\/12\/04\/ansiedad-comunidad-somali-minneapolis-agentes-ice-trax\/\",\"url\":\"https:\/\/noticiasya.com\/2025\/12\/04\/ansiedad-comunidad-somali-minneapolis-agentes-ice-trax\/\",\"name\":\"La ansiedad se apodera de la comunidad somal\u00ed de Minneapolis mientras los agentes de ICE se centran en las Ciudades Gemelas - Noticias\",\"isPartOf\":{\"@id\":\"https:\/\/noticiasya.com\/#website\"},\"datePublished\":\"2025-12-04T08:03:43+00:00\",\"breadcrumb\":{\"@id\":\"https:\/\/noticiasya.com\/2025\/12\/04\/ansiedad-comunidad-somali-minneapolis-agentes-ice-trax\/#breadcrumb\"},\"inLanguage\":\"es\",\"potentialAction\":[{\"@type\":\"ReadAction\",\"target\":[\"https:\/\/noticiasya.com\/2025\/12\/04\/ansiedad-comunidad-somali-minneapolis-agentes-ice-trax\/\"]}]},{\"@type\":\"BreadcrumbList\",\"@id\":\"https:\/\/noticiasya.com\/2025\/12\/04\/ansiedad-comunidad-somali-minneapolis-agentes-ice-trax\/#breadcrumb\",\"itemListElement\":[{\"@type\":\"ListItem\",\"position\":1,\"name\":\"Home\",\"item\":\"https:\/\/noticiasya.com\/\"},{\"@type\":\"ListItem\",\"position\":2,\"name\":\"La ansiedad se apodera de la comunidad somal\u00ed de Minneapolis mientras los agentes de ICE se centran en las Ciudades Gemelas\"}]},{\"@type\":\"WebSite\",\"@id\":\"https:\/\/noticiasya.com\/#website\",\"url\":\"https:\/\/noticiasya.com\/\",\"name\":\"Noticias\",\"description\":\"Lo que importa\",\"publisher\":{\"@id\":\"https:\/\/noticiasya.com\/#organization\"},\"potentialAction\":[{\"@type\":\"SearchAction\",\"target\":{\"@type\":\"EntryPoint\",\"urlTemplate\":\"https:\/\/noticiasya.com\/?s={search_term_string}\"},\"query-input\":{\"@type\":\"PropertyValueSpecification\",\"valueRequired\":true,\"valueName\":\"search_term_string\"}}],\"inLanguage\":\"es\"},{\"@type\":\"Organization\",\"@id\":\"https:\/\/noticiasya.com\/#organization\",\"name\":\"Noticias\",\"url\":\"https:\/\/noticiasya.com\/\",\"logo\":{\"@type\":\"ImageObject\",\"inLanguage\":\"es\",\"@id\":\"https:\/\/noticiasya.com\/#\/schema\/logo\/image\/\",\"url\":\"https:\/\/noticiasya.com\/wp-content\/uploads\/sites\/22\/2023\/12\/logo-nacional.png\",\"contentUrl\":\"https:\/\/noticiasya.com\/wp-content\/uploads\/sites\/22\/2023\/12\/logo-nacional.png\",\"width\":1801,\"height\":691,\"caption\":\"Noticias\"},\"image\":{\"@id\":\"https:\/\/noticiasya.com\/#\/schema\/logo\/image\/\"}}]}<\/script>\n<!-- \/ Yoast SEO plugin. -->","yoast_head_json":{"title":"La ansiedad se apodera de la comunidad somal\u00ed de Minneapolis mientras los agentes de ICE se centran en las Ciudades Gemelas - Noticias","robots":{"index":"index","follow":"follow","max-snippet":"max-snippet:-1","max-image-preview":"max-image-preview:large","max-video-preview":"max-video-preview:-1"},"canonical":"https:\/\/noticiasya.com\/2025\/12\/04\/ansiedad-comunidad-somali-minneapolis-agentes-ice-trax\/","og_locale":"es_ES","og_type":"article","og_title":"La ansiedad se apodera de la comunidad somal\u00ed de Minneapolis mientras los agentes de ICE se centran en las Ciudades Gemelas - Noticias","og_description":"Todo parec\u00eda normal en los mercados somal\u00edes de Minneapolis: los hombres estaban sentados en sillas de barbero, las mujeres miraban prendas coloridas en las boutiques y los clientes probaban sambusas fritas y platos de arroz en los restaurantes, mientras por momentos el llamado musulm\u00e1n a la oraci\u00f3n se cantaba a bajo volumen por los altavoces. [&hellip;]","og_url":"https:\/\/noticiasya.com\/2025\/12\/04\/ansiedad-comunidad-somali-minneapolis-agentes-ice-trax\/","og_site_name":"Noticias","article_published_time":"2025-12-04T08:03:43+00:00","twitter_card":"summary_large_image","twitter_misc":{"Est. reading time":"8 minutos"},"schema":{"@context":"https:\/\/schema.org","@graph":[{"@type":"Article","@id":"https:\/\/noticiasya.com\/2025\/12\/04\/ansiedad-comunidad-somali-minneapolis-agentes-ice-trax\/#article","isPartOf":{"@id":"https:\/\/noticiasya.com\/2025\/12\/04\/ansiedad-comunidad-somali-minneapolis-agentes-ice-trax\/"},"author":{"name":"","@id":""},"headline":"La ansiedad se apodera de la comunidad somal\u00ed de Minneapolis mientras los agentes de ICE se centran en las Ciudades Gemelas","datePublished":"2025-12-04T08:03:43+00:00","mainEntityOfPage":{"@id":"https:\/\/noticiasya.com\/2025\/12\/04\/ansiedad-comunidad-somali-minneapolis-agentes-ice-trax\/"},"wordCount":1620,"commentCount":0,"publisher":{"@id":"https:\/\/noticiasya.com\/#organization"},"articleSection":["Noticias Nacionales"],"inLanguage":"es","potentialAction":[{"@type":"CommentAction","name":"Comment","target":["https:\/\/noticiasya.com\/2025\/12\/04\/ansiedad-comunidad-somali-minneapolis-agentes-ice-trax\/#respond"]}]},{"@type":"WebPage","@id":"https:\/\/noticiasya.com\/2025\/12\/04\/ansiedad-comunidad-somali-minneapolis-agentes-ice-trax\/","url":"https:\/\/noticiasya.com\/2025\/12\/04\/ansiedad-comunidad-somali-minneapolis-agentes-ice-trax\/","name":"La ansiedad se apodera de la comunidad somal\u00ed de Minneapolis mientras los agentes de ICE se centran en las Ciudades Gemelas - Noticias","isPartOf":{"@id":"https:\/\/noticiasya.com\/#website"},"datePublished":"2025-12-04T08:03:43+00:00","breadcrumb":{"@id":"https:\/\/noticiasya.com\/2025\/12\/04\/ansiedad-comunidad-somali-minneapolis-agentes-ice-trax\/#breadcrumb"},"inLanguage":"es","potentialAction":[{"@type":"ReadAction","target":["https:\/\/noticiasya.com\/2025\/12\/04\/ansiedad-comunidad-somali-minneapolis-agentes-ice-trax\/"]}]},{"@type":"BreadcrumbList","@id":"https:\/\/noticiasya.com\/2025\/12\/04\/ansiedad-comunidad-somali-minneapolis-agentes-ice-trax\/#breadcrumb","itemListElement":[{"@type":"ListItem","position":1,"name":"Home","item":"https:\/\/noticiasya.com\/"},{"@type":"ListItem","position":2,"name":"La ansiedad se apodera de la comunidad somal\u00ed de Minneapolis mientras los agentes de ICE se centran en las Ciudades Gemelas"}]},{"@type":"WebSite","@id":"https:\/\/noticiasya.com\/#website","url":"https:\/\/noticiasya.com\/","name":"Noticias","description":"Lo que importa","publisher":{"@id":"https:\/\/noticiasya.com\/#organization"},"potentialAction":[{"@type":"SearchAction","target":{"@type":"EntryPoint","urlTemplate":"https:\/\/noticiasya.com\/?s={search_term_string}"},"query-input":{"@type":"PropertyValueSpecification","valueRequired":true,"valueName":"search_term_string"}}],"inLanguage":"es"},{"@type":"Organization","@id":"https:\/\/noticiasya.com\/#organization","name":"Noticias","url":"https:\/\/noticiasya.com\/","logo":{"@type":"ImageObject","inLanguage":"es","@id":"https:\/\/noticiasya.com\/#\/schema\/logo\/image\/","url":"https:\/\/noticiasya.com\/wp-content\/uploads\/sites\/22\/2023\/12\/logo-nacional.png","contentUrl":"https:\/\/noticiasya.com\/wp-content\/uploads\/sites\/22\/2023\/12\/logo-nacional.png","width":1801,"height":691,"caption":"Noticias"},"image":{"@id":"https:\/\/noticiasya.com\/#\/schema\/logo\/image\/"}}]}},"parsely":{"version":"1.1.0","canonical_url":"https:\/\/noticiasya.com\/midland-odessa\/2025\/12\/04\/ansiedad-comunidad-somali-minneapolis-agentes-ice-trax\/","smart_links":{"inbound":0,"outbound":0},"traffic_boost_suggestions_count":0,"meta":{"@context":"https:\/\/schema.org","@type":"NewsArticle","headline":"La ansiedad se apodera de la comunidad somal\u00ed de Minneapolis mientras los agentes de ICE se centran en las Ciudades Gemelas","url":"http:\/\/noticiasya.com\/midland-odessa\/2025\/12\/04\/ansiedad-comunidad-somali-minneapolis-agentes-ice-trax\/","mainEntityOfPage":{"@type":"WebPage","@id":"http:\/\/noticiasya.com\/midland-odessa\/2025\/12\/04\/ansiedad-comunidad-somali-minneapolis-agentes-ice-trax\/"},"thumbnailUrl":"","image":{"@type":"ImageObject","url":""},"articleSection":"Noticias Nacionales","author":[],"creator":[],"publisher":{"@type":"Organization","name":"Noticias","logo":""},"keywords":[],"dateCreated":"2025-12-04T08:03:43Z","datePublished":"2025-12-04T08:03:43Z","dateModified":"2025-12-04T08:03:43Z"},"rendered":"<script type=\"application\/ld+json\" class=\"wp-parsely-metadata\">{\"@context\":\"https:\\\/\\\/schema.org\",\"@type\":\"NewsArticle\",\"headline\":\"La ansiedad se apodera de la comunidad somal\\u00ed de Minneapolis mientras los agentes de ICE se centran en las Ciudades Gemelas\",\"url\":\"http:\\\/\\\/noticiasya.com\\\/midland-odessa\\\/2025\\\/12\\\/04\\\/ansiedad-comunidad-somali-minneapolis-agentes-ice-trax\\\/\",\"mainEntityOfPage\":{\"@type\":\"WebPage\",\"@id\":\"http:\\\/\\\/noticiasya.com\\\/midland-odessa\\\/2025\\\/12\\\/04\\\/ansiedad-comunidad-somali-minneapolis-agentes-ice-trax\\\/\"},\"thumbnailUrl\":\"\",\"image\":{\"@type\":\"ImageObject\",\"url\":\"\"},\"articleSection\":\"Noticias Nacionales\",\"author\":[],\"creator\":[],\"publisher\":{\"@type\":\"Organization\",\"name\":\"Noticias\",\"logo\":\"\"},\"keywords\":[],\"dateCreated\":\"2025-12-04T08:03:43Z\",\"datePublished\":\"2025-12-04T08:03:43Z\",\"dateModified\":\"2025-12-04T08:03:43Z\"}<\/script>","tracker_url":"https:\/\/cdn.parsely.com\/keys\/noticiasya.com\/p.js"},"jetpack_featured_media_url":"","jetpack-related-posts":[{"id":1469786,"url":"https:\/\/noticiasya.com\/midland-odessa\/2026\/01\/04\/acoso-restaurante-somali-minneapolis-video-fraude-trax\/","url_meta":{"origin":1468952,"position":0},"title":"La comunidad somal\u00ed de Minneapolis se encuentra bajo asedio tras la difusi\u00f3n de un video viral en redes sociales","author":"","date":"enero 4, 2026","format":false,"excerpt":"El ambiente de hospitalidad en el restaurante Albi Kitchen, en Minneapolis, ha sido fracturado por el miedo. Fardowsa Ali, propietaria del establecimiento, denunci\u00f3 que el flujo constante de clientes que buscaban sus tradicionales sambusas ha desaparecido, siendo reemplazado por una ola de llamadas telef\u00f3nicas violentas y amenazas de vandalismo.La hostilidad\u2026","rel":"","context":"In &quot;Noticias Nacionales&quot;","block_context":{"text":"Noticias Nacionales","link":"https:\/\/noticiasya.com\/midland-odessa\/categoria\/noticias-nacionales"},"img":{"alt_text":"","src":"","width":0,"height":0},"classes":[]},{"id":1468916,"url":"https:\/\/noticiasya.com\/midland-odessa\/2025\/12\/03\/trump-migrantes-somalies-minnesota-trax\/","url_meta":{"origin":1468952,"position":1},"title":"Tras a\u00f1os de ataques de Trump contra somal\u00edes en Minnesota, ICE se centra en las Ciudades Gemelas","author":"","date":"diciembre 3, 2025","format":false,"excerpt":"Cuando se le pregunt\u00f3 al presidente Donald Trump sobre c\u00f3mo se sentir\u00edan los afganos que se encuentran legalmente en Estados Unidos sobre su decisi\u00f3n de pausar la emisi\u00f3n de visas para ellos despu\u00e9s de que el presunto atacante de los miembros de la Guardia Nacional fuera identificado como un ciudadano\u2026","rel":"","context":"In &quot;Noticias Nacionales&quot;","block_context":{"text":"Noticias Nacionales","link":"https:\/\/noticiasya.com\/midland-odessa\/categoria\/noticias-nacionales"},"img":{"alt_text":"","src":"","width":0,"height":0},"classes":[]},{"id":1470061,"url":"https:\/\/noticiasya.com\/midland-odessa\/2026\/01\/14\/convocan-audiencia-demanda-operacion-inmigratoria-trax\/","url_meta":{"origin":1468952,"position":2},"title":"Convocan audiencia sobre la demanda contra la operaci\u00f3n inmigratoria en las Ciudades Gemelas. Aqu\u00ed est\u00e1n las \u00faltimas noticias","author":"","date":"enero 14, 2026","format":false,"excerpt":"Se espera que este mi\u00e9rcoles se realice una audiencia sobre la demanda presentada por el estado de Minnesota y las Ciudades Gemelas, Minneapolis\u2013Saint Paul, impugnando la operaci\u00f3n de control de inmigraci\u00f3n de la administraci\u00f3n Trump, que la querella califica como \u201cuna invasi\u00f3n federal\u201d.La audiencia sigue a la renuncia de al\u2026","rel":"","context":"In &quot;Noticias Nacionales&quot;","block_context":{"text":"Noticias Nacionales","link":"https:\/\/noticiasya.com\/midland-odessa\/categoria\/noticias-nacionales"},"img":{"alt_text":"","src":"","width":0,"height":0},"classes":[]},{"id":1469813,"url":"https:\/\/noticiasya.com\/midland-odessa\/2026\/01\/05\/trump-ofensiva-ice-minnesota-escandalo-fraude-trax\/","url_meta":{"origin":1468952,"position":3},"title":"Trump planea una gran ofensiva de control inmigratorio en Minnesota en medio de un esc\u00e1ndalo de fraude de asistencia social","author":"","date":"enero 5, 2026","format":false,"excerpt":"El Gobierno de Donald Trump est\u00e1 desplegando alrededor de 2.000 agentes federales en Minneapolis como parte de una ofensiva de control inmigratorio tras un esc\u00e1ndalo de fraude de asistencia social en Minnesota, seg\u00fan informaron dos funcionarios.Altos funcionarios de Trump se han enfocado en Minnesota y su comunidad somal\u00ed tras acusaciones\u2026","rel":"","context":"In &quot;Noticias Nacionales&quot;","block_context":{"text":"Noticias Nacionales","link":"https:\/\/noticiasya.com\/midland-odessa\/categoria\/noticias-nacionales"},"img":{"alt_text":"","src":"","width":0,"height":0},"classes":[]},{"id":1470490,"url":"https:\/\/noticiasya.com\/midland-odessa\/2026\/01\/26\/movimientos-agentes-minneapolis-st-paul-imagenes-trax\/","url_meta":{"origin":1468952,"position":4},"title":"Los movimientos agresivos de agentes federales en Minneapolis y St. Paul, en im\u00e1genes","author":"","date":"enero 26, 2026","format":false,"excerpt":"Las tensiones son altas en Minneapolis despu\u00e9s de que un agente de Inmigraci\u00f3n y Control de Aduanas (ICE, por sus siglas en ingl\u00e9s) disparara fatalmente a Ren\u00e9e Good, una madre de tres hijos con 37 a\u00f1os de edad, dentro de su SUV a principios de este mes. Good fue asesinada\u2026","rel":"","context":"In &quot;Noticias Nacionales&quot;","block_context":{"text":"Noticias Nacionales","link":"https:\/\/noticiasya.com\/midland-odessa\/categoria\/noticias-nacionales"},"img":{"alt_text":"","src":"","width":0,"height":0},"classes":[]},{"id":1470030,"url":"https:\/\/noticiasya.com\/midland-odessa\/2026\/01\/13\/minnesota-illinois-demandan-gobierno-trump-inmigracion-trax\/","url_meta":{"origin":1468952,"position":5},"title":"Minnesota e Illinois demandan al Gobierno de Trump por operaciones de inmigraci\u00f3n. Principales afirmaciones de la querella","author":"","date":"enero 13, 2026","format":false,"excerpt":"Minnesota e Illinois presentaron demandas por separado este lunes contra la administraci\u00f3n Trump, argumentando que la represi\u00f3n inmigratoria del presidente est\u00e1 aterrorizando a sus comunidades y violando la Constituci\u00f3n.\u201cHemos visto con horror c\u00f3mo agentes federales sin control han atacado y aterrorizado agresivamente a nuestras comunidades y vecindarios en Illinois, socavando\u2026","rel":"","context":"In &quot;Noticias Nacionales&quot;","block_context":{"text":"Noticias Nacionales","link":"https:\/\/noticiasya.com\/midland-odessa\/categoria\/noticias-nacionales"},"img":{"alt_text":"","src":"","width":0,"height":0},"classes":[]}],"jetpack_sharing_enabled":true,"_links":{"self":[{"href":"https:\/\/noticiasya.com\/midland-odessa\/wp-json\/wp\/v2\/posts\/1468952","targetHints":{"allow":["GET"]}}],"collection":[{"href":"https:\/\/noticiasya.com\/midland-odessa\/wp-json\/wp\/v2\/posts"}],"about":[{"href":"https:\/\/noticiasya.com\/midland-odessa\/wp-json\/wp\/v2\/types\/post"}],"replies":[{"embeddable":true,"href":"https:\/\/noticiasya.com\/midland-odessa\/wp-json\/wp\/v2\/comments?post=1468952"}],"version-history":[{"count":0,"href":"https:\/\/noticiasya.com\/midland-odessa\/wp-json\/wp\/v2\/posts\/1468952\/revisions"}],"wp:attachment":[{"href":"https:\/\/noticiasya.com\/midland-odessa\/wp-json\/wp\/v2\/media?parent=1468952"}],"wp:term":[{"taxonomy":"category","embeddable":true,"href":"https:\/\/noticiasya.com\/midland-odessa\/wp-json\/wp\/v2\/categories?post=1468952"},{"taxonomy":"post_tag","embeddable":true,"href":"https:\/\/noticiasya.com\/midland-odessa\/wp-json\/wp\/v2\/tags?post=1468952"}],"curies":[{"name":"wp","href":"https:\/\/api.w.org\/{rel}","templated":true}]}}