{"id":1468959,"date":"2025-12-04T04:03:50","date_gmt":"2025-12-04T12:03:50","guid":{"rendered":"https:\/\/noticiasya.com\/2025\/12\/04\/new-york-times-demanda-hegseth-represion-prensa-pentagono-trax\/"},"modified":"2025-12-04T04:03:50","modified_gmt":"2025-12-04T12:03:50","slug":"new-york-times-demanda-hegseth-represion-prensa-pentagono-trax","status":"publish","type":"post","link":"https:\/\/noticiasya.com\/midland-odessa\/2025\/12\/04\/new-york-times-demanda-hegseth-represion-prensa-pentagono-trax\/","title":{"rendered":"El New York Times demanda a Hegseth por la represi\u00f3n a la prensa en el Pent\u00e1gono"},"content":{"rendered":"<p>El New York Times est\u00e1 demandando al Departamento de Defensa por las nuevas restricciones al acceso de la prensa en el Pent\u00e1gono.<\/p>\n<p>La querella, que se presentar\u00e1 en un tribunal federal en Washington, nombra al Departamento de Defensa, al Secretario de Defensa, Pete Hegseth, y al portavoz principal del Pent\u00e1gono, Sean Parnell, como acusados.<\/p>\n<p>La demanda busca la revocaci\u00f3n de una nueva pol\u00edtica, instituida en octubre, que llev\u00f3 a los periodistas del Pent\u00e1gono a tomar la decisi\u00f3n de entregar sus pases de prensa en lugar de firmar las restricciones.<\/p>\n<p>\u201cLa pol\u00edtica es un intento de ejercer control sobre la informaci\u00f3n que no le gusta al Gobierno, en violaci\u00f3n del derecho de la prensa libre a buscar informaci\u00f3n bajo sus derechos de la Primera y Quinta Enmienda protegidos por la Constituci\u00f3n\u201d, declar\u00f3 el portavoz del Times, Charlie Stadtlander.<\/p>\n<p>\u201cEl Times pretende defenderse en\u00e9rgicamente contra la violaci\u00f3n de estos derechos, tal como lo hemos hecho durante mucho tiempo durante administraciones que se oponen al escrutinio y la rendici\u00f3n de cuentas\u201d, a\u00f1adi\u00f3.<\/p>\n<p>Los abogados del New York Times buscan una declaraci\u00f3n de que la nueva pol\u00edtica es inconstitucional en su propia redacci\u00f3n y una orden judicial que proh\u00edba su aplicaci\u00f3n.<\/p>\n<p>Es probable que Hegseth y sus asesores se opongan, utilizando los mismos argumentos de seguridad nacional que acompa\u00f1aron las restricciones de octubre.<\/p>\n<p>Los l\u00edderes de la industria de los medios de comunicaci\u00f3n y otros cr\u00edticos de la nueva pol\u00edtica dijeron que la verdadera intenci\u00f3n de Hegseth es impedir la cobertura y el escrutinio independientes de la administraci\u00f3n Trump.<\/p>\n<p>A principios de esta semana, Hegseth dio la bienvenida a docenas de personas influyentes y creadores de contenido pro-Trump en el Pent\u00e1gono para sesiones de orientaci\u00f3n y conferencias de prensa.<\/p>\n<p>Los creadores de contenido, quienes aceptaron las nuevas restricciones que son el n\u00facleo de la demanda del Times, han sido presentados por el equipo de comunicaci\u00f3n de Hegseth como el \u201cnuevo cuerpo de prensa del Pent\u00e1gono\u201d, a pesar de la falta general de experiencia del grupo en reportajes sobre cuestiones militares.<\/p>\n<p>Mientras tanto, los periodistas veteranos que entregaron sus pases de prensa en octubre contin\u00faan informando sobre el Pent\u00e1gono desde fuera de sus cinco muros.<\/p>\n<p>Parnell afirm\u00f3 que esos periodistas \u201celigieron autodeportarse\u201d y \u201cno se les echar\u00e1 de menos\u201d.<\/p>\n<p>El secretario de prensa del Pent\u00e1gono, Kingsley Wilson, que no realiz\u00f3 ninguna conferencia de prensa frente a las c\u00e1maras cuando los periodistas a\u00fan estaban en el edificio, realiz\u00f3 alegremente el martes una para el \u201cnuevo\u201d cuerpo de prensa.<\/p>\n<p>Algunos periodistas, incluidos los del Times y CNN, pidieron asistir, pero no se les permiti\u00f3.<\/p>\n<p>La Asociaci\u00f3n de Prensa del Pent\u00e1gono, que representa a la mayor parte de los periodistas que se negaron a aceptar las nuevas restricciones, declar\u00f3 que se siente \u201calentada\u201d por el esfuerzo del Times de \u201cdar un paso adelante y defender la libertad de prensa\u201d.<\/p>\n<p>El Times se\u00f1al\u00f3 que docenas de medios de comunicaci\u00f3n han adoptado una postura colectiva contra las restricciones de acceso, incluidos medios conservadores como Fox News y Newsmax.<\/p>\n<p>Si bien The Times es el \u00fanico medio de comunicaci\u00f3n que est\u00e1 demandando, se espera que otras salas de redacci\u00f3n presenten informes en apoyo del caso, comentaron los abogados involucrados en el asunto.<\/p>\n<p>El Comit\u00e9 de Reporteros por la Libertad de Prensa se\u00f1al\u00f3 el jueves que prestar\u00eda su voz en apoyo.<\/p>\n<p>\u201cLa pol\u00edtica de acceso a la prensa del Pent\u00e1gono es ilegal porque otorga a los funcionarios gubernamentales un poder ilimitado sobre qui\u00e9n obtiene una credencial y qui\u00e9n no, algo que la Primera Enmienda proh\u00edbe\u201d, declar\u00f3 el vicepresidente de pol\u00edticas del comit\u00e9, Gabe Rottman, en un comunicado.<\/p>\n<p>Y agreg\u00f3: \u201cEl p\u00fablico necesita periodismo independiente y a los reporteros que lo transmiten en el Pent\u00e1gono en un momento de mayor escrutinio sobre las acciones del Departamento\u201d.<\/p>\n<p>The-CNN-Wire<br \/>&trade; &amp; &copy; 2025 Cable News Network, Inc., a Warner Bros. Discovery Company. All rights reserved.<\/p>\n","protected":false},"excerpt":{"rendered":"<p>El New York Times est\u00e1 demandando al Departamento de Defensa por las nuevas restricciones al acceso de la prensa en el Pent\u00e1gono. La querella, que se presentar\u00e1 en un tribunal federal en Washington, nombra al Departamento de Defensa, al Secretario de Defensa, Pete Hegseth, y al portavoz principal del Pent\u00e1gono, Sean Parnell, como acusados. La [&hellip;]<\/p>\n","protected":false},"author":0,"featured_media":0,"comment_status":"open","ping_status":"open","sticky":false,"template":"","format":"standard","meta":{"_jetpack_memberships_contains_paid_content":false,"footnotes":""},"categories":[10],"tags":[],"class_list":["post-1468959","post","type-post","status-publish","format-standard","hentry","category-noticias-nacionales","market-global"],"yoast_head":"<!-- This site is optimized with the Yoast SEO plugin v24.4 - https:\/\/yoast.com\/wordpress\/plugins\/seo\/ -->\n<title>El New York Times demanda a Hegseth por la represi\u00f3n a la prensa en el Pent\u00e1gono - Noticias<\/title>\n<meta name=\"robots\" content=\"index, follow, max-snippet:-1, max-image-preview:large, max-video-preview:-1\" \/>\n<link rel=\"canonical\" href=\"https:\/\/noticiasya.com\/2025\/12\/04\/new-york-times-demanda-hegseth-represion-prensa-pentagono-trax\/\" \/>\n<meta property=\"og:locale\" content=\"es_ES\" \/>\n<meta property=\"og:type\" content=\"article\" \/>\n<meta property=\"og:title\" content=\"El New York Times demanda a Hegseth por la represi\u00f3n a la prensa en el Pent\u00e1gono - Noticias\" \/>\n<meta property=\"og:description\" content=\"El New York Times est\u00e1 demandando al Departamento de Defensa por las nuevas restricciones al acceso de la prensa en el Pent\u00e1gono. La querella, que se presentar\u00e1 en un tribunal federal en Washington, nombra al Departamento de Defensa, al Secretario de Defensa, Pete Hegseth, y al portavoz principal del Pent\u00e1gono, Sean Parnell, como acusados. La [&hellip;]\" \/>\n<meta property=\"og:url\" content=\"https:\/\/noticiasya.com\/2025\/12\/04\/new-york-times-demanda-hegseth-represion-prensa-pentagono-trax\/\" \/>\n<meta property=\"og:site_name\" content=\"Noticias\" \/>\n<meta property=\"article:published_time\" content=\"2025-12-04T12:03:50+00:00\" \/>\n<meta name=\"twitter:card\" content=\"summary_large_image\" \/>\n<meta name=\"twitter:label1\" content=\"Est. reading time\" \/>\n\t<meta name=\"twitter:data1\" content=\"3 minutos\" \/>\n<script type=\"application\/ld+json\" class=\"yoast-schema-graph\">{\"@context\":\"https:\/\/schema.org\",\"@graph\":[{\"@type\":\"Article\",\"@id\":\"https:\/\/noticiasya.com\/2025\/12\/04\/new-york-times-demanda-hegseth-represion-prensa-pentagono-trax\/#article\",\"isPartOf\":{\"@id\":\"https:\/\/noticiasya.com\/2025\/12\/04\/new-york-times-demanda-hegseth-represion-prensa-pentagono-trax\/\"},\"author\":{\"name\":\"\",\"@id\":\"\"},\"headline\":\"El New York Times demanda a Hegseth por la represi\u00f3n a la prensa en el Pent\u00e1gono\",\"datePublished\":\"2025-12-04T12:03:50+00:00\",\"mainEntityOfPage\":{\"@id\":\"https:\/\/noticiasya.com\/2025\/12\/04\/new-york-times-demanda-hegseth-represion-prensa-pentagono-trax\/\"},\"wordCount\":710,\"commentCount\":0,\"publisher\":{\"@id\":\"https:\/\/noticiasya.com\/#organization\"},\"articleSection\":[\"Noticias Nacionales\"],\"inLanguage\":\"es\",\"potentialAction\":[{\"@type\":\"CommentAction\",\"name\":\"Comment\",\"target\":[\"https:\/\/noticiasya.com\/2025\/12\/04\/new-york-times-demanda-hegseth-represion-prensa-pentagono-trax\/#respond\"]}]},{\"@type\":\"WebPage\",\"@id\":\"https:\/\/noticiasya.com\/2025\/12\/04\/new-york-times-demanda-hegseth-represion-prensa-pentagono-trax\/\",\"url\":\"https:\/\/noticiasya.com\/2025\/12\/04\/new-york-times-demanda-hegseth-represion-prensa-pentagono-trax\/\",\"name\":\"El New York Times demanda a Hegseth por la represi\u00f3n a la prensa en el Pent\u00e1gono - Noticias\",\"isPartOf\":{\"@id\":\"https:\/\/noticiasya.com\/#website\"},\"datePublished\":\"2025-12-04T12:03:50+00:00\",\"breadcrumb\":{\"@id\":\"https:\/\/noticiasya.com\/2025\/12\/04\/new-york-times-demanda-hegseth-represion-prensa-pentagono-trax\/#breadcrumb\"},\"inLanguage\":\"es\",\"potentialAction\":[{\"@type\":\"ReadAction\",\"target\":[\"https:\/\/noticiasya.com\/2025\/12\/04\/new-york-times-demanda-hegseth-represion-prensa-pentagono-trax\/\"]}]},{\"@type\":\"BreadcrumbList\",\"@id\":\"https:\/\/noticiasya.com\/2025\/12\/04\/new-york-times-demanda-hegseth-represion-prensa-pentagono-trax\/#breadcrumb\",\"itemListElement\":[{\"@type\":\"ListItem\",\"position\":1,\"name\":\"Home\",\"item\":\"https:\/\/noticiasya.com\/\"},{\"@type\":\"ListItem\",\"position\":2,\"name\":\"El New York Times demanda a Hegseth por la represi\u00f3n a la prensa en el Pent\u00e1gono\"}]},{\"@type\":\"WebSite\",\"@id\":\"https:\/\/noticiasya.com\/#website\",\"url\":\"https:\/\/noticiasya.com\/\",\"name\":\"Noticias\",\"description\":\"Lo que importa\",\"publisher\":{\"@id\":\"https:\/\/noticiasya.com\/#organization\"},\"potentialAction\":[{\"@type\":\"SearchAction\",\"target\":{\"@type\":\"EntryPoint\",\"urlTemplate\":\"https:\/\/noticiasya.com\/?s={search_term_string}\"},\"query-input\":{\"@type\":\"PropertyValueSpecification\",\"valueRequired\":true,\"valueName\":\"search_term_string\"}}],\"inLanguage\":\"es\"},{\"@type\":\"Organization\",\"@id\":\"https:\/\/noticiasya.com\/#organization\",\"name\":\"Noticias\",\"url\":\"https:\/\/noticiasya.com\/\",\"logo\":{\"@type\":\"ImageObject\",\"inLanguage\":\"es\",\"@id\":\"https:\/\/noticiasya.com\/#\/schema\/logo\/image\/\",\"url\":\"https:\/\/noticiasya.com\/wp-content\/uploads\/sites\/22\/2023\/12\/logo-nacional.png\",\"contentUrl\":\"https:\/\/noticiasya.com\/wp-content\/uploads\/sites\/22\/2023\/12\/logo-nacional.png\",\"width\":1801,\"height\":691,\"caption\":\"Noticias\"},\"image\":{\"@id\":\"https:\/\/noticiasya.com\/#\/schema\/logo\/image\/\"}}]}<\/script>\n<!-- \/ Yoast SEO plugin. -->","yoast_head_json":{"title":"El New York Times demanda a Hegseth por la represi\u00f3n a la prensa en el Pent\u00e1gono - Noticias","robots":{"index":"index","follow":"follow","max-snippet":"max-snippet:-1","max-image-preview":"max-image-preview:large","max-video-preview":"max-video-preview:-1"},"canonical":"https:\/\/noticiasya.com\/2025\/12\/04\/new-york-times-demanda-hegseth-represion-prensa-pentagono-trax\/","og_locale":"es_ES","og_type":"article","og_title":"El New York Times demanda a Hegseth por la represi\u00f3n a la prensa en el Pent\u00e1gono - Noticias","og_description":"El New York Times est\u00e1 demandando al Departamento de Defensa por las nuevas restricciones al acceso de la prensa en el Pent\u00e1gono. La querella, que se presentar\u00e1 en un tribunal federal en Washington, nombra al Departamento de Defensa, al Secretario de Defensa, Pete Hegseth, y al portavoz principal del Pent\u00e1gono, Sean Parnell, como acusados. La [&hellip;]","og_url":"https:\/\/noticiasya.com\/2025\/12\/04\/new-york-times-demanda-hegseth-represion-prensa-pentagono-trax\/","og_site_name":"Noticias","article_published_time":"2025-12-04T12:03:50+00:00","twitter_card":"summary_large_image","twitter_misc":{"Est. reading time":"3 minutos"},"schema":{"@context":"https:\/\/schema.org","@graph":[{"@type":"Article","@id":"https:\/\/noticiasya.com\/2025\/12\/04\/new-york-times-demanda-hegseth-represion-prensa-pentagono-trax\/#article","isPartOf":{"@id":"https:\/\/noticiasya.com\/2025\/12\/04\/new-york-times-demanda-hegseth-represion-prensa-pentagono-trax\/"},"author":{"name":"","@id":""},"headline":"El New York Times demanda a Hegseth por la represi\u00f3n a la prensa en el Pent\u00e1gono","datePublished":"2025-12-04T12:03:50+00:00","mainEntityOfPage":{"@id":"https:\/\/noticiasya.com\/2025\/12\/04\/new-york-times-demanda-hegseth-represion-prensa-pentagono-trax\/"},"wordCount":710,"commentCount":0,"publisher":{"@id":"https:\/\/noticiasya.com\/#organization"},"articleSection":["Noticias Nacionales"],"inLanguage":"es","potentialAction":[{"@type":"CommentAction","name":"Comment","target":["https:\/\/noticiasya.com\/2025\/12\/04\/new-york-times-demanda-hegseth-represion-prensa-pentagono-trax\/#respond"]}]},{"@type":"WebPage","@id":"https:\/\/noticiasya.com\/2025\/12\/04\/new-york-times-demanda-hegseth-represion-prensa-pentagono-trax\/","url":"https:\/\/noticiasya.com\/2025\/12\/04\/new-york-times-demanda-hegseth-represion-prensa-pentagono-trax\/","name":"El New York Times demanda a Hegseth por la represi\u00f3n a la prensa en el Pent\u00e1gono - Noticias","isPartOf":{"@id":"https:\/\/noticiasya.com\/#website"},"datePublished":"2025-12-04T12:03:50+00:00","breadcrumb":{"@id":"https:\/\/noticiasya.com\/2025\/12\/04\/new-york-times-demanda-hegseth-represion-prensa-pentagono-trax\/#breadcrumb"},"inLanguage":"es","potentialAction":[{"@type":"ReadAction","target":["https:\/\/noticiasya.com\/2025\/12\/04\/new-york-times-demanda-hegseth-represion-prensa-pentagono-trax\/"]}]},{"@type":"BreadcrumbList","@id":"https:\/\/noticiasya.com\/2025\/12\/04\/new-york-times-demanda-hegseth-represion-prensa-pentagono-trax\/#breadcrumb","itemListElement":[{"@type":"ListItem","position":1,"name":"Home","item":"https:\/\/noticiasya.com\/"},{"@type":"ListItem","position":2,"name":"El New York Times demanda a Hegseth por la represi\u00f3n a la prensa en el Pent\u00e1gono"}]},{"@type":"WebSite","@id":"https:\/\/noticiasya.com\/#website","url":"https:\/\/noticiasya.com\/","name":"Noticias","description":"Lo que importa","publisher":{"@id":"https:\/\/noticiasya.com\/#organization"},"potentialAction":[{"@type":"SearchAction","target":{"@type":"EntryPoint","urlTemplate":"https:\/\/noticiasya.com\/?s={search_term_string}"},"query-input":{"@type":"PropertyValueSpecification","valueRequired":true,"valueName":"search_term_string"}}],"inLanguage":"es"},{"@type":"Organization","@id":"https:\/\/noticiasya.com\/#organization","name":"Noticias","url":"https:\/\/noticiasya.com\/","logo":{"@type":"ImageObject","inLanguage":"es","@id":"https:\/\/noticiasya.com\/#\/schema\/logo\/image\/","url":"https:\/\/noticiasya.com\/wp-content\/uploads\/sites\/22\/2023\/12\/logo-nacional.png","contentUrl":"https:\/\/noticiasya.com\/wp-content\/uploads\/sites\/22\/2023\/12\/logo-nacional.png","width":1801,"height":691,"caption":"Noticias"},"image":{"@id":"https:\/\/noticiasya.com\/#\/schema\/logo\/image\/"}}]}},"parsely":{"version":"1.1.0","canonical_url":"https:\/\/noticiasya.com\/midland-odessa\/2025\/12\/04\/new-york-times-demanda-hegseth-represion-prensa-pentagono-trax\/","smart_links":{"inbound":0,"outbound":0},"traffic_boost_suggestions_count":0,"meta":{"@context":"https:\/\/schema.org","@type":"NewsArticle","headline":"El New York Times demanda a Hegseth por la represi\u00f3n a la prensa en el Pent\u00e1gono","url":"http:\/\/noticiasya.com\/midland-odessa\/2025\/12\/04\/new-york-times-demanda-hegseth-represion-prensa-pentagono-trax\/","mainEntityOfPage":{"@type":"WebPage","@id":"http:\/\/noticiasya.com\/midland-odessa\/2025\/12\/04\/new-york-times-demanda-hegseth-represion-prensa-pentagono-trax\/"},"thumbnailUrl":"","image":{"@type":"ImageObject","url":""},"articleSection":"Noticias Nacionales","author":[],"creator":[],"publisher":{"@type":"Organization","name":"Noticias","logo":""},"keywords":[],"dateCreated":"2025-12-04T12:03:50Z","datePublished":"2025-12-04T12:03:50Z","dateModified":"2025-12-04T12:03:50Z"},"rendered":"<script type=\"application\/ld+json\" class=\"wp-parsely-metadata\">{\"@context\":\"https:\\\/\\\/schema.org\",\"@type\":\"NewsArticle\",\"headline\":\"El New York Times demanda a Hegseth por la represi\\u00f3n a la prensa en el Pent\\u00e1gono\",\"url\":\"http:\\\/\\\/noticiasya.com\\\/midland-odessa\\\/2025\\\/12\\\/04\\\/new-york-times-demanda-hegseth-represion-prensa-pentagono-trax\\\/\",\"mainEntityOfPage\":{\"@type\":\"WebPage\",\"@id\":\"http:\\\/\\\/noticiasya.com\\\/midland-odessa\\\/2025\\\/12\\\/04\\\/new-york-times-demanda-hegseth-represion-prensa-pentagono-trax\\\/\"},\"thumbnailUrl\":\"\",\"image\":{\"@type\":\"ImageObject\",\"url\":\"\"},\"articleSection\":\"Noticias Nacionales\",\"author\":[],\"creator\":[],\"publisher\":{\"@type\":\"Organization\",\"name\":\"Noticias\",\"logo\":\"\"},\"keywords\":[],\"dateCreated\":\"2025-12-04T12:03:50Z\",\"datePublished\":\"2025-12-04T12:03:50Z\",\"dateModified\":\"2025-12-04T12:03:50Z\"}<\/script>","tracker_url":"https:\/\/cdn.parsely.com\/keys\/noticiasya.com\/p.js"},"jetpack_featured_media_url":"","jetpack-related-posts":[{"id":1462764,"url":"https:\/\/noticiasya.com\/midland-odessa\/2025\/05\/24\/prensa-pentagono-restricciones-secretario-defensa-ataque-trax\/","url_meta":{"origin":1468959,"position":0},"title":"La Asociaci\u00f3n de Prensa del Pent\u00e1gono califica como &#171;un ataque directo&#187; las restricciones de acceso del secretario de Defensa","author":"","date":"mayo 24, 2025","format":false,"excerpt":"Periodistas que cubren las Fuerzas Armadas de Estados Unidos dicen estar sumamente preocupados por las restricciones impuestas por el secretario de Defensa, Pete Hegseth, al acceso de la prensa en el Pent\u00e1gono. Afirman que las nuevas restricciones, anunciadas el viernes por la noche, parecen ser \u201cun ataque directo a la\u2026","rel":"","context":"In &quot;Noticias Nacionales&quot;","block_context":{"text":"Noticias Nacionales","link":"https:\/\/noticiasya.com\/midland-odessa\/categoria\/noticias-nacionales"},"img":{"alt_text":"","src":"","width":0,"height":0},"classes":[]},{"id":1472432,"url":"https:\/\/noticiasya.com\/midland-odessa\/2026\/03\/21\/pentagono-prensa-fuerte-resistencia-analisis-trax\/","url_meta":{"origin":1468959,"position":1},"title":"La ofensiva del Pent\u00e1gono contra la prensa encuentra una fuerte resistencia","author":"","date":"marzo 21, 2026","format":false,"excerpt":"El secretario de Defensa, Pete Hegseth, ha tomado medidas para obstaculizar la cobertura informativa del Pent\u00e1gono durante m\u00e1s de un a\u00f1o. Ahora, por fin, ha encontrado cierta resistencia.El fallo del viernes de un juez federal que anul\u00f3 las restricciones de prensa del Pent\u00e1gono fue celebrado por la organizaci\u00f3n de noticias\u2026","rel":"","context":"In &quot;Noticias Nacionales&quot;","block_context":{"text":"Noticias Nacionales","link":"https:\/\/noticiasya.com\/midland-odessa\/categoria\/noticias-nacionales"},"img":{"alt_text":"","src":"","width":0,"height":0},"classes":[]},{"id":1463060,"url":"https:\/\/noticiasya.com\/midland-odessa\/2025\/05\/31\/corresponsal-pentagono-maga-despedida-criticar-hegseth-trax\/","url_meta":{"origin":1468959,"position":2},"title":"Corresponsal del Pent\u00e1gono de un medio MAGA dice que fue despedida tras criticar a Pete Hegseth","author":"","date":"mayo 31, 2025","format":false,"excerpt":"Gabrielle Cuccia critic\u00f3 la represi\u00f3n del secretario de Defensa, Pete Hegseth, sobre el acceso de la prensa en el Pent\u00e1gono. Y luego, seg\u00fan ella, fue despedida.Cuccia fue durante un breve periodo la corresponsal principal en el Pent\u00e1gono para el peque\u00f1o canal de televisi\u00f3n One America News (OAN), ac\u00e9rrimamente pro-Trump.Autodenominada \u201cchica\u2026","rel":"","context":"In &quot;Noticias Nacionales&quot;","block_context":{"text":"Noticias Nacionales","link":"https:\/\/noticiasya.com\/midland-odessa\/categoria\/noticias-nacionales"},"img":{"alt_text":"","src":"","width":0,"height":0},"classes":[]},{"id":1471933,"url":"https:\/\/noticiasya.com\/midland-odessa\/2026\/03\/06\/prensa-caja-negra-pentagono-guerra-iran-trax\/","url_meta":{"origin":1468959,"position":3},"title":"La prensa en EE.UU. se enfrenta a una &#171;caja negra&#187; del Pent\u00e1gono sobre la guerra con Ir\u00e1n","author":"","date":"marzo 6, 2026","format":false,"excerpt":"La conferencia de prensa de este mi\u00e9rcoles en el Pent\u00e1gono a cargo del secretario de Defensa de EE.UU., Pete Hegseth, y del general Dan Caine dio al menos la apariencia de transparencia.Pero los l\u00edderes militares en su mayor\u00eda recibieron un trato con guantes de seda por parte de los medios\u2026","rel":"","context":"In &quot;Noticias Nacionales&quot;","block_context":{"text":"Noticias Nacionales","link":"https:\/\/noticiasya.com\/midland-odessa\/categoria\/noticias-nacionales"},"img":{"alt_text":"","src":"","width":0,"height":0},"classes":[]},{"id":1472596,"url":"https:\/\/noticiasya.com\/midland-odessa\/2026\/03\/26\/jueza-bloquea-pentagono-castigar-anthropic-trax\/","url_meta":{"origin":1468959,"position":4},"title":"Jueza bloquea el esfuerzo del Pent\u00e1gono por &#171;castigar&#187; a Anthropic al catalogarla como un riesgo para la cadena de suministro","author":"","date":"marzo 26, 2026","format":false,"excerpt":"Una jueza federal en California bloque\u00f3 indefinidamente el esfuerzo del Pent\u00e1gono por \u201ccastigar\u201d a Anthropic al etiquetarla como un riesgo para la cadena de suministro e intentar cortar los v\u00ednculos del Gobierno con la empresa de Inteligencia Artificial (IA), al dictaminar que esas medidas atropellaban sus derechos constitucionales.\u201cNada en la\u2026","rel":"","context":"In &quot;Noticias Nacionales&quot;","block_context":{"text":"Noticias Nacionales","link":"https:\/\/noticiasya.com\/midland-odessa\/categoria\/noticias-nacionales"},"img":{"alt_text":"","src":"","width":0,"height":0},"classes":[]},{"id":1464346,"url":"https:\/\/noticiasya.com\/midland-odessa\/2025\/07\/09\/hegseth-casa-blanca-ucrania-pausa-armas-trax\/","url_meta":{"origin":1468959,"position":5},"title":"Hegseth no inform\u00f3 a la Casa Blanca antes de autorizar una pausa en los env\u00edos de armas a Ucrania, dicen las fuentes","author":"","date":"julio 9, 2025","format":false,"excerpt":"El secretario de Defensa, Pete Hegseth, no inform\u00f3 a la Casa Blanca antes de autorizar una pausa en los env\u00edos de armas a Ucrania la semana pasada, seg\u00fan cinco fuentes familiarizadas con el asunto, lo que desencaden\u00f3 una lucha dentro de la administraci\u00f3n para entender por qu\u00e9 se implement\u00f3 la\u2026","rel":"","context":"In &quot;Noticias Nacionales&quot;","block_context":{"text":"Noticias Nacionales","link":"https:\/\/noticiasya.com\/midland-odessa\/categoria\/noticias-nacionales"},"img":{"alt_text":"","src":"","width":0,"height":0},"classes":[]}],"jetpack_sharing_enabled":true,"_links":{"self":[{"href":"https:\/\/noticiasya.com\/midland-odessa\/wp-json\/wp\/v2\/posts\/1468959","targetHints":{"allow":["GET"]}}],"collection":[{"href":"https:\/\/noticiasya.com\/midland-odessa\/wp-json\/wp\/v2\/posts"}],"about":[{"href":"https:\/\/noticiasya.com\/midland-odessa\/wp-json\/wp\/v2\/types\/post"}],"replies":[{"embeddable":true,"href":"https:\/\/noticiasya.com\/midland-odessa\/wp-json\/wp\/v2\/comments?post=1468959"}],"version-history":[{"count":0,"href":"https:\/\/noticiasya.com\/midland-odessa\/wp-json\/wp\/v2\/posts\/1468959\/revisions"}],"wp:attachment":[{"href":"https:\/\/noticiasya.com\/midland-odessa\/wp-json\/wp\/v2\/media?parent=1468959"}],"wp:term":[{"taxonomy":"category","embeddable":true,"href":"https:\/\/noticiasya.com\/midland-odessa\/wp-json\/wp\/v2\/categories?post=1468959"},{"taxonomy":"post_tag","embeddable":true,"href":"https:\/\/noticiasya.com\/midland-odessa\/wp-json\/wp\/v2\/tags?post=1468959"}],"curies":[{"name":"wp","href":"https:\/\/api.w.org\/{rel}","templated":true}]}}