{"id":1468961,"date":"2025-12-04T06:03:49","date_gmt":"2025-12-04T14:03:49","guid":{"rendered":"https:\/\/noticiasya.com\/2025\/12\/04\/que-es-q-pop-peru-orix\/"},"modified":"2025-12-04T06:03:49","modified_gmt":"2025-12-04T14:03:49","slug":"que-es-q-pop-peru-orix","status":"publish","type":"post","link":"https:\/\/noticiasya.com\/midland-odessa\/2025\/12\/04\/que-es-q-pop-peru-orix\/","title":{"rendered":"\u00bfQu\u00e9 es el Q-pop, la m\u00fasica que mezcla el quechua con el estilo de las bandas de K-pop?"},"content":{"rendered":"<p>M\u00e1s de 10 millones de personas hablan quechua, seg\u00fan la <a href=\"https:\/\/amlq.org.pe\/\">Academia Mayor de la Lengua Quechua<\/a>, fundada en Cusco, Per\u00fa, en 1990. Es el idioma ind\u00edgena m\u00e1s hablado en Am\u00e9rica. De all\u00ed que no sorprenda que haya surgido el fen\u00f3meno musical llamado Q-pop, que emplea el ritmo y estilo del K-pop de Corea del Sur, pero con letras en quechua.<\/p>\n<p>J\u00f3venes en Per\u00fa, Bolivia, Ecuador y partes de Chile y Argentina hablan quechua, una lengua sustancial de la cultura andina en Sudam\u00e9rica. Y hasta all\u00ed ha llegado la influencia del g\u00e9nero K-pop, que, seg\u00fan un <a href=\"https:\/\/zipdo.co\/kpop-statistics\/\">reporte<\/a> de 2025, es una industria de alcance global con un valor de mercado de US$ 14.000 millones.<\/p>\n<p>En <a href=\"https:\/\/luminatedata.com\/blog\/mapping-out-k-pops-global-dominance\/\">cifras de 2022<\/a>, el contenido generado por el Top 100 de los artistas de K-Pop alcanz\u00f3 90.400 millones de reproducciones de audio y video. BTS, la banda m\u00e1s famosa de K-pop, ha vendido <a href=\"https:\/\/zipdo.co\/kpop-statistics\/\">m\u00e1s de 50 millones<\/a> de \u00e1lbumes en todo el mundo. En el resumen Spotify Wrapped 2025, BTS lider\u00f3 la <a href=\"https:\/\/www.chosun.com\/english\/kpop-culture-en\/2025\/12\/04\/4RIK4AWYCNGY7D4NT2WENE35SQ\/\">lista global de art\u00edstas de K-pop<\/a> con m\u00e1s reproducciones, seguidos por Stray Kids, Jennie, Ros\u00e9, Huntr\/X, Twice, Blackpink, Jungkook, Enhypen y Katseye.<\/p>\n<p>Es all\u00ed donde entra <a href=\"https:\/\/www.youtube.com\/@leninoficial\">Lenin Tamayo<\/a>, de 25 a\u00f1os, pionero del movimiento Q-pop. Naci\u00f3 en Lima, Per\u00fa, en el 2000, y es hijo de la cantante folcl\u00f3rica <a href=\"https:\/\/www.youtube.com\/@yolandapinaresoficial\">Yolanda Pinares<\/a>. Sus canciones est\u00e1n cantadas en quechua, pero apoyadas en las coreograf\u00edas y ritmos propios de las bandas de K-pop.<\/p>\n<p>Tamayo se hizo famoso en 2022 cuando una de sus canciones alcanz\u00f3 los 4,4 millones de \u201cMe gusta\u201d <a href=\"https:\/\/www.tiktok.com\/@lenintamayoqpop\">en TikTok<\/a>. En 2023 lanz\u00f3 su primer \u00e1lbum digital, titulado \u201cAmaru\u201d, que significa \u201cserpiente\u201d en quechua. La originalidad de su propuesta lo llev\u00f3 a ser <a href=\"https:\/\/www.latimes.com\/espanol\/entretenimiento\/articulo\/2023-08-10\/conoce-a-lenin-tamayo-el-fenomeno-de-redes-sociales-que-fusiona-quechua-y-k-pop\">entrevistado<\/a> por Los Angeles Times y a emprender una modesta gira por Corea del Sur, India, Tailandia y Vietnam, de la que emergi\u00f3 con un <a href=\"https:\/\/www.rfi.fr\/es\/cultura\/20250711-el-q-pop-de-lenin-tamayo-una-fusi%C3%B3n-entre-ritmos-andinos-quechua-y-k-pop\">contrato del sello Hybe<\/a>, el m\u00e1s importante del K-pop, el mismo de la banda coreana BTS. Hacer m\u00fasica en su lengua materna \u201cayuda a abrazar las ra\u00edces pero, sin ser ajeno a la modernidad y la globalizaci\u00f3n\u201d, dijo Tamayo en una entrevista a The Associated Press.<\/p>\n<p>Aunque Tamayo tambi\u00e9n canta en espa\u00f1ol, en una entrevista con <a href=\"https:\/\/www.bbc.com\/mundo\/articles\/cz5ejp5gyxro\">BBC<\/a> reivindic\u00f3 el uso del quechua en su m\u00fasica: \u201c(En el quechua) las cosas significan lo que est\u00e1s diciendo, no hay doble sentido. Es pensamiento concreto. Por eso en el quechua hablamos de emociones y hacemos relaciones directas con la naturaleza. En cambio, con el espa\u00f1ol puedes enga\u00f1ar con las palabras. Por eso digo que es embaucador, mientras que el quechua es directo, sin hipocres\u00edas\u201d, dijo.<\/p>\n<p>En una entrevista con la <a href=\"https:\/\/www.npr.org\/2024\/08\/30\/nx-s1-5095203\/quechua-pop-hip-hop-and-trap-are-getting-attention-beyond-south-america\">National Public Radio<\/a> (NPR, por sus siglas en ingl\u00e9s), la directora peruana residente en Nueva York <a href=\"https:\/\/www.imdb.com\/name\/nm11752391\/\">Sisa Quispe<\/a>, explic\u00f3 la relaci\u00f3n del quechua con la m\u00fasica: \u201cLa belleza del quechua es que es una lengua oral. Y es a trav\u00e9s de las canciones que llegamos a conocer m\u00e1s sobre partes de la historia. As\u00ed que cantar, bailar y tocar m\u00fasica es muy importante en la cultura quechua porque ayuda a preservar la cultura\u201d.<\/p>\n<p>Quispe cita en esta entrevista como inspiraci\u00f3n a la cantante <a href=\"https:\/\/www.youtube.com\/@RenataFloresRivera\/videos\">Renata Flores<\/a>, de 24 a\u00f1os, quien canta hip hop y rape en quechua. \u201cElla es de Ayacucho, una peque\u00f1a y muy fuerte ciudad de los Andes en Per\u00fa. Y comenz\u00f3 a cantar una versi\u00f3n que hizo de la canci\u00f3n \u2018The Way You Make Me Feel\u2019 de Michael Jackson\u201d.<\/p>\n<p>Sea Q-pop o Q-rap, los expertos coinciden en que un pionero de la fusi\u00f3n del quechua con g\u00e9neros como el hip-hop es el cantante peruano conocido como <a href=\"https:\/\/www.youtube.com\/channel\/UCEeqpXw3rz0HdXHT9-rpDsA\">Liberato Kani<\/a>, de 32 a\u00f1os. Nacido en Lima, su nombre real es Ricardo Flores Carrasco. En 2014 form\u00f3 parte del grupo de hip hop Quinta Rima, criticado por algunos por usar instrumentos t\u00edpicos de la cultura andina como la zampo\u00f1a y el charango con ritmos contempor\u00e1neos.<\/p>\n<p>\u201cEs una forma de promover nuestro idioma y tambi\u00e9n romper con este estereotipo de que el quechua no es considerado un idioma, que no es algo de lo que uno se sienta orgulloso de hablar y que el quechua es para la clase baja. Est\u00e1n enviando un mensaje, y es un mensaje de empoderamiento\u201d, a\u00f1adi\u00f3 Quispe.<\/p>\n<p>The-CNN-Wire<br \/>&trade; &amp; &copy; 2025 Cable News Network, Inc., a Warner Bros. Discovery Company. All rights reserved.<\/p>\n","protected":false},"excerpt":{"rendered":"<p>M\u00e1s de 10 millones de personas hablan quechua, seg\u00fan la Academia Mayor de la Lengua Quechua, fundada en Cusco, Per\u00fa, en 1990. Es el idioma ind\u00edgena m\u00e1s hablado en Am\u00e9rica. De all\u00ed que no sorprenda que haya surgido el fen\u00f3meno musical llamado Q-pop, que emplea el ritmo y estilo del K-pop de Corea del Sur, [&hellip;]<\/p>\n","protected":false},"author":0,"featured_media":0,"comment_status":"open","ping_status":"open","sticky":false,"template":"","format":"standard","meta":{"_jetpack_memberships_contains_paid_content":false,"footnotes":""},"categories":[10],"tags":[],"class_list":["post-1468961","post","type-post","status-publish","format-standard","hentry","category-noticias-nacionales","market-global"],"yoast_head":"<!-- This site is optimized with the Yoast SEO plugin v24.4 - https:\/\/yoast.com\/wordpress\/plugins\/seo\/ -->\n<title>\u00bfQu\u00e9 es el Q-pop, la m\u00fasica que mezcla el quechua con el estilo de las bandas de K-pop? - Noticias<\/title>\n<meta name=\"robots\" content=\"index, follow, max-snippet:-1, max-image-preview:large, max-video-preview:-1\" \/>\n<link rel=\"canonical\" href=\"https:\/\/noticiasya.com\/2025\/12\/04\/que-es-q-pop-peru-orix\/\" \/>\n<meta property=\"og:locale\" content=\"es_ES\" \/>\n<meta property=\"og:type\" content=\"article\" \/>\n<meta property=\"og:title\" content=\"\u00bfQu\u00e9 es el Q-pop, la m\u00fasica que mezcla el quechua con el estilo de las bandas de K-pop? - Noticias\" \/>\n<meta property=\"og:description\" content=\"M\u00e1s de 10 millones de personas hablan quechua, seg\u00fan la Academia Mayor de la Lengua Quechua, fundada en Cusco, Per\u00fa, en 1990. Es el idioma ind\u00edgena m\u00e1s hablado en Am\u00e9rica. De all\u00ed que no sorprenda que haya surgido el fen\u00f3meno musical llamado Q-pop, que emplea el ritmo y estilo del K-pop de Corea del Sur, [&hellip;]\" \/>\n<meta property=\"og:url\" content=\"https:\/\/noticiasya.com\/2025\/12\/04\/que-es-q-pop-peru-orix\/\" \/>\n<meta property=\"og:site_name\" content=\"Noticias\" \/>\n<meta property=\"article:published_time\" content=\"2025-12-04T14:03:49+00:00\" \/>\n<meta name=\"twitter:card\" content=\"summary_large_image\" \/>\n<meta name=\"twitter:label1\" content=\"Est. reading time\" \/>\n\t<meta name=\"twitter:data1\" content=\"4 minutos\" \/>\n<script type=\"application\/ld+json\" class=\"yoast-schema-graph\">{\"@context\":\"https:\/\/schema.org\",\"@graph\":[{\"@type\":\"Article\",\"@id\":\"https:\/\/noticiasya.com\/2025\/12\/04\/que-es-q-pop-peru-orix\/#article\",\"isPartOf\":{\"@id\":\"https:\/\/noticiasya.com\/2025\/12\/04\/que-es-q-pop-peru-orix\/\"},\"author\":{\"name\":\"\",\"@id\":\"\"},\"headline\":\"\u00bfQu\u00e9 es el Q-pop, la m\u00fasica que mezcla el quechua con el estilo de las bandas de K-pop?\",\"datePublished\":\"2025-12-04T14:03:49+00:00\",\"mainEntityOfPage\":{\"@id\":\"https:\/\/noticiasya.com\/2025\/12\/04\/que-es-q-pop-peru-orix\/\"},\"wordCount\":759,\"commentCount\":0,\"publisher\":{\"@id\":\"https:\/\/noticiasya.com\/#organization\"},\"articleSection\":[\"Noticias Nacionales\"],\"inLanguage\":\"es\",\"potentialAction\":[{\"@type\":\"CommentAction\",\"name\":\"Comment\",\"target\":[\"https:\/\/noticiasya.com\/2025\/12\/04\/que-es-q-pop-peru-orix\/#respond\"]}]},{\"@type\":\"WebPage\",\"@id\":\"https:\/\/noticiasya.com\/2025\/12\/04\/que-es-q-pop-peru-orix\/\",\"url\":\"https:\/\/noticiasya.com\/2025\/12\/04\/que-es-q-pop-peru-orix\/\",\"name\":\"\u00bfQu\u00e9 es el Q-pop, la m\u00fasica que mezcla el quechua con el estilo de las bandas de K-pop? - Noticias\",\"isPartOf\":{\"@id\":\"https:\/\/noticiasya.com\/#website\"},\"datePublished\":\"2025-12-04T14:03:49+00:00\",\"breadcrumb\":{\"@id\":\"https:\/\/noticiasya.com\/2025\/12\/04\/que-es-q-pop-peru-orix\/#breadcrumb\"},\"inLanguage\":\"es\",\"potentialAction\":[{\"@type\":\"ReadAction\",\"target\":[\"https:\/\/noticiasya.com\/2025\/12\/04\/que-es-q-pop-peru-orix\/\"]}]},{\"@type\":\"BreadcrumbList\",\"@id\":\"https:\/\/noticiasya.com\/2025\/12\/04\/que-es-q-pop-peru-orix\/#breadcrumb\",\"itemListElement\":[{\"@type\":\"ListItem\",\"position\":1,\"name\":\"Home\",\"item\":\"https:\/\/noticiasya.com\/\"},{\"@type\":\"ListItem\",\"position\":2,\"name\":\"\u00bfQu\u00e9 es el Q-pop, la m\u00fasica que mezcla el quechua con el estilo de las bandas de K-pop?\"}]},{\"@type\":\"WebSite\",\"@id\":\"https:\/\/noticiasya.com\/#website\",\"url\":\"https:\/\/noticiasya.com\/\",\"name\":\"Noticias\",\"description\":\"Lo que importa\",\"publisher\":{\"@id\":\"https:\/\/noticiasya.com\/#organization\"},\"potentialAction\":[{\"@type\":\"SearchAction\",\"target\":{\"@type\":\"EntryPoint\",\"urlTemplate\":\"https:\/\/noticiasya.com\/?s={search_term_string}\"},\"query-input\":{\"@type\":\"PropertyValueSpecification\",\"valueRequired\":true,\"valueName\":\"search_term_string\"}}],\"inLanguage\":\"es\"},{\"@type\":\"Organization\",\"@id\":\"https:\/\/noticiasya.com\/#organization\",\"name\":\"Noticias\",\"url\":\"https:\/\/noticiasya.com\/\",\"logo\":{\"@type\":\"ImageObject\",\"inLanguage\":\"es\",\"@id\":\"https:\/\/noticiasya.com\/#\/schema\/logo\/image\/\",\"url\":\"https:\/\/noticiasya.com\/wp-content\/uploads\/sites\/22\/2023\/12\/logo-nacional.png\",\"contentUrl\":\"https:\/\/noticiasya.com\/wp-content\/uploads\/sites\/22\/2023\/12\/logo-nacional.png\",\"width\":1801,\"height\":691,\"caption\":\"Noticias\"},\"image\":{\"@id\":\"https:\/\/noticiasya.com\/#\/schema\/logo\/image\/\"}}]}<\/script>\n<!-- \/ Yoast SEO plugin. -->","yoast_head_json":{"title":"\u00bfQu\u00e9 es el Q-pop, la m\u00fasica que mezcla el quechua con el estilo de las bandas de K-pop? - Noticias","robots":{"index":"index","follow":"follow","max-snippet":"max-snippet:-1","max-image-preview":"max-image-preview:large","max-video-preview":"max-video-preview:-1"},"canonical":"https:\/\/noticiasya.com\/2025\/12\/04\/que-es-q-pop-peru-orix\/","og_locale":"es_ES","og_type":"article","og_title":"\u00bfQu\u00e9 es el Q-pop, la m\u00fasica que mezcla el quechua con el estilo de las bandas de K-pop? - Noticias","og_description":"M\u00e1s de 10 millones de personas hablan quechua, seg\u00fan la Academia Mayor de la Lengua Quechua, fundada en Cusco, Per\u00fa, en 1990. Es el idioma ind\u00edgena m\u00e1s hablado en Am\u00e9rica. De all\u00ed que no sorprenda que haya surgido el fen\u00f3meno musical llamado Q-pop, que emplea el ritmo y estilo del K-pop de Corea del Sur, [&hellip;]","og_url":"https:\/\/noticiasya.com\/2025\/12\/04\/que-es-q-pop-peru-orix\/","og_site_name":"Noticias","article_published_time":"2025-12-04T14:03:49+00:00","twitter_card":"summary_large_image","twitter_misc":{"Est. reading time":"4 minutos"},"schema":{"@context":"https:\/\/schema.org","@graph":[{"@type":"Article","@id":"https:\/\/noticiasya.com\/2025\/12\/04\/que-es-q-pop-peru-orix\/#article","isPartOf":{"@id":"https:\/\/noticiasya.com\/2025\/12\/04\/que-es-q-pop-peru-orix\/"},"author":{"name":"","@id":""},"headline":"\u00bfQu\u00e9 es el Q-pop, la m\u00fasica que mezcla el quechua con el estilo de las bandas de K-pop?","datePublished":"2025-12-04T14:03:49+00:00","mainEntityOfPage":{"@id":"https:\/\/noticiasya.com\/2025\/12\/04\/que-es-q-pop-peru-orix\/"},"wordCount":759,"commentCount":0,"publisher":{"@id":"https:\/\/noticiasya.com\/#organization"},"articleSection":["Noticias Nacionales"],"inLanguage":"es","potentialAction":[{"@type":"CommentAction","name":"Comment","target":["https:\/\/noticiasya.com\/2025\/12\/04\/que-es-q-pop-peru-orix\/#respond"]}]},{"@type":"WebPage","@id":"https:\/\/noticiasya.com\/2025\/12\/04\/que-es-q-pop-peru-orix\/","url":"https:\/\/noticiasya.com\/2025\/12\/04\/que-es-q-pop-peru-orix\/","name":"\u00bfQu\u00e9 es el Q-pop, la m\u00fasica que mezcla el quechua con el estilo de las bandas de K-pop? - Noticias","isPartOf":{"@id":"https:\/\/noticiasya.com\/#website"},"datePublished":"2025-12-04T14:03:49+00:00","breadcrumb":{"@id":"https:\/\/noticiasya.com\/2025\/12\/04\/que-es-q-pop-peru-orix\/#breadcrumb"},"inLanguage":"es","potentialAction":[{"@type":"ReadAction","target":["https:\/\/noticiasya.com\/2025\/12\/04\/que-es-q-pop-peru-orix\/"]}]},{"@type":"BreadcrumbList","@id":"https:\/\/noticiasya.com\/2025\/12\/04\/que-es-q-pop-peru-orix\/#breadcrumb","itemListElement":[{"@type":"ListItem","position":1,"name":"Home","item":"https:\/\/noticiasya.com\/"},{"@type":"ListItem","position":2,"name":"\u00bfQu\u00e9 es el Q-pop, la m\u00fasica que mezcla el quechua con el estilo de las bandas de K-pop?"}]},{"@type":"WebSite","@id":"https:\/\/noticiasya.com\/#website","url":"https:\/\/noticiasya.com\/","name":"Noticias","description":"Lo que importa","publisher":{"@id":"https:\/\/noticiasya.com\/#organization"},"potentialAction":[{"@type":"SearchAction","target":{"@type":"EntryPoint","urlTemplate":"https:\/\/noticiasya.com\/?s={search_term_string}"},"query-input":{"@type":"PropertyValueSpecification","valueRequired":true,"valueName":"search_term_string"}}],"inLanguage":"es"},{"@type":"Organization","@id":"https:\/\/noticiasya.com\/#organization","name":"Noticias","url":"https:\/\/noticiasya.com\/","logo":{"@type":"ImageObject","inLanguage":"es","@id":"https:\/\/noticiasya.com\/#\/schema\/logo\/image\/","url":"https:\/\/noticiasya.com\/wp-content\/uploads\/sites\/22\/2023\/12\/logo-nacional.png","contentUrl":"https:\/\/noticiasya.com\/wp-content\/uploads\/sites\/22\/2023\/12\/logo-nacional.png","width":1801,"height":691,"caption":"Noticias"},"image":{"@id":"https:\/\/noticiasya.com\/#\/schema\/logo\/image\/"}}]}},"parsely":{"version":"1.1.0","canonical_url":"https:\/\/noticiasya.com\/midland-odessa\/2025\/12\/04\/que-es-q-pop-peru-orix\/","smart_links":{"inbound":0,"outbound":0},"traffic_boost_suggestions_count":0,"meta":{"@context":"https:\/\/schema.org","@type":"NewsArticle","headline":"\u00bfQu\u00e9 es el Q-pop, la m\u00fasica que mezcla el quechua con el estilo de las bandas de K-pop?","url":"http:\/\/noticiasya.com\/midland-odessa\/2025\/12\/04\/que-es-q-pop-peru-orix\/","mainEntityOfPage":{"@type":"WebPage","@id":"http:\/\/noticiasya.com\/midland-odessa\/2025\/12\/04\/que-es-q-pop-peru-orix\/"},"thumbnailUrl":"","image":{"@type":"ImageObject","url":""},"articleSection":"Noticias Nacionales","author":[],"creator":[],"publisher":{"@type":"Organization","name":"Noticias","logo":""},"keywords":[],"dateCreated":"2025-12-04T14:03:49Z","datePublished":"2025-12-04T14:03:49Z","dateModified":"2025-12-04T14:03:49Z"},"rendered":"<script type=\"application\/ld+json\" class=\"wp-parsely-metadata\">{\"@context\":\"https:\\\/\\\/schema.org\",\"@type\":\"NewsArticle\",\"headline\":\"\\u00bfQu\\u00e9 es el Q-pop, la m\\u00fasica que mezcla el quechua con el estilo de las bandas de K-pop?\",\"url\":\"http:\\\/\\\/noticiasya.com\\\/midland-odessa\\\/2025\\\/12\\\/04\\\/que-es-q-pop-peru-orix\\\/\",\"mainEntityOfPage\":{\"@type\":\"WebPage\",\"@id\":\"http:\\\/\\\/noticiasya.com\\\/midland-odessa\\\/2025\\\/12\\\/04\\\/que-es-q-pop-peru-orix\\\/\"},\"thumbnailUrl\":\"\",\"image\":{\"@type\":\"ImageObject\",\"url\":\"\"},\"articleSection\":\"Noticias Nacionales\",\"author\":[],\"creator\":[],\"publisher\":{\"@type\":\"Organization\",\"name\":\"Noticias\",\"logo\":\"\"},\"keywords\":[],\"dateCreated\":\"2025-12-04T14:03:49Z\",\"datePublished\":\"2025-12-04T14:03:49Z\",\"dateModified\":\"2025-12-04T14:03:49Z\"}<\/script>","tracker_url":"https:\/\/cdn.parsely.com\/keys\/noticiasya.com\/p.js"},"jetpack_featured_media_url":"","jetpack-related-posts":[{"id":1472341,"url":"https:\/\/noticiasya.com\/midland-odessa\/2026\/03\/19\/por-que-bts-kpop-gustan-america-latina-orix\/","url_meta":{"origin":1468961,"position":0},"title":"\u00bfPor qu\u00e9 BTS y el K-pop gustan tanto en Am\u00e9rica Latina?","author":"","date":"marzo 19, 2026","format":false,"excerpt":"Millones de discos vendidos en todo el mundo, conciertos agotados en minutos, contratos exclusivos con marcas de lujo y fans ac\u00e9rrimos que incluso hacen temblar a otras figuras p\u00fablicas a la hora de hablar de ellos: BTS, el grupo de K-pop m\u00e1s grande de la historia, regresa este viernes con\u2026","rel":"","context":"In &quot;Noticias Nacionales&quot;","block_context":{"text":"Noticias Nacionales","link":"https:\/\/noticiasya.com\/midland-odessa\/categoria\/noticias-nacionales"},"img":{"alt_text":"","src":"","width":0,"height":0},"classes":[]},{"id":1468760,"url":"https:\/\/noticiasya.com\/midland-odessa\/2025\/11\/27\/q-are-banda-k-pop-chileno-orix\/","url_meta":{"origin":1468961,"position":1},"title":"\u00bfQui\u00e9nes son Q_are, la banda de K-pop chileno que cruza fronteras?","author":"","date":"noviembre 27, 2025","format":false,"excerpt":"Seis j\u00f3venes chilenos de entre 21 y 25 a\u00f1os. Seis talentos del canto y del baile. Seis j\u00f3venes que, bajo el nombre de Q_are, buscan abrirse camino en la industria de la m\u00fasica con una f\u00f3rmula que ya ha sido probada antes en Latinoam\u00e9rica: juntar el fen\u00f3meno del K-pop con\u2026","rel":"","context":"In &quot;Noticias Nacionales&quot;","block_context":{"text":"Noticias Nacionales","link":"https:\/\/noticiasya.com\/midland-odessa\/categoria\/noticias-nacionales"},"img":{"alt_text":"","src":"","width":0,"height":0},"classes":[]},{"id":1452467,"url":"https:\/\/noticiasya.com\/midland-odessa\/2024\/09\/05\/mashco-piro-atacar-trabajadores-peru-orix\/","url_meta":{"origin":1468961,"position":2},"title":"\u00bfQui\u00e9nes son los mashco piro, el pueblo que ha sido se\u00f1alado de atacar con flechas a trabajadores forestales en Per\u00fa?","author":"","date":"septiembre 5, 2024","format":false,"excerpt":"(CNN Espa\u00f1ol) \u2013\u2013 Esta semana se conoci\u00f3 que dos trabajadores forestales murieron por impacto de flecha en un enfrentamiento con ind\u00edgenas del pueblo mashco piro, en la Amazon\u00eda peruana.El Gobierno de Per\u00fa se\u00f1al\u00f3 en un comunicado del Ministerio de Cultura que investigaba el \u201cgrave incidente\u201d. Seg\u00fan la Federaci\u00f3n Nativa del\u2026","rel":"","context":"In &quot;Noticias Nacionales&quot;","block_context":{"text":"Noticias Nacionales","link":"https:\/\/noticiasya.com\/midland-odessa\/categoria\/noticias-nacionales"},"img":{"alt_text":"","src":"","width":0,"height":0},"classes":[]},{"id":1462145,"url":"https:\/\/noticiasya.com\/midland-odessa\/2025\/05\/08\/grupo-alega-papa-leon-xiv-gestiono-mal-abuso-sexual-clerical-trax\/","url_meta":{"origin":1468961,"position":3},"title":"Grupo de v\u00edctimas alega que el papa Le\u00f3n XIV gestion\u00f3 mal casos de abuso sexual clerical en Chicago y Per\u00fa","author":"","date":"mayo 8, 2025","format":false,"excerpt":"Seis semanas antes de que el cardenal estadounidense Robert Prevost se convirtiera en el papa Le\u00f3n XIV, el grupo activista Red de Sobrevivientes de Abuso Sexual por Sacerdotes (SNAP, por sus siglas en ingl\u00e9s) present\u00f3 una queja contra \u00e9l, junto con otros l\u00edderes de la Iglesia, ante el secretario de\u2026","rel":"","context":"In &quot;Noticias Nacionales&quot;","block_context":{"text":"Noticias Nacionales","link":"https:\/\/noticiasya.com\/midland-odessa\/categoria\/noticias-nacionales"},"img":{"alt_text":"","src":"","width":0,"height":0},"classes":[]},{"id":1470375,"url":"https:\/\/noticiasya.com\/midland-odessa\/2026\/01\/22\/colombia-k-pop-coreano-toque-latino-orix\/","url_meta":{"origin":1468961,"position":4},"title":"Coreano, con un toque latino: c\u00f3mo el K-pop se abri\u00f3 camino en Colombia","author":"","date":"enero 22, 2026","format":false,"excerpt":"Es tarde en la noche, pero dentro del estudio de danza V14, en la capital colombiana, un grupo de bailarines sigue ensayando para un festival que podr\u00eda llevarlos hasta Corea del Sur. El grupo, Empire, cuenta en voz alta mientras los espejos se empa\u00f1an y la misma rutina comienza de\u2026","rel":"","context":"In &quot;Noticias Nacionales&quot;","block_context":{"text":"Noticias Nacionales","link":"https:\/\/noticiasya.com\/midland-odessa\/categoria\/noticias-nacionales"},"img":{"alt_text":"","src":"","width":0,"height":0},"classes":[]},{"id":1467247,"url":"https:\/\/noticiasya.com\/midland-odessa\/2025\/10\/09\/dina-boluarte-peru-quien-es-orix\/","url_meta":{"origin":1468961,"position":5},"title":"Qui\u00e9n es Dina Boluarte, la presidenta de Per\u00fa bajo presi\u00f3n por una moci\u00f3n de vacancia en el Congreso","author":"","date":"octubre 9, 2025","format":false,"excerpt":"Cuando Dina Boluarte jur\u00f3 como presidenta de Per\u00fa en diciembre de 2022, hizo historia al convertirse en la primera mujer en ocupar el cargo, con la promesa de poner fin a la corrupci\u00f3n y devolver la estabilidad a un pa\u00eds en crisis.Sin embargo, su mandato, marcado por la represi\u00f3n en\u2026","rel":"","context":"In &quot;Noticias Nacionales&quot;","block_context":{"text":"Noticias Nacionales","link":"https:\/\/noticiasya.com\/midland-odessa\/categoria\/noticias-nacionales"},"img":{"alt_text":"","src":"","width":0,"height":0},"classes":[]}],"jetpack_sharing_enabled":true,"_links":{"self":[{"href":"https:\/\/noticiasya.com\/midland-odessa\/wp-json\/wp\/v2\/posts\/1468961","targetHints":{"allow":["GET"]}}],"collection":[{"href":"https:\/\/noticiasya.com\/midland-odessa\/wp-json\/wp\/v2\/posts"}],"about":[{"href":"https:\/\/noticiasya.com\/midland-odessa\/wp-json\/wp\/v2\/types\/post"}],"replies":[{"embeddable":true,"href":"https:\/\/noticiasya.com\/midland-odessa\/wp-json\/wp\/v2\/comments?post=1468961"}],"version-history":[{"count":0,"href":"https:\/\/noticiasya.com\/midland-odessa\/wp-json\/wp\/v2\/posts\/1468961\/revisions"}],"wp:attachment":[{"href":"https:\/\/noticiasya.com\/midland-odessa\/wp-json\/wp\/v2\/media?parent=1468961"}],"wp:term":[{"taxonomy":"category","embeddable":true,"href":"https:\/\/noticiasya.com\/midland-odessa\/wp-json\/wp\/v2\/categories?post=1468961"},{"taxonomy":"post_tag","embeddable":true,"href":"https:\/\/noticiasya.com\/midland-odessa\/wp-json\/wp\/v2\/tags?post=1468961"}],"curies":[{"name":"wp","href":"https:\/\/api.w.org\/{rel}","templated":true}]}}