{"id":1468964,"date":"2025-12-04T07:03:41","date_gmt":"2025-12-04T15:03:41","guid":{"rendered":"https:\/\/noticiasya.com\/2025\/12\/04\/pantone-nombra-su-color-del-ano-2026-trax\/"},"modified":"2025-12-04T07:03:41","modified_gmt":"2025-12-04T15:03:41","slug":"pantone-nombra-su-color-del-ano-2026-trax","status":"publish","type":"post","link":"https:\/\/noticiasya.com\/midland-odessa\/2025\/12\/04\/pantone-nombra-su-color-del-ano-2026-trax\/","title":{"rendered":"Pantone nombra su color del a\u00f1o 2026"},"content":{"rendered":"<p>Captar el esp\u00edritu cultural y las tendencias del a\u00f1o entrante es una tarea complicada. Pero cada a\u00f1o, el Pantone Color Institute elige un color para lograr precisamente eso. Y ha elegido un tono de blanco, \u201cCloud Dancer\u201d, como su color del a\u00f1o 2026.<\/p>\n<p>El instituto, considerado una autoridad l\u00edder en materia de color, previsi\u00f3n de tendencias y asesoramiento a marcas, describi\u00f3 el tono como \u201cun blanco ondulado y equilibrado imbuido de una sensaci\u00f3n de serenidad\u201d.<\/p>\n<p>A medida que la tecnolog\u00eda se hace m\u00e1s presente en la vida diaria, Cloud Dancer representa una \u201cinfluencia tranquilizadora en una sociedad fren\u00e9tica, redescubriendo el valor de la consideraci\u00f3n mesurada y la reflexi\u00f3n tranquila\u201d, dijo a CNN Leatrice Eiseman, directora ejecutiva del instituto.<\/p>\n<p>El color \u201cest\u00e1 asociado con nuevos comienzos\u201d y \u201csignifica nuestro deseo de un nuevo comienzo\u201d, dijo Eiseman.<\/p>\n<p>Para el equipo de expertos del instituto, todo se filtra a trav\u00e9s de la lente del color. Por eso, cada a\u00f1o desde 1999, el programa ha buscado \u201cdestacar c\u00f3mo lo que ocurre en nuestra macrocultura en un momento dado se expresa a trav\u00e9s del lenguaje del color\u201d, declar\u00f3 a CNN Laurie Pressman, vicepresidenta del instituto.<\/p>\n<p>Para elegir el color del a\u00f1o, examinan cuidadosamente las referencias culturales, pol\u00edticas y de estilo actuales, se deciden por una familia de colores y luego se concentran en el tono preciso, prestando mucha atenci\u00f3n tambi\u00e9n a su nombre.<\/p>\n<p>El nombre del color es crucial. En cuanto escuchas un nombre que describe un color, inmediatamente evocas una imagen, dijo Pressman.<\/p>\n<p>Este tono preciso de blanco, con su \u201cequilibrio entre matices fr\u00edos y c\u00e1lidos\u201d, fue elegido cuidadosamente, a\u00f1adi\u00f3.<\/p>\n<p>\u201cSi hubi\u00e9ramos optado por un blanco \u00f3pticamente m\u00e1s brillante, no solo le restar\u00eda la sensaci\u00f3n natural, la honestidad y la autenticidad que buscamos\u2026 sino que casi habla de esterilidad y aislacionismo, porque es fr\u00edo\u201d, dijo.<\/p>\n<p>Si bien los diferentes tonos de blanco han sido omnipresentes en la moda desde hace mucho tiempo, el Cloud Dancer encarna espec\u00edficamente siluetas ondulantes y telas naturales como plumas, dijo Eiseman.<\/p>\n<p>Algunas de estas tendencias ya son evidentes. La Gala del Met de este a\u00f1o luci\u00f3 abundantes plumas, incluyendo, de forma memorable, la <a href=\"https:\/\/www.cnn.com\/2025\/05\/06\/style\/diana-ross-met-gala\">cola de 5,5 metros<\/a> del extraordinario vestido blanco de Diana Ross. El vestido de Louis Vuitton que luci\u00f3 Emma Stone en el Festival de Cine de Venecia ten\u00eda un dobladillo abullonado, mientras que la cantautora Rosal\u00eda opt\u00f3 por dise\u00f1os vaporosos, limpios y blancos durante la promoci\u00f3n de su aclamado \u00e1lbum \u201cLux\u201d, el mes pasado.<\/p>\n<p>Y en dise\u00f1o de interiores, Eiseman describe al Cloud Dancer como \u201cclaridad sin frialdad, estructura sin severidad\u201d, que combina bien con materiales naturales como la madera y la piedra.<\/p>\n<p>Las opciones anteriores para el color del a\u00f1o de Pantone incluyeron Mocha Mousse, de 2025, \u201cun marr\u00f3n suave con una calidez sensorial y reconfortante\u201d, y Peach Fuzz, \u201cun tono ligero y afrutado que evoca paz y serenidad\u201d, en 2024.<\/p>\n<p>The-CNN-Wire<br \/>&trade; &amp; &copy; 2025 Cable News Network, Inc., a Warner Bros. Discovery Company. All rights reserved.<\/p>\n","protected":false},"excerpt":{"rendered":"<p>Captar el esp\u00edritu cultural y las tendencias del a\u00f1o entrante es una tarea complicada. Pero cada a\u00f1o, el Pantone Color Institute elige un color para lograr precisamente eso. Y ha elegido un tono de blanco, \u201cCloud Dancer\u201d, como su color del a\u00f1o 2026. El instituto, considerado una autoridad l\u00edder en materia de color, previsi\u00f3n de [&hellip;]<\/p>\n","protected":false},"author":0,"featured_media":0,"comment_status":"open","ping_status":"open","sticky":false,"template":"","format":"standard","meta":{"_jetpack_memberships_contains_paid_content":false,"footnotes":""},"categories":[10],"tags":[],"class_list":["post-1468964","post","type-post","status-publish","format-standard","hentry","category-noticias-nacionales","market-global"],"yoast_head":"<!-- This site is optimized with the Yoast SEO plugin v24.4 - https:\/\/yoast.com\/wordpress\/plugins\/seo\/ -->\n<title>Pantone nombra su color del a\u00f1o 2026 - Noticias<\/title>\n<meta name=\"robots\" content=\"index, follow, max-snippet:-1, max-image-preview:large, max-video-preview:-1\" \/>\n<link rel=\"canonical\" href=\"https:\/\/noticiasya.com\/2025\/12\/04\/pantone-nombra-su-color-del-ano-2026-trax\/\" \/>\n<meta property=\"og:locale\" content=\"es_ES\" \/>\n<meta property=\"og:type\" content=\"article\" \/>\n<meta property=\"og:title\" content=\"Pantone nombra su color del a\u00f1o 2026 - Noticias\" \/>\n<meta property=\"og:description\" content=\"Captar el esp\u00edritu cultural y las tendencias del a\u00f1o entrante es una tarea complicada. Pero cada a\u00f1o, el Pantone Color Institute elige un color para lograr precisamente eso. Y ha elegido un tono de blanco, \u201cCloud Dancer\u201d, como su color del a\u00f1o 2026. El instituto, considerado una autoridad l\u00edder en materia de color, previsi\u00f3n de [&hellip;]\" \/>\n<meta property=\"og:url\" content=\"https:\/\/noticiasya.com\/2025\/12\/04\/pantone-nombra-su-color-del-ano-2026-trax\/\" \/>\n<meta property=\"og:site_name\" content=\"Noticias\" \/>\n<meta property=\"article:published_time\" content=\"2025-12-04T15:03:41+00:00\" \/>\n<meta name=\"twitter:card\" content=\"summary_large_image\" \/>\n<meta name=\"twitter:label1\" content=\"Est. reading time\" \/>\n\t<meta name=\"twitter:data1\" content=\"3 minutos\" \/>\n<script type=\"application\/ld+json\" class=\"yoast-schema-graph\">{\"@context\":\"https:\/\/schema.org\",\"@graph\":[{\"@type\":\"Article\",\"@id\":\"https:\/\/noticiasya.com\/2025\/12\/04\/pantone-nombra-su-color-del-ano-2026-trax\/#article\",\"isPartOf\":{\"@id\":\"https:\/\/noticiasya.com\/2025\/12\/04\/pantone-nombra-su-color-del-ano-2026-trax\/\"},\"author\":{\"name\":\"\",\"@id\":\"\"},\"headline\":\"Pantone nombra su color del a\u00f1o 2026\",\"datePublished\":\"2025-12-04T15:03:41+00:00\",\"mainEntityOfPage\":{\"@id\":\"https:\/\/noticiasya.com\/2025\/12\/04\/pantone-nombra-su-color-del-ano-2026-trax\/\"},\"wordCount\":531,\"commentCount\":0,\"publisher\":{\"@id\":\"https:\/\/noticiasya.com\/#organization\"},\"articleSection\":[\"Noticias Nacionales\"],\"inLanguage\":\"es\",\"potentialAction\":[{\"@type\":\"CommentAction\",\"name\":\"Comment\",\"target\":[\"https:\/\/noticiasya.com\/2025\/12\/04\/pantone-nombra-su-color-del-ano-2026-trax\/#respond\"]}]},{\"@type\":\"WebPage\",\"@id\":\"https:\/\/noticiasya.com\/2025\/12\/04\/pantone-nombra-su-color-del-ano-2026-trax\/\",\"url\":\"https:\/\/noticiasya.com\/2025\/12\/04\/pantone-nombra-su-color-del-ano-2026-trax\/\",\"name\":\"Pantone nombra su color del a\u00f1o 2026 - Noticias\",\"isPartOf\":{\"@id\":\"https:\/\/noticiasya.com\/#website\"},\"datePublished\":\"2025-12-04T15:03:41+00:00\",\"breadcrumb\":{\"@id\":\"https:\/\/noticiasya.com\/2025\/12\/04\/pantone-nombra-su-color-del-ano-2026-trax\/#breadcrumb\"},\"inLanguage\":\"es\",\"potentialAction\":[{\"@type\":\"ReadAction\",\"target\":[\"https:\/\/noticiasya.com\/2025\/12\/04\/pantone-nombra-su-color-del-ano-2026-trax\/\"]}]},{\"@type\":\"BreadcrumbList\",\"@id\":\"https:\/\/noticiasya.com\/2025\/12\/04\/pantone-nombra-su-color-del-ano-2026-trax\/#breadcrumb\",\"itemListElement\":[{\"@type\":\"ListItem\",\"position\":1,\"name\":\"Home\",\"item\":\"https:\/\/noticiasya.com\/\"},{\"@type\":\"ListItem\",\"position\":2,\"name\":\"Pantone nombra su color del a\u00f1o 2026\"}]},{\"@type\":\"WebSite\",\"@id\":\"https:\/\/noticiasya.com\/#website\",\"url\":\"https:\/\/noticiasya.com\/\",\"name\":\"Noticias\",\"description\":\"Lo que importa\",\"publisher\":{\"@id\":\"https:\/\/noticiasya.com\/#organization\"},\"potentialAction\":[{\"@type\":\"SearchAction\",\"target\":{\"@type\":\"EntryPoint\",\"urlTemplate\":\"https:\/\/noticiasya.com\/?s={search_term_string}\"},\"query-input\":{\"@type\":\"PropertyValueSpecification\",\"valueRequired\":true,\"valueName\":\"search_term_string\"}}],\"inLanguage\":\"es\"},{\"@type\":\"Organization\",\"@id\":\"https:\/\/noticiasya.com\/#organization\",\"name\":\"Noticias\",\"url\":\"https:\/\/noticiasya.com\/\",\"logo\":{\"@type\":\"ImageObject\",\"inLanguage\":\"es\",\"@id\":\"https:\/\/noticiasya.com\/#\/schema\/logo\/image\/\",\"url\":\"https:\/\/noticiasya.com\/wp-content\/uploads\/sites\/22\/2023\/12\/logo-nacional.png\",\"contentUrl\":\"https:\/\/noticiasya.com\/wp-content\/uploads\/sites\/22\/2023\/12\/logo-nacional.png\",\"width\":1801,\"height\":691,\"caption\":\"Noticias\"},\"image\":{\"@id\":\"https:\/\/noticiasya.com\/#\/schema\/logo\/image\/\"}}]}<\/script>\n<!-- \/ Yoast SEO plugin. -->","yoast_head_json":{"title":"Pantone nombra su color del a\u00f1o 2026 - Noticias","robots":{"index":"index","follow":"follow","max-snippet":"max-snippet:-1","max-image-preview":"max-image-preview:large","max-video-preview":"max-video-preview:-1"},"canonical":"https:\/\/noticiasya.com\/2025\/12\/04\/pantone-nombra-su-color-del-ano-2026-trax\/","og_locale":"es_ES","og_type":"article","og_title":"Pantone nombra su color del a\u00f1o 2026 - Noticias","og_description":"Captar el esp\u00edritu cultural y las tendencias del a\u00f1o entrante es una tarea complicada. Pero cada a\u00f1o, el Pantone Color Institute elige un color para lograr precisamente eso. Y ha elegido un tono de blanco, \u201cCloud Dancer\u201d, como su color del a\u00f1o 2026. El instituto, considerado una autoridad l\u00edder en materia de color, previsi\u00f3n de [&hellip;]","og_url":"https:\/\/noticiasya.com\/2025\/12\/04\/pantone-nombra-su-color-del-ano-2026-trax\/","og_site_name":"Noticias","article_published_time":"2025-12-04T15:03:41+00:00","twitter_card":"summary_large_image","twitter_misc":{"Est. reading time":"3 minutos"},"schema":{"@context":"https:\/\/schema.org","@graph":[{"@type":"Article","@id":"https:\/\/noticiasya.com\/2025\/12\/04\/pantone-nombra-su-color-del-ano-2026-trax\/#article","isPartOf":{"@id":"https:\/\/noticiasya.com\/2025\/12\/04\/pantone-nombra-su-color-del-ano-2026-trax\/"},"author":{"name":"","@id":""},"headline":"Pantone nombra su color del a\u00f1o 2026","datePublished":"2025-12-04T15:03:41+00:00","mainEntityOfPage":{"@id":"https:\/\/noticiasya.com\/2025\/12\/04\/pantone-nombra-su-color-del-ano-2026-trax\/"},"wordCount":531,"commentCount":0,"publisher":{"@id":"https:\/\/noticiasya.com\/#organization"},"articleSection":["Noticias Nacionales"],"inLanguage":"es","potentialAction":[{"@type":"CommentAction","name":"Comment","target":["https:\/\/noticiasya.com\/2025\/12\/04\/pantone-nombra-su-color-del-ano-2026-trax\/#respond"]}]},{"@type":"WebPage","@id":"https:\/\/noticiasya.com\/2025\/12\/04\/pantone-nombra-su-color-del-ano-2026-trax\/","url":"https:\/\/noticiasya.com\/2025\/12\/04\/pantone-nombra-su-color-del-ano-2026-trax\/","name":"Pantone nombra su color del a\u00f1o 2026 - Noticias","isPartOf":{"@id":"https:\/\/noticiasya.com\/#website"},"datePublished":"2025-12-04T15:03:41+00:00","breadcrumb":{"@id":"https:\/\/noticiasya.com\/2025\/12\/04\/pantone-nombra-su-color-del-ano-2026-trax\/#breadcrumb"},"inLanguage":"es","potentialAction":[{"@type":"ReadAction","target":["https:\/\/noticiasya.com\/2025\/12\/04\/pantone-nombra-su-color-del-ano-2026-trax\/"]}]},{"@type":"BreadcrumbList","@id":"https:\/\/noticiasya.com\/2025\/12\/04\/pantone-nombra-su-color-del-ano-2026-trax\/#breadcrumb","itemListElement":[{"@type":"ListItem","position":1,"name":"Home","item":"https:\/\/noticiasya.com\/"},{"@type":"ListItem","position":2,"name":"Pantone nombra su color del a\u00f1o 2026"}]},{"@type":"WebSite","@id":"https:\/\/noticiasya.com\/#website","url":"https:\/\/noticiasya.com\/","name":"Noticias","description":"Lo que importa","publisher":{"@id":"https:\/\/noticiasya.com\/#organization"},"potentialAction":[{"@type":"SearchAction","target":{"@type":"EntryPoint","urlTemplate":"https:\/\/noticiasya.com\/?s={search_term_string}"},"query-input":{"@type":"PropertyValueSpecification","valueRequired":true,"valueName":"search_term_string"}}],"inLanguage":"es"},{"@type":"Organization","@id":"https:\/\/noticiasya.com\/#organization","name":"Noticias","url":"https:\/\/noticiasya.com\/","logo":{"@type":"ImageObject","inLanguage":"es","@id":"https:\/\/noticiasya.com\/#\/schema\/logo\/image\/","url":"https:\/\/noticiasya.com\/wp-content\/uploads\/sites\/22\/2023\/12\/logo-nacional.png","contentUrl":"https:\/\/noticiasya.com\/wp-content\/uploads\/sites\/22\/2023\/12\/logo-nacional.png","width":1801,"height":691,"caption":"Noticias"},"image":{"@id":"https:\/\/noticiasya.com\/#\/schema\/logo\/image\/"}}]}},"parsely":{"version":"1.1.0","canonical_url":"https:\/\/noticiasya.com\/midland-odessa\/2025\/12\/04\/pantone-nombra-su-color-del-ano-2026-trax\/","smart_links":{"inbound":0,"outbound":0},"traffic_boost_suggestions_count":0,"meta":{"@context":"https:\/\/schema.org","@type":"NewsArticle","headline":"Pantone nombra su color del a\u00f1o 2026","url":"http:\/\/noticiasya.com\/midland-odessa\/2025\/12\/04\/pantone-nombra-su-color-del-ano-2026-trax\/","mainEntityOfPage":{"@type":"WebPage","@id":"http:\/\/noticiasya.com\/midland-odessa\/2025\/12\/04\/pantone-nombra-su-color-del-ano-2026-trax\/"},"thumbnailUrl":"","image":{"@type":"ImageObject","url":""},"articleSection":"Noticias Nacionales","author":[],"creator":[],"publisher":{"@type":"Organization","name":"Noticias","logo":""},"keywords":[],"dateCreated":"2025-12-04T15:03:41Z","datePublished":"2025-12-04T15:03:41Z","dateModified":"2025-12-04T15:03:41Z"},"rendered":"<script type=\"application\/ld+json\" class=\"wp-parsely-metadata\">{\"@context\":\"https:\\\/\\\/schema.org\",\"@type\":\"NewsArticle\",\"headline\":\"Pantone nombra su color del a\\u00f1o 2026\",\"url\":\"http:\\\/\\\/noticiasya.com\\\/midland-odessa\\\/2025\\\/12\\\/04\\\/pantone-nombra-su-color-del-ano-2026-trax\\\/\",\"mainEntityOfPage\":{\"@type\":\"WebPage\",\"@id\":\"http:\\\/\\\/noticiasya.com\\\/midland-odessa\\\/2025\\\/12\\\/04\\\/pantone-nombra-su-color-del-ano-2026-trax\\\/\"},\"thumbnailUrl\":\"\",\"image\":{\"@type\":\"ImageObject\",\"url\":\"\"},\"articleSection\":\"Noticias Nacionales\",\"author\":[],\"creator\":[],\"publisher\":{\"@type\":\"Organization\",\"name\":\"Noticias\",\"logo\":\"\"},\"keywords\":[],\"dateCreated\":\"2025-12-04T15:03:41Z\",\"datePublished\":\"2025-12-04T15:03:41Z\",\"dateModified\":\"2025-12-04T15:03:41Z\"}<\/script>","tracker_url":"https:\/\/cdn.parsely.com\/keys\/noticiasya.com\/p.js"},"jetpack_featured_media_url":"","jetpack-related-posts":[{"id":1456300,"url":"https:\/\/noticiasya.com\/midland-odessa\/2024\/12\/05\/pantone-color-ano-2025-trax\/","url_meta":{"origin":1468964,"position":0},"title":"Pantone elige su color del a\u00f1o 2025","author":"","date":"diciembre 5, 2024","format":false,"excerpt":"Pantone eligi\u00f3 a un \u201cmarr\u00f3n suave evocador\u201d como su color del a\u00f1o 2025, continuando una tradici\u00f3n que ya tiene m\u00e1s de un cuarto de siglo.\u201cSofisticado y exuberante, pero al mismo tiempo un cl\u00e1sico sin pretensiones, PANTONE 17-1230 Mocha Mousse ampl\u00eda nuestra percepci\u00f3n de los marrones, desde lo humilde y lo\u2026","rel":"","context":"In &quot;Noticias Nacionales&quot;","block_context":{"text":"Noticias Nacionales","link":"https:\/\/noticiasya.com\/midland-odessa\/categoria\/noticias-nacionales"},"img":{"alt_text":"","src":"","width":0,"height":0},"classes":[]},{"id":1468991,"url":"https:\/\/noticiasya.com\/midland-odessa\/2025\/12\/05\/5-cosas-5-de-diciembre-orix\/","url_meta":{"origin":1468964,"position":1},"title":"Las 5 cosas que debes saber este 5 de diciembre: sorteo del Mundial, conteo en Honduras y premio FIFA","author":"","date":"diciembre 5, 2025","format":false,"excerpt":"La ofensiva inmigratoria del Gobierno de Trump avanza en Louisiana y Minnesota. Crece el escrutinio por el doble ataque de Estados Unidos a n\u00e1ufragos en el Caribe. Putin promete que se apoderar\u00e1 de Donb\u00e1s por cualquier medio. Esto es lo que debes saber para comenzar el d\u00eda. Primero la verdad.Suscr\u00edbete\u2026","rel":"","context":"In &quot;Noticias Nacionales&quot;","block_context":{"text":"Noticias Nacionales","link":"https:\/\/noticiasya.com\/midland-odessa\/categoria\/noticias-nacionales"},"img":{"alt_text":"","src":"","width":0,"height":0},"classes":[]},{"id":1456687,"url":"https:\/\/noticiasya.com\/midland-odessa\/2024\/12\/17\/tendencias-moda-2025-orix\/","url_meta":{"origin":1468964,"position":2},"title":"OPINI\u00d3N | Tendencias de la moda en el 2025","author":"","date":"diciembre 17, 2024","format":false,"excerpt":"Nota del editor: Mari Rodr\u00edguez Ichaso ha sido colaboradora de la revista Vanidades durante varias d\u00e9cadas. Es especialista en moda, viajes, gastronom\u00eda, arte, arquitectura y entretenimiento, productora de cine y columnista de estilo de CNN en Espa\u00f1ol. Las opiniones expresadas en esta columna son exclusivamente suyas. Lee m\u00e1s art\u00edculos de\u2026","rel":"","context":"In &quot;Noticias Nacionales&quot;","block_context":{"text":"Noticias Nacionales","link":"https:\/\/noticiasya.com\/midland-odessa\/categoria\/noticias-nacionales"},"img":{"alt_text":"","src":"","width":0,"height":0},"classes":[]},{"id":1429671,"url":"https:\/\/noticiasya.com\/midland-odessa\/2022\/09\/29\/este-carro-es-buscado-por-la-policia-2-sujetos-intentaron-atraer-a-nina\/","url_meta":{"origin":1468964,"position":3},"title":"Este carro es buscado por la Polic\u00eda; 2 sujetos intentaron atraer a ni\u00f1a","author":"agomez","date":"septiembre 29, 2022","format":false,"excerpt":"El conductor y su acompa\u00f1ante, ambos de m\u00e1s de 20 a\u00f1os, iban a bordo de un Honda Civic color blanco.","rel":"","context":"In &quot;Comunidad&quot;","block_context":{"text":"Comunidad","link":"https:\/\/noticiasya.com\/midland-odessa\/categoria\/comunidad"},"img":{"alt_text":"","src":"","width":0,"height":0},"classes":[]},{"id":1447276,"url":"https:\/\/noticiasya.com\/midland-odessa\/2024\/03\/23\/osos-pandas-color-marrones-genes-endogamia-trax\/","url_meta":{"origin":1468964,"position":4},"title":"No todos los pandas son blancos y negros. Algunos tienen un tono diferente y los cient\u00edficos ahora entienden por qu\u00e9","author":"agomez","date":"marzo 23, 2024","format":false,"excerpt":"(CNN) -- Con su distinguido color de pelaje, el panda gigante es una especie reconocible al instante.Sin embargo, existen pandas gigantes que no son blancos y negros. Estas majestuosas criaturas de pelaje marr\u00f3n y blanco habitan en una \u00fanica cadena monta\u00f1osa en China. Y ahora, los cient\u00edficos pueden haber desentra\u00f1ado\u2026","rel":"","context":"In &quot;Noticias Nacionales&quot;","block_context":{"text":"Noticias Nacionales","link":"https:\/\/noticiasya.com\/midland-odessa\/categoria\/noticias-nacionales"},"img":{"alt_text":"","src":"","width":0,"height":0},"classes":[]},{"id":1471371,"url":"https:\/\/noticiasya.com\/midland-odessa\/2026\/02\/18\/air-force-one-pintura-preferida-trump-trax\/","url_meta":{"origin":1468964,"position":5},"title":"El Air Force One lucir\u00e1 la pintura preferida de Trump, luego de que la Fuerza A\u00e9rea nuevamente cambiara de rumbo","author":"","date":"febrero 18, 2026","format":false,"excerpt":"Los colores de pintura preferidos del presidente Donald Trump se aplicar\u00e1n a los nuevos aviones que servir\u00e1n como Air Force One, confirm\u00f3 a CNN un funcionario de la Fuerza A\u00e9rea.Los nuevos Boeing 747 muy modificados, que el ej\u00e9rcito denomina VC-25B, estar\u00e1n pintados de rojo, blanco, dorado y azul oscuro, un\u2026","rel":"","context":"In &quot;Noticias Nacionales&quot;","block_context":{"text":"Noticias Nacionales","link":"https:\/\/noticiasya.com\/midland-odessa\/categoria\/noticias-nacionales"},"img":{"alt_text":"","src":"","width":0,"height":0},"classes":[]}],"jetpack_sharing_enabled":true,"_links":{"self":[{"href":"https:\/\/noticiasya.com\/midland-odessa\/wp-json\/wp\/v2\/posts\/1468964","targetHints":{"allow":["GET"]}}],"collection":[{"href":"https:\/\/noticiasya.com\/midland-odessa\/wp-json\/wp\/v2\/posts"}],"about":[{"href":"https:\/\/noticiasya.com\/midland-odessa\/wp-json\/wp\/v2\/types\/post"}],"replies":[{"embeddable":true,"href":"https:\/\/noticiasya.com\/midland-odessa\/wp-json\/wp\/v2\/comments?post=1468964"}],"version-history":[{"count":0,"href":"https:\/\/noticiasya.com\/midland-odessa\/wp-json\/wp\/v2\/posts\/1468964\/revisions"}],"wp:attachment":[{"href":"https:\/\/noticiasya.com\/midland-odessa\/wp-json\/wp\/v2\/media?parent=1468964"}],"wp:term":[{"taxonomy":"category","embeddable":true,"href":"https:\/\/noticiasya.com\/midland-odessa\/wp-json\/wp\/v2\/categories?post=1468964"},{"taxonomy":"post_tag","embeddable":true,"href":"https:\/\/noticiasya.com\/midland-odessa\/wp-json\/wp\/v2\/tags?post=1468964"}],"curies":[{"name":"wp","href":"https:\/\/api.w.org\/{rel}","templated":true}]}}