{"id":1468966,"date":"2025-12-04T08:03:41","date_gmt":"2025-12-04T16:03:41","guid":{"rendered":"https:\/\/noticiasya.com\/2025\/12\/04\/sheinbaum-reunion-trump-sorteo-orix\/"},"modified":"2025-12-04T08:03:41","modified_gmt":"2025-12-04T16:03:41","slug":"sheinbaum-reunion-trump-sorteo-orix","status":"publish","type":"post","link":"https:\/\/noticiasya.com\/midland-odessa\/2025\/12\/04\/sheinbaum-reunion-trump-sorteo-orix\/","title":{"rendered":"Sheinbaum anuncia que tendr\u00e1 &#171;una peque\u00f1a reuni\u00f3n&#187; con Trump, la primera cara a cara"},"content":{"rendered":"<p>La presidenta de M\u00e9xico, Claudia Sheinbaum, anunci\u00f3 este jueves que ma\u00f1ana tendr\u00e1 una reuni\u00f3n con el mandatario de Estados Unidos, Donald Trump, en Washington, adonde viajar\u00e1 para el sorteo del Mundial 2026.<\/p>\n<p>\u201cTodo parece indicar que vamos a tener una peque\u00f1a reuni\u00f3n. Digo peque\u00f1a porque es de corto tiempo por los tiempos del evento con el presidente Trump y otra con el primer ministro (de Canad\u00e1, Mark) Carney\u201d, dijo Sheinbaum en conferencia de prensa.<\/p>\n<p>Sheinbaum no dio mayores detalles sobre los temas que se abordar\u00e1n en los encuentros, pero se producir\u00e1 dos d\u00edas despu\u00e9s de que Trump indicara que posiblemente dejar\u00e1 expirar el T-MEC, el tratado de libre comercio con M\u00e9xico y Canad\u00e1 que de acuerdo con lo programado debe renegociarse en 2026. Seg\u00fan coment\u00f3 el presidente a la prensa, podr\u00eda buscar un nuevo pacto comercial con sus vecinos.<\/p>\n<p>Aunque Sheinbaum y Trump han tenido conversaciones telef\u00f3nicas, ser\u00e1 el primer encuentro cara a cara entre los dos l\u00edderes.<\/p>\n<p>Sheinbaum dijo que viajar\u00e1 este jueves por la noche en un avi\u00f3n de la Secretar\u00eda de la Defensa Nacional.<\/p>\n<p>M\u00e9xico, Estados Unidos y Canad\u00e1 son coorganizadores del Mundial de la FIFA, por lo que ya tienen asignado el grupo del que ser\u00e1n cabeza de serie en el sorteo del viernes.<\/p>\n<p>The-CNN-Wire<br \/>&trade; &amp; &copy; 2025 Cable News Network, Inc., a Warner Bros. Discovery Company. All rights reserved.<\/p>\n","protected":false},"excerpt":{"rendered":"<p>La presidenta de M\u00e9xico, Claudia Sheinbaum, anunci\u00f3 este jueves que ma\u00f1ana tendr\u00e1 una reuni\u00f3n con el mandatario de Estados Unidos, Donald Trump, en Washington, adonde viajar\u00e1 para el sorteo del Mundial 2026. \u201cTodo parece indicar que vamos a tener una peque\u00f1a reuni\u00f3n. Digo peque\u00f1a porque es de corto tiempo por los tiempos del evento con [&hellip;]<\/p>\n","protected":false},"author":0,"featured_media":0,"comment_status":"open","ping_status":"open","sticky":false,"template":"","format":"standard","meta":{"_jetpack_memberships_contains_paid_content":false,"footnotes":""},"categories":[10],"tags":[],"class_list":["post-1468966","post","type-post","status-publish","format-standard","hentry","category-noticias-nacionales","market-global"],"yoast_head":"<!-- This site is optimized with the Yoast SEO plugin v24.4 - https:\/\/yoast.com\/wordpress\/plugins\/seo\/ -->\n<title>Sheinbaum anuncia que tendr\u00e1 &quot;una peque\u00f1a reuni\u00f3n&quot; con Trump, la primera cara a cara - Noticias<\/title>\n<meta name=\"robots\" content=\"index, follow, max-snippet:-1, max-image-preview:large, max-video-preview:-1\" \/>\n<link rel=\"canonical\" href=\"https:\/\/noticiasya.com\/2025\/12\/04\/sheinbaum-reunion-trump-sorteo-orix\/\" \/>\n<meta property=\"og:locale\" content=\"es_ES\" \/>\n<meta property=\"og:type\" content=\"article\" \/>\n<meta property=\"og:title\" content=\"Sheinbaum anuncia que tendr\u00e1 &quot;una peque\u00f1a reuni\u00f3n&quot; con Trump, la primera cara a cara - Noticias\" \/>\n<meta property=\"og:description\" content=\"La presidenta de M\u00e9xico, Claudia Sheinbaum, anunci\u00f3 este jueves que ma\u00f1ana tendr\u00e1 una reuni\u00f3n con el mandatario de Estados Unidos, Donald Trump, en Washington, adonde viajar\u00e1 para el sorteo del Mundial 2026. \u201cTodo parece indicar que vamos a tener una peque\u00f1a reuni\u00f3n. Digo peque\u00f1a porque es de corto tiempo por los tiempos del evento con [&hellip;]\" \/>\n<meta property=\"og:url\" content=\"https:\/\/noticiasya.com\/2025\/12\/04\/sheinbaum-reunion-trump-sorteo-orix\/\" \/>\n<meta property=\"og:site_name\" content=\"Noticias\" \/>\n<meta property=\"article:published_time\" content=\"2025-12-04T16:03:41+00:00\" \/>\n<meta name=\"twitter:card\" content=\"summary_large_image\" \/>\n<meta name=\"twitter:label1\" content=\"Est. reading time\" \/>\n\t<meta name=\"twitter:data1\" content=\"1 minuto\" \/>\n<script type=\"application\/ld+json\" class=\"yoast-schema-graph\">{\"@context\":\"https:\/\/schema.org\",\"@graph\":[{\"@type\":\"Article\",\"@id\":\"https:\/\/noticiasya.com\/2025\/12\/04\/sheinbaum-reunion-trump-sorteo-orix\/#article\",\"isPartOf\":{\"@id\":\"https:\/\/noticiasya.com\/2025\/12\/04\/sheinbaum-reunion-trump-sorteo-orix\/\"},\"author\":{\"name\":\"\",\"@id\":\"\"},\"headline\":\"Sheinbaum anuncia que tendr\u00e1 &#171;una peque\u00f1a reuni\u00f3n&#187; con Trump, la primera cara a cara\",\"datePublished\":\"2025-12-04T16:03:41+00:00\",\"mainEntityOfPage\":{\"@id\":\"https:\/\/noticiasya.com\/2025\/12\/04\/sheinbaum-reunion-trump-sorteo-orix\/\"},\"wordCount\":256,\"commentCount\":0,\"publisher\":{\"@id\":\"https:\/\/noticiasya.com\/#organization\"},\"articleSection\":[\"Noticias Nacionales\"],\"inLanguage\":\"es\",\"potentialAction\":[{\"@type\":\"CommentAction\",\"name\":\"Comment\",\"target\":[\"https:\/\/noticiasya.com\/2025\/12\/04\/sheinbaum-reunion-trump-sorteo-orix\/#respond\"]}]},{\"@type\":\"WebPage\",\"@id\":\"https:\/\/noticiasya.com\/2025\/12\/04\/sheinbaum-reunion-trump-sorteo-orix\/\",\"url\":\"https:\/\/noticiasya.com\/2025\/12\/04\/sheinbaum-reunion-trump-sorteo-orix\/\",\"name\":\"Sheinbaum anuncia que tendr\u00e1 \\\"una peque\u00f1a reuni\u00f3n\\\" con Trump, la primera cara a cara - Noticias\",\"isPartOf\":{\"@id\":\"https:\/\/noticiasya.com\/#website\"},\"datePublished\":\"2025-12-04T16:03:41+00:00\",\"breadcrumb\":{\"@id\":\"https:\/\/noticiasya.com\/2025\/12\/04\/sheinbaum-reunion-trump-sorteo-orix\/#breadcrumb\"},\"inLanguage\":\"es\",\"potentialAction\":[{\"@type\":\"ReadAction\",\"target\":[\"https:\/\/noticiasya.com\/2025\/12\/04\/sheinbaum-reunion-trump-sorteo-orix\/\"]}]},{\"@type\":\"BreadcrumbList\",\"@id\":\"https:\/\/noticiasya.com\/2025\/12\/04\/sheinbaum-reunion-trump-sorteo-orix\/#breadcrumb\",\"itemListElement\":[{\"@type\":\"ListItem\",\"position\":1,\"name\":\"Home\",\"item\":\"https:\/\/noticiasya.com\/\"},{\"@type\":\"ListItem\",\"position\":2,\"name\":\"Sheinbaum anuncia que tendr\u00e1 &#171;una peque\u00f1a reuni\u00f3n&#187; con Trump, la primera cara a cara\"}]},{\"@type\":\"WebSite\",\"@id\":\"https:\/\/noticiasya.com\/#website\",\"url\":\"https:\/\/noticiasya.com\/\",\"name\":\"Noticias\",\"description\":\"Lo que importa\",\"publisher\":{\"@id\":\"https:\/\/noticiasya.com\/#organization\"},\"potentialAction\":[{\"@type\":\"SearchAction\",\"target\":{\"@type\":\"EntryPoint\",\"urlTemplate\":\"https:\/\/noticiasya.com\/?s={search_term_string}\"},\"query-input\":{\"@type\":\"PropertyValueSpecification\",\"valueRequired\":true,\"valueName\":\"search_term_string\"}}],\"inLanguage\":\"es\"},{\"@type\":\"Organization\",\"@id\":\"https:\/\/noticiasya.com\/#organization\",\"name\":\"Noticias\",\"url\":\"https:\/\/noticiasya.com\/\",\"logo\":{\"@type\":\"ImageObject\",\"inLanguage\":\"es\",\"@id\":\"https:\/\/noticiasya.com\/#\/schema\/logo\/image\/\",\"url\":\"https:\/\/noticiasya.com\/wp-content\/uploads\/sites\/22\/2023\/12\/logo-nacional.png\",\"contentUrl\":\"https:\/\/noticiasya.com\/wp-content\/uploads\/sites\/22\/2023\/12\/logo-nacional.png\",\"width\":1801,\"height\":691,\"caption\":\"Noticias\"},\"image\":{\"@id\":\"https:\/\/noticiasya.com\/#\/schema\/logo\/image\/\"}}]}<\/script>\n<!-- \/ Yoast SEO plugin. -->","yoast_head_json":{"title":"Sheinbaum anuncia que tendr\u00e1 \"una peque\u00f1a reuni\u00f3n\" con Trump, la primera cara a cara - Noticias","robots":{"index":"index","follow":"follow","max-snippet":"max-snippet:-1","max-image-preview":"max-image-preview:large","max-video-preview":"max-video-preview:-1"},"canonical":"https:\/\/noticiasya.com\/2025\/12\/04\/sheinbaum-reunion-trump-sorteo-orix\/","og_locale":"es_ES","og_type":"article","og_title":"Sheinbaum anuncia que tendr\u00e1 \"una peque\u00f1a reuni\u00f3n\" con Trump, la primera cara a cara - Noticias","og_description":"La presidenta de M\u00e9xico, Claudia Sheinbaum, anunci\u00f3 este jueves que ma\u00f1ana tendr\u00e1 una reuni\u00f3n con el mandatario de Estados Unidos, Donald Trump, en Washington, adonde viajar\u00e1 para el sorteo del Mundial 2026. \u201cTodo parece indicar que vamos a tener una peque\u00f1a reuni\u00f3n. Digo peque\u00f1a porque es de corto tiempo por los tiempos del evento con [&hellip;]","og_url":"https:\/\/noticiasya.com\/2025\/12\/04\/sheinbaum-reunion-trump-sorteo-orix\/","og_site_name":"Noticias","article_published_time":"2025-12-04T16:03:41+00:00","twitter_card":"summary_large_image","twitter_misc":{"Est. reading time":"1 minuto"},"schema":{"@context":"https:\/\/schema.org","@graph":[{"@type":"Article","@id":"https:\/\/noticiasya.com\/2025\/12\/04\/sheinbaum-reunion-trump-sorteo-orix\/#article","isPartOf":{"@id":"https:\/\/noticiasya.com\/2025\/12\/04\/sheinbaum-reunion-trump-sorteo-orix\/"},"author":{"name":"","@id":""},"headline":"Sheinbaum anuncia que tendr\u00e1 &#171;una peque\u00f1a reuni\u00f3n&#187; con Trump, la primera cara a cara","datePublished":"2025-12-04T16:03:41+00:00","mainEntityOfPage":{"@id":"https:\/\/noticiasya.com\/2025\/12\/04\/sheinbaum-reunion-trump-sorteo-orix\/"},"wordCount":256,"commentCount":0,"publisher":{"@id":"https:\/\/noticiasya.com\/#organization"},"articleSection":["Noticias Nacionales"],"inLanguage":"es","potentialAction":[{"@type":"CommentAction","name":"Comment","target":["https:\/\/noticiasya.com\/2025\/12\/04\/sheinbaum-reunion-trump-sorteo-orix\/#respond"]}]},{"@type":"WebPage","@id":"https:\/\/noticiasya.com\/2025\/12\/04\/sheinbaum-reunion-trump-sorteo-orix\/","url":"https:\/\/noticiasya.com\/2025\/12\/04\/sheinbaum-reunion-trump-sorteo-orix\/","name":"Sheinbaum anuncia que tendr\u00e1 \"una peque\u00f1a reuni\u00f3n\" con Trump, la primera cara a cara - Noticias","isPartOf":{"@id":"https:\/\/noticiasya.com\/#website"},"datePublished":"2025-12-04T16:03:41+00:00","breadcrumb":{"@id":"https:\/\/noticiasya.com\/2025\/12\/04\/sheinbaum-reunion-trump-sorteo-orix\/#breadcrumb"},"inLanguage":"es","potentialAction":[{"@type":"ReadAction","target":["https:\/\/noticiasya.com\/2025\/12\/04\/sheinbaum-reunion-trump-sorteo-orix\/"]}]},{"@type":"BreadcrumbList","@id":"https:\/\/noticiasya.com\/2025\/12\/04\/sheinbaum-reunion-trump-sorteo-orix\/#breadcrumb","itemListElement":[{"@type":"ListItem","position":1,"name":"Home","item":"https:\/\/noticiasya.com\/"},{"@type":"ListItem","position":2,"name":"Sheinbaum anuncia que tendr\u00e1 &#171;una peque\u00f1a reuni\u00f3n&#187; con Trump, la primera cara a cara"}]},{"@type":"WebSite","@id":"https:\/\/noticiasya.com\/#website","url":"https:\/\/noticiasya.com\/","name":"Noticias","description":"Lo que importa","publisher":{"@id":"https:\/\/noticiasya.com\/#organization"},"potentialAction":[{"@type":"SearchAction","target":{"@type":"EntryPoint","urlTemplate":"https:\/\/noticiasya.com\/?s={search_term_string}"},"query-input":{"@type":"PropertyValueSpecification","valueRequired":true,"valueName":"search_term_string"}}],"inLanguage":"es"},{"@type":"Organization","@id":"https:\/\/noticiasya.com\/#organization","name":"Noticias","url":"https:\/\/noticiasya.com\/","logo":{"@type":"ImageObject","inLanguage":"es","@id":"https:\/\/noticiasya.com\/#\/schema\/logo\/image\/","url":"https:\/\/noticiasya.com\/wp-content\/uploads\/sites\/22\/2023\/12\/logo-nacional.png","contentUrl":"https:\/\/noticiasya.com\/wp-content\/uploads\/sites\/22\/2023\/12\/logo-nacional.png","width":1801,"height":691,"caption":"Noticias"},"image":{"@id":"https:\/\/noticiasya.com\/#\/schema\/logo\/image\/"}}]}},"parsely":{"version":"1.1.0","canonical_url":"https:\/\/noticiasya.com\/midland-odessa\/2025\/12\/04\/sheinbaum-reunion-trump-sorteo-orix\/","smart_links":{"inbound":0,"outbound":0},"traffic_boost_suggestions_count":0,"meta":{"@context":"https:\/\/schema.org","@type":"NewsArticle","headline":"Sheinbaum anuncia que tendr\u00e1 &#171;una peque\u00f1a reuni\u00f3n&#187; con Trump, la primera cara a cara","url":"http:\/\/noticiasya.com\/midland-odessa\/2025\/12\/04\/sheinbaum-reunion-trump-sorteo-orix\/","mainEntityOfPage":{"@type":"WebPage","@id":"http:\/\/noticiasya.com\/midland-odessa\/2025\/12\/04\/sheinbaum-reunion-trump-sorteo-orix\/"},"thumbnailUrl":"","image":{"@type":"ImageObject","url":""},"articleSection":"Noticias Nacionales","author":[],"creator":[],"publisher":{"@type":"Organization","name":"Noticias","logo":""},"keywords":[],"dateCreated":"2025-12-04T16:03:41Z","datePublished":"2025-12-04T16:03:41Z","dateModified":"2025-12-04T16:03:41Z"},"rendered":"<script type=\"application\/ld+json\" class=\"wp-parsely-metadata\">{\"@context\":\"https:\\\/\\\/schema.org\",\"@type\":\"NewsArticle\",\"headline\":\"Sheinbaum anuncia que tendr\\u00e1 &#171;una peque\\u00f1a reuni\\u00f3n&#187; con Trump, la primera cara a cara\",\"url\":\"http:\\\/\\\/noticiasya.com\\\/midland-odessa\\\/2025\\\/12\\\/04\\\/sheinbaum-reunion-trump-sorteo-orix\\\/\",\"mainEntityOfPage\":{\"@type\":\"WebPage\",\"@id\":\"http:\\\/\\\/noticiasya.com\\\/midland-odessa\\\/2025\\\/12\\\/04\\\/sheinbaum-reunion-trump-sorteo-orix\\\/\"},\"thumbnailUrl\":\"\",\"image\":{\"@type\":\"ImageObject\",\"url\":\"\"},\"articleSection\":\"Noticias Nacionales\",\"author\":[],\"creator\":[],\"publisher\":{\"@type\":\"Organization\",\"name\":\"Noticias\",\"logo\":\"\"},\"keywords\":[],\"dateCreated\":\"2025-12-04T16:03:41Z\",\"datePublished\":\"2025-12-04T16:03:41Z\",\"dateModified\":\"2025-12-04T16:03:41Z\"}<\/script>","tracker_url":"https:\/\/cdn.parsely.com\/keys\/noticiasya.com\/p.js"},"jetpack_featured_media_url":"","jetpack-related-posts":[{"id":1469011,"url":"https:\/\/noticiasya.com\/midland-odessa\/2025\/12\/05\/sheinbaum-trump-sonrien-primera-pequena-reunion-fue-excelente-orix\/","url_meta":{"origin":1468966,"position":0},"title":"Sheinbaum y Trump sonr\u00eden en su primera &#171;peque\u00f1a&#187; reuni\u00f3n: la presidenta de M\u00e9xico dijo que fue &#171;excelente&#187;","author":"","date":"diciembre 5, 2025","format":false,"excerpt":"La presidenta de M\u00e9xico, Claudia Sheinbaum, y el presidente de Estados Unidos, Donald Trump, tuvieron este viernes su primer encuentro cara a cara en Washington, seguido por una reuni\u00f3n en la que tambi\u00e9n particip\u00f3 el primer ministro de Canad\u00e1, Mark Carney.\u201cTuvimos una excelente reuni\u00f3n\u201d, dijo Sheinbaum en X sobre su\u2026","rel":"","context":"In &quot;Noticias Nacionales&quot;","block_context":{"text":"Noticias Nacionales","link":"https:\/\/noticiasya.com\/midland-odessa\/categoria\/noticias-nacionales"},"img":{"alt_text":"","src":"","width":0,"height":0},"classes":[]},{"id":1466115,"url":"https:\/\/noticiasya.com\/midland-odessa\/2025\/09\/03\/sheinbaum-reunion-marco-rubio-no-ha-sido-facil-lograron-entendimiento\/","url_meta":{"origin":1468966,"position":1},"title":"Sheinbaum destaca v\u00ednculo con EE.UU. antes de la reuni\u00f3n con Rubio: &#171;Estamos llegando a acuerdos de entendimiento&#187;","author":"","date":"septiembre 3, 2025","format":false,"excerpt":"La presidenta de M\u00e9xico, Claudia Sheinbaum, habl\u00f3 este mi\u00e9rcoles horas antes de su reuni\u00f3n con el secretario de Estado de Estados Unidos, Marco Rubio. \u201cHemos logrado un entendimiento con el Gobierno de Estados Unidos, que no ha sido f\u00e1cil\u201d, dijo Sheinbaum.La mandataria adelant\u00f3 que el entendimiento entre ambos pa\u00edses no\u2026","rel":"","context":"In &quot;Noticias Nacionales&quot;","block_context":{"text":"Noticias Nacionales","link":"https:\/\/noticiasya.com\/midland-odessa\/categoria\/noticias-nacionales"},"img":{"alt_text":"","src":"","width":0,"height":0},"classes":[]},{"id":1469034,"url":"https:\/\/noticiasya.com\/midland-odessa\/2025\/12\/06\/sheinbaum-confia-mantener-relacion-comercial-eeuu-orix\/","url_meta":{"origin":1468966,"position":2},"title":"Sheinbaum conf\u00eda en que M\u00e9xico mantendr\u00e1 relaci\u00f3n comercial con EE.UU.: &#171;Ambas econom\u00edas nos necesitamos&#187;","author":"","date":"diciembre 6, 2025","format":false,"excerpt":"La presidenta de M\u00e9xico, Claudia Sheinbaum, dijo este s\u00e1bado que conf\u00eda en que su pa\u00eds mantendr\u00e1 la relaci\u00f3n comercial que tiene con Estados Unidos, de cara a que el pr\u00f3ximo a\u00f1o se revise el tratado que ambos pa\u00edses tienen junto con Canad\u00e1, el T-MEC.\u201cEn nuestra relaci\u00f3n comercial, estoy convencida que\u2026","rel":"","context":"In &quot;Noticias Nacionales&quot;","block_context":{"text":"Noticias Nacionales","link":"https:\/\/noticiasya.com\/midland-odessa\/categoria\/noticias-nacionales"},"img":{"alt_text":"","src":"","width":0,"height":0},"classes":[]},{"id":1458746,"url":"https:\/\/noticiasya.com\/midland-odessa\/2025\/02\/14\/sheinbaum-superavit-acero-aluminio-eeuu-aranceles-orix\/","url_meta":{"origin":1468966,"position":3},"title":"Sheinbaum apela al super\u00e1vit de acero y aluminio de EE.UU. con M\u00e9xico para evitar aranceles","author":"","date":"febrero 14, 2025","format":false,"excerpt":"La presidenta de M\u00e9xico, Claudia Sheinbaum, inform\u00f3 este viernes que envi\u00f3 una carta al mandatario de EE.UU., Donald Trump, con el objetivo de evitar la imposici\u00f3n de aranceles del 25 % al acero y al aluminio. La mandataria argument\u00f3 que Estados Unidos mantiene un super\u00e1vit de US$ 6.897 millones con\u2026","rel":"","context":"In &quot;Noticias Nacionales&quot;","block_context":{"text":"Noticias Nacionales","link":"https:\/\/noticiasya.com\/midland-odessa\/categoria\/noticias-nacionales"},"img":{"alt_text":"","src":"","width":0,"height":0},"classes":[]},{"id":1472246,"url":"https:\/\/noticiasya.com\/midland-odessa\/2026\/03\/16\/sheinbaum-amlo-apoyo-cuba-aporte-personal-orix\/","url_meta":{"origin":1468966,"position":4},"title":"Sheinbaum reitera su respaldo al llamado de AMLO a apoyar a Cuba y dice que ella misma har\u00e1 un aporte personal","author":"","date":"marzo 16, 2026","format":false,"excerpt":"La presidenta de M\u00e9xico, Claudia Sheinbaum, volvi\u00f3 a respaldar este lunes el llamado del expresidente Andr\u00e9s Manuel L\u00f3pez Obrador (AMLO) a apoyar al pueblo de Cuba frente al bloqueo econ\u00f3mico y de combustible impuesto por Estados Unidos.\u201cM\u00e9xico fue el \u00fanico pa\u00eds, entre todas las presiones, que se opuso al bloqueo\u2026","rel":"","context":"In &quot;Noticias Nacionales&quot;","block_context":{"text":"Noticias Nacionales","link":"https:\/\/noticiasya.com\/midland-odessa\/categoria\/noticias-nacionales"},"img":{"alt_text":"","src":"","width":0,"height":0},"classes":[]},{"id":1459508,"url":"https:\/\/noticiasya.com\/midland-odessa\/2025\/03\/05\/sheinbaum-acuerdo-eeuu-motivos-trump-imponer-aranceles-orix\/","url_meta":{"origin":1468966,"position":5},"title":"Sheinbaum dice hab\u00eda llegado a un acuerdo con EE.UU., por lo que no entiende motivos de Trump para imponer aranceles","author":"","date":"marzo 5, 2025","format":false,"excerpt":"La presidenta de M\u00e9xico, Claudia Sheinbaum, asegur\u00f3 que le extra\u00f1an los aranceles impuestos por su homol\u00f3go estadounidense, Donald Trump, a importaciones de productos mexicanos, pues ya se hab\u00eda llegado a un acuerdo con Washington.Sheinbaum hizo referencia a la reuni\u00f3n en Washington del pasado 27 de febrero entre el gabinete de\u2026","rel":"","context":"In &quot;Noticias Nacionales&quot;","block_context":{"text":"Noticias Nacionales","link":"https:\/\/noticiasya.com\/midland-odessa\/categoria\/noticias-nacionales"},"img":{"alt_text":"","src":"","width":0,"height":0},"classes":[]}],"jetpack_sharing_enabled":true,"_links":{"self":[{"href":"https:\/\/noticiasya.com\/midland-odessa\/wp-json\/wp\/v2\/posts\/1468966","targetHints":{"allow":["GET"]}}],"collection":[{"href":"https:\/\/noticiasya.com\/midland-odessa\/wp-json\/wp\/v2\/posts"}],"about":[{"href":"https:\/\/noticiasya.com\/midland-odessa\/wp-json\/wp\/v2\/types\/post"}],"replies":[{"embeddable":true,"href":"https:\/\/noticiasya.com\/midland-odessa\/wp-json\/wp\/v2\/comments?post=1468966"}],"version-history":[{"count":0,"href":"https:\/\/noticiasya.com\/midland-odessa\/wp-json\/wp\/v2\/posts\/1468966\/revisions"}],"wp:attachment":[{"href":"https:\/\/noticiasya.com\/midland-odessa\/wp-json\/wp\/v2\/media?parent=1468966"}],"wp:term":[{"taxonomy":"category","embeddable":true,"href":"https:\/\/noticiasya.com\/midland-odessa\/wp-json\/wp\/v2\/categories?post=1468966"},{"taxonomy":"post_tag","embeddable":true,"href":"https:\/\/noticiasya.com\/midland-odessa\/wp-json\/wp\/v2\/tags?post=1468966"}],"curies":[{"name":"wp","href":"https:\/\/api.w.org\/{rel}","templated":true}]}}