{"id":1468970,"date":"2025-12-04T11:03:49","date_gmt":"2025-12-04T19:03:49","guid":{"rendered":"https:\/\/noticiasya.com\/2025\/12\/04\/premio-fifa-paz-trump-trax\/"},"modified":"2025-12-04T11:03:49","modified_gmt":"2025-12-04T19:03:49","slug":"premio-fifa-paz-trump-trax","status":"publish","type":"post","link":"https:\/\/noticiasya.com\/midland-odessa\/2025\/12\/04\/premio-fifa-paz-trump-trax\/","title":{"rendered":"\u00bfQu\u00e9 es el Premio FIFA de la Paz y por qu\u00e9 se espera que Donald Trump gane?"},"content":{"rendered":"<p>Mientras miles de millones de aficionados de todo el mundo sintonizan el sorteo del Mundial el viernes, tambi\u00e9n tendr\u00e1n la oportunidad de ver al presidente de la FIFA, Gianni Infantino, entregar un nuevo y un tanto desconcertante premio.<\/p>\n<p>El organismo rector del f\u00fatbol mundial anunci\u00f3 en noviembre que este a\u00f1o se presentar\u00e1 el Premio FIFA de la Paz, un nuevo galard\u00f3n anual que se otorga a alguien que, seg\u00fan la FIFA, ha realizado \u201cacciones excepcionales y extraordinarias por la paz y, al hacerlo, ha unido a personas de todo el mundo\u201d.<\/p>\n<p>La FIFA <a href=\"https:\/\/inside.fifa.com\/organisation\/media-releases\/peace-prize-award-football-unites-the-world-infantino?requester=MediaHub\">afirma<\/a> que el premio se entregar\u00e1 en nombre de m\u00e1s de 5.000 millones de aficionados al f\u00fatbol en todo el mundo, pero no est\u00e1 del todo claro c\u00f3mo se elige al ganador.<\/p>\n<p>Y, quiz\u00e1s lo m\u00e1s notable, se rumorea que el presidente Donald Trump ser\u00e1 el ganador del premio inaugural.<\/p>\n<p>Aqu\u00ed tienes todo lo que necesitas saber sobre el nuevo premio.<\/p>\n<p>El nuevo premio se entregar\u00e1 tras el sorteo de la Copa Mundial, que tendr\u00e1 lugar el 5 de diciembre. La ceremonia de entrega del premio tambi\u00e9n tendr\u00e1 lugar en el mismo lugar del sorteo: el Centro John F. Kennedy para las Artes Esc\u00e9nicas en la ciudad de Washington.<\/p>\n<p>Trump preside ahora la Junta Directiva del Centro Kennedy tras una reestructuraci\u00f3n del grupo directivo anterior.<\/p>\n<p>La FIFA ha mantenido el hermetismo sobre qui\u00e9n recibir\u00e1 el primer Premio FIFA de la Paz, en medio de rumores de que est\u00e1 destinado al presidente estadounidense.<\/p>\n<p>Infantino parece ser un gran admirador de Trump y ambos parecen haber desarrollado una estrecha relaci\u00f3n en la preparaci\u00f3n para el Mundial del pr\u00f3ximo a\u00f1o.<\/p>\n<p>En varias ocasiones, se les ha visto juntos, como en la toma de posesi\u00f3n de Trump y en la cumbre de paz de Sharm el-Sheikh a principios de este a\u00f1o.<\/p>\n<p>Infantino tambi\u00e9n apoy\u00f3 abiertamente la candidatura de Trump para ganar el Premio Nobel de la Paz, que finalmente fue otorgado a <a href=\"https:\/\/cnnespanol.cnn.com\/2025\/10\/10\/mundo\/premio-nobel-paz-maria-corina-machado-lider-opositora-venezolana-trax\">la l\u00edder opositora venezolana Mar\u00eda Corina Machado.<\/a><\/p>\n<p>Un d\u00eda antes del anuncio del premio, Infantino <a href=\"https:\/\/www.instagram.com\/p\/DPlvcWkiO6Y\/?hl=en&#038;img_index=1\">hab\u00eda publicado en Instagram que<\/a> Trump \u201cdefinitivamente\u201d lo merec\u00eda.<\/p>\n<p>Quiz\u00e1s no sea casualidad, entonces, que la FIFA haya creado su propio premio de la paz este a\u00f1o y lo entregue en Washington, a pocos minutos de la Casa Blanca.<\/p>\n<p>Trump, por supuesto, asistir\u00e1 al sorteo de la Copa Mundial, junto con los l\u00edderes de los otros pa\u00edses coanfitriones, M\u00e9xico y Canad\u00e1.<\/p>\n<p><a href=\"https:\/\/kalshi.com\/markets\/kxfifapeace\/who-will-win-the-fifa-peace-prize\/kxfifapeace-27\">La predicci\u00f3n actual de la firma Kalshi<\/a>, a las 9:30 a. m. ET del jueves, indica que Trump tiene un 91 % de probabilidades de ganar el premio.<\/p>\n<p>A varios grupos de derechos humanos les preocupa que Infantino est\u00e9 congraci\u00e1ndose con Trump a costa de la neutralidad pol\u00edtica.<\/p>\n<p>El grupo de defensa FairSquare dijo a CNN Sports que la introducci\u00f3n del premio \u201ces solo el ejemplo m\u00e1s reciente de una grave mala gobernanza en la FIFA y una prueba m\u00e1s de que la organizaci\u00f3n necesita una reforma urgente\u201d.<\/p>\n<p>El director de FairSquare, Nick McGeehan, a\u00f1adi\u00f3: \u201cLa decisi\u00f3n de Gianni Infantino de vincular a la FIFA con el proyecto MAGA de Trump podr\u00eda tener sentido comercial a corto plazo para la FIFA, pero obviamente es muy perjudicial para la integridad y la reputaci\u00f3n del deporte\u201d.<\/p>\n<p>En una conferencia de prensa el mi\u00e9rcoles, la directora de iniciativas globales de Human Rights Watch (HRW), Minky Worden, afirm\u00f3 que su organizaci\u00f3n se hab\u00eda puesto en contacto con la FIFA para comprender mejor el proceso de decisi\u00f3n del premio.<\/p>\n<p>\u201cNo tenemos una respuesta a eso, lo que podr\u00eda inferirse es que no hay proceso, no hay otros nominados, no hubo evaluaci\u00f3n\u201d, declar\u00f3.<\/p>\n<p>CNN Sports se ha puesto en contacto con la FIFA en relaci\u00f3n con el proceso de decisi\u00f3n del Premio FIFA de la Paz, pero a\u00fan no ha recibido respuesta.<\/p>\n<p>En noviembre, la FIFA respondi\u00f3 a las preguntas de CNN sobre la relaci\u00f3n de Infantino con Trump, en medio de la preocupaci\u00f3n de grupos de derechos humanos de que se ha vuelto demasiado cercana para su tranquilidad.<\/p>\n<p>El organismo rector del f\u00fatbol mundial dijo a CNN que es parte de la funci\u00f3n de su presidente mantener buenas relaciones con los l\u00edderes de los pa\u00edses coanfitriones. \u201cDesde la adjudicaci\u00f3n de la Candidatura Conjunta de Canad\u00e1, M\u00e9xico y Estados Unidos para albergar la Copa Mundial de la FIFA 2026, el presidente de la FIFA ha mantenido una s\u00f3lida relaci\u00f3n con el presidente Trump, junto con los l\u00edderes de Canad\u00e1 y M\u00e9xico, pa\u00edses coanfitriones\u201d, declar\u00f3 la FIFA.<\/p>\n<p>\u201cEsto ha dado lugar a una estrecha colaboraci\u00f3n que ha llevado a la formaci\u00f3n del Grupo de Trabajo de la Casa Blanca para la Copa Mundial de la FIFA\u201d.<\/p>\n<p>As\u00ed pues, aunque todo apunta a que Trump recibir\u00e1 el Premio FIFA de la Paz el pr\u00f3ximo viernes, no lo sabemos con certeza.<\/p>\n<p>Si resulta ganador, esto podr\u00eda plantear nuevas preguntas sobre la relaci\u00f3n de la FIFA con Trump de cara a la ya controvertida Copa Mundial del pr\u00f3ximo a\u00f1o.<\/p>\n<p>The-CNN-Wire<br \/>&trade; &amp; &copy; 2025 Cable News Network, Inc., a Warner Bros. Discovery Company. All rights reserved.<\/p>\n","protected":false},"excerpt":{"rendered":"<p>Mientras miles de millones de aficionados de todo el mundo sintonizan el sorteo del Mundial el viernes, tambi\u00e9n tendr\u00e1n la oportunidad de ver al presidente de la FIFA, Gianni Infantino, entregar un nuevo y un tanto desconcertante premio. El organismo rector del f\u00fatbol mundial anunci\u00f3 en noviembre que este a\u00f1o se presentar\u00e1 el Premio FIFA [&hellip;]<\/p>\n","protected":false},"author":0,"featured_media":0,"comment_status":"open","ping_status":"open","sticky":false,"template":"","format":"standard","meta":{"_jetpack_memberships_contains_paid_content":false,"footnotes":""},"categories":[10],"tags":[],"class_list":["post-1468970","post","type-post","status-publish","format-standard","hentry","category-noticias-nacionales","market-global"],"yoast_head":"<!-- This site is optimized with the Yoast SEO plugin v24.4 - https:\/\/yoast.com\/wordpress\/plugins\/seo\/ -->\n<title>\u00bfQu\u00e9 es el Premio FIFA de la Paz y por qu\u00e9 se espera que Donald Trump gane? - Noticias<\/title>\n<meta name=\"robots\" content=\"index, follow, max-snippet:-1, max-image-preview:large, max-video-preview:-1\" \/>\n<link rel=\"canonical\" href=\"https:\/\/noticiasya.com\/2025\/12\/04\/premio-fifa-paz-trump-trax\/\" \/>\n<meta property=\"og:locale\" content=\"es_ES\" \/>\n<meta property=\"og:type\" content=\"article\" \/>\n<meta property=\"og:title\" content=\"\u00bfQu\u00e9 es el Premio FIFA de la Paz y por qu\u00e9 se espera que Donald Trump gane? - Noticias\" \/>\n<meta property=\"og:description\" content=\"Mientras miles de millones de aficionados de todo el mundo sintonizan el sorteo del Mundial el viernes, tambi\u00e9n tendr\u00e1n la oportunidad de ver al presidente de la FIFA, Gianni Infantino, entregar un nuevo y un tanto desconcertante premio. El organismo rector del f\u00fatbol mundial anunci\u00f3 en noviembre que este a\u00f1o se presentar\u00e1 el Premio FIFA [&hellip;]\" \/>\n<meta property=\"og:url\" content=\"https:\/\/noticiasya.com\/2025\/12\/04\/premio-fifa-paz-trump-trax\/\" \/>\n<meta property=\"og:site_name\" content=\"Noticias\" \/>\n<meta property=\"article:published_time\" content=\"2025-12-04T19:03:49+00:00\" \/>\n<meta name=\"twitter:card\" content=\"summary_large_image\" \/>\n<meta name=\"twitter:label1\" content=\"Est. reading time\" \/>\n\t<meta name=\"twitter:data1\" content=\"4 minutos\" \/>\n<script type=\"application\/ld+json\" class=\"yoast-schema-graph\">{\"@context\":\"https:\/\/schema.org\",\"@graph\":[{\"@type\":\"Article\",\"@id\":\"https:\/\/noticiasya.com\/2025\/12\/04\/premio-fifa-paz-trump-trax\/#article\",\"isPartOf\":{\"@id\":\"https:\/\/noticiasya.com\/2025\/12\/04\/premio-fifa-paz-trump-trax\/\"},\"author\":{\"name\":\"\",\"@id\":\"\"},\"headline\":\"\u00bfQu\u00e9 es el Premio FIFA de la Paz y por qu\u00e9 se espera que Donald Trump gane?\",\"datePublished\":\"2025-12-04T19:03:49+00:00\",\"mainEntityOfPage\":{\"@id\":\"https:\/\/noticiasya.com\/2025\/12\/04\/premio-fifa-paz-trump-trax\/\"},\"wordCount\":915,\"commentCount\":0,\"publisher\":{\"@id\":\"https:\/\/noticiasya.com\/#organization\"},\"articleSection\":[\"Noticias Nacionales\"],\"inLanguage\":\"es\",\"potentialAction\":[{\"@type\":\"CommentAction\",\"name\":\"Comment\",\"target\":[\"https:\/\/noticiasya.com\/2025\/12\/04\/premio-fifa-paz-trump-trax\/#respond\"]}]},{\"@type\":\"WebPage\",\"@id\":\"https:\/\/noticiasya.com\/2025\/12\/04\/premio-fifa-paz-trump-trax\/\",\"url\":\"https:\/\/noticiasya.com\/2025\/12\/04\/premio-fifa-paz-trump-trax\/\",\"name\":\"\u00bfQu\u00e9 es el Premio FIFA de la Paz y por qu\u00e9 se espera que Donald Trump gane? - Noticias\",\"isPartOf\":{\"@id\":\"https:\/\/noticiasya.com\/#website\"},\"datePublished\":\"2025-12-04T19:03:49+00:00\",\"breadcrumb\":{\"@id\":\"https:\/\/noticiasya.com\/2025\/12\/04\/premio-fifa-paz-trump-trax\/#breadcrumb\"},\"inLanguage\":\"es\",\"potentialAction\":[{\"@type\":\"ReadAction\",\"target\":[\"https:\/\/noticiasya.com\/2025\/12\/04\/premio-fifa-paz-trump-trax\/\"]}]},{\"@type\":\"BreadcrumbList\",\"@id\":\"https:\/\/noticiasya.com\/2025\/12\/04\/premio-fifa-paz-trump-trax\/#breadcrumb\",\"itemListElement\":[{\"@type\":\"ListItem\",\"position\":1,\"name\":\"Home\",\"item\":\"https:\/\/noticiasya.com\/\"},{\"@type\":\"ListItem\",\"position\":2,\"name\":\"\u00bfQu\u00e9 es el Premio FIFA de la Paz y por qu\u00e9 se espera que Donald Trump gane?\"}]},{\"@type\":\"WebSite\",\"@id\":\"https:\/\/noticiasya.com\/#website\",\"url\":\"https:\/\/noticiasya.com\/\",\"name\":\"Noticias\",\"description\":\"Lo que importa\",\"publisher\":{\"@id\":\"https:\/\/noticiasya.com\/#organization\"},\"potentialAction\":[{\"@type\":\"SearchAction\",\"target\":{\"@type\":\"EntryPoint\",\"urlTemplate\":\"https:\/\/noticiasya.com\/?s={search_term_string}\"},\"query-input\":{\"@type\":\"PropertyValueSpecification\",\"valueRequired\":true,\"valueName\":\"search_term_string\"}}],\"inLanguage\":\"es\"},{\"@type\":\"Organization\",\"@id\":\"https:\/\/noticiasya.com\/#organization\",\"name\":\"Noticias\",\"url\":\"https:\/\/noticiasya.com\/\",\"logo\":{\"@type\":\"ImageObject\",\"inLanguage\":\"es\",\"@id\":\"https:\/\/noticiasya.com\/#\/schema\/logo\/image\/\",\"url\":\"https:\/\/noticiasya.com\/wp-content\/uploads\/sites\/22\/2023\/12\/logo-nacional.png\",\"contentUrl\":\"https:\/\/noticiasya.com\/wp-content\/uploads\/sites\/22\/2023\/12\/logo-nacional.png\",\"width\":1801,\"height\":691,\"caption\":\"Noticias\"},\"image\":{\"@id\":\"https:\/\/noticiasya.com\/#\/schema\/logo\/image\/\"}}]}<\/script>\n<!-- \/ Yoast SEO plugin. -->","yoast_head_json":{"title":"\u00bfQu\u00e9 es el Premio FIFA de la Paz y por qu\u00e9 se espera que Donald Trump gane? - Noticias","robots":{"index":"index","follow":"follow","max-snippet":"max-snippet:-1","max-image-preview":"max-image-preview:large","max-video-preview":"max-video-preview:-1"},"canonical":"https:\/\/noticiasya.com\/2025\/12\/04\/premio-fifa-paz-trump-trax\/","og_locale":"es_ES","og_type":"article","og_title":"\u00bfQu\u00e9 es el Premio FIFA de la Paz y por qu\u00e9 se espera que Donald Trump gane? - Noticias","og_description":"Mientras miles de millones de aficionados de todo el mundo sintonizan el sorteo del Mundial el viernes, tambi\u00e9n tendr\u00e1n la oportunidad de ver al presidente de la FIFA, Gianni Infantino, entregar un nuevo y un tanto desconcertante premio. El organismo rector del f\u00fatbol mundial anunci\u00f3 en noviembre que este a\u00f1o se presentar\u00e1 el Premio FIFA [&hellip;]","og_url":"https:\/\/noticiasya.com\/2025\/12\/04\/premio-fifa-paz-trump-trax\/","og_site_name":"Noticias","article_published_time":"2025-12-04T19:03:49+00:00","twitter_card":"summary_large_image","twitter_misc":{"Est. reading time":"4 minutos"},"schema":{"@context":"https:\/\/schema.org","@graph":[{"@type":"Article","@id":"https:\/\/noticiasya.com\/2025\/12\/04\/premio-fifa-paz-trump-trax\/#article","isPartOf":{"@id":"https:\/\/noticiasya.com\/2025\/12\/04\/premio-fifa-paz-trump-trax\/"},"author":{"name":"","@id":""},"headline":"\u00bfQu\u00e9 es el Premio FIFA de la Paz y por qu\u00e9 se espera que Donald Trump gane?","datePublished":"2025-12-04T19:03:49+00:00","mainEntityOfPage":{"@id":"https:\/\/noticiasya.com\/2025\/12\/04\/premio-fifa-paz-trump-trax\/"},"wordCount":915,"commentCount":0,"publisher":{"@id":"https:\/\/noticiasya.com\/#organization"},"articleSection":["Noticias Nacionales"],"inLanguage":"es","potentialAction":[{"@type":"CommentAction","name":"Comment","target":["https:\/\/noticiasya.com\/2025\/12\/04\/premio-fifa-paz-trump-trax\/#respond"]}]},{"@type":"WebPage","@id":"https:\/\/noticiasya.com\/2025\/12\/04\/premio-fifa-paz-trump-trax\/","url":"https:\/\/noticiasya.com\/2025\/12\/04\/premio-fifa-paz-trump-trax\/","name":"\u00bfQu\u00e9 es el Premio FIFA de la Paz y por qu\u00e9 se espera que Donald Trump gane? - Noticias","isPartOf":{"@id":"https:\/\/noticiasya.com\/#website"},"datePublished":"2025-12-04T19:03:49+00:00","breadcrumb":{"@id":"https:\/\/noticiasya.com\/2025\/12\/04\/premio-fifa-paz-trump-trax\/#breadcrumb"},"inLanguage":"es","potentialAction":[{"@type":"ReadAction","target":["https:\/\/noticiasya.com\/2025\/12\/04\/premio-fifa-paz-trump-trax\/"]}]},{"@type":"BreadcrumbList","@id":"https:\/\/noticiasya.com\/2025\/12\/04\/premio-fifa-paz-trump-trax\/#breadcrumb","itemListElement":[{"@type":"ListItem","position":1,"name":"Home","item":"https:\/\/noticiasya.com\/"},{"@type":"ListItem","position":2,"name":"\u00bfQu\u00e9 es el Premio FIFA de la Paz y por qu\u00e9 se espera que Donald Trump gane?"}]},{"@type":"WebSite","@id":"https:\/\/noticiasya.com\/#website","url":"https:\/\/noticiasya.com\/","name":"Noticias","description":"Lo que importa","publisher":{"@id":"https:\/\/noticiasya.com\/#organization"},"potentialAction":[{"@type":"SearchAction","target":{"@type":"EntryPoint","urlTemplate":"https:\/\/noticiasya.com\/?s={search_term_string}"},"query-input":{"@type":"PropertyValueSpecification","valueRequired":true,"valueName":"search_term_string"}}],"inLanguage":"es"},{"@type":"Organization","@id":"https:\/\/noticiasya.com\/#organization","name":"Noticias","url":"https:\/\/noticiasya.com\/","logo":{"@type":"ImageObject","inLanguage":"es","@id":"https:\/\/noticiasya.com\/#\/schema\/logo\/image\/","url":"https:\/\/noticiasya.com\/wp-content\/uploads\/sites\/22\/2023\/12\/logo-nacional.png","contentUrl":"https:\/\/noticiasya.com\/wp-content\/uploads\/sites\/22\/2023\/12\/logo-nacional.png","width":1801,"height":691,"caption":"Noticias"},"image":{"@id":"https:\/\/noticiasya.com\/#\/schema\/logo\/image\/"}}]}},"parsely":{"version":"1.1.0","canonical_url":"https:\/\/noticiasya.com\/midland-odessa\/2025\/12\/04\/premio-fifa-paz-trump-trax\/","smart_links":{"inbound":0,"outbound":0},"traffic_boost_suggestions_count":0,"meta":{"@context":"https:\/\/schema.org","@type":"NewsArticle","headline":"\u00bfQu\u00e9 es el Premio FIFA de la Paz y por qu\u00e9 se espera que Donald Trump gane?","url":"http:\/\/noticiasya.com\/midland-odessa\/2025\/12\/04\/premio-fifa-paz-trump-trax\/","mainEntityOfPage":{"@type":"WebPage","@id":"http:\/\/noticiasya.com\/midland-odessa\/2025\/12\/04\/premio-fifa-paz-trump-trax\/"},"thumbnailUrl":"","image":{"@type":"ImageObject","url":""},"articleSection":"Noticias Nacionales","author":[],"creator":[],"publisher":{"@type":"Organization","name":"Noticias","logo":""},"keywords":[],"dateCreated":"2025-12-04T19:03:49Z","datePublished":"2025-12-04T19:03:49Z","dateModified":"2025-12-04T19:03:49Z"},"rendered":"<script type=\"application\/ld+json\" class=\"wp-parsely-metadata\">{\"@context\":\"https:\\\/\\\/schema.org\",\"@type\":\"NewsArticle\",\"headline\":\"\\u00bfQu\\u00e9 es el Premio FIFA de la Paz y por qu\\u00e9 se espera que Donald Trump gane?\",\"url\":\"http:\\\/\\\/noticiasya.com\\\/midland-odessa\\\/2025\\\/12\\\/04\\\/premio-fifa-paz-trump-trax\\\/\",\"mainEntityOfPage\":{\"@type\":\"WebPage\",\"@id\":\"http:\\\/\\\/noticiasya.com\\\/midland-odessa\\\/2025\\\/12\\\/04\\\/premio-fifa-paz-trump-trax\\\/\"},\"thumbnailUrl\":\"\",\"image\":{\"@type\":\"ImageObject\",\"url\":\"\"},\"articleSection\":\"Noticias Nacionales\",\"author\":[],\"creator\":[],\"publisher\":{\"@type\":\"Organization\",\"name\":\"Noticias\",\"logo\":\"\"},\"keywords\":[],\"dateCreated\":\"2025-12-04T19:03:49Z\",\"datePublished\":\"2025-12-04T19:03:49Z\",\"dateModified\":\"2025-12-04T19:03:49Z\"}<\/script>","tracker_url":"https:\/\/cdn.parsely.com\/keys\/noticiasya.com\/p.js"},"jetpack_featured_media_url":"","jetpack-related-posts":[{"id":1469006,"url":"https:\/\/noticiasya.com\/midland-odessa\/2025\/12\/05\/trump-premio-fifa-de-la-paz-mundial-trax\/","url_meta":{"origin":1468970,"position":0},"title":"Trump gana el primer Premio FIFA de la Paz","author":"","date":"diciembre 5, 2025","format":false,"excerpt":"El presidente de EE.UU., Donald Trump, fue galardonado este viernes con el reci\u00e9n creado Premio FIFA de la Paz.El organismo rector del f\u00fatbol mundial anunci\u00f3 en noviembre que este a\u00f1o entregar\u00eda por primera vez este premio, un nuevo reconocimiento anual a una persona que, seg\u00fan la FIFA, ha llevado a\u2026","rel":"","context":"In &quot;Noticias Nacionales&quot;","block_context":{"text":"Noticias Nacionales","link":"https:\/\/noticiasya.com\/midland-odessa\/categoria\/noticias-nacionales"},"img":{"alt_text":"","src":"","width":0,"height":0},"classes":[]},{"id":1469229,"url":"https:\/\/noticiasya.com\/midland-odessa\/2025\/12\/12\/aficionados-asombrados-precios-copa-mundial-2026-trax\/","url_meta":{"origin":1468970,"position":1},"title":"Por qu\u00e9 los aficionados est\u00e1n &#171;asombrados&#187; por los precios &#171;exorbitantes&#187; de las entradas de la Copa Mundial 2026","author":"","date":"diciembre 12, 2025","format":false,"excerpt":"Con la Copa Mundial de la FIFA 2026 a solo seis meses de comenzar, los aficionados deber\u00edan estar entusiasmados por ir a ver jugar a su selecci\u00f3n nacional en Norteam\u00e9rica el pr\u00f3ximo verano. Pero, tras el inicio de la fase m\u00e1s reciente de venta de boletos esta semana, asistir podr\u00eda\u2026","rel":"","context":"In &quot;Noticias Nacionales&quot;","block_context":{"text":"Noticias Nacionales","link":"https:\/\/noticiasya.com\/midland-odessa\/categoria\/noticias-nacionales"},"img":{"alt_text":"","src":"","width":0,"height":0},"classes":[]},{"id":1463522,"url":"https:\/\/noticiasya.com\/midland-odessa\/2025\/06\/13\/mundial-clubes-cuanto-dinero-ganaran-equipos-campeon-orix\/","url_meta":{"origin":1468970,"position":2},"title":"La inyecci\u00f3n millonaria del nuevo Mundial de Clubes: cu\u00e1nto dinero ganar\u00e1n los equipos y el campe\u00f3n","author":"","date":"junio 13, 2025","format":false,"excerpt":"El Mundial de Clubes de la FIFA en Estados Unidos es la vig\u00e9simoprimera edici\u00f3n del torneo y la primera en Norteam\u00e9rica, y estrena un nuevo formato que incluye 32 clubes de las 6 confederaciones de f\u00fatbol que competir\u00e1n, a partir de ahora, cada cuatro a\u00f1os por el t\u00edtulo.Mirando hacia atr\u00e1s,\u2026","rel":"","context":"In &quot;Noticias Nacionales&quot;","block_context":{"text":"Noticias Nacionales","link":"https:\/\/noticiasya.com\/midland-odessa\/categoria\/noticias-nacionales"},"img":{"alt_text":"","src":"","width":0,"height":0},"classes":[]},{"id":1469290,"url":"https:\/\/noticiasya.com\/midland-odessa\/2025\/12\/15\/gala-premios-the-best-2025-fifa-orix\/","url_meta":{"origin":1468970,"position":3},"title":"Gala de los premios The Best 2025 de la FIFA: c\u00f3mo se dar\u00e1 a conocer a los ganadores, horarios y c\u00f3mo ver","author":"","date":"diciembre 15, 2025","format":false,"excerpt":"Por m\u00e1s que la temporada futbol\u00edstica reci\u00e9n est\u00e9 pr\u00f3xima a su ecuador, es momento del \u00faltimo balance del a\u00f1o. La FIFA anunci\u00f3 que este martes revelar\u00e1 los ganadores de los premios The Best, el galard\u00f3n con el que busca emular al Bal\u00f3n de Oro de la revista France Football para\u2026","rel":"","context":"In &quot;Noticias Nacionales&quot;","block_context":{"text":"Noticias Nacionales","link":"https:\/\/noticiasya.com\/midland-odessa\/categoria\/noticias-nacionales"},"img":{"alt_text":"","src":"","width":0,"height":0},"classes":[]},{"id":1469353,"url":"https:\/\/noticiasya.com\/midland-odessa\/2025\/12\/17\/premio-campeon-selecciones-participantes-mundial-2026-orix\/","url_meta":{"origin":1468970,"position":4},"title":"\u00bfCu\u00e1nto dinero recibir\u00e1 el campe\u00f3n del Mundial 2026? FIFA revela una cifra millonaria para el ganador y todas las selecciones","author":"","date":"diciembre 17, 2025","format":false,"excerpt":"La FIFA dio a conocer un monto r\u00e9cord de premios para la Copa Mundial de la FIFA 2026, a llevarse a cabo en Canad\u00e1, Estados Unidos y M\u00e9xico, en medio de varios anuncios que promueven iniciativas para el desarrollo del f\u00fatbol juvenil y la creaci\u00f3n de un fondo de recuperaci\u00f3n\u2026","rel":"","context":"In &quot;Noticias Nacionales&quot;","block_context":{"text":"Noticias Nacionales","link":"https:\/\/noticiasya.com\/midland-odessa\/categoria\/noticias-nacionales"},"img":{"alt_text":"","src":"","width":0,"height":0},"classes":[]},{"id":1469356,"url":"https:\/\/noticiasya.com\/midland-odessa\/2025\/12\/17\/mundial-2026-altos-precios-boletos-fifa-trax\/","url_meta":{"origin":1468970,"position":5},"title":"Los precios de las entradas plantean la pregunta: \u00bfser\u00e1 este el Mundial del &#171;s\u00e1ndwich de langostinos&#187;?","author":"","date":"diciembre 17, 2025","format":false,"excerpt":"El excapit\u00e1n del Manchester United Roy Keane era conocido por su valent\u00eda e intimidaci\u00f3n. Durante sus 12 a\u00f1os en Old Trafford, el centrocampista irland\u00e9s conquist\u00f3 17 trofeos y dej\u00f3 huella en muchos jugadores rivales.Pero una de sus contribuciones m\u00e1s significativas al f\u00fatbol fue un comentario tras un partido de la\u2026","rel":"","context":"In &quot;Noticias Nacionales&quot;","block_context":{"text":"Noticias Nacionales","link":"https:\/\/noticiasya.com\/midland-odessa\/categoria\/noticias-nacionales"},"img":{"alt_text":"","src":"","width":0,"height":0},"classes":[]}],"jetpack_sharing_enabled":true,"_links":{"self":[{"href":"https:\/\/noticiasya.com\/midland-odessa\/wp-json\/wp\/v2\/posts\/1468970","targetHints":{"allow":["GET"]}}],"collection":[{"href":"https:\/\/noticiasya.com\/midland-odessa\/wp-json\/wp\/v2\/posts"}],"about":[{"href":"https:\/\/noticiasya.com\/midland-odessa\/wp-json\/wp\/v2\/types\/post"}],"replies":[{"embeddable":true,"href":"https:\/\/noticiasya.com\/midland-odessa\/wp-json\/wp\/v2\/comments?post=1468970"}],"version-history":[{"count":0,"href":"https:\/\/noticiasya.com\/midland-odessa\/wp-json\/wp\/v2\/posts\/1468970\/revisions"}],"wp:attachment":[{"href":"https:\/\/noticiasya.com\/midland-odessa\/wp-json\/wp\/v2\/media?parent=1468970"}],"wp:term":[{"taxonomy":"category","embeddable":true,"href":"https:\/\/noticiasya.com\/midland-odessa\/wp-json\/wp\/v2\/categories?post=1468970"},{"taxonomy":"post_tag","embeddable":true,"href":"https:\/\/noticiasya.com\/midland-odessa\/wp-json\/wp\/v2\/tags?post=1468970"}],"curies":[{"name":"wp","href":"https:\/\/api.w.org\/{rel}","templated":true}]}}