{"id":1468971,"date":"2025-12-04T11:03:50","date_gmt":"2025-12-04T19:03:50","guid":{"rendered":"https:\/\/noticiasya.com\/2025\/12\/04\/rosalia-fechas-ciudades-gira-mundial-orix\/"},"modified":"2025-12-04T11:03:50","modified_gmt":"2025-12-04T19:03:50","slug":"rosalia-fechas-ciudades-gira-mundial-orix","status":"publish","type":"post","link":"https:\/\/noticiasya.com\/midland-odessa\/2025\/12\/04\/rosalia-fechas-ciudades-gira-mundial-orix\/","title":{"rendered":"Rosal\u00eda anuncia las ciudades y las fechas de los conciertos de su gira mundial"},"content":{"rendered":"<p>La cantante espa\u00f1ola <a href=\"https:\/\/cnnespanol.cnn.com\/2025\/11\/03\/entretenimiento\/video\/rosalia-nuevo-disco-lux-perspectivas-mexico-tv\">Rosal\u00eda<\/a> <a href=\"https:\/\/www.instagram.com\/p\/DR16wSCDKWQ\/?utm_source=ig_web_copy_link&#038;igsh=MzRlODBiNWFlZA==\">anunci\u00f3<\/a> este jueves las fechas y las ciudades, con una fuerte presencia en Latinoam\u00e9rica, que visitar\u00e1 en su <a href=\"https:\/\/www.rosalia.com\/#tour\">gira mundial<\/a> de 42 conciertos en 17 pa\u00edses para promocionar su nuevo \u00e1lbum \u201c<a href=\"https:\/\/cnnespanol.cnn.com\/2025\/10\/21\/entretenimiento\/rosalia-paraliza-madrid-lux-nuevo-album-orix\">Lux<\/a>\u201d.<\/p>\n<p>Las ciudades en Latinoam\u00e9rica a las que la cantante de \u201cMalamente\u201d y \u201cCon altura\u201d llevar\u00e1 su \u201cLux World Tour\u201d son Ciudad de M\u00e9xico, Monterrey y Guadalajara, en M\u00e9xico; Buenos Aires, Argentina, Bogot\u00e1, Colombia; Santiago en Chile; San Juan en Puerto Rico y Rio de Janeiro en Brasil.<\/p>\n<p>El <a href=\"https:\/\/www.rosalia.com\/\">sitio web oficial de Rosal\u00eda<\/a> tiene los detalles del lugar en el que ser\u00e1n los conciertos y la informaci\u00f3n para reservar los boletos. La gira mundial se inicia en Lyon, Francia, el 16 de marzo de 2026.<\/p>\n<p>Los boletos del \u201cLux World Tour\u201d saldr\u00e1n a la venta el 11 de diciembre en el <a href=\"https:\/\/www.rosalia.com\/\">sitio web oficial<\/a> de Rosal\u00eda. Los tarjetahabientes de American Express en Estados Unidos y Canad\u00e1 <a href=\"https:\/\/www.ticketmaster.com\/rosalia-tickets\/artist\/2453211?irgwc=1&#038;afsrc=1&#038;clickid=QUcXf6Vw%3AxycUGmzS1zY-XqcUkpTCEWWMWwn0w0&#038;camefrom=CFC_BUYAT_10078&#038;impradid=10078&#038;REFERRAL_ID=tmfeedbuyat10078&#038;wt.mc_id=aff_BUYAT_10078&#038;utm_source=10078-Skimbit%20Ltd.&#038;impradname=Skimbit%20Ltd.&#038;utm_medium=affiliate&#038;ircid=4272\">tendr\u00e1n acceso<\/a> a la venta de boletos el 9 de diciembre, pero solo para ciertos conciertos en Norteam\u00e9rica.<\/p>\n<p>Esta es la lista completa de ciudades y fechas de la \u201cLux Word Tour\u201d:<\/p>\n<ul>\n<li><strong>16 de marzo:<\/strong> Lyon, Francia (LDLC Arena)<\/li>\n<li><strong>18 de marzo:<\/strong> Par\u00eds, Francia (Accor Arena)<\/li>\n<li><strong>20 de marzo: <\/strong>Par\u00eds, Francia (Accor Arena)<\/li>\n<li><strong>22 de marzo:<\/strong> Zurich, Suiza (Hallenstadion)<\/li>\n<li><strong>25 de marzo:<\/strong> Mil\u00e1n, Italia (Unipol Forum)<\/li>\n<li><strong>30 de marzo:<\/strong> Madrid, Espa\u00f1a (Movistar Arena)<\/li>\n<li><strong>1 de abril:<\/strong> Madrid, Espa\u00f1a (Movistar Arena)<\/li>\n<li><strong>3 de abril:<\/strong> Madrid, Espa\u00f1a (Movistar Arena)<\/li>\n<li><strong>4 de abril:<\/strong> Madrid, Espa\u00f1a (Movistar Arena)<\/li>\n<li><strong>8 de abril: <\/strong>Lisboa, Portugal (MEO Arena)<\/li>\n<li><strong>9 de abril:<\/strong> Lisboa, Portugal (MEO Arena)<\/li>\n<li><strong>13 de abril:<\/strong> Barcelona, Espa\u00f1a (Palau Sant Jordi)<\/li>\n<li><strong>15 de abril:<\/strong> Barcelona, Espa\u00f1a (Palau Sant Jordi)<\/li>\n<li><strong>17 de abril:<\/strong> Barcelona, Espa\u00f1a (Palau Sant Jordi)<\/li>\n<li><strong>18 de abril:<\/strong> Barcelona, Espa\u00f1a (Palau Sant Jordi)<\/li>\n<li><strong>22 de abril:<\/strong> Amsterdam, Pa\u00edses Bajos (Ziggo Dome)<\/li>\n<li><strong>27 de abril:<\/strong> Amberes, B\u00e9lgica (AFAS Dome)<\/li>\n<li><strong>29 de abril:<\/strong> Colonia, Alemania (Lanxess Arena)<\/li>\n<li><strong>1 de mayo:<\/strong> Berl\u00edn, Alemania (Uber Arena)<\/li>\n<li><strong>5 de mayo:<\/strong> Londres, Reino Unido (The O2)<\/li>\n<li><strong>4 de junio:<\/strong> Miami, Florida (Kaseya Center)<\/li>\n<li><strong>8 de junio:<\/strong> Orlando, Florida (Kia Center)<\/li>\n<li><strong>11 de junio:<\/strong> Boston, Massachusetts (TD Garden)<\/li>\n<li><strong>13 de junio:<\/strong> Toronto, Canad\u00e1 (Scotiabank Arena)<\/li>\n<li><strong>16 de junio:<\/strong> Nueva York, Nueva York (Madison Square Garden)<\/li>\n<li><strong>20 de junio:<\/strong> Chicago, Illinois (United Center)<\/li>\n<li><strong>23 de junio:<\/strong> Houston, Texas (Toyota Center)<\/li>\n<li><strong>27 de junio:<\/strong> Las Vegas, Nevada (T-Mobile Arena)<\/li>\n<li><strong>29 de junio:<\/strong> Los Angeles, California (Kia Forum)<\/li>\n<li><strong>3 de julio:<\/strong> San Diego, California (Pechanga Arena)<\/li>\n<li><strong>6 de julio:<\/strong> Oakland, California (Oakland Arena)<\/li>\n<li><strong>16 de julio:<\/strong> Bogot\u00e1, Colombia (Movistar Arena)<\/li>\n<li><strong>24 de julio:<\/strong> Santiago, Chile (Movistar Arena)<\/li>\n<li><strong>25 de julio:<\/strong> Santiago, Chile (Movistar Arena)<\/li>\n<li><strong>1 de agosto:<\/strong> Buenos Aires, Argentina (Movistar Arena)<\/li>\n<li><strong>2 de agosto:<\/strong> Buenos Aires, Argentina (Movistar Arena)<\/li>\n<li><strong>10 de agosto:<\/strong> Rio de Janeiro, Brasil (Farmasi Arena)<\/li>\n<li><strong>15 de agosto:<\/strong> Guadalajara, M\u00e9xico (Arena VFG)<\/li>\n<li><strong>19 de agosto:<\/strong> Monterrey, M\u00e9xico (Arena Monterrey)<\/li>\n<li><strong>24 de agosto:<\/strong> Ciudad de M\u00e9xico, M\u00e9xico (Palacio de los Deportes)<\/li>\n<li><strong>26 de agosto:<\/strong> Ciudad de M\u00e9xico M\u00e9xico (Palacio de los Deportes)<\/li>\n<li><strong>3 de septiembre:<\/strong> San Juan, Puerto Rico (Coliseo de Puerto Rico)<\/li>\n<\/ul>\n<p>The-CNN-Wire<br \/>&trade; &amp; &copy; 2025 Cable News Network, Inc., a Warner Bros. Discovery Company. All rights reserved.<\/p>\n","protected":false},"excerpt":{"rendered":"<p>La cantante espa\u00f1ola Rosal\u00eda anunci\u00f3 este jueves las fechas y las ciudades, con una fuerte presencia en Latinoam\u00e9rica, que visitar\u00e1 en su gira mundial de 42 conciertos en 17 pa\u00edses para promocionar su nuevo \u00e1lbum \u201cLux\u201d. Las ciudades en Latinoam\u00e9rica a las que la cantante de \u201cMalamente\u201d y \u201cCon altura\u201d llevar\u00e1 su \u201cLux World Tour\u201d [&hellip;]<\/p>\n","protected":false},"author":0,"featured_media":0,"comment_status":"open","ping_status":"open","sticky":false,"template":"","format":"standard","meta":{"_jetpack_memberships_contains_paid_content":false,"footnotes":""},"categories":[10],"tags":[],"class_list":["post-1468971","post","type-post","status-publish","format-standard","hentry","category-noticias-nacionales","market-global"],"yoast_head":"<!-- This site is optimized with the Yoast SEO plugin v24.4 - https:\/\/yoast.com\/wordpress\/plugins\/seo\/ -->\n<title>Rosal\u00eda anuncia las ciudades y las fechas de los conciertos de su gira mundial - Noticias<\/title>\n<meta name=\"robots\" content=\"index, follow, max-snippet:-1, max-image-preview:large, max-video-preview:-1\" \/>\n<link rel=\"canonical\" href=\"https:\/\/noticiasya.com\/2025\/12\/04\/rosalia-fechas-ciudades-gira-mundial-orix\/\" \/>\n<meta property=\"og:locale\" content=\"es_ES\" \/>\n<meta property=\"og:type\" content=\"article\" \/>\n<meta property=\"og:title\" content=\"Rosal\u00eda anuncia las ciudades y las fechas de los conciertos de su gira mundial - Noticias\" \/>\n<meta property=\"og:description\" content=\"La cantante espa\u00f1ola Rosal\u00eda anunci\u00f3 este jueves las fechas y las ciudades, con una fuerte presencia en Latinoam\u00e9rica, que visitar\u00e1 en su gira mundial de 42 conciertos en 17 pa\u00edses para promocionar su nuevo \u00e1lbum \u201cLux\u201d. Las ciudades en Latinoam\u00e9rica a las que la cantante de \u201cMalamente\u201d y \u201cCon altura\u201d llevar\u00e1 su \u201cLux World Tour\u201d [&hellip;]\" \/>\n<meta property=\"og:url\" content=\"https:\/\/noticiasya.com\/2025\/12\/04\/rosalia-fechas-ciudades-gira-mundial-orix\/\" \/>\n<meta property=\"og:site_name\" content=\"Noticias\" \/>\n<meta property=\"article:published_time\" content=\"2025-12-04T19:03:50+00:00\" \/>\n<meta name=\"twitter:card\" content=\"summary_large_image\" \/>\n<meta name=\"twitter:label1\" content=\"Est. reading time\" \/>\n\t<meta name=\"twitter:data1\" content=\"3 minutos\" \/>\n<script type=\"application\/ld+json\" class=\"yoast-schema-graph\">{\"@context\":\"https:\/\/schema.org\",\"@graph\":[{\"@type\":\"Article\",\"@id\":\"https:\/\/noticiasya.com\/2025\/12\/04\/rosalia-fechas-ciudades-gira-mundial-orix\/#article\",\"isPartOf\":{\"@id\":\"https:\/\/noticiasya.com\/2025\/12\/04\/rosalia-fechas-ciudades-gira-mundial-orix\/\"},\"author\":{\"name\":\"\",\"@id\":\"\"},\"headline\":\"Rosal\u00eda anuncia las ciudades y las fechas de los conciertos de su gira mundial\",\"datePublished\":\"2025-12-04T19:03:50+00:00\",\"mainEntityOfPage\":{\"@id\":\"https:\/\/noticiasya.com\/2025\/12\/04\/rosalia-fechas-ciudades-gira-mundial-orix\/\"},\"wordCount\":522,\"commentCount\":0,\"publisher\":{\"@id\":\"https:\/\/noticiasya.com\/#organization\"},\"articleSection\":[\"Noticias Nacionales\"],\"inLanguage\":\"es\",\"potentialAction\":[{\"@type\":\"CommentAction\",\"name\":\"Comment\",\"target\":[\"https:\/\/noticiasya.com\/2025\/12\/04\/rosalia-fechas-ciudades-gira-mundial-orix\/#respond\"]}]},{\"@type\":\"WebPage\",\"@id\":\"https:\/\/noticiasya.com\/2025\/12\/04\/rosalia-fechas-ciudades-gira-mundial-orix\/\",\"url\":\"https:\/\/noticiasya.com\/2025\/12\/04\/rosalia-fechas-ciudades-gira-mundial-orix\/\",\"name\":\"Rosal\u00eda anuncia las ciudades y las fechas de los conciertos de su gira mundial - Noticias\",\"isPartOf\":{\"@id\":\"https:\/\/noticiasya.com\/#website\"},\"datePublished\":\"2025-12-04T19:03:50+00:00\",\"breadcrumb\":{\"@id\":\"https:\/\/noticiasya.com\/2025\/12\/04\/rosalia-fechas-ciudades-gira-mundial-orix\/#breadcrumb\"},\"inLanguage\":\"es\",\"potentialAction\":[{\"@type\":\"ReadAction\",\"target\":[\"https:\/\/noticiasya.com\/2025\/12\/04\/rosalia-fechas-ciudades-gira-mundial-orix\/\"]}]},{\"@type\":\"BreadcrumbList\",\"@id\":\"https:\/\/noticiasya.com\/2025\/12\/04\/rosalia-fechas-ciudades-gira-mundial-orix\/#breadcrumb\",\"itemListElement\":[{\"@type\":\"ListItem\",\"position\":1,\"name\":\"Home\",\"item\":\"https:\/\/noticiasya.com\/\"},{\"@type\":\"ListItem\",\"position\":2,\"name\":\"Rosal\u00eda anuncia las ciudades y las fechas de los conciertos de su gira mundial\"}]},{\"@type\":\"WebSite\",\"@id\":\"https:\/\/noticiasya.com\/#website\",\"url\":\"https:\/\/noticiasya.com\/\",\"name\":\"Noticias\",\"description\":\"Lo que importa\",\"publisher\":{\"@id\":\"https:\/\/noticiasya.com\/#organization\"},\"potentialAction\":[{\"@type\":\"SearchAction\",\"target\":{\"@type\":\"EntryPoint\",\"urlTemplate\":\"https:\/\/noticiasya.com\/?s={search_term_string}\"},\"query-input\":{\"@type\":\"PropertyValueSpecification\",\"valueRequired\":true,\"valueName\":\"search_term_string\"}}],\"inLanguage\":\"es\"},{\"@type\":\"Organization\",\"@id\":\"https:\/\/noticiasya.com\/#organization\",\"name\":\"Noticias\",\"url\":\"https:\/\/noticiasya.com\/\",\"logo\":{\"@type\":\"ImageObject\",\"inLanguage\":\"es\",\"@id\":\"https:\/\/noticiasya.com\/#\/schema\/logo\/image\/\",\"url\":\"https:\/\/noticiasya.com\/wp-content\/uploads\/sites\/22\/2023\/12\/logo-nacional.png\",\"contentUrl\":\"https:\/\/noticiasya.com\/wp-content\/uploads\/sites\/22\/2023\/12\/logo-nacional.png\",\"width\":1801,\"height\":691,\"caption\":\"Noticias\"},\"image\":{\"@id\":\"https:\/\/noticiasya.com\/#\/schema\/logo\/image\/\"}}]}<\/script>\n<!-- \/ Yoast SEO plugin. -->","yoast_head_json":{"title":"Rosal\u00eda anuncia las ciudades y las fechas de los conciertos de su gira mundial - Noticias","robots":{"index":"index","follow":"follow","max-snippet":"max-snippet:-1","max-image-preview":"max-image-preview:large","max-video-preview":"max-video-preview:-1"},"canonical":"https:\/\/noticiasya.com\/2025\/12\/04\/rosalia-fechas-ciudades-gira-mundial-orix\/","og_locale":"es_ES","og_type":"article","og_title":"Rosal\u00eda anuncia las ciudades y las fechas de los conciertos de su gira mundial - Noticias","og_description":"La cantante espa\u00f1ola Rosal\u00eda anunci\u00f3 este jueves las fechas y las ciudades, con una fuerte presencia en Latinoam\u00e9rica, que visitar\u00e1 en su gira mundial de 42 conciertos en 17 pa\u00edses para promocionar su nuevo \u00e1lbum \u201cLux\u201d. Las ciudades en Latinoam\u00e9rica a las que la cantante de \u201cMalamente\u201d y \u201cCon altura\u201d llevar\u00e1 su \u201cLux World Tour\u201d [&hellip;]","og_url":"https:\/\/noticiasya.com\/2025\/12\/04\/rosalia-fechas-ciudades-gira-mundial-orix\/","og_site_name":"Noticias","article_published_time":"2025-12-04T19:03:50+00:00","twitter_card":"summary_large_image","twitter_misc":{"Est. reading time":"3 minutos"},"schema":{"@context":"https:\/\/schema.org","@graph":[{"@type":"Article","@id":"https:\/\/noticiasya.com\/2025\/12\/04\/rosalia-fechas-ciudades-gira-mundial-orix\/#article","isPartOf":{"@id":"https:\/\/noticiasya.com\/2025\/12\/04\/rosalia-fechas-ciudades-gira-mundial-orix\/"},"author":{"name":"","@id":""},"headline":"Rosal\u00eda anuncia las ciudades y las fechas de los conciertos de su gira mundial","datePublished":"2025-12-04T19:03:50+00:00","mainEntityOfPage":{"@id":"https:\/\/noticiasya.com\/2025\/12\/04\/rosalia-fechas-ciudades-gira-mundial-orix\/"},"wordCount":522,"commentCount":0,"publisher":{"@id":"https:\/\/noticiasya.com\/#organization"},"articleSection":["Noticias Nacionales"],"inLanguage":"es","potentialAction":[{"@type":"CommentAction","name":"Comment","target":["https:\/\/noticiasya.com\/2025\/12\/04\/rosalia-fechas-ciudades-gira-mundial-orix\/#respond"]}]},{"@type":"WebPage","@id":"https:\/\/noticiasya.com\/2025\/12\/04\/rosalia-fechas-ciudades-gira-mundial-orix\/","url":"https:\/\/noticiasya.com\/2025\/12\/04\/rosalia-fechas-ciudades-gira-mundial-orix\/","name":"Rosal\u00eda anuncia las ciudades y las fechas de los conciertos de su gira mundial - Noticias","isPartOf":{"@id":"https:\/\/noticiasya.com\/#website"},"datePublished":"2025-12-04T19:03:50+00:00","breadcrumb":{"@id":"https:\/\/noticiasya.com\/2025\/12\/04\/rosalia-fechas-ciudades-gira-mundial-orix\/#breadcrumb"},"inLanguage":"es","potentialAction":[{"@type":"ReadAction","target":["https:\/\/noticiasya.com\/2025\/12\/04\/rosalia-fechas-ciudades-gira-mundial-orix\/"]}]},{"@type":"BreadcrumbList","@id":"https:\/\/noticiasya.com\/2025\/12\/04\/rosalia-fechas-ciudades-gira-mundial-orix\/#breadcrumb","itemListElement":[{"@type":"ListItem","position":1,"name":"Home","item":"https:\/\/noticiasya.com\/"},{"@type":"ListItem","position":2,"name":"Rosal\u00eda anuncia las ciudades y las fechas de los conciertos de su gira mundial"}]},{"@type":"WebSite","@id":"https:\/\/noticiasya.com\/#website","url":"https:\/\/noticiasya.com\/","name":"Noticias","description":"Lo que importa","publisher":{"@id":"https:\/\/noticiasya.com\/#organization"},"potentialAction":[{"@type":"SearchAction","target":{"@type":"EntryPoint","urlTemplate":"https:\/\/noticiasya.com\/?s={search_term_string}"},"query-input":{"@type":"PropertyValueSpecification","valueRequired":true,"valueName":"search_term_string"}}],"inLanguage":"es"},{"@type":"Organization","@id":"https:\/\/noticiasya.com\/#organization","name":"Noticias","url":"https:\/\/noticiasya.com\/","logo":{"@type":"ImageObject","inLanguage":"es","@id":"https:\/\/noticiasya.com\/#\/schema\/logo\/image\/","url":"https:\/\/noticiasya.com\/wp-content\/uploads\/sites\/22\/2023\/12\/logo-nacional.png","contentUrl":"https:\/\/noticiasya.com\/wp-content\/uploads\/sites\/22\/2023\/12\/logo-nacional.png","width":1801,"height":691,"caption":"Noticias"},"image":{"@id":"https:\/\/noticiasya.com\/#\/schema\/logo\/image\/"}}]}},"parsely":{"version":"1.1.0","canonical_url":"https:\/\/noticiasya.com\/midland-odessa\/2025\/12\/04\/rosalia-fechas-ciudades-gira-mundial-orix\/","smart_links":{"inbound":0,"outbound":0},"traffic_boost_suggestions_count":0,"meta":{"@context":"https:\/\/schema.org","@type":"NewsArticle","headline":"Rosal\u00eda anuncia las ciudades y las fechas de los conciertos de su gira mundial","url":"http:\/\/noticiasya.com\/midland-odessa\/2025\/12\/04\/rosalia-fechas-ciudades-gira-mundial-orix\/","mainEntityOfPage":{"@type":"WebPage","@id":"http:\/\/noticiasya.com\/midland-odessa\/2025\/12\/04\/rosalia-fechas-ciudades-gira-mundial-orix\/"},"thumbnailUrl":"","image":{"@type":"ImageObject","url":""},"articleSection":"Noticias Nacionales","author":[],"creator":[],"publisher":{"@type":"Organization","name":"Noticias","logo":""},"keywords":[],"dateCreated":"2025-12-04T19:03:50Z","datePublished":"2025-12-04T19:03:50Z","dateModified":"2025-12-04T19:03:50Z"},"rendered":"<script type=\"application\/ld+json\" class=\"wp-parsely-metadata\">{\"@context\":\"https:\\\/\\\/schema.org\",\"@type\":\"NewsArticle\",\"headline\":\"Rosal\\u00eda anuncia las ciudades y las fechas de los conciertos de su gira mundial\",\"url\":\"http:\\\/\\\/noticiasya.com\\\/midland-odessa\\\/2025\\\/12\\\/04\\\/rosalia-fechas-ciudades-gira-mundial-orix\\\/\",\"mainEntityOfPage\":{\"@type\":\"WebPage\",\"@id\":\"http:\\\/\\\/noticiasya.com\\\/midland-odessa\\\/2025\\\/12\\\/04\\\/rosalia-fechas-ciudades-gira-mundial-orix\\\/\"},\"thumbnailUrl\":\"\",\"image\":{\"@type\":\"ImageObject\",\"url\":\"\"},\"articleSection\":\"Noticias Nacionales\",\"author\":[],\"creator\":[],\"publisher\":{\"@type\":\"Organization\",\"name\":\"Noticias\",\"logo\":\"\"},\"keywords\":[],\"dateCreated\":\"2025-12-04T19:03:50Z\",\"datePublished\":\"2025-12-04T19:03:50Z\",\"dateModified\":\"2025-12-04T19:03:50Z\"}<\/script>","tracker_url":"https:\/\/cdn.parsely.com\/keys\/noticiasya.com\/p.js"},"jetpack_featured_media_url":"","jetpack-related-posts":[{"id":1472983,"url":"https:\/\/noticiasya.com\/midland-odessa\/2026\/04\/08\/bts-latinoamerica-nuevas-fechas-gira-arirang-orix\/","url_meta":{"origin":1468971,"position":0},"title":"BTS agrega nuevas fechas en Latinoam\u00e9rica como parte de su gira &#171;BTS World Tour Arirang&#187;","author":"","date":"abril 8, 2026","format":false,"excerpt":"Los fans de BTS en Latinoam\u00e9rica ya tienen m\u00e1s razones para celebrar: la banda de k-pop anunci\u00f3 nuevas fechas en varias ciudades de la regi\u00f3n como parte de su gira \u201cBTS World Tour Arirang\u201d.En Lima, Per\u00fa, la agrupaci\u00f3n sum\u00f3 el mi\u00e9rcoles 7 de octubre a su calendario, que se a\u00f1ade\u2026","rel":"","context":"In &quot;Noticias Nacionales&quot;","block_context":{"text":"Noticias Nacionales","link":"https:\/\/noticiasya.com\/midland-odessa\/categoria\/noticias-nacionales"},"img":{"alt_text":"","src":"","width":0,"height":0},"classes":[]},{"id":1461999,"url":"https:\/\/noticiasya.com\/midland-odessa\/2025\/05\/05\/gira-bad-bunny-debi-tirar-mas-fotos-boletos-fechas-ciudades-conciertos-orix\/","url_meta":{"origin":1468971,"position":1},"title":"La gira de Bad Bunny en su Deb\u00ed Tirar M\u00e1s Fotos World Tour: boletos, fechas, ciudades y pa\u00edses de los conciertos","author":"","date":"mayo 5, 2025","format":false,"excerpt":"Bad Bunny anunci\u00f3 24 fechas en distintos pa\u00edses para la gira mundial de su m\u00e1s reciente disco \u201cDeB\u00cd TiRAR M\u00e1S FOToS\u201d. Visitar\u00e1 pa\u00edses de Latinoam\u00e9rica, Ocean\u00eda, Asia y Europa, pero a\u00fan no confirma conciertos en Estados Unidos.En enero de este a\u00f1o, el cantante anunci\u00f3 una residencia de 30 conciertos en\u2026","rel":"","context":"In &quot;Noticias Nacionales&quot;","block_context":{"text":"Noticias Nacionales","link":"https:\/\/noticiasya.com\/midland-odessa\/categoria\/noticias-nacionales"},"img":{"alt_text":"","src":"","width":0,"height":0},"classes":[]},{"id":1472383,"url":"https:\/\/noticiasya.com\/midland-odessa\/2026\/03\/20\/shakira-anuncia-residencia-conciertos-madrid-orix\/","url_meta":{"origin":1468971,"position":2},"title":"Shakira anuncia residencia de conciertos en Madrid","author":"","date":"marzo 20, 2026","format":false,"excerpt":"Shakira anunci\u00f3 una residencia de conciertos en Madrid para septiembre pr\u00f3ximo.La cantante colombiana comparti\u00f3 que tiene programado presentarse los d\u00edas 25, 26 y 27 de ese mes en la capital espa\u00f1ola, pero se espera que el n\u00famero de fechas pueda incrementarse.Los recitales forman parte de su actual gira \u201cLas mujeres\u2026","rel":"","context":"In &quot;Noticias Nacionales&quot;","block_context":{"text":"Noticias Nacionales","link":"https:\/\/noticiasya.com\/midland-odessa\/categoria\/noticias-nacionales"},"img":{"alt_text":"","src":"","width":0,"height":0},"classes":[]},{"id":1472259,"url":"https:\/\/noticiasya.com\/midland-odessa\/2026\/03\/16\/shakira-espana-estadio-conciertos-gira-orix\/","url_meta":{"origin":1468971,"position":3},"title":"Shakira afirma que en Espa\u00f1a construir\u00e1n un estadio para sus conciertos","author":"","date":"marzo 16, 2026","format":false,"excerpt":"Shakira revel\u00f3 que se planea construir un estadio temporal en Espa\u00f1a para albergar los conciertos con los que cerrar\u00e1 su gira \u201cLas mujeres ya no lloran\u201d.Durante un adelanto de una entrevista con Hen\u00e1r \u00c1lvarez para la cadena RTVE, la artista colombiana explic\u00f3 que est\u00e1 reservando sus presentaciones en el pa\u00eds\u2026","rel":"","context":"In &quot;Noticias Nacionales&quot;","block_context":{"text":"Noticias Nacionales","link":"https:\/\/noticiasya.com\/midland-odessa\/categoria\/noticias-nacionales"},"img":{"alt_text":"","src":"","width":0,"height":0},"classes":[]},{"id":1472783,"url":"https:\/\/noticiasya.com\/midland-odessa\/2026\/04\/01\/shakira-estados-unidos-gira-fechas-ciudades-orix\/","url_meta":{"origin":1468971,"position":4},"title":"Shakira regresa a Estados Unidos con su gira: fechas y ciudades que visitar\u00e1","author":"","date":"abril 1, 2026","format":false,"excerpt":"Los fans de Shakira podr\u00e1n \u201caullar\u201d nuevamente junto a ella en Estados Unidos. La cantante colombiana confirm\u00f3 que este a\u00f1o realizar\u00e1 una segunda vuelta de conciertos con su gira \u201cLas mujeres ya no lloran\u201d por el pa\u00eds.A trav\u00e9s de sus redes sociales, la superestrella latina comparti\u00f3 su emoci\u00f3n por volver\u2026","rel":"","context":"In &quot;Noticias Nacionales&quot;","block_context":{"text":"Noticias Nacionales","link":"https:\/\/noticiasya.com\/midland-odessa\/categoria\/noticias-nacionales"},"img":{"alt_text":"","src":"","width":0,"height":0},"classes":[]},{"id":1468991,"url":"https:\/\/noticiasya.com\/midland-odessa\/2025\/12\/05\/5-cosas-5-de-diciembre-orix\/","url_meta":{"origin":1468971,"position":5},"title":"Las 5 cosas que debes saber este 5 de diciembre: sorteo del Mundial, conteo en Honduras y premio FIFA","author":"","date":"diciembre 5, 2025","format":false,"excerpt":"La ofensiva inmigratoria del Gobierno de Trump avanza en Louisiana y Minnesota. Crece el escrutinio por el doble ataque de Estados Unidos a n\u00e1ufragos en el Caribe. Putin promete que se apoderar\u00e1 de Donb\u00e1s por cualquier medio. Esto es lo que debes saber para comenzar el d\u00eda. Primero la verdad.Suscr\u00edbete\u2026","rel":"","context":"In &quot;Noticias Nacionales&quot;","block_context":{"text":"Noticias Nacionales","link":"https:\/\/noticiasya.com\/midland-odessa\/categoria\/noticias-nacionales"},"img":{"alt_text":"","src":"","width":0,"height":0},"classes":[]}],"jetpack_sharing_enabled":true,"_links":{"self":[{"href":"https:\/\/noticiasya.com\/midland-odessa\/wp-json\/wp\/v2\/posts\/1468971","targetHints":{"allow":["GET"]}}],"collection":[{"href":"https:\/\/noticiasya.com\/midland-odessa\/wp-json\/wp\/v2\/posts"}],"about":[{"href":"https:\/\/noticiasya.com\/midland-odessa\/wp-json\/wp\/v2\/types\/post"}],"replies":[{"embeddable":true,"href":"https:\/\/noticiasya.com\/midland-odessa\/wp-json\/wp\/v2\/comments?post=1468971"}],"version-history":[{"count":0,"href":"https:\/\/noticiasya.com\/midland-odessa\/wp-json\/wp\/v2\/posts\/1468971\/revisions"}],"wp:attachment":[{"href":"https:\/\/noticiasya.com\/midland-odessa\/wp-json\/wp\/v2\/media?parent=1468971"}],"wp:term":[{"taxonomy":"category","embeddable":true,"href":"https:\/\/noticiasya.com\/midland-odessa\/wp-json\/wp\/v2\/categories?post=1468971"},{"taxonomy":"post_tag","embeddable":true,"href":"https:\/\/noticiasya.com\/midland-odessa\/wp-json\/wp\/v2\/tags?post=1468971"}],"curies":[{"name":"wp","href":"https:\/\/api.w.org\/{rel}","templated":true}]}}