{"id":1468972,"date":"2025-12-04T11:03:50","date_gmt":"2025-12-04T19:03:50","guid":{"rendered":"https:\/\/noticiasya.com\/2025\/12\/04\/muere-gaza-yasser-abu-shabab-lider-banda-anti-hamas-trax\/"},"modified":"2025-12-04T11:03:50","modified_gmt":"2025-12-04T19:03:50","slug":"muere-gaza-yasser-abu-shabab-lider-banda-anti-hamas-trax","status":"publish","type":"post","link":"https:\/\/noticiasya.com\/midland-odessa\/2025\/12\/04\/muere-gaza-yasser-abu-shabab-lider-banda-anti-hamas-trax\/","title":{"rendered":"Muere en Gaza Yasser Abu Shabab, l\u00edder de una banda anti-Hamas armada por Israel, seg\u00fan fuentes"},"content":{"rendered":"<p>El l\u00edder de una banda anti-Hamas que fue armada y respaldada por Israel muri\u00f3 en Gaza, dijeron tres fuentes israel\u00edes a CNN.<\/p>\n<p>Yasser Abu Shabab, quien encabezaba una milicia que controlaba una franja de territorio en Rafah, en el sur de Gaza, muri\u00f3 en lo que una de las fuentes describi\u00f3 como \u201cenfrentamientos internos\u201d.<\/p>\n<p>En un mensaje de Facebook a CNN enviado desde la cuenta del lugarteniente de Abu Shabab, Ghassan al-Dahini, la milicia neg\u00f3 que su l\u00edder hubiera muerto.<\/p>\n<p>Dos de las fuentes israel\u00edes dijeron que Israel intent\u00f3 evacuar a Abu Shabab a un hospital en el sur del pa\u00eds antes de que fuera declarado muerto.<\/p>\n<p>Israel planeaba utilizar la milicia de Abu Shabab, a la que \u00e9l llamaba las \u201cFuerzas Populares\u201d, para asegurar proyectos de reconstrucci\u00f3n dentro de la Gaza ocupada por Israel en la siguiente fase del acuerdo de alto el fuego. Durante los \u00faltimos meses de la guerra, Abu Shabab ayud\u00f3 a controlar el flujo de ayuda desde el cruce de Kerem Shalom, en el sur de Gaza.<\/p>\n<p>Hamas, que anteriormente hab\u00eda prometido atacar a Abu Shabab, no coment\u00f3 sobre su muerte. Un grupo afiliado a Hamas dijo en Telegram: \u201cComo te dijimos, Israel no te proteger\u00e1\u201d.<\/p>\n<p>Fotos que circularon en varios grupos de mensajer\u00eda de Gaza mostraron a varios palestinos celebrando la muerte de Abu Shabab. Una imagen obtenida por CNN muestra una foto de Abu Shabab con una \u201cX\u201d roja encima, llam\u00e1ndolo \u201ccerdo\u201d.<\/p>\n<p>Abu Shabab era el l\u00edder de una de varias bandas palestinas organizadas de manera laxa que Israel respalda en Gaza y cuyos miembros en su mayor\u00eda permanecen dentro de la parte ocupada por Israel.<\/p>\n<p>La banda de Abu Shabab, que seg\u00fan \u00e9l contaba con cientos de integrantes, realizaba incursiones en territorio controlado por Hamas antes de retirarse r\u00e1pidamente bajo la protecci\u00f3n de Israel, seg\u00fan Muhammad Shehada, experto en Gaza del Consejo Europeo de Relaciones Exteriores.<\/p>\n<p>Ante la ausencia de un plan de gobernanza para Gaza despu\u00e9s de la guerra, Israel ha respaldado a estas bandas armadas, que se han apropiado de peque\u00f1os territorios en diferentes partes del enclave. El primer ministro de Israel Benjamin Netanyahu calific\u00f3 a las bandas como \u201calgo bueno\u201d, incluso cuando sus rivales pol\u00edticos lo atacaron por armar \u201cel equivalente al ISIS en Gaza\u201d.<\/p>\n<p>La operaci\u00f3n en curso para armar a las bandas, incluida la de Abu Shabab, fue autorizada sin la aprobaci\u00f3n del gabinete de seguridad, dijeron dos funcionarios israel\u00edes a CNN en junio.<\/p>\n<p>The-CNN-Wire<br \/>&trade; &amp; &copy; 2025 Cable News Network, Inc., a Warner Bros. Discovery Company. All rights reserved.<\/p>\n","protected":false},"excerpt":{"rendered":"<p>El l\u00edder de una banda anti-Hamas que fue armada y respaldada por Israel muri\u00f3 en Gaza, dijeron tres fuentes israel\u00edes a CNN. Yasser Abu Shabab, quien encabezaba una milicia que controlaba una franja de territorio en Rafah, en el sur de Gaza, muri\u00f3 en lo que una de las fuentes describi\u00f3 como \u201cenfrentamientos internos\u201d. En [&hellip;]<\/p>\n","protected":false},"author":0,"featured_media":0,"comment_status":"open","ping_status":"open","sticky":false,"template":"","format":"standard","meta":{"_jetpack_memberships_contains_paid_content":false,"footnotes":""},"categories":[10],"tags":[],"class_list":["post-1468972","post","type-post","status-publish","format-standard","hentry","category-noticias-nacionales","market-global"],"yoast_head":"<!-- This site is optimized with the Yoast SEO plugin v24.4 - https:\/\/yoast.com\/wordpress\/plugins\/seo\/ -->\n<title>Muere en Gaza Yasser Abu Shabab, l\u00edder de una banda anti-Hamas armada por Israel, seg\u00fan fuentes - Noticias<\/title>\n<meta name=\"robots\" content=\"index, follow, max-snippet:-1, max-image-preview:large, max-video-preview:-1\" \/>\n<link rel=\"canonical\" href=\"https:\/\/noticiasya.com\/2025\/12\/04\/muere-gaza-yasser-abu-shabab-lider-banda-anti-hamas-trax\/\" \/>\n<meta property=\"og:locale\" content=\"es_ES\" \/>\n<meta property=\"og:type\" content=\"article\" \/>\n<meta property=\"og:title\" content=\"Muere en Gaza Yasser Abu Shabab, l\u00edder de una banda anti-Hamas armada por Israel, seg\u00fan fuentes - Noticias\" \/>\n<meta property=\"og:description\" content=\"El l\u00edder de una banda anti-Hamas que fue armada y respaldada por Israel muri\u00f3 en Gaza, dijeron tres fuentes israel\u00edes a CNN. Yasser Abu Shabab, quien encabezaba una milicia que controlaba una franja de territorio en Rafah, en el sur de Gaza, muri\u00f3 en lo que una de las fuentes describi\u00f3 como \u201cenfrentamientos internos\u201d. En [&hellip;]\" \/>\n<meta property=\"og:url\" content=\"https:\/\/noticiasya.com\/2025\/12\/04\/muere-gaza-yasser-abu-shabab-lider-banda-anti-hamas-trax\/\" \/>\n<meta property=\"og:site_name\" content=\"Noticias\" \/>\n<meta property=\"article:published_time\" content=\"2025-12-04T19:03:50+00:00\" \/>\n<meta name=\"twitter:card\" content=\"summary_large_image\" \/>\n<meta name=\"twitter:label1\" content=\"Est. reading time\" \/>\n\t<meta name=\"twitter:data1\" content=\"2 minutos\" \/>\n<script type=\"application\/ld+json\" class=\"yoast-schema-graph\">{\"@context\":\"https:\/\/schema.org\",\"@graph\":[{\"@type\":\"Article\",\"@id\":\"https:\/\/noticiasya.com\/2025\/12\/04\/muere-gaza-yasser-abu-shabab-lider-banda-anti-hamas-trax\/#article\",\"isPartOf\":{\"@id\":\"https:\/\/noticiasya.com\/2025\/12\/04\/muere-gaza-yasser-abu-shabab-lider-banda-anti-hamas-trax\/\"},\"author\":{\"name\":\"\",\"@id\":\"\"},\"headline\":\"Muere en Gaza Yasser Abu Shabab, l\u00edder de una banda anti-Hamas armada por Israel, seg\u00fan fuentes\",\"datePublished\":\"2025-12-04T19:03:50+00:00\",\"mainEntityOfPage\":{\"@id\":\"https:\/\/noticiasya.com\/2025\/12\/04\/muere-gaza-yasser-abu-shabab-lider-banda-anti-hamas-trax\/\"},\"wordCount\":462,\"commentCount\":0,\"publisher\":{\"@id\":\"https:\/\/noticiasya.com\/#organization\"},\"articleSection\":[\"Noticias Nacionales\"],\"inLanguage\":\"es\",\"potentialAction\":[{\"@type\":\"CommentAction\",\"name\":\"Comment\",\"target\":[\"https:\/\/noticiasya.com\/2025\/12\/04\/muere-gaza-yasser-abu-shabab-lider-banda-anti-hamas-trax\/#respond\"]}]},{\"@type\":\"WebPage\",\"@id\":\"https:\/\/noticiasya.com\/2025\/12\/04\/muere-gaza-yasser-abu-shabab-lider-banda-anti-hamas-trax\/\",\"url\":\"https:\/\/noticiasya.com\/2025\/12\/04\/muere-gaza-yasser-abu-shabab-lider-banda-anti-hamas-trax\/\",\"name\":\"Muere en Gaza Yasser Abu Shabab, l\u00edder de una banda anti-Hamas armada por Israel, seg\u00fan fuentes - Noticias\",\"isPartOf\":{\"@id\":\"https:\/\/noticiasya.com\/#website\"},\"datePublished\":\"2025-12-04T19:03:50+00:00\",\"breadcrumb\":{\"@id\":\"https:\/\/noticiasya.com\/2025\/12\/04\/muere-gaza-yasser-abu-shabab-lider-banda-anti-hamas-trax\/#breadcrumb\"},\"inLanguage\":\"es\",\"potentialAction\":[{\"@type\":\"ReadAction\",\"target\":[\"https:\/\/noticiasya.com\/2025\/12\/04\/muere-gaza-yasser-abu-shabab-lider-banda-anti-hamas-trax\/\"]}]},{\"@type\":\"BreadcrumbList\",\"@id\":\"https:\/\/noticiasya.com\/2025\/12\/04\/muere-gaza-yasser-abu-shabab-lider-banda-anti-hamas-trax\/#breadcrumb\",\"itemListElement\":[{\"@type\":\"ListItem\",\"position\":1,\"name\":\"Home\",\"item\":\"https:\/\/noticiasya.com\/\"},{\"@type\":\"ListItem\",\"position\":2,\"name\":\"Muere en Gaza Yasser Abu Shabab, l\u00edder de una banda anti-Hamas armada por Israel, seg\u00fan fuentes\"}]},{\"@type\":\"WebSite\",\"@id\":\"https:\/\/noticiasya.com\/#website\",\"url\":\"https:\/\/noticiasya.com\/\",\"name\":\"Noticias\",\"description\":\"Lo que importa\",\"publisher\":{\"@id\":\"https:\/\/noticiasya.com\/#organization\"},\"potentialAction\":[{\"@type\":\"SearchAction\",\"target\":{\"@type\":\"EntryPoint\",\"urlTemplate\":\"https:\/\/noticiasya.com\/?s={search_term_string}\"},\"query-input\":{\"@type\":\"PropertyValueSpecification\",\"valueRequired\":true,\"valueName\":\"search_term_string\"}}],\"inLanguage\":\"es\"},{\"@type\":\"Organization\",\"@id\":\"https:\/\/noticiasya.com\/#organization\",\"name\":\"Noticias\",\"url\":\"https:\/\/noticiasya.com\/\",\"logo\":{\"@type\":\"ImageObject\",\"inLanguage\":\"es\",\"@id\":\"https:\/\/noticiasya.com\/#\/schema\/logo\/image\/\",\"url\":\"https:\/\/noticiasya.com\/wp-content\/uploads\/sites\/22\/2023\/12\/logo-nacional.png\",\"contentUrl\":\"https:\/\/noticiasya.com\/wp-content\/uploads\/sites\/22\/2023\/12\/logo-nacional.png\",\"width\":1801,\"height\":691,\"caption\":\"Noticias\"},\"image\":{\"@id\":\"https:\/\/noticiasya.com\/#\/schema\/logo\/image\/\"}}]}<\/script>\n<!-- \/ Yoast SEO plugin. -->","yoast_head_json":{"title":"Muere en Gaza Yasser Abu Shabab, l\u00edder de una banda anti-Hamas armada por Israel, seg\u00fan fuentes - Noticias","robots":{"index":"index","follow":"follow","max-snippet":"max-snippet:-1","max-image-preview":"max-image-preview:large","max-video-preview":"max-video-preview:-1"},"canonical":"https:\/\/noticiasya.com\/2025\/12\/04\/muere-gaza-yasser-abu-shabab-lider-banda-anti-hamas-trax\/","og_locale":"es_ES","og_type":"article","og_title":"Muere en Gaza Yasser Abu Shabab, l\u00edder de una banda anti-Hamas armada por Israel, seg\u00fan fuentes - Noticias","og_description":"El l\u00edder de una banda anti-Hamas que fue armada y respaldada por Israel muri\u00f3 en Gaza, dijeron tres fuentes israel\u00edes a CNN. Yasser Abu Shabab, quien encabezaba una milicia que controlaba una franja de territorio en Rafah, en el sur de Gaza, muri\u00f3 en lo que una de las fuentes describi\u00f3 como \u201cenfrentamientos internos\u201d. En [&hellip;]","og_url":"https:\/\/noticiasya.com\/2025\/12\/04\/muere-gaza-yasser-abu-shabab-lider-banda-anti-hamas-trax\/","og_site_name":"Noticias","article_published_time":"2025-12-04T19:03:50+00:00","twitter_card":"summary_large_image","twitter_misc":{"Est. reading time":"2 minutos"},"schema":{"@context":"https:\/\/schema.org","@graph":[{"@type":"Article","@id":"https:\/\/noticiasya.com\/2025\/12\/04\/muere-gaza-yasser-abu-shabab-lider-banda-anti-hamas-trax\/#article","isPartOf":{"@id":"https:\/\/noticiasya.com\/2025\/12\/04\/muere-gaza-yasser-abu-shabab-lider-banda-anti-hamas-trax\/"},"author":{"name":"","@id":""},"headline":"Muere en Gaza Yasser Abu Shabab, l\u00edder de una banda anti-Hamas armada por Israel, seg\u00fan fuentes","datePublished":"2025-12-04T19:03:50+00:00","mainEntityOfPage":{"@id":"https:\/\/noticiasya.com\/2025\/12\/04\/muere-gaza-yasser-abu-shabab-lider-banda-anti-hamas-trax\/"},"wordCount":462,"commentCount":0,"publisher":{"@id":"https:\/\/noticiasya.com\/#organization"},"articleSection":["Noticias Nacionales"],"inLanguage":"es","potentialAction":[{"@type":"CommentAction","name":"Comment","target":["https:\/\/noticiasya.com\/2025\/12\/04\/muere-gaza-yasser-abu-shabab-lider-banda-anti-hamas-trax\/#respond"]}]},{"@type":"WebPage","@id":"https:\/\/noticiasya.com\/2025\/12\/04\/muere-gaza-yasser-abu-shabab-lider-banda-anti-hamas-trax\/","url":"https:\/\/noticiasya.com\/2025\/12\/04\/muere-gaza-yasser-abu-shabab-lider-banda-anti-hamas-trax\/","name":"Muere en Gaza Yasser Abu Shabab, l\u00edder de una banda anti-Hamas armada por Israel, seg\u00fan fuentes - Noticias","isPartOf":{"@id":"https:\/\/noticiasya.com\/#website"},"datePublished":"2025-12-04T19:03:50+00:00","breadcrumb":{"@id":"https:\/\/noticiasya.com\/2025\/12\/04\/muere-gaza-yasser-abu-shabab-lider-banda-anti-hamas-trax\/#breadcrumb"},"inLanguage":"es","potentialAction":[{"@type":"ReadAction","target":["https:\/\/noticiasya.com\/2025\/12\/04\/muere-gaza-yasser-abu-shabab-lider-banda-anti-hamas-trax\/"]}]},{"@type":"BreadcrumbList","@id":"https:\/\/noticiasya.com\/2025\/12\/04\/muere-gaza-yasser-abu-shabab-lider-banda-anti-hamas-trax\/#breadcrumb","itemListElement":[{"@type":"ListItem","position":1,"name":"Home","item":"https:\/\/noticiasya.com\/"},{"@type":"ListItem","position":2,"name":"Muere en Gaza Yasser Abu Shabab, l\u00edder de una banda anti-Hamas armada por Israel, seg\u00fan fuentes"}]},{"@type":"WebSite","@id":"https:\/\/noticiasya.com\/#website","url":"https:\/\/noticiasya.com\/","name":"Noticias","description":"Lo que importa","publisher":{"@id":"https:\/\/noticiasya.com\/#organization"},"potentialAction":[{"@type":"SearchAction","target":{"@type":"EntryPoint","urlTemplate":"https:\/\/noticiasya.com\/?s={search_term_string}"},"query-input":{"@type":"PropertyValueSpecification","valueRequired":true,"valueName":"search_term_string"}}],"inLanguage":"es"},{"@type":"Organization","@id":"https:\/\/noticiasya.com\/#organization","name":"Noticias","url":"https:\/\/noticiasya.com\/","logo":{"@type":"ImageObject","inLanguage":"es","@id":"https:\/\/noticiasya.com\/#\/schema\/logo\/image\/","url":"https:\/\/noticiasya.com\/wp-content\/uploads\/sites\/22\/2023\/12\/logo-nacional.png","contentUrl":"https:\/\/noticiasya.com\/wp-content\/uploads\/sites\/22\/2023\/12\/logo-nacional.png","width":1801,"height":691,"caption":"Noticias"},"image":{"@id":"https:\/\/noticiasya.com\/#\/schema\/logo\/image\/"}}]}},"parsely":{"version":"1.1.0","canonical_url":"https:\/\/noticiasya.com\/midland-odessa\/2025\/12\/04\/muere-gaza-yasser-abu-shabab-lider-banda-anti-hamas-trax\/","smart_links":{"inbound":0,"outbound":0},"traffic_boost_suggestions_count":0,"meta":{"@context":"https:\/\/schema.org","@type":"NewsArticle","headline":"Muere en Gaza Yasser Abu Shabab, l\u00edder de una banda anti-Hamas armada por Israel, seg\u00fan fuentes","url":"http:\/\/noticiasya.com\/midland-odessa\/2025\/12\/04\/muere-gaza-yasser-abu-shabab-lider-banda-anti-hamas-trax\/","mainEntityOfPage":{"@type":"WebPage","@id":"http:\/\/noticiasya.com\/midland-odessa\/2025\/12\/04\/muere-gaza-yasser-abu-shabab-lider-banda-anti-hamas-trax\/"},"thumbnailUrl":"","image":{"@type":"ImageObject","url":""},"articleSection":"Noticias Nacionales","author":[],"creator":[],"publisher":{"@type":"Organization","name":"Noticias","logo":""},"keywords":[],"dateCreated":"2025-12-04T19:03:50Z","datePublished":"2025-12-04T19:03:50Z","dateModified":"2025-12-04T19:03:50Z"},"rendered":"<script type=\"application\/ld+json\" class=\"wp-parsely-metadata\">{\"@context\":\"https:\\\/\\\/schema.org\",\"@type\":\"NewsArticle\",\"headline\":\"Muere en Gaza Yasser Abu Shabab, l\\u00edder de una banda anti-Hamas armada por Israel, seg\\u00fan fuentes\",\"url\":\"http:\\\/\\\/noticiasya.com\\\/midland-odessa\\\/2025\\\/12\\\/04\\\/muere-gaza-yasser-abu-shabab-lider-banda-anti-hamas-trax\\\/\",\"mainEntityOfPage\":{\"@type\":\"WebPage\",\"@id\":\"http:\\\/\\\/noticiasya.com\\\/midland-odessa\\\/2025\\\/12\\\/04\\\/muere-gaza-yasser-abu-shabab-lider-banda-anti-hamas-trax\\\/\"},\"thumbnailUrl\":\"\",\"image\":{\"@type\":\"ImageObject\",\"url\":\"\"},\"articleSection\":\"Noticias Nacionales\",\"author\":[],\"creator\":[],\"publisher\":{\"@type\":\"Organization\",\"name\":\"Noticias\",\"logo\":\"\"},\"keywords\":[],\"dateCreated\":\"2025-12-04T19:03:50Z\",\"datePublished\":\"2025-12-04T19:03:50Z\",\"dateModified\":\"2025-12-04T19:03:50Z\"}<\/script>","tracker_url":"https:\/\/cdn.parsely.com\/keys\/noticiasya.com\/p.js"},"jetpack_featured_media_url":"","jetpack-related-posts":[{"id":1463273,"url":"https:\/\/noticiasya.com\/midland-odessa\/2025\/06\/06\/israel-arma-rivales-hamas-gaza-trax\/","url_meta":{"origin":1468972,"position":0},"title":"Israel confirma que est\u00e1 dando armas a rivales de Hamas en una operaci\u00f3n que la oposici\u00f3n califica de &#171;una locura total&#187;","author":"","date":"junio 6, 2025","format":false,"excerpt":"Israel est\u00e1 armando a milicias locales de Gaza en un intento de contrarrestar el poder de Hamas en el enclave asediado, dijeron las autoridades. Pol\u00edticos de la oposici\u00f3n israel\u00ed advirtieron, sin embargo, que la medida pone en peligro la seguridad nacional.El primer ministro israel\u00ed, Benjamin Netanyahu, defendi\u00f3 el jueves la\u2026","rel":"","context":"In &quot;Noticias Nacionales&quot;","block_context":{"text":"Noticias Nacionales","link":"https:\/\/noticiasya.com\/midland-odessa\/categoria\/noticias-nacionales"},"img":{"alt_text":"","src":"","width":0,"height":0},"classes":[]},{"id":1448681,"url":"https:\/\/noticiasya.com\/midland-odessa\/2024\/04\/29\/ataque-aereo-israeli-rafah-22-muertos-hospital-trax\/","url_meta":{"origin":1468972,"position":1},"title":"&#171;Toda mi familia muri\u00f3&#187;: ataque a\u00e9reo israel\u00ed en Rafah mat\u00f3 a 22 personas, seg\u00fan el personal de un hospital","author":"","date":"abril 29, 2024","format":false,"excerpt":"Nota del editor: Advertencia: Esta historia tiene contenido expl\u00edcito.(CNN) -- Al menos 22 personas, entre ellas al menos un beb\u00e9 y un ni\u00f1o, murieron en un ataque a\u00e9reo israel\u00ed sobre Rafah, Gaza, durante la madrugada de este lunes, seg\u00fan fuentes de un hospital.Tras el ataque, los fallecidos fueron trasladados al\u2026","rel":"","context":"In &quot;Noticias Nacionales&quot;","block_context":{"text":"Noticias Nacionales","link":"https:\/\/noticiasya.com\/midland-odessa\/categoria\/noticias-nacionales"},"img":{"alt_text":"","src":"","width":0,"height":0},"classes":[]},{"id":1465839,"url":"https:\/\/noticiasya.com\/midland-odessa\/2025\/08\/25\/periodistas-muertos-hospital-gaza-trax\/","url_meta":{"origin":1468972,"position":2},"title":"Ataques israel\u00edes matan a m\u00e1s de una decena de personas en hospital de Gaza, incluidos varios periodistas, dicen autoridades","author":"","date":"agosto 25, 2025","format":false,"excerpt":"Seg\u00fan el Complejo M\u00e9dico Nasser, m\u00e1s de una docena de palestinos murieron en un par de ataques israel\u00edes en un hospital del sur de Gaza, incluidos periodistas de m\u00faltiples medios.El Ministerio de Salud Palestino dijo que al menos 20 personas murieron en el ataque de este lunes, y que hay\u2026","rel":"","context":"In &quot;Noticias Nacionales&quot;","block_context":{"text":"Noticias Nacionales","link":"https:\/\/noticiasya.com\/midland-odessa\/categoria\/noticias-nacionales"},"img":{"alt_text":"","src":"","width":0,"height":0},"classes":[]},{"id":1463328,"url":"https:\/\/noticiasya.com\/midland-odessa\/2025\/06\/07\/israel-mato-lider-grupo-militante-palestino-ataque-trax\/","url_meta":{"origin":1468972,"position":3},"title":"Israel afirma haber matado al l\u00edder del grupo militante palestino que particip\u00f3 en el ataque del 7 de octubre","author":"","date":"junio 7, 2025","format":false,"excerpt":"Las fuerzas israel\u00edes aseguran haber matado al l\u00edder de un grupo militante palestino que particip\u00f3 en los ataques del 7 de octubre de 2023 en el sur de Israel.Asaad Abu Sharia, quien dirigi\u00f3 el Movimiento Muyahid\u00edn Palestino y su brazo armado, las Brigadas Muyahidines, muri\u00f3 en una operaci\u00f3n conjunta con\u2026","rel":"","context":"In &quot;Noticias Nacionales&quot;","block_context":{"text":"Noticias Nacionales","link":"https:\/\/noticiasya.com\/midland-odessa\/categoria\/noticias-nacionales"},"img":{"alt_text":"","src":"","width":0,"height":0},"classes":[]},{"id":1469203,"url":"https:\/\/noticiasya.com\/midland-odessa\/2025\/12\/12\/trump-acuerdo-alto-fuego-gaza-trax\/","url_meta":{"origin":1468972,"position":4},"title":"Trump est\u00e1 decidido a avanzar en el acuerdo de alto el fuego en Gaza mientras las fuerzas israel\u00edes se atrincheran","author":"","date":"diciembre 12, 2025","format":false,"excerpt":"El plan de alto el fuego en Gaza del presidente Donald Trump entrar\u00e1 en una nueva fase en unas semanas, pero partes cruciales del acuerdo siguen sin definirse mientras Israel refuerza su control militar sobre el golpeado enclave.Con el regreso de todos los rehenes fallecidos, menos uno, que estaban en\u2026","rel":"","context":"In &quot;Noticias Nacionales&quot;","block_context":{"text":"Noticias Nacionales","link":"https:\/\/noticiasya.com\/midland-odessa\/categoria\/noticias-nacionales"},"img":{"alt_text":"","src":"","width":0,"height":0},"classes":[]},{"id":1455195,"url":"https:\/\/noticiasya.com\/midland-odessa\/2024\/10\/17\/netanyahu-habla-muerte-sinwar-hamas-gaza-trax\/","url_meta":{"origin":1468972,"position":5},"title":"Netanyahu tras la muerte de Sinwar: La tarea que tenemos por delante a\u00fan no est\u00e1 completa","author":"","date":"octubre 17, 2024","format":false,"excerpt":"(CNN) -- El primer ministro de Israel, Benjamin Netanyahu, se refiri\u00f3 el jueves a la muerte del l\u00edder de Hamas, Yahya Sinwar, y dijo \"este es el comienzo del d\u00eda despu\u00e9s de Hamas\".En un mensaje de video grabado, Netanyahu dijo que \"el mal ha sufrido un duro golpe, pero la\u2026","rel":"","context":"In &quot;Noticias Nacionales&quot;","block_context":{"text":"Noticias Nacionales","link":"https:\/\/noticiasya.com\/midland-odessa\/categoria\/noticias-nacionales"},"img":{"alt_text":"","src":"","width":0,"height":0},"classes":[]}],"jetpack_sharing_enabled":true,"_links":{"self":[{"href":"https:\/\/noticiasya.com\/midland-odessa\/wp-json\/wp\/v2\/posts\/1468972","targetHints":{"allow":["GET"]}}],"collection":[{"href":"https:\/\/noticiasya.com\/midland-odessa\/wp-json\/wp\/v2\/posts"}],"about":[{"href":"https:\/\/noticiasya.com\/midland-odessa\/wp-json\/wp\/v2\/types\/post"}],"replies":[{"embeddable":true,"href":"https:\/\/noticiasya.com\/midland-odessa\/wp-json\/wp\/v2\/comments?post=1468972"}],"version-history":[{"count":0,"href":"https:\/\/noticiasya.com\/midland-odessa\/wp-json\/wp\/v2\/posts\/1468972\/revisions"}],"wp:attachment":[{"href":"https:\/\/noticiasya.com\/midland-odessa\/wp-json\/wp\/v2\/media?parent=1468972"}],"wp:term":[{"taxonomy":"category","embeddable":true,"href":"https:\/\/noticiasya.com\/midland-odessa\/wp-json\/wp\/v2\/categories?post=1468972"},{"taxonomy":"post_tag","embeddable":true,"href":"https:\/\/noticiasya.com\/midland-odessa\/wp-json\/wp\/v2\/tags?post=1468972"}],"curies":[{"name":"wp","href":"https:\/\/api.w.org\/{rel}","templated":true}]}}