{"id":1468973,"date":"2025-12-04T12:03:44","date_gmt":"2025-12-04T20:03:44","guid":{"rendered":"https:\/\/noticiasya.com\/2025\/12\/04\/ofensiva-migratoria-trump-luisiana-minnesota-comunidad-hispana-orix\/"},"modified":"2025-12-04T12:03:44","modified_gmt":"2025-12-04T20:03:44","slug":"ofensiva-migratoria-trump-luisiana-minnesota-comunidad-hispana-orix","status":"publish","type":"post","link":"https:\/\/noticiasya.com\/midland-odessa\/2025\/12\/04\/ofensiva-migratoria-trump-luisiana-minnesota-comunidad-hispana-orix\/","title":{"rendered":"La ofensiva migratoria del Gobierno de Trump se mueve a Luisiana y Minnesota: \u00bfc\u00f3mo es la comunidad hispana en esos estados?"},"content":{"rendered":"<p>La amplia ofensiva contra la inmigraci\u00f3n ilegal de parte del Gobierno de Donald Trump sigue su curso a trav\u00e9s de Estados Unidos. Luego de pasar por estados como California, Illinois y Carolina del Norte, las acciones federales de control migratorio <a href=\"https:\/\/cnnespanol.cnn.com\/eeuu\/live-news\/operativo-migratorio-nueva-orleans-minneapolis-en-vivo-trax?t=1764861994612\">llegaron<\/a> esta semana a Luisiana y Minnesota.<\/p>\n<p>En esta ocasi\u00f3n, la ofensiva migratoria se centra en Nueva Orleans, Minneapolis y St. Paul. Estas ciudades, as\u00ed como otras que han sido objetivo del Gobierno estadounidense (como Los \u00c1ngeles, Chicago y Charlotte), han visto un aumento en la cantidad de agentes federales y son <a href=\"https:\/\/cnnespanol.cnn.com\/eeuu\/live-news\/operativo-migratorio-nueva-orleans-minneapolis-en-vivo-trax?post-id=cmiri3sn3000m356nwzdxkxy5\">gobernadas<\/a> por los dem\u00f3cratas.<\/p>\n<p>El Gobierno de EE.UU. <a href=\"https:\/\/cnnespanol.cnn.com\/eeuu\/live-news\/operativo-migratorio-nueva-orleans-minneapolis-en-vivo-trax?post-id=cmiri3sn3000m356nwzdxkxy5\">dijo<\/a> que, en la actual ofensiva migratoria, buscar\u00e1 realizar al menos 5.000 arrestos en Nueva Orleans, con el objetivo de detener \u201clo peor de lo peor\u201d. Lesli Harris, integrante del Concejo Municipal de Nueva Orleans, <a href=\"https:\/\/cnnespanol.cnn.com\/eeuu\/live-news\/operativo-migratorio-nueva-orleans-minneapolis-en-vivo-trax?post-id=cmiri3sn3000m356nwzdxkxy5\">declar\u00f3<\/a> a CNN que esa cifra \u201cno es realista\u201d y asegur\u00f3 que \u201cno creo que haya 5.000 de lo peor de lo peor\u201d. La alcaldesa electa de Nueva Orleans, Helena Moreno, quien naci\u00f3 en M\u00e9xico, dijo que ve perfilamiento racial en el operativo.<\/p>\n<p>En tanto, la ofensiva migratoria se despliega en Minneapolis y St. Paul mientras Trump intensifica sus <a href=\"https:\/\/www.cnn.com\/2025\/12\/02\/us\/ice-operation-somali-migrants-minneapolis\">ataques<\/a> contra los somal\u00edes en Minnesota. Las autoridades de control migratorio est\u00e1n apuntando a todas las personas de ascendencia somal\u00ed, incluso a ciudadanos estadounidenses, <a href=\"https:\/\/cnnespanol.cnn.com\/eeuu\/live-news\/operativo-migratorio-nueva-orleans-minneapolis-en-vivo-trax?post-id=cmiri3sn3000m356nwzdxkxy5\">dijo<\/a> un refugiado somal\u00ed que integra el Concejo Municipal de Minneapolis. En Minnesota <a href=\"https:\/\/cnnespanol.cnn.com\/eeuu\/live-news\/operativo-migratorio-nueva-orleans-minneapolis-en-vivo-trax?post-id=cmiri3sn3000m356nwzdxkxy5\">viven<\/a> m\u00e1s de 79.000 somal\u00edes, y cerca del 80 % reside en Minneapolis y St. Paul. Los funcionarios del estado han prometido defender a la comunidad somal\u00ed en las dos ciudades.<\/p>\n<p>Nueva Orleans, en el estado de Luisiana, <a href=\"https:\/\/cnnespanol.cnn.com\/2025\/12\/03\/eeuu\/dhs-inicio-operativo-control-migratorio-nueva-orleans-trax#:~:text=La%20ciudad%20tambi%C3%A9n%20alberga%20poblaciones%20inmigrantes%20hist%C3%B3ricas%2C%20incluida%20una%20importante%20comunidad%20vietnamita%2Destadounidense%2C%20que%20se%20origin%C3%B3%20cuando%20los%20refugiados%20huyeron%20de%20la%20ca%C3%ADda%20de%20Saig%C3%B3n.\">alberga<\/a> poblaciones inmigrantes hist\u00f3ricas, incluida una importante comunidad vietnamita-estadounidense que hoy vive en medio de la <a href=\"https:\/\/cnnespanol.cnn.com\/eeuu\/live-news\/operativo-migratorio-nueva-orleans-minneapolis-en-vivo-trax?post-id=cmirm8tyd0023356ntq039vev\">preocupaci\u00f3n<\/a> por las acciones migratorias del Gobierno.<\/p>\n<p>Asimismo, el estado tambi\u00e9n es <a href=\"https:\/\/cnnespanol.cnn.com\/2025\/12\/03\/eeuu\/dhs-inicio-operativo-control-migratorio-nueva-orleans-trax#:~:text=Los%20vecindarios%20con%20poblaciones%20latinas%20significativas%20incluyen%20partes%20de%20Metairie%2C%20Bridge%20City%2C%20Terrytown%20y%20Harvey%2C%20seg%C3%BAn%20muestran%20los%20datos%20del%20censo.\">hogar<\/a> de miles de personas originarias de comunidades hispanas o latinas, <a href=\"https:\/\/data.census.gov\/table\/ACSDT1Y2024.B03001?q=B03001&#038;g=040XX00US22,27_160XX00US2255000,2743000,2758000\">seg\u00fan datos<\/a> de la American Community Survey 2024 de la Oficina del Censo de EE.UU.<\/p>\n<p>Sumando a los extranjeros latinos\/hispanos que residen en el estado y a ciudadanos o residentes originarios de esta regi\u00f3n, la comunidad hispana\/latina en Luisiana suma una poblaci\u00f3n de 357.628 personas.<\/p>\n<p>De estas, la mayor\u00eda son originarias de M\u00e9xico:<\/p>\n<ul>\n<li>M\u00e9xico: 105.796 personas<\/li>\n<li>Honduras: 76.923<\/li>\n<li>Cuba: 21.498<\/li>\n<li>Puerto Rico: 19.101<\/li>\n<li>Guatemala: 13.127<\/li>\n<li>El Salvador: 12.959<\/li>\n<li>Nicaragua: 11.996<\/li>\n<li>Espa\u00f1a: 9.385<\/li>\n<li>Rep\u00fablica Dominicana: 8.394<\/li>\n<li>Colombia: 7.520<\/li>\n<\/ul>\n<p>Si bien el objetivo de las autoridades federales de inmigraci\u00f3n en Minneapolis y St. Paul \u2014dos de las ciudades m\u00e1s importantes de Minnesota\u2014 es la comunidad somal\u00ed, la poblaci\u00f3n de origen hispano\/latino suma casi el mismo n\u00famero de personas que en Luisiana.<\/p>\n<p>Seg\u00fan las estimaciones del Censo de EE.UU., Minnesota tiene una poblaci\u00f3n de 388.435 personas latinas o hispanas.<\/p>\n<p>Nuevamente M\u00e9xico es el pa\u00eds de origen de la mayor\u00eda, seg\u00fan la Oficina del Censo:<\/p>\n<ul>\n<li>M\u00e9xico: 221.876 personas<\/li>\n<li>Puerto Rico: 24.230<\/li>\n<li>Ecuador: 17.722<\/li>\n<li>Guatemala: 16.875<\/li>\n<li>Honduras: 13.224<\/li>\n<li>El Salvador: 11.312<\/li>\n<li>Colombia: 10.494<\/li>\n<li>Venezuela: 10.304<\/li>\n<li>Espa\u00f1a: 6.333<\/li>\n<li>Cuba: 5.714<\/li>\n<\/ul>\n<p><a href=\"https:\/\/cnnespanol.cnn.com\/eeuu\/live-news\/operativo-migratorio-nueva-orleans-minneapolis-en-vivo-trax?post-id=cmirjftmk001m356nxqgvkdht\">Tim Walz<\/a> es el actual gobernador y miembro del Partido Dem\u00f3crata.<\/p>\n<p>Las principales ciudades del estado \u2014Minneapolis, St. Paul y Rochester\u2014 son bastiones dem\u00f3cratas.<\/p>\n<p>En la elecci\u00f3n presidencial de 2024, el estado en su conjunto vot\u00f3 50,9 % por Kamala Harris y 46,7 % por Donald Trump.<\/p>\n<p><a href=\"https:\/\/cnnespanol.cnn.com\/eeuu\/live-news\/operativo-migratorio-nueva-orleans-minneapolis-en-vivo-trax?post-id=cmirjftmk001m356nxqgvkdht\">Jeff Landry<\/a> es el actual gobernador y miembro del Partido Republicano.<\/p>\n<p>Las principales ciudades del estado \u2014Nueva Orleans, Baton Rouge y Shreveport\u2014 son bastiones dem\u00f3cratas.<\/p>\n<p>En la elecci\u00f3n presidencial de 2024, el estado en su conjunto vot\u00f3 60,2 % por Donald Trump y 38,2 % por Kamala Harris.<\/p>\n<p>The-CNN-Wire<br \/>&trade; &amp; &copy; 2025 Cable News Network, Inc., a Warner Bros. Discovery Company. All rights reserved.<\/p>\n","protected":false},"excerpt":{"rendered":"<p>La amplia ofensiva contra la inmigraci\u00f3n ilegal de parte del Gobierno de Donald Trump sigue su curso a trav\u00e9s de Estados Unidos. Luego de pasar por estados como California, Illinois y Carolina del Norte, las acciones federales de control migratorio llegaron esta semana a Luisiana y Minnesota. En esta ocasi\u00f3n, la ofensiva migratoria se centra [&hellip;]<\/p>\n","protected":false},"author":0,"featured_media":0,"comment_status":"open","ping_status":"open","sticky":false,"template":"","format":"standard","meta":{"_jetpack_memberships_contains_paid_content":false,"footnotes":""},"categories":[10],"tags":[],"class_list":["post-1468973","post","type-post","status-publish","format-standard","hentry","category-noticias-nacionales","market-global"],"yoast_head":"<!-- This site is optimized with the Yoast SEO plugin v24.4 - https:\/\/yoast.com\/wordpress\/plugins\/seo\/ -->\n<title>La ofensiva migratoria del Gobierno de Trump se mueve a Luisiana y Minnesota: \u00bfc\u00f3mo es la comunidad hispana en esos estados? - Noticias<\/title>\n<meta name=\"robots\" content=\"index, follow, max-snippet:-1, max-image-preview:large, max-video-preview:-1\" \/>\n<link rel=\"canonical\" href=\"https:\/\/noticiasya.com\/2025\/12\/04\/ofensiva-migratoria-trump-luisiana-minnesota-comunidad-hispana-orix\/\" \/>\n<meta property=\"og:locale\" content=\"es_ES\" \/>\n<meta property=\"og:type\" content=\"article\" \/>\n<meta property=\"og:title\" content=\"La ofensiva migratoria del Gobierno de Trump se mueve a Luisiana y Minnesota: \u00bfc\u00f3mo es la comunidad hispana en esos estados? - Noticias\" \/>\n<meta property=\"og:description\" content=\"La amplia ofensiva contra la inmigraci\u00f3n ilegal de parte del Gobierno de Donald Trump sigue su curso a trav\u00e9s de Estados Unidos. Luego de pasar por estados como California, Illinois y Carolina del Norte, las acciones federales de control migratorio llegaron esta semana a Luisiana y Minnesota. En esta ocasi\u00f3n, la ofensiva migratoria se centra [&hellip;]\" \/>\n<meta property=\"og:url\" content=\"https:\/\/noticiasya.com\/2025\/12\/04\/ofensiva-migratoria-trump-luisiana-minnesota-comunidad-hispana-orix\/\" \/>\n<meta property=\"og:site_name\" content=\"Noticias\" \/>\n<meta property=\"article:published_time\" content=\"2025-12-04T20:03:44+00:00\" \/>\n<meta name=\"twitter:card\" content=\"summary_large_image\" \/>\n<meta name=\"twitter:label1\" content=\"Est. reading time\" \/>\n\t<meta name=\"twitter:data1\" content=\"3 minutos\" \/>\n<script type=\"application\/ld+json\" class=\"yoast-schema-graph\">{\"@context\":\"https:\/\/schema.org\",\"@graph\":[{\"@type\":\"Article\",\"@id\":\"https:\/\/noticiasya.com\/2025\/12\/04\/ofensiva-migratoria-trump-luisiana-minnesota-comunidad-hispana-orix\/#article\",\"isPartOf\":{\"@id\":\"https:\/\/noticiasya.com\/2025\/12\/04\/ofensiva-migratoria-trump-luisiana-minnesota-comunidad-hispana-orix\/\"},\"author\":{\"name\":\"\",\"@id\":\"\"},\"headline\":\"La ofensiva migratoria del Gobierno de Trump se mueve a Luisiana y Minnesota: \u00bfc\u00f3mo es la comunidad hispana en esos estados?\",\"datePublished\":\"2025-12-04T20:03:44+00:00\",\"mainEntityOfPage\":{\"@id\":\"https:\/\/noticiasya.com\/2025\/12\/04\/ofensiva-migratoria-trump-luisiana-minnesota-comunidad-hispana-orix\/\"},\"wordCount\":620,\"commentCount\":0,\"publisher\":{\"@id\":\"https:\/\/noticiasya.com\/#organization\"},\"articleSection\":[\"Noticias Nacionales\"],\"inLanguage\":\"es\",\"potentialAction\":[{\"@type\":\"CommentAction\",\"name\":\"Comment\",\"target\":[\"https:\/\/noticiasya.com\/2025\/12\/04\/ofensiva-migratoria-trump-luisiana-minnesota-comunidad-hispana-orix\/#respond\"]}]},{\"@type\":\"WebPage\",\"@id\":\"https:\/\/noticiasya.com\/2025\/12\/04\/ofensiva-migratoria-trump-luisiana-minnesota-comunidad-hispana-orix\/\",\"url\":\"https:\/\/noticiasya.com\/2025\/12\/04\/ofensiva-migratoria-trump-luisiana-minnesota-comunidad-hispana-orix\/\",\"name\":\"La ofensiva migratoria del Gobierno de Trump se mueve a Luisiana y Minnesota: \u00bfc\u00f3mo es la comunidad hispana en esos estados? - Noticias\",\"isPartOf\":{\"@id\":\"https:\/\/noticiasya.com\/#website\"},\"datePublished\":\"2025-12-04T20:03:44+00:00\",\"breadcrumb\":{\"@id\":\"https:\/\/noticiasya.com\/2025\/12\/04\/ofensiva-migratoria-trump-luisiana-minnesota-comunidad-hispana-orix\/#breadcrumb\"},\"inLanguage\":\"es\",\"potentialAction\":[{\"@type\":\"ReadAction\",\"target\":[\"https:\/\/noticiasya.com\/2025\/12\/04\/ofensiva-migratoria-trump-luisiana-minnesota-comunidad-hispana-orix\/\"]}]},{\"@type\":\"BreadcrumbList\",\"@id\":\"https:\/\/noticiasya.com\/2025\/12\/04\/ofensiva-migratoria-trump-luisiana-minnesota-comunidad-hispana-orix\/#breadcrumb\",\"itemListElement\":[{\"@type\":\"ListItem\",\"position\":1,\"name\":\"Home\",\"item\":\"https:\/\/noticiasya.com\/\"},{\"@type\":\"ListItem\",\"position\":2,\"name\":\"La ofensiva migratoria del Gobierno de Trump se mueve a Luisiana y Minnesota: \u00bfc\u00f3mo es la comunidad hispana en esos estados?\"}]},{\"@type\":\"WebSite\",\"@id\":\"https:\/\/noticiasya.com\/#website\",\"url\":\"https:\/\/noticiasya.com\/\",\"name\":\"Noticias\",\"description\":\"Lo que importa\",\"publisher\":{\"@id\":\"https:\/\/noticiasya.com\/#organization\"},\"potentialAction\":[{\"@type\":\"SearchAction\",\"target\":{\"@type\":\"EntryPoint\",\"urlTemplate\":\"https:\/\/noticiasya.com\/?s={search_term_string}\"},\"query-input\":{\"@type\":\"PropertyValueSpecification\",\"valueRequired\":true,\"valueName\":\"search_term_string\"}}],\"inLanguage\":\"es\"},{\"@type\":\"Organization\",\"@id\":\"https:\/\/noticiasya.com\/#organization\",\"name\":\"Noticias\",\"url\":\"https:\/\/noticiasya.com\/\",\"logo\":{\"@type\":\"ImageObject\",\"inLanguage\":\"es\",\"@id\":\"https:\/\/noticiasya.com\/#\/schema\/logo\/image\/\",\"url\":\"https:\/\/noticiasya.com\/wp-content\/uploads\/sites\/22\/2023\/12\/logo-nacional.png\",\"contentUrl\":\"https:\/\/noticiasya.com\/wp-content\/uploads\/sites\/22\/2023\/12\/logo-nacional.png\",\"width\":1801,\"height\":691,\"caption\":\"Noticias\"},\"image\":{\"@id\":\"https:\/\/noticiasya.com\/#\/schema\/logo\/image\/\"}}]}<\/script>\n<!-- \/ Yoast SEO plugin. -->","yoast_head_json":{"title":"La ofensiva migratoria del Gobierno de Trump se mueve a Luisiana y Minnesota: \u00bfc\u00f3mo es la comunidad hispana en esos estados? - Noticias","robots":{"index":"index","follow":"follow","max-snippet":"max-snippet:-1","max-image-preview":"max-image-preview:large","max-video-preview":"max-video-preview:-1"},"canonical":"https:\/\/noticiasya.com\/2025\/12\/04\/ofensiva-migratoria-trump-luisiana-minnesota-comunidad-hispana-orix\/","og_locale":"es_ES","og_type":"article","og_title":"La ofensiva migratoria del Gobierno de Trump se mueve a Luisiana y Minnesota: \u00bfc\u00f3mo es la comunidad hispana en esos estados? - Noticias","og_description":"La amplia ofensiva contra la inmigraci\u00f3n ilegal de parte del Gobierno de Donald Trump sigue su curso a trav\u00e9s de Estados Unidos. Luego de pasar por estados como California, Illinois y Carolina del Norte, las acciones federales de control migratorio llegaron esta semana a Luisiana y Minnesota. En esta ocasi\u00f3n, la ofensiva migratoria se centra [&hellip;]","og_url":"https:\/\/noticiasya.com\/2025\/12\/04\/ofensiva-migratoria-trump-luisiana-minnesota-comunidad-hispana-orix\/","og_site_name":"Noticias","article_published_time":"2025-12-04T20:03:44+00:00","twitter_card":"summary_large_image","twitter_misc":{"Est. reading time":"3 minutos"},"schema":{"@context":"https:\/\/schema.org","@graph":[{"@type":"Article","@id":"https:\/\/noticiasya.com\/2025\/12\/04\/ofensiva-migratoria-trump-luisiana-minnesota-comunidad-hispana-orix\/#article","isPartOf":{"@id":"https:\/\/noticiasya.com\/2025\/12\/04\/ofensiva-migratoria-trump-luisiana-minnesota-comunidad-hispana-orix\/"},"author":{"name":"","@id":""},"headline":"La ofensiva migratoria del Gobierno de Trump se mueve a Luisiana y Minnesota: \u00bfc\u00f3mo es la comunidad hispana en esos estados?","datePublished":"2025-12-04T20:03:44+00:00","mainEntityOfPage":{"@id":"https:\/\/noticiasya.com\/2025\/12\/04\/ofensiva-migratoria-trump-luisiana-minnesota-comunidad-hispana-orix\/"},"wordCount":620,"commentCount":0,"publisher":{"@id":"https:\/\/noticiasya.com\/#organization"},"articleSection":["Noticias Nacionales"],"inLanguage":"es","potentialAction":[{"@type":"CommentAction","name":"Comment","target":["https:\/\/noticiasya.com\/2025\/12\/04\/ofensiva-migratoria-trump-luisiana-minnesota-comunidad-hispana-orix\/#respond"]}]},{"@type":"WebPage","@id":"https:\/\/noticiasya.com\/2025\/12\/04\/ofensiva-migratoria-trump-luisiana-minnesota-comunidad-hispana-orix\/","url":"https:\/\/noticiasya.com\/2025\/12\/04\/ofensiva-migratoria-trump-luisiana-minnesota-comunidad-hispana-orix\/","name":"La ofensiva migratoria del Gobierno de Trump se mueve a Luisiana y Minnesota: \u00bfc\u00f3mo es la comunidad hispana en esos estados? - Noticias","isPartOf":{"@id":"https:\/\/noticiasya.com\/#website"},"datePublished":"2025-12-04T20:03:44+00:00","breadcrumb":{"@id":"https:\/\/noticiasya.com\/2025\/12\/04\/ofensiva-migratoria-trump-luisiana-minnesota-comunidad-hispana-orix\/#breadcrumb"},"inLanguage":"es","potentialAction":[{"@type":"ReadAction","target":["https:\/\/noticiasya.com\/2025\/12\/04\/ofensiva-migratoria-trump-luisiana-minnesota-comunidad-hispana-orix\/"]}]},{"@type":"BreadcrumbList","@id":"https:\/\/noticiasya.com\/2025\/12\/04\/ofensiva-migratoria-trump-luisiana-minnesota-comunidad-hispana-orix\/#breadcrumb","itemListElement":[{"@type":"ListItem","position":1,"name":"Home","item":"https:\/\/noticiasya.com\/"},{"@type":"ListItem","position":2,"name":"La ofensiva migratoria del Gobierno de Trump se mueve a Luisiana y Minnesota: \u00bfc\u00f3mo es la comunidad hispana en esos estados?"}]},{"@type":"WebSite","@id":"https:\/\/noticiasya.com\/#website","url":"https:\/\/noticiasya.com\/","name":"Noticias","description":"Lo que importa","publisher":{"@id":"https:\/\/noticiasya.com\/#organization"},"potentialAction":[{"@type":"SearchAction","target":{"@type":"EntryPoint","urlTemplate":"https:\/\/noticiasya.com\/?s={search_term_string}"},"query-input":{"@type":"PropertyValueSpecification","valueRequired":true,"valueName":"search_term_string"}}],"inLanguage":"es"},{"@type":"Organization","@id":"https:\/\/noticiasya.com\/#organization","name":"Noticias","url":"https:\/\/noticiasya.com\/","logo":{"@type":"ImageObject","inLanguage":"es","@id":"https:\/\/noticiasya.com\/#\/schema\/logo\/image\/","url":"https:\/\/noticiasya.com\/wp-content\/uploads\/sites\/22\/2023\/12\/logo-nacional.png","contentUrl":"https:\/\/noticiasya.com\/wp-content\/uploads\/sites\/22\/2023\/12\/logo-nacional.png","width":1801,"height":691,"caption":"Noticias"},"image":{"@id":"https:\/\/noticiasya.com\/#\/schema\/logo\/image\/"}}]}},"parsely":{"version":"1.1.0","canonical_url":"https:\/\/noticiasya.com\/midland-odessa\/2025\/12\/04\/ofensiva-migratoria-trump-luisiana-minnesota-comunidad-hispana-orix\/","smart_links":{"inbound":0,"outbound":0},"traffic_boost_suggestions_count":0,"meta":{"@context":"https:\/\/schema.org","@type":"NewsArticle","headline":"La ofensiva migratoria del Gobierno de Trump se mueve a Luisiana y Minnesota: \u00bfc\u00f3mo es la comunidad hispana en esos estados?","url":"http:\/\/noticiasya.com\/midland-odessa\/2025\/12\/04\/ofensiva-migratoria-trump-luisiana-minnesota-comunidad-hispana-orix\/","mainEntityOfPage":{"@type":"WebPage","@id":"http:\/\/noticiasya.com\/midland-odessa\/2025\/12\/04\/ofensiva-migratoria-trump-luisiana-minnesota-comunidad-hispana-orix\/"},"thumbnailUrl":"","image":{"@type":"ImageObject","url":""},"articleSection":"Noticias Nacionales","author":[],"creator":[],"publisher":{"@type":"Organization","name":"Noticias","logo":""},"keywords":[],"dateCreated":"2025-12-04T20:03:44Z","datePublished":"2025-12-04T20:03:44Z","dateModified":"2025-12-04T20:03:44Z"},"rendered":"<script type=\"application\/ld+json\" class=\"wp-parsely-metadata\">{\"@context\":\"https:\\\/\\\/schema.org\",\"@type\":\"NewsArticle\",\"headline\":\"La ofensiva migratoria del Gobierno de Trump se mueve a Luisiana y Minnesota: \\u00bfc\\u00f3mo es la comunidad hispana en esos estados?\",\"url\":\"http:\\\/\\\/noticiasya.com\\\/midland-odessa\\\/2025\\\/12\\\/04\\\/ofensiva-migratoria-trump-luisiana-minnesota-comunidad-hispana-orix\\\/\",\"mainEntityOfPage\":{\"@type\":\"WebPage\",\"@id\":\"http:\\\/\\\/noticiasya.com\\\/midland-odessa\\\/2025\\\/12\\\/04\\\/ofensiva-migratoria-trump-luisiana-minnesota-comunidad-hispana-orix\\\/\"},\"thumbnailUrl\":\"\",\"image\":{\"@type\":\"ImageObject\",\"url\":\"\"},\"articleSection\":\"Noticias Nacionales\",\"author\":[],\"creator\":[],\"publisher\":{\"@type\":\"Organization\",\"name\":\"Noticias\",\"logo\":\"\"},\"keywords\":[],\"dateCreated\":\"2025-12-04T20:03:44Z\",\"datePublished\":\"2025-12-04T20:03:44Z\",\"dateModified\":\"2025-12-04T20:03:44Z\"}<\/script>","tracker_url":"https:\/\/cdn.parsely.com\/keys\/noticiasya.com\/p.js"},"jetpack_featured_media_url":"","jetpack-related-posts":[{"id":1467190,"url":"https:\/\/noticiasya.com\/midland-odessa\/2025\/10\/07\/desconcierto-latino-ofensiva-migratoria-trump-chicago-orix\/","url_meta":{"origin":1468973,"position":0},"title":"&#171;En guerra con nuestro propio pa\u00eds&#187;: el desconcierto de un latino resuena ante la ofensiva migratoria de Trump en Chicago","author":"","date":"octubre 7, 2025","format":false,"excerpt":"Jorge Ortega es colombiano de nacimiento, pero lleva pr\u00e1cticamente toda su vida en Estados Unidos, sobre todo en Chicago. Lleg\u00f3 con su familia cuando ten\u00eda apenas 5 a\u00f1os y ahora ya suma m\u00e1s de cinco d\u00e9cadas viviendo en suelo estadounidense. En ese largo tiempo, asegura que nunca antes hab\u00eda experimentado\u2026","rel":"","context":"In &quot;Noticias Nacionales&quot;","block_context":{"text":"Noticias Nacionales","link":"https:\/\/noticiasya.com\/midland-odessa\/categoria\/noticias-nacionales"},"img":{"alt_text":"","src":"","width":0,"height":0},"classes":[]},{"id":1465612,"url":"https:\/\/noticiasya.com\/midland-odessa\/2025\/08\/18\/demanda-condicionar-fondos-cooperacion-materia-migratoria-trax\/","url_meta":{"origin":1468973,"position":1},"title":"Demandan al Gobierno de Trump por condicionar fondos para v\u00edctimas de cr\u00edmenes a cambio de cooperaci\u00f3n en materia migratoria","author":"","date":"agosto 18, 2025","format":false,"excerpt":"Veinte estados y Washington demandaron al Gobierno de Trump este lunes, alegando que retiene indebidamente cientos de millones de d\u00f3lares destinados a ayudar a las v\u00edctimas de cr\u00edmenes con el fin de obligar a los estados a cooperar con los esfuerzos federales de control migratorio.Los estados, todos con fiscales generales\u2026","rel":"","context":"In &quot;Noticias Nacionales&quot;","block_context":{"text":"Noticias Nacionales","link":"https:\/\/noticiasya.com\/midland-odessa\/categoria\/noticias-nacionales"},"img":{"alt_text":"","src":"","width":0,"height":0},"classes":[]},{"id":1470200,"url":"https:\/\/noticiasya.com\/midland-odessa\/2026\/01\/17\/principales-preguntas-legales-ice-tiroteo-minneapolis-trax\/","url_meta":{"origin":1468973,"position":2},"title":"Las principales preguntas legales sobre ICE y el tiroteo en Minneapolis, respondidas","author":"","date":"enero 17, 2026","format":false,"excerpt":"Minneapolis ha sido escenario de tensas manifestaciones contra el despliegue de agentes federales por parte del Gobierno de Trump como parte de una ofensiva migratoria, lo que ha generado interrogantes sobre el alcance de las facultades de estos agentes en el terreno y sobre c\u00f3mo puede responder el presidente Donald\u2026","rel":"","context":"In &quot;Noticias Nacionales&quot;","block_context":{"text":"Noticias Nacionales","link":"https:\/\/noticiasya.com\/midland-odessa\/categoria\/noticias-nacionales"},"img":{"alt_text":"","src":"","width":0,"height":0},"classes":[]},{"id":1470365,"url":"https:\/\/noticiasya.com\/midland-odessa\/2026\/01\/22\/gobierno-trump-ofensiva-inmigratoria-maine-trax\/","url_meta":{"origin":1468973,"position":3},"title":"Gobierno de Trump extiende ofensiva inmigratoria a Maine","author":"","date":"enero 22, 2026","format":false,"excerpt":"Las autoridades federales de inmigraci\u00f3n han lanzado la \u201cOperaci\u00f3n Captura del D\u00eda\u201d en Maine, la \u00faltima acci\u00f3n de cumplimiento de la ley en un estado liderado por dem\u00f3cratas bajo la amplia ofensiva contra las deportaciones de la administraci\u00f3n Trump.ICE tiene en la mira a aproximadamente 1.400 personas en el estado,\u2026","rel":"","context":"In &quot;Noticias Nacionales&quot;","block_context":{"text":"Noticias Nacionales","link":"https:\/\/noticiasya.com\/midland-odessa\/categoria\/noticias-nacionales"},"img":{"alt_text":"","src":"","width":0,"height":0},"classes":[]},{"id":1468273,"url":"https:\/\/noticiasya.com\/midland-odessa\/2025\/11\/12\/juez-ordena-liberar-redada-migratoria-illinois-trax\/","url_meta":{"origin":1468973,"position":4},"title":"Juez ordena liberar a cientos de personas arrestadas en redada contra la inmigraci\u00f3n en Illinois, seg\u00fan WLS","author":"","date":"noviembre 12, 2025","format":false,"excerpt":"Un juez federal orden\u00f3 la liberaci\u00f3n de cientos de personas arrestadas como parte de la ofensiva inmigratoria del Gobierno de Trump en Illinois, seg\u00fan la filial de CNN WLS, asestando un golpe a los esfuerzos federales por detener y deportar a la mayor cantidad posible de personas indocumentadas.El juez de\u2026","rel":"","context":"In &quot;Noticias Nacionales&quot;","block_context":{"text":"Noticias Nacionales","link":"https:\/\/noticiasya.com\/midland-odessa\/categoria\/noticias-nacionales"},"img":{"alt_text":"","src":"","width":0,"height":0},"classes":[]},{"id":1470095,"url":"https:\/\/noticiasya.com\/midland-odessa\/2026\/01\/14\/minnesota-illinois-decima-enmienda-demandas-para-frenar-agentes-federales-trax\/","url_meta":{"origin":1468973,"position":5},"title":"Minnesota e Illinois invocan la D\u00e9cima Enmienda en demandas para frenar a agentes federales. \u00bfPor qu\u00e9 es importante?","author":"","date":"enero 14, 2026","format":false,"excerpt":"Funcionarios de Minnesota e Illinois presentaron demandas con apenas horas de diferencia este lunes para frenar la ofensiva migratoria en curso del Gobierno de Donald Trump en sus respectivos estados.Aunque las demandas son independientes y tienen matices, ambos estados citaron la D\u00e9cima Enmienda para respaldar su argumento de que el\u2026","rel":"","context":"In &quot;Noticias Nacionales&quot;","block_context":{"text":"Noticias Nacionales","link":"https:\/\/noticiasya.com\/midland-odessa\/categoria\/noticias-nacionales"},"img":{"alt_text":"","src":"","width":0,"height":0},"classes":[]}],"jetpack_sharing_enabled":true,"_links":{"self":[{"href":"https:\/\/noticiasya.com\/midland-odessa\/wp-json\/wp\/v2\/posts\/1468973","targetHints":{"allow":["GET"]}}],"collection":[{"href":"https:\/\/noticiasya.com\/midland-odessa\/wp-json\/wp\/v2\/posts"}],"about":[{"href":"https:\/\/noticiasya.com\/midland-odessa\/wp-json\/wp\/v2\/types\/post"}],"replies":[{"embeddable":true,"href":"https:\/\/noticiasya.com\/midland-odessa\/wp-json\/wp\/v2\/comments?post=1468973"}],"version-history":[{"count":0,"href":"https:\/\/noticiasya.com\/midland-odessa\/wp-json\/wp\/v2\/posts\/1468973\/revisions"}],"wp:attachment":[{"href":"https:\/\/noticiasya.com\/midland-odessa\/wp-json\/wp\/v2\/media?parent=1468973"}],"wp:term":[{"taxonomy":"category","embeddable":true,"href":"https:\/\/noticiasya.com\/midland-odessa\/wp-json\/wp\/v2\/categories?post=1468973"},{"taxonomy":"post_tag","embeddable":true,"href":"https:\/\/noticiasya.com\/midland-odessa\/wp-json\/wp\/v2\/tags?post=1468973"}],"curies":[{"name":"wp","href":"https:\/\/api.w.org\/{rel}","templated":true}]}}