{"id":1468984,"date":"2025-12-04T18:03:39","date_gmt":"2025-12-05T02:03:39","guid":{"rendered":"https:\/\/noticiasya.com\/2025\/12\/04\/sheinbaum-jornada-laboral-mexico-region-orix\/"},"modified":"2025-12-04T18:03:39","modified_gmt":"2025-12-05T02:03:39","slug":"sheinbaum-jornada-laboral-mexico-region-orix","status":"publish","type":"post","link":"https:\/\/noticiasya.com\/midland-odessa\/2025\/12\/04\/sheinbaum-jornada-laboral-mexico-region-orix\/","title":{"rendered":"Sheinbaum quiere reducir la jornada laboral en M\u00e9xico de 48 a 40 horas semanales: \u00bfc\u00f3mo es en el resto de la regi\u00f3n?"},"content":{"rendered":"<p>M\u00e9xico se prepara para un cambio relevante en el mundo del trabajo. La presidenta Claudia Sheinbaum quiere<a href=\"https:\/\/www.gob.mx\/presidencia\/prensa\/presidenta-claudia-sheinbaum-anuncia-proyecto-de-reforma-para-la-implementacion-gradual-de-la-jornada-laboral-de-40-horas\"> que el pa\u00eds deje atr\u00e1s la semana laboral de 48 horas <\/a>\u2014una de las m\u00e1s largas de Am\u00e9rica Latina\u2014 y se sume al grupo que apuesta por m\u00e1s tiempo de descanso y mejor calidad de vida.<\/p>\n<p>Su propuesta: reducirla a 40 horas, de manera gradual, entre 2026 y 2030. Si avanza, m\u00e1s de 13,4 millones de trabajadoras y trabajadores se ver\u00e1n beneficiados, de acuerdo a la inciativa de ley.<\/p>\n<p>El proyecto, enviado al Senado para discutirse el pr\u00f3ximo a\u00f1o, plantea bajar dos horas por a\u00f1o hasta llegar al objetivo en 2030. Sheinbaum <a href=\"https:\/\/www.gob.mx\/presidencia\/prensa\/presidenta-claudia-sheinbaum-anuncia-proyecto-de-reforma-para-la-implementacion-gradual-de-la-jornada-laboral-de-40-horas\">asegura <\/a>que esto no representar\u00e1 costos adicionales para las empresas y, al contrario, podr\u00eda traducirse en mayor productividad.<\/p>\n<p>Al presentar la reforma, que se trabaj\u00f3 con aportes del sector empresarial, sindicatos, academia, autoridades y organizaciones de la sociedad civil, Sheinbaum defendi\u00f3 que una jornada m\u00e1s corta puede ser ben\u00e9fica tambi\u00e9n para la econom\u00eda.<\/p>\n<p>Record\u00f3 el caso de pa\u00edses n\u00f3rdicos que han llegado a probar semanas laborales de 36 horas con buenos resultados: \u201cha representado mayor productividad para las empresas, incluso en servicios y hoteler\u00eda\u201d, se\u00f1al\u00f3.<\/p>\n<p>En ese contexto, explic\u00f3 que en M\u00e9xico la reducci\u00f3n ser\u00e1 gradual para que \u201cno implique mayores costos para el sector empresarial y, en algunos casos, incluso m\u00e1s productividad\u201d dijo esta semana durante su conferencia de prensa.<\/p>\n<p>El diagn\u00f3stico que acompa\u00f1a la iniciativa dice que las personas en M\u00e9xico trabajan en promedio 2.124 horas al a\u00f1o, un 23 % m\u00e1s que en pa\u00edses de la OCDE, donde el promedio es de 1.687 horas. Pero esa gran diferencia \u201cno se traduce en mejores salarios ni en mayor bienestar\u201d, dice la iniciativa.<\/p>\n<p>El proyecto se vincula con una visi\u00f3n m\u00e1s amplia: fortalecer el \u201cSistema Nacional de Cuidados\u201d, equilibrar vida personal y laboral, y garantizar que el trabajo sea sin\u00f3nimo de dignidad y prosperidad compartida.<\/p>\n<p>El proyecto mexicano mira de cerca lo que ocurre en Chile, donde hace un a\u00f1o entr\u00f3 en vigor la <a href=\"https:\/\/www.mintrab.gob.cl\/40horas\/\">\u201cLey de 40 horas\u201d.<\/a><\/p>\n<p>All\u00ed, la reducci\u00f3n se implementa en tres etapas: de 45 a 44 horas en 2024, 42 en 2026 y 40 en 2028, sin reducir salarios. Es un camino que ya hab\u00eda comenzado en 2001, cuando la jornada baj\u00f3 de 48 a 45 horas. La experiencia chilena, se\u00f1ala la iniciativa enviada al Senado de M\u00e9xico, demuestra que \u201cuna jornada m\u00e1s corta puede mejorar la calidad de vida sin afectar la econom\u00eda\u201d.<\/p>\n<p>En Am\u00e9rica Latina se registran algunas de las jornadas laborales m\u00e1s largas del mundo, con semanas de 48 horas en varios pa\u00edses. M\u00e9xico, Costa Rica y Colombia encabezan el top 3 de pa\u00edses de la OCDE donde m\u00e1s se trabaja.<\/p>\n<p><strong>Pa\u00edses que trabajan hasta 48 horas semanales, seg\u00fan la<\/strong><a href=\"https:\/\/www.ilo.org\/sites\/default\/files\/2025-11\/NOTA%20TECNICASG_NOV2025%20ENG.pdf\"><strong> Organizaci\u00f3n Internacional del Trabajo<\/strong><\/a><\/p>\n<ul>\n<li>Argentina<\/li>\n<li>Bolivia<\/li>\n<li>Colombia (en proceso de llegar a las 42 horas en 2026)<\/li>\n<li>Costa Rica<\/li>\n<li>Guatemala<\/li>\n<li>M\u00e9xico<\/li>\n<li>Nicaragua<\/li>\n<li>Paraguay<\/li>\n<li>Per\u00fa<\/li>\n<li>Uruguay<\/li>\n<\/ul>\n<p><strong>Pa\u00edses que trabajan hasta 44 horas<\/strong><\/p>\n<ul>\n<li>Brasil<\/li>\n<li>Chile (en proceso de llegar a las 40 horas en 2028)<\/li>\n<li>El Salvador<\/li>\n<li>Honduras<\/li>\n<li>Rep\u00fablica Dominicana<\/li>\n<li>Venezuela<\/li>\n<\/ul>\n<p><strong>Pa\u00edses que trabajan hasta 40 horas<\/strong><\/p>\n<ul>\n<li>Ecuador<\/li>\n<\/ul>\n<p>M\u00e1s all\u00e1 de lo que marca la ley en cada pa\u00eds, la <a href=\"https:\/\/www.ilo.org\/sites\/default\/files\/2025-11\/NOTA%20TECNICASG_NOV2025%20ENG.pdf\">OIT mide el tiempo real<\/a> que se trabaja, incluyendo las tareas directas, las relacionadas al trabajo, los descansos cortos y tambi\u00e9n el tiempo en que no se puede avanzar por fallas o interrupciones.<\/p>\n<p>Esa medici\u00f3n muestra que en la regi\u00f3n hay algunas diferencias:<\/p>\n<ul>\n<li>Panam\u00e1, Uruguay y Argentina figuran entre los que menios trabajan: lo hacen en promedio entre 36 y 37 horas semanales.<\/li>\n<li>El Salvador, Honduras y Colombia, en cambio, est\u00e1n entre los que m\u00e1s trabajan y superan las 43 horas por semana.<\/li>\n<li>En M\u00e9xico, que busca ahora reducir su jornada laboral por ley, trabajan un promedio de 42 horas por semana.<\/li>\n<\/ul>\n<p>La brecha puede llegar a 7 horas de diferencia entre los pa\u00edses que trabajan menos y los que trabajan m\u00e1s en la pr\u00e1ctica.<\/p>\n<p>La discusi\u00f3n formal en el Senado de M\u00e9xico est\u00e1 prevista para 2026, pero el debate ya est\u00e1 sobre la mesa: \u00bfpuede un pa\u00eds con largas jornadas laborales y bajos ingresos replantear su modelo de trabajo? La <a href=\"https:\/\/www.gob.mx\/presidencia\/prensa\/presidenta-claudia-sheinbaum-anuncia-proyecto-de-reforma-para-la-implementacion-gradual-de-la-jornada-laboral-de-40-horas\">propuesta <\/a>apunta a menos horas trabajadas y m\u00e1s tiempo para la vida personal.<\/p>\n<p>Si la reforma se aprueba, M\u00e9xico dejar\u00eda de figurar entre los pa\u00edses con las jornadas m\u00e1s extensas de la regi\u00f3n y se alinear\u00eda con una tendencia global que sostiene que, en el siglo XXI, r<a href=\"https:\/\/cnnespanol.cnn.com\/2022\/08\/01\/semana-laboral-cuatro-dias-ensayo-trax\/\">educir las horas de trabajo puede mejorar tanto la calidad de vida como la productividad.<\/a><\/p>\n<p>The-CNN-Wire<br \/>&trade; &amp; &copy; 2025 Cable News Network, Inc., a Warner Bros. Discovery Company. All rights reserved.<\/p>\n","protected":false},"excerpt":{"rendered":"<p>M\u00e9xico se prepara para un cambio relevante en el mundo del trabajo. La presidenta Claudia Sheinbaum quiere que el pa\u00eds deje atr\u00e1s la semana laboral de 48 horas \u2014una de las m\u00e1s largas de Am\u00e9rica Latina\u2014 y se sume al grupo que apuesta por m\u00e1s tiempo de descanso y mejor calidad de vida. Su propuesta: [&hellip;]<\/p>\n","protected":false},"author":0,"featured_media":0,"comment_status":"open","ping_status":"open","sticky":false,"template":"","format":"standard","meta":{"_jetpack_memberships_contains_paid_content":false,"footnotes":""},"categories":[10],"tags":[],"class_list":["post-1468984","post","type-post","status-publish","format-standard","hentry","category-noticias-nacionales","market-global"],"yoast_head":"<!-- This site is optimized with the Yoast SEO plugin v24.4 - https:\/\/yoast.com\/wordpress\/plugins\/seo\/ -->\n<title>Sheinbaum quiere reducir la jornada laboral en M\u00e9xico de 48 a 40 horas semanales: \u00bfc\u00f3mo es en el resto de la regi\u00f3n? - Noticias<\/title>\n<meta name=\"robots\" content=\"index, follow, max-snippet:-1, max-image-preview:large, max-video-preview:-1\" \/>\n<link rel=\"canonical\" href=\"https:\/\/noticiasya.com\/2025\/12\/04\/sheinbaum-jornada-laboral-mexico-region-orix\/\" \/>\n<meta property=\"og:locale\" content=\"es_ES\" \/>\n<meta property=\"og:type\" content=\"article\" \/>\n<meta property=\"og:title\" content=\"Sheinbaum quiere reducir la jornada laboral en M\u00e9xico de 48 a 40 horas semanales: \u00bfc\u00f3mo es en el resto de la regi\u00f3n? - Noticias\" \/>\n<meta property=\"og:description\" content=\"M\u00e9xico se prepara para un cambio relevante en el mundo del trabajo. La presidenta Claudia Sheinbaum quiere que el pa\u00eds deje atr\u00e1s la semana laboral de 48 horas \u2014una de las m\u00e1s largas de Am\u00e9rica Latina\u2014 y se sume al grupo que apuesta por m\u00e1s tiempo de descanso y mejor calidad de vida. Su propuesta: [&hellip;]\" \/>\n<meta property=\"og:url\" content=\"https:\/\/noticiasya.com\/2025\/12\/04\/sheinbaum-jornada-laboral-mexico-region-orix\/\" \/>\n<meta property=\"og:site_name\" content=\"Noticias\" \/>\n<meta property=\"article:published_time\" content=\"2025-12-05T02:03:39+00:00\" \/>\n<meta name=\"twitter:card\" content=\"summary_large_image\" \/>\n<meta name=\"twitter:label1\" content=\"Est. reading time\" \/>\n\t<meta name=\"twitter:data1\" content=\"4 minutos\" \/>\n<script type=\"application\/ld+json\" class=\"yoast-schema-graph\">{\"@context\":\"https:\/\/schema.org\",\"@graph\":[{\"@type\":\"Article\",\"@id\":\"https:\/\/noticiasya.com\/2025\/12\/04\/sheinbaum-jornada-laboral-mexico-region-orix\/#article\",\"isPartOf\":{\"@id\":\"https:\/\/noticiasya.com\/2025\/12\/04\/sheinbaum-jornada-laboral-mexico-region-orix\/\"},\"author\":{\"name\":\"\",\"@id\":\"\"},\"headline\":\"Sheinbaum quiere reducir la jornada laboral en M\u00e9xico de 48 a 40 horas semanales: \u00bfc\u00f3mo es en el resto de la regi\u00f3n?\",\"datePublished\":\"2025-12-05T02:03:39+00:00\",\"mainEntityOfPage\":{\"@id\":\"https:\/\/noticiasya.com\/2025\/12\/04\/sheinbaum-jornada-laboral-mexico-region-orix\/\"},\"wordCount\":823,\"commentCount\":0,\"publisher\":{\"@id\":\"https:\/\/noticiasya.com\/#organization\"},\"articleSection\":[\"Noticias Nacionales\"],\"inLanguage\":\"es\",\"potentialAction\":[{\"@type\":\"CommentAction\",\"name\":\"Comment\",\"target\":[\"https:\/\/noticiasya.com\/2025\/12\/04\/sheinbaum-jornada-laboral-mexico-region-orix\/#respond\"]}]},{\"@type\":\"WebPage\",\"@id\":\"https:\/\/noticiasya.com\/2025\/12\/04\/sheinbaum-jornada-laboral-mexico-region-orix\/\",\"url\":\"https:\/\/noticiasya.com\/2025\/12\/04\/sheinbaum-jornada-laboral-mexico-region-orix\/\",\"name\":\"Sheinbaum quiere reducir la jornada laboral en M\u00e9xico de 48 a 40 horas semanales: \u00bfc\u00f3mo es en el resto de la regi\u00f3n? - Noticias\",\"isPartOf\":{\"@id\":\"https:\/\/noticiasya.com\/#website\"},\"datePublished\":\"2025-12-05T02:03:39+00:00\",\"breadcrumb\":{\"@id\":\"https:\/\/noticiasya.com\/2025\/12\/04\/sheinbaum-jornada-laboral-mexico-region-orix\/#breadcrumb\"},\"inLanguage\":\"es\",\"potentialAction\":[{\"@type\":\"ReadAction\",\"target\":[\"https:\/\/noticiasya.com\/2025\/12\/04\/sheinbaum-jornada-laboral-mexico-region-orix\/\"]}]},{\"@type\":\"BreadcrumbList\",\"@id\":\"https:\/\/noticiasya.com\/2025\/12\/04\/sheinbaum-jornada-laboral-mexico-region-orix\/#breadcrumb\",\"itemListElement\":[{\"@type\":\"ListItem\",\"position\":1,\"name\":\"Home\",\"item\":\"https:\/\/noticiasya.com\/\"},{\"@type\":\"ListItem\",\"position\":2,\"name\":\"Sheinbaum quiere reducir la jornada laboral en M\u00e9xico de 48 a 40 horas semanales: \u00bfc\u00f3mo es en el resto de la regi\u00f3n?\"}]},{\"@type\":\"WebSite\",\"@id\":\"https:\/\/noticiasya.com\/#website\",\"url\":\"https:\/\/noticiasya.com\/\",\"name\":\"Noticias\",\"description\":\"Lo que importa\",\"publisher\":{\"@id\":\"https:\/\/noticiasya.com\/#organization\"},\"potentialAction\":[{\"@type\":\"SearchAction\",\"target\":{\"@type\":\"EntryPoint\",\"urlTemplate\":\"https:\/\/noticiasya.com\/?s={search_term_string}\"},\"query-input\":{\"@type\":\"PropertyValueSpecification\",\"valueRequired\":true,\"valueName\":\"search_term_string\"}}],\"inLanguage\":\"es\"},{\"@type\":\"Organization\",\"@id\":\"https:\/\/noticiasya.com\/#organization\",\"name\":\"Noticias\",\"url\":\"https:\/\/noticiasya.com\/\",\"logo\":{\"@type\":\"ImageObject\",\"inLanguage\":\"es\",\"@id\":\"https:\/\/noticiasya.com\/#\/schema\/logo\/image\/\",\"url\":\"https:\/\/noticiasya.com\/wp-content\/uploads\/sites\/22\/2023\/12\/logo-nacional.png\",\"contentUrl\":\"https:\/\/noticiasya.com\/wp-content\/uploads\/sites\/22\/2023\/12\/logo-nacional.png\",\"width\":1801,\"height\":691,\"caption\":\"Noticias\"},\"image\":{\"@id\":\"https:\/\/noticiasya.com\/#\/schema\/logo\/image\/\"}}]}<\/script>\n<!-- \/ Yoast SEO plugin. -->","yoast_head_json":{"title":"Sheinbaum quiere reducir la jornada laboral en M\u00e9xico de 48 a 40 horas semanales: \u00bfc\u00f3mo es en el resto de la regi\u00f3n? - Noticias","robots":{"index":"index","follow":"follow","max-snippet":"max-snippet:-1","max-image-preview":"max-image-preview:large","max-video-preview":"max-video-preview:-1"},"canonical":"https:\/\/noticiasya.com\/2025\/12\/04\/sheinbaum-jornada-laboral-mexico-region-orix\/","og_locale":"es_ES","og_type":"article","og_title":"Sheinbaum quiere reducir la jornada laboral en M\u00e9xico de 48 a 40 horas semanales: \u00bfc\u00f3mo es en el resto de la regi\u00f3n? - Noticias","og_description":"M\u00e9xico se prepara para un cambio relevante en el mundo del trabajo. La presidenta Claudia Sheinbaum quiere que el pa\u00eds deje atr\u00e1s la semana laboral de 48 horas \u2014una de las m\u00e1s largas de Am\u00e9rica Latina\u2014 y se sume al grupo que apuesta por m\u00e1s tiempo de descanso y mejor calidad de vida. Su propuesta: [&hellip;]","og_url":"https:\/\/noticiasya.com\/2025\/12\/04\/sheinbaum-jornada-laboral-mexico-region-orix\/","og_site_name":"Noticias","article_published_time":"2025-12-05T02:03:39+00:00","twitter_card":"summary_large_image","twitter_misc":{"Est. reading time":"4 minutos"},"schema":{"@context":"https:\/\/schema.org","@graph":[{"@type":"Article","@id":"https:\/\/noticiasya.com\/2025\/12\/04\/sheinbaum-jornada-laboral-mexico-region-orix\/#article","isPartOf":{"@id":"https:\/\/noticiasya.com\/2025\/12\/04\/sheinbaum-jornada-laboral-mexico-region-orix\/"},"author":{"name":"","@id":""},"headline":"Sheinbaum quiere reducir la jornada laboral en M\u00e9xico de 48 a 40 horas semanales: \u00bfc\u00f3mo es en el resto de la regi\u00f3n?","datePublished":"2025-12-05T02:03:39+00:00","mainEntityOfPage":{"@id":"https:\/\/noticiasya.com\/2025\/12\/04\/sheinbaum-jornada-laboral-mexico-region-orix\/"},"wordCount":823,"commentCount":0,"publisher":{"@id":"https:\/\/noticiasya.com\/#organization"},"articleSection":["Noticias Nacionales"],"inLanguage":"es","potentialAction":[{"@type":"CommentAction","name":"Comment","target":["https:\/\/noticiasya.com\/2025\/12\/04\/sheinbaum-jornada-laboral-mexico-region-orix\/#respond"]}]},{"@type":"WebPage","@id":"https:\/\/noticiasya.com\/2025\/12\/04\/sheinbaum-jornada-laboral-mexico-region-orix\/","url":"https:\/\/noticiasya.com\/2025\/12\/04\/sheinbaum-jornada-laboral-mexico-region-orix\/","name":"Sheinbaum quiere reducir la jornada laboral en M\u00e9xico de 48 a 40 horas semanales: \u00bfc\u00f3mo es en el resto de la regi\u00f3n? - Noticias","isPartOf":{"@id":"https:\/\/noticiasya.com\/#website"},"datePublished":"2025-12-05T02:03:39+00:00","breadcrumb":{"@id":"https:\/\/noticiasya.com\/2025\/12\/04\/sheinbaum-jornada-laboral-mexico-region-orix\/#breadcrumb"},"inLanguage":"es","potentialAction":[{"@type":"ReadAction","target":["https:\/\/noticiasya.com\/2025\/12\/04\/sheinbaum-jornada-laboral-mexico-region-orix\/"]}]},{"@type":"BreadcrumbList","@id":"https:\/\/noticiasya.com\/2025\/12\/04\/sheinbaum-jornada-laboral-mexico-region-orix\/#breadcrumb","itemListElement":[{"@type":"ListItem","position":1,"name":"Home","item":"https:\/\/noticiasya.com\/"},{"@type":"ListItem","position":2,"name":"Sheinbaum quiere reducir la jornada laboral en M\u00e9xico de 48 a 40 horas semanales: \u00bfc\u00f3mo es en el resto de la regi\u00f3n?"}]},{"@type":"WebSite","@id":"https:\/\/noticiasya.com\/#website","url":"https:\/\/noticiasya.com\/","name":"Noticias","description":"Lo que importa","publisher":{"@id":"https:\/\/noticiasya.com\/#organization"},"potentialAction":[{"@type":"SearchAction","target":{"@type":"EntryPoint","urlTemplate":"https:\/\/noticiasya.com\/?s={search_term_string}"},"query-input":{"@type":"PropertyValueSpecification","valueRequired":true,"valueName":"search_term_string"}}],"inLanguage":"es"},{"@type":"Organization","@id":"https:\/\/noticiasya.com\/#organization","name":"Noticias","url":"https:\/\/noticiasya.com\/","logo":{"@type":"ImageObject","inLanguage":"es","@id":"https:\/\/noticiasya.com\/#\/schema\/logo\/image\/","url":"https:\/\/noticiasya.com\/wp-content\/uploads\/sites\/22\/2023\/12\/logo-nacional.png","contentUrl":"https:\/\/noticiasya.com\/wp-content\/uploads\/sites\/22\/2023\/12\/logo-nacional.png","width":1801,"height":691,"caption":"Noticias"},"image":{"@id":"https:\/\/noticiasya.com\/#\/schema\/logo\/image\/"}}]}},"parsely":{"version":"1.1.0","canonical_url":"https:\/\/noticiasya.com\/midland-odessa\/2025\/12\/04\/sheinbaum-jornada-laboral-mexico-region-orix\/","smart_links":{"inbound":0,"outbound":0},"traffic_boost_suggestions_count":0,"meta":{"@context":"https:\/\/schema.org","@type":"NewsArticle","headline":"Sheinbaum quiere reducir la jornada laboral en M\u00e9xico de 48 a 40 horas semanales: \u00bfc\u00f3mo es en el resto de la regi\u00f3n?","url":"http:\/\/noticiasya.com\/midland-odessa\/2025\/12\/04\/sheinbaum-jornada-laboral-mexico-region-orix\/","mainEntityOfPage":{"@type":"WebPage","@id":"http:\/\/noticiasya.com\/midland-odessa\/2025\/12\/04\/sheinbaum-jornada-laboral-mexico-region-orix\/"},"thumbnailUrl":"","image":{"@type":"ImageObject","url":""},"articleSection":"Noticias Nacionales","author":[],"creator":[],"publisher":{"@type":"Organization","name":"Noticias","logo":""},"keywords":[],"dateCreated":"2025-12-05T02:03:39Z","datePublished":"2025-12-05T02:03:39Z","dateModified":"2025-12-05T02:03:39Z"},"rendered":"<script type=\"application\/ld+json\" class=\"wp-parsely-metadata\">{\"@context\":\"https:\\\/\\\/schema.org\",\"@type\":\"NewsArticle\",\"headline\":\"Sheinbaum quiere reducir la jornada laboral en M\\u00e9xico de 48 a 40 horas semanales: \\u00bfc\\u00f3mo es en el resto de la regi\\u00f3n?\",\"url\":\"http:\\\/\\\/noticiasya.com\\\/midland-odessa\\\/2025\\\/12\\\/04\\\/sheinbaum-jornada-laboral-mexico-region-orix\\\/\",\"mainEntityOfPage\":{\"@type\":\"WebPage\",\"@id\":\"http:\\\/\\\/noticiasya.com\\\/midland-odessa\\\/2025\\\/12\\\/04\\\/sheinbaum-jornada-laboral-mexico-region-orix\\\/\"},\"thumbnailUrl\":\"\",\"image\":{\"@type\":\"ImageObject\",\"url\":\"\"},\"articleSection\":\"Noticias Nacionales\",\"author\":[],\"creator\":[],\"publisher\":{\"@type\":\"Organization\",\"name\":\"Noticias\",\"logo\":\"\"},\"keywords\":[],\"dateCreated\":\"2025-12-05T02:03:39Z\",\"datePublished\":\"2025-12-05T02:03:39Z\",\"dateModified\":\"2025-12-05T02:03:39Z\"}<\/script>","tracker_url":"https:\/\/cdn.parsely.com\/keys\/noticiasya.com\/p.js"},"jetpack_featured_media_url":"","jetpack-related-posts":[{"id":1461862,"url":"https:\/\/noticiasya.com\/midland-odessa\/2025\/05\/01\/reduccion-semana-laboral-40-horas-2030-orix\/","url_meta":{"origin":1468984,"position":0},"title":"El Gobierno de M\u00e9xico anuncia la reducci\u00f3n de semana laboral a 40 horas para 2030","author":"","date":"mayo 1, 2025","format":false,"excerpt":"El Gobierno de M\u00e9xico anunci\u00f3 la reducci\u00f3n gradual de la semana laboral hasta llegar en enero de 2030 a 40 horas semanales, anunci\u00f3 este jueves el secretario del Trabajo Marath Bola\u00f1os.En el marco de un acto con motivo D\u00eda Internacional del Trabajo, Bola\u00f1os destac\u00f3 que a partir del 2 de\u2026","rel":"","context":"In &quot;Noticias Nacionales&quot;","block_context":{"text":"Noticias Nacionales","link":"https:\/\/noticiasya.com\/midland-odessa\/categoria\/noticias-nacionales"},"img":{"alt_text":"","src":"","width":0,"height":0},"classes":[]},{"id":1449210,"url":"https:\/\/noticiasya.com\/midland-odessa\/2024\/05\/07\/sheinbaum-salario-minimo-mexico-orix\/","url_meta":{"origin":1468984,"position":1},"title":"Claudia Sheinbaum quiere elevar el salario m\u00ednimo en M\u00e9xico a 11.287 pesos mensuales, \u00bfqu\u00e9 tan viable es la propuesta?","author":"","date":"mayo 7, 2024","format":false,"excerpt":"(CNN) -- La candidata presidencial oficialista de M\u00e9xico Claudia Sheinbaum asegur\u00f3 durante el segundo debate de este 28 de abril que, de ganar la presidencia de M\u00e9xico en las elecciones del 2 de junio, elevar\u00e1 el salario m\u00ednimo a 2,5 canastas b\u00e1sicas. Esto quiere decir que lo aumentar\u00eda a 11.287\u2026","rel":"","context":"In &quot;Noticias Nacionales&quot;","block_context":{"text":"Noticias Nacionales","link":"https:\/\/noticiasya.com\/midland-odessa\/categoria\/noticias-nacionales"},"img":{"alt_text":"","src":"","width":0,"height":0},"classes":[]},{"id":1448297,"url":"https:\/\/noticiasya.com\/midland-odessa\/2024\/04\/20\/mexico-propuestas-sistema-de-pensiones-candidatos-orix\/","url_meta":{"origin":1468984,"position":2},"title":"Las propuestas de los candidatos presidenciales de M\u00e9xico para el sistema de pensiones","author":"","date":"abril 20, 2024","format":false,"excerpt":"(CNN Espa\u00f1ol) -- Para 2050 se espera que m\u00e1s del 20% de la poblaci\u00f3n de M\u00e9xico tenga 60 a\u00f1os o m\u00e1s, seg\u00fan el cap\u00edtulo nacional del Fondo de Poblaci\u00f3n de las Naciones Unidas (UNFPA). Este pron\u00f3stico pone el sistema de pensiones en el centro de la discusi\u00f3n pol\u00edtica y electoral.Los\u2026","rel":"","context":"In &quot;Noticias Nacionales&quot;","block_context":{"text":"Noticias Nacionales","link":"https:\/\/noticiasya.com\/midland-odessa\/categoria\/noticias-nacionales"},"img":{"alt_text":"","src":"","width":0,"height":0},"classes":[]},{"id":1472176,"url":"https:\/\/noticiasya.com\/midland-odessa\/2026\/03\/13\/trump-sheinbaum-no-deberia-rechazar-ayuda-carteles-efe\/","url_meta":{"origin":1468984,"position":3},"title":"Trump insiste que Sheinbaum &#171;no deber\u00eda haber rechazado&#187; su &#171;ayuda&#187; contra los carteles","author":"","date":"marzo 13, 2026","format":false,"excerpt":"El presidente de Estados Unidos, Donald Trump, insisti\u00f3 este viernes en que su hom\u00f3loga de M\u00e9xico, Claudia Sheinbaum, \u201cno deber\u00eda haber rechazado\u201d su \u201cayuda\u201d para hacer frente a los carteles en el pa\u00eds latinoamericano, en referencia a un posible ataque estadounidense contra los narcotraficantes.\u201cNo deber\u00eda haber rechazado mi ayuda. Me\u2026","rel":"","context":"In &quot;Noticias Nacionales&quot;","block_context":{"text":"Noticias Nacionales","link":"https:\/\/noticiasya.com\/midland-odessa\/categoria\/noticias-nacionales"},"img":{"alt_text":"","src":"","width":0,"height":0},"classes":[]},{"id":1450369,"url":"https:\/\/noticiasya.com\/midland-odessa\/2024\/06\/14\/muere-persona-accidente-auto-equipo-claudia-sheinbaum-mexico-orix\/","url_meta":{"origin":1468984,"position":4},"title":"Muere una persona\u00a0tras accidente con auto de equipo de Claudia Sheinbaum en norte de M\u00e9xico","author":"","date":"junio 14, 2024","format":false,"excerpt":"(CNN Espa\u00f1ol) --\u00a0Una persona fallecida y varios heridos dej\u00f3 un\u00a0accidente en el que se vio involucrado\u00a0este viernes un autom\u00f3vil de la comitiva de seguridad de Claudia Sheinbaum con otro veh\u00edculo local en Monclova, en el norte\u00f1o estado fronterizo de Coahuila, inform\u00f3 este viernes el equipo de la ganadora de las\u2026","rel":"","context":"In &quot;Noticias Nacionales&quot;","block_context":{"text":"Noticias Nacionales","link":"https:\/\/noticiasya.com\/midland-odessa\/categoria\/noticias-nacionales"},"img":{"alt_text":"","src":"","width":0,"height":0},"classes":[]},{"id":1459039,"url":"https:\/\/noticiasya.com\/midland-odessa\/2025\/02\/21\/sheinbaum-contra-eeuu-intervencion-mexico-orix\/","url_meta":{"origin":1468984,"position":5},"title":"Sheinbaum a EE.UU.: Que nombrar a los c\u00e1rteles como terroristas &#171;no sea un pretexto para la intervenci\u00f3n de M\u00e9xico&#187;","author":"","date":"febrero 21, 2025","format":false,"excerpt":"La presidenta de M\u00e9xico, Claudia Sheinbaum, explic\u00f3 que las iniciativas sobre soberan\u00eda y terrorismo planteadas dentro de un proyecto que envi\u00f3 al Congreso para reformar dos art\u00edculos de la Constituci\u00f3n no tienen \u201cdedicatoria a los c\u00e1rteles\u201d, y que, m\u00e1s bien, parece apuntar a su vecino del norte.\u201cEso no quiere decir\u2026","rel":"","context":"In &quot;Noticias Nacionales&quot;","block_context":{"text":"Noticias Nacionales","link":"https:\/\/noticiasya.com\/midland-odessa\/categoria\/noticias-nacionales"},"img":{"alt_text":"","src":"","width":0,"height":0},"classes":[]}],"jetpack_sharing_enabled":true,"_links":{"self":[{"href":"https:\/\/noticiasya.com\/midland-odessa\/wp-json\/wp\/v2\/posts\/1468984","targetHints":{"allow":["GET"]}}],"collection":[{"href":"https:\/\/noticiasya.com\/midland-odessa\/wp-json\/wp\/v2\/posts"}],"about":[{"href":"https:\/\/noticiasya.com\/midland-odessa\/wp-json\/wp\/v2\/types\/post"}],"replies":[{"embeddable":true,"href":"https:\/\/noticiasya.com\/midland-odessa\/wp-json\/wp\/v2\/comments?post=1468984"}],"version-history":[{"count":0,"href":"https:\/\/noticiasya.com\/midland-odessa\/wp-json\/wp\/v2\/posts\/1468984\/revisions"}],"wp:attachment":[{"href":"https:\/\/noticiasya.com\/midland-odessa\/wp-json\/wp\/v2\/media?parent=1468984"}],"wp:term":[{"taxonomy":"category","embeddable":true,"href":"https:\/\/noticiasya.com\/midland-odessa\/wp-json\/wp\/v2\/categories?post=1468984"},{"taxonomy":"post_tag","embeddable":true,"href":"https:\/\/noticiasya.com\/midland-odessa\/wp-json\/wp\/v2\/tags?post=1468984"}],"curies":[{"name":"wp","href":"https:\/\/api.w.org\/{rel}","templated":true}]}}