{"id":1468987,"date":"2025-12-04T19:03:55","date_gmt":"2025-12-05T03:03:55","guid":{"rendered":"https:\/\/noticiasya.com\/2025\/12\/04\/fatima-bosch-rechaza-acusacion-favoritismo-miss-universo-orix\/"},"modified":"2025-12-04T19:03:55","modified_gmt":"2025-12-05T03:03:55","slug":"fatima-bosch-rechaza-acusacion-favoritismo-miss-universo-orix","status":"publish","type":"post","link":"https:\/\/noticiasya.com\/midland-odessa\/2025\/12\/04\/fatima-bosch-rechaza-acusacion-favoritismo-miss-universo-orix\/","title":{"rendered":"Mexicana F\u00e1tima Bosch rechaza acusaci\u00f3n de favoritismo por su triunfo en Miss Universo. &#171;Verdad solo hay una&#187;, dice a CNN"},"content":{"rendered":"<p>A dos semanas de ganar el certamen de Miss Universo realizado en Tailandia, la mexicana F\u00e1tima Bosch rechaz\u00f3 este jueves las acusaciones de que hubo favoritismo en su triunfo, que fueron lanzadas por un juez del concurso y difundidas por diversos usuarios de redes sociales.<\/p>\n<p>En una entrevista con Gabriela Fr\u00edas para el programa Panorama Mundial, de CNN, Bosch dijo que gan\u00f3 la corona por m\u00e9rito propio.<\/p>\n<p>\u201cHay muchas cosas que se pueden decir, pero verdad solo hay una\u201d, se\u00f1al\u00f3 Bosch cuando se le pregunt\u00f3 qu\u00e9 responde a las acusaciones de que su padre, el ingeniero industrial Bernardo Bosch, <a href=\"https:\/\/cnnespanol.cnn.com\/2025\/11\/25\/latinoamerica\/corona-polemica-fatima-bosch-miss-universo-acusaciones-orix\">presuntamente influy\u00f3 para que fuera declarada ganadora<\/a>.<\/p>\n<p>\u201cLo que puedo decir es que admiro y amo a mi pap\u00e1, que es un hombre trabajador, honesto, que siempre da lo mejor de \u00e9l a todas las personas y que, bueno, obviamente era una competencia. Todas nos esforzamos mucho por estar ac\u00e1 y, bueno, gan\u00e9 y para m\u00ed lo tomo con mucha humildad\u201d, dijo Bosch.<\/p>\n<p> Yo s\u00e9 que cualquiera de mis compa\u00f1eras hubiera estado preparada para hacer un gran ejemplo como Miss Universo. Esta bendici\u00f3n me toc\u00f3 a m\u00ed. Yo se lo agradezco a Dios y a la vida, y con todas las ganas de que este compromiso hable m\u00e1s con mis acciones que mis palabras\u201d, agreg\u00f3.<\/p>\n<p>Las declaraciones de Bosch \u2014quien habl\u00f3 desde Washington dentro de los viajes que lleva a cabo tras ganar el concurso\u2014 se producen despu\u00e9s de que, luego de su triunfo, el pianista franco-liban\u00e9s Omar Harfouch, quien era juez del certamen, dijera en sus redes sociales que Bosch \u201ces una falsa ganadora\u201d. Seg\u00fan Harfouch, el presidente de Miss Universo, Ra\u00fal Rocha, le pidi\u00f3 votar a favor de Bosch y tiene \u201cnegocios\u201d con el padre de la concursante.<\/p>\n<p>Harfouch no present\u00f3 pruebas de sus dichos, que se viralizaron en redes sociales. Por su parte, Rocha dijo que esos se\u00f1alamientos son falsos y asegur\u00f3 que sus cr\u00edticos buscan \u201cmalinformar, confundir y manipular\u201d.<\/p>\n<p>En la entrevista de este jueves, Bosch tambi\u00e9n rechaz\u00f3 las acusaciones y se refiri\u00f3 a otra pol\u00e9mica que vivi\u00f3 en los d\u00edas previos a la coronaci\u00f3n, cuando el director del certamen, Nawat Itsaragrisil, <a href=\"https:\/\/cnnespanol.cnn.com\/2025\/11\/21\/entretenimiento\/quien-fatima-bosch-miss-universo-orix\">la reprendi\u00f3 p\u00fablicamente<\/a> e incluso la llam\u00f3 \u201ctonta\u201d por no publicar suficientemente contenido promocional sobre Miss Universo.<\/p>\n<p>Los hechos, por los que Bosch recibi\u00f3 el respaldo de otras participantes, tambi\u00e9n generaron reacciones en M\u00e9xico, donde la presidenta Claudia Sheinbaum <a href=\"https:\/\/cnnespanol.cnn.com\/2025\/11\/21\/mexico\/claudia-sheinbaum-fatima-bosch-miss-universo-mexico-orix\">expres\u00f3 su apoyo a la concursante<\/a> durante algunas de sus conferencias de prensa matutinas.<\/p>\n<p>Sobre este episodio, Bosch dijo que busca darlo por cerrado y enfocarse en lo que quiere hacer durante su a\u00f1o con la corona de Miss Universo.<\/p>\n<p>\u201cBueno, yo creo que en la vida ni el aplauso ni la cr\u00edtica te los puedes tomar personal, porque el aplauso no dura y la cr\u00edtica tampoco. Entonces, cuando tienes un prop\u00f3sito y est\u00e1s enfocado a lo que tienes que hacer, tomas toda tu energ\u00eda en eso. Obviamente, s\u00e9 que ha estado lleno de pol\u00e9micas, pero creo que en su momento habl\u00e9 lo que se ten\u00eda que hablar, y hoy doy por terminado ese cap\u00edtulo y me encantar\u00eda poder concentrarme en todas las cosas que vienen y que voy a hacer como Miss Universo\u201d, dijo.<\/p>\n<p>Bosch dijo que a\u00fan no tiene claro cu\u00e1l quiere que sea su sello de su per\u00edodo como Miss Universo, aunque le gustar\u00eda inspirar a otros y abrir una fundaci\u00f3n dedicada a atender causas sociales.<\/p>\n<p>\u201cLo que me encantar\u00eda poder dejarle a la gente y a las personas que nos ven, a los ni\u00f1os y a las ni\u00f1as, es que crean en su sue\u00f1o, crean en su autenticidad, y que si hacen las cosas de coraz\u00f3n, no se preocupen por el ruido que hay afuera, porque al final sus acciones van a hablar m\u00e1s que cualquier ruido\u201d, dijo.<\/p>\n<p>The-CNN-Wire<br \/>&trade; &amp; &copy; 2025 Cable News Network, Inc., a Warner Bros. Discovery Company. All rights reserved.<\/p>\n","protected":false},"excerpt":{"rendered":"<p>A dos semanas de ganar el certamen de Miss Universo realizado en Tailandia, la mexicana F\u00e1tima Bosch rechaz\u00f3 este jueves las acusaciones de que hubo favoritismo en su triunfo, que fueron lanzadas por un juez del concurso y difundidas por diversos usuarios de redes sociales. En una entrevista con Gabriela Fr\u00edas para el programa Panorama [&hellip;]<\/p>\n","protected":false},"author":0,"featured_media":0,"comment_status":"open","ping_status":"open","sticky":false,"template":"","format":"standard","meta":{"_jetpack_memberships_contains_paid_content":false,"footnotes":""},"categories":[10],"tags":[],"class_list":["post-1468987","post","type-post","status-publish","format-standard","hentry","category-noticias-nacionales","market-global"],"yoast_head":"<!-- This site is optimized with the Yoast SEO plugin v24.4 - https:\/\/yoast.com\/wordpress\/plugins\/seo\/ -->\n<title>Mexicana F\u00e1tima Bosch rechaza acusaci\u00f3n de favoritismo por su triunfo en Miss Universo. &quot;Verdad solo hay una&quot;, dice a CNN - Noticias<\/title>\n<meta name=\"robots\" content=\"index, follow, max-snippet:-1, max-image-preview:large, max-video-preview:-1\" \/>\n<link rel=\"canonical\" href=\"https:\/\/noticiasya.com\/2025\/12\/04\/fatima-bosch-rechaza-acusacion-favoritismo-miss-universo-orix\/\" \/>\n<meta property=\"og:locale\" content=\"es_ES\" \/>\n<meta property=\"og:type\" content=\"article\" \/>\n<meta property=\"og:title\" content=\"Mexicana F\u00e1tima Bosch rechaza acusaci\u00f3n de favoritismo por su triunfo en Miss Universo. &quot;Verdad solo hay una&quot;, dice a CNN - Noticias\" \/>\n<meta property=\"og:description\" content=\"A dos semanas de ganar el certamen de Miss Universo realizado en Tailandia, la mexicana F\u00e1tima Bosch rechaz\u00f3 este jueves las acusaciones de que hubo favoritismo en su triunfo, que fueron lanzadas por un juez del concurso y difundidas por diversos usuarios de redes sociales. En una entrevista con Gabriela Fr\u00edas para el programa Panorama [&hellip;]\" \/>\n<meta property=\"og:url\" content=\"https:\/\/noticiasya.com\/2025\/12\/04\/fatima-bosch-rechaza-acusacion-favoritismo-miss-universo-orix\/\" \/>\n<meta property=\"og:site_name\" content=\"Noticias\" \/>\n<meta property=\"article:published_time\" content=\"2025-12-05T03:03:55+00:00\" \/>\n<meta name=\"twitter:card\" content=\"summary_large_image\" \/>\n<meta name=\"twitter:label1\" content=\"Est. reading time\" \/>\n\t<meta name=\"twitter:data1\" content=\"3 minutos\" \/>\n<script type=\"application\/ld+json\" class=\"yoast-schema-graph\">{\"@context\":\"https:\/\/schema.org\",\"@graph\":[{\"@type\":\"Article\",\"@id\":\"https:\/\/noticiasya.com\/2025\/12\/04\/fatima-bosch-rechaza-acusacion-favoritismo-miss-universo-orix\/#article\",\"isPartOf\":{\"@id\":\"https:\/\/noticiasya.com\/2025\/12\/04\/fatima-bosch-rechaza-acusacion-favoritismo-miss-universo-orix\/\"},\"author\":{\"name\":\"\",\"@id\":\"\"},\"headline\":\"Mexicana F\u00e1tima Bosch rechaza acusaci\u00f3n de favoritismo por su triunfo en Miss Universo. &#171;Verdad solo hay una&#187;, dice a CNN\",\"datePublished\":\"2025-12-05T03:03:55+00:00\",\"mainEntityOfPage\":{\"@id\":\"https:\/\/noticiasya.com\/2025\/12\/04\/fatima-bosch-rechaza-acusacion-favoritismo-miss-universo-orix\/\"},\"wordCount\":705,\"commentCount\":0,\"publisher\":{\"@id\":\"https:\/\/noticiasya.com\/#organization\"},\"articleSection\":[\"Noticias Nacionales\"],\"inLanguage\":\"es\",\"potentialAction\":[{\"@type\":\"CommentAction\",\"name\":\"Comment\",\"target\":[\"https:\/\/noticiasya.com\/2025\/12\/04\/fatima-bosch-rechaza-acusacion-favoritismo-miss-universo-orix\/#respond\"]}]},{\"@type\":\"WebPage\",\"@id\":\"https:\/\/noticiasya.com\/2025\/12\/04\/fatima-bosch-rechaza-acusacion-favoritismo-miss-universo-orix\/\",\"url\":\"https:\/\/noticiasya.com\/2025\/12\/04\/fatima-bosch-rechaza-acusacion-favoritismo-miss-universo-orix\/\",\"name\":\"Mexicana F\u00e1tima Bosch rechaza acusaci\u00f3n de favoritismo por su triunfo en Miss Universo. \\\"Verdad solo hay una\\\", dice a CNN - Noticias\",\"isPartOf\":{\"@id\":\"https:\/\/noticiasya.com\/#website\"},\"datePublished\":\"2025-12-05T03:03:55+00:00\",\"breadcrumb\":{\"@id\":\"https:\/\/noticiasya.com\/2025\/12\/04\/fatima-bosch-rechaza-acusacion-favoritismo-miss-universo-orix\/#breadcrumb\"},\"inLanguage\":\"es\",\"potentialAction\":[{\"@type\":\"ReadAction\",\"target\":[\"https:\/\/noticiasya.com\/2025\/12\/04\/fatima-bosch-rechaza-acusacion-favoritismo-miss-universo-orix\/\"]}]},{\"@type\":\"BreadcrumbList\",\"@id\":\"https:\/\/noticiasya.com\/2025\/12\/04\/fatima-bosch-rechaza-acusacion-favoritismo-miss-universo-orix\/#breadcrumb\",\"itemListElement\":[{\"@type\":\"ListItem\",\"position\":1,\"name\":\"Home\",\"item\":\"https:\/\/noticiasya.com\/\"},{\"@type\":\"ListItem\",\"position\":2,\"name\":\"Mexicana F\u00e1tima Bosch rechaza acusaci\u00f3n de favoritismo por su triunfo en Miss Universo. &#171;Verdad solo hay una&#187;, dice a CNN\"}]},{\"@type\":\"WebSite\",\"@id\":\"https:\/\/noticiasya.com\/#website\",\"url\":\"https:\/\/noticiasya.com\/\",\"name\":\"Noticias\",\"description\":\"Lo que importa\",\"publisher\":{\"@id\":\"https:\/\/noticiasya.com\/#organization\"},\"potentialAction\":[{\"@type\":\"SearchAction\",\"target\":{\"@type\":\"EntryPoint\",\"urlTemplate\":\"https:\/\/noticiasya.com\/?s={search_term_string}\"},\"query-input\":{\"@type\":\"PropertyValueSpecification\",\"valueRequired\":true,\"valueName\":\"search_term_string\"}}],\"inLanguage\":\"es\"},{\"@type\":\"Organization\",\"@id\":\"https:\/\/noticiasya.com\/#organization\",\"name\":\"Noticias\",\"url\":\"https:\/\/noticiasya.com\/\",\"logo\":{\"@type\":\"ImageObject\",\"inLanguage\":\"es\",\"@id\":\"https:\/\/noticiasya.com\/#\/schema\/logo\/image\/\",\"url\":\"https:\/\/noticiasya.com\/wp-content\/uploads\/sites\/22\/2023\/12\/logo-nacional.png\",\"contentUrl\":\"https:\/\/noticiasya.com\/wp-content\/uploads\/sites\/22\/2023\/12\/logo-nacional.png\",\"width\":1801,\"height\":691,\"caption\":\"Noticias\"},\"image\":{\"@id\":\"https:\/\/noticiasya.com\/#\/schema\/logo\/image\/\"}}]}<\/script>\n<!-- \/ Yoast SEO plugin. -->","yoast_head_json":{"title":"Mexicana F\u00e1tima Bosch rechaza acusaci\u00f3n de favoritismo por su triunfo en Miss Universo. \"Verdad solo hay una\", dice a CNN - Noticias","robots":{"index":"index","follow":"follow","max-snippet":"max-snippet:-1","max-image-preview":"max-image-preview:large","max-video-preview":"max-video-preview:-1"},"canonical":"https:\/\/noticiasya.com\/2025\/12\/04\/fatima-bosch-rechaza-acusacion-favoritismo-miss-universo-orix\/","og_locale":"es_ES","og_type":"article","og_title":"Mexicana F\u00e1tima Bosch rechaza acusaci\u00f3n de favoritismo por su triunfo en Miss Universo. \"Verdad solo hay una\", dice a CNN - Noticias","og_description":"A dos semanas de ganar el certamen de Miss Universo realizado en Tailandia, la mexicana F\u00e1tima Bosch rechaz\u00f3 este jueves las acusaciones de que hubo favoritismo en su triunfo, que fueron lanzadas por un juez del concurso y difundidas por diversos usuarios de redes sociales. En una entrevista con Gabriela Fr\u00edas para el programa Panorama [&hellip;]","og_url":"https:\/\/noticiasya.com\/2025\/12\/04\/fatima-bosch-rechaza-acusacion-favoritismo-miss-universo-orix\/","og_site_name":"Noticias","article_published_time":"2025-12-05T03:03:55+00:00","twitter_card":"summary_large_image","twitter_misc":{"Est. reading time":"3 minutos"},"schema":{"@context":"https:\/\/schema.org","@graph":[{"@type":"Article","@id":"https:\/\/noticiasya.com\/2025\/12\/04\/fatima-bosch-rechaza-acusacion-favoritismo-miss-universo-orix\/#article","isPartOf":{"@id":"https:\/\/noticiasya.com\/2025\/12\/04\/fatima-bosch-rechaza-acusacion-favoritismo-miss-universo-orix\/"},"author":{"name":"","@id":""},"headline":"Mexicana F\u00e1tima Bosch rechaza acusaci\u00f3n de favoritismo por su triunfo en Miss Universo. &#171;Verdad solo hay una&#187;, dice a CNN","datePublished":"2025-12-05T03:03:55+00:00","mainEntityOfPage":{"@id":"https:\/\/noticiasya.com\/2025\/12\/04\/fatima-bosch-rechaza-acusacion-favoritismo-miss-universo-orix\/"},"wordCount":705,"commentCount":0,"publisher":{"@id":"https:\/\/noticiasya.com\/#organization"},"articleSection":["Noticias Nacionales"],"inLanguage":"es","potentialAction":[{"@type":"CommentAction","name":"Comment","target":["https:\/\/noticiasya.com\/2025\/12\/04\/fatima-bosch-rechaza-acusacion-favoritismo-miss-universo-orix\/#respond"]}]},{"@type":"WebPage","@id":"https:\/\/noticiasya.com\/2025\/12\/04\/fatima-bosch-rechaza-acusacion-favoritismo-miss-universo-orix\/","url":"https:\/\/noticiasya.com\/2025\/12\/04\/fatima-bosch-rechaza-acusacion-favoritismo-miss-universo-orix\/","name":"Mexicana F\u00e1tima Bosch rechaza acusaci\u00f3n de favoritismo por su triunfo en Miss Universo. \"Verdad solo hay una\", dice a CNN - Noticias","isPartOf":{"@id":"https:\/\/noticiasya.com\/#website"},"datePublished":"2025-12-05T03:03:55+00:00","breadcrumb":{"@id":"https:\/\/noticiasya.com\/2025\/12\/04\/fatima-bosch-rechaza-acusacion-favoritismo-miss-universo-orix\/#breadcrumb"},"inLanguage":"es","potentialAction":[{"@type":"ReadAction","target":["https:\/\/noticiasya.com\/2025\/12\/04\/fatima-bosch-rechaza-acusacion-favoritismo-miss-universo-orix\/"]}]},{"@type":"BreadcrumbList","@id":"https:\/\/noticiasya.com\/2025\/12\/04\/fatima-bosch-rechaza-acusacion-favoritismo-miss-universo-orix\/#breadcrumb","itemListElement":[{"@type":"ListItem","position":1,"name":"Home","item":"https:\/\/noticiasya.com\/"},{"@type":"ListItem","position":2,"name":"Mexicana F\u00e1tima Bosch rechaza acusaci\u00f3n de favoritismo por su triunfo en Miss Universo. &#171;Verdad solo hay una&#187;, dice a CNN"}]},{"@type":"WebSite","@id":"https:\/\/noticiasya.com\/#website","url":"https:\/\/noticiasya.com\/","name":"Noticias","description":"Lo que importa","publisher":{"@id":"https:\/\/noticiasya.com\/#organization"},"potentialAction":[{"@type":"SearchAction","target":{"@type":"EntryPoint","urlTemplate":"https:\/\/noticiasya.com\/?s={search_term_string}"},"query-input":{"@type":"PropertyValueSpecification","valueRequired":true,"valueName":"search_term_string"}}],"inLanguage":"es"},{"@type":"Organization","@id":"https:\/\/noticiasya.com\/#organization","name":"Noticias","url":"https:\/\/noticiasya.com\/","logo":{"@type":"ImageObject","inLanguage":"es","@id":"https:\/\/noticiasya.com\/#\/schema\/logo\/image\/","url":"https:\/\/noticiasya.com\/wp-content\/uploads\/sites\/22\/2023\/12\/logo-nacional.png","contentUrl":"https:\/\/noticiasya.com\/wp-content\/uploads\/sites\/22\/2023\/12\/logo-nacional.png","width":1801,"height":691,"caption":"Noticias"},"image":{"@id":"https:\/\/noticiasya.com\/#\/schema\/logo\/image\/"}}]}},"parsely":{"version":"1.1.0","canonical_url":"https:\/\/noticiasya.com\/midland-odessa\/2025\/12\/04\/fatima-bosch-rechaza-acusacion-favoritismo-miss-universo-orix\/","smart_links":{"inbound":0,"outbound":0},"traffic_boost_suggestions_count":0,"meta":{"@context":"https:\/\/schema.org","@type":"NewsArticle","headline":"Mexicana F\u00e1tima Bosch rechaza acusaci\u00f3n de favoritismo por su triunfo en Miss Universo. &#171;Verdad solo hay una&#187;, dice a CNN","url":"http:\/\/noticiasya.com\/midland-odessa\/2025\/12\/04\/fatima-bosch-rechaza-acusacion-favoritismo-miss-universo-orix\/","mainEntityOfPage":{"@type":"WebPage","@id":"http:\/\/noticiasya.com\/midland-odessa\/2025\/12\/04\/fatima-bosch-rechaza-acusacion-favoritismo-miss-universo-orix\/"},"thumbnailUrl":"","image":{"@type":"ImageObject","url":""},"articleSection":"Noticias Nacionales","author":[],"creator":[],"publisher":{"@type":"Organization","name":"Noticias","logo":""},"keywords":[],"dateCreated":"2025-12-05T03:03:55Z","datePublished":"2025-12-05T03:03:55Z","dateModified":"2025-12-05T03:03:55Z"},"rendered":"<script type=\"application\/ld+json\" class=\"wp-parsely-metadata\">{\"@context\":\"https:\\\/\\\/schema.org\",\"@type\":\"NewsArticle\",\"headline\":\"Mexicana F\\u00e1tima Bosch rechaza acusaci\\u00f3n de favoritismo por su triunfo en Miss Universo. &#171;Verdad solo hay una&#187;, dice a CNN\",\"url\":\"http:\\\/\\\/noticiasya.com\\\/midland-odessa\\\/2025\\\/12\\\/04\\\/fatima-bosch-rechaza-acusacion-favoritismo-miss-universo-orix\\\/\",\"mainEntityOfPage\":{\"@type\":\"WebPage\",\"@id\":\"http:\\\/\\\/noticiasya.com\\\/midland-odessa\\\/2025\\\/12\\\/04\\\/fatima-bosch-rechaza-acusacion-favoritismo-miss-universo-orix\\\/\"},\"thumbnailUrl\":\"\",\"image\":{\"@type\":\"ImageObject\",\"url\":\"\"},\"articleSection\":\"Noticias Nacionales\",\"author\":[],\"creator\":[],\"publisher\":{\"@type\":\"Organization\",\"name\":\"Noticias\",\"logo\":\"\"},\"keywords\":[],\"dateCreated\":\"2025-12-05T03:03:55Z\",\"datePublished\":\"2025-12-05T03:03:55Z\",\"dateModified\":\"2025-12-05T03:03:55Z\"}<\/script>","tracker_url":"https:\/\/cdn.parsely.com\/keys\/noticiasya.com\/p.js"},"jetpack_featured_media_url":"","jetpack-related-posts":[{"id":1468700,"url":"https:\/\/noticiasya.com\/midland-odessa\/2025\/11\/25\/corona-polemica-fatima-bosch-miss-universo-acusaciones-orix\/","url_meta":{"origin":1468987,"position":0},"title":"Una corona pol\u00e9mica: c\u00f3mo el triunfo de F\u00e1tima Bosch en Miss Universo desat\u00f3 acusaciones de presunto favoritismo","author":"","date":"noviembre 25, 2025","format":false,"excerpt":"El triunfo de F\u00e1tima Bosch en el certamen de Miss Universo de 2025 desat\u00f3 una celebraci\u00f3n masiva en Tabasco, su estado natal, donde cientos siguieron la final desde el estadio local.Pero la victoria de esta mexicana de 25 a\u00f1os pronto qued\u00f3 envuelta en se\u00f1alamientos sobre presuntos favoritismos, contratos millonarios de\u2026","rel":"","context":"In &quot;Noticias Nacionales&quot;","block_context":{"text":"Noticias Nacionales","link":"https:\/\/noticiasya.com\/midland-odessa\/categoria\/noticias-nacionales"},"img":{"alt_text":"","src":"","width":0,"height":0},"classes":[]},{"id":1469309,"url":"https:\/\/noticiasya.com\/midland-odessa\/2025\/12\/16\/miss-universo-fatima-bosch-regreso-tabasco-orix\/","url_meta":{"origin":1468987,"position":1},"title":"Tras las pol\u00e9micas en Miss Universo, F\u00e1tima Bosch regres\u00f3 a Tabasco, M\u00e9xico, con aire triunfal","author":"","date":"diciembre 16, 2025","format":false,"excerpt":"La pol\u00e9mica no ha cesado entorno a F\u00e1tima Bosch, ganadora de Miss Universo. A su llegada al aeropuerto de la Ciudad de M\u00e9xico fue abordada por reporteros de la prensa de espect\u00e1culos quienes cuestionaron la legitimidad de su corona, a lo que la tabasque\u00f1a se limit\u00f3 a decir \u201cya no\u2026","rel":"","context":"In &quot;Noticias Nacionales&quot;","block_context":{"text":"Noticias Nacionales","link":"https:\/\/noticiasya.com\/midland-odessa\/categoria\/noticias-nacionales"},"img":{"alt_text":"","src":"","width":0,"height":0},"classes":[]},{"id":1468579,"url":"https:\/\/noticiasya.com\/midland-odessa\/2025\/11\/21\/quien-fatima-bosch-miss-universo-orix\/","url_meta":{"origin":1468987,"position":2},"title":"Qui\u00e9n es F\u00e1tima Bosch, la nueva Miss Universo: de Tabasco al triunfo en Tailandia entre controversias","author":"","date":"noviembre 21, 2025","format":false,"excerpt":"F\u00e1tima Bosch es la modelo y reina de belleza mexicana que alcanz\u00f3 fama internacional en noviembre de 2025 al ganar Miss Universo 2025. Su victoria ha tenido una amplia cobertura medi\u00e1tica debido a la pol\u00e9mica suscitada por un director del certamen tailand\u00e9s que la reprendi\u00f3 p\u00fablicamente, lo que llev\u00f3 a\u2026","rel":"","context":"In &quot;Noticias Nacionales&quot;","block_context":{"text":"Noticias Nacionales","link":"https:\/\/noticiasya.com\/midland-odessa\/categoria\/noticias-nacionales"},"img":{"alt_text":"","src":"","width":0,"height":0},"classes":[]},{"id":1468584,"url":"https:\/\/noticiasya.com\/midland-odessa\/2025\/11\/21\/claudia-sheinbaum-fatima-bosch-miss-universo-mexico-orix\/","url_meta":{"origin":1468987,"position":3},"title":"Sheinbaum sobre Bosch, ganadora de Miss Universo: &#171;Me gust\u00f3 de ella que levanta la voz cuando siente que hay una injusticia&#187;","author":"","date":"noviembre 21, 2025","format":false,"excerpt":"La presidenta de M\u00e9xico, Claudia Sheinbaum, elogi\u00f3 a la ganadora de Miss Universo, la mexicana F\u00e1tima Bosch.\u201cA m\u00ed me gust\u00f3 de ella que levanta la voz cuando siente que hay una injusticia\u201d, dijo Sheinbaum en su conferencia de prensa matutina.\u201cEso es un ejemplo para todas y todos los mexicanos y\u2026","rel":"","context":"In &quot;Noticias Nacionales&quot;","block_context":{"text":"Noticias Nacionales","link":"https:\/\/noticiasya.com\/midland-odessa\/categoria\/noticias-nacionales"},"img":{"alt_text":"","src":"","width":0,"height":0},"classes":[]},{"id":1468566,"url":"https:\/\/noticiasya.com\/midland-odessa\/2025\/11\/20\/gana-miss-universo-2025-trax\/","url_meta":{"origin":1468987,"position":4},"title":"F\u00e1tima Bosch, representante de M\u00e9xico, gana Miss Universo 2025","author":"","date":"noviembre 20, 2025","format":false,"excerpt":"La mexicana F\u00e1tima Bosch gan\u00f3 el certamen de belleza Miss Universo 2025. Bosch se convirti\u00f3 en una de las favoritas del p\u00fablico despu\u00e9s de ser reprendida por un director tailand\u00e9s del certamen durante una reuni\u00f3n transmitida en vivo, lo que provoc\u00f3 que las concursantes abandonaran el evento.Praveenar Singh de Tailandia\u2026","rel":"","context":"In &quot;Noticias Nacionales&quot;","block_context":{"text":"Noticias Nacionales","link":"https:\/\/noticiasya.com\/midland-odessa\/categoria\/noticias-nacionales"},"img":{"alt_text":"","src":"","width":0,"height":0},"classes":[]},{"id":1468727,"url":"https:\/\/noticiasya.com\/midland-odessa\/2025\/11\/26\/investigan-copropietario-miss-universo-rocha-narcotrafico-orix\/","url_meta":{"origin":1468987,"position":5},"title":"Investigan al copropietario de Miss Universo en M\u00e9xico por presuntos v\u00ednculos con el narcotr\u00e1fico y delincuencia organizada","author":"","date":"noviembre 26, 2025","format":false,"excerpt":"La Fiscal\u00eda General de la Rep\u00fablica de M\u00e9xico (FGR) inform\u00f3 este mi\u00e9rcoles que investiga al empresario Ra\u00fal Rocha Cant\u00fa, uno de los due\u00f1os del certamen Miss Universo, por su presunta vinculaci\u00f3n con una red de delincuencia organizada relacionada con narcotr\u00e1fico, tr\u00e1fico de armas y robo de combustible.En un comunicado, la\u2026","rel":"","context":"In &quot;Noticias Nacionales&quot;","block_context":{"text":"Noticias Nacionales","link":"https:\/\/noticiasya.com\/midland-odessa\/categoria\/noticias-nacionales"},"img":{"alt_text":"","src":"","width":0,"height":0},"classes":[]}],"jetpack_sharing_enabled":true,"_links":{"self":[{"href":"https:\/\/noticiasya.com\/midland-odessa\/wp-json\/wp\/v2\/posts\/1468987","targetHints":{"allow":["GET"]}}],"collection":[{"href":"https:\/\/noticiasya.com\/midland-odessa\/wp-json\/wp\/v2\/posts"}],"about":[{"href":"https:\/\/noticiasya.com\/midland-odessa\/wp-json\/wp\/v2\/types\/post"}],"replies":[{"embeddable":true,"href":"https:\/\/noticiasya.com\/midland-odessa\/wp-json\/wp\/v2\/comments?post=1468987"}],"version-history":[{"count":0,"href":"https:\/\/noticiasya.com\/midland-odessa\/wp-json\/wp\/v2\/posts\/1468987\/revisions"}],"wp:attachment":[{"href":"https:\/\/noticiasya.com\/midland-odessa\/wp-json\/wp\/v2\/media?parent=1468987"}],"wp:term":[{"taxonomy":"category","embeddable":true,"href":"https:\/\/noticiasya.com\/midland-odessa\/wp-json\/wp\/v2\/categories?post=1468987"},{"taxonomy":"post_tag","embeddable":true,"href":"https:\/\/noticiasya.com\/midland-odessa\/wp-json\/wp\/v2\/tags?post=1468987"}],"curies":[{"name":"wp","href":"https:\/\/api.w.org\/{rel}","templated":true}]}}