{"id":1468992,"date":"2025-12-05T03:03:50","date_gmt":"2025-12-05T11:03:50","guid":{"rendered":"https:\/\/noticiasya.com\/2025\/12\/05\/hija-exlider-sudafrica-acusada-instar-luchar-rusia-trax\/"},"modified":"2025-12-05T03:03:50","modified_gmt":"2025-12-05T11:03:50","slug":"hija-exlider-sudafrica-acusada-instar-luchar-rusia-trax","status":"publish","type":"post","link":"https:\/\/noticiasya.com\/midland-odessa\/2025\/12\/05\/hija-exlider-sudafrica-acusada-instar-luchar-rusia-trax\/","title":{"rendered":"Hija de exl\u00edder de Sud\u00e1frica ha sido acusada de instar a hombres a luchar por Rusia. Claves del caso"},"content":{"rendered":"<p>Los lazos familiares podr\u00edan volverse tensos para el expresidente de Sud\u00e1frica Jacob Zuma despu\u00e9s de que su hija mayor acusara a su media hermana de enga\u00f1ar a 17 hombres (la mitad de los cuales son supuestamente parientes) para que lucharan por Rusia en Ucrania.<\/p>\n<p>La controversia pone de relieve el creciente reclutamiento de africanos en las fuerzas militares rusas debido a la escasez de ciudadanos rusos, as\u00ed como los estrechos v\u00ednculos entre Mosc\u00fa y los veteranos del Congreso Nacional Africano (ANC).<\/p>\n<p>Zuma perteneci\u00f3 anteriormente a este partido pol\u00edtico, que surgi\u00f3 como un movimiento de liberaci\u00f3n que luchaba por un Gobierno democr\u00e1tico en Sud\u00e1frica.<\/p>\n<p>Zuma, de 83 a\u00f1os, renunci\u00f3 a la presidencia en 2018 a ra\u00edz de una serie de esc\u00e1ndalos de corrupci\u00f3n y fue expulsado en 2024 del partido que dirigi\u00f3.<\/p>\n<p>El expresidente recibi\u00f3 <a href=\"https:\/\/nam11.safelinks.protection.outlook.com\/?url=https%3A%2F%2Fwww.presidency.gov.za%2Fformer-president-jacob-zuma&#038;data=05%7C02%7Cnimi.princewill%40wbdcontractor.com%7Ced8dca868b5f44d028bd08de331e8074%7C0eb48825e8714459bc72d0ecd68f1f39%7C0%7C0%7C639004403301588993%7CUnknown%7CTWFpbGZsb3d8eyJFbXB0eU1hcGkiOnRydWUsIlYiOiIwLjAuMDAwMCIsIlAiOiJXaW4zMiIsIkFOIjoiTWFpbCIsIldUIjoyfQ%3D%3D%7C0%7C%7C%7C&#038;sdata=v6nkp%2BMiMD87kcy8N1DGmZ3b10j3GE%2BxWRQS%2FJst5OQ%3D&#038;reserved=0\">entrenamiento militar en la Uni\u00f3n Sovi\u00e9tica<\/a> durante el apartheid, un sistema institucionalizado de segregaci\u00f3n racial que manten\u00eda separados a negros y blancos en Sud\u00e1frica.<\/p>\n<p>Duduzile Zuma-Sambudla, de 43 a\u00f1os, es una de las casi <a href=\"https:\/\/nam11.safelinks.protection.outlook.com\/?url=https%3A%2F%2Fedition.cnn.com%2F2013%2F01%2F14%2Fafrica%2Fjacob-zuma-fast-facts&#038;data=05%7C02%7Cnimi.princewill%40wbdcontractor.com%7Ced8dca868b5f44d028bd08de331e8074%7C0eb48825e8714459bc72d0ecd68f1f39%7C0%7C0%7C639004403301612620%7CUnknown%7CTWFpbGZsb3d8eyJFbXB0eU1hcGkiOnRydWUsIlYiOiIwLjAuMDAwMCIsIlAiOiJXaW4zMiIsIkFOIjoiTWFpbCIsIldUIjoyfQ%3D%3D%7C0%7C%7C%7C&#038;sdata=hs52OsAKwLTjTdEn%2FGum9Zw8YLoQXpOjKRHsZs5Lv5Y%3D&#038;reserved=0\">dos docenas de hijos<\/a> del exl\u00edder sudafricano. Ha sido una firme defensora del presidente de Rusia, Vladimir Putin, por el que ha <a href=\"https:\/\/nam11.safelinks.protection.outlook.com\/?url=https%3A%2F%2Fx.com%2FDZumaSambudla%2Fstatus%2F1673213547159986180&#038;data=05%7C02%7Cnimi.princewill%40wbdcontractor.com%7Ced8dca868b5f44d028bd08de331e8074%7C0eb48825e8714459bc72d0ecd68f1f39%7C0%7C0%7C639004403301628583%7CUnknown%7CTWFpbGZsb3d8eyJFbXB0eU1hcGkiOnRydWUsIlYiOiIwLjAuMDAwMCIsIlAiOiJXaW4zMiIsIkFOIjoiTWFpbCIsIldUIjoyfQ%3D%3D%7C0%7C%7C%7C&#038;sdata=E71fXvFIV%2Bgnz2rXnuqHROWp5QJ14oCmQJHpPNemhTk%3D&#038;reserved=0\">expresado admiraci\u00f3n en redes sociales<\/a>.<\/p>\n<p>La semana pasada, Zuma-Sambudla <a href=\"https:\/\/nam11.safelinks.protection.outlook.com\/?url=https%3A%2F%2Fedition.cnn.com%2F2025%2F11%2F28%2Fafrica%2Fzuma-south-africa-ukraine-parliament-intl&#038;data=05%7C02%7Cnimi.princewill%40wbdcontractor.com%7Ced8dca868b5f44d028bd08de331e8074%7C0eb48825e8714459bc72d0ecd68f1f39%7C0%7C0%7C639004403301644038%7CUnknown%7CTWFpbGZsb3d8eyJFbXB0eU1hcGkiOnRydWUsIlYiOiIwLjAuMDAwMCIsIlAiOiJXaW4zMiIsIkFOIjoiTWFpbCIsIldUIjoyfQ%3D%3D%7C0%7C%7C%7C&#038;sdata=SG2n7DbFNZf3ZdbNmyjse%2FTEE8rFksQOkvTTlSmqP2Q%3D&#038;reserved=0\">renunci\u00f3 a su cargo en el Parlamento<\/a>, donde representaba al Partido uMkhonto weSizwe, liderado por su padre, luego de una <a href=\"https:\/\/nam11.safelinks.protection.outlook.com\/?url=https%3A%2F%2Fwww.sabcnews.com%2Fsabcnews%2Fda-to-lay-charges-against-zuma-sambudla-related-to-group-in-russia%2F&#038;data=05%7C02%7Cnimi.princewill%40wbdcontractor.com%7Ced8dca868b5f44d028bd08de331e8074%7C0eb48825e8714459bc72d0ecd68f1f39%7C0%7C0%7C639004403301673263%7CUnknown%7CTWFpbGZsb3d8eyJFbXB0eU1hcGkiOnRydWUsIlYiOiIwLjAuMDAwMCIsIlAiOiJXaW4zMiIsIkFOIjoiTWFpbCIsIldUIjoyfQ%3D%3D%7C0%7C%7C%7C&#038;sdata=Yv9wCPaxGPma8IpCZAUdh4IYFOhYX7SQ7Ztz86XF%2F34%3D&#038;reserved=0\">denuncia penal<\/a> presentada contra ella por su media hermana mayor, Nkosazana Zuma-Mncube.<\/p>\n<p>La acusaci\u00f3n se produjo despu\u00e9s de que el Gobierno sudafricano comenzara a investigar c\u00f3mo 17 ciudadanos quedaron atrapados en la regi\u00f3n ucraniana del Donb\u00e1s, devastada por la guerra.<\/p>\n<p>El Gobierno fue alertado de la dif\u00edcil situaci\u00f3n de los hombres despu\u00e9s de que hicieran llamadas de socorro pidiendo regresar a casa.<\/p>\n<p>Las autoridades <a href=\"https:\/\/nam11.safelinks.protection.outlook.com\/?url=https%3A%2F%2Fwww.sanews.gov.za%2Fsouth-africa%2Fsuspected-sa-mercenaries-ukraine-call-government-help&#038;data=05%7C02%7Cnimi.princewill%40wbdcontractor.com%7Ced8dca868b5f44d028bd08de331e8074%7C0eb48825e8714459bc72d0ecd68f1f39%7C0%7C0%7C639004403301688040%7CUnknown%7CTWFpbGZsb3d8eyJFbXB0eU1hcGkiOnRydWUsIlYiOiIwLjAuMDAwMCIsIlAiOiJXaW4zMiIsIkFOIjoiTWFpbCIsIldUIjoyfQ%3D%3D%7C0%7C%7C%7C&#038;sdata=tqUpU4Ppg427UQsuCZtBatkmaurYjfywXOL7gwyaGWE%3D&#038;reserved=0\">revelaron el mes pasado<\/a> que los hombres fueron \u201catra\u00eddos a unirse a fuerzas mercenarias involucradas en la guerra entre Ucrania y Rusia bajo el pretexto de lucrativos contratos de empleo\u201d.<\/p>\n<p>Zuma-Mncube aleg\u00f3 que las acciones de Zuma-Sambudla y otras dos personas contribuyeron a la situaci\u00f3n de los afectados. Zuma-Sambudla no ha respondido p\u00fablicamente a las acusaciones.<\/p>\n<p>Seg\u00fan la legislaci\u00f3n sudafricana, es ilegal servir en un ej\u00e9rcito extranjero sin la aprobaci\u00f3n del Gobierno.<\/p>\n<p>La Alianza Democr\u00e1tica, el segundo partido pol\u00edtico m\u00e1s grande de Sud\u00e1frica, tambi\u00e9n <a href=\"https:\/\/nam11.safelinks.protection.outlook.com\/?url=https%3A%2F%2Fx.com%2FOur_DA%2Fstatus%2F1993979545465065615&#038;data=05%7C02%7Cnimi.princewill%40wbdcontractor.com%7Ced8dca868b5f44d028bd08de331e8074%7C0eb48825e8714459bc72d0ecd68f1f39%7C0%7C0%7C639004403301702430%7CUnknown%7CTWFpbGZsb3d8eyJFbXB0eU1hcGkiOnRydWUsIlYiOiIwLjAuMDAwMCIsIlAiOiJXaW4zMiIsIkFOIjoiTWFpbCIsIldUIjoyfQ%3D%3D%7C0%7C%7C%7C&#038;sdata=L4yuf5F9nltDF02Y7HnUZfKx6RyLZUt5r3Py59y2h7U%3D&#038;reserved=0\">present\u00f3 cargos penales<\/a> contra Zuma-Sambudla despu\u00e9s de conversaciones con las familias de los hombres atrapados.<\/p>\n<p>Zuma-Sambudla ya enfrenta cargos separados de <a href=\"https:\/\/www.facebook.com\/profile\/100064514207208\/search\/?q=Duduzile%20Zuma-Sambudla\">incitaci\u00f3n a cometer terrorismo y violencia p\u00fablica<\/a>, seg\u00fan los fiscales, por supuestamente incitar a la violencia en las redes sociales durante los disturbios que resultaron en m\u00e1s de 300 muertes tras el encarcelamiento de su padre <a href=\"https:\/\/www.concourt.org.za\/index.php\/judgement\/407-jacob-gedleyihlekisa-zuma-v-secretary-of-the-judicial-commission-of-inquiry-into-allegations-of-state-capture-others-rescission-application-cct52-22#:~:text=President%20Jacob%20Gedleyihlekisa%20Zuma%20sought%20the%20rescission%20and%20setting%20aside%20of%20the%20order%20granted%20by%20the%20Constitutional%20Court%20on%20Tuesday%2C%2029%20June%202021%2C%20which%20found%20him%20guilty%20of%20contempt%20of%20court%20and%20sentenced%20him%20to%20imprisonment%20for%20a%20period%20of%2015%20months.\">por desacato al tribunal<\/a> en 2021. Zuma fue liberado en 2023.<\/p>\n<p>Zuma-Sambudla se declar\u00f3 inocente de los cargos.<\/p>\n<p>El legislador Chris Hattingh, portavoz de la Alianza Democr\u00e1tica sobre defensa y veteranos militares, <a href=\"https:\/\/nam11.safelinks.protection.outlook.com\/?url=https%3A%2F%2Fwww.sabcnews.com%2Fsabcnews%2Fda-to-lay-charges-against-zuma-sambudla-related-to-group-in-russia%2F&#038;data=05%7C02%7Cnimi.princewill%40wbdcontractor.com%7Ced8dca868b5f44d028bd08de331e8074%7C0eb48825e8714459bc72d0ecd68f1f39%7C0%7C0%7C639004403301877204%7CUnknown%7CTWFpbGZsb3d8eyJFbXB0eU1hcGkiOnRydWUsIlYiOiIwLjAuMDAwMCIsIlAiOiJXaW4zMiIsIkFOIjoiTWFpbCIsIldUIjoyfQ%3D%3D%7C0%7C%7C%7C&#038;sdata=EH2UX0yGhy%2FKTmdLPQtt8oW2r71Fl2iRSeP8TLODnqs%3D&#038;reserved=0\">comparti\u00f3<\/a> sus hallazgos con la emisora \u200b\u200bnacional SABC.<\/p>\n<p>\u201cHe estado en contacto con familias y todos cuentan exactamente la misma historia\u201d, indic\u00f3, explicando que los hombres \u201cfueron totalmente enga\u00f1ados\u201d y \u201catra\u00eddos a Rusia para desarrollo personal\u201d bajo el pretexto de \u201centrenamiento en seguridad\u201d.<\/p>\n<p>Cuando llegaron a Rusia, continu\u00f3 Hattingh, \u201csupuestamente les quemaron la ropa y los pasaportes, les quitaron gradualmente sus tel\u00e9fonos y, finalmente, ya no hubo contacto con ellos\u201d.<\/p>\n<p>En su defensa, Zuma-Sambudla dijo que no ten\u00eda la intenci\u00f3n de reclutar sudafricanos para servir como mercenarios en el conflicto entre Rusia y Ucrania.<\/p>\n<p>En una declaraci\u00f3n jurada presentada a la polic\u00eda y <a href=\"https:\/\/nam11.safelinks.protection.outlook.com\/?url=https%3A%2F%2Fdailynews.co.za%2Fnews%2F2025-11-24-exclusive-duduzile-sambudla-zuma-denies-recruiting-south-africans-for-combat-in-ukraine%2F&#038;data=05%7C02%7Cnimi.princewill%40wbdcontractor.com%7Ced8dca868b5f44d028bd08de331e8074%7C0eb48825e8714459bc72d0ecd68f1f39%7C0%7C0%7C639004403301902322%7CUnknown%7CTWFpbGZsb3d8eyJFbXB0eU1hcGkiOnRydWUsIlYiOiIwLjAuMDAwMCIsIlAiOiJXaW4zMiIsIkFOIjoiTWFpbCIsIldUIjoyfQ%3D%3D%7C0%7C%7C%7C&#038;sdata=4G9rHRpI9Wr7%2FBWoX9TF1%2F18swTAaHeMI0FzBxggpms%3D&#038;reserved=0\">citada<\/a> por el peri\u00f3dico local Daily News, afirm\u00f3 que hab\u00eda sido enga\u00f1ada por alguien llamado \u201cKhoza\u201d, que la contact\u00f3 por WhatsApp, afirmando ser un ciudadano sudafricano que viv\u00eda en Rusia con conexiones con un \u201cprograma leg\u00edtimo de entrenamiento paramilitar\u201d que no implicaba combate.<\/p>\n<p>Zuma-Sambudla revel\u00f3 que se alist\u00f3 y particip\u00f3 en el entrenamiento paramilitar en Rusia durante un mes, sin estar expuesta a ninguna situaci\u00f3n de combate, seg\u00fan el peri\u00f3dico.<\/p>\n<p> Posteriormente, recomend\u00f3 a otras 22 personas, incluyendo a sus familiares, que se inscribieran en el programa. De las 22 personas que viajaron inicialmente, 17 sudafricanos se encuentran ahora, <a href=\"https:\/\/www.da.org.za\/2025\/11\/da-lays-criminal-charges-against-duduzile-zuma-sambudla-for-trafficking-south-africans-into-russian-warzone#:~:text=Of%20the%2022%20men%20who%20initially%20travelled%2C%2019%20remain%20in%20Russia%20%E2%80%94%20including%2017%20South%20Africans%20%E2%80%94%20now%20reportedly%20deployed%20in%20a%20%E2%80%9Cred%20zone%E2%80%9D%20in%20North%20Donetsk%20as%20part%20of%20Russian%20forces.%20Three%20were%20returned%20early%20due%20to%20family%20connections%20to%20%E2%80%9CMadiba%E2%80%9D.\" rel=\"noopener noreferrer\" target=\"_blank\">seg\u00fan se informa, en el norte de Donetsk<\/a> como parte de las fuerzas rusas.<\/p>\n<p>\u201cBas\u00e1ndome en mi propia experiencia, cre\u00eda que el programa era legal y seguro. Pero a m\u00ed tambi\u00e9n me manipularon y me utilizaron para crear una falsa impresi\u00f3n de legitimidad\u201d, declar\u00f3.<\/p>\n<p>Seg\u00fan se informa, Zuma-Sambudla asegur\u00f3 que cooperar\u00eda plenamente con las autoridades.<\/p>\n<p>La polic\u00eda sudafricana anunci\u00f3 que est\u00e1 investigando si \u201calg\u00fan delito, incluido posible tr\u00e1fico de personas, reclutamiento ilegal, explotaci\u00f3n o fraude, puede haber contribuido al movimiento de estos individuos a la zona de conflicto\u201d.<\/p>\n<p>CNN solicit\u00f3 comentarios al Ministerio de Asuntos Exteriores y Militares de Rusia.<\/p>\n<p>En noviembre, la portavoz del Ministerio de Asuntos Exteriores, Maria Zakharova, declar\u00f3 en una <a href=\"https:\/\/nam11.safelinks.protection.outlook.com\/?url=https%3A%2F%2Fmid.ru%2Fen%2Fpress_service%2Fspokesman%2Fbriefings%2F2059427%2F%23Q03&#038;data=05%7C02%7Cnimi.princewill%40wbdcontractor.com%7Ced8dca868b5f44d028bd08de331e8074%7C0eb48825e8714459bc72d0ecd68f1f39%7C0%7C0%7C639004403301949713%7CUnknown%7CTWFpbGZsb3d8eyJFbXB0eU1hcGkiOnRydWUsIlYiOiIwLjAuMDAwMCIsIlAiOiJXaW4zMiIsIkFOIjoiTWFpbCIsIldUIjoyfQ%3D%3D%7C0%7C%7C%7C&#038;sdata=owbcVjkbHJdySL9oU8GA7WcUQT45CYAe95YVbcXDzaY%3D&#038;reserved=0\">rueda de prensa<\/a> que Rusia no ten\u00eda informaci\u00f3n sobre los ciudadanos sudafricanos ni hab\u00eda recibido ninguna comunicaci\u00f3n del Gobierno sudafricano al respecto.<\/p>\n<p>\u201cSi hay una solicitud de este tipo desde Pretoria, estaremos dispuestos a considerarla de acuerdo con el procedimiento existente en el esp\u00edritu de las relaciones de asociaci\u00f3n estrat\u00e9gica existentes entre Rusia y Sud\u00e1frica\u201d, declar\u00f3.<\/p>\n<p>Las autoridades rusas han negado anteriormente haber presionado a extranjeros para que se alisten en su ej\u00e9rcito.<\/p>\n<p>Seg\u00fan el ministro de Asuntos Exteriores de Ucrania, Andrii Sybiha, m\u00e1s de 1.400 ciudadanos de 36 pa\u00edses africanos luchan por Rusia en Ucrania. \u201cLa mayor\u00eda son enviados de inmediato a los llamados \u2018ataques de carne\u2019, donde son asesinados r\u00e1pidamente\u201d, declar\u00f3 el <a href=\"https:\/\/nam11.safelinks.protection.outlook.com\/?url=https%3A%2F%2Fx.com%2Fandrii_sybiha%2Fstatus%2F1986766466146775425%3Fs%3D46&#038;data=05%7C02%7Cnimi.princewill%40wbdcontractor.com%7Ced8dca868b5f44d028bd08de331e8074%7C0eb48825e8714459bc72d0ecd68f1f39%7C0%7C0%7C639004403301964502%7CUnknown%7CTWFpbGZsb3d8eyJFbXB0eU1hcGkiOnRydWUsIlYiOiIwLjAuMDAwMCIsIlAiOiJXaW4zMiIsIkFOIjoiTWFpbCIsIldUIjoyfQ%3D%3D%7C0%7C%7C%7C&#038;sdata=9azYsVPZ4QFlM%2BUTwx04AeOBMOCUj%2BQT487DFECwX08%3D&#038;reserved=0\">mes<\/a> pasado.<\/p>\n<p>La informaci\u00f3n actual sobre las p\u00e9rdidas de personal de Rusia es limitada, pero las agencias de inteligencia occidentales estiman que el Kremlin ha sufrido <a href=\"https:\/\/nam11.safelinks.protection.outlook.com\/?url=https%3A%2F%2Fedition.cnn.com%2F2025%2F06%2F04%2Feurope%2Frussia-war-casualties-1-million-ukraine-intl&#038;data=05%7C02%7Cnimi.princewill%40wbdcontractor.com%7Ced8dca868b5f44d028bd08de331e8074%7C0eb48825e8714459bc72d0ecd68f1f39%7C0%7C0%7C639004403301978954%7CUnknown%7CTWFpbGZsb3d8eyJFbXB0eU1hcGkiOnRydWUsIlYiOiIwLjAuMDAwMCIsIlAiOiJXaW4zMiIsIkFOIjoiTWFpbCIsIldUIjoyfQ%3D%3D%7C0%7C%7C%7C&#038;sdata=exsl2Q9LSc24S3r1xSfduUx4nOCbnVqIeZo74BXQKpA%3D&#038;reserved=0\">m\u00e1s de un mill\u00f3n de bajas<\/a>, incluidas m\u00e1s de 250.000 muertes, desde su invasi\u00f3n de Ucrania en febrero de 2022.<\/p>\n<p>El Ministerio de Defensa del Reino Unido estima que aproximadamente <a href=\"https:\/\/nam11.safelinks.protection.outlook.com\/?url=https%3A%2F%2Fedition.cnn.com%2F2025%2F06%2F04%2Feurope%2Frussia-war-casualties-1-million-ukraine-intl&#038;data=05%7C02%7Cnimi.princewill%40wbdcontractor.com%7Ced8dca868b5f44d028bd08de331e8074%7C0eb48825e8714459bc72d0ecd68f1f39%7C0%7C0%7C639004403301993731%7CUnknown%7CTWFpbGZsb3d8eyJFbXB0eU1hcGkiOnRydWUsIlYiOiIwLjAuMDAwMCIsIlAiOiJXaW4zMiIsIkFOIjoiTWFpbCIsIldUIjoyfQ%3D%3D%7C0%7C%7C%7C&#038;sdata=3F%2FJGW6oXbTM%2FtvbnNESkOm42djz%2FDwQi5PldPWg4QE%3D&#038;reserved=0\">1.000 soldados rusos mueren o resultan heridos cada d\u00eda<\/a>.<\/p>\n<p>Los recientes acontecimientos en Sud\u00e1frica reflejan las controversias en Kenya, donde las autoridades est\u00e1n trabajando para <a href=\"https:\/\/nam11.safelinks.protection.outlook.com\/?url=https%3A%2F%2Fx.com%2Fofficepcs_ke%2Fstatus%2F1982864547024384356%3Fs%3D61&#038;data=05%7C02%7Cnimi.princewill%40wbdcontractor.com%7Ced8dca868b5f44d028bd08de331e8074%7C0eb48825e8714459bc72d0ecd68f1f39%7C0%7C0%7C639004403302008534%7CUnknown%7CTWFpbGZsb3d8eyJFbXB0eU1hcGkiOnRydWUsIlYiOiIwLjAuMDAwMCIsIlAiOiJXaW4zMiIsIkFOIjoiTWFpbCIsIldUIjoyfQ%3D%3D%7C0%7C%7C%7C&#038;sdata=bPtM6MSdv5HQsNZVhQXrnLmrz1GCFM%2F8wm803fpQgVI%3D&#038;reserved=0\">asegurar la liberaci\u00f3n<\/a> de m\u00e1s de 200 de sus ciudadanos involucrados en el conflicto entre Rusia y Ucrania.<\/p>\n<p>El Ministerio de Asuntos Exteriores de Kenya ha indicado que las redes de reclutamiento siguen activas en el pa\u00eds de \u00c1frica Oriental. La semana pasada, The Star, un peri\u00f3dico local, <a href=\"https:\/\/nam11.safelinks.protection.outlook.com\/?url=https%3A%2F%2Fwww.the-star.co.ke%2Fnews%2Fafrica%2F2025-11-30-kenyan-man-killed-fighting-for-russia&#038;data=05%7C02%7Cnimi.princewill%40wbdcontractor.com%7Ced8dca868b5f44d028bd08de331e8074%7C0eb48825e8714459bc72d0ecd68f1f39%7C0%7C0%7C639004403302022996%7CUnknown%7CTWFpbGZsb3d8eyJFbXB0eU1hcGkiOnRydWUsIlYiOiIwLjAuMDAwMCIsIlAiOiJXaW4zMiIsIkFOIjoiTWFpbCIsIldUIjoyfQ%3D%3D%7C0%7C%7C%7C&#038;sdata=L5z%2FzB2tKxeYwzKyLnHQ2llx6oglt1Ly3LXSTaCY77c%3D&#038;reserved=0\">inform\u00f3<\/a> que un keniano muri\u00f3 mientras luchaba para Rusia en Ucrania, tan solo un mes despu\u00e9s de llegar para un trabajo de conductor.<\/p>\n<p>Los analistas sugieren que el reclutamiento de mercenarios africanos para reforzar las operaciones militares rusas en Ucrania involucra no solo al Kremlin, sino tambi\u00e9n a reclutadores en redes sociales que a menudo enga\u00f1an a los posibles candidatos sobre la naturaleza del trabajo.<\/p>\n<p>Quienes revelan la verdadera naturaleza del trabajo <a href=\"https:\/\/nam11.safelinks.protection.outlook.com\/?url=https%3A%2F%2Ft.me%2Freal_news_with_love_from_russia&#038;data=05%7C02%7Cnimi.princewill%40wbdcontractor.com%7Ced8dca868b5f44d028bd08de331e8074%7C0eb48825e8714459bc72d0ecd68f1f39%7C0%7C0%7C639004403302037543%7CUnknown%7CTWFpbGZsb3d8eyJFbXB0eU1hcGkiOnRydWUsIlYiOiIwLjAuMDAwMCIsIlAiOiJXaW4zMiIsIkFOIjoiTWFpbCIsIldUIjoyfQ%3D%3D%7C0%7C%7C%7C&#038;sdata=ba8T1HufILpqsB9vXD0EEvvxTCkq6ia6Fm%2FBB7Rrgik%3D&#038;reserved=0\">anuncian ofertas atractivas<\/a>, que incluyen visas r\u00e1pidas, salarios de hasta US$ 2.500 al mes y atenci\u00f3n m\u00e9dica gratuita.<\/p>\n<p>Paul Mudau, profesor titular de Derecho P\u00fablico, Constitucional e Internacional en la Universidad de Sud\u00e1frica, explic\u00f3: \u201cLos estafadores manejan el se\u00f1uelo inicial, a menudo a trav\u00e9s de anuncios en Telegram o Facebook para \u2018trabajos\u2019 en Rusia\u201d.<\/p>\n<p>Sin embargo, coment\u00f3 a CNN: \u201cUna vez que llegan los reclutas, las autoridades rusas los detienen, los obligan a firmar contratos en ruso y los despliegan con un entrenamiento m\u00ednimo\u201d.<\/p>\n<p><em>Nina Subkhanberdina de CNN contribuy\u00f3 a este informe.<\/em><\/p>\n<p>The-CNN-Wire<br \/>&trade; &amp; &copy; 2025 Cable News Network, Inc., a Warner Bros. Discovery Company. All rights reserved.<\/p>\n","protected":false},"excerpt":{"rendered":"<p>Los lazos familiares podr\u00edan volverse tensos para el expresidente de Sud\u00e1frica Jacob Zuma despu\u00e9s de que su hija mayor acusara a su media hermana de enga\u00f1ar a 17 hombres (la mitad de los cuales son supuestamente parientes) para que lucharan por Rusia en Ucrania. La controversia pone de relieve el creciente reclutamiento de africanos en [&hellip;]<\/p>\n","protected":false},"author":0,"featured_media":0,"comment_status":"open","ping_status":"open","sticky":false,"template":"","format":"standard","meta":{"_jetpack_memberships_contains_paid_content":false,"footnotes":""},"categories":[10],"tags":[],"class_list":["post-1468992","post","type-post","status-publish","format-standard","hentry","category-noticias-nacionales","market-global"],"yoast_head":"<!-- This site is optimized with the Yoast SEO plugin v24.4 - https:\/\/yoast.com\/wordpress\/plugins\/seo\/ -->\n<title>Hija de exl\u00edder de Sud\u00e1frica ha sido acusada de instar a hombres a luchar por Rusia. Claves del caso - Noticias<\/title>\n<meta name=\"robots\" content=\"index, follow, max-snippet:-1, max-image-preview:large, max-video-preview:-1\" \/>\n<link rel=\"canonical\" href=\"https:\/\/noticiasya.com\/2025\/12\/05\/hija-exlider-sudafrica-acusada-instar-luchar-rusia-trax\/\" \/>\n<meta property=\"og:locale\" content=\"es_ES\" \/>\n<meta property=\"og:type\" content=\"article\" \/>\n<meta property=\"og:title\" content=\"Hija de exl\u00edder de Sud\u00e1frica ha sido acusada de instar a hombres a luchar por Rusia. Claves del caso - Noticias\" \/>\n<meta property=\"og:description\" content=\"Los lazos familiares podr\u00edan volverse tensos para el expresidente de Sud\u00e1frica Jacob Zuma despu\u00e9s de que su hija mayor acusara a su media hermana de enga\u00f1ar a 17 hombres (la mitad de los cuales son supuestamente parientes) para que lucharan por Rusia en Ucrania. La controversia pone de relieve el creciente reclutamiento de africanos en [&hellip;]\" \/>\n<meta property=\"og:url\" content=\"https:\/\/noticiasya.com\/2025\/12\/05\/hija-exlider-sudafrica-acusada-instar-luchar-rusia-trax\/\" \/>\n<meta property=\"og:site_name\" content=\"Noticias\" \/>\n<meta property=\"article:published_time\" content=\"2025-12-05T11:03:50+00:00\" \/>\n<meta name=\"twitter:card\" content=\"summary_large_image\" \/>\n<meta name=\"twitter:label1\" content=\"Est. reading time\" \/>\n\t<meta name=\"twitter:data1\" content=\"6 minutos\" \/>\n<script type=\"application\/ld+json\" class=\"yoast-schema-graph\">{\"@context\":\"https:\/\/schema.org\",\"@graph\":[{\"@type\":\"Article\",\"@id\":\"https:\/\/noticiasya.com\/2025\/12\/05\/hija-exlider-sudafrica-acusada-instar-luchar-rusia-trax\/#article\",\"isPartOf\":{\"@id\":\"https:\/\/noticiasya.com\/2025\/12\/05\/hija-exlider-sudafrica-acusada-instar-luchar-rusia-trax\/\"},\"author\":{\"name\":\"\",\"@id\":\"\"},\"headline\":\"Hija de exl\u00edder de Sud\u00e1frica ha sido acusada de instar a hombres a luchar por Rusia. Claves del caso\",\"datePublished\":\"2025-12-05T11:03:50+00:00\",\"mainEntityOfPage\":{\"@id\":\"https:\/\/noticiasya.com\/2025\/12\/05\/hija-exlider-sudafrica-acusada-instar-luchar-rusia-trax\/\"},\"wordCount\":1307,\"commentCount\":0,\"publisher\":{\"@id\":\"https:\/\/noticiasya.com\/#organization\"},\"articleSection\":[\"Noticias Nacionales\"],\"inLanguage\":\"es\",\"potentialAction\":[{\"@type\":\"CommentAction\",\"name\":\"Comment\",\"target\":[\"https:\/\/noticiasya.com\/2025\/12\/05\/hija-exlider-sudafrica-acusada-instar-luchar-rusia-trax\/#respond\"]}]},{\"@type\":\"WebPage\",\"@id\":\"https:\/\/noticiasya.com\/2025\/12\/05\/hija-exlider-sudafrica-acusada-instar-luchar-rusia-trax\/\",\"url\":\"https:\/\/noticiasya.com\/2025\/12\/05\/hija-exlider-sudafrica-acusada-instar-luchar-rusia-trax\/\",\"name\":\"Hija de exl\u00edder de Sud\u00e1frica ha sido acusada de instar a hombres a luchar por Rusia. Claves del caso - Noticias\",\"isPartOf\":{\"@id\":\"https:\/\/noticiasya.com\/#website\"},\"datePublished\":\"2025-12-05T11:03:50+00:00\",\"breadcrumb\":{\"@id\":\"https:\/\/noticiasya.com\/2025\/12\/05\/hija-exlider-sudafrica-acusada-instar-luchar-rusia-trax\/#breadcrumb\"},\"inLanguage\":\"es\",\"potentialAction\":[{\"@type\":\"ReadAction\",\"target\":[\"https:\/\/noticiasya.com\/2025\/12\/05\/hija-exlider-sudafrica-acusada-instar-luchar-rusia-trax\/\"]}]},{\"@type\":\"BreadcrumbList\",\"@id\":\"https:\/\/noticiasya.com\/2025\/12\/05\/hija-exlider-sudafrica-acusada-instar-luchar-rusia-trax\/#breadcrumb\",\"itemListElement\":[{\"@type\":\"ListItem\",\"position\":1,\"name\":\"Home\",\"item\":\"https:\/\/noticiasya.com\/\"},{\"@type\":\"ListItem\",\"position\":2,\"name\":\"Hija de exl\u00edder de Sud\u00e1frica ha sido acusada de instar a hombres a luchar por Rusia. Claves del caso\"}]},{\"@type\":\"WebSite\",\"@id\":\"https:\/\/noticiasya.com\/#website\",\"url\":\"https:\/\/noticiasya.com\/\",\"name\":\"Noticias\",\"description\":\"Lo que importa\",\"publisher\":{\"@id\":\"https:\/\/noticiasya.com\/#organization\"},\"potentialAction\":[{\"@type\":\"SearchAction\",\"target\":{\"@type\":\"EntryPoint\",\"urlTemplate\":\"https:\/\/noticiasya.com\/?s={search_term_string}\"},\"query-input\":{\"@type\":\"PropertyValueSpecification\",\"valueRequired\":true,\"valueName\":\"search_term_string\"}}],\"inLanguage\":\"es\"},{\"@type\":\"Organization\",\"@id\":\"https:\/\/noticiasya.com\/#organization\",\"name\":\"Noticias\",\"url\":\"https:\/\/noticiasya.com\/\",\"logo\":{\"@type\":\"ImageObject\",\"inLanguage\":\"es\",\"@id\":\"https:\/\/noticiasya.com\/#\/schema\/logo\/image\/\",\"url\":\"https:\/\/noticiasya.com\/wp-content\/uploads\/sites\/22\/2023\/12\/logo-nacional.png\",\"contentUrl\":\"https:\/\/noticiasya.com\/wp-content\/uploads\/sites\/22\/2023\/12\/logo-nacional.png\",\"width\":1801,\"height\":691,\"caption\":\"Noticias\"},\"image\":{\"@id\":\"https:\/\/noticiasya.com\/#\/schema\/logo\/image\/\"}}]}<\/script>\n<!-- \/ Yoast SEO plugin. -->","yoast_head_json":{"title":"Hija de exl\u00edder de Sud\u00e1frica ha sido acusada de instar a hombres a luchar por Rusia. Claves del caso - Noticias","robots":{"index":"index","follow":"follow","max-snippet":"max-snippet:-1","max-image-preview":"max-image-preview:large","max-video-preview":"max-video-preview:-1"},"canonical":"https:\/\/noticiasya.com\/2025\/12\/05\/hija-exlider-sudafrica-acusada-instar-luchar-rusia-trax\/","og_locale":"es_ES","og_type":"article","og_title":"Hija de exl\u00edder de Sud\u00e1frica ha sido acusada de instar a hombres a luchar por Rusia. Claves del caso - Noticias","og_description":"Los lazos familiares podr\u00edan volverse tensos para el expresidente de Sud\u00e1frica Jacob Zuma despu\u00e9s de que su hija mayor acusara a su media hermana de enga\u00f1ar a 17 hombres (la mitad de los cuales son supuestamente parientes) para que lucharan por Rusia en Ucrania. La controversia pone de relieve el creciente reclutamiento de africanos en [&hellip;]","og_url":"https:\/\/noticiasya.com\/2025\/12\/05\/hija-exlider-sudafrica-acusada-instar-luchar-rusia-trax\/","og_site_name":"Noticias","article_published_time":"2025-12-05T11:03:50+00:00","twitter_card":"summary_large_image","twitter_misc":{"Est. reading time":"6 minutos"},"schema":{"@context":"https:\/\/schema.org","@graph":[{"@type":"Article","@id":"https:\/\/noticiasya.com\/2025\/12\/05\/hija-exlider-sudafrica-acusada-instar-luchar-rusia-trax\/#article","isPartOf":{"@id":"https:\/\/noticiasya.com\/2025\/12\/05\/hija-exlider-sudafrica-acusada-instar-luchar-rusia-trax\/"},"author":{"name":"","@id":""},"headline":"Hija de exl\u00edder de Sud\u00e1frica ha sido acusada de instar a hombres a luchar por Rusia. Claves del caso","datePublished":"2025-12-05T11:03:50+00:00","mainEntityOfPage":{"@id":"https:\/\/noticiasya.com\/2025\/12\/05\/hija-exlider-sudafrica-acusada-instar-luchar-rusia-trax\/"},"wordCount":1307,"commentCount":0,"publisher":{"@id":"https:\/\/noticiasya.com\/#organization"},"articleSection":["Noticias Nacionales"],"inLanguage":"es","potentialAction":[{"@type":"CommentAction","name":"Comment","target":["https:\/\/noticiasya.com\/2025\/12\/05\/hija-exlider-sudafrica-acusada-instar-luchar-rusia-trax\/#respond"]}]},{"@type":"WebPage","@id":"https:\/\/noticiasya.com\/2025\/12\/05\/hija-exlider-sudafrica-acusada-instar-luchar-rusia-trax\/","url":"https:\/\/noticiasya.com\/2025\/12\/05\/hija-exlider-sudafrica-acusada-instar-luchar-rusia-trax\/","name":"Hija de exl\u00edder de Sud\u00e1frica ha sido acusada de instar a hombres a luchar por Rusia. Claves del caso - Noticias","isPartOf":{"@id":"https:\/\/noticiasya.com\/#website"},"datePublished":"2025-12-05T11:03:50+00:00","breadcrumb":{"@id":"https:\/\/noticiasya.com\/2025\/12\/05\/hija-exlider-sudafrica-acusada-instar-luchar-rusia-trax\/#breadcrumb"},"inLanguage":"es","potentialAction":[{"@type":"ReadAction","target":["https:\/\/noticiasya.com\/2025\/12\/05\/hija-exlider-sudafrica-acusada-instar-luchar-rusia-trax\/"]}]},{"@type":"BreadcrumbList","@id":"https:\/\/noticiasya.com\/2025\/12\/05\/hija-exlider-sudafrica-acusada-instar-luchar-rusia-trax\/#breadcrumb","itemListElement":[{"@type":"ListItem","position":1,"name":"Home","item":"https:\/\/noticiasya.com\/"},{"@type":"ListItem","position":2,"name":"Hija de exl\u00edder de Sud\u00e1frica ha sido acusada de instar a hombres a luchar por Rusia. Claves del caso"}]},{"@type":"WebSite","@id":"https:\/\/noticiasya.com\/#website","url":"https:\/\/noticiasya.com\/","name":"Noticias","description":"Lo que importa","publisher":{"@id":"https:\/\/noticiasya.com\/#organization"},"potentialAction":[{"@type":"SearchAction","target":{"@type":"EntryPoint","urlTemplate":"https:\/\/noticiasya.com\/?s={search_term_string}"},"query-input":{"@type":"PropertyValueSpecification","valueRequired":true,"valueName":"search_term_string"}}],"inLanguage":"es"},{"@type":"Organization","@id":"https:\/\/noticiasya.com\/#organization","name":"Noticias","url":"https:\/\/noticiasya.com\/","logo":{"@type":"ImageObject","inLanguage":"es","@id":"https:\/\/noticiasya.com\/#\/schema\/logo\/image\/","url":"https:\/\/noticiasya.com\/wp-content\/uploads\/sites\/22\/2023\/12\/logo-nacional.png","contentUrl":"https:\/\/noticiasya.com\/wp-content\/uploads\/sites\/22\/2023\/12\/logo-nacional.png","width":1801,"height":691,"caption":"Noticias"},"image":{"@id":"https:\/\/noticiasya.com\/#\/schema\/logo\/image\/"}}]}},"parsely":{"version":"1.1.0","canonical_url":"https:\/\/noticiasya.com\/midland-odessa\/2025\/12\/05\/hija-exlider-sudafrica-acusada-instar-luchar-rusia-trax\/","smart_links":{"inbound":0,"outbound":0},"traffic_boost_suggestions_count":0,"meta":{"@context":"https:\/\/schema.org","@type":"NewsArticle","headline":"Hija de exl\u00edder de Sud\u00e1frica ha sido acusada de instar a hombres a luchar por Rusia. Claves del caso","url":"http:\/\/noticiasya.com\/midland-odessa\/2025\/12\/05\/hija-exlider-sudafrica-acusada-instar-luchar-rusia-trax\/","mainEntityOfPage":{"@type":"WebPage","@id":"http:\/\/noticiasya.com\/midland-odessa\/2025\/12\/05\/hija-exlider-sudafrica-acusada-instar-luchar-rusia-trax\/"},"thumbnailUrl":"","image":{"@type":"ImageObject","url":""},"articleSection":"Noticias Nacionales","author":[],"creator":[],"publisher":{"@type":"Organization","name":"Noticias","logo":""},"keywords":[],"dateCreated":"2025-12-05T11:03:50Z","datePublished":"2025-12-05T11:03:50Z","dateModified":"2025-12-05T11:03:50Z"},"rendered":"<script type=\"application\/ld+json\" class=\"wp-parsely-metadata\">{\"@context\":\"https:\\\/\\\/schema.org\",\"@type\":\"NewsArticle\",\"headline\":\"Hija de exl\\u00edder de Sud\\u00e1frica ha sido acusada de instar a hombres a luchar por Rusia. Claves del caso\",\"url\":\"http:\\\/\\\/noticiasya.com\\\/midland-odessa\\\/2025\\\/12\\\/05\\\/hija-exlider-sudafrica-acusada-instar-luchar-rusia-trax\\\/\",\"mainEntityOfPage\":{\"@type\":\"WebPage\",\"@id\":\"http:\\\/\\\/noticiasya.com\\\/midland-odessa\\\/2025\\\/12\\\/05\\\/hija-exlider-sudafrica-acusada-instar-luchar-rusia-trax\\\/\"},\"thumbnailUrl\":\"\",\"image\":{\"@type\":\"ImageObject\",\"url\":\"\"},\"articleSection\":\"Noticias Nacionales\",\"author\":[],\"creator\":[],\"publisher\":{\"@type\":\"Organization\",\"name\":\"Noticias\",\"logo\":\"\"},\"keywords\":[],\"dateCreated\":\"2025-12-05T11:03:50Z\",\"datePublished\":\"2025-12-05T11:03:50Z\",\"dateModified\":\"2025-12-05T11:03:50Z\"}<\/script>","tracker_url":"https:\/\/cdn.parsely.com\/keys\/noticiasya.com\/p.js"},"jetpack_featured_media_url":"","jetpack-related-posts":[{"id":1464263,"url":"https:\/\/noticiasya.com\/midland-odessa\/2025\/07\/06\/xi-jinping-ausente-cumbre-bric-china-trax\/","url_meta":{"origin":1468992,"position":0},"title":"Por primera vez, Xi Jinping se ausenta de una cumbre de los BRICS respaldada por China. \u00bfPor qu\u00e9?","author":"","date":"julio 6, 2025","format":false,"excerpt":"Una cumbre de l\u00edderes del grupo BRICS de principales econom\u00edas emergentes comienza este domingo en Brasil, pero sin el l\u00edder principal de su miembro m\u00e1s poderoso.Por primera vez en m\u00e1s de una d\u00e9cada de gobierno, el l\u00edder de China Xi Jinping \u2014quien ha hecho del BRICS una pieza central en\u2026","rel":"","context":"In &quot;Noticias Nacionales&quot;","block_context":{"text":"Noticias Nacionales","link":"https:\/\/noticiasya.com\/midland-odessa\/categoria\/noticias-nacionales"},"img":{"alt_text":"","src":"","width":0,"height":0},"classes":[]},{"id":1457540,"url":"https:\/\/noticiasya.com\/midland-odessa\/2025\/01\/15\/rescate-mina-oro-sudafrica-atrapados-cuerpos-trax\/","url_meta":{"origin":1468992,"position":1},"title":"Rescatan a m\u00e1s de 160 personas y recuperan al menos 78 cuerpos de una mina de oro abandonada en Sud\u00e1frica","author":"","date":"enero 15, 2025","format":false,"excerpt":"Al menos 78 cuerpos han sido recuperados y 166 supervivientes han sido rescatados de la mina de oro de Stilfontein despu\u00e9s de tres d\u00edas de labores en el lugar, inform\u00f3 este mi\u00e9rcoles a la prensa Athlenda Mathe, portavoz de la Polic\u00eda de Sud\u00e1frica.Los rescatistas se encuentran trabajando en el lugar\u2026","rel":"","context":"In &quot;Noticias Nacionales&quot;","block_context":{"text":"Noticias Nacionales","link":"https:\/\/noticiasya.com\/midland-odessa\/categoria\/noticias-nacionales"},"img":{"alt_text":"","src":"","width":0,"height":0},"classes":[]},{"id":1443298,"url":"https:\/\/noticiasya.com\/midland-odessa\/2024\/01\/07\/que-es-el-brics-que-paises-lo-integran-y-que-funcion-tiene\/","url_meta":{"origin":1468992,"position":2},"title":"\u00bfQu\u00e9 es el BRICS, qu\u00e9 pa\u00edses lo integran y qu\u00e9 funci\u00f3n tiene?","author":"","date":"enero 7, 2024","format":false,"excerpt":"(CNN Espa\u00f1ol) \u2013 El bloque BRICS es una alianza econ\u00f3mica, pol\u00edtica y social integrada por Brasil, Rusia, India, China y Sud\u00e1frica. Las primeras letras de cada pa\u00eds dieron el nombre al bloque que celebr\u00f3 su primera reuni\u00f3n ministerial en septiembre de 2006.Seg\u00fan su sitio web, BRICS es un grupo informal\u2026","rel":"","context":"In &quot;Noticias Nacionales&quot;","block_context":{"text":"Noticias Nacionales","link":"https:\/\/noticiasya.com\/midland-odessa\/categoria\/noticias-nacionales"},"img":{"alt_text":"","src":"","width":0,"height":0},"classes":[]},{"id":1448556,"url":"https:\/\/noticiasya.com\/midland-odessa\/2024\/04\/26\/rusia-apoyo-bolivia-brics-orix\/","url_meta":{"origin":1468992,"position":3},"title":"Rusia expresa su apoyo a las aspiraciones de Bolivia para ingresar al grupo BRICS","author":"","date":"abril 26, 2024","format":false,"excerpt":"(CNN Espa\u00f1ol) -- El ministro de Asuntos Exteriores de Rusia, Sergey Lavrov, anunci\u00f3 este viernes que Mosc\u00fa apoya las aspiraciones de Bolivia de unirse al grupo BRICS, en una conferencia de prensa con su par boliviana, Celinda Sosa, de visita oficial en ese pa\u00eds.Lavrov dijo tambi\u00e9n que Rusia apoya los\u2026","rel":"","context":"In &quot;Noticias Nacionales&quot;","block_context":{"text":"Noticias Nacionales","link":"https:\/\/noticiasya.com\/midland-odessa\/categoria\/noticias-nacionales"},"img":{"alt_text":"","src":"","width":0,"height":0},"classes":[]},{"id":1452313,"url":"https:\/\/noticiasya.com\/midland-odessa\/2024\/08\/31\/colombianos-combatientes-extranjeros-detenidos-rusia-intl-latam-trax\/","url_meta":{"origin":1468992,"position":4},"title":"Desaparecieron durante semanas. Ahora Rusia dice que detuvo a dos hombres colombianos sospechosos de luchar por Ucrania","author":"","date":"agosto 31, 2024","format":false,"excerpt":"(CNN) -- Las autoridades rusas afirman haber detenido a dos colombianos sospechosos de combatir para el ej\u00e9rcito ucraniano, un giro sorprendente en el caso de su desaparici\u00f3n desde mediados de julio, que ha durado semanas.La \u00faltima vez que Cielo Imbach\u00ed tuvo noticias de su marido fue hace m\u00e1s de 40\u2026","rel":"","context":"In &quot;Noticias Nacionales&quot;","block_context":{"text":"Noticias Nacionales","link":"https:\/\/noticiasya.com\/midland-odessa\/categoria\/noticias-nacionales"},"img":{"alt_text":"","src":"","width":0,"height":0},"classes":[]},{"id":1458462,"url":"https:\/\/noticiasya.com\/midland-odessa\/2025\/02\/08\/trump-congela-ayuda-sudafrica-ley-tierras-discriminacion-trax\/","url_meta":{"origin":1468992,"position":5},"title":"Trump congela la ayuda a Sud\u00e1frica por una controvertida ley de tierras, alegando discriminaci\u00f3n contra agricultores blancos","author":"","date":"febrero 8, 2025","format":false,"excerpt":"El presidente de EE.UU., Donald Trump, firm\u00f3 el viernes un decreto destinado a congelar la asistencia a Sud\u00e1frica debido a una controvertida ley que permite al Gobierno confiscar tierras agr\u00edcolas de minor\u00edas \u00e9tnicas, principalmente agricultores blancos, sin compensaci\u00f3n, as\u00ed como la postura del pa\u00eds contra Israel y su guerra en\u2026","rel":"","context":"In &quot;Noticias Nacionales&quot;","block_context":{"text":"Noticias Nacionales","link":"https:\/\/noticiasya.com\/midland-odessa\/categoria\/noticias-nacionales"},"img":{"alt_text":"","src":"","width":0,"height":0},"classes":[]}],"jetpack_sharing_enabled":true,"_links":{"self":[{"href":"https:\/\/noticiasya.com\/midland-odessa\/wp-json\/wp\/v2\/posts\/1468992","targetHints":{"allow":["GET"]}}],"collection":[{"href":"https:\/\/noticiasya.com\/midland-odessa\/wp-json\/wp\/v2\/posts"}],"about":[{"href":"https:\/\/noticiasya.com\/midland-odessa\/wp-json\/wp\/v2\/types\/post"}],"replies":[{"embeddable":true,"href":"https:\/\/noticiasya.com\/midland-odessa\/wp-json\/wp\/v2\/comments?post=1468992"}],"version-history":[{"count":0,"href":"https:\/\/noticiasya.com\/midland-odessa\/wp-json\/wp\/v2\/posts\/1468992\/revisions"}],"wp:attachment":[{"href":"https:\/\/noticiasya.com\/midland-odessa\/wp-json\/wp\/v2\/media?parent=1468992"}],"wp:term":[{"taxonomy":"category","embeddable":true,"href":"https:\/\/noticiasya.com\/midland-odessa\/wp-json\/wp\/v2\/categories?post=1468992"},{"taxonomy":"post_tag","embeddable":true,"href":"https:\/\/noticiasya.com\/midland-odessa\/wp-json\/wp\/v2\/tags?post=1468992"}],"curies":[{"name":"wp","href":"https:\/\/api.w.org\/{rel}","templated":true}]}}