{"id":1468995,"date":"2025-12-05T05:03:47","date_gmt":"2025-12-05T13:03:47","guid":{"rendered":"https:\/\/noticiasya.com\/2025\/12\/05\/maduro-trump-recepcion-inmigrantes-venezuela-eeuu-efe\/"},"modified":"2025-12-05T05:03:47","modified_gmt":"2025-12-05T13:03:47","slug":"maduro-trump-recepcion-inmigrantes-venezuela-eeuu-efe","status":"publish","type":"post","link":"https:\/\/noticiasya.com\/midland-odessa\/2025\/12\/05\/maduro-trump-recepcion-inmigrantes-venezuela-eeuu-efe\/","title":{"rendered":"Maduro conf\u00eda en que se mantenga el acuerdo con EE.UU. para la recepci\u00f3n de inmigrantes"},"content":{"rendered":"<p>El presidente de Venezuela, Nicol\u00e1s Maduro, expres\u00f3 este jueves su confianza en que \u201csemana tras semana\u201d se mantenga <a href=\"https:\/\/cnnespanol.cnn.com\/2025\/11\/12\/venezuela\/vuelo-migrantes-deportados-texas-orix\">el acuerdo suscrito<\/a> en enero de este a\u00f1o con la Administraci\u00f3n de su hom\u00f3logo estadounidense, Donald Trump, para recibir a migrantes, pese a las crecientes tensiones entre Caracas y Washington.<\/p>\n<p>El mandatario record\u00f3 que el mi\u00e9rcoles aterriz\u00f3 en su pa\u00eds un avi\u00f3n de la aerol\u00ednea estadounidense Eastern Airlines con 266 repatriados desde Phoenix, Arizona, en un contexto marcado por el despliegue militar de la naci\u00f3n norteamericana en el Caribe y por una crisis de la conectividad a\u00e9rea en Venezuela.<\/p>\n<p>\u201cAyer (mi\u00e9rcoles) lleg\u00f3 el vuelo, nuestros connacionales han llegado, ya van rumbo a sus casas al abrazo familiar, y ma\u00f1ana (viernes) llega otro vuelo y as\u00ed seguir\u00e1 semana tras semana\u201d, expres\u00f3.<\/p>\n<p>El l\u00edder chavista record\u00f3 que el pasado enero su Gobierno suscribi\u00f3 un acuerdo con el de EE.UU. durante una visita a Caracas de Richard Grenell, enviado especial de Trump, con el fin de garantizar, seg\u00fan Maduro, un \u201cregreso seguro\u201d de venezolanos en el pa\u00eds norteamericano.<\/p>\n<p>\u201cEso se ha cumplido. Hubo un percance recientemente, recib\u00ed la solicitud directamente, con mensaje directo, para mantener el plan con aeronaves estadounidenses, lo aprob\u00e9\u201d, dijo el jefe de Estado, quien se\u00f1al\u00f3 que el Instituto Nacional de Aeron\u00e1utica Civil (INAC) venezolano \u201cemiti\u00f3 los permisos\u201d.<\/p>\n<p>Seg\u00fan el Gobierno chavista, las autoridades estadounidenses \u201chab\u00edan suspendido de manera verbal la ejecuci\u00f3n de estos vuelos\u201d y el lunes \u201csolicitaron nuevamente\u201d una reanudaci\u00f3n.<\/p>\n<p>No obstante, no hubo ninguna comunicaci\u00f3n oficial desde EE.UU. acerca de una suspensi\u00f3n de estas operaciones.<\/p>\n<p>El s\u00e1bado, Trump advirti\u00f3 a los pilotos y aerol\u00edneas que consideren el espacio a\u00e9reo venezolano y sus alrededores \u201ccerrado\u201d.<\/p>\n<p>Las conexiones a\u00e9reas de Venezuela est\u00e1n limitadas por las cancelaciones temporales de vuelos tras una advertencia de EE.UU. sobre \u201cextremar la precauci\u00f3n\u201d al sobrevolar el pa\u00eds petrolero y el sur del Caribe, al considerar que la zona vive \u201cuna situaci\u00f3n potencialmente peligrosa\u201d.<\/p>\n<p>Ante la ola de cancelaciones, Venezuela revoc\u00f3 las concesiones de operaci\u00f3n a ocho aerol\u00edneas internacionales.<\/p>\n<p>Este mi\u00e9rcoles, Maduro confirm\u00f3 haber conversado recientemente por tel\u00e9fono con Trump, y si bien no dio detalles de lo discutido, asegur\u00f3 que el contacto fue \u201ccordial\u201d y se desarroll\u00f3 \u201cen un tono de respeto\u201d, por lo que dijo esperar que esto represente un paso \u201chacia un di\u00e1logo respetuoso\u201d entre ambos pa\u00edses, sin relaciones diplom\u00e1ticas desde 2019.<\/p>\n<p>The-CNN-Wire<br \/>&trade; &amp; &copy; 2025 Cable News Network, Inc., a Warner Bros. Discovery Company. All rights reserved.<\/p>\n","protected":false},"excerpt":{"rendered":"<p>El presidente de Venezuela, Nicol\u00e1s Maduro, expres\u00f3 este jueves su confianza en que \u201csemana tras semana\u201d se mantenga el acuerdo suscrito en enero de este a\u00f1o con la Administraci\u00f3n de su hom\u00f3logo estadounidense, Donald Trump, para recibir a migrantes, pese a las crecientes tensiones entre Caracas y Washington. El mandatario record\u00f3 que el mi\u00e9rcoles aterriz\u00f3 [&hellip;]<\/p>\n","protected":false},"author":0,"featured_media":0,"comment_status":"open","ping_status":"open","sticky":false,"template":"","format":"standard","meta":{"_jetpack_memberships_contains_paid_content":false,"footnotes":""},"categories":[10],"tags":[],"class_list":["post-1468995","post","type-post","status-publish","format-standard","hentry","category-noticias-nacionales","market-global"],"yoast_head":"<!-- This site is optimized with the Yoast SEO plugin v24.4 - https:\/\/yoast.com\/wordpress\/plugins\/seo\/ -->\n<title>Maduro conf\u00eda en que se mantenga el acuerdo con EE.UU. para la recepci\u00f3n de inmigrantes - Noticias<\/title>\n<meta name=\"robots\" content=\"index, follow, max-snippet:-1, max-image-preview:large, max-video-preview:-1\" \/>\n<link rel=\"canonical\" href=\"https:\/\/noticiasya.com\/2025\/12\/05\/maduro-trump-recepcion-inmigrantes-venezuela-eeuu-efe\/\" \/>\n<meta property=\"og:locale\" content=\"es_ES\" \/>\n<meta property=\"og:type\" content=\"article\" \/>\n<meta property=\"og:title\" content=\"Maduro conf\u00eda en que se mantenga el acuerdo con EE.UU. para la recepci\u00f3n de inmigrantes - Noticias\" \/>\n<meta property=\"og:description\" content=\"El presidente de Venezuela, Nicol\u00e1s Maduro, expres\u00f3 este jueves su confianza en que \u201csemana tras semana\u201d se mantenga el acuerdo suscrito en enero de este a\u00f1o con la Administraci\u00f3n de su hom\u00f3logo estadounidense, Donald Trump, para recibir a migrantes, pese a las crecientes tensiones entre Caracas y Washington. El mandatario record\u00f3 que el mi\u00e9rcoles aterriz\u00f3 [&hellip;]\" \/>\n<meta property=\"og:url\" content=\"https:\/\/noticiasya.com\/2025\/12\/05\/maduro-trump-recepcion-inmigrantes-venezuela-eeuu-efe\/\" \/>\n<meta property=\"og:site_name\" content=\"Noticias\" \/>\n<meta property=\"article:published_time\" content=\"2025-12-05T13:03:47+00:00\" \/>\n<meta name=\"twitter:card\" content=\"summary_large_image\" \/>\n<meta name=\"twitter:label1\" content=\"Est. reading time\" \/>\n\t<meta name=\"twitter:data1\" content=\"2 minutos\" \/>\n<script type=\"application\/ld+json\" class=\"yoast-schema-graph\">{\"@context\":\"https:\/\/schema.org\",\"@graph\":[{\"@type\":\"Article\",\"@id\":\"https:\/\/noticiasya.com\/2025\/12\/05\/maduro-trump-recepcion-inmigrantes-venezuela-eeuu-efe\/#article\",\"isPartOf\":{\"@id\":\"https:\/\/noticiasya.com\/2025\/12\/05\/maduro-trump-recepcion-inmigrantes-venezuela-eeuu-efe\/\"},\"author\":{\"name\":\"\",\"@id\":\"\"},\"headline\":\"Maduro conf\u00eda en que se mantenga el acuerdo con EE.UU. para la recepci\u00f3n de inmigrantes\",\"datePublished\":\"2025-12-05T13:03:47+00:00\",\"mainEntityOfPage\":{\"@id\":\"https:\/\/noticiasya.com\/2025\/12\/05\/maduro-trump-recepcion-inmigrantes-venezuela-eeuu-efe\/\"},\"wordCount\":461,\"commentCount\":0,\"publisher\":{\"@id\":\"https:\/\/noticiasya.com\/#organization\"},\"articleSection\":[\"Noticias Nacionales\"],\"inLanguage\":\"es\",\"potentialAction\":[{\"@type\":\"CommentAction\",\"name\":\"Comment\",\"target\":[\"https:\/\/noticiasya.com\/2025\/12\/05\/maduro-trump-recepcion-inmigrantes-venezuela-eeuu-efe\/#respond\"]}]},{\"@type\":\"WebPage\",\"@id\":\"https:\/\/noticiasya.com\/2025\/12\/05\/maduro-trump-recepcion-inmigrantes-venezuela-eeuu-efe\/\",\"url\":\"https:\/\/noticiasya.com\/2025\/12\/05\/maduro-trump-recepcion-inmigrantes-venezuela-eeuu-efe\/\",\"name\":\"Maduro conf\u00eda en que se mantenga el acuerdo con EE.UU. para la recepci\u00f3n de inmigrantes - Noticias\",\"isPartOf\":{\"@id\":\"https:\/\/noticiasya.com\/#website\"},\"datePublished\":\"2025-12-05T13:03:47+00:00\",\"breadcrumb\":{\"@id\":\"https:\/\/noticiasya.com\/2025\/12\/05\/maduro-trump-recepcion-inmigrantes-venezuela-eeuu-efe\/#breadcrumb\"},\"inLanguage\":\"es\",\"potentialAction\":[{\"@type\":\"ReadAction\",\"target\":[\"https:\/\/noticiasya.com\/2025\/12\/05\/maduro-trump-recepcion-inmigrantes-venezuela-eeuu-efe\/\"]}]},{\"@type\":\"BreadcrumbList\",\"@id\":\"https:\/\/noticiasya.com\/2025\/12\/05\/maduro-trump-recepcion-inmigrantes-venezuela-eeuu-efe\/#breadcrumb\",\"itemListElement\":[{\"@type\":\"ListItem\",\"position\":1,\"name\":\"Home\",\"item\":\"https:\/\/noticiasya.com\/\"},{\"@type\":\"ListItem\",\"position\":2,\"name\":\"Maduro conf\u00eda en que se mantenga el acuerdo con EE.UU. para la recepci\u00f3n de inmigrantes\"}]},{\"@type\":\"WebSite\",\"@id\":\"https:\/\/noticiasya.com\/#website\",\"url\":\"https:\/\/noticiasya.com\/\",\"name\":\"Noticias\",\"description\":\"Lo que importa\",\"publisher\":{\"@id\":\"https:\/\/noticiasya.com\/#organization\"},\"potentialAction\":[{\"@type\":\"SearchAction\",\"target\":{\"@type\":\"EntryPoint\",\"urlTemplate\":\"https:\/\/noticiasya.com\/?s={search_term_string}\"},\"query-input\":{\"@type\":\"PropertyValueSpecification\",\"valueRequired\":true,\"valueName\":\"search_term_string\"}}],\"inLanguage\":\"es\"},{\"@type\":\"Organization\",\"@id\":\"https:\/\/noticiasya.com\/#organization\",\"name\":\"Noticias\",\"url\":\"https:\/\/noticiasya.com\/\",\"logo\":{\"@type\":\"ImageObject\",\"inLanguage\":\"es\",\"@id\":\"https:\/\/noticiasya.com\/#\/schema\/logo\/image\/\",\"url\":\"https:\/\/noticiasya.com\/wp-content\/uploads\/sites\/22\/2023\/12\/logo-nacional.png\",\"contentUrl\":\"https:\/\/noticiasya.com\/wp-content\/uploads\/sites\/22\/2023\/12\/logo-nacional.png\",\"width\":1801,\"height\":691,\"caption\":\"Noticias\"},\"image\":{\"@id\":\"https:\/\/noticiasya.com\/#\/schema\/logo\/image\/\"}}]}<\/script>\n<!-- \/ Yoast SEO plugin. -->","yoast_head_json":{"title":"Maduro conf\u00eda en que se mantenga el acuerdo con EE.UU. para la recepci\u00f3n de inmigrantes - Noticias","robots":{"index":"index","follow":"follow","max-snippet":"max-snippet:-1","max-image-preview":"max-image-preview:large","max-video-preview":"max-video-preview:-1"},"canonical":"https:\/\/noticiasya.com\/2025\/12\/05\/maduro-trump-recepcion-inmigrantes-venezuela-eeuu-efe\/","og_locale":"es_ES","og_type":"article","og_title":"Maduro conf\u00eda en que se mantenga el acuerdo con EE.UU. para la recepci\u00f3n de inmigrantes - Noticias","og_description":"El presidente de Venezuela, Nicol\u00e1s Maduro, expres\u00f3 este jueves su confianza en que \u201csemana tras semana\u201d se mantenga el acuerdo suscrito en enero de este a\u00f1o con la Administraci\u00f3n de su hom\u00f3logo estadounidense, Donald Trump, para recibir a migrantes, pese a las crecientes tensiones entre Caracas y Washington. El mandatario record\u00f3 que el mi\u00e9rcoles aterriz\u00f3 [&hellip;]","og_url":"https:\/\/noticiasya.com\/2025\/12\/05\/maduro-trump-recepcion-inmigrantes-venezuela-eeuu-efe\/","og_site_name":"Noticias","article_published_time":"2025-12-05T13:03:47+00:00","twitter_card":"summary_large_image","twitter_misc":{"Est. reading time":"2 minutos"},"schema":{"@context":"https:\/\/schema.org","@graph":[{"@type":"Article","@id":"https:\/\/noticiasya.com\/2025\/12\/05\/maduro-trump-recepcion-inmigrantes-venezuela-eeuu-efe\/#article","isPartOf":{"@id":"https:\/\/noticiasya.com\/2025\/12\/05\/maduro-trump-recepcion-inmigrantes-venezuela-eeuu-efe\/"},"author":{"name":"","@id":""},"headline":"Maduro conf\u00eda en que se mantenga el acuerdo con EE.UU. para la recepci\u00f3n de inmigrantes","datePublished":"2025-12-05T13:03:47+00:00","mainEntityOfPage":{"@id":"https:\/\/noticiasya.com\/2025\/12\/05\/maduro-trump-recepcion-inmigrantes-venezuela-eeuu-efe\/"},"wordCount":461,"commentCount":0,"publisher":{"@id":"https:\/\/noticiasya.com\/#organization"},"articleSection":["Noticias Nacionales"],"inLanguage":"es","potentialAction":[{"@type":"CommentAction","name":"Comment","target":["https:\/\/noticiasya.com\/2025\/12\/05\/maduro-trump-recepcion-inmigrantes-venezuela-eeuu-efe\/#respond"]}]},{"@type":"WebPage","@id":"https:\/\/noticiasya.com\/2025\/12\/05\/maduro-trump-recepcion-inmigrantes-venezuela-eeuu-efe\/","url":"https:\/\/noticiasya.com\/2025\/12\/05\/maduro-trump-recepcion-inmigrantes-venezuela-eeuu-efe\/","name":"Maduro conf\u00eda en que se mantenga el acuerdo con EE.UU. para la recepci\u00f3n de inmigrantes - Noticias","isPartOf":{"@id":"https:\/\/noticiasya.com\/#website"},"datePublished":"2025-12-05T13:03:47+00:00","breadcrumb":{"@id":"https:\/\/noticiasya.com\/2025\/12\/05\/maduro-trump-recepcion-inmigrantes-venezuela-eeuu-efe\/#breadcrumb"},"inLanguage":"es","potentialAction":[{"@type":"ReadAction","target":["https:\/\/noticiasya.com\/2025\/12\/05\/maduro-trump-recepcion-inmigrantes-venezuela-eeuu-efe\/"]}]},{"@type":"BreadcrumbList","@id":"https:\/\/noticiasya.com\/2025\/12\/05\/maduro-trump-recepcion-inmigrantes-venezuela-eeuu-efe\/#breadcrumb","itemListElement":[{"@type":"ListItem","position":1,"name":"Home","item":"https:\/\/noticiasya.com\/"},{"@type":"ListItem","position":2,"name":"Maduro conf\u00eda en que se mantenga el acuerdo con EE.UU. para la recepci\u00f3n de inmigrantes"}]},{"@type":"WebSite","@id":"https:\/\/noticiasya.com\/#website","url":"https:\/\/noticiasya.com\/","name":"Noticias","description":"Lo que importa","publisher":{"@id":"https:\/\/noticiasya.com\/#organization"},"potentialAction":[{"@type":"SearchAction","target":{"@type":"EntryPoint","urlTemplate":"https:\/\/noticiasya.com\/?s={search_term_string}"},"query-input":{"@type":"PropertyValueSpecification","valueRequired":true,"valueName":"search_term_string"}}],"inLanguage":"es"},{"@type":"Organization","@id":"https:\/\/noticiasya.com\/#organization","name":"Noticias","url":"https:\/\/noticiasya.com\/","logo":{"@type":"ImageObject","inLanguage":"es","@id":"https:\/\/noticiasya.com\/#\/schema\/logo\/image\/","url":"https:\/\/noticiasya.com\/wp-content\/uploads\/sites\/22\/2023\/12\/logo-nacional.png","contentUrl":"https:\/\/noticiasya.com\/wp-content\/uploads\/sites\/22\/2023\/12\/logo-nacional.png","width":1801,"height":691,"caption":"Noticias"},"image":{"@id":"https:\/\/noticiasya.com\/#\/schema\/logo\/image\/"}}]}},"parsely":{"version":"1.1.0","canonical_url":"https:\/\/noticiasya.com\/midland-odessa\/2025\/12\/05\/maduro-trump-recepcion-inmigrantes-venezuela-eeuu-efe\/","smart_links":{"inbound":0,"outbound":0},"traffic_boost_suggestions_count":0,"meta":{"@context":"https:\/\/schema.org","@type":"NewsArticle","headline":"Maduro conf\u00eda en que se mantenga el acuerdo con EE.UU. para la recepci\u00f3n de inmigrantes","url":"http:\/\/noticiasya.com\/midland-odessa\/2025\/12\/05\/maduro-trump-recepcion-inmigrantes-venezuela-eeuu-efe\/","mainEntityOfPage":{"@type":"WebPage","@id":"http:\/\/noticiasya.com\/midland-odessa\/2025\/12\/05\/maduro-trump-recepcion-inmigrantes-venezuela-eeuu-efe\/"},"thumbnailUrl":"","image":{"@type":"ImageObject","url":""},"articleSection":"Noticias Nacionales","author":[],"creator":[],"publisher":{"@type":"Organization","name":"Noticias","logo":""},"keywords":[],"dateCreated":"2025-12-05T13:03:47Z","datePublished":"2025-12-05T13:03:47Z","dateModified":"2025-12-05T13:03:47Z"},"rendered":"<script type=\"application\/ld+json\" class=\"wp-parsely-metadata\">{\"@context\":\"https:\\\/\\\/schema.org\",\"@type\":\"NewsArticle\",\"headline\":\"Maduro conf\\u00eda en que se mantenga el acuerdo con EE.UU. para la recepci\\u00f3n de inmigrantes\",\"url\":\"http:\\\/\\\/noticiasya.com\\\/midland-odessa\\\/2025\\\/12\\\/05\\\/maduro-trump-recepcion-inmigrantes-venezuela-eeuu-efe\\\/\",\"mainEntityOfPage\":{\"@type\":\"WebPage\",\"@id\":\"http:\\\/\\\/noticiasya.com\\\/midland-odessa\\\/2025\\\/12\\\/05\\\/maduro-trump-recepcion-inmigrantes-venezuela-eeuu-efe\\\/\"},\"thumbnailUrl\":\"\",\"image\":{\"@type\":\"ImageObject\",\"url\":\"\"},\"articleSection\":\"Noticias Nacionales\",\"author\":[],\"creator\":[],\"publisher\":{\"@type\":\"Organization\",\"name\":\"Noticias\",\"logo\":\"\"},\"keywords\":[],\"dateCreated\":\"2025-12-05T13:03:47Z\",\"datePublished\":\"2025-12-05T13:03:47Z\",\"dateModified\":\"2025-12-05T13:03:47Z\"}<\/script>","tracker_url":"https:\/\/cdn.parsely.com\/keys\/noticiasya.com\/p.js"},"jetpack_featured_media_url":"","jetpack-related-posts":[{"id":1460502,"url":"https:\/\/noticiasya.com\/midland-odessa\/2025\/03\/27\/se-espera-que-venezuela-reciba-este-jueves-un-segundo-vuelo-con-deportados-de-estados-unidos-segun-fuentes\/","url_meta":{"origin":1468995,"position":0},"title":"Se espera que Venezuela reciba este jueves un segundo vuelo con deportados de Estados Unidos, seg\u00fan fuentes","author":"","date":"marzo 27, 2025","format":false,"excerpt":"Se espera que Venezuela reciba un vuelo de deportaci\u00f3n desde Estados Unidos este jueves, el segundo de esta semana desde que se reanudaron los vuelos de deportaci\u00f3n directa el lunes, seg\u00fan anunci\u00f3 el Ministerio del Interior venezolano.El Gobierno de Trump ha priorizado las deportaciones directas a Caracas desde que asumi\u00f3\u2026","rel":"","context":"In &quot;Noticias Nacionales&quot;","block_context":{"text":"Noticias Nacionales","link":"https:\/\/noticiasya.com\/midland-odessa\/categoria\/noticias-nacionales"},"img":{"alt_text":"","src":"","width":0,"height":0},"classes":[]},{"id":1460767,"url":"https:\/\/noticiasya.com\/midland-odessa\/2025\/04\/02\/migrantes-venezolanos-regresaran-vuelos-jueves-viernes-nicolas-maduro-orix\/","url_meta":{"origin":1468995,"position":1},"title":"Cientos de migrantes venezolanos regresar\u00e1n a su pa\u00eds en 3 vuelos entre el jueves y viernes, dice Nicol\u00e1s Maduro","author":"","date":"abril 2, 2025","format":false,"excerpt":"Cientos de migrantes venezolanos regresar\u00e1n a su pa\u00eds en tres vuelos que llegar\u00e1n entre el jueves y el viernes, anunci\u00f3 este mi\u00e9rcoles el presidente de Venezuela, Nicol\u00e1s Maduro.Los dos primeros, que arribar\u00e1n el jueves, ser\u00e1n realizados en aviones de la aerol\u00ednea estatal Conviasa, dijo el mandatario durante un acto p\u00fablico.Uno\u2026","rel":"","context":"In &quot;Noticias Nacionales&quot;","block_context":{"text":"Noticias Nacionales","link":"https:\/\/noticiasya.com\/midland-odessa\/categoria\/noticias-nacionales"},"img":{"alt_text":"","src":"","width":0,"height":0},"classes":[]},{"id":1468299,"url":"https:\/\/noticiasya.com\/midland-odessa\/2025\/11\/13\/venezuela-rusia-acuerdo-cooperacion-tension-eeuu-efe\/","url_meta":{"origin":1468995,"position":2},"title":"Entra en vigor el Acuerdo de Asociaci\u00f3n Estrat\u00e9gica y Cooperaci\u00f3n entre Rusia y Venezuela","author":"","date":"noviembre 13, 2025","format":false,"excerpt":"El Acuerdo de Asociaci\u00f3n Estrat\u00e9gica y Cooperaci\u00f3n entre Rusia y Venezuela entr\u00f3 en vigor este mi\u00e9rcoles tras su promulgaci\u00f3n por ambos presidentes, seg\u00fan inform\u00f3 hoy el Portal de Informaci\u00f3n Legal del Estado ruso.Las dos c\u00e1maras del Parlamento ruso instaron esta semana a la comunidad internacional a condenar las \u201cacciones provocadoras\u2026","rel":"","context":"In &quot;Noticias Nacionales&quot;","block_context":{"text":"Noticias Nacionales","link":"https:\/\/noticiasya.com\/midland-odessa\/categoria\/noticias-nacionales"},"img":{"alt_text":"","src":"","width":0,"height":0},"classes":[]},{"id":1468673,"url":"https:\/\/noticiasya.com\/midland-odessa\/2025\/11\/24\/maduro-china-rusia-despliegue-caribe-orix\/","url_meta":{"origin":1468995,"position":3},"title":"En medio de la escalada en el Caribe, Maduro apela a Rusia y China &#171;para estos momentos que le ha tocado vivir a Venezuela&#187;","author":"","date":"noviembre 24, 2025","format":false,"excerpt":"El presidente de Venezuela, Nicol\u00e1s Maduro, destac\u00f3 este lunes su acercamiento a China y Rusia mientras las tensiones por el despliegue de Estados Unidos en el Caribe se intensifican tras la entrada en vigor de la designaci\u00f3n del llamado Cartel de los Soles como organizaci\u00f3n terrorista extranjera.Durante la transmisi\u00f3n de\u2026","rel":"","context":"In &quot;Noticias Nacionales&quot;","block_context":{"text":"Noticias Nacionales","link":"https:\/\/noticiasya.com\/midland-odessa\/categoria\/noticias-nacionales"},"img":{"alt_text":"","src":"","width":0,"height":0},"classes":[]},{"id":1467488,"url":"https:\/\/noticiasya.com\/midland-odessa\/2025\/10\/18\/trump-maduro-acumulan-fuerzas-tension-caribe-trax\/","url_meta":{"origin":1468995,"position":4},"title":"Trump y Maduro est\u00e1n acumulando fuerzas militares a medida que aumentan las tensiones en el Caribe","author":"","date":"octubre 18, 2025","format":false,"excerpt":"Mientras el presidente de EE.UU., Donald Trump, sopesa la acci\u00f3n militar dentro de Venezuela, aumentando las fuerzas en el Caribe y volando bombarderos B-52 frente a la costa del pa\u00eds esta semana, Nicol\u00e1s Maduro responde en la misma medida, reubicando tropas, movilizando a \u201cmillones\u201d de milicianos y denunciando la actividad\u2026","rel":"","context":"In &quot;Noticias Nacionales&quot;","block_context":{"text":"Noticias Nacionales","link":"https:\/\/noticiasya.com\/midland-odessa\/categoria\/noticias-nacionales"},"img":{"alt_text":"","src":"","width":0,"height":0},"classes":[]},{"id":1450840,"url":"https:\/\/noticiasya.com\/midland-odessa\/2024\/07\/02\/maduro-venezuela-y-ee-uu-dialogo-directo-este-miercoles-orix\/","url_meta":{"origin":1468995,"position":5},"title":"Maduro dice que Venezuela y EE.UU. reanudar\u00e1n \u201cdi\u00e1logo directo\u201d este mi\u00e9rcoles","author":"","date":"julio 2, 2024","format":false,"excerpt":"(CNN Espa\u00f1ol) -- El presidente de Venezuela, Nicol\u00e1s Maduro, dijo este lunes que su Gobierno y el de Estados Unidos reanudar\u00e1n el \u201cdi\u00e1logo directo\u201d este mi\u00e9rcoles, con el objetivo \u2014seg\u00fan el mandatario\u2014 de avanzar en el cumplimiento de los acuerdos firmados en Qatar, que incluyeron el establecimiento de condiciones para\u2026","rel":"","context":"In &quot;Noticias Nacionales&quot;","block_context":{"text":"Noticias Nacionales","link":"https:\/\/noticiasya.com\/midland-odessa\/categoria\/noticias-nacionales"},"img":{"alt_text":"","src":"","width":0,"height":0},"classes":[]}],"jetpack_sharing_enabled":true,"_links":{"self":[{"href":"https:\/\/noticiasya.com\/midland-odessa\/wp-json\/wp\/v2\/posts\/1468995","targetHints":{"allow":["GET"]}}],"collection":[{"href":"https:\/\/noticiasya.com\/midland-odessa\/wp-json\/wp\/v2\/posts"}],"about":[{"href":"https:\/\/noticiasya.com\/midland-odessa\/wp-json\/wp\/v2\/types\/post"}],"replies":[{"embeddable":true,"href":"https:\/\/noticiasya.com\/midland-odessa\/wp-json\/wp\/v2\/comments?post=1468995"}],"version-history":[{"count":0,"href":"https:\/\/noticiasya.com\/midland-odessa\/wp-json\/wp\/v2\/posts\/1468995\/revisions"}],"wp:attachment":[{"href":"https:\/\/noticiasya.com\/midland-odessa\/wp-json\/wp\/v2\/media?parent=1468995"}],"wp:term":[{"taxonomy":"category","embeddable":true,"href":"https:\/\/noticiasya.com\/midland-odessa\/wp-json\/wp\/v2\/categories?post=1468995"},{"taxonomy":"post_tag","embeddable":true,"href":"https:\/\/noticiasya.com\/midland-odessa\/wp-json\/wp\/v2\/tags?post=1468995"}],"curies":[{"name":"wp","href":"https:\/\/api.w.org\/{rel}","templated":true}]}}