{"id":1468999,"date":"2025-12-05T07:03:53","date_gmt":"2025-12-05T15:03:53","guid":{"rendered":"https:\/\/noticiasya.com\/2025\/12\/05\/alemania-reclutas-militares-rusia-trax\/"},"modified":"2025-12-05T07:03:53","modified_gmt":"2025-12-05T15:03:53","slug":"alemania-reclutas-militares-rusia-trax","status":"publish","type":"post","link":"https:\/\/noticiasya.com\/midland-odessa\/2025\/12\/05\/alemania-reclutas-militares-rusia-trax\/","title":{"rendered":"Parlamento de Alemania aprueba plan para atraer m\u00e1s reclutas militares mientras Europa busca contrarrestar a Rusia"},"content":{"rendered":"<p>El Bundestag alem\u00e1n vot\u00f3 este viernes a favor de un proyecto de ley que permite al pa\u00eds avanzar hacia el servicio militar obligatorio, mientras las tensiones con Rusia impulsan los llamamientos para que Europa se independice m\u00e1s del paraguas de seguridad estadounidense.<\/p>\n<p>El controvertido proyecto de ley fue finalmente aprobado por una mayor\u00eda relativamente s\u00f3lida: 323 diputados votaron a favor, 272 en contra y una abstenci\u00f3n.<\/p>\n<p>La medida busca aumentar el n\u00famero de efectivos de las fuerzas armadas alemanas a aproximadamente 260.000 soldados, frente a los 180.000 actuales, adem\u00e1s de 200.000 reservistas adicionales, para 2035.<\/p>\n<p>El proyecto de ley no contempla el servicio militar obligatorio. En cambio, incentiva el alistamiento voluntario mediante medidas como un salario inicial mensual de 2.600 euros (US$ 3.000), lo que supone un aumento de 450 euros respecto al nivel actual.<\/p>\n<p>Sin embargo, si a\u00fan no se alcanzan las nuevas cuotas, el Gobierno mantiene la opci\u00f3n del \u201cBedarfswehrpflicht\u201d (el servicio militar obligatorio seg\u00fan la necesidad) tras la votaci\u00f3n de una ley adicional en el Parlamento.<\/p>\n<p>Con el nuevo sistema, todos los j\u00f3venes de 18 a\u00f1os recibir\u00e1n un cuestionario a partir del pr\u00f3ximo a\u00f1o para preguntarles sobre su inter\u00e9s en servir en el Ej\u00e9rcito, aunque solo es obligatorio para los hombres.<\/p>\n<p>Y a partir de julio de 2027, los hombres tambi\u00e9n deber\u00e1n someterse a ex\u00e1menes militares al cumplir los 18 a\u00f1os.<\/p>\n<p>Con estas reformas, Alemania se une a varios pa\u00edses europeos que han reintroducido o ampliado su servicio militar tras la invasi\u00f3n rusa de Ucrania.<\/p>\n<p>Dinamarca ampli\u00f3 su servicio militar para incluir a las mujeres en julio; Letonia reintrodujo el servicio militar obligatorio para los hombres en enero de 2024; y Francia anunci\u00f3 la creaci\u00f3n de un nuevo servicio militar voluntario para j\u00f3venes el mes pasado.<\/p>\n<p>Alemania no ha tenido servicio militar obligatorio desde 2011, cuando se suspendi\u00f3, lo que lo convirti\u00f3 en completamente voluntario. Las fuerzas armadas del pa\u00eds han estado subfinanciadas desde la Guerra Fr\u00eda (cayendo por debajo del 2 % de su PIB), pues la seguridad europea parec\u00eda no estar amenazada y a\u00fan persist\u00eda un tab\u00fa en torno a los militares despu\u00e9s de la era nazi.<\/p>\n<p>The-CNN-Wire<br \/>&trade; &amp; &copy; 2025 Cable News Network, Inc., a Warner Bros. Discovery Company. All rights reserved.<\/p>\n","protected":false},"excerpt":{"rendered":"<p>El Bundestag alem\u00e1n vot\u00f3 este viernes a favor de un proyecto de ley que permite al pa\u00eds avanzar hacia el servicio militar obligatorio, mientras las tensiones con Rusia impulsan los llamamientos para que Europa se independice m\u00e1s del paraguas de seguridad estadounidense. El controvertido proyecto de ley fue finalmente aprobado por una mayor\u00eda relativamente s\u00f3lida: [&hellip;]<\/p>\n","protected":false},"author":0,"featured_media":0,"comment_status":"open","ping_status":"open","sticky":false,"template":"","format":"standard","meta":{"_jetpack_memberships_contains_paid_content":false,"footnotes":""},"categories":[10],"tags":[],"class_list":["post-1468999","post","type-post","status-publish","format-standard","hentry","category-noticias-nacionales","market-global"],"yoast_head":"<!-- This site is optimized with the Yoast SEO plugin v24.4 - https:\/\/yoast.com\/wordpress\/plugins\/seo\/ -->\n<title>Parlamento de Alemania aprueba plan para atraer m\u00e1s reclutas militares mientras Europa busca contrarrestar a Rusia - Noticias<\/title>\n<meta name=\"robots\" content=\"index, follow, max-snippet:-1, max-image-preview:large, max-video-preview:-1\" \/>\n<link rel=\"canonical\" href=\"https:\/\/noticiasya.com\/2025\/12\/05\/alemania-reclutas-militares-rusia-trax\/\" \/>\n<meta property=\"og:locale\" content=\"es_ES\" \/>\n<meta property=\"og:type\" content=\"article\" \/>\n<meta property=\"og:title\" content=\"Parlamento de Alemania aprueba plan para atraer m\u00e1s reclutas militares mientras Europa busca contrarrestar a Rusia - Noticias\" \/>\n<meta property=\"og:description\" content=\"El Bundestag alem\u00e1n vot\u00f3 este viernes a favor de un proyecto de ley que permite al pa\u00eds avanzar hacia el servicio militar obligatorio, mientras las tensiones con Rusia impulsan los llamamientos para que Europa se independice m\u00e1s del paraguas de seguridad estadounidense. El controvertido proyecto de ley fue finalmente aprobado por una mayor\u00eda relativamente s\u00f3lida: [&hellip;]\" \/>\n<meta property=\"og:url\" content=\"https:\/\/noticiasya.com\/2025\/12\/05\/alemania-reclutas-militares-rusia-trax\/\" \/>\n<meta property=\"og:site_name\" content=\"Noticias\" \/>\n<meta property=\"article:published_time\" content=\"2025-12-05T15:03:53+00:00\" \/>\n<meta name=\"twitter:card\" content=\"summary_large_image\" \/>\n<meta name=\"twitter:label1\" content=\"Est. reading time\" \/>\n\t<meta name=\"twitter:data1\" content=\"2 minutos\" \/>\n<script type=\"application\/ld+json\" class=\"yoast-schema-graph\">{\"@context\":\"https:\/\/schema.org\",\"@graph\":[{\"@type\":\"Article\",\"@id\":\"https:\/\/noticiasya.com\/2025\/12\/05\/alemania-reclutas-militares-rusia-trax\/#article\",\"isPartOf\":{\"@id\":\"https:\/\/noticiasya.com\/2025\/12\/05\/alemania-reclutas-militares-rusia-trax\/\"},\"author\":{\"name\":\"\",\"@id\":\"\"},\"headline\":\"Parlamento de Alemania aprueba plan para atraer m\u00e1s reclutas militares mientras Europa busca contrarrestar a Rusia\",\"datePublished\":\"2025-12-05T15:03:53+00:00\",\"mainEntityOfPage\":{\"@id\":\"https:\/\/noticiasya.com\/2025\/12\/05\/alemania-reclutas-militares-rusia-trax\/\"},\"wordCount\":402,\"commentCount\":0,\"publisher\":{\"@id\":\"https:\/\/noticiasya.com\/#organization\"},\"articleSection\":[\"Noticias Nacionales\"],\"inLanguage\":\"es\",\"potentialAction\":[{\"@type\":\"CommentAction\",\"name\":\"Comment\",\"target\":[\"https:\/\/noticiasya.com\/2025\/12\/05\/alemania-reclutas-militares-rusia-trax\/#respond\"]}]},{\"@type\":\"WebPage\",\"@id\":\"https:\/\/noticiasya.com\/2025\/12\/05\/alemania-reclutas-militares-rusia-trax\/\",\"url\":\"https:\/\/noticiasya.com\/2025\/12\/05\/alemania-reclutas-militares-rusia-trax\/\",\"name\":\"Parlamento de Alemania aprueba plan para atraer m\u00e1s reclutas militares mientras Europa busca contrarrestar a Rusia - Noticias\",\"isPartOf\":{\"@id\":\"https:\/\/noticiasya.com\/#website\"},\"datePublished\":\"2025-12-05T15:03:53+00:00\",\"breadcrumb\":{\"@id\":\"https:\/\/noticiasya.com\/2025\/12\/05\/alemania-reclutas-militares-rusia-trax\/#breadcrumb\"},\"inLanguage\":\"es\",\"potentialAction\":[{\"@type\":\"ReadAction\",\"target\":[\"https:\/\/noticiasya.com\/2025\/12\/05\/alemania-reclutas-militares-rusia-trax\/\"]}]},{\"@type\":\"BreadcrumbList\",\"@id\":\"https:\/\/noticiasya.com\/2025\/12\/05\/alemania-reclutas-militares-rusia-trax\/#breadcrumb\",\"itemListElement\":[{\"@type\":\"ListItem\",\"position\":1,\"name\":\"Home\",\"item\":\"https:\/\/noticiasya.com\/\"},{\"@type\":\"ListItem\",\"position\":2,\"name\":\"Parlamento de Alemania aprueba plan para atraer m\u00e1s reclutas militares mientras Europa busca contrarrestar a Rusia\"}]},{\"@type\":\"WebSite\",\"@id\":\"https:\/\/noticiasya.com\/#website\",\"url\":\"https:\/\/noticiasya.com\/\",\"name\":\"Noticias\",\"description\":\"Lo que importa\",\"publisher\":{\"@id\":\"https:\/\/noticiasya.com\/#organization\"},\"potentialAction\":[{\"@type\":\"SearchAction\",\"target\":{\"@type\":\"EntryPoint\",\"urlTemplate\":\"https:\/\/noticiasya.com\/?s={search_term_string}\"},\"query-input\":{\"@type\":\"PropertyValueSpecification\",\"valueRequired\":true,\"valueName\":\"search_term_string\"}}],\"inLanguage\":\"es\"},{\"@type\":\"Organization\",\"@id\":\"https:\/\/noticiasya.com\/#organization\",\"name\":\"Noticias\",\"url\":\"https:\/\/noticiasya.com\/\",\"logo\":{\"@type\":\"ImageObject\",\"inLanguage\":\"es\",\"@id\":\"https:\/\/noticiasya.com\/#\/schema\/logo\/image\/\",\"url\":\"https:\/\/noticiasya.com\/wp-content\/uploads\/sites\/22\/2023\/12\/logo-nacional.png\",\"contentUrl\":\"https:\/\/noticiasya.com\/wp-content\/uploads\/sites\/22\/2023\/12\/logo-nacional.png\",\"width\":1801,\"height\":691,\"caption\":\"Noticias\"},\"image\":{\"@id\":\"https:\/\/noticiasya.com\/#\/schema\/logo\/image\/\"}}]}<\/script>\n<!-- \/ Yoast SEO plugin. -->","yoast_head_json":{"title":"Parlamento de Alemania aprueba plan para atraer m\u00e1s reclutas militares mientras Europa busca contrarrestar a Rusia - Noticias","robots":{"index":"index","follow":"follow","max-snippet":"max-snippet:-1","max-image-preview":"max-image-preview:large","max-video-preview":"max-video-preview:-1"},"canonical":"https:\/\/noticiasya.com\/2025\/12\/05\/alemania-reclutas-militares-rusia-trax\/","og_locale":"es_ES","og_type":"article","og_title":"Parlamento de Alemania aprueba plan para atraer m\u00e1s reclutas militares mientras Europa busca contrarrestar a Rusia - Noticias","og_description":"El Bundestag alem\u00e1n vot\u00f3 este viernes a favor de un proyecto de ley que permite al pa\u00eds avanzar hacia el servicio militar obligatorio, mientras las tensiones con Rusia impulsan los llamamientos para que Europa se independice m\u00e1s del paraguas de seguridad estadounidense. El controvertido proyecto de ley fue finalmente aprobado por una mayor\u00eda relativamente s\u00f3lida: [&hellip;]","og_url":"https:\/\/noticiasya.com\/2025\/12\/05\/alemania-reclutas-militares-rusia-trax\/","og_site_name":"Noticias","article_published_time":"2025-12-05T15:03:53+00:00","twitter_card":"summary_large_image","twitter_misc":{"Est. reading time":"2 minutos"},"schema":{"@context":"https:\/\/schema.org","@graph":[{"@type":"Article","@id":"https:\/\/noticiasya.com\/2025\/12\/05\/alemania-reclutas-militares-rusia-trax\/#article","isPartOf":{"@id":"https:\/\/noticiasya.com\/2025\/12\/05\/alemania-reclutas-militares-rusia-trax\/"},"author":{"name":"","@id":""},"headline":"Parlamento de Alemania aprueba plan para atraer m\u00e1s reclutas militares mientras Europa busca contrarrestar a Rusia","datePublished":"2025-12-05T15:03:53+00:00","mainEntityOfPage":{"@id":"https:\/\/noticiasya.com\/2025\/12\/05\/alemania-reclutas-militares-rusia-trax\/"},"wordCount":402,"commentCount":0,"publisher":{"@id":"https:\/\/noticiasya.com\/#organization"},"articleSection":["Noticias Nacionales"],"inLanguage":"es","potentialAction":[{"@type":"CommentAction","name":"Comment","target":["https:\/\/noticiasya.com\/2025\/12\/05\/alemania-reclutas-militares-rusia-trax\/#respond"]}]},{"@type":"WebPage","@id":"https:\/\/noticiasya.com\/2025\/12\/05\/alemania-reclutas-militares-rusia-trax\/","url":"https:\/\/noticiasya.com\/2025\/12\/05\/alemania-reclutas-militares-rusia-trax\/","name":"Parlamento de Alemania aprueba plan para atraer m\u00e1s reclutas militares mientras Europa busca contrarrestar a Rusia - Noticias","isPartOf":{"@id":"https:\/\/noticiasya.com\/#website"},"datePublished":"2025-12-05T15:03:53+00:00","breadcrumb":{"@id":"https:\/\/noticiasya.com\/2025\/12\/05\/alemania-reclutas-militares-rusia-trax\/#breadcrumb"},"inLanguage":"es","potentialAction":[{"@type":"ReadAction","target":["https:\/\/noticiasya.com\/2025\/12\/05\/alemania-reclutas-militares-rusia-trax\/"]}]},{"@type":"BreadcrumbList","@id":"https:\/\/noticiasya.com\/2025\/12\/05\/alemania-reclutas-militares-rusia-trax\/#breadcrumb","itemListElement":[{"@type":"ListItem","position":1,"name":"Home","item":"https:\/\/noticiasya.com\/"},{"@type":"ListItem","position":2,"name":"Parlamento de Alemania aprueba plan para atraer m\u00e1s reclutas militares mientras Europa busca contrarrestar a Rusia"}]},{"@type":"WebSite","@id":"https:\/\/noticiasya.com\/#website","url":"https:\/\/noticiasya.com\/","name":"Noticias","description":"Lo que importa","publisher":{"@id":"https:\/\/noticiasya.com\/#organization"},"potentialAction":[{"@type":"SearchAction","target":{"@type":"EntryPoint","urlTemplate":"https:\/\/noticiasya.com\/?s={search_term_string}"},"query-input":{"@type":"PropertyValueSpecification","valueRequired":true,"valueName":"search_term_string"}}],"inLanguage":"es"},{"@type":"Organization","@id":"https:\/\/noticiasya.com\/#organization","name":"Noticias","url":"https:\/\/noticiasya.com\/","logo":{"@type":"ImageObject","inLanguage":"es","@id":"https:\/\/noticiasya.com\/#\/schema\/logo\/image\/","url":"https:\/\/noticiasya.com\/wp-content\/uploads\/sites\/22\/2023\/12\/logo-nacional.png","contentUrl":"https:\/\/noticiasya.com\/wp-content\/uploads\/sites\/22\/2023\/12\/logo-nacional.png","width":1801,"height":691,"caption":"Noticias"},"image":{"@id":"https:\/\/noticiasya.com\/#\/schema\/logo\/image\/"}}]}},"parsely":{"version":"1.1.0","canonical_url":"https:\/\/noticiasya.com\/midland-odessa\/2025\/12\/05\/alemania-reclutas-militares-rusia-trax\/","smart_links":{"inbound":0,"outbound":0},"traffic_boost_suggestions_count":0,"meta":{"@context":"https:\/\/schema.org","@type":"NewsArticle","headline":"Parlamento de Alemania aprueba plan para atraer m\u00e1s reclutas militares mientras Europa busca contrarrestar a Rusia","url":"http:\/\/noticiasya.com\/midland-odessa\/2025\/12\/05\/alemania-reclutas-militares-rusia-trax\/","mainEntityOfPage":{"@type":"WebPage","@id":"http:\/\/noticiasya.com\/midland-odessa\/2025\/12\/05\/alemania-reclutas-militares-rusia-trax\/"},"thumbnailUrl":"","image":{"@type":"ImageObject","url":""},"articleSection":"Noticias Nacionales","author":[],"creator":[],"publisher":{"@type":"Organization","name":"Noticias","logo":""},"keywords":[],"dateCreated":"2025-12-05T15:03:53Z","datePublished":"2025-12-05T15:03:53Z","dateModified":"2025-12-05T15:03:53Z"},"rendered":"<script type=\"application\/ld+json\" class=\"wp-parsely-metadata\">{\"@context\":\"https:\\\/\\\/schema.org\",\"@type\":\"NewsArticle\",\"headline\":\"Parlamento de Alemania aprueba plan para atraer m\\u00e1s reclutas militares mientras Europa busca contrarrestar a Rusia\",\"url\":\"http:\\\/\\\/noticiasya.com\\\/midland-odessa\\\/2025\\\/12\\\/05\\\/alemania-reclutas-militares-rusia-trax\\\/\",\"mainEntityOfPage\":{\"@type\":\"WebPage\",\"@id\":\"http:\\\/\\\/noticiasya.com\\\/midland-odessa\\\/2025\\\/12\\\/05\\\/alemania-reclutas-militares-rusia-trax\\\/\"},\"thumbnailUrl\":\"\",\"image\":{\"@type\":\"ImageObject\",\"url\":\"\"},\"articleSection\":\"Noticias Nacionales\",\"author\":[],\"creator\":[],\"publisher\":{\"@type\":\"Organization\",\"name\":\"Noticias\",\"logo\":\"\"},\"keywords\":[],\"dateCreated\":\"2025-12-05T15:03:53Z\",\"datePublished\":\"2025-12-05T15:03:53Z\",\"dateModified\":\"2025-12-05T15:03:53Z\"}<\/script>","tracker_url":"https:\/\/cdn.parsely.com\/keys\/noticiasya.com\/p.js"},"jetpack_featured_media_url":"","jetpack-related-posts":[{"id":1468621,"url":"https:\/\/noticiasya.com\/midland-odessa\/2025\/11\/23\/alemania-ejercito-fuerte-europa-conscripcion-trax\/","url_meta":{"origin":1468999,"position":0},"title":"Alemania quiere construir el ej\u00e9rcito m\u00e1s fuerte de Europa: un nuevo proyecto de ley de conscripci\u00f3n acerca ese objetivo","author":"","date":"noviembre 23, 2025","format":false,"excerpt":"Este a\u00f1o, el canciller de Alemania, Friedrich Merz, prometi\u00f3 construir el ej\u00e9rcito m\u00e1s fuerte de Europa, un gran desaf\u00edo para un pa\u00eds cuya fuerza militar ha sufrido a\u00f1os de abandono.El Gobierno de coalici\u00f3n espera que un nuevo proyecto de ley acordado la semana pasada ayude a hacer realidad este objetivo,\u2026","rel":"","context":"In &quot;Noticias Nacionales&quot;","block_context":{"text":"Noticias Nacionales","link":"https:\/\/noticiasya.com\/midland-odessa\/categoria\/noticias-nacionales"},"img":{"alt_text":"","src":"","width":0,"height":0},"classes":[]},{"id":1448455,"url":"https:\/\/noticiasya.com\/midland-odessa\/2024\/04\/23\/ucrania-hombres-edad-militar-en-el-extranjero-suspendiendo-servicios-consulares-trax\/","url_meta":{"origin":1468999,"position":1},"title":"Ucrania presiona a hombres en edad militar en el extranjero suspendiendo sus servicios consulares","author":"","date":"abril 23, 2024","format":false,"excerpt":"(CNN) -- Ucrania est\u00e1 aumentando la presi\u00f3n sobre los hombres en edad de ser llamados a filas que viven en el extranjero suspendiendo sus servicios consulares, en medio de una revisi\u00f3n m\u00e1s amplia de las reglas de movilizaci\u00f3n del pa\u00eds destinadas a reforzar sus defensas contra la invasi\u00f3n rusa .El\u2026","rel":"","context":"In &quot;Noticias Nacionales&quot;","block_context":{"text":"Noticias Nacionales","link":"https:\/\/noticiasya.com\/midland-odessa\/categoria\/noticias-nacionales"},"img":{"alt_text":"","src":"","width":0,"height":0},"classes":[]},{"id":1453241,"url":"https:\/\/noticiasya.com\/midland-odessa\/2024\/09\/30\/rusia-propuesta-gasto-record-defensa-guerra-ucrania-trax\/","url_meta":{"origin":1468999,"position":2},"title":"Rusia propone un gasto r\u00e9cord en defensa mientras persigue la victoria en Ucrania","author":"","date":"septiembre 30, 2024","format":false,"excerpt":"(CNN) -- El Gobierno ruso quiere destinar el 32,5% de su gasto a defensa en 2025, una cantidad r\u00e9cord y superior al 28,3% de este a\u00f1o, mientras Mosc\u00fa intenta imponerse en la guerra de Ucrania.El proyecto de presupuesto del Gobierno publicado este lunes propone gastar algo menos de 13,5 billones\u2026","rel":"","context":"In &quot;Noticias Nacionales&quot;","block_context":{"text":"Noticias Nacionales","link":"https:\/\/noticiasya.com\/midland-odessa\/categoria\/noticias-nacionales"},"img":{"alt_text":"","src":"","width":0,"height":0},"classes":[]},{"id":1449578,"url":"https:\/\/noticiasya.com\/midland-odessa\/2024\/05\/18\/presidenta-georgia-veta-controversia-proyecto-ley-agentes-extranjeros-rusia-trax\/","url_meta":{"origin":1468999,"position":3},"title":"La presidenta de Georgia veta controvertido proyecto de ley sobre agentes extranjeros &#171;estilo Kremlin&#187;","author":"","date":"mayo 18, 2024","format":false,"excerpt":"(CNN) -- La presidenta de Georgia, Salome Zourabichvili, vet\u00f3 un pol\u00e9mico proyecto de ley sobre \"agentes extranjeros\" que provoc\u00f3 semanas de protestas generalizadas en todo el pa\u00eds.Zourabichvili hab\u00eda prometido previamente torpedear el proyecto de ley, pero su veto a\u00fan podr\u00eda ser anulado por una mayor\u00eda simple en el parlamento, que\u2026","rel":"","context":"In &quot;Noticias Nacionales&quot;","block_context":{"text":"Noticias Nacionales","link":"https:\/\/noticiasya.com\/midland-odessa\/categoria\/noticias-nacionales"},"img":{"alt_text":"","src":"","width":0,"height":0},"classes":[]},{"id":1462840,"url":"https:\/\/noticiasya.com\/midland-odessa\/2025\/05\/27\/martin-bana-historiador-rusia-busca-que-todo-el-mundo-entienda-que-es-una-potencia\/","url_meta":{"origin":1468999,"position":4},"title":"Mart\u00edn Ba\u00f1a, historiador: &#171;Rusia busca que todo el mundo entienda que es una potencia&#187;","author":"","date":"mayo 27, 2025","format":false,"excerpt":"Mart\u00edn Ba\u00f1a, doctor en Historia, investigador del Conicet y docente, analiz\u00f3 el conflicto entre Rusia y Ucrania y la participaci\u00f3n de Estados Unidos.En CNN Primera Ma\u00f1ana, afirm\u00f3 que \u201chay una continuidad de la din\u00e1mica del conflicto, un intento nuevamente por alcanzar una paz, ahora con la intervenci\u00f3n de Estados Unidos,\u2026","rel":"","context":"In &quot;Noticias Nacionales&quot;","block_context":{"text":"Noticias Nacionales","link":"https:\/\/noticiasya.com\/midland-odessa\/categoria\/noticias-nacionales"},"img":{"alt_text":"","src":"","width":0,"height":0},"classes":[]},{"id":1450695,"url":"https:\/\/noticiasya.com\/midland-odessa\/2024\/06\/25\/israel-reclutar-judios-ultraortodoxos-que-significa-guerra-netanyahu-trax\/","url_meta":{"origin":1468999,"position":5},"title":"Israel podr\u00eda reclutar pronto a jud\u00edos ultraortodoxos. \u00bfQu\u00e9 significa esto para la guerra y para Netanyahu?","author":"","date":"junio 25, 2024","format":false,"excerpt":"(CNN) -- El Tribunal Supremo de Israel emiti\u00f3 una sentencia este martes en la que ordena al Gobierno que reclute en el Ej\u00e9rcito a jud\u00edos ultraortodoxos. Desde la fundaci\u00f3n de Israel, los jud\u00edos ultraortodoxos han estado exentos del servicio militar obligatorio. El Tribunal tambi\u00e9n dictamin\u00f3 que el Gobierno no pod\u00eda\u2026","rel":"","context":"In &quot;Noticias Nacionales&quot;","block_context":{"text":"Noticias Nacionales","link":"https:\/\/noticiasya.com\/midland-odessa\/categoria\/noticias-nacionales"},"img":{"alt_text":"","src":"","width":0,"height":0},"classes":[]}],"jetpack_sharing_enabled":true,"_links":{"self":[{"href":"https:\/\/noticiasya.com\/midland-odessa\/wp-json\/wp\/v2\/posts\/1468999","targetHints":{"allow":["GET"]}}],"collection":[{"href":"https:\/\/noticiasya.com\/midland-odessa\/wp-json\/wp\/v2\/posts"}],"about":[{"href":"https:\/\/noticiasya.com\/midland-odessa\/wp-json\/wp\/v2\/types\/post"}],"replies":[{"embeddable":true,"href":"https:\/\/noticiasya.com\/midland-odessa\/wp-json\/wp\/v2\/comments?post=1468999"}],"version-history":[{"count":0,"href":"https:\/\/noticiasya.com\/midland-odessa\/wp-json\/wp\/v2\/posts\/1468999\/revisions"}],"wp:attachment":[{"href":"https:\/\/noticiasya.com\/midland-odessa\/wp-json\/wp\/v2\/media?parent=1468999"}],"wp:term":[{"taxonomy":"category","embeddable":true,"href":"https:\/\/noticiasya.com\/midland-odessa\/wp-json\/wp\/v2\/categories?post=1468999"},{"taxonomy":"post_tag","embeddable":true,"href":"https:\/\/noticiasya.com\/midland-odessa\/wp-json\/wp\/v2\/tags?post=1468999"}],"curies":[{"name":"wp","href":"https:\/\/api.w.org\/{rel}","templated":true}]}}