{"id":1469000,"date":"2025-12-05T07:03:53","date_gmt":"2025-12-05T15:03:53","guid":{"rendered":"https:\/\/noticiasya.com\/2025\/12\/05\/embarazada-vestido-boda-inmigracion-detenida-texas-orix\/"},"modified":"2025-12-05T07:03:53","modified_gmt":"2025-12-05T15:03:53","slug":"embarazada-vestido-boda-inmigracion-detenida-texas-orix","status":"publish","type":"post","link":"https:\/\/noticiasya.com\/midland-odessa\/2025\/12\/05\/embarazada-vestido-boda-inmigracion-detenida-texas-orix\/","title":{"rendered":"Embarazada y feliz, volv\u00eda de comprar su vestido de novia. Pero se top\u00f3 con agentes de inmigraci\u00f3n"},"content":{"rendered":"<p>Isabel Urdaneta Hern\u00e1ndez y su prometido, Manuel Alejandro L\u00f3pez, iban de regreso a su casa en Dallas, Texas, tras comprar el esperado vestido de novia para su boda. Para Isabel, la felicidad era doble: no solo se iba a casar con el amor de su vida, sino que, adem\u00e1s, est\u00e1n esperando a su primera hija: ella est\u00e1 cursando el cuarto mes de embarazo. Todo era felicidad, hasta que se toparon con un punto de control migratorio.<\/p>\n<p>\u201cLlegan, les piden sus documentos y cuando los revisan les dijeron: \u2018lo lamento, pero ustedes van detenidos\u2019. En ese momento su vida cambi\u00f3 completamente\u201d, relat\u00f3 Alejandra Urdaneta, prima de Isabel, a CNN.<\/p>\n<p>Urdaneta se\u00f1ala que, a diferencia de ocasiones anteriores, esta vez el control migratorio fue distinto para su prima. Tras presentar sus documentos, los agentes de la Patrulla Fronteriza les informaron que ser\u00edan arrestados.<\/p>\n<p>Ambos fueron trasladados a un centro de detenci\u00f3n en McAllen. Posteriormente, Isabel fue transferida a El Valle, un centro del Servicio de Inmigraci\u00f3n y Control de Aduanas (ICE, por sus siglas en ingl\u00e9s), mientras que Manuel permaneci\u00f3 retenido en el lugar, seg\u00fan Alejandra.<\/p>\n<p>La Oficina de Aduanas y Protecci\u00f3n Fronteriza de EE. UU. (CBP, por sus siglas en ingl\u00e9s), dijo a CNN que Isabel y Manuel hab\u00edan entrado legalmente en los Estados Unidos, pero que infringieron los t\u00e9rminos de sus respectivas visas o per\u00edodos de estancia autorizados.<\/p>\n<p>La pareja, ambos inmigrantes venezolanos y con casos de asilo pendientes, permanece detenida a la espera de que sus familiares logren su liberaci\u00f3n bajo fianza. Seg\u00fan Alejandra, Isabel y Manuel planean casarse y esperan a su primera hija. D\u00edas antes del arresto, celebraron una fiesta de revelaci\u00f3n de sexo sin imaginar que sus planes cambiar\u00edan dr\u00e1sticamente.<\/p>\n<p>Isabel y Manuel llegaron a Estados Unidos en 2017 y 2021, respectivamente. La pareja no tiene antecedentes penales, solo algunas infracciones de tr\u00e1nsito de a\u00f1os anteriores. Alejandra los describe como \u201ctrabajadores, honestos y decentes\u201d. Tras a\u00f1os de esfuerzo, lograron abrir una pasteler\u00eda en Texas, negocio que iniciaron en Florida y que creci\u00f3 con un enfoque en la reposter\u00eda tradicional. Urdaneta destaca que ambos han forjado su camino en el pa\u00eds: Isabel es chef pastelera y Manuel cuenta con un empleo estable.<\/p>\n<p>En el momento del arresto la pareja present\u00f3 sus permisos de trabajo y licencias de conducir vigentes. Manuel inform\u00f3 a los agentes que Isabel ten\u00eda cuatro meses de embarazo, pero ambos fueron detenidos.<\/p>\n<p>Seg\u00fan una <a href=\"https:\/\/www.ice.gov\/news\/releases\/ice-issues-new-policy-pregnant-postpartum-nursing-individuals\">normativa de ICE vigente desde 2021<\/a>, la agencia tiene restricciones para detener o mantener bajo custodia a personas embarazadas, en el primer a\u00f1o tras el parto o en periodo de lactancia por infracciones administrativas migratorias. La norma solo permite arrestos en casos obligatorios por ley o situaciones \u201cexcepcionales\u201d, como riesgos para la seguridad nacional o peligro inminente para otros, y requieren aprobaci\u00f3n de altos funcionarios.<\/p>\n<p>Ante la consulta de CNN v\u00eda correo electr\u00f3nico, la CBP, que al igual que ICE, forma parte del Departamento de Seguridad Nacional (DHS) de Estados Unidos, asegur\u00f3 que no tiene una pol\u00edtica oficial que restrinja o limite la custodia y la detenci\u00f3n de personas embarazadas. Agreg\u00f3 que la agencia se asegura que todas las personas bajo custodia reciban un trato adecuado.<\/p>\n<p>De acuerdo con conversaciones recientes entre Alejandra y su prima, Isabel presenta malestares emocionales y f\u00edsicos al estar detenida embarazada. \u201cEn alg\u00fan momento sent\u00ed que me estaban tratando como si fuera una delincuente y no lo soy\u201d, le coment\u00f3 con miedo Isabel.<\/p>\n<p>Ella dice que Isabel recibe asistencia m\u00e9dica en el centro de detenci\u00f3n pero que el personal m\u00e9dico \u201cpuede llegar a ser un poco brusco en el trato\u201d. Tambi\u00e9n cuenta que su preocupaci\u00f3n es el posible impacto en la salud de su prima al llevar un embarazo estando detenida.<\/p>\n<p>Al ser su primer embarazo, los temores se intensifican y la prioridad de la familia es lograr su liberaci\u00f3n para que pueda continuar la gestaci\u00f3n de forma segura.<\/p>\n<p>El arresto de Isabel y Manuel ha sido un golpe para la familia, que vive con angustia la incertidumbre del proceso migratorio. \u201cIsabel tiene mucho miedo, est\u00e1 desesperada, ve las deportaciones todos los d\u00edas y nos preocupa su estado f\u00edsico y mental\u201d, dijo Alejandra.<\/p>\n<p>Familiares, amigos y clientes de la pasteler\u00eda recaudan fondos para cubrir los gastos legales y facilitar la obtenci\u00f3n de una fianza. \u201cElla tiene una cita en la corte el 5 de diciembre. Lo que queremos es que salga lo m\u00e1s pronto posible\u201d, afirm\u00f3 Alejandra, quien espera que ambos puedan continuar su proceso en libertad y en un entorno seguro para la familia.<\/p>\n<p>The-CNN-Wire<br \/>&trade; &amp; &copy; 2025 Cable News Network, Inc., a Warner Bros. Discovery Company. All rights reserved.<\/p>\n","protected":false},"excerpt":{"rendered":"<p>Isabel Urdaneta Hern\u00e1ndez y su prometido, Manuel Alejandro L\u00f3pez, iban de regreso a su casa en Dallas, Texas, tras comprar el esperado vestido de novia para su boda. Para Isabel, la felicidad era doble: no solo se iba a casar con el amor de su vida, sino que, adem\u00e1s, est\u00e1n esperando a su primera hija: [&hellip;]<\/p>\n","protected":false},"author":0,"featured_media":0,"comment_status":"open","ping_status":"open","sticky":false,"template":"","format":"standard","meta":{"_jetpack_memberships_contains_paid_content":false,"footnotes":""},"categories":[10],"tags":[],"class_list":["post-1469000","post","type-post","status-publish","format-standard","hentry","category-noticias-nacionales","market-global"],"yoast_head":"<!-- This site is optimized with the Yoast SEO plugin v24.4 - https:\/\/yoast.com\/wordpress\/plugins\/seo\/ -->\n<title>Embarazada y feliz, volv\u00eda de comprar su vestido de novia. Pero se top\u00f3 con agentes de inmigraci\u00f3n - Noticias<\/title>\n<meta name=\"robots\" content=\"index, follow, max-snippet:-1, max-image-preview:large, max-video-preview:-1\" \/>\n<link rel=\"canonical\" href=\"https:\/\/noticiasya.com\/2025\/12\/05\/embarazada-vestido-boda-inmigracion-detenida-texas-orix\/\" \/>\n<meta property=\"og:locale\" content=\"es_ES\" \/>\n<meta property=\"og:type\" content=\"article\" \/>\n<meta property=\"og:title\" content=\"Embarazada y feliz, volv\u00eda de comprar su vestido de novia. Pero se top\u00f3 con agentes de inmigraci\u00f3n - Noticias\" \/>\n<meta property=\"og:description\" content=\"Isabel Urdaneta Hern\u00e1ndez y su prometido, Manuel Alejandro L\u00f3pez, iban de regreso a su casa en Dallas, Texas, tras comprar el esperado vestido de novia para su boda. Para Isabel, la felicidad era doble: no solo se iba a casar con el amor de su vida, sino que, adem\u00e1s, est\u00e1n esperando a su primera hija: [&hellip;]\" \/>\n<meta property=\"og:url\" content=\"https:\/\/noticiasya.com\/2025\/12\/05\/embarazada-vestido-boda-inmigracion-detenida-texas-orix\/\" \/>\n<meta property=\"og:site_name\" content=\"Noticias\" \/>\n<meta property=\"article:published_time\" content=\"2025-12-05T15:03:53+00:00\" \/>\n<meta name=\"twitter:card\" content=\"summary_large_image\" \/>\n<meta name=\"twitter:label1\" content=\"Est. reading time\" \/>\n\t<meta name=\"twitter:data1\" content=\"4 minutos\" \/>\n<script type=\"application\/ld+json\" class=\"yoast-schema-graph\">{\"@context\":\"https:\/\/schema.org\",\"@graph\":[{\"@type\":\"Article\",\"@id\":\"https:\/\/noticiasya.com\/2025\/12\/05\/embarazada-vestido-boda-inmigracion-detenida-texas-orix\/#article\",\"isPartOf\":{\"@id\":\"https:\/\/noticiasya.com\/2025\/12\/05\/embarazada-vestido-boda-inmigracion-detenida-texas-orix\/\"},\"author\":{\"name\":\"\",\"@id\":\"\"},\"headline\":\"Embarazada y feliz, volv\u00eda de comprar su vestido de novia. Pero se top\u00f3 con agentes de inmigraci\u00f3n\",\"datePublished\":\"2025-12-05T15:03:53+00:00\",\"mainEntityOfPage\":{\"@id\":\"https:\/\/noticiasya.com\/2025\/12\/05\/embarazada-vestido-boda-inmigracion-detenida-texas-orix\/\"},\"wordCount\":830,\"commentCount\":0,\"publisher\":{\"@id\":\"https:\/\/noticiasya.com\/#organization\"},\"articleSection\":[\"Noticias Nacionales\"],\"inLanguage\":\"es\",\"potentialAction\":[{\"@type\":\"CommentAction\",\"name\":\"Comment\",\"target\":[\"https:\/\/noticiasya.com\/2025\/12\/05\/embarazada-vestido-boda-inmigracion-detenida-texas-orix\/#respond\"]}]},{\"@type\":\"WebPage\",\"@id\":\"https:\/\/noticiasya.com\/2025\/12\/05\/embarazada-vestido-boda-inmigracion-detenida-texas-orix\/\",\"url\":\"https:\/\/noticiasya.com\/2025\/12\/05\/embarazada-vestido-boda-inmigracion-detenida-texas-orix\/\",\"name\":\"Embarazada y feliz, volv\u00eda de comprar su vestido de novia. Pero se top\u00f3 con agentes de inmigraci\u00f3n - Noticias\",\"isPartOf\":{\"@id\":\"https:\/\/noticiasya.com\/#website\"},\"datePublished\":\"2025-12-05T15:03:53+00:00\",\"breadcrumb\":{\"@id\":\"https:\/\/noticiasya.com\/2025\/12\/05\/embarazada-vestido-boda-inmigracion-detenida-texas-orix\/#breadcrumb\"},\"inLanguage\":\"es\",\"potentialAction\":[{\"@type\":\"ReadAction\",\"target\":[\"https:\/\/noticiasya.com\/2025\/12\/05\/embarazada-vestido-boda-inmigracion-detenida-texas-orix\/\"]}]},{\"@type\":\"BreadcrumbList\",\"@id\":\"https:\/\/noticiasya.com\/2025\/12\/05\/embarazada-vestido-boda-inmigracion-detenida-texas-orix\/#breadcrumb\",\"itemListElement\":[{\"@type\":\"ListItem\",\"position\":1,\"name\":\"Home\",\"item\":\"https:\/\/noticiasya.com\/\"},{\"@type\":\"ListItem\",\"position\":2,\"name\":\"Embarazada y feliz, volv\u00eda de comprar su vestido de novia. Pero se top\u00f3 con agentes de inmigraci\u00f3n\"}]},{\"@type\":\"WebSite\",\"@id\":\"https:\/\/noticiasya.com\/#website\",\"url\":\"https:\/\/noticiasya.com\/\",\"name\":\"Noticias\",\"description\":\"Lo que importa\",\"publisher\":{\"@id\":\"https:\/\/noticiasya.com\/#organization\"},\"potentialAction\":[{\"@type\":\"SearchAction\",\"target\":{\"@type\":\"EntryPoint\",\"urlTemplate\":\"https:\/\/noticiasya.com\/?s={search_term_string}\"},\"query-input\":{\"@type\":\"PropertyValueSpecification\",\"valueRequired\":true,\"valueName\":\"search_term_string\"}}],\"inLanguage\":\"es\"},{\"@type\":\"Organization\",\"@id\":\"https:\/\/noticiasya.com\/#organization\",\"name\":\"Noticias\",\"url\":\"https:\/\/noticiasya.com\/\",\"logo\":{\"@type\":\"ImageObject\",\"inLanguage\":\"es\",\"@id\":\"https:\/\/noticiasya.com\/#\/schema\/logo\/image\/\",\"url\":\"https:\/\/noticiasya.com\/wp-content\/uploads\/sites\/22\/2023\/12\/logo-nacional.png\",\"contentUrl\":\"https:\/\/noticiasya.com\/wp-content\/uploads\/sites\/22\/2023\/12\/logo-nacional.png\",\"width\":1801,\"height\":691,\"caption\":\"Noticias\"},\"image\":{\"@id\":\"https:\/\/noticiasya.com\/#\/schema\/logo\/image\/\"}}]}<\/script>\n<!-- \/ Yoast SEO plugin. -->","yoast_head_json":{"title":"Embarazada y feliz, volv\u00eda de comprar su vestido de novia. Pero se top\u00f3 con agentes de inmigraci\u00f3n - Noticias","robots":{"index":"index","follow":"follow","max-snippet":"max-snippet:-1","max-image-preview":"max-image-preview:large","max-video-preview":"max-video-preview:-1"},"canonical":"https:\/\/noticiasya.com\/2025\/12\/05\/embarazada-vestido-boda-inmigracion-detenida-texas-orix\/","og_locale":"es_ES","og_type":"article","og_title":"Embarazada y feliz, volv\u00eda de comprar su vestido de novia. Pero se top\u00f3 con agentes de inmigraci\u00f3n - Noticias","og_description":"Isabel Urdaneta Hern\u00e1ndez y su prometido, Manuel Alejandro L\u00f3pez, iban de regreso a su casa en Dallas, Texas, tras comprar el esperado vestido de novia para su boda. Para Isabel, la felicidad era doble: no solo se iba a casar con el amor de su vida, sino que, adem\u00e1s, est\u00e1n esperando a su primera hija: [&hellip;]","og_url":"https:\/\/noticiasya.com\/2025\/12\/05\/embarazada-vestido-boda-inmigracion-detenida-texas-orix\/","og_site_name":"Noticias","article_published_time":"2025-12-05T15:03:53+00:00","twitter_card":"summary_large_image","twitter_misc":{"Est. reading time":"4 minutos"},"schema":{"@context":"https:\/\/schema.org","@graph":[{"@type":"Article","@id":"https:\/\/noticiasya.com\/2025\/12\/05\/embarazada-vestido-boda-inmigracion-detenida-texas-orix\/#article","isPartOf":{"@id":"https:\/\/noticiasya.com\/2025\/12\/05\/embarazada-vestido-boda-inmigracion-detenida-texas-orix\/"},"author":{"name":"","@id":""},"headline":"Embarazada y feliz, volv\u00eda de comprar su vestido de novia. Pero se top\u00f3 con agentes de inmigraci\u00f3n","datePublished":"2025-12-05T15:03:53+00:00","mainEntityOfPage":{"@id":"https:\/\/noticiasya.com\/2025\/12\/05\/embarazada-vestido-boda-inmigracion-detenida-texas-orix\/"},"wordCount":830,"commentCount":0,"publisher":{"@id":"https:\/\/noticiasya.com\/#organization"},"articleSection":["Noticias Nacionales"],"inLanguage":"es","potentialAction":[{"@type":"CommentAction","name":"Comment","target":["https:\/\/noticiasya.com\/2025\/12\/05\/embarazada-vestido-boda-inmigracion-detenida-texas-orix\/#respond"]}]},{"@type":"WebPage","@id":"https:\/\/noticiasya.com\/2025\/12\/05\/embarazada-vestido-boda-inmigracion-detenida-texas-orix\/","url":"https:\/\/noticiasya.com\/2025\/12\/05\/embarazada-vestido-boda-inmigracion-detenida-texas-orix\/","name":"Embarazada y feliz, volv\u00eda de comprar su vestido de novia. Pero se top\u00f3 con agentes de inmigraci\u00f3n - Noticias","isPartOf":{"@id":"https:\/\/noticiasya.com\/#website"},"datePublished":"2025-12-05T15:03:53+00:00","breadcrumb":{"@id":"https:\/\/noticiasya.com\/2025\/12\/05\/embarazada-vestido-boda-inmigracion-detenida-texas-orix\/#breadcrumb"},"inLanguage":"es","potentialAction":[{"@type":"ReadAction","target":["https:\/\/noticiasya.com\/2025\/12\/05\/embarazada-vestido-boda-inmigracion-detenida-texas-orix\/"]}]},{"@type":"BreadcrumbList","@id":"https:\/\/noticiasya.com\/2025\/12\/05\/embarazada-vestido-boda-inmigracion-detenida-texas-orix\/#breadcrumb","itemListElement":[{"@type":"ListItem","position":1,"name":"Home","item":"https:\/\/noticiasya.com\/"},{"@type":"ListItem","position":2,"name":"Embarazada y feliz, volv\u00eda de comprar su vestido de novia. Pero se top\u00f3 con agentes de inmigraci\u00f3n"}]},{"@type":"WebSite","@id":"https:\/\/noticiasya.com\/#website","url":"https:\/\/noticiasya.com\/","name":"Noticias","description":"Lo que importa","publisher":{"@id":"https:\/\/noticiasya.com\/#organization"},"potentialAction":[{"@type":"SearchAction","target":{"@type":"EntryPoint","urlTemplate":"https:\/\/noticiasya.com\/?s={search_term_string}"},"query-input":{"@type":"PropertyValueSpecification","valueRequired":true,"valueName":"search_term_string"}}],"inLanguage":"es"},{"@type":"Organization","@id":"https:\/\/noticiasya.com\/#organization","name":"Noticias","url":"https:\/\/noticiasya.com\/","logo":{"@type":"ImageObject","inLanguage":"es","@id":"https:\/\/noticiasya.com\/#\/schema\/logo\/image\/","url":"https:\/\/noticiasya.com\/wp-content\/uploads\/sites\/22\/2023\/12\/logo-nacional.png","contentUrl":"https:\/\/noticiasya.com\/wp-content\/uploads\/sites\/22\/2023\/12\/logo-nacional.png","width":1801,"height":691,"caption":"Noticias"},"image":{"@id":"https:\/\/noticiasya.com\/#\/schema\/logo\/image\/"}}]}},"parsely":{"version":"1.1.0","canonical_url":"https:\/\/noticiasya.com\/midland-odessa\/2025\/12\/05\/embarazada-vestido-boda-inmigracion-detenida-texas-orix\/","smart_links":{"inbound":0,"outbound":0},"traffic_boost_suggestions_count":0,"meta":{"@context":"https:\/\/schema.org","@type":"NewsArticle","headline":"Embarazada y feliz, volv\u00eda de comprar su vestido de novia. Pero se top\u00f3 con agentes de inmigraci\u00f3n","url":"http:\/\/noticiasya.com\/midland-odessa\/2025\/12\/05\/embarazada-vestido-boda-inmigracion-detenida-texas-orix\/","mainEntityOfPage":{"@type":"WebPage","@id":"http:\/\/noticiasya.com\/midland-odessa\/2025\/12\/05\/embarazada-vestido-boda-inmigracion-detenida-texas-orix\/"},"thumbnailUrl":"","image":{"@type":"ImageObject","url":""},"articleSection":"Noticias Nacionales","author":[],"creator":[],"publisher":{"@type":"Organization","name":"Noticias","logo":""},"keywords":[],"dateCreated":"2025-12-05T15:03:53Z","datePublished":"2025-12-05T15:03:53Z","dateModified":"2025-12-05T15:03:53Z"},"rendered":"<script type=\"application\/ld+json\" class=\"wp-parsely-metadata\">{\"@context\":\"https:\\\/\\\/schema.org\",\"@type\":\"NewsArticle\",\"headline\":\"Embarazada y feliz, volv\\u00eda de comprar su vestido de novia. Pero se top\\u00f3 con agentes de inmigraci\\u00f3n\",\"url\":\"http:\\\/\\\/noticiasya.com\\\/midland-odessa\\\/2025\\\/12\\\/05\\\/embarazada-vestido-boda-inmigracion-detenida-texas-orix\\\/\",\"mainEntityOfPage\":{\"@type\":\"WebPage\",\"@id\":\"http:\\\/\\\/noticiasya.com\\\/midland-odessa\\\/2025\\\/12\\\/05\\\/embarazada-vestido-boda-inmigracion-detenida-texas-orix\\\/\"},\"thumbnailUrl\":\"\",\"image\":{\"@type\":\"ImageObject\",\"url\":\"\"},\"articleSection\":\"Noticias Nacionales\",\"author\":[],\"creator\":[],\"publisher\":{\"@type\":\"Organization\",\"name\":\"Noticias\",\"logo\":\"\"},\"keywords\":[],\"dateCreated\":\"2025-12-05T15:03:53Z\",\"datePublished\":\"2025-12-05T15:03:53Z\",\"dateModified\":\"2025-12-05T15:03:53Z\"}<\/script>","tracker_url":"https:\/\/cdn.parsely.com\/keys\/noticiasya.com\/p.js"},"jetpack_featured_media_url":"","jetpack-related-posts":[{"id":1464018,"url":"https:\/\/noticiasya.com\/midland-odessa\/2025\/06\/27\/moda-vestido-novia-lauren-sanchez-boda-jeff-bezos-trax\/","url_meta":{"origin":1469000,"position":0},"title":"Revelan el vestido de novia de Lauren Sanchez para su boda con Jeff Bezos","author":"","date":"junio 27, 2025","format":false,"excerpt":"Tras mucha expectativa, fue revelado el vestido de novia de Lauren Sanchez, confirm\u00e1ndose que la casa de moda Dolce & Gabbana fue la responsable del elegante dise\u00f1o de cuello alto, que incluye 180 botones de sacerdote forrados en gasa de seda.Muchos detalles de la fastuosa boda de Bezos y Sanchez\u2026","rel":"","context":"In &quot;Noticias Nacionales&quot;","block_context":{"text":"Noticias Nacionales","link":"https:\/\/noticiasya.com\/midland-odessa\/categoria\/noticias-nacionales"},"img":{"alt_text":"","src":"","width":0,"height":0},"classes":[]},{"id":1463418,"url":"https:\/\/noticiasya.com\/midland-odessa\/2025\/06\/10\/vestidos-princesa-diana-subasta-realeza-trax\/","url_meta":{"origin":1469000,"position":1},"title":"Vestidos de la princesa Diana protagonizan la subasta &#171;m\u00e1s grande&#187; de moda de la difunta integrante de la realeza","author":"","date":"junio 10, 2025","format":false,"excerpt":"El traje de esqu\u00ed de la princesa Diana, un bolso Dior que le regal\u00f3 la primera dama de Francia y el vestido floral que us\u00f3 para visitar a ni\u00f1os en un hospital se encuentran entre decenas de art\u00edculos del guardarropa de la difunta integrante de la realeza que ser\u00e1n subastados\u2026","rel":"","context":"In &quot;Noticias Nacionales&quot;","block_context":{"text":"Noticias Nacionales","link":"https:\/\/noticiasya.com\/midland-odessa\/categoria\/noticias-nacionales"},"img":{"alt_text":"","src":"","width":0,"height":0},"classes":[]},{"id":1458378,"url":"https:\/\/noticiasya.com\/midland-odessa\/2025\/02\/06\/novia-liam-payne-cassidy-relacion-trax\/","url_meta":{"origin":1469000,"position":2},"title":"La novia de Liam Payne, Kate Cassidy, habla sobre su relaci\u00f3n con el exintegrante de One Direction y sus \u00faltimos d\u00edas juntos","author":"","date":"febrero 6, 2025","format":false,"excerpt":"La novia del fallecido cantante Liam Payne comparti\u00f3 m\u00e1s sobre el tiempo que pas\u00f3 con \u00e9l en los d\u00edas previos a la muerte del artista a sus 31 a\u00f1os.En una entrevista con The Sun publicada el mi\u00e9rcoles, quien fuera novia de Payne, Kate Cassidy, de 25 a\u00f1os, habl\u00f3 sobre su\u2026","rel":"","context":"In &quot;Noticias Nacionales&quot;","block_context":{"text":"Noticias Nacionales","link":"https:\/\/noticiasya.com\/midland-odessa\/categoria\/noticias-nacionales"},"img":{"alt_text":"","src":"","width":0,"height":0},"classes":[]},{"id":1462035,"url":"https:\/\/noticiasya.com\/midland-odessa\/2025\/05\/06\/jose-barco-veterano-venezolano-deportacion-eeuu-orix\/","url_meta":{"origin":1469000,"position":3},"title":"De veterano condecorado a recluso sin patria: la lucha de un excombatiente por no ser deportado de EE.UU.","author":"","date":"mayo 6, 2025","format":false,"excerpt":"Jos\u00e9 Barco ten\u00eda 4 a\u00f1os cuando se mud\u00f3 de Venezuela, su pa\u00eds natal, a Estados Unidos. Con apenas 17 a\u00f1os, en el 2003, decidi\u00f3 unirse al Ej\u00e9rcito de EE.UU., con el que particip\u00f3 en muchas misiones, entre ellas varias en Iraq, y estuvo en decenas de combates. Aunque sus haza\u00f1as\u2026","rel":"","context":"In &quot;Noticias Nacionales&quot;","block_context":{"text":"Noticias Nacionales","link":"https:\/\/noticiasya.com\/midland-odessa\/categoria\/noticias-nacionales"},"img":{"alt_text":"","src":"","width":0,"height":0},"classes":[]},{"id":1444958,"url":"https:\/\/noticiasya.com\/midland-odessa\/2024\/02\/05\/asi-es-la-vida-del-rey-carlos-iii-edad-hijos-familia-polemicas-carrera-y-mas\/","url_meta":{"origin":1469000,"position":4},"title":"As\u00ed es la vida del rey Carlos III: edad, hijos, familia, pol\u00e9micas, carrera y m\u00e1s","author":"","date":"febrero 5, 2024","format":false,"excerpt":"(CNN) -- Este es un vistazo a la vida del rey Carlos III, quien ascendi\u00f3 al trono del Reino Unido de Gran Breta\u00f1a e Irlanda del Norte tras la muerte de la reina Isabel II el 8 de septiembre de 2022.El rey Carlos III padece un tipo de c\u00e1ncer, anuncia\u2026","rel":"","context":"In &quot;Noticias Nacionales&quot;","block_context":{"text":"Noticias Nacionales","link":"https:\/\/noticiasya.com\/midland-odessa\/categoria\/noticias-nacionales"},"img":{"alt_text":"","src":"","width":0,"height":0},"classes":[]},{"id":1453249,"url":"https:\/\/noticiasya.com\/midland-odessa\/2024\/10\/01\/boris-johnson-memorias-reina-isabel-ii-cancer-huesos-trax\/","url_meta":{"origin":1469000,"position":5},"title":"Boris Johnson dice en sus memorias que la reina Isabel II sufr\u00eda c\u00e1ncer de huesos","author":"","date":"octubre 1, 2024","format":false,"excerpt":"(CNN) --\u00a0El ex primer ministro brit\u00e1nico Boris Johnson ha roto controvertidamente el protocolo real y ha afirmado en sus memorias que est\u00e1n pr\u00f3ximas a ser publicadas que la reina Isabel II sufr\u00eda de c\u00e1ncer de huesos antes de su muerte.En el libro, que saldr\u00e1 a la venta el 10 de\u2026","rel":"","context":"In &quot;Noticias Nacionales&quot;","block_context":{"text":"Noticias Nacionales","link":"https:\/\/noticiasya.com\/midland-odessa\/categoria\/noticias-nacionales"},"img":{"alt_text":"","src":"","width":0,"height":0},"classes":[]}],"jetpack_sharing_enabled":true,"_links":{"self":[{"href":"https:\/\/noticiasya.com\/midland-odessa\/wp-json\/wp\/v2\/posts\/1469000","targetHints":{"allow":["GET"]}}],"collection":[{"href":"https:\/\/noticiasya.com\/midland-odessa\/wp-json\/wp\/v2\/posts"}],"about":[{"href":"https:\/\/noticiasya.com\/midland-odessa\/wp-json\/wp\/v2\/types\/post"}],"replies":[{"embeddable":true,"href":"https:\/\/noticiasya.com\/midland-odessa\/wp-json\/wp\/v2\/comments?post=1469000"}],"version-history":[{"count":0,"href":"https:\/\/noticiasya.com\/midland-odessa\/wp-json\/wp\/v2\/posts\/1469000\/revisions"}],"wp:attachment":[{"href":"https:\/\/noticiasya.com\/midland-odessa\/wp-json\/wp\/v2\/media?parent=1469000"}],"wp:term":[{"taxonomy":"category","embeddable":true,"href":"https:\/\/noticiasya.com\/midland-odessa\/wp-json\/wp\/v2\/categories?post=1469000"},{"taxonomy":"post_tag","embeddable":true,"href":"https:\/\/noticiasya.com\/midland-odessa\/wp-json\/wp\/v2\/tags?post=1469000"}],"curies":[{"name":"wp","href":"https:\/\/api.w.org\/{rel}","templated":true}]}}