{"id":1469003,"date":"2025-12-05T08:03:49","date_gmt":"2025-12-05T16:03:49","guid":{"rendered":"https:\/\/noticiasya.com\/2025\/12\/05\/venezuela-colombia-frontera-protesta-vuelos-crisis-orix\/"},"modified":"2025-12-05T08:03:49","modified_gmt":"2025-12-05T16:03:49","slug":"venezuela-colombia-frontera-protesta-vuelos-crisis-orix","status":"publish","type":"post","link":"https:\/\/noticiasya.com\/midland-odessa\/2025\/12\/05\/venezuela-colombia-frontera-protesta-vuelos-crisis-orix\/","title":{"rendered":"Protesta en la frontera entre Colombia y Venezuela amenaza con cortar una de las pocas v\u00edas de acceso"},"content":{"rendered":"<p>Este jueves por la tarde, manifestantes interrumpieron el tr\u00e1nsito vehicular por la principal v\u00eda de conexi\u00f3n entre Colombia y Venezuela, en la localidad de Villa del Rosario, noreste del pa\u00eds. La protesta contin\u00faa este viernes, seg\u00fan confirm\u00f3 a CNN la oficina de comunicaciones de la alcald\u00eda de C\u00facuta, departamento de Norte de Santander.<\/p>\n<p>Por este motivo, solo est\u00e1n permitiendo el paso de personas a pie en la frontera, lo que afecta a cientos de viajeros que a diario cruzan desde y hacia Venezuela y tambi\u00e9n el transporte de carga y pasajeros. Todo esto acrecienta el <a href=\"https:\/\/cnnespanol.cnn.com\/2025\/12\/04\/venezuela\/copa-airlines-vuelos-venezuela-crisis-orix\">aislamiento<\/a> de los venezolanos, que ya sufren la suspensi\u00f3n de vuelos en medio de la tensi\u00f3n con Estados Unidos.<\/p>\n<p>La protesta en la frontera es llevada a cabo por familiares de colombianos detenidos en c\u00e1rceles del vecino pa\u00eds, que piden a la Canciller\u00eda agilizar las gestiones para la libertad de una veintena de personas que permanecen privadas de la libertad desde hace varios meses y que, seg\u00fan sostienen, fueron detenidas injustamente.<\/p>\n<p>El 24 de octubre, tras una gesti\u00f3n del Ministerio de Relaciones Exteriores de Colombia, el Gobierno de Venezuela dej\u00f3 en libertad a 17 personas que estaban detenidas en ese pa\u00eds. Los connacionales fueron entregados a Migraci\u00f3n Colombia en inmediaciones del puente Sim\u00f3n Bol\u00edvar. El Gobierno colombiano se comprometi\u00f3 a continuar las conversaciones con autoridades en Caracas para facilitar la liberaci\u00f3n de otros 23 colombianos que permanecen detenidos.<\/p>\n<p>Los manifestantes, que portan pancartas y fotos de sus seres queridos, dijeron que permanecer\u00e1n en el puente Sim\u00f3n Bol\u00edvar hasta tener una respuesta de la Canciller\u00eda sobre las gestiones para liberar al resto de los detenidos en Venezuela.<\/p>\n<p>CNN ha pedido a la Canciller\u00eda un pronunciamiento sobre estas nuevas exigencias de los familiares de los detenidos y est\u00e1 a la espera de respuesta.<\/p>\n<p>La protesta y su consecuente complicaci\u00f3n de los cruces por tierra entre ambos pa\u00edses se da en un contexto en el que Venezuela se va quedando sin opciones de conexi\u00f3n con el exterior.<\/p>\n<p>El jueves, la aerol\u00ednea paname\u00f1a Copa Airlines, la estatal colombiana Satena y la estatal Boliviana de Aviaci\u00f3n anunciaron la suspensi\u00f3n temporal de sus vuelos desde y hacia Venezuela, luego de que otras empresas decidieran dejar de volar a Venezuela tras la advertencia del presidente de Estados Unidos, Donald Trump, de que el espacio a\u00e9reo sobre el pa\u00eds debe considerarse \u201ccerrado en su totalidad\u201d.<\/p>\n<p>La venezolana Laser Airlines tambi\u00e9n hab\u00eda indicado en un comunicado que, \u201cpor causa de fuerza mayor\u201d, no podr\u00e1 realizar los vuelos entre Caracas y Madrid que ten\u00eda programados para este viernes 5 de diciembre y para el lunes 8 de diciembre.<\/p>\n<p>Estas suspensiones se sumaron a las de Iberia, TAP, Avianca, Latam Colombia, Turkish Airlines y Gol, a las que el Gobierno de Venezuela revoc\u00f3 la concesi\u00f3n de vuelos y las acus\u00f3 de \u201csumarse a las acciones de terrorismo\u201d promovidas por Washington.<\/p>\n<p>En tanto, las compa\u00f1\u00edas locales Avior y la estatal Conviasa siguen de momento con sus servicios operativos en Venezuela. En medio de la tensi\u00f3n, crece la incertidumbre mientras se acercan las fiestas de fin de a\u00f1o y la crisis de conectividad pone en jaque los reencuentros familiares.<\/p>\n<p>The-CNN-Wire<br \/>&trade; &amp; &copy; 2025 Cable News Network, Inc., a Warner Bros. Discovery Company. All rights reserved.<\/p>\n","protected":false},"excerpt":{"rendered":"<p>Este jueves por la tarde, manifestantes interrumpieron el tr\u00e1nsito vehicular por la principal v\u00eda de conexi\u00f3n entre Colombia y Venezuela, en la localidad de Villa del Rosario, noreste del pa\u00eds. La protesta contin\u00faa este viernes, seg\u00fan confirm\u00f3 a CNN la oficina de comunicaciones de la alcald\u00eda de C\u00facuta, departamento de Norte de Santander. Por este [&hellip;]<\/p>\n","protected":false},"author":0,"featured_media":0,"comment_status":"open","ping_status":"open","sticky":false,"template":"","format":"standard","meta":{"_jetpack_memberships_contains_paid_content":false,"footnotes":""},"categories":[10],"tags":[],"class_list":["post-1469003","post","type-post","status-publish","format-standard","hentry","category-noticias-nacionales","market-global"],"yoast_head":"<!-- This site is optimized with the Yoast SEO plugin v24.4 - https:\/\/yoast.com\/wordpress\/plugins\/seo\/ -->\n<title>Protesta en la frontera entre Colombia y Venezuela amenaza con cortar una de las pocas v\u00edas de acceso - Noticias<\/title>\n<meta name=\"robots\" content=\"index, follow, max-snippet:-1, max-image-preview:large, max-video-preview:-1\" \/>\n<link rel=\"canonical\" href=\"https:\/\/noticiasya.com\/2025\/12\/05\/venezuela-colombia-frontera-protesta-vuelos-crisis-orix\/\" \/>\n<meta property=\"og:locale\" content=\"es_ES\" \/>\n<meta property=\"og:type\" content=\"article\" \/>\n<meta property=\"og:title\" content=\"Protesta en la frontera entre Colombia y Venezuela amenaza con cortar una de las pocas v\u00edas de acceso - Noticias\" \/>\n<meta property=\"og:description\" content=\"Este jueves por la tarde, manifestantes interrumpieron el tr\u00e1nsito vehicular por la principal v\u00eda de conexi\u00f3n entre Colombia y Venezuela, en la localidad de Villa del Rosario, noreste del pa\u00eds. La protesta contin\u00faa este viernes, seg\u00fan confirm\u00f3 a CNN la oficina de comunicaciones de la alcald\u00eda de C\u00facuta, departamento de Norte de Santander. Por este [&hellip;]\" \/>\n<meta property=\"og:url\" content=\"https:\/\/noticiasya.com\/2025\/12\/05\/venezuela-colombia-frontera-protesta-vuelos-crisis-orix\/\" \/>\n<meta property=\"og:site_name\" content=\"Noticias\" \/>\n<meta property=\"article:published_time\" content=\"2025-12-05T16:03:49+00:00\" \/>\n<meta name=\"twitter:card\" content=\"summary_large_image\" \/>\n<meta name=\"twitter:label1\" content=\"Est. reading time\" \/>\n\t<meta name=\"twitter:data1\" content=\"3 minutos\" \/>\n<script type=\"application\/ld+json\" class=\"yoast-schema-graph\">{\"@context\":\"https:\/\/schema.org\",\"@graph\":[{\"@type\":\"Article\",\"@id\":\"https:\/\/noticiasya.com\/2025\/12\/05\/venezuela-colombia-frontera-protesta-vuelos-crisis-orix\/#article\",\"isPartOf\":{\"@id\":\"https:\/\/noticiasya.com\/2025\/12\/05\/venezuela-colombia-frontera-protesta-vuelos-crisis-orix\/\"},\"author\":{\"name\":\"\",\"@id\":\"\"},\"headline\":\"Protesta en la frontera entre Colombia y Venezuela amenaza con cortar una de las pocas v\u00edas de acceso\",\"datePublished\":\"2025-12-05T16:03:49+00:00\",\"mainEntityOfPage\":{\"@id\":\"https:\/\/noticiasya.com\/2025\/12\/05\/venezuela-colombia-frontera-protesta-vuelos-crisis-orix\/\"},\"wordCount\":594,\"commentCount\":0,\"publisher\":{\"@id\":\"https:\/\/noticiasya.com\/#organization\"},\"articleSection\":[\"Noticias Nacionales\"],\"inLanguage\":\"es\",\"potentialAction\":[{\"@type\":\"CommentAction\",\"name\":\"Comment\",\"target\":[\"https:\/\/noticiasya.com\/2025\/12\/05\/venezuela-colombia-frontera-protesta-vuelos-crisis-orix\/#respond\"]}]},{\"@type\":\"WebPage\",\"@id\":\"https:\/\/noticiasya.com\/2025\/12\/05\/venezuela-colombia-frontera-protesta-vuelos-crisis-orix\/\",\"url\":\"https:\/\/noticiasya.com\/2025\/12\/05\/venezuela-colombia-frontera-protesta-vuelos-crisis-orix\/\",\"name\":\"Protesta en la frontera entre Colombia y Venezuela amenaza con cortar una de las pocas v\u00edas de acceso - Noticias\",\"isPartOf\":{\"@id\":\"https:\/\/noticiasya.com\/#website\"},\"datePublished\":\"2025-12-05T16:03:49+00:00\",\"breadcrumb\":{\"@id\":\"https:\/\/noticiasya.com\/2025\/12\/05\/venezuela-colombia-frontera-protesta-vuelos-crisis-orix\/#breadcrumb\"},\"inLanguage\":\"es\",\"potentialAction\":[{\"@type\":\"ReadAction\",\"target\":[\"https:\/\/noticiasya.com\/2025\/12\/05\/venezuela-colombia-frontera-protesta-vuelos-crisis-orix\/\"]}]},{\"@type\":\"BreadcrumbList\",\"@id\":\"https:\/\/noticiasya.com\/2025\/12\/05\/venezuela-colombia-frontera-protesta-vuelos-crisis-orix\/#breadcrumb\",\"itemListElement\":[{\"@type\":\"ListItem\",\"position\":1,\"name\":\"Home\",\"item\":\"https:\/\/noticiasya.com\/\"},{\"@type\":\"ListItem\",\"position\":2,\"name\":\"Protesta en la frontera entre Colombia y Venezuela amenaza con cortar una de las pocas v\u00edas de acceso\"}]},{\"@type\":\"WebSite\",\"@id\":\"https:\/\/noticiasya.com\/#website\",\"url\":\"https:\/\/noticiasya.com\/\",\"name\":\"Noticias\",\"description\":\"Lo que importa\",\"publisher\":{\"@id\":\"https:\/\/noticiasya.com\/#organization\"},\"potentialAction\":[{\"@type\":\"SearchAction\",\"target\":{\"@type\":\"EntryPoint\",\"urlTemplate\":\"https:\/\/noticiasya.com\/?s={search_term_string}\"},\"query-input\":{\"@type\":\"PropertyValueSpecification\",\"valueRequired\":true,\"valueName\":\"search_term_string\"}}],\"inLanguage\":\"es\"},{\"@type\":\"Organization\",\"@id\":\"https:\/\/noticiasya.com\/#organization\",\"name\":\"Noticias\",\"url\":\"https:\/\/noticiasya.com\/\",\"logo\":{\"@type\":\"ImageObject\",\"inLanguage\":\"es\",\"@id\":\"https:\/\/noticiasya.com\/#\/schema\/logo\/image\/\",\"url\":\"https:\/\/noticiasya.com\/wp-content\/uploads\/sites\/22\/2023\/12\/logo-nacional.png\",\"contentUrl\":\"https:\/\/noticiasya.com\/wp-content\/uploads\/sites\/22\/2023\/12\/logo-nacional.png\",\"width\":1801,\"height\":691,\"caption\":\"Noticias\"},\"image\":{\"@id\":\"https:\/\/noticiasya.com\/#\/schema\/logo\/image\/\"}}]}<\/script>\n<!-- \/ Yoast SEO plugin. -->","yoast_head_json":{"title":"Protesta en la frontera entre Colombia y Venezuela amenaza con cortar una de las pocas v\u00edas de acceso - Noticias","robots":{"index":"index","follow":"follow","max-snippet":"max-snippet:-1","max-image-preview":"max-image-preview:large","max-video-preview":"max-video-preview:-1"},"canonical":"https:\/\/noticiasya.com\/2025\/12\/05\/venezuela-colombia-frontera-protesta-vuelos-crisis-orix\/","og_locale":"es_ES","og_type":"article","og_title":"Protesta en la frontera entre Colombia y Venezuela amenaza con cortar una de las pocas v\u00edas de acceso - Noticias","og_description":"Este jueves por la tarde, manifestantes interrumpieron el tr\u00e1nsito vehicular por la principal v\u00eda de conexi\u00f3n entre Colombia y Venezuela, en la localidad de Villa del Rosario, noreste del pa\u00eds. La protesta contin\u00faa este viernes, seg\u00fan confirm\u00f3 a CNN la oficina de comunicaciones de la alcald\u00eda de C\u00facuta, departamento de Norte de Santander. Por este [&hellip;]","og_url":"https:\/\/noticiasya.com\/2025\/12\/05\/venezuela-colombia-frontera-protesta-vuelos-crisis-orix\/","og_site_name":"Noticias","article_published_time":"2025-12-05T16:03:49+00:00","twitter_card":"summary_large_image","twitter_misc":{"Est. reading time":"3 minutos"},"schema":{"@context":"https:\/\/schema.org","@graph":[{"@type":"Article","@id":"https:\/\/noticiasya.com\/2025\/12\/05\/venezuela-colombia-frontera-protesta-vuelos-crisis-orix\/#article","isPartOf":{"@id":"https:\/\/noticiasya.com\/2025\/12\/05\/venezuela-colombia-frontera-protesta-vuelos-crisis-orix\/"},"author":{"name":"","@id":""},"headline":"Protesta en la frontera entre Colombia y Venezuela amenaza con cortar una de las pocas v\u00edas de acceso","datePublished":"2025-12-05T16:03:49+00:00","mainEntityOfPage":{"@id":"https:\/\/noticiasya.com\/2025\/12\/05\/venezuela-colombia-frontera-protesta-vuelos-crisis-orix\/"},"wordCount":594,"commentCount":0,"publisher":{"@id":"https:\/\/noticiasya.com\/#organization"},"articleSection":["Noticias Nacionales"],"inLanguage":"es","potentialAction":[{"@type":"CommentAction","name":"Comment","target":["https:\/\/noticiasya.com\/2025\/12\/05\/venezuela-colombia-frontera-protesta-vuelos-crisis-orix\/#respond"]}]},{"@type":"WebPage","@id":"https:\/\/noticiasya.com\/2025\/12\/05\/venezuela-colombia-frontera-protesta-vuelos-crisis-orix\/","url":"https:\/\/noticiasya.com\/2025\/12\/05\/venezuela-colombia-frontera-protesta-vuelos-crisis-orix\/","name":"Protesta en la frontera entre Colombia y Venezuela amenaza con cortar una de las pocas v\u00edas de acceso - Noticias","isPartOf":{"@id":"https:\/\/noticiasya.com\/#website"},"datePublished":"2025-12-05T16:03:49+00:00","breadcrumb":{"@id":"https:\/\/noticiasya.com\/2025\/12\/05\/venezuela-colombia-frontera-protesta-vuelos-crisis-orix\/#breadcrumb"},"inLanguage":"es","potentialAction":[{"@type":"ReadAction","target":["https:\/\/noticiasya.com\/2025\/12\/05\/venezuela-colombia-frontera-protesta-vuelos-crisis-orix\/"]}]},{"@type":"BreadcrumbList","@id":"https:\/\/noticiasya.com\/2025\/12\/05\/venezuela-colombia-frontera-protesta-vuelos-crisis-orix\/#breadcrumb","itemListElement":[{"@type":"ListItem","position":1,"name":"Home","item":"https:\/\/noticiasya.com\/"},{"@type":"ListItem","position":2,"name":"Protesta en la frontera entre Colombia y Venezuela amenaza con cortar una de las pocas v\u00edas de acceso"}]},{"@type":"WebSite","@id":"https:\/\/noticiasya.com\/#website","url":"https:\/\/noticiasya.com\/","name":"Noticias","description":"Lo que importa","publisher":{"@id":"https:\/\/noticiasya.com\/#organization"},"potentialAction":[{"@type":"SearchAction","target":{"@type":"EntryPoint","urlTemplate":"https:\/\/noticiasya.com\/?s={search_term_string}"},"query-input":{"@type":"PropertyValueSpecification","valueRequired":true,"valueName":"search_term_string"}}],"inLanguage":"es"},{"@type":"Organization","@id":"https:\/\/noticiasya.com\/#organization","name":"Noticias","url":"https:\/\/noticiasya.com\/","logo":{"@type":"ImageObject","inLanguage":"es","@id":"https:\/\/noticiasya.com\/#\/schema\/logo\/image\/","url":"https:\/\/noticiasya.com\/wp-content\/uploads\/sites\/22\/2023\/12\/logo-nacional.png","contentUrl":"https:\/\/noticiasya.com\/wp-content\/uploads\/sites\/22\/2023\/12\/logo-nacional.png","width":1801,"height":691,"caption":"Noticias"},"image":{"@id":"https:\/\/noticiasya.com\/#\/schema\/logo\/image\/"}}]}},"parsely":{"version":"1.1.0","canonical_url":"https:\/\/noticiasya.com\/midland-odessa\/2025\/12\/05\/venezuela-colombia-frontera-protesta-vuelos-crisis-orix\/","smart_links":{"inbound":0,"outbound":0},"traffic_boost_suggestions_count":0,"meta":{"@context":"https:\/\/schema.org","@type":"NewsArticle","headline":"Protesta en la frontera entre Colombia y Venezuela amenaza con cortar una de las pocas v\u00edas de acceso","url":"http:\/\/noticiasya.com\/midland-odessa\/2025\/12\/05\/venezuela-colombia-frontera-protesta-vuelos-crisis-orix\/","mainEntityOfPage":{"@type":"WebPage","@id":"http:\/\/noticiasya.com\/midland-odessa\/2025\/12\/05\/venezuela-colombia-frontera-protesta-vuelos-crisis-orix\/"},"thumbnailUrl":"","image":{"@type":"ImageObject","url":""},"articleSection":"Noticias Nacionales","author":[],"creator":[],"publisher":{"@type":"Organization","name":"Noticias","logo":""},"keywords":[],"dateCreated":"2025-12-05T16:03:49Z","datePublished":"2025-12-05T16:03:49Z","dateModified":"2025-12-05T16:03:49Z"},"rendered":"<script type=\"application\/ld+json\" class=\"wp-parsely-metadata\">{\"@context\":\"https:\\\/\\\/schema.org\",\"@type\":\"NewsArticle\",\"headline\":\"Protesta en la frontera entre Colombia y Venezuela amenaza con cortar una de las pocas v\\u00edas de acceso\",\"url\":\"http:\\\/\\\/noticiasya.com\\\/midland-odessa\\\/2025\\\/12\\\/05\\\/venezuela-colombia-frontera-protesta-vuelos-crisis-orix\\\/\",\"mainEntityOfPage\":{\"@type\":\"WebPage\",\"@id\":\"http:\\\/\\\/noticiasya.com\\\/midland-odessa\\\/2025\\\/12\\\/05\\\/venezuela-colombia-frontera-protesta-vuelos-crisis-orix\\\/\"},\"thumbnailUrl\":\"\",\"image\":{\"@type\":\"ImageObject\",\"url\":\"\"},\"articleSection\":\"Noticias Nacionales\",\"author\":[],\"creator\":[],\"publisher\":{\"@type\":\"Organization\",\"name\":\"Noticias\",\"logo\":\"\"},\"keywords\":[],\"dateCreated\":\"2025-12-05T16:03:49Z\",\"datePublished\":\"2025-12-05T16:03:49Z\",\"dateModified\":\"2025-12-05T16:03:49Z\"}<\/script>","tracker_url":"https:\/\/cdn.parsely.com\/keys\/noticiasya.com\/p.js"},"jetpack_featured_media_url":"","jetpack-related-posts":[{"id":1451025,"url":"https:\/\/noticiasya.com\/midland-odessa\/2024\/07\/10\/peru-protesta-declaracion-funcionario-colombiano-isla-orix\/","url_meta":{"origin":1469003,"position":0},"title":"El Gobierno de Per\u00fa protesta por declaraci\u00f3n de funcionario colombiano de que la isla Santa Rosa no es peruana","author":"","date":"julio 10, 2024","format":false,"excerpt":"(CNN Espa\u00f1ol) -- El Ministerio de Relaciones Exteriores de Per\u00fa convoc\u00f3 al encargado de negocios de Colombia para entregarle una nota de protesta en la que \u201creafirm\u00f3 los derechos de soberan\u00eda y jurisdicci\u00f3n sobre la isla Santa Rosa y manifest\u00f3 su protesta por las expresiones formuladas\u201d por un funcionario colombiano,\u2026","rel":"","context":"In &quot;Noticias Nacionales&quot;","block_context":{"text":"Noticias Nacionales","link":"https:\/\/noticiasya.com\/midland-odessa\/categoria\/noticias-nacionales"},"img":{"alt_text":"","src":"","width":0,"height":0},"classes":[]},{"id":1457475,"url":"https:\/\/noticiasya.com\/midland-odessa\/2025\/01\/13\/reabre-frontera-colombia-efe\/","url_meta":{"origin":1469003,"position":1},"title":"Venezuela reabre la frontera con Colombia tres d\u00edas despu\u00e9s del cierre por la investidura","author":"","date":"enero 13, 2025","format":false,"excerpt":"El gobernador del estado venezolano de T\u00e1chira, el chavista Freddy Bernal, anunci\u00f3 este lunes la reapertura de la frontera terrestre con Colombia, tras el cierre el pasado viernes por \u2014dijo entonces\u2014 informaciones de una supuesta \u201cconspiraci\u00f3n internacional\u201d, en paralelo a la ceremonia de la cuestionada toma de posesi\u00f3n presidencial, en\u2026","rel":"","context":"In &quot;Noticias Nacionales&quot;","block_context":{"text":"Noticias Nacionales","link":"https:\/\/noticiasya.com\/midland-odessa\/categoria\/noticias-nacionales"},"img":{"alt_text":"","src":"","width":0,"height":0},"classes":[]},{"id":1465955,"url":"https:\/\/noticiasya.com\/midland-odessa\/2025\/08\/28\/petro-presencia-militar-colombia-venezuela-orix\/","url_meta":{"origin":1469003,"position":2},"title":"Petro refuerza presencia militar en parte de la frontera entre Colombia y Venezuela para reducir &#171;al m\u00e1ximo&#187; a los criminales","author":"","date":"agosto 28, 2025","format":false,"excerpt":"El presidente de Colombia, Gustavo Petro, orden\u00f3 este jueves reforzar la presencia militar en una parte de la frontera de su pa\u00eds con Venezuela como una medida para \u201creducir al m\u00e1ximo las fuerzas de la mafia\u201d.La orden implica que el Ej\u00e9rcito de Colombia aumente el n\u00famero de soldados para combatir\u2026","rel":"","context":"In &quot;Noticias Nacionales&quot;","block_context":{"text":"Noticias Nacionales","link":"https:\/\/noticiasya.com\/midland-odessa\/categoria\/noticias-nacionales"},"img":{"alt_text":"","src":"","width":0,"height":0},"classes":[]},{"id":1468304,"url":"https:\/\/noticiasya.com\/midland-odessa\/2025\/11\/13\/venezuela-frontera-colombia-brasil-guyana-orix\/","url_meta":{"origin":1469003,"position":3},"title":"Venezuela limita con tres pa\u00edses: esto podr\u00eda pasar con cada una de esas fronteras en caso de un ataque de EE.UU.","author":"","date":"noviembre 13, 2025","format":false,"excerpt":"Venezuela est\u00e1 en el centro de una escalada de tesiones con Estados Unidos, que en los \u00faltimos meses despleg\u00f3 en el Caribe buques de guerra, soldados y aviones de combate mientras milicias se expanden en territorio venezolano.La flota estadounidense desplegada, la m\u00e1s grande desde la invasi\u00f3n de Granada en 1989,\u2026","rel":"","context":"In &quot;Noticias Nacionales&quot;","block_context":{"text":"Noticias Nacionales","link":"https:\/\/noticiasya.com\/midland-odessa\/categoria\/noticias-nacionales"},"img":{"alt_text":"","src":"","width":0,"height":0},"classes":[]},{"id":1468880,"url":"https:\/\/noticiasya.com\/midland-odessa\/2025\/12\/02\/colombia-cucuta-frontera-venezuela-crisis-aerea-orix\/","url_meta":{"origin":1469003,"position":4},"title":"Con la crisis a\u00e9rea, la frontera con Colombia se convierte en una de las pocas puertas de entrada y salida a Venezuela","author":"","date":"diciembre 2, 2025","format":false,"excerpt":"En medio de la tensi\u00f3n en el Caribe, muchas personas que ten\u00edan boletos comprados para viajar en avi\u00f3n de Colombia a Venezuela tuvieron que cambiar sus planes y moverse por tierra hasta la ciudad fronteriza de C\u00facuta, en el noreste del pa\u00eds.Este fin de semana, Donald Trump advirti\u00f3 en su\u2026","rel":"","context":"In &quot;Noticias Nacionales&quot;","block_context":{"text":"Noticias Nacionales","link":"https:\/\/noticiasya.com\/midland-odessa\/categoria\/noticias-nacionales"},"img":{"alt_text":"","src":"","width":0,"height":0},"classes":[]},{"id":1451043,"url":"https:\/\/noticiasya.com\/midland-odessa\/2024\/07\/11\/panama-pasos-darien-protesta-colombia-orix\/","url_meta":{"origin":1469003,"position":5},"title":"Panam\u00e1 despliega patrullaje en el mar Caribe y cierra m\u00e1s pasos en el Dari\u00e9n a pesar de protesta de Colombia","author":"","date":"julio 11, 2024","format":false,"excerpt":"(CNN en Espa\u00f1ol) -- El ministro de Seguridad Publica de Panam\u00e1, Frank \u00c1brego, inform\u00f3 a trav\u00e9s de un comunicado que se cerraron entre cuatro y cinco pasos de la frontera con Colombia en la zona del Dari\u00e9n.\u00c1brego dijo que los sitios que se han cerrado son por donde ingresaban migrantes\u2026","rel":"","context":"In &quot;Noticias Nacionales&quot;","block_context":{"text":"Noticias Nacionales","link":"https:\/\/noticiasya.com\/midland-odessa\/categoria\/noticias-nacionales"},"img":{"alt_text":"","src":"","width":0,"height":0},"classes":[]}],"jetpack_sharing_enabled":true,"_links":{"self":[{"href":"https:\/\/noticiasya.com\/midland-odessa\/wp-json\/wp\/v2\/posts\/1469003","targetHints":{"allow":["GET"]}}],"collection":[{"href":"https:\/\/noticiasya.com\/midland-odessa\/wp-json\/wp\/v2\/posts"}],"about":[{"href":"https:\/\/noticiasya.com\/midland-odessa\/wp-json\/wp\/v2\/types\/post"}],"replies":[{"embeddable":true,"href":"https:\/\/noticiasya.com\/midland-odessa\/wp-json\/wp\/v2\/comments?post=1469003"}],"version-history":[{"count":0,"href":"https:\/\/noticiasya.com\/midland-odessa\/wp-json\/wp\/v2\/posts\/1469003\/revisions"}],"wp:attachment":[{"href":"https:\/\/noticiasya.com\/midland-odessa\/wp-json\/wp\/v2\/media?parent=1469003"}],"wp:term":[{"taxonomy":"category","embeddable":true,"href":"https:\/\/noticiasya.com\/midland-odessa\/wp-json\/wp\/v2\/categories?post=1469003"},{"taxonomy":"post_tag","embeddable":true,"href":"https:\/\/noticiasya.com\/midland-odessa\/wp-json\/wp\/v2\/tags?post=1469003"}],"curies":[{"name":"wp","href":"https:\/\/api.w.org\/{rel}","templated":true}]}}