{"id":1469005,"date":"2025-12-05T09:03:52","date_gmt":"2025-12-05T17:03:52","guid":{"rendered":"https:\/\/noticiasya.com\/2025\/12\/05\/honduras-juan-orlando-hernandez-orden-captura-orix\/"},"modified":"2025-12-05T09:03:52","modified_gmt":"2025-12-05T17:03:52","slug":"honduras-juan-orlando-hernandez-orden-captura-orix","status":"publish","type":"post","link":"https:\/\/noticiasya.com\/midland-odessa\/2025\/12\/05\/honduras-juan-orlando-hernandez-orden-captura-orix\/","title":{"rendered":"Juan Orlando Hern\u00e1ndez tiene una orden de captura pendiente en Honduras, dice un funcionario"},"content":{"rendered":"<p>Juan Orlando Hern\u00e1ndez, el expresidente de Honduras indultado por Donald Trump, tiene una orden de captura pendiente en su pa\u00eds natal, le dijo a CNN el director de la Unidad Especializada contra Delitos de Corrupci\u00f3n hondure\u00f1a, Luis Santos.<\/p>\n<p>Explica este funcionario que Hern\u00e1ndez \u201ctiene un proceso abierto en la Corte Suprema de Justicia por el delito de lavado de activos y fraude\u201d, y de all\u00ed se desprende la orden de captura, que \u201cest\u00e1 en poder de la Secretar\u00eda de Seguridad y tambi\u00e9n de Interpol desde septiembre de 2023\u201d.<\/p>\n<p>Consultado por CNN, Renato Stabile, abogado de Hern\u00e1ndez, dijo que no puede \u201cconfirmar\u201d la existencia de dicha orden de captura. \u201cTengo entendido informalmente que se presentaron cargos contra \u00e9l en Honduras, pero el juez a\u00fan no ha emitido una orden de arresto\u201d, detall\u00f3 Stabile. Hern\u00e1ndez ha reiterado en varias ocasiones su inocencia.<\/p>\n<p>Hern\u00e1ndez, que gobern\u00f3 Honduras entre 2014 y 2022, estaba bajo custodia en la Penitenciar\u00eda de Hazelton, West Virginia, tras ser juzgado y condenado por una corte federal en Nueva York, en 2024, a 45 a\u00f1os de prisi\u00f3n por narcotr\u00e1fico. Este lunes, el presidente Trump le concedi\u00f3 un indulto total e incondicional. El mandatario ya hab\u00eda anunciado que tomar\u00eda esa medida el viernes pasado, apenas dos d\u00edas antes de las elecciones presidenciales de Honduras. Trump argument\u00f3 que el pa\u00eds centroamericano se lo hab\u00eda pedido y que la condena de Hern\u00e1ndez \u201cfue un montaje del Gobierno de Biden\u201d. La promesa de indulto gener\u00f3 pol\u00e9mica en Estados Unidos y Honduras.<\/p>\n<p>Tras ser liberado, Hern\u00e1ndez <a href=\"https:\/\/cnnespanol.cnn.com\/2025\/12\/03\/latinoamerica\/honduras-juan-hernandez-agradece-trump-indulto-trax\">agradeci\u00f3<\/a> a Trump el indulto y prometi\u00f3 al pueblo de Honduras que \u201cseguir\u00eda defendiendo todo lo que construimos juntos\u201d, pero no dijo si ten\u00eda planes de regresar al pa\u00eds. <a href=\"https:\/\/x.com\/JuanOrlandoH\">Se espera<\/a> que este viernes publicara un mensaje en su cuenta de X.<\/p>\n<p>Santos dijo que, si Hern\u00e1ndez decide no regresar al pa\u00eds, presentar\u00e1n una solicitud de extradici\u00f3n a Estados Unidos para que lo env\u00eden a Honduras.<\/p>\n<p>Hern\u00e1ndez hab\u00eda sido considerado por los fiscales estadounidenses como el eje de una conspiraci\u00f3n que movi\u00f3 m\u00e1s de 400 toneladas de coca\u00edna hacia Estados Unidos.<\/p>\n<p>En un <a href=\"https:\/\/cnnespanol.cnn.com\/2025\/12\/02\/latinoamerica\/causas-juan-orlando-hernandez-indulto-orix\">comunicado<\/a> tras la sentencia, en marzo de 2024, el Departamento de Justicia (DOJ) de EE.UU. dijo que, durante sus a\u00f1os en el cargo, \u201cprotegi\u00f3 y enriqueci\u00f3 a los narcotraficantes de su c\u00edrculo \u00edntimo\u201d.<\/p>\n<p>\u201cComo presidente de Honduras, Juan Orlando Hern\u00e1ndez abus\u00f3 de su poder para apoyar una de las conspiraciones de narcotr\u00e1fico m\u00e1s grandes y violentas del mundo, y los pueblos de Honduras y Estados Unidos sufrieron las consecuencias\u201d, dijo el entonces secretario de Justicia, Merrick B. Garland, y sostuvo que Hern\u00e1ndez \u201cfinanci\u00f3 su carrera pol\u00edtica con ganancias del narcotr\u00e1fico y abus\u00f3 de su autoridad como presidente de Honduras para traficar cientos de toneladas de coca\u00edna hacia Estados Unidos\u201d<\/p>\n<p>Seg\u00fan documentos judiciales citados en el comunicado, Hern\u00e1ndez \u201cabus\u00f3 de sus poderosos cargos y de su autoridad en Honduras para facilitar la importaci\u00f3n de m\u00e1s de 400 toneladas de coca\u00edna\u201d a Estados Unidos.  \u201cHern\u00e1ndez recibi\u00f3 millones de d\u00f3lares en dinero del narcotr\u00e1fico de algunas de las organizaciones m\u00e1s grandes y violentas de Honduras, M\u00e9xico y otros lugares, y us\u00f3 esos sobornos para impulsar su ascenso en la pol\u00edtica hondure\u00f1a\u201d, aseguraron los fiscales, entre muchos otros detalles sobre la acusaci\u00f3n.<\/p>\n<p>En junio de 2024, Hern\u00e1ndez fue sentenciado en EE.UU. a 540 meses de prisi\u00f3n y 60 meses de libertad supervisada por la importaci\u00f3n de coca\u00edna y delitos relacionados con armas. El exmandatario hondure\u00f1o ha negado los cargos en su contra y, durante su sentencia, insisti\u00f3 en que es inocente y que fue \u201cacusado incorrecta e injustamente\u201d.<\/p>\n<p>The-CNN-Wire<br \/>&trade; &amp; &copy; 2025 Cable News Network, Inc., a Warner Bros. Discovery Company. All rights reserved.<\/p>\n","protected":false},"excerpt":{"rendered":"<p>Juan Orlando Hern\u00e1ndez, el expresidente de Honduras indultado por Donald Trump, tiene una orden de captura pendiente en su pa\u00eds natal, le dijo a CNN el director de la Unidad Especializada contra Delitos de Corrupci\u00f3n hondure\u00f1a, Luis Santos. Explica este funcionario que Hern\u00e1ndez \u201ctiene un proceso abierto en la Corte Suprema de Justicia por el [&hellip;]<\/p>\n","protected":false},"author":0,"featured_media":0,"comment_status":"open","ping_status":"open","sticky":false,"template":"","format":"standard","meta":{"_jetpack_memberships_contains_paid_content":false,"footnotes":""},"categories":[10],"tags":[],"class_list":["post-1469005","post","type-post","status-publish","format-standard","hentry","category-noticias-nacionales","market-global"],"yoast_head":"<!-- This site is optimized with the Yoast SEO plugin v24.4 - https:\/\/yoast.com\/wordpress\/plugins\/seo\/ -->\n<title>Juan Orlando Hern\u00e1ndez tiene una orden de captura pendiente en Honduras, dice un funcionario - Noticias<\/title>\n<meta name=\"robots\" content=\"index, follow, max-snippet:-1, max-image-preview:large, max-video-preview:-1\" \/>\n<link rel=\"canonical\" href=\"https:\/\/noticiasya.com\/2025\/12\/05\/honduras-juan-orlando-hernandez-orden-captura-orix\/\" \/>\n<meta property=\"og:locale\" content=\"es_ES\" \/>\n<meta property=\"og:type\" content=\"article\" \/>\n<meta property=\"og:title\" content=\"Juan Orlando Hern\u00e1ndez tiene una orden de captura pendiente en Honduras, dice un funcionario - Noticias\" \/>\n<meta property=\"og:description\" content=\"Juan Orlando Hern\u00e1ndez, el expresidente de Honduras indultado por Donald Trump, tiene una orden de captura pendiente en su pa\u00eds natal, le dijo a CNN el director de la Unidad Especializada contra Delitos de Corrupci\u00f3n hondure\u00f1a, Luis Santos. Explica este funcionario que Hern\u00e1ndez \u201ctiene un proceso abierto en la Corte Suprema de Justicia por el [&hellip;]\" \/>\n<meta property=\"og:url\" content=\"https:\/\/noticiasya.com\/2025\/12\/05\/honduras-juan-orlando-hernandez-orden-captura-orix\/\" \/>\n<meta property=\"og:site_name\" content=\"Noticias\" \/>\n<meta property=\"article:published_time\" content=\"2025-12-05T17:03:52+00:00\" \/>\n<meta name=\"twitter:card\" content=\"summary_large_image\" \/>\n<meta name=\"twitter:label1\" content=\"Est. reading time\" \/>\n\t<meta name=\"twitter:data1\" content=\"3 minutos\" \/>\n<script type=\"application\/ld+json\" class=\"yoast-schema-graph\">{\"@context\":\"https:\/\/schema.org\",\"@graph\":[{\"@type\":\"Article\",\"@id\":\"https:\/\/noticiasya.com\/2025\/12\/05\/honduras-juan-orlando-hernandez-orden-captura-orix\/#article\",\"isPartOf\":{\"@id\":\"https:\/\/noticiasya.com\/2025\/12\/05\/honduras-juan-orlando-hernandez-orden-captura-orix\/\"},\"author\":{\"name\":\"\",\"@id\":\"\"},\"headline\":\"Juan Orlando Hern\u00e1ndez tiene una orden de captura pendiente en Honduras, dice un funcionario\",\"datePublished\":\"2025-12-05T17:03:52+00:00\",\"mainEntityOfPage\":{\"@id\":\"https:\/\/noticiasya.com\/2025\/12\/05\/honduras-juan-orlando-hernandez-orden-captura-orix\/\"},\"wordCount\":673,\"commentCount\":0,\"publisher\":{\"@id\":\"https:\/\/noticiasya.com\/#organization\"},\"articleSection\":[\"Noticias Nacionales\"],\"inLanguage\":\"es\",\"potentialAction\":[{\"@type\":\"CommentAction\",\"name\":\"Comment\",\"target\":[\"https:\/\/noticiasya.com\/2025\/12\/05\/honduras-juan-orlando-hernandez-orden-captura-orix\/#respond\"]}]},{\"@type\":\"WebPage\",\"@id\":\"https:\/\/noticiasya.com\/2025\/12\/05\/honduras-juan-orlando-hernandez-orden-captura-orix\/\",\"url\":\"https:\/\/noticiasya.com\/2025\/12\/05\/honduras-juan-orlando-hernandez-orden-captura-orix\/\",\"name\":\"Juan Orlando Hern\u00e1ndez tiene una orden de captura pendiente en Honduras, dice un funcionario - Noticias\",\"isPartOf\":{\"@id\":\"https:\/\/noticiasya.com\/#website\"},\"datePublished\":\"2025-12-05T17:03:52+00:00\",\"breadcrumb\":{\"@id\":\"https:\/\/noticiasya.com\/2025\/12\/05\/honduras-juan-orlando-hernandez-orden-captura-orix\/#breadcrumb\"},\"inLanguage\":\"es\",\"potentialAction\":[{\"@type\":\"ReadAction\",\"target\":[\"https:\/\/noticiasya.com\/2025\/12\/05\/honduras-juan-orlando-hernandez-orden-captura-orix\/\"]}]},{\"@type\":\"BreadcrumbList\",\"@id\":\"https:\/\/noticiasya.com\/2025\/12\/05\/honduras-juan-orlando-hernandez-orden-captura-orix\/#breadcrumb\",\"itemListElement\":[{\"@type\":\"ListItem\",\"position\":1,\"name\":\"Home\",\"item\":\"https:\/\/noticiasya.com\/\"},{\"@type\":\"ListItem\",\"position\":2,\"name\":\"Juan Orlando Hern\u00e1ndez tiene una orden de captura pendiente en Honduras, dice un funcionario\"}]},{\"@type\":\"WebSite\",\"@id\":\"https:\/\/noticiasya.com\/#website\",\"url\":\"https:\/\/noticiasya.com\/\",\"name\":\"Noticias\",\"description\":\"Lo que importa\",\"publisher\":{\"@id\":\"https:\/\/noticiasya.com\/#organization\"},\"potentialAction\":[{\"@type\":\"SearchAction\",\"target\":{\"@type\":\"EntryPoint\",\"urlTemplate\":\"https:\/\/noticiasya.com\/?s={search_term_string}\"},\"query-input\":{\"@type\":\"PropertyValueSpecification\",\"valueRequired\":true,\"valueName\":\"search_term_string\"}}],\"inLanguage\":\"es\"},{\"@type\":\"Organization\",\"@id\":\"https:\/\/noticiasya.com\/#organization\",\"name\":\"Noticias\",\"url\":\"https:\/\/noticiasya.com\/\",\"logo\":{\"@type\":\"ImageObject\",\"inLanguage\":\"es\",\"@id\":\"https:\/\/noticiasya.com\/#\/schema\/logo\/image\/\",\"url\":\"https:\/\/noticiasya.com\/wp-content\/uploads\/sites\/22\/2023\/12\/logo-nacional.png\",\"contentUrl\":\"https:\/\/noticiasya.com\/wp-content\/uploads\/sites\/22\/2023\/12\/logo-nacional.png\",\"width\":1801,\"height\":691,\"caption\":\"Noticias\"},\"image\":{\"@id\":\"https:\/\/noticiasya.com\/#\/schema\/logo\/image\/\"}}]}<\/script>\n<!-- \/ Yoast SEO plugin. -->","yoast_head_json":{"title":"Juan Orlando Hern\u00e1ndez tiene una orden de captura pendiente en Honduras, dice un funcionario - Noticias","robots":{"index":"index","follow":"follow","max-snippet":"max-snippet:-1","max-image-preview":"max-image-preview:large","max-video-preview":"max-video-preview:-1"},"canonical":"https:\/\/noticiasya.com\/2025\/12\/05\/honduras-juan-orlando-hernandez-orden-captura-orix\/","og_locale":"es_ES","og_type":"article","og_title":"Juan Orlando Hern\u00e1ndez tiene una orden de captura pendiente en Honduras, dice un funcionario - Noticias","og_description":"Juan Orlando Hern\u00e1ndez, el expresidente de Honduras indultado por Donald Trump, tiene una orden de captura pendiente en su pa\u00eds natal, le dijo a CNN el director de la Unidad Especializada contra Delitos de Corrupci\u00f3n hondure\u00f1a, Luis Santos. Explica este funcionario que Hern\u00e1ndez \u201ctiene un proceso abierto en la Corte Suprema de Justicia por el [&hellip;]","og_url":"https:\/\/noticiasya.com\/2025\/12\/05\/honduras-juan-orlando-hernandez-orden-captura-orix\/","og_site_name":"Noticias","article_published_time":"2025-12-05T17:03:52+00:00","twitter_card":"summary_large_image","twitter_misc":{"Est. reading time":"3 minutos"},"schema":{"@context":"https:\/\/schema.org","@graph":[{"@type":"Article","@id":"https:\/\/noticiasya.com\/2025\/12\/05\/honduras-juan-orlando-hernandez-orden-captura-orix\/#article","isPartOf":{"@id":"https:\/\/noticiasya.com\/2025\/12\/05\/honduras-juan-orlando-hernandez-orden-captura-orix\/"},"author":{"name":"","@id":""},"headline":"Juan Orlando Hern\u00e1ndez tiene una orden de captura pendiente en Honduras, dice un funcionario","datePublished":"2025-12-05T17:03:52+00:00","mainEntityOfPage":{"@id":"https:\/\/noticiasya.com\/2025\/12\/05\/honduras-juan-orlando-hernandez-orden-captura-orix\/"},"wordCount":673,"commentCount":0,"publisher":{"@id":"https:\/\/noticiasya.com\/#organization"},"articleSection":["Noticias Nacionales"],"inLanguage":"es","potentialAction":[{"@type":"CommentAction","name":"Comment","target":["https:\/\/noticiasya.com\/2025\/12\/05\/honduras-juan-orlando-hernandez-orden-captura-orix\/#respond"]}]},{"@type":"WebPage","@id":"https:\/\/noticiasya.com\/2025\/12\/05\/honduras-juan-orlando-hernandez-orden-captura-orix\/","url":"https:\/\/noticiasya.com\/2025\/12\/05\/honduras-juan-orlando-hernandez-orden-captura-orix\/","name":"Juan Orlando Hern\u00e1ndez tiene una orden de captura pendiente en Honduras, dice un funcionario - Noticias","isPartOf":{"@id":"https:\/\/noticiasya.com\/#website"},"datePublished":"2025-12-05T17:03:52+00:00","breadcrumb":{"@id":"https:\/\/noticiasya.com\/2025\/12\/05\/honduras-juan-orlando-hernandez-orden-captura-orix\/#breadcrumb"},"inLanguage":"es","potentialAction":[{"@type":"ReadAction","target":["https:\/\/noticiasya.com\/2025\/12\/05\/honduras-juan-orlando-hernandez-orden-captura-orix\/"]}]},{"@type":"BreadcrumbList","@id":"https:\/\/noticiasya.com\/2025\/12\/05\/honduras-juan-orlando-hernandez-orden-captura-orix\/#breadcrumb","itemListElement":[{"@type":"ListItem","position":1,"name":"Home","item":"https:\/\/noticiasya.com\/"},{"@type":"ListItem","position":2,"name":"Juan Orlando Hern\u00e1ndez tiene una orden de captura pendiente en Honduras, dice un funcionario"}]},{"@type":"WebSite","@id":"https:\/\/noticiasya.com\/#website","url":"https:\/\/noticiasya.com\/","name":"Noticias","description":"Lo que importa","publisher":{"@id":"https:\/\/noticiasya.com\/#organization"},"potentialAction":[{"@type":"SearchAction","target":{"@type":"EntryPoint","urlTemplate":"https:\/\/noticiasya.com\/?s={search_term_string}"},"query-input":{"@type":"PropertyValueSpecification","valueRequired":true,"valueName":"search_term_string"}}],"inLanguage":"es"},{"@type":"Organization","@id":"https:\/\/noticiasya.com\/#organization","name":"Noticias","url":"https:\/\/noticiasya.com\/","logo":{"@type":"ImageObject","inLanguage":"es","@id":"https:\/\/noticiasya.com\/#\/schema\/logo\/image\/","url":"https:\/\/noticiasya.com\/wp-content\/uploads\/sites\/22\/2023\/12\/logo-nacional.png","contentUrl":"https:\/\/noticiasya.com\/wp-content\/uploads\/sites\/22\/2023\/12\/logo-nacional.png","width":1801,"height":691,"caption":"Noticias"},"image":{"@id":"https:\/\/noticiasya.com\/#\/schema\/logo\/image\/"}}]}},"parsely":{"version":"1.1.0","canonical_url":"https:\/\/noticiasya.com\/midland-odessa\/2025\/12\/05\/honduras-juan-orlando-hernandez-orden-captura-orix\/","smart_links":{"inbound":0,"outbound":0},"traffic_boost_suggestions_count":0,"meta":{"@context":"https:\/\/schema.org","@type":"NewsArticle","headline":"Juan Orlando Hern\u00e1ndez tiene una orden de captura pendiente en Honduras, dice un funcionario","url":"http:\/\/noticiasya.com\/midland-odessa\/2025\/12\/05\/honduras-juan-orlando-hernandez-orden-captura-orix\/","mainEntityOfPage":{"@type":"WebPage","@id":"http:\/\/noticiasya.com\/midland-odessa\/2025\/12\/05\/honduras-juan-orlando-hernandez-orden-captura-orix\/"},"thumbnailUrl":"","image":{"@type":"ImageObject","url":""},"articleSection":"Noticias Nacionales","author":[],"creator":[],"publisher":{"@type":"Organization","name":"Noticias","logo":""},"keywords":[],"dateCreated":"2025-12-05T17:03:52Z","datePublished":"2025-12-05T17:03:52Z","dateModified":"2025-12-05T17:03:52Z"},"rendered":"<script type=\"application\/ld+json\" class=\"wp-parsely-metadata\">{\"@context\":\"https:\\\/\\\/schema.org\",\"@type\":\"NewsArticle\",\"headline\":\"Juan Orlando Hern\\u00e1ndez tiene una orden de captura pendiente en Honduras, dice un funcionario\",\"url\":\"http:\\\/\\\/noticiasya.com\\\/midland-odessa\\\/2025\\\/12\\\/05\\\/honduras-juan-orlando-hernandez-orden-captura-orix\\\/\",\"mainEntityOfPage\":{\"@type\":\"WebPage\",\"@id\":\"http:\\\/\\\/noticiasya.com\\\/midland-odessa\\\/2025\\\/12\\\/05\\\/honduras-juan-orlando-hernandez-orden-captura-orix\\\/\"},\"thumbnailUrl\":\"\",\"image\":{\"@type\":\"ImageObject\",\"url\":\"\"},\"articleSection\":\"Noticias Nacionales\",\"author\":[],\"creator\":[],\"publisher\":{\"@type\":\"Organization\",\"name\":\"Noticias\",\"logo\":\"\"},\"keywords\":[],\"dateCreated\":\"2025-12-05T17:03:52Z\",\"datePublished\":\"2025-12-05T17:03:52Z\",\"dateModified\":\"2025-12-05T17:03:52Z\"}<\/script>","tracker_url":"https:\/\/cdn.parsely.com\/keys\/noticiasya.com\/p.js"},"jetpack_featured_media_url":"","jetpack-related-posts":[{"id":1469092,"url":"https:\/\/noticiasya.com\/midland-odessa\/2025\/12\/08\/honduras-orden-captura-internacional-juan-orlando-hernandez-orix\/","url_meta":{"origin":1469005,"position":0},"title":"Honduras se dispone a ejecutar orden de captura internacional contra Juan Orlando Hern\u00e1ndez tras indulto de Trump","author":"","date":"diciembre 8, 2025","format":false,"excerpt":"El fiscal general de Honduras, Johel\u202fZelaya, solicit\u00f3 este lunes a la Agencia T\u00e9cnica de Investigaci\u00f3n Criminal (ATIC) y a organismos internacionales, incluida Interpol, ejecutar una orden de captura internacional contra el expresidente Juan Orlando Hern\u00e1ndez, quien la semana pasada fue indultado por el presidente de Estados Unidos, Donald Trump.\u201cInformo al\u2026","rel":"","context":"In &quot;Noticias Nacionales&quot;","block_context":{"text":"Noticias Nacionales","link":"https:\/\/noticiasya.com\/midland-odessa\/categoria\/noticias-nacionales"},"img":{"alt_text":"","src":"","width":0,"height":0},"classes":[]},{"id":1469305,"url":"https:\/\/noticiasya.com\/midland-odessa\/2025\/12\/16\/honduras-xiomara-castro-juan-orlando-hernandez-denuncia-golpe-orix\/","url_meta":{"origin":1469005,"position":1},"title":"Presidenta de Honduras denuncia que Juan Orlando Hern\u00e1ndez planifica &#171;un golpe&#187; contra su Gobierno; el exmandatario lo niega","author":"","date":"diciembre 16, 2025","format":false,"excerpt":"En medio de la incertidumbre y las protestas en Honduras, tras las elecciones del 30 de noviembre, que a\u00fan no han proclamado a un ganador, la presidenta Xiomara Castro denunci\u00f3 que Juan Orlando Hern\u00e1ndez, el exmandatario indultado por Donald Trump, planea \u201cun golpe\u201d en contra de su Gobierno.\u201cA partir de\u2026","rel":"","context":"In &quot;Noticias Nacionales&quot;","block_context":{"text":"Noticias Nacionales","link":"https:\/\/noticiasya.com\/midland-odessa\/categoria\/noticias-nacionales"},"img":{"alt_text":"","src":"","width":0,"height":0},"classes":[]},{"id":1450711,"url":"https:\/\/noticiasya.com\/midland-odessa\/2024\/06\/26\/juan-orlando-hernandez-expresidente-honduras-aguarda-sentencia-narcotrafico-orix\/","url_meta":{"origin":1469005,"position":2},"title":"El expresidente de Honduras Juan Orlando Hern\u00e1ndez aguarda sentencia por narcotr\u00e1fico. As\u00ed fue el juicio y la acusaci\u00f3n en una corte de EE.UU.","author":"","date":"junio 26, 2024","format":false,"excerpt":"(CNN Espa\u00f1ol) -- Los hondure\u00f1os esperan atentos la condena por narcotr\u00e1fico contra el expresidente Juan Orlando Hern\u00e1ndez en el Tribunal Federal del Distrito Sur de Manhattan este mi\u00e9rcoles, en un hecho pol\u00edtico sin precedentes en la historia del pa\u00eds.Se espera que este mi\u00e9rcoles se conozca cu\u00e1ntos a\u00f1os deber\u00e1 pasar tras\u2026","rel":"","context":"In &quot;Noticias Nacionales&quot;","block_context":{"text":"Noticias Nacionales","link":"https:\/\/noticiasya.com\/midland-odessa\/categoria\/noticias-nacionales"},"img":{"alt_text":"","src":"","width":0,"height":0},"classes":[]},{"id":1468797,"url":"https:\/\/noticiasya.com\/midland-odessa\/2025\/11\/28\/trump-perdon-expresidente-honduras-juan-orlando-hernandez-trax\/","url_meta":{"origin":1469005,"position":3},"title":"Trump dice que conceder\u00e1 un &#171;perd\u00f3n total y completo&#187; al expresidente de Honduras Juan Orlando Hern\u00e1ndez","author":"","date":"noviembre 28, 2025","format":false,"excerpt":"El presidente Donald Trump dijo este viernes que tiene la intenci\u00f3n de conceder un \u201cperd\u00f3n total y completo\u201d al expresidente de Honduras Juan Orlando Hern\u00e1ndez, una medida que borrar\u00eda una importante condena en Estados Unidos por narcotr\u00e1fico para un antiguo aliado estadounidense que actualmente cumple una condena federal de 45\u2026","rel":"","context":"In &quot;Noticias Nacionales&quot;","block_context":{"text":"Noticias Nacionales","link":"https:\/\/noticiasya.com\/midland-odessa\/categoria\/noticias-nacionales"},"img":{"alt_text":"","src":"","width":0,"height":0},"classes":[]},{"id":1444346,"url":"https:\/\/noticiasya.com\/midland-odessa\/2024\/01\/24\/retrasan-juicio-contra-el-expresidente-juan-orlando-hernandez-en-ee-uu-y-comenzara-el-12-de-febrero\/","url_meta":{"origin":1469005,"position":4},"title":"Retrasan juicio contra el expresidente Juan Orlando Hern\u00e1ndez en EE.UU. y comenzar\u00e1 el 12 de febrero","author":"","date":"enero 24, 2024","format":false,"excerpt":"(CNN Espa\u00f1ol) \u2013\u2013 El inicio del juicio en Estados Unidos contra Juan Orlando Hern\u00e1ndez, expresidente de Honduras y acusado de conspiraci\u00f3n para traficar drogas y otros delitos, se pospuso para el pr\u00f3ximo 12 de febrero, dijo a CNN el abogado C\u00e9sar de Castro, asesor legal de Juan Carlos Bonilla Valladares,\u2026","rel":"","context":"In &quot;Noticias Nacionales&quot;","block_context":{"text":"Noticias Nacionales","link":"https:\/\/noticiasya.com\/midland-odessa\/categoria\/noticias-nacionales"},"img":{"alt_text":"","src":"","width":0,"height":0},"classes":[]},{"id":1445849,"url":"https:\/\/noticiasya.com\/midland-odessa\/2024\/02\/21\/juicio-expresidente-honduras-juan-orlando-hernandez-primera-testigo-orix\/","url_meta":{"origin":1469005,"position":5},"title":"Comenz\u00f3 el juicio contra el expresidente de Honduras Juan Orlando Hern\u00e1ndez: los abogados definieron qui\u00e9n ser\u00e1 la primera testigo","author":"","date":"febrero 21, 2024","format":false,"excerpt":"(CNN Espa\u00f1ol) --\u00a0Mientras seleccionaban este martes al jurado del juicio contra Juan Orlando Hern\u00e1ndez, expresidente de Honduras, por cargos de tr\u00e1fico de drogas y uso de armas, el tribunal, la fiscal\u00eda y la defensa del exmandatario definieron qui\u00e9n ser\u00e1 el primer testigo que llevar\u00e1n al estrado. Se trata de una\u2026","rel":"","context":"In &quot;Noticias Nacionales&quot;","block_context":{"text":"Noticias Nacionales","link":"https:\/\/noticiasya.com\/midland-odessa\/categoria\/noticias-nacionales"},"img":{"alt_text":"","src":"","width":0,"height":0},"classes":[]}],"jetpack_sharing_enabled":true,"_links":{"self":[{"href":"https:\/\/noticiasya.com\/midland-odessa\/wp-json\/wp\/v2\/posts\/1469005","targetHints":{"allow":["GET"]}}],"collection":[{"href":"https:\/\/noticiasya.com\/midland-odessa\/wp-json\/wp\/v2\/posts"}],"about":[{"href":"https:\/\/noticiasya.com\/midland-odessa\/wp-json\/wp\/v2\/types\/post"}],"replies":[{"embeddable":true,"href":"https:\/\/noticiasya.com\/midland-odessa\/wp-json\/wp\/v2\/comments?post=1469005"}],"version-history":[{"count":0,"href":"https:\/\/noticiasya.com\/midland-odessa\/wp-json\/wp\/v2\/posts\/1469005\/revisions"}],"wp:attachment":[{"href":"https:\/\/noticiasya.com\/midland-odessa\/wp-json\/wp\/v2\/media?parent=1469005"}],"wp:term":[{"taxonomy":"category","embeddable":true,"href":"https:\/\/noticiasya.com\/midland-odessa\/wp-json\/wp\/v2\/categories?post=1469005"},{"taxonomy":"post_tag","embeddable":true,"href":"https:\/\/noticiasya.com\/midland-odessa\/wp-json\/wp\/v2\/tags?post=1469005"}],"curies":[{"name":"wp","href":"https:\/\/api.w.org\/{rel}","templated":true}]}}