{"id":1469006,"date":"2025-12-05T10:03:49","date_gmt":"2025-12-05T18:03:49","guid":{"rendered":"https:\/\/noticiasya.com\/2025\/12\/05\/trump-premio-fifa-de-la-paz-mundial-trax\/"},"modified":"2025-12-05T10:03:49","modified_gmt":"2025-12-05T18:03:49","slug":"trump-premio-fifa-de-la-paz-mundial-trax","status":"publish","type":"post","link":"https:\/\/noticiasya.com\/midland-odessa\/2025\/12\/05\/trump-premio-fifa-de-la-paz-mundial-trax\/","title":{"rendered":"Trump gana el primer Premio FIFA de la Paz"},"content":{"rendered":"<p>El presidente de EE.UU., Donald Trump, fue galardonado este viernes con el reci\u00e9n creado Premio FIFA de la Paz.<\/p>\n<p>El organismo rector del f\u00fatbol mundial anunci\u00f3 en noviembre que este a\u00f1o entregar\u00eda por primera vez este premio, un nuevo reconocimiento anual a una persona que, seg\u00fan la FIFA, ha llevado a cabo \u201cacciones excepcionales y extraordinarias en favor de la paz y, al hacerlo, ha unido a personas de todo el mundo\u201d.<\/p>\n<p>El proceso de selecci\u00f3n del ganador no est\u00e1 del todo claro.<\/p>\n<p>La FIFA se mantuvo herm\u00e9tica sobre qui\u00e9n recibir\u00eda el premio inaugural, en medio de rumores de que estaba destinado al presidente de Estados Unidos.<\/p>\n<p>Trump recibi\u00f3 el premio en el marco de la ceremonia del sorteo de grupos para el Mundial 2026, en el que est\u00e1n participando los l\u00edderes de Estados Unidos, M\u00e9xico y Canad\u00e1, anfitriones de la copa.<\/p>\n<p>Infantino parece ser un gran admirador de Trump y ambos parecen haber desarrollado una estrecha relaci\u00f3n en la preparaci\u00f3n para el Mundial del pr\u00f3ximo a\u00f1o.<\/p>\n<p>En varias ocasiones, se les ha visto juntos, como en la toma de posesi\u00f3n de Trump y en la cumbre de paz de Sharm el-Sheikh a principios de este a\u00f1o.<\/p>\n<p>Infantino tambi\u00e9n apoy\u00f3 abiertamente la candidatura de Trump para ganar el Premio Nobel de la Paz, que finalmente fue otorgado a <a href=\"https:\/\/cnnespanol.cnn.com\/2025\/10\/10\/mundo\/premio-nobel-paz-maria-corina-machado-lider-opositora-venezolana-trax\">la l\u00edder opositora venezolana Mar\u00eda Corina Machado.<\/a><\/p>\n<p>Un d\u00eda antes del anuncio del premio, Infantino <a href=\"https:\/\/www.instagram.com\/p\/DPlvcWkiO6Y\/?hl=en&#038;img_index=1\">hab\u00eda publicado en Instagram que<\/a> Trump \u201cdefinitivamente\u201d lo merec\u00eda.<\/p>\n<p>No fue casualidad, entonces, que la FIFA haya creado su propio premio de la paz este a\u00f1o y lo entregue en Washington, a pocos minutos de la Casa Blanca.<\/p>\n<p>A varios grupos de derechos humanos les preocupa que Infantino est\u00e9 congraci\u00e1ndose con Trump a costa de la neutralidad pol\u00edtica.<\/p>\n<p>El grupo de defensa FairSquare dijo a CNN Sports que la introducci\u00f3n del premio \u201ces solo el ejemplo m\u00e1s reciente de una grave mala gobernanza en la FIFA y una prueba m\u00e1s de que la organizaci\u00f3n necesita una reforma urgente\u201d.<\/p>\n<p>El director de FairSquare, Nick McGeehan, a\u00f1adi\u00f3: \u201cLa decisi\u00f3n de Gianni Infantino de vincular a la FIFA con el proyecto MAGA de Trump podr\u00eda tener sentido comercial a corto plazo para la FIFA, pero obviamente es muy perjudicial para la integridad y la reputaci\u00f3n del deporte\u201d.<\/p>\n<p>En una conferencia de prensa el mi\u00e9rcoles, la directora de iniciativas globales de Human Rights Watch (HRW), Minky Worden, afirm\u00f3 que su organizaci\u00f3n se hab\u00eda puesto en contacto con la FIFA para comprender mejor el proceso de decisi\u00f3n del premio.<\/p>\n<p>\u201cNo tenemos una respuesta a eso, lo que podr\u00eda inferirse es que no hay proceso, no hay otros nominados, no hubo evaluaci\u00f3n\u201d, declar\u00f3.<\/p>\n<p>CNN Sports se ha puesto en contacto con la FIFA en relaci\u00f3n con el proceso de decisi\u00f3n del Premio FIFA de la Paz, pero a\u00fan no ha recibido respuesta.<\/p>\n<p>En noviembre, la FIFA respondi\u00f3 a las preguntas de CNN sobre la relaci\u00f3n de Infantino con Trump, en medio de la preocupaci\u00f3n de grupos de derechos humanos de que se ha vuelto demasiado cercana para su tranquilidad.<\/p>\n<p>El organismo rector del f\u00fatbol mundial dijo a CNN que es parte de la funci\u00f3n de su presidente mantener buenas relaciones con los l\u00edderes de los pa\u00edses coanfitriones. \u201cDesde la adjudicaci\u00f3n de la Candidatura Conjunta de Canad\u00e1, M\u00e9xico y Estados Unidos para albergar la Copa Mundial de la FIFA 2026, el presidente de la FIFA ha mantenido una s\u00f3lida relaci\u00f3n con el presidente Trump, junto con los l\u00edderes de Canad\u00e1 y M\u00e9xico, pa\u00edses coanfitriones\u201d, declar\u00f3 la FIFA.<\/p>\n<p>\u201cEsto ha dado lugar a una estrecha colaboraci\u00f3n que ha llevado a la formaci\u00f3n del Grupo de Trabajo de la Casa Blanca para la Copa Mundial de la FIFA\u201d.<\/p>\n<p>Ya Trump habi\u00e9ndose llevado el premio, surgen nuevas preguntas sobre la relaci\u00f3n de la FIFA con Trump de cara a la ya controvertida Copa Mundial del pr\u00f3ximo a\u00f1o.<\/p>\n<p>The-CNN-Wire<br \/>&trade; &amp; &copy; 2025 Cable News Network, Inc., a Warner Bros. Discovery Company. All rights reserved.<\/p>\n","protected":false},"excerpt":{"rendered":"<p>El presidente de EE.UU., Donald Trump, fue galardonado este viernes con el reci\u00e9n creado Premio FIFA de la Paz. El organismo rector del f\u00fatbol mundial anunci\u00f3 en noviembre que este a\u00f1o entregar\u00eda por primera vez este premio, un nuevo reconocimiento anual a una persona que, seg\u00fan la FIFA, ha llevado a cabo \u201cacciones excepcionales y [&hellip;]<\/p>\n","protected":false},"author":0,"featured_media":0,"comment_status":"open","ping_status":"open","sticky":false,"template":"","format":"standard","meta":{"_jetpack_memberships_contains_paid_content":false,"footnotes":""},"categories":[10],"tags":[],"class_list":["post-1469006","post","type-post","status-publish","format-standard","hentry","category-noticias-nacionales","market-global"],"yoast_head":"<!-- This site is optimized with the Yoast SEO plugin v24.4 - https:\/\/yoast.com\/wordpress\/plugins\/seo\/ -->\n<title>Trump gana el primer Premio FIFA de la Paz - Noticias<\/title>\n<meta name=\"robots\" content=\"index, follow, max-snippet:-1, max-image-preview:large, max-video-preview:-1\" \/>\n<link rel=\"canonical\" href=\"https:\/\/noticiasya.com\/2025\/12\/05\/trump-premio-fifa-de-la-paz-mundial-trax\/\" \/>\n<meta property=\"og:locale\" content=\"es_ES\" \/>\n<meta property=\"og:type\" content=\"article\" \/>\n<meta property=\"og:title\" content=\"Trump gana el primer Premio FIFA de la Paz - Noticias\" \/>\n<meta property=\"og:description\" content=\"El presidente de EE.UU., Donald Trump, fue galardonado este viernes con el reci\u00e9n creado Premio FIFA de la Paz. El organismo rector del f\u00fatbol mundial anunci\u00f3 en noviembre que este a\u00f1o entregar\u00eda por primera vez este premio, un nuevo reconocimiento anual a una persona que, seg\u00fan la FIFA, ha llevado a cabo \u201cacciones excepcionales y [&hellip;]\" \/>\n<meta property=\"og:url\" content=\"https:\/\/noticiasya.com\/2025\/12\/05\/trump-premio-fifa-de-la-paz-mundial-trax\/\" \/>\n<meta property=\"og:site_name\" content=\"Noticias\" \/>\n<meta property=\"article:published_time\" content=\"2025-12-05T18:03:49+00:00\" \/>\n<meta name=\"twitter:card\" content=\"summary_large_image\" \/>\n<meta name=\"twitter:label1\" content=\"Est. reading time\" \/>\n\t<meta name=\"twitter:data1\" content=\"4 minutos\" \/>\n<script type=\"application\/ld+json\" class=\"yoast-schema-graph\">{\"@context\":\"https:\/\/schema.org\",\"@graph\":[{\"@type\":\"Article\",\"@id\":\"https:\/\/noticiasya.com\/2025\/12\/05\/trump-premio-fifa-de-la-paz-mundial-trax\/#article\",\"isPartOf\":{\"@id\":\"https:\/\/noticiasya.com\/2025\/12\/05\/trump-premio-fifa-de-la-paz-mundial-trax\/\"},\"author\":{\"name\":\"\",\"@id\":\"\"},\"headline\":\"Trump gana el primer Premio FIFA de la Paz\",\"datePublished\":\"2025-12-05T18:03:49+00:00\",\"mainEntityOfPage\":{\"@id\":\"https:\/\/noticiasya.com\/2025\/12\/05\/trump-premio-fifa-de-la-paz-mundial-trax\/\"},\"wordCount\":727,\"commentCount\":0,\"publisher\":{\"@id\":\"https:\/\/noticiasya.com\/#organization\"},\"articleSection\":[\"Noticias Nacionales\"],\"inLanguage\":\"es\",\"potentialAction\":[{\"@type\":\"CommentAction\",\"name\":\"Comment\",\"target\":[\"https:\/\/noticiasya.com\/2025\/12\/05\/trump-premio-fifa-de-la-paz-mundial-trax\/#respond\"]}]},{\"@type\":\"WebPage\",\"@id\":\"https:\/\/noticiasya.com\/2025\/12\/05\/trump-premio-fifa-de-la-paz-mundial-trax\/\",\"url\":\"https:\/\/noticiasya.com\/2025\/12\/05\/trump-premio-fifa-de-la-paz-mundial-trax\/\",\"name\":\"Trump gana el primer Premio FIFA de la Paz - Noticias\",\"isPartOf\":{\"@id\":\"https:\/\/noticiasya.com\/#website\"},\"datePublished\":\"2025-12-05T18:03:49+00:00\",\"breadcrumb\":{\"@id\":\"https:\/\/noticiasya.com\/2025\/12\/05\/trump-premio-fifa-de-la-paz-mundial-trax\/#breadcrumb\"},\"inLanguage\":\"es\",\"potentialAction\":[{\"@type\":\"ReadAction\",\"target\":[\"https:\/\/noticiasya.com\/2025\/12\/05\/trump-premio-fifa-de-la-paz-mundial-trax\/\"]}]},{\"@type\":\"BreadcrumbList\",\"@id\":\"https:\/\/noticiasya.com\/2025\/12\/05\/trump-premio-fifa-de-la-paz-mundial-trax\/#breadcrumb\",\"itemListElement\":[{\"@type\":\"ListItem\",\"position\":1,\"name\":\"Home\",\"item\":\"https:\/\/noticiasya.com\/\"},{\"@type\":\"ListItem\",\"position\":2,\"name\":\"Trump gana el primer Premio FIFA de la Paz\"}]},{\"@type\":\"WebSite\",\"@id\":\"https:\/\/noticiasya.com\/#website\",\"url\":\"https:\/\/noticiasya.com\/\",\"name\":\"Noticias\",\"description\":\"Lo que importa\",\"publisher\":{\"@id\":\"https:\/\/noticiasya.com\/#organization\"},\"potentialAction\":[{\"@type\":\"SearchAction\",\"target\":{\"@type\":\"EntryPoint\",\"urlTemplate\":\"https:\/\/noticiasya.com\/?s={search_term_string}\"},\"query-input\":{\"@type\":\"PropertyValueSpecification\",\"valueRequired\":true,\"valueName\":\"search_term_string\"}}],\"inLanguage\":\"es\"},{\"@type\":\"Organization\",\"@id\":\"https:\/\/noticiasya.com\/#organization\",\"name\":\"Noticias\",\"url\":\"https:\/\/noticiasya.com\/\",\"logo\":{\"@type\":\"ImageObject\",\"inLanguage\":\"es\",\"@id\":\"https:\/\/noticiasya.com\/#\/schema\/logo\/image\/\",\"url\":\"https:\/\/noticiasya.com\/wp-content\/uploads\/sites\/22\/2023\/12\/logo-nacional.png\",\"contentUrl\":\"https:\/\/noticiasya.com\/wp-content\/uploads\/sites\/22\/2023\/12\/logo-nacional.png\",\"width\":1801,\"height\":691,\"caption\":\"Noticias\"},\"image\":{\"@id\":\"https:\/\/noticiasya.com\/#\/schema\/logo\/image\/\"}}]}<\/script>\n<!-- \/ Yoast SEO plugin. -->","yoast_head_json":{"title":"Trump gana el primer Premio FIFA de la Paz - Noticias","robots":{"index":"index","follow":"follow","max-snippet":"max-snippet:-1","max-image-preview":"max-image-preview:large","max-video-preview":"max-video-preview:-1"},"canonical":"https:\/\/noticiasya.com\/2025\/12\/05\/trump-premio-fifa-de-la-paz-mundial-trax\/","og_locale":"es_ES","og_type":"article","og_title":"Trump gana el primer Premio FIFA de la Paz - Noticias","og_description":"El presidente de EE.UU., Donald Trump, fue galardonado este viernes con el reci\u00e9n creado Premio FIFA de la Paz. El organismo rector del f\u00fatbol mundial anunci\u00f3 en noviembre que este a\u00f1o entregar\u00eda por primera vez este premio, un nuevo reconocimiento anual a una persona que, seg\u00fan la FIFA, ha llevado a cabo \u201cacciones excepcionales y [&hellip;]","og_url":"https:\/\/noticiasya.com\/2025\/12\/05\/trump-premio-fifa-de-la-paz-mundial-trax\/","og_site_name":"Noticias","article_published_time":"2025-12-05T18:03:49+00:00","twitter_card":"summary_large_image","twitter_misc":{"Est. reading time":"4 minutos"},"schema":{"@context":"https:\/\/schema.org","@graph":[{"@type":"Article","@id":"https:\/\/noticiasya.com\/2025\/12\/05\/trump-premio-fifa-de-la-paz-mundial-trax\/#article","isPartOf":{"@id":"https:\/\/noticiasya.com\/2025\/12\/05\/trump-premio-fifa-de-la-paz-mundial-trax\/"},"author":{"name":"","@id":""},"headline":"Trump gana el primer Premio FIFA de la Paz","datePublished":"2025-12-05T18:03:49+00:00","mainEntityOfPage":{"@id":"https:\/\/noticiasya.com\/2025\/12\/05\/trump-premio-fifa-de-la-paz-mundial-trax\/"},"wordCount":727,"commentCount":0,"publisher":{"@id":"https:\/\/noticiasya.com\/#organization"},"articleSection":["Noticias Nacionales"],"inLanguage":"es","potentialAction":[{"@type":"CommentAction","name":"Comment","target":["https:\/\/noticiasya.com\/2025\/12\/05\/trump-premio-fifa-de-la-paz-mundial-trax\/#respond"]}]},{"@type":"WebPage","@id":"https:\/\/noticiasya.com\/2025\/12\/05\/trump-premio-fifa-de-la-paz-mundial-trax\/","url":"https:\/\/noticiasya.com\/2025\/12\/05\/trump-premio-fifa-de-la-paz-mundial-trax\/","name":"Trump gana el primer Premio FIFA de la Paz - Noticias","isPartOf":{"@id":"https:\/\/noticiasya.com\/#website"},"datePublished":"2025-12-05T18:03:49+00:00","breadcrumb":{"@id":"https:\/\/noticiasya.com\/2025\/12\/05\/trump-premio-fifa-de-la-paz-mundial-trax\/#breadcrumb"},"inLanguage":"es","potentialAction":[{"@type":"ReadAction","target":["https:\/\/noticiasya.com\/2025\/12\/05\/trump-premio-fifa-de-la-paz-mundial-trax\/"]}]},{"@type":"BreadcrumbList","@id":"https:\/\/noticiasya.com\/2025\/12\/05\/trump-premio-fifa-de-la-paz-mundial-trax\/#breadcrumb","itemListElement":[{"@type":"ListItem","position":1,"name":"Home","item":"https:\/\/noticiasya.com\/"},{"@type":"ListItem","position":2,"name":"Trump gana el primer Premio FIFA de la Paz"}]},{"@type":"WebSite","@id":"https:\/\/noticiasya.com\/#website","url":"https:\/\/noticiasya.com\/","name":"Noticias","description":"Lo que importa","publisher":{"@id":"https:\/\/noticiasya.com\/#organization"},"potentialAction":[{"@type":"SearchAction","target":{"@type":"EntryPoint","urlTemplate":"https:\/\/noticiasya.com\/?s={search_term_string}"},"query-input":{"@type":"PropertyValueSpecification","valueRequired":true,"valueName":"search_term_string"}}],"inLanguage":"es"},{"@type":"Organization","@id":"https:\/\/noticiasya.com\/#organization","name":"Noticias","url":"https:\/\/noticiasya.com\/","logo":{"@type":"ImageObject","inLanguage":"es","@id":"https:\/\/noticiasya.com\/#\/schema\/logo\/image\/","url":"https:\/\/noticiasya.com\/wp-content\/uploads\/sites\/22\/2023\/12\/logo-nacional.png","contentUrl":"https:\/\/noticiasya.com\/wp-content\/uploads\/sites\/22\/2023\/12\/logo-nacional.png","width":1801,"height":691,"caption":"Noticias"},"image":{"@id":"https:\/\/noticiasya.com\/#\/schema\/logo\/image\/"}}]}},"parsely":{"version":"1.1.0","canonical_url":"https:\/\/noticiasya.com\/midland-odessa\/2025\/12\/05\/trump-premio-fifa-de-la-paz-mundial-trax\/","smart_links":{"inbound":0,"outbound":0},"traffic_boost_suggestions_count":0,"meta":{"@context":"https:\/\/schema.org","@type":"NewsArticle","headline":"Trump gana el primer Premio FIFA de la Paz","url":"http:\/\/noticiasya.com\/midland-odessa\/2025\/12\/05\/trump-premio-fifa-de-la-paz-mundial-trax\/","mainEntityOfPage":{"@type":"WebPage","@id":"http:\/\/noticiasya.com\/midland-odessa\/2025\/12\/05\/trump-premio-fifa-de-la-paz-mundial-trax\/"},"thumbnailUrl":"","image":{"@type":"ImageObject","url":""},"articleSection":"Noticias Nacionales","author":[],"creator":[],"publisher":{"@type":"Organization","name":"Noticias","logo":""},"keywords":[],"dateCreated":"2025-12-05T18:03:49Z","datePublished":"2025-12-05T18:03:49Z","dateModified":"2025-12-05T18:03:49Z"},"rendered":"<script type=\"application\/ld+json\" class=\"wp-parsely-metadata\">{\"@context\":\"https:\\\/\\\/schema.org\",\"@type\":\"NewsArticle\",\"headline\":\"Trump gana el primer Premio FIFA de la Paz\",\"url\":\"http:\\\/\\\/noticiasya.com\\\/midland-odessa\\\/2025\\\/12\\\/05\\\/trump-premio-fifa-de-la-paz-mundial-trax\\\/\",\"mainEntityOfPage\":{\"@type\":\"WebPage\",\"@id\":\"http:\\\/\\\/noticiasya.com\\\/midland-odessa\\\/2025\\\/12\\\/05\\\/trump-premio-fifa-de-la-paz-mundial-trax\\\/\"},\"thumbnailUrl\":\"\",\"image\":{\"@type\":\"ImageObject\",\"url\":\"\"},\"articleSection\":\"Noticias Nacionales\",\"author\":[],\"creator\":[],\"publisher\":{\"@type\":\"Organization\",\"name\":\"Noticias\",\"logo\":\"\"},\"keywords\":[],\"dateCreated\":\"2025-12-05T18:03:49Z\",\"datePublished\":\"2025-12-05T18:03:49Z\",\"dateModified\":\"2025-12-05T18:03:49Z\"}<\/script>","tracker_url":"https:\/\/cdn.parsely.com\/keys\/noticiasya.com\/p.js"},"jetpack_featured_media_url":"","jetpack-related-posts":[{"id":1468970,"url":"https:\/\/noticiasya.com\/midland-odessa\/2025\/12\/04\/premio-fifa-paz-trump-trax\/","url_meta":{"origin":1469006,"position":0},"title":"\u00bfQu\u00e9 es el Premio FIFA de la Paz y por qu\u00e9 se espera que Donald Trump gane?","author":"","date":"diciembre 4, 2025","format":false,"excerpt":"Mientras miles de millones de aficionados de todo el mundo sintonizan el sorteo del Mundial el viernes, tambi\u00e9n tendr\u00e1n la oportunidad de ver al presidente de la FIFA, Gianni Infantino, entregar un nuevo y un tanto desconcertante premio.El organismo rector del f\u00fatbol mundial anunci\u00f3 en noviembre que este a\u00f1o se\u2026","rel":"","context":"In &quot;Noticias Nacionales&quot;","block_context":{"text":"Noticias Nacionales","link":"https:\/\/noticiasya.com\/midland-odessa\/categoria\/noticias-nacionales"},"img":{"alt_text":"","src":"","width":0,"height":0},"classes":[]},{"id":1469290,"url":"https:\/\/noticiasya.com\/midland-odessa\/2025\/12\/15\/gala-premios-the-best-2025-fifa-orix\/","url_meta":{"origin":1469006,"position":1},"title":"Gala de los premios The Best 2025 de la FIFA: c\u00f3mo se dar\u00e1 a conocer a los ganadores, horarios y c\u00f3mo ver","author":"","date":"diciembre 15, 2025","format":false,"excerpt":"Por m\u00e1s que la temporada futbol\u00edstica reci\u00e9n est\u00e9 pr\u00f3xima a su ecuador, es momento del \u00faltimo balance del a\u00f1o. La FIFA anunci\u00f3 que este martes revelar\u00e1 los ganadores de los premios The Best, el galard\u00f3n con el que busca emular al Bal\u00f3n de Oro de la revista France Football para\u2026","rel":"","context":"In &quot;Noticias Nacionales&quot;","block_context":{"text":"Noticias Nacionales","link":"https:\/\/noticiasya.com\/midland-odessa\/categoria\/noticias-nacionales"},"img":{"alt_text":"","src":"","width":0,"height":0},"classes":[]},{"id":1469353,"url":"https:\/\/noticiasya.com\/midland-odessa\/2025\/12\/17\/premio-campeon-selecciones-participantes-mundial-2026-orix\/","url_meta":{"origin":1469006,"position":2},"title":"\u00bfCu\u00e1nto dinero recibir\u00e1 el campe\u00f3n del Mundial 2026? FIFA revela una cifra millonaria para el ganador y todas las selecciones","author":"","date":"diciembre 17, 2025","format":false,"excerpt":"La FIFA dio a conocer un monto r\u00e9cord de premios para la Copa Mundial de la FIFA 2026, a llevarse a cabo en Canad\u00e1, Estados Unidos y M\u00e9xico, en medio de varios anuncios que promueven iniciativas para el desarrollo del f\u00fatbol juvenil y la creaci\u00f3n de un fondo de recuperaci\u00f3n\u2026","rel":"","context":"In &quot;Noticias Nacionales&quot;","block_context":{"text":"Noticias Nacionales","link":"https:\/\/noticiasya.com\/midland-odessa\/categoria\/noticias-nacionales"},"img":{"alt_text":"","src":"","width":0,"height":0},"classes":[]},{"id":1467277,"url":"https:\/\/noticiasya.com\/midland-odessa\/2025\/10\/10\/trump-habla-machado-premio-nobel-paz-trax\/","url_meta":{"origin":1469006,"position":3},"title":"Trump habla con Machado despu\u00e9s de que su Gobierno criticara la decisi\u00f3n de otorgarle el Premio Nobel de la Paz","author":"","date":"octubre 10, 2025","format":false,"excerpt":"El presidente de Estados Unidos, Donald Trump, habl\u00f3 este viernes con la opositora venezolana y ganadora del Premio Nobel de la Paz, Mar\u00eda Corina Machado, seg\u00fan inform\u00f3 la Casa Blanca, despu\u00e9s de que el Gobierno de EE.UU. criticara al comit\u00e9 que le otorg\u00f3 el galard\u00f3n.Trump ha manifestado en varias ocasiones\u2026","rel":"","context":"In &quot;Noticias Nacionales&quot;","block_context":{"text":"Noticias Nacionales","link":"https:\/\/noticiasya.com\/midland-odessa\/categoria\/noticias-nacionales"},"img":{"alt_text":"","src":"","width":0,"height":0},"classes":[]},{"id":1472009,"url":"https:\/\/noticiasya.com\/midland-odessa\/2026\/03\/09\/5-cosas-9-marzo-2026-orix\/","url_meta":{"origin":1469006,"position":4},"title":"Las 5 cosas que debes saber este 9 de marzo: Nuevo l\u00edder supremo en Ir\u00e1n, ganadores elecciones en Colombia y m\u00e1s","author":"","date":"marzo 9, 2026","format":false,"excerpt":"Los ganadores y perdedores de las consultas interpartidistas en Colombia. El precio del petr\u00f3leo supera los US$ 100 por barril. \u00bfQu\u00e9 pas\u00f3 en la cumbre de Trump con l\u00edderes de Am\u00e9rica Latina? Esto es lo que debes saber para comenzar el d\u00eda. Primero la verdad.Suscr\u00edbete aqu\u00ed para recibir el newsletter\u2026","rel":"","context":"In &quot;Noticias Nacionales&quot;","block_context":{"text":"Noticias Nacionales","link":"https:\/\/noticiasya.com\/midland-odessa\/categoria\/noticias-nacionales"},"img":{"alt_text":"","src":"","width":0,"height":0},"classes":[]},{"id":1468434,"url":"https:\/\/noticiasya.com\/midland-odessa\/2025\/11\/17\/trump-cita-visa-boletos-mundial-2026-trax\/","url_meta":{"origin":1469006,"position":5},"title":"Trump anuncia citas expr\u00e9s para visas para los poseedores de entradas para el Mundial de 2026","author":"","date":"noviembre 17, 2025","format":false,"excerpt":"El presidente de EE.UU., Donald Trump, anunci\u00f3 este lunes que Estados Unidos dar\u00e1 prioridad a las citas para visas de los viajeros extranjeros con boletos para la Copa Mundial de la FIFA 2026.Trump inst\u00f3 a los visitantes que planean viajar a Estados Unidos para la Copa Mundial a que soliciten\u2026","rel":"","context":"In &quot;Noticias Nacionales&quot;","block_context":{"text":"Noticias Nacionales","link":"https:\/\/noticiasya.com\/midland-odessa\/categoria\/noticias-nacionales"},"img":{"alt_text":"","src":"","width":0,"height":0},"classes":[]}],"jetpack_sharing_enabled":true,"_links":{"self":[{"href":"https:\/\/noticiasya.com\/midland-odessa\/wp-json\/wp\/v2\/posts\/1469006","targetHints":{"allow":["GET"]}}],"collection":[{"href":"https:\/\/noticiasya.com\/midland-odessa\/wp-json\/wp\/v2\/posts"}],"about":[{"href":"https:\/\/noticiasya.com\/midland-odessa\/wp-json\/wp\/v2\/types\/post"}],"replies":[{"embeddable":true,"href":"https:\/\/noticiasya.com\/midland-odessa\/wp-json\/wp\/v2\/comments?post=1469006"}],"version-history":[{"count":0,"href":"https:\/\/noticiasya.com\/midland-odessa\/wp-json\/wp\/v2\/posts\/1469006\/revisions"}],"wp:attachment":[{"href":"https:\/\/noticiasya.com\/midland-odessa\/wp-json\/wp\/v2\/media?parent=1469006"}],"wp:term":[{"taxonomy":"category","embeddable":true,"href":"https:\/\/noticiasya.com\/midland-odessa\/wp-json\/wp\/v2\/categories?post=1469006"},{"taxonomy":"post_tag","embeddable":true,"href":"https:\/\/noticiasya.com\/midland-odessa\/wp-json\/wp\/v2\/tags?post=1469006"}],"curies":[{"name":"wp","href":"https:\/\/api.w.org\/{rel}","templated":true}]}}