{"id":1469007,"date":"2025-12-05T10:03:49","date_gmt":"2025-12-05T18:03:49","guid":{"rendered":"https:\/\/noticiasya.com\/2025\/12\/05\/acusado-bombas-caseras-elecciones-robadas-trax\/"},"modified":"2025-12-05T10:03:49","modified_gmt":"2025-12-05T18:03:49","slug":"acusado-bombas-caseras-elecciones-robadas-trax","status":"publish","type":"post","link":"https:\/\/noticiasya.com\/midland-odessa\/2025\/12\/05\/acusado-bombas-caseras-elecciones-robadas-trax\/","title":{"rendered":"Acusado de colocar bombas caseras en Washington cre\u00eda que las elecciones de 2020 fueron robadas, seg\u00fan fuentes"},"content":{"rendered":"<p>Durante las entrevistas con el FBI, el sospechoso arrestado en el marco de la investigaci\u00f3n por la colocaci\u00f3n de las bombas caseras declar\u00f3 a los investigadores que cre\u00eda que las elecciones de 2020 fueron robadas, lo que quiz\u00e1s sea el primer indicio de un posible motivo de lo sucedido cerca de las sedes del Comit\u00e9 Nacional Dem\u00f3crata y el Comit\u00e9 Nacional Republicano, seg\u00fan informaron personas informadas sobre el asunto.<\/p>\n<p><a href=\"https:\/\/cnnespanol.cnn.com\/2025\/12\/04\/eeuu\/fbi-arresto-atentado-bomba-washington-trax\">El FBI arrest\u00f3 a Brian Cole, de 30 a\u00f1os, el jueves<\/a>, y lo acus\u00f3 de colocar bombas caseras cerca de las sedes del Comit\u00e9 Nacional Republicano y el Comit\u00e9 Nacional Dem\u00f3crata la noche anterior a los disturbios en el Capitolio de Estados Unidos de 2021.<\/p>\n<p>Cole pas\u00f3 horas con los investigadores del FBI e hizo m\u00faltiples declaraciones, seg\u00fan las fuentes. Dan Bongino, subdirector del FBI, declar\u00f3 a Fox News el jueves que el FBI hab\u00eda entrevistado extensamente al sospechoso, pero no dio m\u00e1s detalles.<\/p>\n<p>El FBI y el Departamento de Justicia declinaron hacer comentarios para este art\u00edculo.<\/p>\n<p>El FBI cree que el hombre recopil\u00f3 suministros para fabricar bombas durante meses antes de dejar los artefactos explosivos viables fuera de las oficinas pol\u00edticas.<\/p>\n<p>Cole est\u00e1 acusado de transportar un artefacto explosivo en una  carretera interestatal e intento de destrucci\u00f3n maliciosa mediante fuego y materiales explosivos.<\/p>\n<p>Se espera que comparezca ante el tribunal este viernes por la tarde. A\u00fan no ha presentado una declaraci\u00f3n.<\/p>\n<p>The-CNN-Wire<br \/>&trade; &amp; &copy; 2025 Cable News Network, Inc., a Warner Bros. Discovery Company. All rights reserved.<\/p>\n","protected":false},"excerpt":{"rendered":"<p>Durante las entrevistas con el FBI, el sospechoso arrestado en el marco de la investigaci\u00f3n por la colocaci\u00f3n de las bombas caseras declar\u00f3 a los investigadores que cre\u00eda que las elecciones de 2020 fueron robadas, lo que quiz\u00e1s sea el primer indicio de un posible motivo de lo sucedido cerca de las sedes del Comit\u00e9 [&hellip;]<\/p>\n","protected":false},"author":0,"featured_media":0,"comment_status":"open","ping_status":"open","sticky":false,"template":"","format":"standard","meta":{"_jetpack_memberships_contains_paid_content":false,"footnotes":""},"categories":[10],"tags":[],"class_list":["post-1469007","post","type-post","status-publish","format-standard","hentry","category-noticias-nacionales","market-global"],"yoast_head":"<!-- This site is optimized with the Yoast SEO plugin v24.4 - https:\/\/yoast.com\/wordpress\/plugins\/seo\/ -->\n<title>Acusado de colocar bombas caseras en Washington cre\u00eda que las elecciones de 2020 fueron robadas, seg\u00fan fuentes - Noticias<\/title>\n<meta name=\"robots\" content=\"index, follow, max-snippet:-1, max-image-preview:large, max-video-preview:-1\" \/>\n<link rel=\"canonical\" href=\"https:\/\/noticiasya.com\/2025\/12\/05\/acusado-bombas-caseras-elecciones-robadas-trax\/\" \/>\n<meta property=\"og:locale\" content=\"es_ES\" \/>\n<meta property=\"og:type\" content=\"article\" \/>\n<meta property=\"og:title\" content=\"Acusado de colocar bombas caseras en Washington cre\u00eda que las elecciones de 2020 fueron robadas, seg\u00fan fuentes - Noticias\" \/>\n<meta property=\"og:description\" content=\"Durante las entrevistas con el FBI, el sospechoso arrestado en el marco de la investigaci\u00f3n por la colocaci\u00f3n de las bombas caseras declar\u00f3 a los investigadores que cre\u00eda que las elecciones de 2020 fueron robadas, lo que quiz\u00e1s sea el primer indicio de un posible motivo de lo sucedido cerca de las sedes del Comit\u00e9 [&hellip;]\" \/>\n<meta property=\"og:url\" content=\"https:\/\/noticiasya.com\/2025\/12\/05\/acusado-bombas-caseras-elecciones-robadas-trax\/\" \/>\n<meta property=\"og:site_name\" content=\"Noticias\" \/>\n<meta property=\"article:published_time\" content=\"2025-12-05T18:03:49+00:00\" \/>\n<meta name=\"twitter:card\" content=\"summary_large_image\" \/>\n<meta name=\"twitter:label1\" content=\"Est. reading time\" \/>\n\t<meta name=\"twitter:data1\" content=\"1 minuto\" \/>\n<script type=\"application\/ld+json\" class=\"yoast-schema-graph\">{\"@context\":\"https:\/\/schema.org\",\"@graph\":[{\"@type\":\"Article\",\"@id\":\"https:\/\/noticiasya.com\/2025\/12\/05\/acusado-bombas-caseras-elecciones-robadas-trax\/#article\",\"isPartOf\":{\"@id\":\"https:\/\/noticiasya.com\/2025\/12\/05\/acusado-bombas-caseras-elecciones-robadas-trax\/\"},\"author\":{\"name\":\"\",\"@id\":\"\"},\"headline\":\"Acusado de colocar bombas caseras en Washington cre\u00eda que las elecciones de 2020 fueron robadas, seg\u00fan fuentes\",\"datePublished\":\"2025-12-05T18:03:49+00:00\",\"mainEntityOfPage\":{\"@id\":\"https:\/\/noticiasya.com\/2025\/12\/05\/acusado-bombas-caseras-elecciones-robadas-trax\/\"},\"wordCount\":279,\"commentCount\":0,\"publisher\":{\"@id\":\"https:\/\/noticiasya.com\/#organization\"},\"articleSection\":[\"Noticias Nacionales\"],\"inLanguage\":\"es\",\"potentialAction\":[{\"@type\":\"CommentAction\",\"name\":\"Comment\",\"target\":[\"https:\/\/noticiasya.com\/2025\/12\/05\/acusado-bombas-caseras-elecciones-robadas-trax\/#respond\"]}]},{\"@type\":\"WebPage\",\"@id\":\"https:\/\/noticiasya.com\/2025\/12\/05\/acusado-bombas-caseras-elecciones-robadas-trax\/\",\"url\":\"https:\/\/noticiasya.com\/2025\/12\/05\/acusado-bombas-caseras-elecciones-robadas-trax\/\",\"name\":\"Acusado de colocar bombas caseras en Washington cre\u00eda que las elecciones de 2020 fueron robadas, seg\u00fan fuentes - Noticias\",\"isPartOf\":{\"@id\":\"https:\/\/noticiasya.com\/#website\"},\"datePublished\":\"2025-12-05T18:03:49+00:00\",\"breadcrumb\":{\"@id\":\"https:\/\/noticiasya.com\/2025\/12\/05\/acusado-bombas-caseras-elecciones-robadas-trax\/#breadcrumb\"},\"inLanguage\":\"es\",\"potentialAction\":[{\"@type\":\"ReadAction\",\"target\":[\"https:\/\/noticiasya.com\/2025\/12\/05\/acusado-bombas-caseras-elecciones-robadas-trax\/\"]}]},{\"@type\":\"BreadcrumbList\",\"@id\":\"https:\/\/noticiasya.com\/2025\/12\/05\/acusado-bombas-caseras-elecciones-robadas-trax\/#breadcrumb\",\"itemListElement\":[{\"@type\":\"ListItem\",\"position\":1,\"name\":\"Home\",\"item\":\"https:\/\/noticiasya.com\/\"},{\"@type\":\"ListItem\",\"position\":2,\"name\":\"Acusado de colocar bombas caseras en Washington cre\u00eda que las elecciones de 2020 fueron robadas, seg\u00fan fuentes\"}]},{\"@type\":\"WebSite\",\"@id\":\"https:\/\/noticiasya.com\/#website\",\"url\":\"https:\/\/noticiasya.com\/\",\"name\":\"Noticias\",\"description\":\"Lo que importa\",\"publisher\":{\"@id\":\"https:\/\/noticiasya.com\/#organization\"},\"potentialAction\":[{\"@type\":\"SearchAction\",\"target\":{\"@type\":\"EntryPoint\",\"urlTemplate\":\"https:\/\/noticiasya.com\/?s={search_term_string}\"},\"query-input\":{\"@type\":\"PropertyValueSpecification\",\"valueRequired\":true,\"valueName\":\"search_term_string\"}}],\"inLanguage\":\"es\"},{\"@type\":\"Organization\",\"@id\":\"https:\/\/noticiasya.com\/#organization\",\"name\":\"Noticias\",\"url\":\"https:\/\/noticiasya.com\/\",\"logo\":{\"@type\":\"ImageObject\",\"inLanguage\":\"es\",\"@id\":\"https:\/\/noticiasya.com\/#\/schema\/logo\/image\/\",\"url\":\"https:\/\/noticiasya.com\/wp-content\/uploads\/sites\/22\/2023\/12\/logo-nacional.png\",\"contentUrl\":\"https:\/\/noticiasya.com\/wp-content\/uploads\/sites\/22\/2023\/12\/logo-nacional.png\",\"width\":1801,\"height\":691,\"caption\":\"Noticias\"},\"image\":{\"@id\":\"https:\/\/noticiasya.com\/#\/schema\/logo\/image\/\"}}]}<\/script>\n<!-- \/ Yoast SEO plugin. -->","yoast_head_json":{"title":"Acusado de colocar bombas caseras en Washington cre\u00eda que las elecciones de 2020 fueron robadas, seg\u00fan fuentes - Noticias","robots":{"index":"index","follow":"follow","max-snippet":"max-snippet:-1","max-image-preview":"max-image-preview:large","max-video-preview":"max-video-preview:-1"},"canonical":"https:\/\/noticiasya.com\/2025\/12\/05\/acusado-bombas-caseras-elecciones-robadas-trax\/","og_locale":"es_ES","og_type":"article","og_title":"Acusado de colocar bombas caseras en Washington cre\u00eda que las elecciones de 2020 fueron robadas, seg\u00fan fuentes - Noticias","og_description":"Durante las entrevistas con el FBI, el sospechoso arrestado en el marco de la investigaci\u00f3n por la colocaci\u00f3n de las bombas caseras declar\u00f3 a los investigadores que cre\u00eda que las elecciones de 2020 fueron robadas, lo que quiz\u00e1s sea el primer indicio de un posible motivo de lo sucedido cerca de las sedes del Comit\u00e9 [&hellip;]","og_url":"https:\/\/noticiasya.com\/2025\/12\/05\/acusado-bombas-caseras-elecciones-robadas-trax\/","og_site_name":"Noticias","article_published_time":"2025-12-05T18:03:49+00:00","twitter_card":"summary_large_image","twitter_misc":{"Est. reading time":"1 minuto"},"schema":{"@context":"https:\/\/schema.org","@graph":[{"@type":"Article","@id":"https:\/\/noticiasya.com\/2025\/12\/05\/acusado-bombas-caseras-elecciones-robadas-trax\/#article","isPartOf":{"@id":"https:\/\/noticiasya.com\/2025\/12\/05\/acusado-bombas-caseras-elecciones-robadas-trax\/"},"author":{"name":"","@id":""},"headline":"Acusado de colocar bombas caseras en Washington cre\u00eda que las elecciones de 2020 fueron robadas, seg\u00fan fuentes","datePublished":"2025-12-05T18:03:49+00:00","mainEntityOfPage":{"@id":"https:\/\/noticiasya.com\/2025\/12\/05\/acusado-bombas-caseras-elecciones-robadas-trax\/"},"wordCount":279,"commentCount":0,"publisher":{"@id":"https:\/\/noticiasya.com\/#organization"},"articleSection":["Noticias Nacionales"],"inLanguage":"es","potentialAction":[{"@type":"CommentAction","name":"Comment","target":["https:\/\/noticiasya.com\/2025\/12\/05\/acusado-bombas-caseras-elecciones-robadas-trax\/#respond"]}]},{"@type":"WebPage","@id":"https:\/\/noticiasya.com\/2025\/12\/05\/acusado-bombas-caseras-elecciones-robadas-trax\/","url":"https:\/\/noticiasya.com\/2025\/12\/05\/acusado-bombas-caseras-elecciones-robadas-trax\/","name":"Acusado de colocar bombas caseras en Washington cre\u00eda que las elecciones de 2020 fueron robadas, seg\u00fan fuentes - Noticias","isPartOf":{"@id":"https:\/\/noticiasya.com\/#website"},"datePublished":"2025-12-05T18:03:49+00:00","breadcrumb":{"@id":"https:\/\/noticiasya.com\/2025\/12\/05\/acusado-bombas-caseras-elecciones-robadas-trax\/#breadcrumb"},"inLanguage":"es","potentialAction":[{"@type":"ReadAction","target":["https:\/\/noticiasya.com\/2025\/12\/05\/acusado-bombas-caseras-elecciones-robadas-trax\/"]}]},{"@type":"BreadcrumbList","@id":"https:\/\/noticiasya.com\/2025\/12\/05\/acusado-bombas-caseras-elecciones-robadas-trax\/#breadcrumb","itemListElement":[{"@type":"ListItem","position":1,"name":"Home","item":"https:\/\/noticiasya.com\/"},{"@type":"ListItem","position":2,"name":"Acusado de colocar bombas caseras en Washington cre\u00eda que las elecciones de 2020 fueron robadas, seg\u00fan fuentes"}]},{"@type":"WebSite","@id":"https:\/\/noticiasya.com\/#website","url":"https:\/\/noticiasya.com\/","name":"Noticias","description":"Lo que importa","publisher":{"@id":"https:\/\/noticiasya.com\/#organization"},"potentialAction":[{"@type":"SearchAction","target":{"@type":"EntryPoint","urlTemplate":"https:\/\/noticiasya.com\/?s={search_term_string}"},"query-input":{"@type":"PropertyValueSpecification","valueRequired":true,"valueName":"search_term_string"}}],"inLanguage":"es"},{"@type":"Organization","@id":"https:\/\/noticiasya.com\/#organization","name":"Noticias","url":"https:\/\/noticiasya.com\/","logo":{"@type":"ImageObject","inLanguage":"es","@id":"https:\/\/noticiasya.com\/#\/schema\/logo\/image\/","url":"https:\/\/noticiasya.com\/wp-content\/uploads\/sites\/22\/2023\/12\/logo-nacional.png","contentUrl":"https:\/\/noticiasya.com\/wp-content\/uploads\/sites\/22\/2023\/12\/logo-nacional.png","width":1801,"height":691,"caption":"Noticias"},"image":{"@id":"https:\/\/noticiasya.com\/#\/schema\/logo\/image\/"}}]}},"parsely":{"version":"1.1.0","canonical_url":"https:\/\/noticiasya.com\/midland-odessa\/2025\/12\/05\/acusado-bombas-caseras-elecciones-robadas-trax\/","smart_links":{"inbound":0,"outbound":0},"traffic_boost_suggestions_count":0,"meta":{"@context":"https:\/\/schema.org","@type":"NewsArticle","headline":"Acusado de colocar bombas caseras en Washington cre\u00eda que las elecciones de 2020 fueron robadas, seg\u00fan fuentes","url":"http:\/\/noticiasya.com\/midland-odessa\/2025\/12\/05\/acusado-bombas-caseras-elecciones-robadas-trax\/","mainEntityOfPage":{"@type":"WebPage","@id":"http:\/\/noticiasya.com\/midland-odessa\/2025\/12\/05\/acusado-bombas-caseras-elecciones-robadas-trax\/"},"thumbnailUrl":"","image":{"@type":"ImageObject","url":""},"articleSection":"Noticias Nacionales","author":[],"creator":[],"publisher":{"@type":"Organization","name":"Noticias","logo":""},"keywords":[],"dateCreated":"2025-12-05T18:03:49Z","datePublished":"2025-12-05T18:03:49Z","dateModified":"2025-12-05T18:03:49Z"},"rendered":"<script type=\"application\/ld+json\" class=\"wp-parsely-metadata\">{\"@context\":\"https:\\\/\\\/schema.org\",\"@type\":\"NewsArticle\",\"headline\":\"Acusado de colocar bombas caseras en Washington cre\\u00eda que las elecciones de 2020 fueron robadas, seg\\u00fan fuentes\",\"url\":\"http:\\\/\\\/noticiasya.com\\\/midland-odessa\\\/2025\\\/12\\\/05\\\/acusado-bombas-caseras-elecciones-robadas-trax\\\/\",\"mainEntityOfPage\":{\"@type\":\"WebPage\",\"@id\":\"http:\\\/\\\/noticiasya.com\\\/midland-odessa\\\/2025\\\/12\\\/05\\\/acusado-bombas-caseras-elecciones-robadas-trax\\\/\"},\"thumbnailUrl\":\"\",\"image\":{\"@type\":\"ImageObject\",\"url\":\"\"},\"articleSection\":\"Noticias Nacionales\",\"author\":[],\"creator\":[],\"publisher\":{\"@type\":\"Organization\",\"name\":\"Noticias\",\"logo\":\"\"},\"keywords\":[],\"dateCreated\":\"2025-12-05T18:03:49Z\",\"datePublished\":\"2025-12-05T18:03:49Z\",\"dateModified\":\"2025-12-05T18:03:49Z\"}<\/script>","tracker_url":"https:\/\/cdn.parsely.com\/keys\/noticiasya.com\/p.js"},"jetpack_featured_media_url":"","jetpack-related-posts":[{"id":1468969,"url":"https:\/\/noticiasya.com\/midland-odessa\/2025\/12\/04\/fbi-arresto-atentado-bomba-washington-trax\/","url_meta":{"origin":1469007,"position":0},"title":"El FBI arresta a un hombre en el marco de la investigaci\u00f3n por colocaci\u00f3n de bombas en la ciudad de Washington, seg\u00fan fuentes","author":"","date":"diciembre 4, 2025","format":false,"excerpt":"El FBI arrest\u00f3 este jueves a un hombre que, seg\u00fan los investigadores, coloc\u00f3 bombas caseras cerca de la sede de los Comit\u00e9s Nacionales tanto republicano como dem\u00f3crata la noche anterior a los disturbios en el Capitolio de EE.UU., en 2021, seg\u00fan dos fuentes policiales.El arresto se produce tras una investigaci\u00f3n\u2026","rel":"","context":"In &quot;Noticias Nacionales&quot;","block_context":{"text":"Noticias Nacionales","link":"https:\/\/noticiasya.com\/midland-odessa\/categoria\/noticias-nacionales"},"img":{"alt_text":"","src":"","width":0,"height":0},"classes":[]},{"id":1459358,"url":"https:\/\/noticiasya.com\/midland-odessa\/2025\/03\/01\/dan-bongino-subdirector-fbi-bombas-6-de-enero-trax\/","url_meta":{"origin":1469007,"position":1},"title":"El subdirector entrante del FBI dijo varias veces que las bombas caseras del 6 de enero fueron un &#171;trabajo interno&#187;","author":"","date":"marzo 1, 2025","format":false,"excerpt":"Dan Bongino, el subdirector entrante del FBI, sugiri\u00f3 en su popular podcast en enero que la agencia que ahora est\u00e1 a punto de ayudar a dirigir fue c\u00f3mplice de colocar bombas caseras en Washington antes del mot\u00edn del Capitolio el 6 de enero de 2021.\u201cCreo que el FBI conoce la\u2026","rel":"","context":"In &quot;Noticias Nacionales&quot;","block_context":{"text":"Noticias Nacionales","link":"https:\/\/noticiasya.com\/midland-odessa\/categoria\/noticias-nacionales"},"img":{"alt_text":"","src":"","width":0,"height":0},"classes":[]},{"id":1469363,"url":"https:\/\/noticiasya.com\/midland-odessa\/2025\/12\/17\/dan-bongino-deja-cargo-subdirector-fbi-enero-trax\/","url_meta":{"origin":1469007,"position":2},"title":"Dan Bongino planea dejar el cargo de subdirector del FBI en enero","author":"","date":"diciembre 17, 2025","format":false,"excerpt":"El subdirector del Bur\u00f3 Federal de Investigaciones (FBI, por sus siglas en ingl\u00e9s) de Estados Unidos, Dan Bongino, dejar\u00e1 pronto el cargo tras ocho meses marcados por enfrentamientos con su jefa, la secretaria de Justicia, Pam Bondi, y por combatir las teor\u00edas conspirativas que \u00e9l mismo promovi\u00f3 anteriormente.El presidente Donald\u2026","rel":"","context":"In &quot;Noticias Nacionales&quot;","block_context":{"text":"Noticias Nacionales","link":"https:\/\/noticiasya.com\/midland-odessa\/categoria\/noticias-nacionales"},"img":{"alt_text":"","src":"","width":0,"height":0},"classes":[]},{"id":1469285,"url":"https:\/\/noticiasya.com\/midland-odessa\/2025\/12\/15\/complot-bombas-california-turtle-island-liberation-front-trax\/","url_meta":{"origin":1469007,"position":3},"title":"El FBI arresta a cuatro personas que presuntamente planeaban detonar bombas caseras en la v\u00edspera de A\u00f1o Nuevo en California","author":"","date":"diciembre 15, 2025","format":false,"excerpt":"El Departamento de Justicia de EE.UU. dijo este lunes que arrest\u00f3 a cuatro personas en el \u00e1rea de Los \u00c1ngeles por presuntamente trabajar juntas en un complot con bomba que se llevar\u00eda a cabo en la ciudad durante la v\u00edspera de A\u00f1o Nuevo.Las cuatro personas arrestadas \u2013 Audrey Ilene Carroll,\u2026","rel":"","context":"In &quot;Noticias Nacionales&quot;","block_context":{"text":"Noticias Nacionales","link":"https:\/\/noticiasya.com\/midland-odessa\/categoria\/noticias-nacionales"},"img":{"alt_text":"","src":"","width":0,"height":0},"classes":[]},{"id":1448881,"url":"https:\/\/noticiasya.com\/midland-odessa\/2024\/05\/04\/trump-dice-democratas-estan-dirigiendo-administracion-de-gestapo-retiro-anual-del-comite-nacional-republicano-trax\/","url_meta":{"origin":1469007,"position":4},"title":"Trump dice que los dem\u00f3cratas est\u00e1n &#171;dirigiendo una administraci\u00f3n de la Gestapo&#187; en el retiro anual del Comit\u00e9 Nacional Republicano","author":"","date":"mayo 4, 2024","format":false,"excerpt":"(CNN) -- El expresidente Donald Trump intensific\u00f3 sus ataques contra los dem\u00f3cratas este s\u00e1bado en un almuerzo privado celebrado en su club Mar-a-Lago, durante el cual se refiri\u00f3 a los dem\u00f3cratas como \"dirigiendo una administraci\u00f3n de la Gestapo\", equiparando la administraci\u00f3n del presidente Joe Biden con la Alemania nazi, seg\u00fan\u2026","rel":"","context":"In &quot;Noticias Nacionales&quot;","block_context":{"text":"Noticias Nacionales","link":"https:\/\/noticiasya.com\/midland-odessa\/categoria\/noticias-nacionales"},"img":{"alt_text":"","src":"","width":0,"height":0},"classes":[]},{"id":1472955,"url":"https:\/\/noticiasya.com\/midland-odessa\/2026\/04\/08\/sospechosos-ataque-alcalde-mamdani-nueva-york-planes-trax\/","url_meta":{"origin":1469007,"position":5},"title":"Sospechosos del ataque frente a residencia del alcalde de Nueva York detallaron sus planes en cuadernos y grabaciones","author":"","date":"abril 8, 2026","format":false,"excerpt":"Dos hombres acusados \u200b\u200bde intentar detonar bombas caseras durante las protestas cerca de la residencia del alcalde de la ciudad de Nueva York, Zohran Mamdani, el mes pasado, detallaron en un cuaderno y a trav\u00e9s de grabaciones de audio c\u00f3mo esperaban que su ataque matara a decenas de personas, seg\u00fan\u2026","rel":"","context":"In &quot;Noticias Nacionales&quot;","block_context":{"text":"Noticias Nacionales","link":"https:\/\/noticiasya.com\/midland-odessa\/categoria\/noticias-nacionales"},"img":{"alt_text":"","src":"","width":0,"height":0},"classes":[]}],"jetpack_sharing_enabled":true,"_links":{"self":[{"href":"https:\/\/noticiasya.com\/midland-odessa\/wp-json\/wp\/v2\/posts\/1469007","targetHints":{"allow":["GET"]}}],"collection":[{"href":"https:\/\/noticiasya.com\/midland-odessa\/wp-json\/wp\/v2\/posts"}],"about":[{"href":"https:\/\/noticiasya.com\/midland-odessa\/wp-json\/wp\/v2\/types\/post"}],"replies":[{"embeddable":true,"href":"https:\/\/noticiasya.com\/midland-odessa\/wp-json\/wp\/v2\/comments?post=1469007"}],"version-history":[{"count":0,"href":"https:\/\/noticiasya.com\/midland-odessa\/wp-json\/wp\/v2\/posts\/1469007\/revisions"}],"wp:attachment":[{"href":"https:\/\/noticiasya.com\/midland-odessa\/wp-json\/wp\/v2\/media?parent=1469007"}],"wp:term":[{"taxonomy":"category","embeddable":true,"href":"https:\/\/noticiasya.com\/midland-odessa\/wp-json\/wp\/v2\/categories?post=1469007"},{"taxonomy":"post_tag","embeddable":true,"href":"https:\/\/noticiasya.com\/midland-odessa\/wp-json\/wp\/v2\/tags?post=1469007"}],"curies":[{"name":"wp","href":"https:\/\/api.w.org\/{rel}","templated":true}]}}