{"id":1469008,"date":"2025-12-05T11:03:56","date_gmt":"2025-12-05T19:03:56","guid":{"rendered":"https:\/\/noticiasya.com\/2025\/12\/05\/corte-jueces-inmigracion-libertad-expresion-trax\/"},"modified":"2025-12-05T11:03:56","modified_gmt":"2025-12-05T19:03:56","slug":"corte-jueces-inmigracion-libertad-expresion-trax","status":"publish","type":"post","link":"https:\/\/noticiasya.com\/midland-odessa\/2025\/12\/05\/corte-jueces-inmigracion-libertad-expresion-trax\/","title":{"rendered":"El Departamento de Justicia insta a la Corte a bloquear la demanda de los jueces de inmigraci\u00f3n por la libertad de expresi\u00f3n"},"content":{"rendered":"<p>El Gobierno de Trump inst\u00f3 este viernes a la Corte Suprema a intervenir en una batalla legal que lleva a\u00f1os en torno a una pol\u00edtica que proh\u00edbe a los jueces de inmigraci\u00f3n expresar sus opiniones personales en p\u00fablico, un caso que podr\u00eda tener consecuencias m\u00e1s amplias para los trabajadores federales.<\/p>\n<p>La apelaci\u00f3n se basa en una disputa sobre una pol\u00edtica de personal que exige que los jueces de inmigraci\u00f3n obtengan una aprobaci\u00f3n antes de poder ofrecer declaraciones p\u00fablicas. Un antiguo sindicato que representa a los jueces \u2014que forman parte del Departamento de Justicia\u2014 present\u00f3 una demanda ante un tribunal federal, alegando que la pol\u00edtica violaba su derecho a la libertad de expresi\u00f3n, amparado por la Primera Enmienda.<\/p>\n<p>La Corte Suprema se enfrenta a una cuesti\u00f3n m\u00e1s t\u00e9cnica que es d\u00f3nde se puede resolver primero esa disputa: en un tribunal federal o ante las agencias independientes de la administraci\u00f3n p\u00fablica que suelen revisar este tipo de reclamaciones de los trabajadores federales. El problema para los jueces de inmigraci\u00f3n es que el presidente Donald Trump ha obstaculizado a esas agencias independientes.<\/p>\n<p>Aunque es algo t\u00e9cnico, el caso se enmarca en una campa\u00f1a m\u00e1s amplia del Gobierno por despedir a los l\u00edderes de esas agencias, medidas que la conservadora Corte Suprema ha permitido en el corto plazo. En mayo, la corte permiti\u00f3 a Trump destituir temporalmente a funcionarios de la Junta de Protecci\u00f3n de Sistemas de M\u00e9rito y de la Junta Nacional de Relaciones Laborales.<\/p>\n<p>Un tribunal de apelaciones dividido en la ciudad de Washington, fall\u00f3 este viernes a favor de la iniciativa de Trump de destituir a dichos funcionarios, concluyendo que el Congreso no puede \u201crestringir la capacidad del presidente para destituir a funcionarios principales que ejercen un poder ejecutivo sustancial\u201d.<\/p>\n<p>El lunes, la corte escuchar\u00e1 los argumentos orales en un caso importante que aborda si el presidente puede despedir a los l\u00edderes de agencias independientes que el Congreso dise\u00f1\u00f3 para aislarlas de los caprichos pol\u00edticos de la Casa Blanca. Dados otros fallos recientes en casos similares, se espera que la corte se pronuncie a favor de Trump sobre los despidos.<\/p>\n<p>Todo esto significa que la apelaci\u00f3n de este viernes, que trata sobre los jueces de inmigraci\u00f3n, podr\u00eda tener consecuencias para el personal federal en general si cierra los tribunales federales como v\u00eda para presentar sus reclamos y, en su lugar, los dirige a las agencias independientes. El caso tambi\u00e9n se produce en medio de una campa\u00f1a del Gobierno para purgar a los jueces de inmigraci\u00f3n.<\/p>\n<p>El Departamento de Justicia argument\u00f3 este viernes que, sin la intervenci\u00f3n de la Corte Suprema, un fallo de la corte de apelaciones a favor de los jueces de inmigraci\u00f3n podr\u00eda causar estragos en casos similares.<\/p>\n<p>\u201cSolo este tribunal puede detener la incertidumbre constante y creciente en innumerables casos\u201d, declar\u00f3 el Procurador General D. John Sauer ante el tribunal.<\/p>\n<p>Un tribunal federal de distrito fall\u00f3 a favor del Gobierno, determinando que las demandas de los jueces deb\u00edan ser revisadas por las agencias administrativas. Sin embargo, el Tribunal de Apelaciones del 4\u00ba Circuito de EE.UU. revoc\u00f3 esa decisi\u00f3n a principios de este a\u00f1o, ordenando al tribunal de primera instancia que revisara si dichas agencias administrativas estaban funcionando seg\u00fan lo previsto por el Congreso.<\/p>\n<p>El \u201cprincipio fundamental\u201d, declar\u00f3 el tribunal de apelaciones, \u201cde que los organismos funcionales e independientes recibir\u00edan, revisar\u00edan y decidir\u00edan en primera instancia las impugnaciones a las acciones adversas de personal que afecten a los empleados federales cubiertos, ha sido cuestionado recientemente\u201d.<\/p>\n<p>Sauer inst\u00f3 al presidente del Tribunal Supremo, John Roberts, quien se encarga de las apelaciones de emergencia del 4\u00ba Circuito, a emitir r\u00e1pidamente una orden \u201cadministrativa\u201d que impida al tribunal de distrito realizar dicha revisi\u00f3n.<\/p>\n<p><em>Con informaci\u00f3n de Devan Cole, de CNN.<\/em><\/p>\n<p>The-CNN-Wire<br \/>&trade; &amp; &copy; 2025 Cable News Network, Inc., a Warner Bros. Discovery Company. All rights reserved.<\/p>\n","protected":false},"excerpt":{"rendered":"<p>El Gobierno de Trump inst\u00f3 este viernes a la Corte Suprema a intervenir en una batalla legal que lleva a\u00f1os en torno a una pol\u00edtica que proh\u00edbe a los jueces de inmigraci\u00f3n expresar sus opiniones personales en p\u00fablico, un caso que podr\u00eda tener consecuencias m\u00e1s amplias para los trabajadores federales. La apelaci\u00f3n se basa en [&hellip;]<\/p>\n","protected":false},"author":0,"featured_media":0,"comment_status":"open","ping_status":"open","sticky":false,"template":"","format":"standard","meta":{"_jetpack_memberships_contains_paid_content":false,"footnotes":""},"categories":[10],"tags":[],"class_list":["post-1469008","post","type-post","status-publish","format-standard","hentry","category-noticias-nacionales","market-global"],"yoast_head":"<!-- This site is optimized with the Yoast SEO plugin v24.4 - https:\/\/yoast.com\/wordpress\/plugins\/seo\/ -->\n<title>El Departamento de Justicia insta a la Corte a bloquear la demanda de los jueces de inmigraci\u00f3n por la libertad de expresi\u00f3n - Noticias<\/title>\n<meta name=\"robots\" content=\"index, follow, max-snippet:-1, max-image-preview:large, max-video-preview:-1\" \/>\n<link rel=\"canonical\" href=\"https:\/\/noticiasya.com\/2025\/12\/05\/corte-jueces-inmigracion-libertad-expresion-trax\/\" \/>\n<meta property=\"og:locale\" content=\"es_ES\" \/>\n<meta property=\"og:type\" content=\"article\" \/>\n<meta property=\"og:title\" content=\"El Departamento de Justicia insta a la Corte a bloquear la demanda de los jueces de inmigraci\u00f3n por la libertad de expresi\u00f3n - Noticias\" \/>\n<meta property=\"og:description\" content=\"El Gobierno de Trump inst\u00f3 este viernes a la Corte Suprema a intervenir en una batalla legal que lleva a\u00f1os en torno a una pol\u00edtica que proh\u00edbe a los jueces de inmigraci\u00f3n expresar sus opiniones personales en p\u00fablico, un caso que podr\u00eda tener consecuencias m\u00e1s amplias para los trabajadores federales. La apelaci\u00f3n se basa en [&hellip;]\" \/>\n<meta property=\"og:url\" content=\"https:\/\/noticiasya.com\/2025\/12\/05\/corte-jueces-inmigracion-libertad-expresion-trax\/\" \/>\n<meta property=\"og:site_name\" content=\"Noticias\" \/>\n<meta property=\"article:published_time\" content=\"2025-12-05T19:03:56+00:00\" \/>\n<meta name=\"twitter:card\" content=\"summary_large_image\" \/>\n<meta name=\"twitter:label1\" content=\"Est. reading time\" \/>\n\t<meta name=\"twitter:data1\" content=\"3 minutos\" \/>\n<script type=\"application\/ld+json\" class=\"yoast-schema-graph\">{\"@context\":\"https:\/\/schema.org\",\"@graph\":[{\"@type\":\"Article\",\"@id\":\"https:\/\/noticiasya.com\/2025\/12\/05\/corte-jueces-inmigracion-libertad-expresion-trax\/#article\",\"isPartOf\":{\"@id\":\"https:\/\/noticiasya.com\/2025\/12\/05\/corte-jueces-inmigracion-libertad-expresion-trax\/\"},\"author\":{\"name\":\"\",\"@id\":\"\"},\"headline\":\"El Departamento de Justicia insta a la Corte a bloquear la demanda de los jueces de inmigraci\u00f3n por la libertad de expresi\u00f3n\",\"datePublished\":\"2025-12-05T19:03:56+00:00\",\"mainEntityOfPage\":{\"@id\":\"https:\/\/noticiasya.com\/2025\/12\/05\/corte-jueces-inmigracion-libertad-expresion-trax\/\"},\"wordCount\":706,\"commentCount\":0,\"publisher\":{\"@id\":\"https:\/\/noticiasya.com\/#organization\"},\"articleSection\":[\"Noticias Nacionales\"],\"inLanguage\":\"es\",\"potentialAction\":[{\"@type\":\"CommentAction\",\"name\":\"Comment\",\"target\":[\"https:\/\/noticiasya.com\/2025\/12\/05\/corte-jueces-inmigracion-libertad-expresion-trax\/#respond\"]}]},{\"@type\":\"WebPage\",\"@id\":\"https:\/\/noticiasya.com\/2025\/12\/05\/corte-jueces-inmigracion-libertad-expresion-trax\/\",\"url\":\"https:\/\/noticiasya.com\/2025\/12\/05\/corte-jueces-inmigracion-libertad-expresion-trax\/\",\"name\":\"El Departamento de Justicia insta a la Corte a bloquear la demanda de los jueces de inmigraci\u00f3n por la libertad de expresi\u00f3n - Noticias\",\"isPartOf\":{\"@id\":\"https:\/\/noticiasya.com\/#website\"},\"datePublished\":\"2025-12-05T19:03:56+00:00\",\"breadcrumb\":{\"@id\":\"https:\/\/noticiasya.com\/2025\/12\/05\/corte-jueces-inmigracion-libertad-expresion-trax\/#breadcrumb\"},\"inLanguage\":\"es\",\"potentialAction\":[{\"@type\":\"ReadAction\",\"target\":[\"https:\/\/noticiasya.com\/2025\/12\/05\/corte-jueces-inmigracion-libertad-expresion-trax\/\"]}]},{\"@type\":\"BreadcrumbList\",\"@id\":\"https:\/\/noticiasya.com\/2025\/12\/05\/corte-jueces-inmigracion-libertad-expresion-trax\/#breadcrumb\",\"itemListElement\":[{\"@type\":\"ListItem\",\"position\":1,\"name\":\"Home\",\"item\":\"https:\/\/noticiasya.com\/\"},{\"@type\":\"ListItem\",\"position\":2,\"name\":\"El Departamento de Justicia insta a la Corte a bloquear la demanda de los jueces de inmigraci\u00f3n por la libertad de expresi\u00f3n\"}]},{\"@type\":\"WebSite\",\"@id\":\"https:\/\/noticiasya.com\/#website\",\"url\":\"https:\/\/noticiasya.com\/\",\"name\":\"Noticias\",\"description\":\"Lo que importa\",\"publisher\":{\"@id\":\"https:\/\/noticiasya.com\/#organization\"},\"potentialAction\":[{\"@type\":\"SearchAction\",\"target\":{\"@type\":\"EntryPoint\",\"urlTemplate\":\"https:\/\/noticiasya.com\/?s={search_term_string}\"},\"query-input\":{\"@type\":\"PropertyValueSpecification\",\"valueRequired\":true,\"valueName\":\"search_term_string\"}}],\"inLanguage\":\"es\"},{\"@type\":\"Organization\",\"@id\":\"https:\/\/noticiasya.com\/#organization\",\"name\":\"Noticias\",\"url\":\"https:\/\/noticiasya.com\/\",\"logo\":{\"@type\":\"ImageObject\",\"inLanguage\":\"es\",\"@id\":\"https:\/\/noticiasya.com\/#\/schema\/logo\/image\/\",\"url\":\"https:\/\/noticiasya.com\/wp-content\/uploads\/sites\/22\/2023\/12\/logo-nacional.png\",\"contentUrl\":\"https:\/\/noticiasya.com\/wp-content\/uploads\/sites\/22\/2023\/12\/logo-nacional.png\",\"width\":1801,\"height\":691,\"caption\":\"Noticias\"},\"image\":{\"@id\":\"https:\/\/noticiasya.com\/#\/schema\/logo\/image\/\"}}]}<\/script>\n<!-- \/ Yoast SEO plugin. -->","yoast_head_json":{"title":"El Departamento de Justicia insta a la Corte a bloquear la demanda de los jueces de inmigraci\u00f3n por la libertad de expresi\u00f3n - Noticias","robots":{"index":"index","follow":"follow","max-snippet":"max-snippet:-1","max-image-preview":"max-image-preview:large","max-video-preview":"max-video-preview:-1"},"canonical":"https:\/\/noticiasya.com\/2025\/12\/05\/corte-jueces-inmigracion-libertad-expresion-trax\/","og_locale":"es_ES","og_type":"article","og_title":"El Departamento de Justicia insta a la Corte a bloquear la demanda de los jueces de inmigraci\u00f3n por la libertad de expresi\u00f3n - Noticias","og_description":"El Gobierno de Trump inst\u00f3 este viernes a la Corte Suprema a intervenir en una batalla legal que lleva a\u00f1os en torno a una pol\u00edtica que proh\u00edbe a los jueces de inmigraci\u00f3n expresar sus opiniones personales en p\u00fablico, un caso que podr\u00eda tener consecuencias m\u00e1s amplias para los trabajadores federales. La apelaci\u00f3n se basa en [&hellip;]","og_url":"https:\/\/noticiasya.com\/2025\/12\/05\/corte-jueces-inmigracion-libertad-expresion-trax\/","og_site_name":"Noticias","article_published_time":"2025-12-05T19:03:56+00:00","twitter_card":"summary_large_image","twitter_misc":{"Est. reading time":"3 minutos"},"schema":{"@context":"https:\/\/schema.org","@graph":[{"@type":"Article","@id":"https:\/\/noticiasya.com\/2025\/12\/05\/corte-jueces-inmigracion-libertad-expresion-trax\/#article","isPartOf":{"@id":"https:\/\/noticiasya.com\/2025\/12\/05\/corte-jueces-inmigracion-libertad-expresion-trax\/"},"author":{"name":"","@id":""},"headline":"El Departamento de Justicia insta a la Corte a bloquear la demanda de los jueces de inmigraci\u00f3n por la libertad de expresi\u00f3n","datePublished":"2025-12-05T19:03:56+00:00","mainEntityOfPage":{"@id":"https:\/\/noticiasya.com\/2025\/12\/05\/corte-jueces-inmigracion-libertad-expresion-trax\/"},"wordCount":706,"commentCount":0,"publisher":{"@id":"https:\/\/noticiasya.com\/#organization"},"articleSection":["Noticias Nacionales"],"inLanguage":"es","potentialAction":[{"@type":"CommentAction","name":"Comment","target":["https:\/\/noticiasya.com\/2025\/12\/05\/corte-jueces-inmigracion-libertad-expresion-trax\/#respond"]}]},{"@type":"WebPage","@id":"https:\/\/noticiasya.com\/2025\/12\/05\/corte-jueces-inmigracion-libertad-expresion-trax\/","url":"https:\/\/noticiasya.com\/2025\/12\/05\/corte-jueces-inmigracion-libertad-expresion-trax\/","name":"El Departamento de Justicia insta a la Corte a bloquear la demanda de los jueces de inmigraci\u00f3n por la libertad de expresi\u00f3n - Noticias","isPartOf":{"@id":"https:\/\/noticiasya.com\/#website"},"datePublished":"2025-12-05T19:03:56+00:00","breadcrumb":{"@id":"https:\/\/noticiasya.com\/2025\/12\/05\/corte-jueces-inmigracion-libertad-expresion-trax\/#breadcrumb"},"inLanguage":"es","potentialAction":[{"@type":"ReadAction","target":["https:\/\/noticiasya.com\/2025\/12\/05\/corte-jueces-inmigracion-libertad-expresion-trax\/"]}]},{"@type":"BreadcrumbList","@id":"https:\/\/noticiasya.com\/2025\/12\/05\/corte-jueces-inmigracion-libertad-expresion-trax\/#breadcrumb","itemListElement":[{"@type":"ListItem","position":1,"name":"Home","item":"https:\/\/noticiasya.com\/"},{"@type":"ListItem","position":2,"name":"El Departamento de Justicia insta a la Corte a bloquear la demanda de los jueces de inmigraci\u00f3n por la libertad de expresi\u00f3n"}]},{"@type":"WebSite","@id":"https:\/\/noticiasya.com\/#website","url":"https:\/\/noticiasya.com\/","name":"Noticias","description":"Lo que importa","publisher":{"@id":"https:\/\/noticiasya.com\/#organization"},"potentialAction":[{"@type":"SearchAction","target":{"@type":"EntryPoint","urlTemplate":"https:\/\/noticiasya.com\/?s={search_term_string}"},"query-input":{"@type":"PropertyValueSpecification","valueRequired":true,"valueName":"search_term_string"}}],"inLanguage":"es"},{"@type":"Organization","@id":"https:\/\/noticiasya.com\/#organization","name":"Noticias","url":"https:\/\/noticiasya.com\/","logo":{"@type":"ImageObject","inLanguage":"es","@id":"https:\/\/noticiasya.com\/#\/schema\/logo\/image\/","url":"https:\/\/noticiasya.com\/wp-content\/uploads\/sites\/22\/2023\/12\/logo-nacional.png","contentUrl":"https:\/\/noticiasya.com\/wp-content\/uploads\/sites\/22\/2023\/12\/logo-nacional.png","width":1801,"height":691,"caption":"Noticias"},"image":{"@id":"https:\/\/noticiasya.com\/#\/schema\/logo\/image\/"}}]}},"parsely":{"version":"1.1.0","canonical_url":"https:\/\/noticiasya.com\/midland-odessa\/2025\/12\/05\/corte-jueces-inmigracion-libertad-expresion-trax\/","smart_links":{"inbound":0,"outbound":0},"traffic_boost_suggestions_count":0,"meta":{"@context":"https:\/\/schema.org","@type":"NewsArticle","headline":"El Departamento de Justicia insta a la Corte a bloquear la demanda de los jueces de inmigraci\u00f3n por la libertad de expresi\u00f3n","url":"http:\/\/noticiasya.com\/midland-odessa\/2025\/12\/05\/corte-jueces-inmigracion-libertad-expresion-trax\/","mainEntityOfPage":{"@type":"WebPage","@id":"http:\/\/noticiasya.com\/midland-odessa\/2025\/12\/05\/corte-jueces-inmigracion-libertad-expresion-trax\/"},"thumbnailUrl":"","image":{"@type":"ImageObject","url":""},"articleSection":"Noticias Nacionales","author":[],"creator":[],"publisher":{"@type":"Organization","name":"Noticias","logo":""},"keywords":[],"dateCreated":"2025-12-05T19:03:56Z","datePublished":"2025-12-05T19:03:56Z","dateModified":"2025-12-05T19:03:56Z"},"rendered":"<script type=\"application\/ld+json\" class=\"wp-parsely-metadata\">{\"@context\":\"https:\\\/\\\/schema.org\",\"@type\":\"NewsArticle\",\"headline\":\"El Departamento de Justicia insta a la Corte a bloquear la demanda de los jueces de inmigraci\\u00f3n por la libertad de expresi\\u00f3n\",\"url\":\"http:\\\/\\\/noticiasya.com\\\/midland-odessa\\\/2025\\\/12\\\/05\\\/corte-jueces-inmigracion-libertad-expresion-trax\\\/\",\"mainEntityOfPage\":{\"@type\":\"WebPage\",\"@id\":\"http:\\\/\\\/noticiasya.com\\\/midland-odessa\\\/2025\\\/12\\\/05\\\/corte-jueces-inmigracion-libertad-expresion-trax\\\/\"},\"thumbnailUrl\":\"\",\"image\":{\"@type\":\"ImageObject\",\"url\":\"\"},\"articleSection\":\"Noticias Nacionales\",\"author\":[],\"creator\":[],\"publisher\":{\"@type\":\"Organization\",\"name\":\"Noticias\",\"logo\":\"\"},\"keywords\":[],\"dateCreated\":\"2025-12-05T19:03:56Z\",\"datePublished\":\"2025-12-05T19:03:56Z\",\"dateModified\":\"2025-12-05T19:03:56Z\"}<\/script>","tracker_url":"https:\/\/cdn.parsely.com\/keys\/noticiasya.com\/p.js"},"jetpack_featured_media_url":"","jetpack-related-posts":[{"id":1462364,"url":"https:\/\/noticiasya.com\/midland-odessa\/2025\/05\/14\/abogados-trump-corte-suprema-acelere-agenda-segundo-mandato-trax\/","url_meta":{"origin":1469008,"position":0},"title":"Abogados de Trump conf\u00edan en que la Corte Suprema acelere la agenda de su segundo mandato de manera m\u00e1s efectiva","author":"","date":"mayo 14, 2025","format":false,"excerpt":"La Corte Suprema de EE.UU. abordar\u00e1 el jueves un caso que podr\u00eda decidir qu\u00e9 tan r\u00e1pido el presidente Donald Trump puede implementar la agenda de su segundo mandato, al escuchar argumentos sobre las \u00f3rdenes judiciales a nivel nacional que permiten a un solo juez bloquear una pol\u00edtica para todo el\u2026","rel":"","context":"In &quot;Noticias Nacionales&quot;","block_context":{"text":"Noticias Nacionales","link":"https:\/\/noticiasya.com\/midland-odessa\/categoria\/noticias-nacionales"},"img":{"alt_text":"","src":"","width":0,"height":0},"classes":[]},{"id":1443131,"url":"https:\/\/noticiasya.com\/midland-odessa\/2024\/01\/04\/gobierno-de-biden-demanda-a-texas-por-su-nueva-ley-de-inmigracion\/","url_meta":{"origin":1469008,"position":1},"title":"Gobierno de Biden demanda a Texas por su nueva ley de inmigraci\u00f3n","author":"","date":"enero 4, 2024","format":false,"excerpt":"(CNN) \u2013\u2013 El Gobierno de Biden present\u00f3 este mi\u00e9rcoles una demanda contra Texas por su controvertida ley de inmigraci\u00f3n con el argumento que el estado \u201cno puede administrar su propio sistema de inmigraci\u00f3n\u201d. La nueva legislaci\u00f3n estatal otorga a las autoridades locales la facultad de arrestar a inmigrantes.La nueva ley\u2026","rel":"","context":"In &quot;Noticias Nacionales&quot;","block_context":{"text":"Noticias Nacionales","link":"https:\/\/noticiasya.com\/midland-odessa\/categoria\/noticias-nacionales"},"img":{"alt_text":"","src":"","width":0,"height":0},"classes":[]},{"id":1465867,"url":"https:\/\/noticiasya.com\/midland-odessa\/2025\/08\/26\/demanda-trump-jueces-inmigrantes-deportaciones-trax\/","url_meta":{"origin":1469008,"position":2},"title":"Desestiman demanda del Gobierno de Trump contra 15 jueces que buscaron proteger a inmigrantes de deportaciones expeditas","author":"","date":"agosto 26, 2025","format":false,"excerpt":"Un juez federal desestim\u00f3 este martes una demanda agresiva e inusual que el Gobierno de Trump present\u00f3 este a\u00f1o contra los 15 jueces federales de Maryland, rechazando as\u00ed un intento del Departamento de Justicia de limitar las facultades judiciales en casos de inmigraci\u00f3n de tr\u00e1mite r\u00e1pido.El dictamen del martes enmarc\u00f3\u2026","rel":"","context":"In &quot;Noticias Nacionales&quot;","block_context":{"text":"Noticias Nacionales","link":"https:\/\/noticiasya.com\/midland-odessa\/categoria\/noticias-nacionales"},"img":{"alt_text":"","src":"","width":0,"height":0},"classes":[]},{"id":1463899,"url":"https:\/\/noticiasya.com\/midland-odessa\/2025\/06\/24\/trump-juez-corte-suprema-migrantes-yibuti-trax\/","url_meta":{"origin":1469008,"position":3},"title":"El Gobierno de Trump acusa a un juez de desafiar a la Corte Suprema en el caso de los migrantes detenidos en Djibouti","author":"","date":"junio 24, 2025","format":false,"excerpt":"El Gobierno del presidente Donald Trump inst\u00f3 este martes a la Corte Suprema a permitir la deportaci\u00f3n inmediata a Sud\u00e1n del Sur de un grupo de migrantes que se encuentran actualmente detenidos en una base militar estadounidense en Djibouti, alegando que el juez a cargo del caso desafi\u00f3 al m\u00e1ximo\u2026","rel":"","context":"In &quot;Noticias Nacionales&quot;","block_context":{"text":"Noticias Nacionales","link":"https:\/\/noticiasya.com\/midland-odessa\/categoria\/noticias-nacionales"},"img":{"alt_text":"","src":"","width":0,"height":0},"classes":[]},{"id":1470969,"url":"https:\/\/noticiasya.com\/midland-odessa\/2026\/02\/06\/tribunal-apelaciones-politica-detener-inmigrantes-sin-libertad-trax\/","url_meta":{"origin":1469008,"position":4},"title":"Tribunal de apelaciones avala pol\u00edtica del Gobierno de Trump para detener a inmigrantes indocumentados sin opci\u00f3n de libertad","author":"","date":"febrero 6, 2026","format":false,"excerpt":"Un tribunal federal de apelaciones dividido fall\u00f3 este viernes a favor de la pol\u00edtica del Gobierno de Trump de detener a millones de inmigrantes indocumentados, incluso a aquellos que han vivido en Estados Unidos durante d\u00e9cadas, sin oportunidad de impugnar su detenci\u00f3n, otorgando al presidente Donald Trump una importante victoria\u2026","rel":"","context":"In &quot;Noticias Nacionales&quot;","block_context":{"text":"Noticias Nacionales","link":"https:\/\/noticiasya.com\/midland-odessa\/categoria\/noticias-nacionales"},"img":{"alt_text":"","src":"","width":0,"height":0},"classes":[]},{"id":1457612,"url":"https:\/\/noticiasya.com\/midland-odessa\/2025\/01\/18\/donald-trump-corte-suprema-de-justicia-segundo-mandato-trax\/","url_meta":{"origin":1469008,"position":5},"title":"AN\u00c1LISIS | Desde la \u00faltima vez que Donald Trump entr\u00f3 en la Casa Blanca, la Corte Suprema cre\u00f3 un presidente m\u00e1s poderoso","author":"","date":"enero 18, 2025","format":false,"excerpt":"Cuando los jueces de la Corte Suprema de Justicia compartieron por primera vez un escenario inaugural con Donald Trump, escucharon al nuevo presidente pronunciar una declaraci\u00f3n de 16 minutos contra el pa\u00eds y jurar: \u201cEsta carnicer\u00eda estadounidense se detiene aqu\u00ed mismo y se detiene ahora mismo\u201d.Despu\u00e9s, cuando regresaron a una\u2026","rel":"","context":"In &quot;Noticias Nacionales&quot;","block_context":{"text":"Noticias Nacionales","link":"https:\/\/noticiasya.com\/midland-odessa\/categoria\/noticias-nacionales"},"img":{"alt_text":"","src":"","width":0,"height":0},"classes":[]}],"jetpack_sharing_enabled":true,"_links":{"self":[{"href":"https:\/\/noticiasya.com\/midland-odessa\/wp-json\/wp\/v2\/posts\/1469008","targetHints":{"allow":["GET"]}}],"collection":[{"href":"https:\/\/noticiasya.com\/midland-odessa\/wp-json\/wp\/v2\/posts"}],"about":[{"href":"https:\/\/noticiasya.com\/midland-odessa\/wp-json\/wp\/v2\/types\/post"}],"replies":[{"embeddable":true,"href":"https:\/\/noticiasya.com\/midland-odessa\/wp-json\/wp\/v2\/comments?post=1469008"}],"version-history":[{"count":0,"href":"https:\/\/noticiasya.com\/midland-odessa\/wp-json\/wp\/v2\/posts\/1469008\/revisions"}],"wp:attachment":[{"href":"https:\/\/noticiasya.com\/midland-odessa\/wp-json\/wp\/v2\/media?parent=1469008"}],"wp:term":[{"taxonomy":"category","embeddable":true,"href":"https:\/\/noticiasya.com\/midland-odessa\/wp-json\/wp\/v2\/categories?post=1469008"},{"taxonomy":"post_tag","embeddable":true,"href":"https:\/\/noticiasya.com\/midland-odessa\/wp-json\/wp\/v2\/tags?post=1469008"}],"curies":[{"name":"wp","href":"https:\/\/api.w.org\/{rel}","templated":true}]}}