{"id":1469011,"date":"2025-12-05T15:03:38","date_gmt":"2025-12-05T23:03:38","guid":{"rendered":"https:\/\/noticiasya.com\/2025\/12\/05\/sheinbaum-trump-sonrien-primera-pequena-reunion-fue-excelente-orix\/"},"modified":"2025-12-05T15:03:38","modified_gmt":"2025-12-05T23:03:38","slug":"sheinbaum-trump-sonrien-primera-pequena-reunion-fue-excelente-orix","status":"publish","type":"post","link":"https:\/\/noticiasya.com\/midland-odessa\/2025\/12\/05\/sheinbaum-trump-sonrien-primera-pequena-reunion-fue-excelente-orix\/","title":{"rendered":"Sheinbaum y Trump sonr\u00eden en su primera &#171;peque\u00f1a&#187; reuni\u00f3n: la presidenta de M\u00e9xico dijo que fue &#171;excelente&#187;"},"content":{"rendered":"<p>La presidenta de M\u00e9xico, <a href=\"https:\/\/cnnespanol.cnn.com\/2025\/12\/04\/latinoamerica\/sheinbaum-jornada-laboral-mexico-region-orix?iid=cnn_buildContentRecirc_end_recirc&#038;recs_exp=relacionado-article-end&#038;tenant_id=related.es\">Claudia Sheinbaum<\/a>, y el presidente de Estados Unidos, Donald Trump, tuvieron este viernes su primer encuentro cara a cara en Washington, seguido por una reuni\u00f3n en la que tambi\u00e9n particip\u00f3 el primer ministro de Canad\u00e1, Mark Carney.<\/p>\n<p>\u201cTuvimos una excelente reuni\u00f3n\u201d, dijo Sheinbaum <a href=\"https:\/\/x.com\/Claudiashein\/status\/1997051798406787377\">en X<\/a> sobre su encuentro con ambos mandatarios. \u201cHablamos de la gran oportunidad que representa la Copa Mundial de F\u00fatbol 2026 para los tres pa\u00edses y de la buena relaci\u00f3n que tenemos\u201d.<\/p>\n<p>La reuni\u00f3n entre Sheinbaum, Trump y Carney se produce <a href=\"https:\/\/cnnespanol.cnn.com\/2025\/12\/04\/mexico\/sheinbaum-reunion-trump-sorteo-orix\">dos d\u00edas despu\u00e9s<\/a> de que Trump indicara que posiblemente dejar\u00e1 expirar el T-MEC, el tratado de libre comercio con M\u00e9xico y Canad\u00e1, que de acuerdo con lo programado debe renegociarse en 2026.<\/p>\n<p>En las im\u00e1genes que difundi\u00f3 Sheinbaum en sus redes sociales, tanto ella como Trump y Carney lucen sonrientes. La presidenta de M\u00e9xico est\u00e1 en el centro de la foto, a su derecha el presidente de <a href=\"http:\/\/ee.uu\">EE.UU<\/a>., y a su izquierda el primer ministro de Canad\u00e1.<\/p>\n<p>\u201cAcordamos seguir trabajando juntos para temas comerciales con nuestros equipos\u201d, asegur\u00f3 la presidenta de M\u00e9xico. CNN consult\u00f3 a la Presidencia de M\u00e9xico para conocer m\u00e1s detalles al respecto y espera respuesta.<\/p>\n<p>Si bien Trump y Sheinbaum hab\u00edan tenido conversaciones telef\u00f3nicas, esta es la primera vez que se re\u00fanen de manera presencial. Trump la invit\u00f3 a que regrese a Washington, dijo Sheinbaum a la prensa tras el encuentro. \u201cYa acordaremos una fecha\u201d, agreg\u00f3, seg\u00fan reporta EFE.<\/p>\n<p>Horas antes de la reuni\u00f3n, Trump hab\u00eda elogiado su v\u00ednculo con Sheinbaum y Carney en el marco del sorteo del Mundial de F\u00fatbol de 2026, el evento deportivo en el pa\u00eds ser\u00e1 anfitri\u00f3n junto a M\u00e9xico y Canad\u00e1, donde estuvieron presentes los tres mandatarios para sacar las bolillas de sus respectivos pa\u00edses.<\/p>\n<p>\u201cCon Carney y Sheinbaum trabajamos de manera muy estrecha, con coordinaci\u00f3n, la relaci\u00f3n ha sido fant\u00e1stica\u201d, dijo Trump al subir al escenario del Centro Kennedy de Washington, sede del evento, donde tambi\u00e9n fue galardonado <a href=\"https:\/\/cnnespanol.cnn.com\/2025\/12\/05\/eeuu\/trump-premio-fifa-de-la-paz-mundial-trax\">con el premio FIFA de la Paz<\/a>.<\/p>\n<p>\u201cNos estamos llevando muy bien\u201d, hab\u00eda dicho ante la prensa en la alfombra roja del Centro Kennedy, poco antes de que comenzara el sorteo.<\/p>\n<p>Sheinbaum hab\u00eda anunciado el jueves que tendr\u00eda <a href=\"https:\/\/cnnespanol.cnn.com\/2025\/12\/04\/mexico\/sheinbaum-reunion-trump-sorteo-orix\">una \u201cpeque\u00f1a\u201d reuni\u00f3n<\/a> con el mandatario de Estados Unidos. \u201cTodo parece indicar que vamos a tener una peque\u00f1a reuni\u00f3n\u201d, dijo en conferencia de prensa, sin dar mayores detalles sobre los temas que se abordar\u00edan en el encuentro.<\/p>\n<p>Est\u00e1 previsto que este s\u00e1bado la presidenta de M\u00e9xico <a href=\"https:\/\/www.facebook.com\/ClaudiaSheinbaumPardo\/videos\/1337943294262140\/\">participe de una movilizaci\u00f3n<\/a> en el Z\u00f3calo de la Ciudad de M\u00e9xico para conmemorar los siete a\u00f1os desde que el partido oficialista Morena lleg\u00f3 al Gobierno.<\/p>\n<p>The-CNN-Wire<br \/>&trade; &amp; &copy; 2025 Cable News Network, Inc., a Warner Bros. Discovery Company. All rights reserved.<\/p>\n","protected":false},"excerpt":{"rendered":"<p>La presidenta de M\u00e9xico, Claudia Sheinbaum, y el presidente de Estados Unidos, Donald Trump, tuvieron este viernes su primer encuentro cara a cara en Washington, seguido por una reuni\u00f3n en la que tambi\u00e9n particip\u00f3 el primer ministro de Canad\u00e1, Mark Carney. \u201cTuvimos una excelente reuni\u00f3n\u201d, dijo Sheinbaum en X sobre su encuentro con ambos mandatarios. [&hellip;]<\/p>\n","protected":false},"author":0,"featured_media":0,"comment_status":"open","ping_status":"open","sticky":false,"template":"","format":"standard","meta":{"_jetpack_memberships_contains_paid_content":false,"footnotes":""},"categories":[10],"tags":[],"class_list":["post-1469011","post","type-post","status-publish","format-standard","hentry","category-noticias-nacionales","market-global"],"yoast_head":"<!-- This site is optimized with the Yoast SEO plugin v24.4 - https:\/\/yoast.com\/wordpress\/plugins\/seo\/ -->\n<title>Sheinbaum y Trump sonr\u00eden en su primera &quot;peque\u00f1a&quot; reuni\u00f3n: la presidenta de M\u00e9xico dijo que fue &quot;excelente&quot; - Noticias<\/title>\n<meta name=\"robots\" content=\"index, follow, max-snippet:-1, max-image-preview:large, max-video-preview:-1\" \/>\n<link rel=\"canonical\" href=\"https:\/\/noticiasya.com\/2025\/12\/05\/sheinbaum-trump-sonrien-primera-pequena-reunion-fue-excelente-orix\/\" \/>\n<meta property=\"og:locale\" content=\"es_ES\" \/>\n<meta property=\"og:type\" content=\"article\" \/>\n<meta property=\"og:title\" content=\"Sheinbaum y Trump sonr\u00eden en su primera &quot;peque\u00f1a&quot; reuni\u00f3n: la presidenta de M\u00e9xico dijo que fue &quot;excelente&quot; - Noticias\" \/>\n<meta property=\"og:description\" content=\"La presidenta de M\u00e9xico, Claudia Sheinbaum, y el presidente de Estados Unidos, Donald Trump, tuvieron este viernes su primer encuentro cara a cara en Washington, seguido por una reuni\u00f3n en la que tambi\u00e9n particip\u00f3 el primer ministro de Canad\u00e1, Mark Carney. \u201cTuvimos una excelente reuni\u00f3n\u201d, dijo Sheinbaum en X sobre su encuentro con ambos mandatarios. [&hellip;]\" \/>\n<meta property=\"og:url\" content=\"https:\/\/noticiasya.com\/2025\/12\/05\/sheinbaum-trump-sonrien-primera-pequena-reunion-fue-excelente-orix\/\" \/>\n<meta property=\"og:site_name\" content=\"Noticias\" \/>\n<meta property=\"article:published_time\" content=\"2025-12-05T23:03:38+00:00\" \/>\n<meta name=\"twitter:card\" content=\"summary_large_image\" \/>\n<meta name=\"twitter:label1\" content=\"Est. reading time\" \/>\n\t<meta name=\"twitter:data1\" content=\"2 minutos\" \/>\n<script type=\"application\/ld+json\" class=\"yoast-schema-graph\">{\"@context\":\"https:\/\/schema.org\",\"@graph\":[{\"@type\":\"Article\",\"@id\":\"https:\/\/noticiasya.com\/2025\/12\/05\/sheinbaum-trump-sonrien-primera-pequena-reunion-fue-excelente-orix\/#article\",\"isPartOf\":{\"@id\":\"https:\/\/noticiasya.com\/2025\/12\/05\/sheinbaum-trump-sonrien-primera-pequena-reunion-fue-excelente-orix\/\"},\"author\":{\"name\":\"\",\"@id\":\"\"},\"headline\":\"Sheinbaum y Trump sonr\u00eden en su primera &#171;peque\u00f1a&#187; reuni\u00f3n: la presidenta de M\u00e9xico dijo que fue &#171;excelente&#187;\",\"datePublished\":\"2025-12-05T23:03:38+00:00\",\"mainEntityOfPage\":{\"@id\":\"https:\/\/noticiasya.com\/2025\/12\/05\/sheinbaum-trump-sonrien-primera-pequena-reunion-fue-excelente-orix\/\"},\"wordCount\":517,\"commentCount\":0,\"publisher\":{\"@id\":\"https:\/\/noticiasya.com\/#organization\"},\"articleSection\":[\"Noticias Nacionales\"],\"inLanguage\":\"es\",\"potentialAction\":[{\"@type\":\"CommentAction\",\"name\":\"Comment\",\"target\":[\"https:\/\/noticiasya.com\/2025\/12\/05\/sheinbaum-trump-sonrien-primera-pequena-reunion-fue-excelente-orix\/#respond\"]}]},{\"@type\":\"WebPage\",\"@id\":\"https:\/\/noticiasya.com\/2025\/12\/05\/sheinbaum-trump-sonrien-primera-pequena-reunion-fue-excelente-orix\/\",\"url\":\"https:\/\/noticiasya.com\/2025\/12\/05\/sheinbaum-trump-sonrien-primera-pequena-reunion-fue-excelente-orix\/\",\"name\":\"Sheinbaum y Trump sonr\u00eden en su primera \\\"peque\u00f1a\\\" reuni\u00f3n: la presidenta de M\u00e9xico dijo que fue \\\"excelente\\\" - Noticias\",\"isPartOf\":{\"@id\":\"https:\/\/noticiasya.com\/#website\"},\"datePublished\":\"2025-12-05T23:03:38+00:00\",\"breadcrumb\":{\"@id\":\"https:\/\/noticiasya.com\/2025\/12\/05\/sheinbaum-trump-sonrien-primera-pequena-reunion-fue-excelente-orix\/#breadcrumb\"},\"inLanguage\":\"es\",\"potentialAction\":[{\"@type\":\"ReadAction\",\"target\":[\"https:\/\/noticiasya.com\/2025\/12\/05\/sheinbaum-trump-sonrien-primera-pequena-reunion-fue-excelente-orix\/\"]}]},{\"@type\":\"BreadcrumbList\",\"@id\":\"https:\/\/noticiasya.com\/2025\/12\/05\/sheinbaum-trump-sonrien-primera-pequena-reunion-fue-excelente-orix\/#breadcrumb\",\"itemListElement\":[{\"@type\":\"ListItem\",\"position\":1,\"name\":\"Home\",\"item\":\"https:\/\/noticiasya.com\/\"},{\"@type\":\"ListItem\",\"position\":2,\"name\":\"Sheinbaum y Trump sonr\u00eden en su primera &#171;peque\u00f1a&#187; reuni\u00f3n: la presidenta de M\u00e9xico dijo que fue &#171;excelente&#187;\"}]},{\"@type\":\"WebSite\",\"@id\":\"https:\/\/noticiasya.com\/#website\",\"url\":\"https:\/\/noticiasya.com\/\",\"name\":\"Noticias\",\"description\":\"Lo que importa\",\"publisher\":{\"@id\":\"https:\/\/noticiasya.com\/#organization\"},\"potentialAction\":[{\"@type\":\"SearchAction\",\"target\":{\"@type\":\"EntryPoint\",\"urlTemplate\":\"https:\/\/noticiasya.com\/?s={search_term_string}\"},\"query-input\":{\"@type\":\"PropertyValueSpecification\",\"valueRequired\":true,\"valueName\":\"search_term_string\"}}],\"inLanguage\":\"es\"},{\"@type\":\"Organization\",\"@id\":\"https:\/\/noticiasya.com\/#organization\",\"name\":\"Noticias\",\"url\":\"https:\/\/noticiasya.com\/\",\"logo\":{\"@type\":\"ImageObject\",\"inLanguage\":\"es\",\"@id\":\"https:\/\/noticiasya.com\/#\/schema\/logo\/image\/\",\"url\":\"https:\/\/noticiasya.com\/wp-content\/uploads\/sites\/22\/2023\/12\/logo-nacional.png\",\"contentUrl\":\"https:\/\/noticiasya.com\/wp-content\/uploads\/sites\/22\/2023\/12\/logo-nacional.png\",\"width\":1801,\"height\":691,\"caption\":\"Noticias\"},\"image\":{\"@id\":\"https:\/\/noticiasya.com\/#\/schema\/logo\/image\/\"}}]}<\/script>\n<!-- \/ Yoast SEO plugin. -->","yoast_head_json":{"title":"Sheinbaum y Trump sonr\u00eden en su primera \"peque\u00f1a\" reuni\u00f3n: la presidenta de M\u00e9xico dijo que fue \"excelente\" - Noticias","robots":{"index":"index","follow":"follow","max-snippet":"max-snippet:-1","max-image-preview":"max-image-preview:large","max-video-preview":"max-video-preview:-1"},"canonical":"https:\/\/noticiasya.com\/2025\/12\/05\/sheinbaum-trump-sonrien-primera-pequena-reunion-fue-excelente-orix\/","og_locale":"es_ES","og_type":"article","og_title":"Sheinbaum y Trump sonr\u00eden en su primera \"peque\u00f1a\" reuni\u00f3n: la presidenta de M\u00e9xico dijo que fue \"excelente\" - Noticias","og_description":"La presidenta de M\u00e9xico, Claudia Sheinbaum, y el presidente de Estados Unidos, Donald Trump, tuvieron este viernes su primer encuentro cara a cara en Washington, seguido por una reuni\u00f3n en la que tambi\u00e9n particip\u00f3 el primer ministro de Canad\u00e1, Mark Carney. \u201cTuvimos una excelente reuni\u00f3n\u201d, dijo Sheinbaum en X sobre su encuentro con ambos mandatarios. [&hellip;]","og_url":"https:\/\/noticiasya.com\/2025\/12\/05\/sheinbaum-trump-sonrien-primera-pequena-reunion-fue-excelente-orix\/","og_site_name":"Noticias","article_published_time":"2025-12-05T23:03:38+00:00","twitter_card":"summary_large_image","twitter_misc":{"Est. reading time":"2 minutos"},"schema":{"@context":"https:\/\/schema.org","@graph":[{"@type":"Article","@id":"https:\/\/noticiasya.com\/2025\/12\/05\/sheinbaum-trump-sonrien-primera-pequena-reunion-fue-excelente-orix\/#article","isPartOf":{"@id":"https:\/\/noticiasya.com\/2025\/12\/05\/sheinbaum-trump-sonrien-primera-pequena-reunion-fue-excelente-orix\/"},"author":{"name":"","@id":""},"headline":"Sheinbaum y Trump sonr\u00eden en su primera &#171;peque\u00f1a&#187; reuni\u00f3n: la presidenta de M\u00e9xico dijo que fue &#171;excelente&#187;","datePublished":"2025-12-05T23:03:38+00:00","mainEntityOfPage":{"@id":"https:\/\/noticiasya.com\/2025\/12\/05\/sheinbaum-trump-sonrien-primera-pequena-reunion-fue-excelente-orix\/"},"wordCount":517,"commentCount":0,"publisher":{"@id":"https:\/\/noticiasya.com\/#organization"},"articleSection":["Noticias Nacionales"],"inLanguage":"es","potentialAction":[{"@type":"CommentAction","name":"Comment","target":["https:\/\/noticiasya.com\/2025\/12\/05\/sheinbaum-trump-sonrien-primera-pequena-reunion-fue-excelente-orix\/#respond"]}]},{"@type":"WebPage","@id":"https:\/\/noticiasya.com\/2025\/12\/05\/sheinbaum-trump-sonrien-primera-pequena-reunion-fue-excelente-orix\/","url":"https:\/\/noticiasya.com\/2025\/12\/05\/sheinbaum-trump-sonrien-primera-pequena-reunion-fue-excelente-orix\/","name":"Sheinbaum y Trump sonr\u00eden en su primera \"peque\u00f1a\" reuni\u00f3n: la presidenta de M\u00e9xico dijo que fue \"excelente\" - Noticias","isPartOf":{"@id":"https:\/\/noticiasya.com\/#website"},"datePublished":"2025-12-05T23:03:38+00:00","breadcrumb":{"@id":"https:\/\/noticiasya.com\/2025\/12\/05\/sheinbaum-trump-sonrien-primera-pequena-reunion-fue-excelente-orix\/#breadcrumb"},"inLanguage":"es","potentialAction":[{"@type":"ReadAction","target":["https:\/\/noticiasya.com\/2025\/12\/05\/sheinbaum-trump-sonrien-primera-pequena-reunion-fue-excelente-orix\/"]}]},{"@type":"BreadcrumbList","@id":"https:\/\/noticiasya.com\/2025\/12\/05\/sheinbaum-trump-sonrien-primera-pequena-reunion-fue-excelente-orix\/#breadcrumb","itemListElement":[{"@type":"ListItem","position":1,"name":"Home","item":"https:\/\/noticiasya.com\/"},{"@type":"ListItem","position":2,"name":"Sheinbaum y Trump sonr\u00eden en su primera &#171;peque\u00f1a&#187; reuni\u00f3n: la presidenta de M\u00e9xico dijo que fue &#171;excelente&#187;"}]},{"@type":"WebSite","@id":"https:\/\/noticiasya.com\/#website","url":"https:\/\/noticiasya.com\/","name":"Noticias","description":"Lo que importa","publisher":{"@id":"https:\/\/noticiasya.com\/#organization"},"potentialAction":[{"@type":"SearchAction","target":{"@type":"EntryPoint","urlTemplate":"https:\/\/noticiasya.com\/?s={search_term_string}"},"query-input":{"@type":"PropertyValueSpecification","valueRequired":true,"valueName":"search_term_string"}}],"inLanguage":"es"},{"@type":"Organization","@id":"https:\/\/noticiasya.com\/#organization","name":"Noticias","url":"https:\/\/noticiasya.com\/","logo":{"@type":"ImageObject","inLanguage":"es","@id":"https:\/\/noticiasya.com\/#\/schema\/logo\/image\/","url":"https:\/\/noticiasya.com\/wp-content\/uploads\/sites\/22\/2023\/12\/logo-nacional.png","contentUrl":"https:\/\/noticiasya.com\/wp-content\/uploads\/sites\/22\/2023\/12\/logo-nacional.png","width":1801,"height":691,"caption":"Noticias"},"image":{"@id":"https:\/\/noticiasya.com\/#\/schema\/logo\/image\/"}}]}},"parsely":{"version":"1.1.0","canonical_url":"https:\/\/noticiasya.com\/midland-odessa\/2025\/12\/05\/sheinbaum-trump-sonrien-primera-pequena-reunion-fue-excelente-orix\/","smart_links":{"inbound":0,"outbound":0},"traffic_boost_suggestions_count":0,"meta":{"@context":"https:\/\/schema.org","@type":"NewsArticle","headline":"Sheinbaum y Trump sonr\u00eden en su primera &#171;peque\u00f1a&#187; reuni\u00f3n: la presidenta de M\u00e9xico dijo que fue &#171;excelente&#187;","url":"http:\/\/noticiasya.com\/midland-odessa\/2025\/12\/05\/sheinbaum-trump-sonrien-primera-pequena-reunion-fue-excelente-orix\/","mainEntityOfPage":{"@type":"WebPage","@id":"http:\/\/noticiasya.com\/midland-odessa\/2025\/12\/05\/sheinbaum-trump-sonrien-primera-pequena-reunion-fue-excelente-orix\/"},"thumbnailUrl":"","image":{"@type":"ImageObject","url":""},"articleSection":"Noticias Nacionales","author":[],"creator":[],"publisher":{"@type":"Organization","name":"Noticias","logo":""},"keywords":[],"dateCreated":"2025-12-05T23:03:38Z","datePublished":"2025-12-05T23:03:38Z","dateModified":"2025-12-05T23:03:38Z"},"rendered":"<script type=\"application\/ld+json\" class=\"wp-parsely-metadata\">{\"@context\":\"https:\\\/\\\/schema.org\",\"@type\":\"NewsArticle\",\"headline\":\"Sheinbaum y Trump sonr\\u00eden en su primera &#171;peque\\u00f1a&#187; reuni\\u00f3n: la presidenta de M\\u00e9xico dijo que fue &#171;excelente&#187;\",\"url\":\"http:\\\/\\\/noticiasya.com\\\/midland-odessa\\\/2025\\\/12\\\/05\\\/sheinbaum-trump-sonrien-primera-pequena-reunion-fue-excelente-orix\\\/\",\"mainEntityOfPage\":{\"@type\":\"WebPage\",\"@id\":\"http:\\\/\\\/noticiasya.com\\\/midland-odessa\\\/2025\\\/12\\\/05\\\/sheinbaum-trump-sonrien-primera-pequena-reunion-fue-excelente-orix\\\/\"},\"thumbnailUrl\":\"\",\"image\":{\"@type\":\"ImageObject\",\"url\":\"\"},\"articleSection\":\"Noticias Nacionales\",\"author\":[],\"creator\":[],\"publisher\":{\"@type\":\"Organization\",\"name\":\"Noticias\",\"logo\":\"\"},\"keywords\":[],\"dateCreated\":\"2025-12-05T23:03:38Z\",\"datePublished\":\"2025-12-05T23:03:38Z\",\"dateModified\":\"2025-12-05T23:03:38Z\"}<\/script>","tracker_url":"https:\/\/cdn.parsely.com\/keys\/noticiasya.com\/p.js"},"jetpack_featured_media_url":"","jetpack-related-posts":[{"id":1468966,"url":"https:\/\/noticiasya.com\/midland-odessa\/2025\/12\/04\/sheinbaum-reunion-trump-sorteo-orix\/","url_meta":{"origin":1469011,"position":0},"title":"Sheinbaum anuncia que tendr\u00e1 &#171;una peque\u00f1a reuni\u00f3n&#187; con Trump, la primera cara a cara","author":"","date":"diciembre 4, 2025","format":false,"excerpt":"La presidenta de M\u00e9xico, Claudia Sheinbaum, anunci\u00f3 este jueves que ma\u00f1ana tendr\u00e1 una reuni\u00f3n con el mandatario de Estados Unidos, Donald Trump, en Washington, adonde viajar\u00e1 para el sorteo del Mundial 2026.\u201cTodo parece indicar que vamos a tener una peque\u00f1a reuni\u00f3n. Digo peque\u00f1a porque es de corto tiempo por los\u2026","rel":"","context":"In &quot;Noticias Nacionales&quot;","block_context":{"text":"Noticias Nacionales","link":"https:\/\/noticiasya.com\/midland-odessa\/categoria\/noticias-nacionales"},"img":{"alt_text":"","src":"","width":0,"height":0},"classes":[]},{"id":1466596,"url":"https:\/\/noticiasya.com\/midland-odessa\/2025\/09\/18\/sheinbaum-carney-t-mec-canada-mexico-orix\/","url_meta":{"origin":1469011,"position":1},"title":"Bajo cr\u00edticas de que cede ante Trump, Sheinbaum recibe a Carney para empezar a renegociar el T-MEC","author":"","date":"septiembre 18, 2025","format":false,"excerpt":"Cuando est\u00e1 por cumplir su primer a\u00f1o de Gobierno y ocho meses de un continuo estira y afloja con Estados Unidos, la presidenta de M\u00e9xico, Claudia Sheinbaum, sostiene este jueves un encuentro con su otro socio en Am\u00e9rica del Norte: Canad\u00e1.Sheinbaum recibe esta tarde al primer ministro de Canad\u00e1, Mark\u2026","rel":"","context":"In &quot;Noticias Nacionales&quot;","block_context":{"text":"Noticias Nacionales","link":"https:\/\/noticiasya.com\/midland-odessa\/categoria\/noticias-nacionales"},"img":{"alt_text":"","src":"","width":0,"height":0},"classes":[]},{"id":1469034,"url":"https:\/\/noticiasya.com\/midland-odessa\/2025\/12\/06\/sheinbaum-confia-mantener-relacion-comercial-eeuu-orix\/","url_meta":{"origin":1469011,"position":2},"title":"Sheinbaum conf\u00eda en que M\u00e9xico mantendr\u00e1 relaci\u00f3n comercial con EE.UU.: &#171;Ambas econom\u00edas nos necesitamos&#187;","author":"","date":"diciembre 6, 2025","format":false,"excerpt":"La presidenta de M\u00e9xico, Claudia Sheinbaum, dijo este s\u00e1bado que conf\u00eda en que su pa\u00eds mantendr\u00e1 la relaci\u00f3n comercial que tiene con Estados Unidos, de cara a que el pr\u00f3ximo a\u00f1o se revise el tratado que ambos pa\u00edses tienen junto con Canad\u00e1, el T-MEC.\u201cEn nuestra relaci\u00f3n comercial, estoy convencida que\u2026","rel":"","context":"In &quot;Noticias Nacionales&quot;","block_context":{"text":"Noticias Nacionales","link":"https:\/\/noticiasya.com\/midland-odessa\/categoria\/noticias-nacionales"},"img":{"alt_text":"","src":"","width":0,"height":0},"classes":[]},{"id":1466115,"url":"https:\/\/noticiasya.com\/midland-odessa\/2025\/09\/03\/sheinbaum-reunion-marco-rubio-no-ha-sido-facil-lograron-entendimiento\/","url_meta":{"origin":1469011,"position":3},"title":"Sheinbaum destaca v\u00ednculo con EE.UU. antes de la reuni\u00f3n con Rubio: &#171;Estamos llegando a acuerdos de entendimiento&#187;","author":"","date":"septiembre 3, 2025","format":false,"excerpt":"La presidenta de M\u00e9xico, Claudia Sheinbaum, habl\u00f3 este mi\u00e9rcoles horas antes de su reuni\u00f3n con el secretario de Estado de Estados Unidos, Marco Rubio. \u201cHemos logrado un entendimiento con el Gobierno de Estados Unidos, que no ha sido f\u00e1cil\u201d, dijo Sheinbaum.La mandataria adelant\u00f3 que el entendimiento entre ambos pa\u00edses no\u2026","rel":"","context":"In &quot;Noticias Nacionales&quot;","block_context":{"text":"Noticias Nacionales","link":"https:\/\/noticiasya.com\/midland-odessa\/categoria\/noticias-nacionales"},"img":{"alt_text":"","src":"","width":0,"height":0},"classes":[]},{"id":1459508,"url":"https:\/\/noticiasya.com\/midland-odessa\/2025\/03\/05\/sheinbaum-acuerdo-eeuu-motivos-trump-imponer-aranceles-orix\/","url_meta":{"origin":1469011,"position":4},"title":"Sheinbaum dice hab\u00eda llegado a un acuerdo con EE.UU., por lo que no entiende motivos de Trump para imponer aranceles","author":"","date":"marzo 5, 2025","format":false,"excerpt":"La presidenta de M\u00e9xico, Claudia Sheinbaum, asegur\u00f3 que le extra\u00f1an los aranceles impuestos por su homol\u00f3go estadounidense, Donald Trump, a importaciones de productos mexicanos, pues ya se hab\u00eda llegado a un acuerdo con Washington.Sheinbaum hizo referencia a la reuni\u00f3n en Washington del pasado 27 de febrero entre el gabinete de\u2026","rel":"","context":"In &quot;Noticias Nacionales&quot;","block_context":{"text":"Noticias Nacionales","link":"https:\/\/noticiasya.com\/midland-odessa\/categoria\/noticias-nacionales"},"img":{"alt_text":"","src":"","width":0,"height":0},"classes":[]},{"id":1462405,"url":"https:\/\/noticiasya.com\/midland-odessa\/2025\/05\/15\/sheinbaum-carney-hablan-relacion-mexico-canada-tmec-orix\/","url_meta":{"origin":1469011,"position":5},"title":"Sheinbaum y Carney hablan sobre la relaci\u00f3n M\u00e9xico-Canad\u00e1 y &#171;la importancia&#187; del T-MEC","author":"","date":"mayo 15, 2025","format":false,"excerpt":"La presidenta de M\u00e9xico, Claudia Sheinbaum, y el primer ministro de Canad\u00e1, Mark Carney, hablaron este jueves sobre la relaci\u00f3n entre ambos pa\u00edses y el acuerdo comercial que comparten con Estados Unidos (T-MEC).El Gobierno de M\u00e9xico dijo en su cuenta de X que Sheinbaum felicit\u00f3 a Carney por el inicio\u2026","rel":"","context":"In &quot;Noticias Nacionales&quot;","block_context":{"text":"Noticias Nacionales","link":"https:\/\/noticiasya.com\/midland-odessa\/categoria\/noticias-nacionales"},"img":{"alt_text":"","src":"","width":0,"height":0},"classes":[]}],"jetpack_sharing_enabled":true,"_links":{"self":[{"href":"https:\/\/noticiasya.com\/midland-odessa\/wp-json\/wp\/v2\/posts\/1469011","targetHints":{"allow":["GET"]}}],"collection":[{"href":"https:\/\/noticiasya.com\/midland-odessa\/wp-json\/wp\/v2\/posts"}],"about":[{"href":"https:\/\/noticiasya.com\/midland-odessa\/wp-json\/wp\/v2\/types\/post"}],"replies":[{"embeddable":true,"href":"https:\/\/noticiasya.com\/midland-odessa\/wp-json\/wp\/v2\/comments?post=1469011"}],"version-history":[{"count":0,"href":"https:\/\/noticiasya.com\/midland-odessa\/wp-json\/wp\/v2\/posts\/1469011\/revisions"}],"wp:attachment":[{"href":"https:\/\/noticiasya.com\/midland-odessa\/wp-json\/wp\/v2\/media?parent=1469011"}],"wp:term":[{"taxonomy":"category","embeddable":true,"href":"https:\/\/noticiasya.com\/midland-odessa\/wp-json\/wp\/v2\/categories?post=1469011"},{"taxonomy":"post_tag","embeddable":true,"href":"https:\/\/noticiasya.com\/midland-odessa\/wp-json\/wp\/v2\/tags?post=1469011"}],"curies":[{"name":"wp","href":"https:\/\/api.w.org\/{rel}","templated":true}]}}