{"id":1469012,"date":"2025-12-05T16:03:46","date_gmt":"2025-12-06T00:03:46","guid":{"rendered":"https:\/\/noticiasya.com\/2025\/12\/05\/ufc-323-dvalishvili-yan-cartelera-previa-orix\/"},"modified":"2025-12-05T16:03:46","modified_gmt":"2025-12-06T00:03:46","slug":"ufc-323-dvalishvili-yan-cartelera-previa-orix","status":"publish","type":"post","link":"https:\/\/noticiasya.com\/midland-odessa\/2025\/12\/05\/ufc-323-dvalishvili-yan-cartelera-previa-orix\/","title":{"rendered":"UFC 323 con la revancha Dvalishvili vs. Yan como plato principal: cartelera, previa, hora y c\u00f3mo ver por TV e internet"},"content":{"rendered":"<p>La UFC prepar\u00f3 una impecable cartelera para su \u00faltima gran velada del 2025. El UFC 323, que se realizar\u00e1 en el T-Mobile Arena de Las Vegas este s\u00e1bado, decidir\u00e1 dos t\u00edtulos y tambi\u00e9n tendr\u00e1 una destacada presencia latinoamericana en los combates preliminares.<\/p>\n<p>El plato fuerte es sin dudas el segundo cap\u00edtulo entre Merab Dvalishvili y Petr Yan, donde estar\u00e1 en juego el t\u00edtulo de peso gallo. El georgiano de 34 a\u00f1os (21-4-0) lleva una seguidilla incre\u00edble de 14 victorias consecutivas, una de ellas ante Yan, por decisi\u00f3n un\u00e1nime en marzo de 2023. La \u00faltima vez que perdi\u00f3 en el oct\u00e1gono, Donald Trump no hab\u00eda llegado siquiera a la mitad de su primer mandato como presidente de Estados Unidos.<\/p>\n<p>Dvalishvili ya defendi\u00f3 la corona con \u00e9xito en tres oportunidades y le est\u00e1 haciendo honor a su apodo, La M\u00e1quina, peleando por segunda vez en dos meses y por cuarta ocasi\u00f3n en el a\u00f1o. Habr\u00e1n pasado apenas 60 d\u00edas desde su \u00faltimo combate cuando vuelva a subirse a la lona para revalidar su cetro.<\/p>\n<p>Del otro lado, el ruso Yan (19-5-0) est\u00e1 ante la gran oportunidad de reescribir su historia en este deporte. La revancha no es producto de favores ni un acto divino: se lo ha ganado, a puro golpe de pu\u00f1os y patadas.<\/p>\n<p>Yan derrot\u00f3 a un contendiente top 5 como Song Yadong y al excampe\u00f3n de peso mosca Deiveson Figueiredo antes de deshacerse del prometedor Marcus McGhee. Esos tres triunfos le valieron un segundo cap\u00edtulo ante Dvalishvili, a quien esta vez dice tener mejor estudiado.<\/p>\n<p>\u201cMucha gente comete el mismo error. Creo que yo tambi\u00e9n lo comet\u00ed. Le dan espacio para trabajar en lugar de implementar su propio plan de juego. Creo que la forma de vencerlo es ir primero y no dejar que trabaje\u201d, dijo el retador, seg\u00fan la UFC. \u201cFue una gran experiencia para m\u00ed esa pelea, y ahora s\u00e9 que esta del s\u00e1bado ser\u00e1 muy diferente\u201d.<\/p>\n<p>En el turno previo tambi\u00e9n habr\u00e1 cintur\u00f3n en juego: Alexandre Pantoja tendr\u00e1 el desaf\u00edo de defender su corona de peso mosca contra Joshua Van. Pantoja (30-5-0) lleva ya ocho victorias en fila, cuatro de ellas por la rev\u00e1lida del cetro, mientras que Van (15-2-0) tiene anotados cinco triunfos consecutivos. Es, ante todo, una pelea de generaciones. La vieja escuela, representada en el campe\u00f3n, contra la nueva ola, de la que Van es abanderado.<\/p>\n<p>La velada tendr\u00e1 tambi\u00e9n la presencia de dos luchadores mexicanos. Uno de ellos es el reconocido Brandon Moreno, quien enfrentar\u00e1 a Tatsuro Taira por el peso mosca. El otro es  Manuel Torres, quien ir\u00e1 ante el local Grant Dawson por el peso ligero.<\/p>\n<p><strong>Combates principales<\/strong><\/p>\n<p>Merab Dvalishvili vs. Petr Yan (por el t\u00edtulo de peso gallo)<\/p>\n<p>Alexandre Pantoja vs. Joshua Van (por el t\u00edtulo de peso mosca)<\/p>\n<p>Brandon Moreno vs. Tatsuro Taira (peso mosca)<\/p>\n<p>Henry Cejudo vs. Payton Talbott (peso gallo)<\/p>\n<p>Jan Blachowicz vs. Bogdan Guskov (peso semipesado)<\/p>\n<p><strong>Preliminares<\/strong><\/p>\n<p>Grant Dawson vs. Manuel Torres (peso ligero)<\/p>\n<p>Terrance McKinney vs. Chris Duncan (peso ligero)<\/p>\n<p>Maycee Barber vs. Karine Silva (peso mosca)<\/p>\n<p>Nazim Sadykhov vs. Far\u00e9s Ziam (peso ligero)<\/p>\n<p><strong>Primeros preliminares<\/strong><\/p>\n<p>Marvin Vettori vs. Brunno Ferreira (peso mediano)<\/p>\n<p>Edson Barboza vs. Jalin Turner (peso ligero)<\/p>\n<p>Iwo Baraniewski vs. Ibo Aslan (peso semipesado)<\/p>\n<p>Mansur Abdul-Malik vs. Antonio Trocoli (peso mediano)<\/p>\n<p>Muhammad Naimov vs. Mairon Santos (peso pluma)<\/p>\n<p><strong>Principales<\/strong><\/p>\n<ul>\n<li>10 p.m. de Miami.<\/li>\n<li>10 p.m. de Bogot\u00e1.<\/li>\n<li>9 p.m. de Ciudad de M\u00e9xico.<\/li>\n<li>12 a.m. (ya domingo) de Buenos Aires.<\/li>\n<li>4 a.m. (ya domingo) de Madrid.<\/li>\n<\/ul>\n<p><strong>Preliminares<\/strong><\/p>\n<ul>\n<li>8 p.m. de Miami.<\/li>\n<li>8 p.m. de Bogot\u00e1.<\/li>\n<li>7 p.m. de Ciudad de M\u00e9xico.<\/li>\n<li>10 p.m. de Buenos Aires.<\/li>\n<li>2 a.m. (ya domingo) de Madrid.<\/li>\n<\/ul>\n<p><strong>Primeros preliminares<\/strong><\/p>\n<ul>\n<li>6 p.m. de Miami.<\/li>\n<li>6 p.m. de Bogot\u00e1.<\/li>\n<li>5 p.m. de Ciudad de M\u00e9xico.<\/li>\n<li>8 p.m. de Buenos Aires.<\/li>\n<li>12 a.m. (ya domingo) de Madrid.<\/li>\n<\/ul>\n<p>Estados Unidos: ESPN (completo) y Fubo (preliminares).<\/p>\n<p>Colombia: Disney+ (completo).<\/p>\n<p>M\u00e9xico: Fox Sports Premium (completo) y Fox Sports (preliminares).<\/p>\n<p>Argentina: Disney+ (completo) y Fox Sports 2 (preliminares).<\/p>\n<p>Espa\u00f1a: HBO Max (completo).<\/p>\n<p>The-CNN-Wire<br \/>&trade; &amp; &copy; 2025 Cable News Network, Inc., a Warner Bros. Discovery Company. All rights reserved.<\/p>\n","protected":false},"excerpt":{"rendered":"<p>La UFC prepar\u00f3 una impecable cartelera para su \u00faltima gran velada del 2025. El UFC 323, que se realizar\u00e1 en el T-Mobile Arena de Las Vegas este s\u00e1bado, decidir\u00e1 dos t\u00edtulos y tambi\u00e9n tendr\u00e1 una destacada presencia latinoamericana en los combates preliminares. El plato fuerte es sin dudas el segundo cap\u00edtulo entre Merab Dvalishvili y [&hellip;]<\/p>\n","protected":false},"author":0,"featured_media":0,"comment_status":"open","ping_status":"open","sticky":false,"template":"","format":"standard","meta":{"_jetpack_memberships_contains_paid_content":false,"footnotes":""},"categories":[10],"tags":[],"class_list":["post-1469012","post","type-post","status-publish","format-standard","hentry","category-noticias-nacionales","market-global"],"yoast_head":"<!-- This site is optimized with the Yoast SEO plugin v24.4 - https:\/\/yoast.com\/wordpress\/plugins\/seo\/ -->\n<title>UFC 323 con la revancha Dvalishvili vs. Yan como plato principal: cartelera, previa, hora y c\u00f3mo ver por TV e internet - Noticias<\/title>\n<meta name=\"robots\" content=\"index, follow, max-snippet:-1, max-image-preview:large, max-video-preview:-1\" \/>\n<link rel=\"canonical\" href=\"https:\/\/noticiasya.com\/2025\/12\/05\/ufc-323-dvalishvili-yan-cartelera-previa-orix\/\" \/>\n<meta property=\"og:locale\" content=\"es_ES\" \/>\n<meta property=\"og:type\" content=\"article\" \/>\n<meta property=\"og:title\" content=\"UFC 323 con la revancha Dvalishvili vs. Yan como plato principal: cartelera, previa, hora y c\u00f3mo ver por TV e internet - Noticias\" \/>\n<meta property=\"og:description\" content=\"La UFC prepar\u00f3 una impecable cartelera para su \u00faltima gran velada del 2025. El UFC 323, que se realizar\u00e1 en el T-Mobile Arena de Las Vegas este s\u00e1bado, decidir\u00e1 dos t\u00edtulos y tambi\u00e9n tendr\u00e1 una destacada presencia latinoamericana en los combates preliminares. El plato fuerte es sin dudas el segundo cap\u00edtulo entre Merab Dvalishvili y [&hellip;]\" \/>\n<meta property=\"og:url\" content=\"https:\/\/noticiasya.com\/2025\/12\/05\/ufc-323-dvalishvili-yan-cartelera-previa-orix\/\" \/>\n<meta property=\"og:site_name\" content=\"Noticias\" \/>\n<meta property=\"article:published_time\" content=\"2025-12-06T00:03:46+00:00\" \/>\n<meta name=\"twitter:card\" content=\"summary_large_image\" \/>\n<meta name=\"twitter:label1\" content=\"Est. reading time\" \/>\n\t<meta name=\"twitter:data1\" content=\"4 minutos\" \/>\n<script type=\"application\/ld+json\" class=\"yoast-schema-graph\">{\"@context\":\"https:\/\/schema.org\",\"@graph\":[{\"@type\":\"Article\",\"@id\":\"https:\/\/noticiasya.com\/2025\/12\/05\/ufc-323-dvalishvili-yan-cartelera-previa-orix\/#article\",\"isPartOf\":{\"@id\":\"https:\/\/noticiasya.com\/2025\/12\/05\/ufc-323-dvalishvili-yan-cartelera-previa-orix\/\"},\"author\":{\"name\":\"\",\"@id\":\"\"},\"headline\":\"UFC 323 con la revancha Dvalishvili vs. Yan como plato principal: cartelera, previa, hora y c\u00f3mo ver por TV e internet\",\"datePublished\":\"2025-12-06T00:03:46+00:00\",\"mainEntityOfPage\":{\"@id\":\"https:\/\/noticiasya.com\/2025\/12\/05\/ufc-323-dvalishvili-yan-cartelera-previa-orix\/\"},\"wordCount\":728,\"commentCount\":0,\"publisher\":{\"@id\":\"https:\/\/noticiasya.com\/#organization\"},\"articleSection\":[\"Noticias Nacionales\"],\"inLanguage\":\"es\",\"potentialAction\":[{\"@type\":\"CommentAction\",\"name\":\"Comment\",\"target\":[\"https:\/\/noticiasya.com\/2025\/12\/05\/ufc-323-dvalishvili-yan-cartelera-previa-orix\/#respond\"]}]},{\"@type\":\"WebPage\",\"@id\":\"https:\/\/noticiasya.com\/2025\/12\/05\/ufc-323-dvalishvili-yan-cartelera-previa-orix\/\",\"url\":\"https:\/\/noticiasya.com\/2025\/12\/05\/ufc-323-dvalishvili-yan-cartelera-previa-orix\/\",\"name\":\"UFC 323 con la revancha Dvalishvili vs. Yan como plato principal: cartelera, previa, hora y c\u00f3mo ver por TV e internet - Noticias\",\"isPartOf\":{\"@id\":\"https:\/\/noticiasya.com\/#website\"},\"datePublished\":\"2025-12-06T00:03:46+00:00\",\"breadcrumb\":{\"@id\":\"https:\/\/noticiasya.com\/2025\/12\/05\/ufc-323-dvalishvili-yan-cartelera-previa-orix\/#breadcrumb\"},\"inLanguage\":\"es\",\"potentialAction\":[{\"@type\":\"ReadAction\",\"target\":[\"https:\/\/noticiasya.com\/2025\/12\/05\/ufc-323-dvalishvili-yan-cartelera-previa-orix\/\"]}]},{\"@type\":\"BreadcrumbList\",\"@id\":\"https:\/\/noticiasya.com\/2025\/12\/05\/ufc-323-dvalishvili-yan-cartelera-previa-orix\/#breadcrumb\",\"itemListElement\":[{\"@type\":\"ListItem\",\"position\":1,\"name\":\"Home\",\"item\":\"https:\/\/noticiasya.com\/\"},{\"@type\":\"ListItem\",\"position\":2,\"name\":\"UFC 323 con la revancha Dvalishvili vs. Yan como plato principal: cartelera, previa, hora y c\u00f3mo ver por TV e internet\"}]},{\"@type\":\"WebSite\",\"@id\":\"https:\/\/noticiasya.com\/#website\",\"url\":\"https:\/\/noticiasya.com\/\",\"name\":\"Noticias\",\"description\":\"Lo que importa\",\"publisher\":{\"@id\":\"https:\/\/noticiasya.com\/#organization\"},\"potentialAction\":[{\"@type\":\"SearchAction\",\"target\":{\"@type\":\"EntryPoint\",\"urlTemplate\":\"https:\/\/noticiasya.com\/?s={search_term_string}\"},\"query-input\":{\"@type\":\"PropertyValueSpecification\",\"valueRequired\":true,\"valueName\":\"search_term_string\"}}],\"inLanguage\":\"es\"},{\"@type\":\"Organization\",\"@id\":\"https:\/\/noticiasya.com\/#organization\",\"name\":\"Noticias\",\"url\":\"https:\/\/noticiasya.com\/\",\"logo\":{\"@type\":\"ImageObject\",\"inLanguage\":\"es\",\"@id\":\"https:\/\/noticiasya.com\/#\/schema\/logo\/image\/\",\"url\":\"https:\/\/noticiasya.com\/wp-content\/uploads\/sites\/22\/2023\/12\/logo-nacional.png\",\"contentUrl\":\"https:\/\/noticiasya.com\/wp-content\/uploads\/sites\/22\/2023\/12\/logo-nacional.png\",\"width\":1801,\"height\":691,\"caption\":\"Noticias\"},\"image\":{\"@id\":\"https:\/\/noticiasya.com\/#\/schema\/logo\/image\/\"}}]}<\/script>\n<!-- \/ Yoast SEO plugin. -->","yoast_head_json":{"title":"UFC 323 con la revancha Dvalishvili vs. Yan como plato principal: cartelera, previa, hora y c\u00f3mo ver por TV e internet - Noticias","robots":{"index":"index","follow":"follow","max-snippet":"max-snippet:-1","max-image-preview":"max-image-preview:large","max-video-preview":"max-video-preview:-1"},"canonical":"https:\/\/noticiasya.com\/2025\/12\/05\/ufc-323-dvalishvili-yan-cartelera-previa-orix\/","og_locale":"es_ES","og_type":"article","og_title":"UFC 323 con la revancha Dvalishvili vs. Yan como plato principal: cartelera, previa, hora y c\u00f3mo ver por TV e internet - Noticias","og_description":"La UFC prepar\u00f3 una impecable cartelera para su \u00faltima gran velada del 2025. El UFC 323, que se realizar\u00e1 en el T-Mobile Arena de Las Vegas este s\u00e1bado, decidir\u00e1 dos t\u00edtulos y tambi\u00e9n tendr\u00e1 una destacada presencia latinoamericana en los combates preliminares. El plato fuerte es sin dudas el segundo cap\u00edtulo entre Merab Dvalishvili y [&hellip;]","og_url":"https:\/\/noticiasya.com\/2025\/12\/05\/ufc-323-dvalishvili-yan-cartelera-previa-orix\/","og_site_name":"Noticias","article_published_time":"2025-12-06T00:03:46+00:00","twitter_card":"summary_large_image","twitter_misc":{"Est. reading time":"4 minutos"},"schema":{"@context":"https:\/\/schema.org","@graph":[{"@type":"Article","@id":"https:\/\/noticiasya.com\/2025\/12\/05\/ufc-323-dvalishvili-yan-cartelera-previa-orix\/#article","isPartOf":{"@id":"https:\/\/noticiasya.com\/2025\/12\/05\/ufc-323-dvalishvili-yan-cartelera-previa-orix\/"},"author":{"name":"","@id":""},"headline":"UFC 323 con la revancha Dvalishvili vs. Yan como plato principal: cartelera, previa, hora y c\u00f3mo ver por TV e internet","datePublished":"2025-12-06T00:03:46+00:00","mainEntityOfPage":{"@id":"https:\/\/noticiasya.com\/2025\/12\/05\/ufc-323-dvalishvili-yan-cartelera-previa-orix\/"},"wordCount":728,"commentCount":0,"publisher":{"@id":"https:\/\/noticiasya.com\/#organization"},"articleSection":["Noticias Nacionales"],"inLanguage":"es","potentialAction":[{"@type":"CommentAction","name":"Comment","target":["https:\/\/noticiasya.com\/2025\/12\/05\/ufc-323-dvalishvili-yan-cartelera-previa-orix\/#respond"]}]},{"@type":"WebPage","@id":"https:\/\/noticiasya.com\/2025\/12\/05\/ufc-323-dvalishvili-yan-cartelera-previa-orix\/","url":"https:\/\/noticiasya.com\/2025\/12\/05\/ufc-323-dvalishvili-yan-cartelera-previa-orix\/","name":"UFC 323 con la revancha Dvalishvili vs. Yan como plato principal: cartelera, previa, hora y c\u00f3mo ver por TV e internet - Noticias","isPartOf":{"@id":"https:\/\/noticiasya.com\/#website"},"datePublished":"2025-12-06T00:03:46+00:00","breadcrumb":{"@id":"https:\/\/noticiasya.com\/2025\/12\/05\/ufc-323-dvalishvili-yan-cartelera-previa-orix\/#breadcrumb"},"inLanguage":"es","potentialAction":[{"@type":"ReadAction","target":["https:\/\/noticiasya.com\/2025\/12\/05\/ufc-323-dvalishvili-yan-cartelera-previa-orix\/"]}]},{"@type":"BreadcrumbList","@id":"https:\/\/noticiasya.com\/2025\/12\/05\/ufc-323-dvalishvili-yan-cartelera-previa-orix\/#breadcrumb","itemListElement":[{"@type":"ListItem","position":1,"name":"Home","item":"https:\/\/noticiasya.com\/"},{"@type":"ListItem","position":2,"name":"UFC 323 con la revancha Dvalishvili vs. Yan como plato principal: cartelera, previa, hora y c\u00f3mo ver por TV e internet"}]},{"@type":"WebSite","@id":"https:\/\/noticiasya.com\/#website","url":"https:\/\/noticiasya.com\/","name":"Noticias","description":"Lo que importa","publisher":{"@id":"https:\/\/noticiasya.com\/#organization"},"potentialAction":[{"@type":"SearchAction","target":{"@type":"EntryPoint","urlTemplate":"https:\/\/noticiasya.com\/?s={search_term_string}"},"query-input":{"@type":"PropertyValueSpecification","valueRequired":true,"valueName":"search_term_string"}}],"inLanguage":"es"},{"@type":"Organization","@id":"https:\/\/noticiasya.com\/#organization","name":"Noticias","url":"https:\/\/noticiasya.com\/","logo":{"@type":"ImageObject","inLanguage":"es","@id":"https:\/\/noticiasya.com\/#\/schema\/logo\/image\/","url":"https:\/\/noticiasya.com\/wp-content\/uploads\/sites\/22\/2023\/12\/logo-nacional.png","contentUrl":"https:\/\/noticiasya.com\/wp-content\/uploads\/sites\/22\/2023\/12\/logo-nacional.png","width":1801,"height":691,"caption":"Noticias"},"image":{"@id":"https:\/\/noticiasya.com\/#\/schema\/logo\/image\/"}}]}},"parsely":{"version":"1.1.0","canonical_url":"https:\/\/noticiasya.com\/midland-odessa\/2025\/12\/05\/ufc-323-dvalishvili-yan-cartelera-previa-orix\/","smart_links":{"inbound":0,"outbound":0},"traffic_boost_suggestions_count":0,"meta":{"@context":"https:\/\/schema.org","@type":"NewsArticle","headline":"UFC 323 con la revancha Dvalishvili vs. Yan como plato principal: cartelera, previa, hora y c\u00f3mo ver por TV e internet","url":"http:\/\/noticiasya.com\/midland-odessa\/2025\/12\/05\/ufc-323-dvalishvili-yan-cartelera-previa-orix\/","mainEntityOfPage":{"@type":"WebPage","@id":"http:\/\/noticiasya.com\/midland-odessa\/2025\/12\/05\/ufc-323-dvalishvili-yan-cartelera-previa-orix\/"},"thumbnailUrl":"","image":{"@type":"ImageObject","url":""},"articleSection":"Noticias Nacionales","author":[],"creator":[],"publisher":{"@type":"Organization","name":"Noticias","logo":""},"keywords":[],"dateCreated":"2025-12-06T00:03:46Z","datePublished":"2025-12-06T00:03:46Z","dateModified":"2025-12-06T00:03:46Z"},"rendered":"<script type=\"application\/ld+json\" class=\"wp-parsely-metadata\">{\"@context\":\"https:\\\/\\\/schema.org\",\"@type\":\"NewsArticle\",\"headline\":\"UFC 323 con la revancha Dvalishvili vs. Yan como plato principal: cartelera, previa, hora y c\\u00f3mo ver por TV e internet\",\"url\":\"http:\\\/\\\/noticiasya.com\\\/midland-odessa\\\/2025\\\/12\\\/05\\\/ufc-323-dvalishvili-yan-cartelera-previa-orix\\\/\",\"mainEntityOfPage\":{\"@type\":\"WebPage\",\"@id\":\"http:\\\/\\\/noticiasya.com\\\/midland-odessa\\\/2025\\\/12\\\/05\\\/ufc-323-dvalishvili-yan-cartelera-previa-orix\\\/\"},\"thumbnailUrl\":\"\",\"image\":{\"@type\":\"ImageObject\",\"url\":\"\"},\"articleSection\":\"Noticias Nacionales\",\"author\":[],\"creator\":[],\"publisher\":{\"@type\":\"Organization\",\"name\":\"Noticias\",\"logo\":\"\"},\"keywords\":[],\"dateCreated\":\"2025-12-06T00:03:46Z\",\"datePublished\":\"2025-12-06T00:03:46Z\",\"dateModified\":\"2025-12-06T00:03:46Z\"}<\/script>","tracker_url":"https:\/\/cdn.parsely.com\/keys\/noticiasya.com\/p.js"},"jetpack_featured_media_url":"","jetpack-related-posts":[{"id":1467090,"url":"https:\/\/noticiasya.com\/midland-odessa\/2025\/10\/03\/ufc-320-ankalaev-pereira-como-ver-orix\/","url_meta":{"origin":1469012,"position":0},"title":"UFC 320, con Ankalaev vs. Pereira: cartelera, previa, horarios, cu\u00e1ndo y c\u00f3mo ver en vivo","author":"","date":"octubre 3, 2025","format":false,"excerpt":"Este s\u00e1bado 4 de octubre, Las Vegas se vestir\u00e1 de gala para recibir uno de los eventos m\u00e1s esperados del a\u00f1o en artes marciales mixtas, con el UFC 320: Ankalaev vs. Pereira 2, que tendr\u00e1 lugar en el T-Mobile Arena. La capital mundial del combate ser\u00e1 testigo de una cartelera\u2026","rel":"","context":"In &quot;Noticias Nacionales&quot;","block_context":{"text":"Noticias Nacionales","link":"https:\/\/noticiasya.com\/midland-odessa\/categoria\/noticias-nacionales"},"img":{"alt_text":"","src":"","width":0,"height":0},"classes":[]},{"id":1472024,"url":"https:\/\/noticiasya.com\/midland-odessa\/2026\/03\/09\/ufc-freedom-250-casa-blanca-topuria-orix\/","url_meta":{"origin":1469012,"position":1},"title":"UFC confirm\u00f3 la cartelera para el evento en la Casa Blanca, con Ilia Topuria vs. Justin Gaethje como plato fuerte","author":"","date":"marzo 9, 2026","format":false,"excerpt":"La espera se termin\u00f3. Por fin se revel\u00f3 la tan esperada cartelera del UFC Freedom 250 , una velada especial que la compa\u00f1\u00eda de artes marciales mixtas de Dana White realizar\u00e1 en la mism\u00edsima Casa Blanca, con motivo de las celebraciones del 250 aniversario de la independencia estadounidense (de all\u00ed\u2026","rel":"","context":"In &quot;Noticias Nacionales&quot;","block_context":{"text":"Noticias Nacionales","link":"https:\/\/noticiasya.com\/midland-odessa\/categoria\/noticias-nacionales"},"img":{"alt_text":"","src":"","width":0,"height":0},"classes":[]},{"id":1470672,"url":"https:\/\/noticiasya.com\/midland-odessa\/2026\/01\/30\/ufc-325-volkanovski-lopes-cartelera-hora-orix\/","url_meta":{"origin":1469012,"position":2},"title":"UFC 325 con la revancha Volkanovski vs. Diego Lopes como plato fuerte: cartelera, previa, hora y c\u00f3mo ver por TV e internet","author":"","date":"enero 30, 2026","format":false,"excerpt":"A pesar de que las artes marciales mixtas todav\u00eda se deleitan con el UFC 324 y la excelente pelea principal donde Justin Gaethje tumb\u00f3 al ascendente Paddy Pimblett, la compa\u00f1\u00eda de Dana White ya tiene listo el segundo gran evento de este 2026: el UFC 325.Apenas una semana despu\u00e9s de\u2026","rel":"","context":"In &quot;Noticias Nacionales&quot;","block_context":{"text":"Noticias Nacionales","link":"https:\/\/noticiasya.com\/midland-odessa\/categoria\/noticias-nacionales"},"img":{"alt_text":"","src":"","width":0,"height":0},"classes":[]},{"id":1471744,"url":"https:\/\/noticiasya.com\/midland-odessa\/2026\/02\/27\/ufc-mexico-2026-moreno-kavanagh-orix\/","url_meta":{"origin":1469012,"position":3},"title":"UFC M\u00e9xico 2026, con Moreno vs. Kavanagh como plato principal: previa, cartelera, hora y c\u00f3mo ver por TV e internet","author":"","date":"febrero 27, 2026","format":false,"excerpt":"M\u00e9xico est\u00e1 listo para la gran fiesta del UFC del a\u00f1o. Este s\u00e1bado, la Ciudad de M\u00e9xico se robar\u00e1 las miradas de los amantes de las artes marciales mixtas, con el UFC Fight Night en el Arena CDMX.Como sucede en estos casos, donde la compa\u00f1\u00eda organiza una velada completa en\u2026","rel":"","context":"In &quot;Noticias Nacionales&quot;","block_context":{"text":"Noticias Nacionales","link":"https:\/\/noticiasya.com\/midland-odessa\/categoria\/noticias-nacionales"},"img":{"alt_text":"","src":"","width":0,"height":0},"classes":[]},{"id":1467711,"url":"https:\/\/noticiasya.com\/midland-odessa\/2025\/10\/24\/ufc-321-aspinall-gane-cartelera-horarios-orix\/","url_meta":{"origin":1469012,"position":4},"title":"UFC 321 con Aspinall vs. Gane como plato principal: cartelera, previa, horarios y c\u00f3mo ver por TV e internet","author":"","date":"octubre 24, 2025","format":false,"excerpt":"Le lleg\u00f3 la hora a Tom Aspinall. Despu\u00e9s de una larga espera, el luchador brit\u00e1nico, ahora campe\u00f3n absoluto de peso pesado de la UFC, tendr\u00e1 su primera defensa del t\u00edtulo ante el franc\u00e9s Ciryl Gane este s\u00e1bado en Emiratos \u00c1rabes Unidos en un horario bastante inusual para lo que es\u2026","rel":"","context":"In &quot;Noticias Nacionales&quot;","block_context":{"text":"Noticias Nacionales","link":"https:\/\/noticiasya.com\/midland-odessa\/categoria\/noticias-nacionales"},"img":{"alt_text":"","src":"","width":0,"height":0},"classes":[]},{"id":1468361,"url":"https:\/\/noticiasya.com\/midland-odessa\/2025\/11\/14\/ufc-322-della-maddalena-makhachev-orix\/","url_meta":{"origin":1469012,"position":5},"title":"UFC 322, con Della Maddalena vs. Makhachev como plato principal: cartelera, previa, hora y c\u00f3mo ver por TV e internet","author":"","date":"noviembre 14, 2025","format":false,"excerpt":"El m\u00edtico Madison Square Garden ser\u00e1 escenario de una de las \u00faltimas veladas del a\u00f1o para la UFC. Con promesa de grandes peleas, incluidas un par por el t\u00edtulo mundial, este s\u00e1bado (y madrugada de domingo) llega el UFC 322, que tendr\u00e1 como plato principal el combate entre el australiano\u2026","rel":"","context":"In &quot;Noticias Nacionales&quot;","block_context":{"text":"Noticias Nacionales","link":"https:\/\/noticiasya.com\/midland-odessa\/categoria\/noticias-nacionales"},"img":{"alt_text":"","src":"","width":0,"height":0},"classes":[]}],"jetpack_sharing_enabled":true,"_links":{"self":[{"href":"https:\/\/noticiasya.com\/midland-odessa\/wp-json\/wp\/v2\/posts\/1469012","targetHints":{"allow":["GET"]}}],"collection":[{"href":"https:\/\/noticiasya.com\/midland-odessa\/wp-json\/wp\/v2\/posts"}],"about":[{"href":"https:\/\/noticiasya.com\/midland-odessa\/wp-json\/wp\/v2\/types\/post"}],"replies":[{"embeddable":true,"href":"https:\/\/noticiasya.com\/midland-odessa\/wp-json\/wp\/v2\/comments?post=1469012"}],"version-history":[{"count":0,"href":"https:\/\/noticiasya.com\/midland-odessa\/wp-json\/wp\/v2\/posts\/1469012\/revisions"}],"wp:attachment":[{"href":"https:\/\/noticiasya.com\/midland-odessa\/wp-json\/wp\/v2\/media?parent=1469012"}],"wp:term":[{"taxonomy":"category","embeddable":true,"href":"https:\/\/noticiasya.com\/midland-odessa\/wp-json\/wp\/v2\/categories?post=1469012"},{"taxonomy":"post_tag","embeddable":true,"href":"https:\/\/noticiasya.com\/midland-odessa\/wp-json\/wp\/v2\/tags?post=1469012"}],"curies":[{"name":"wp","href":"https:\/\/api.w.org\/{rel}","templated":true}]}}