{"id":1469017,"date":"2025-12-05T17:03:46","date_gmt":"2025-12-06T01:03:46","guid":{"rendered":"https:\/\/noticiasya.com\/2025\/12\/05\/f16-arribo-cordoba-dinamarca-orix\/"},"modified":"2025-12-05T17:03:46","modified_gmt":"2025-12-06T01:03:46","slug":"f16-arribo-cordoba-dinamarca-orix","status":"publish","type":"post","link":"https:\/\/noticiasya.com\/midland-odessa\/2025\/12\/05\/f16-arribo-cordoba-dinamarca-orix\/","title":{"rendered":"Argentina entra al club de los F-16: llegan al pa\u00eds los primeros seis cazas comprados a Dinamarca"},"content":{"rendered":"<p>Desde el retiro de los cazas Mirage III en 2015, Argentina, el <a href=\"https:\/\/www.cia.gov\/the-world-factbook\/countries\/argentina\/\">octavo pa\u00eds del mundo en superficie y la 29\u00b0 econom\u00eda global, <\/a>no ha contado con aviones de combate modernos en su arsenal, en un <a href=\"https:\/\/cnnespanol.cnn.com\/2025\/02\/25\/latinoamerica\/poder-aereo-america-latina-argentina-f16-orix\">contexto de d\u00e9cadas de bajo gasto en Defensa<\/a> y de fuertes p\u00e9rdidas durante la Guerra de las Malvinas, en 1982, de las cuales nunca se recuper\u00f3 del todo.<\/p>\n<p>La llegada este viernes de los primeros seis cazas F-16 comprados en 2024 a Dinamarca, seg\u00fan <a href=\"https:\/\/x.com\/MinDefensa_Ar\">inform\u00f3 <\/a>el Ministerio de Defensa en un comunicado, significa un giro para las Fuerzas Armadas del pa\u00eds sudamericano, que <a href=\"https:\/\/cnnespanol.cnn.com\/2024\/06\/02\/analisis-f16-otan-china-argentina-orix\">se enmarca en un renovado inter\u00e9s del Gobierno del presidente Javier Milei <\/a>\u2014<a href=\"https:\/\/cnnespanol.cnn.com\/2024\/06\/02\/analisis-f16-otan-china-argentina-orix\">un autodenominado libertario que se ha mostrado cercano a las Fuerzas Armadas<\/a>\u2014<a href=\"https:\/\/cnnespanol.cnn.com\/2024\/06\/02\/analisis-f16-otan-china-argentina-orix\"> por la Defensa<\/a>, y por acercarse a EE.UU. y el Gobierno de Donald Trump en materia de pol\u00edtica exterior.<\/p>\n<p>Argentina <a href=\"https:\/\/cnnespanol.cnn.com\/2024\/04\/16\/argentina-compra-aviones-f-16-dinamarca-orix\">compr\u00f3 <\/a>en total 24 F-16 usados a Dinamarca por <a href=\"https:\/\/cnnespanol.cnn.com\/2025\/02\/25\/latinoamerica\/poder-aereo-america-latina-argentina-f16-orix\">unos US$ 300 millones<\/a> (aunque, contando armamentos y otros costos, <a href=\"https:\/\/www.lockheedmartin.com\/content\/dam\/lockheed-martin\/aero\/documents\/F-16\/24-19662_001%202024F-16FastFacts_Dec.pdf\">el contrato podr\u00eda ascender a m\u00e1s de US$ 900 millones, seg\u00fan Lockheed Martin)<\/a>, la mayor adquisici\u00f3n de aeronaves militares del pa\u00eds en d\u00e9cadas.<\/p>\n<p>El F-16 se impuso sobre el<a href=\"https:\/\/www.argentina.gob.ar\/noticias\/defensa-geopolitica-y-adquisiciones-militares\"> caza chino JF-17,<\/a> el cual Argentina tambi\u00e9n consider\u00f3 para volver a equipar su Fuerza A\u00e9rea con una aeronave moderna.<\/p>\n<p>Estaba pautado que la entrega de los F-16 se hiciera en forma escalonada: un primera aeronave de entrenamiento <a href=\"https:\/\/cnnespanol.cnn.com\/2025\/02\/25\/latinoamerica\/poder-aereo-america-latina-argentina-f16-orix\">lleg\u00f3 <\/a>en diciembre de 2024, y ahora es el turno de un primer lote de seis cazas que arribaron al \u00c1rea Material R\u00edo Cuarto, una <a href=\"https:\/\/www.facebook.com\/reel\/1830080594303677\">base a\u00e9rea en Las Higueras, provincia de C\u00f3rdoba.<\/a><\/p>\n<p>\u201cEsta llegada simboliza un hito estrat\u00e9gico que consolida la recuperaci\u00f3n de la capacidad de intersecci\u00f3n supers\u00f3nica y fortalece la defensa del espacio a\u00e9reo nacional\u201d, <a href=\"https:\/\/x.com\/MinDefensa_Ar\">dice <\/a>el comunicado publicado en X.<\/p>\n<p>El s\u00e1bado, los aviones r<a href=\"https:\/\/x.com\/MinDefensa_Ar\/status\/1996921023598309757\">ealizar\u00e1n un vuelo rasante por la ciudad de Buenos Aires,<\/a> capital de Argentina, a las 9 am hora local (7 am et), para luego retornar a C\u00f3rdoba para una ceremonia oficial en la que participar\u00e1 Milei.<\/p>\n<p>As\u00ed, Argentina ha entrado formalmente al club de los F-16: un caza polivalente fabricado por la estadounidense Lockheed Martin que vol\u00f3 por primera vez en 1976 y que <a href=\"https:\/\/www.lockheedmartin.com\/en-us\/products\/f-16.html\">es operado actualmente, en todas sus m\u00faltiples versiones, por 29 pa\u00edses.<\/a> M\u00e1s peque\u00f1o que el potente F-15 y menos avanzado que los vanguardistas F-22 y F-35, el confiable F-16 se ha convertido a\u00fan as\u00ed en un s\u00edmbolo de la industria aeron\u00e1utica estadounidense y en un \u00e9xito de exportaci\u00f3n.<\/p>\n<p>En Latinoam\u00e9rica son tres los pa\u00edses que vuelan el F-16<a href=\"https:\/\/cnnespanol.cnn.com\/2025\/02\/25\/latinoamerica\/poder-aereo-america-latina-argentina-f16-orix\">: Chile, Venezuela y ahora Argentina.<\/a> Mientras que en e<a href=\"https:\/\/www.lockheedmartin.com\/content\/dam\/lockheed-martin\/aero\/documents\/F-16\/25-00759_001_F-16FastFacts_12_2025.pdf\">l resto del mundo<\/a> los operarios del F-16 van desde Israel hasta Pakist\u00e1n, y de B\u00e9lgica a Taiw\u00e1n, pasando por Ucrania, que tras operar exclusivamente <a href=\"https:\/\/www.cnn.com\/2025\/06\/29\/europe\/ukraine-f-16-pilot-killed-russia\">una flota de origen sovi\u00e9tico comenz\u00f3 a usarlos en la guerra con Rusia.<\/a><\/p>\n<p>De acuerdo con<a href=\"https:\/\/www.lockheedmartin.com\/en-us\/products\/f-16.html\"> datos de Lockheed Martin,<\/a> hay unos 3.100 F-16 en servicio en todo el mundo, y su versi\u00f3n m\u00e1s avanzada \u2014que a\u00fan se produce\u2014 es el <a href=\"https:\/\/www.lockheedmartin.com\/content\/dam\/lockheed-martin\/aero\/documents\/F-16\/25-00470_F-16%20Block70_72_Product%20Card_Jan%202025.pdf\">F-16 C\/D block 70\/72<\/a>. Seg\u00fan su <a href=\"https:\/\/www.lockheedmartin.com\/en-us\/products\/f-16.html\">fabricante<\/a>, se trata del \u201ccaza de cuarta generaci\u00f3n m\u00e1s avanzado jam\u00e1s construido y aporta un nuevo nivel de capacidad a las fuerzas a\u00e9reas de todo el mundo\u201d.<\/p>\n<p>Los <a href=\"https:\/\/www.lockheedmartin.com\/content\/dam\/lockheed-martin\/aero\/documents\/F-16\/24-19662_001%202024F-16FastFacts_Dec.pdf\">F-16 A\/B block 10\/15<\/a> comprados por Argentina son m\u00e1s modestos y, sobre todo, m\u00e1s viejos: Dinamarca recibi\u00f3 su flota de F-16 <a href=\"https:\/\/www.jstor.org\/stable\/resrep05274.4?seq=4\">entre 1980 y 1985<\/a>, aunque los ha estado modernizando constantemente. El pa\u00eds europeo est\u00e1 ahora en<a href=\"https:\/\/www.reuters.com\/business\/aerospace-defense\/denmark-boost-arctic-defence-by-426-billion-greenland-government-says-2025-10-10\/\"> el proceso de reemplazarlos por los modernos F-35, tambi\u00e9n de Lockheed Martin, <\/a>y adem\u00e1s de la venta a Argentina ha enviado otros F-16 a Ucrania.<\/p>\n<p>Pero en comparaci\u00f3n con los A-4AR Fightinghawk, una versi\u00f3n modernizada de un caza que vol\u00f3 por primera vez en la d\u00e9cada de 1950, y los entrenadores de desarrollo argentino Pampa volados por la Fuerza A\u00e9rea Argentina, o incluso los a\u00fan m\u00e1s viejos Mirage III que se dieron de baja en 2015, constituye una mejora notable.<\/p>\n<p>Los longevos F-16 tambi\u00e9n suman valor en <a href=\"https:\/\/cnnespanol.cnn.com\/2025\/02\/25\/latinoamerica\/poder-aereo-america-latina-argentina-f16-orix\">comparaci\u00f3n con los cazas volados por otro pa\u00edses de Latinoam\u00e9rica, <\/a>un continente que no se caracteriza por una fuerte inversi\u00f3n en Defensa. Aunque los Saab <a href=\"https:\/\/cnnespanol.cnn.com\/2025\/02\/25\/latinoamerica\/poder-aereo-america-latina-argentina-f16-orix\">Gripen <\/a>suecos de Brasil, y en el futuro <a href=\"https:\/\/www.saab.com\/newsroom\/press-releases\/2025\/saab-signs-contract-for-gripen-ef-with-colombia\">Colombia<\/a>, y los F-16 m\u00e1s modernos de Chile los superan en tecnolog\u00eda.<\/p>\n<p>Argentina, que atraves\u00f3 entre 1976 y 1983 una violenta dictadura militar, mantuvo en las d\u00e9cadas posteriores una relaci\u00f3n conflictiva entre los gobiernos civiles posteriores y las Fuerzas Armadas, que se tradujo en una progresiva reducci\u00f3n del gasto en Defensa.<\/p>\n<p>La <a href=\"https:\/\/cnnespanol.cnn.com\/2024\/04\/02\/latinoamerica\/guerra-malvinas-argentina-reino-unido-42-orix\">derrota <\/a>en la guerra de Malvinas de 1982, en la que Argentina<a href=\"https:\/\/www.argentina.gob.ar\/sites\/default\/files\/ar_iaadehn_coacmlv_0488_6_a_7.pdf\"> perdi\u00f3 unas 100 aeronaves, entre aviones y helic\u00f3pteros,<\/a> tens\u00f3 a\u00fan m\u00e1s la situaci\u00f3n.<\/p>\n<p>Ahora, Milei est\u00e1 dando se\u00f1ales de un renovado inter\u00e9s en el equipamiento de las Fuerzas Armadas: adem\u00e1s de los F-16, se compraron aviones <a href=\"https:\/\/cnnespanol.cnn.com\/2024\/09\/16\/argentina-gasto-defensa-milei-orix\">de control y vigilancia Lockheed P-3C Orion<\/a> para la Armada, veh\u00edculos de <a href=\"https:\/\/www.argentina.gob.ar\/noticias\/presentacion-de-los-vehiculos-de-combate-blindados-rueda-stryker-8x8\">combate Stryker<\/a> para el Ej\u00e9rcito y el Gobierno est\u00e1 a la b\u00fasqueda de <a href=\"https:\/\/cnnespanol.cnn.com\/2024\/09\/16\/argentina-gasto-defensa-milei-orix\">procurar submarinos franceses<\/a> (no opera este tipo de buque tras la<a href=\"https:\/\/cnnespanol.cnn.com\/2018\/11\/16\/estas-son-las-44-personas-que-estan-a-bordo-del-submarino-argentino-desaparecido\"> tr\u00e1gica p\u00e9rdida del ARA San Juan, que desapareci\u00f3 en 2017 con sus 44 tripulantes a bordo)<\/a>.<\/p>\n<p>Todav\u00eda no est\u00e1 claro qu\u00e9 piensa hacer Argentina con este nuevo equipo militar, m\u00e1s all\u00e1 de la intenci\u00f3n, como se\u00f1al\u00f3 el comunicado del Ministerio de Defensa, de restaurar capacidades perdidas. Pero en un mundo cada vez m\u00e1s atravesado por conflictos, de Gaza a Ucrania, la Defensa ha vuelto a estar en la agenda.<\/p>\n<p>The-CNN-Wire<br \/>&trade; &amp; &copy; 2025 Cable News Network, Inc., a Warner Bros. Discovery Company. All rights reserved.<\/p>\n","protected":false},"excerpt":{"rendered":"<p>Desde el retiro de los cazas Mirage III en 2015, Argentina, el octavo pa\u00eds del mundo en superficie y la 29\u00b0 econom\u00eda global, no ha contado con aviones de combate modernos en su arsenal, en un contexto de d\u00e9cadas de bajo gasto en Defensa y de fuertes p\u00e9rdidas durante la Guerra de las Malvinas, en [&hellip;]<\/p>\n","protected":false},"author":0,"featured_media":0,"comment_status":"open","ping_status":"open","sticky":false,"template":"","format":"standard","meta":{"_jetpack_memberships_contains_paid_content":false,"footnotes":""},"categories":[10],"tags":[],"class_list":["post-1469017","post","type-post","status-publish","format-standard","hentry","category-noticias-nacionales","market-global"],"yoast_head":"<!-- This site is optimized with the Yoast SEO plugin v24.4 - https:\/\/yoast.com\/wordpress\/plugins\/seo\/ -->\n<title>Argentina entra al club de los F-16: llegan al pa\u00eds los primeros seis cazas comprados a Dinamarca - Noticias<\/title>\n<meta name=\"robots\" content=\"index, follow, max-snippet:-1, max-image-preview:large, max-video-preview:-1\" \/>\n<link rel=\"canonical\" href=\"https:\/\/noticiasya.com\/2025\/12\/05\/f16-arribo-cordoba-dinamarca-orix\/\" \/>\n<meta property=\"og:locale\" content=\"es_ES\" \/>\n<meta property=\"og:type\" content=\"article\" \/>\n<meta property=\"og:title\" content=\"Argentina entra al club de los F-16: llegan al pa\u00eds los primeros seis cazas comprados a Dinamarca - Noticias\" \/>\n<meta property=\"og:description\" content=\"Desde el retiro de los cazas Mirage III en 2015, Argentina, el octavo pa\u00eds del mundo en superficie y la 29\u00b0 econom\u00eda global, no ha contado con aviones de combate modernos en su arsenal, en un contexto de d\u00e9cadas de bajo gasto en Defensa y de fuertes p\u00e9rdidas durante la Guerra de las Malvinas, en [&hellip;]\" \/>\n<meta property=\"og:url\" content=\"https:\/\/noticiasya.com\/2025\/12\/05\/f16-arribo-cordoba-dinamarca-orix\/\" \/>\n<meta property=\"og:site_name\" content=\"Noticias\" \/>\n<meta property=\"article:published_time\" content=\"2025-12-06T01:03:46+00:00\" \/>\n<meta name=\"twitter:card\" content=\"summary_large_image\" \/>\n<meta name=\"twitter:label1\" content=\"Est. reading time\" \/>\n\t<meta name=\"twitter:data1\" content=\"5 minutos\" \/>\n<script type=\"application\/ld+json\" class=\"yoast-schema-graph\">{\"@context\":\"https:\/\/schema.org\",\"@graph\":[{\"@type\":\"Article\",\"@id\":\"https:\/\/noticiasya.com\/2025\/12\/05\/f16-arribo-cordoba-dinamarca-orix\/#article\",\"isPartOf\":{\"@id\":\"https:\/\/noticiasya.com\/2025\/12\/05\/f16-arribo-cordoba-dinamarca-orix\/\"},\"author\":{\"name\":\"\",\"@id\":\"\"},\"headline\":\"Argentina entra al club de los F-16: llegan al pa\u00eds los primeros seis cazas comprados a Dinamarca\",\"datePublished\":\"2025-12-06T01:03:46+00:00\",\"mainEntityOfPage\":{\"@id\":\"https:\/\/noticiasya.com\/2025\/12\/05\/f16-arribo-cordoba-dinamarca-orix\/\"},\"wordCount\":988,\"commentCount\":0,\"publisher\":{\"@id\":\"https:\/\/noticiasya.com\/#organization\"},\"articleSection\":[\"Noticias Nacionales\"],\"inLanguage\":\"es\",\"potentialAction\":[{\"@type\":\"CommentAction\",\"name\":\"Comment\",\"target\":[\"https:\/\/noticiasya.com\/2025\/12\/05\/f16-arribo-cordoba-dinamarca-orix\/#respond\"]}]},{\"@type\":\"WebPage\",\"@id\":\"https:\/\/noticiasya.com\/2025\/12\/05\/f16-arribo-cordoba-dinamarca-orix\/\",\"url\":\"https:\/\/noticiasya.com\/2025\/12\/05\/f16-arribo-cordoba-dinamarca-orix\/\",\"name\":\"Argentina entra al club de los F-16: llegan al pa\u00eds los primeros seis cazas comprados a Dinamarca - Noticias\",\"isPartOf\":{\"@id\":\"https:\/\/noticiasya.com\/#website\"},\"datePublished\":\"2025-12-06T01:03:46+00:00\",\"breadcrumb\":{\"@id\":\"https:\/\/noticiasya.com\/2025\/12\/05\/f16-arribo-cordoba-dinamarca-orix\/#breadcrumb\"},\"inLanguage\":\"es\",\"potentialAction\":[{\"@type\":\"ReadAction\",\"target\":[\"https:\/\/noticiasya.com\/2025\/12\/05\/f16-arribo-cordoba-dinamarca-orix\/\"]}]},{\"@type\":\"BreadcrumbList\",\"@id\":\"https:\/\/noticiasya.com\/2025\/12\/05\/f16-arribo-cordoba-dinamarca-orix\/#breadcrumb\",\"itemListElement\":[{\"@type\":\"ListItem\",\"position\":1,\"name\":\"Home\",\"item\":\"https:\/\/noticiasya.com\/\"},{\"@type\":\"ListItem\",\"position\":2,\"name\":\"Argentina entra al club de los F-16: llegan al pa\u00eds los primeros seis cazas comprados a Dinamarca\"}]},{\"@type\":\"WebSite\",\"@id\":\"https:\/\/noticiasya.com\/#website\",\"url\":\"https:\/\/noticiasya.com\/\",\"name\":\"Noticias\",\"description\":\"Lo que importa\",\"publisher\":{\"@id\":\"https:\/\/noticiasya.com\/#organization\"},\"potentialAction\":[{\"@type\":\"SearchAction\",\"target\":{\"@type\":\"EntryPoint\",\"urlTemplate\":\"https:\/\/noticiasya.com\/?s={search_term_string}\"},\"query-input\":{\"@type\":\"PropertyValueSpecification\",\"valueRequired\":true,\"valueName\":\"search_term_string\"}}],\"inLanguage\":\"es\"},{\"@type\":\"Organization\",\"@id\":\"https:\/\/noticiasya.com\/#organization\",\"name\":\"Noticias\",\"url\":\"https:\/\/noticiasya.com\/\",\"logo\":{\"@type\":\"ImageObject\",\"inLanguage\":\"es\",\"@id\":\"https:\/\/noticiasya.com\/#\/schema\/logo\/image\/\",\"url\":\"https:\/\/noticiasya.com\/wp-content\/uploads\/sites\/22\/2023\/12\/logo-nacional.png\",\"contentUrl\":\"https:\/\/noticiasya.com\/wp-content\/uploads\/sites\/22\/2023\/12\/logo-nacional.png\",\"width\":1801,\"height\":691,\"caption\":\"Noticias\"},\"image\":{\"@id\":\"https:\/\/noticiasya.com\/#\/schema\/logo\/image\/\"}}]}<\/script>\n<!-- \/ Yoast SEO plugin. -->","yoast_head_json":{"title":"Argentina entra al club de los F-16: llegan al pa\u00eds los primeros seis cazas comprados a Dinamarca - Noticias","robots":{"index":"index","follow":"follow","max-snippet":"max-snippet:-1","max-image-preview":"max-image-preview:large","max-video-preview":"max-video-preview:-1"},"canonical":"https:\/\/noticiasya.com\/2025\/12\/05\/f16-arribo-cordoba-dinamarca-orix\/","og_locale":"es_ES","og_type":"article","og_title":"Argentina entra al club de los F-16: llegan al pa\u00eds los primeros seis cazas comprados a Dinamarca - Noticias","og_description":"Desde el retiro de los cazas Mirage III en 2015, Argentina, el octavo pa\u00eds del mundo en superficie y la 29\u00b0 econom\u00eda global, no ha contado con aviones de combate modernos en su arsenal, en un contexto de d\u00e9cadas de bajo gasto en Defensa y de fuertes p\u00e9rdidas durante la Guerra de las Malvinas, en [&hellip;]","og_url":"https:\/\/noticiasya.com\/2025\/12\/05\/f16-arribo-cordoba-dinamarca-orix\/","og_site_name":"Noticias","article_published_time":"2025-12-06T01:03:46+00:00","twitter_card":"summary_large_image","twitter_misc":{"Est. reading time":"5 minutos"},"schema":{"@context":"https:\/\/schema.org","@graph":[{"@type":"Article","@id":"https:\/\/noticiasya.com\/2025\/12\/05\/f16-arribo-cordoba-dinamarca-orix\/#article","isPartOf":{"@id":"https:\/\/noticiasya.com\/2025\/12\/05\/f16-arribo-cordoba-dinamarca-orix\/"},"author":{"name":"","@id":""},"headline":"Argentina entra al club de los F-16: llegan al pa\u00eds los primeros seis cazas comprados a Dinamarca","datePublished":"2025-12-06T01:03:46+00:00","mainEntityOfPage":{"@id":"https:\/\/noticiasya.com\/2025\/12\/05\/f16-arribo-cordoba-dinamarca-orix\/"},"wordCount":988,"commentCount":0,"publisher":{"@id":"https:\/\/noticiasya.com\/#organization"},"articleSection":["Noticias Nacionales"],"inLanguage":"es","potentialAction":[{"@type":"CommentAction","name":"Comment","target":["https:\/\/noticiasya.com\/2025\/12\/05\/f16-arribo-cordoba-dinamarca-orix\/#respond"]}]},{"@type":"WebPage","@id":"https:\/\/noticiasya.com\/2025\/12\/05\/f16-arribo-cordoba-dinamarca-orix\/","url":"https:\/\/noticiasya.com\/2025\/12\/05\/f16-arribo-cordoba-dinamarca-orix\/","name":"Argentina entra al club de los F-16: llegan al pa\u00eds los primeros seis cazas comprados a Dinamarca - Noticias","isPartOf":{"@id":"https:\/\/noticiasya.com\/#website"},"datePublished":"2025-12-06T01:03:46+00:00","breadcrumb":{"@id":"https:\/\/noticiasya.com\/2025\/12\/05\/f16-arribo-cordoba-dinamarca-orix\/#breadcrumb"},"inLanguage":"es","potentialAction":[{"@type":"ReadAction","target":["https:\/\/noticiasya.com\/2025\/12\/05\/f16-arribo-cordoba-dinamarca-orix\/"]}]},{"@type":"BreadcrumbList","@id":"https:\/\/noticiasya.com\/2025\/12\/05\/f16-arribo-cordoba-dinamarca-orix\/#breadcrumb","itemListElement":[{"@type":"ListItem","position":1,"name":"Home","item":"https:\/\/noticiasya.com\/"},{"@type":"ListItem","position":2,"name":"Argentina entra al club de los F-16: llegan al pa\u00eds los primeros seis cazas comprados a Dinamarca"}]},{"@type":"WebSite","@id":"https:\/\/noticiasya.com\/#website","url":"https:\/\/noticiasya.com\/","name":"Noticias","description":"Lo que importa","publisher":{"@id":"https:\/\/noticiasya.com\/#organization"},"potentialAction":[{"@type":"SearchAction","target":{"@type":"EntryPoint","urlTemplate":"https:\/\/noticiasya.com\/?s={search_term_string}"},"query-input":{"@type":"PropertyValueSpecification","valueRequired":true,"valueName":"search_term_string"}}],"inLanguage":"es"},{"@type":"Organization","@id":"https:\/\/noticiasya.com\/#organization","name":"Noticias","url":"https:\/\/noticiasya.com\/","logo":{"@type":"ImageObject","inLanguage":"es","@id":"https:\/\/noticiasya.com\/#\/schema\/logo\/image\/","url":"https:\/\/noticiasya.com\/wp-content\/uploads\/sites\/22\/2023\/12\/logo-nacional.png","contentUrl":"https:\/\/noticiasya.com\/wp-content\/uploads\/sites\/22\/2023\/12\/logo-nacional.png","width":1801,"height":691,"caption":"Noticias"},"image":{"@id":"https:\/\/noticiasya.com\/#\/schema\/logo\/image\/"}}]}},"parsely":{"version":"1.1.0","canonical_url":"https:\/\/noticiasya.com\/midland-odessa\/2025\/12\/05\/f16-arribo-cordoba-dinamarca-orix\/","smart_links":{"inbound":0,"outbound":0},"traffic_boost_suggestions_count":0,"meta":{"@context":"https:\/\/schema.org","@type":"NewsArticle","headline":"Argentina entra al club de los F-16: llegan al pa\u00eds los primeros seis cazas comprados a Dinamarca","url":"http:\/\/noticiasya.com\/midland-odessa\/2025\/12\/05\/f16-arribo-cordoba-dinamarca-orix\/","mainEntityOfPage":{"@type":"WebPage","@id":"http:\/\/noticiasya.com\/midland-odessa\/2025\/12\/05\/f16-arribo-cordoba-dinamarca-orix\/"},"thumbnailUrl":"","image":{"@type":"ImageObject","url":""},"articleSection":"Noticias Nacionales","author":[],"creator":[],"publisher":{"@type":"Organization","name":"Noticias","logo":""},"keywords":[],"dateCreated":"2025-12-06T01:03:46Z","datePublished":"2025-12-06T01:03:46Z","dateModified":"2025-12-06T01:03:46Z"},"rendered":"<script type=\"application\/ld+json\" class=\"wp-parsely-metadata\">{\"@context\":\"https:\\\/\\\/schema.org\",\"@type\":\"NewsArticle\",\"headline\":\"Argentina entra al club de los F-16: llegan al pa\\u00eds los primeros seis cazas comprados a Dinamarca\",\"url\":\"http:\\\/\\\/noticiasya.com\\\/midland-odessa\\\/2025\\\/12\\\/05\\\/f16-arribo-cordoba-dinamarca-orix\\\/\",\"mainEntityOfPage\":{\"@type\":\"WebPage\",\"@id\":\"http:\\\/\\\/noticiasya.com\\\/midland-odessa\\\/2025\\\/12\\\/05\\\/f16-arribo-cordoba-dinamarca-orix\\\/\"},\"thumbnailUrl\":\"\",\"image\":{\"@type\":\"ImageObject\",\"url\":\"\"},\"articleSection\":\"Noticias Nacionales\",\"author\":[],\"creator\":[],\"publisher\":{\"@type\":\"Organization\",\"name\":\"Noticias\",\"logo\":\"\"},\"keywords\":[],\"dateCreated\":\"2025-12-06T01:03:46Z\",\"datePublished\":\"2025-12-06T01:03:46Z\",\"dateModified\":\"2025-12-06T01:03:46Z\"}<\/script>","tracker_url":"https:\/\/cdn.parsely.com\/keys\/noticiasya.com\/p.js"},"jetpack_featured_media_url":"","jetpack-related-posts":[{"id":1459175,"url":"https:\/\/noticiasya.com\/midland-odessa\/2025\/02\/25\/poder-aereo-america-latina-argentina-f16-orix\/","url_meta":{"origin":1469017,"position":0},"title":"Argentina present\u00f3 el primero de los F-16 comprados a Dinamarca. \u00bfC\u00f3mo se compara el poder a\u00e9reo en Am\u00e9rica Latina?","author":"","date":"febrero 25, 2025","format":false,"excerpt":"En un mundo donde las guerras, especialmente Ucrania, Gaza y el Congo, han vuelto ocupar la agenda global, el Gobierno de Argentina present\u00f3 formalmente el lunes su \u00faltima adquisici\u00f3n militar: el primero de los cazas F-16 comprados el a\u00f1o pasado a Dinamarca.\u201cUn d\u00eda hist\u00f3rico para la reconstrucci\u00f3n de nuestra Defensa\u2026","rel":"","context":"In &quot;Noticias Nacionales&quot;","block_context":{"text":"Noticias Nacionales","link":"https:\/\/noticiasya.com\/midland-odessa\/categoria\/noticias-nacionales"},"img":{"alt_text":"","src":"","width":0,"height":0},"classes":[]},{"id":1448154,"url":"https:\/\/noticiasya.com\/midland-odessa\/2024\/04\/16\/argentina-compra-aviones-f-16-dinamarca-orix\/","url_meta":{"origin":1469017,"position":1},"title":"Argentina compr\u00f3 24 cazas F-16 a Dinamarca, su mayor adquisici\u00f3n de aviones militares en d\u00e9cadas","author":"","date":"abril 16, 2024","format":false,"excerpt":"(CNN Espa\u00f1ol) -- El ministro de Defensa de Argentina, Luis Petri, firm\u00f3 este martes en Dinamarca un acuerdo de compra de 24 aviones de combate F-16, seg\u00fan indic\u00f3 el Ministerio en un comunicado.\u201cHoy estamos concretando la adquisici\u00f3n aeron\u00e1utica militar m\u00e1s importante desde 1983. Se trata de 24 aviones F-16 que\u2026","rel":"","context":"In &quot;Noticias Nacionales&quot;","block_context":{"text":"Noticias Nacionales","link":"https:\/\/noticiasya.com\/midland-odessa\/categoria\/noticias-nacionales"},"img":{"alt_text":"","src":"","width":0,"height":0},"classes":[]},{"id":1448187,"url":"https:\/\/noticiasya.com\/midland-odessa\/2024\/04\/17\/argentina-24-avionez-caza-f16-dinamarca-para-que-orix\/","url_meta":{"origin":1469017,"position":2},"title":"\u00bfPor qu\u00e9 y para qu\u00e9 Argentina compr\u00f3 24 aviones F-16 a Dinamarca?","author":"","date":"abril 17, 2024","format":false,"excerpt":"(CNN Espa\u00f1ol) -- El ministro de Defensa de Argentina, Luis Petri, firm\u00f3 este martes en Dinamarca un acuerdo de compra de 24 aviones de combate F-16, que la instituci\u00f3n calific\u00f3 como \u201chist\u00f3rico\u201d en un comunicado.\u201cHoy estamos concretando la adquisici\u00f3n aeron\u00e1utica militar m\u00e1s importante desde 1983. Se trata de 24 aviones\u2026","rel":"","context":"In &quot;Noticias Nacionales&quot;","block_context":{"text":"Noticias Nacionales","link":"https:\/\/noticiasya.com\/midland-odessa\/categoria\/noticias-nacionales"},"img":{"alt_text":"","src":"","width":0,"height":0},"classes":[]},{"id":1447435,"url":"https:\/\/noticiasya.com\/midland-odessa\/2024\/03\/27\/argentina-avanza-compra-aviones-f-16-orix\/","url_meta":{"origin":1469017,"position":3},"title":"Argentina avanza en la compra de 24 aviones de combate F-16 a Dinamarca","author":"","date":"marzo 27, 2024","format":false,"excerpt":"(CNN Espa\u00f1ol) -- El Gobierno de Argentina firm\u00f3 una carta de intenci\u00f3n para la compra de 24 aviones de combate F-16 a Dinamarca. El Ministerio de Defensa confirm\u00f3 este martes que el ministro Luis Petri y su par dan\u00e9s, Troels Lund Poulsen, firmaron un documento en Buenos Aires para avanzar\u2026","rel":"","context":"In &quot;Noticias Nacionales&quot;","block_context":{"text":"Noticias Nacionales","link":"https:\/\/noticiasya.com\/midland-odessa\/categoria\/noticias-nacionales"},"img":{"alt_text":"","src":"","width":0,"height":0},"classes":[]},{"id":1467094,"url":"https:\/\/noticiasya.com\/midland-odessa\/2025\/10\/03\/f35-puerto-rico-bombas-caribe-orix\/","url_meta":{"origin":1469017,"position":4},"title":"EE.UU. muestra a sus F-35 en Puerto Rico armados con bombas horas antes de anunciar destrucci\u00f3n de otro bote en el Caribe","author":"","date":"octubre 3, 2025","format":false,"excerpt":"\u201cLetalidad y combate\u201d, comienza diciendo una publicaci\u00f3n en X hecha este viernes por el Comando Sur de Estados Unidos que muestra, por primera vez desde el inicio de la crisis con Venezuela en el Caribe, a sus avanzados cazas F-35 desplegados en Puerto Rico.La publicaci\u00f3n del video ocurri\u00f3 horas antes\u2026","rel":"","context":"In &quot;Noticias Nacionales&quot;","block_context":{"text":"Noticias Nacionales","link":"https:\/\/noticiasya.com\/midland-odessa\/categoria\/noticias-nacionales"},"img":{"alt_text":"","src":"","width":0,"height":0},"classes":[]},{"id":1466576,"url":"https:\/\/noticiasya.com\/midland-odessa\/2025\/09\/18\/venezuela-muestra-cazas-misiles-maniobras-orix\/","url_meta":{"origin":1469017,"position":5},"title":"Venezuela muestra sus cazas Sukhoi Su-30 armados con misiles antibuque y anuncia maniobras militares en el Caribe","author":"","date":"septiembre 18, 2025","format":false,"excerpt":"En medio de las crecientes tensiones entre Venezuela y Estados Unidos, en cuyo centro se encuentra el despliegue de al menos ocho buques de guerra estadounidenses en el Caribe, la Aviaci\u00f3n Militar Bolivariana (AMB) difundi\u00f3 el lunes im\u00e1genes de aviones de caza de fabricaci\u00f3n rusa Sukhoi Su-30 equipados con misiles\u2026","rel":"","context":"In &quot;Noticias Nacionales&quot;","block_context":{"text":"Noticias Nacionales","link":"https:\/\/noticiasya.com\/midland-odessa\/categoria\/noticias-nacionales"},"img":{"alt_text":"","src":"","width":0,"height":0},"classes":[]}],"jetpack_sharing_enabled":true,"_links":{"self":[{"href":"https:\/\/noticiasya.com\/midland-odessa\/wp-json\/wp\/v2\/posts\/1469017","targetHints":{"allow":["GET"]}}],"collection":[{"href":"https:\/\/noticiasya.com\/midland-odessa\/wp-json\/wp\/v2\/posts"}],"about":[{"href":"https:\/\/noticiasya.com\/midland-odessa\/wp-json\/wp\/v2\/types\/post"}],"replies":[{"embeddable":true,"href":"https:\/\/noticiasya.com\/midland-odessa\/wp-json\/wp\/v2\/comments?post=1469017"}],"version-history":[{"count":0,"href":"https:\/\/noticiasya.com\/midland-odessa\/wp-json\/wp\/v2\/posts\/1469017\/revisions"}],"wp:attachment":[{"href":"https:\/\/noticiasya.com\/midland-odessa\/wp-json\/wp\/v2\/media?parent=1469017"}],"wp:term":[{"taxonomy":"category","embeddable":true,"href":"https:\/\/noticiasya.com\/midland-odessa\/wp-json\/wp\/v2\/categories?post=1469017"},{"taxonomy":"post_tag","embeddable":true,"href":"https:\/\/noticiasya.com\/midland-odessa\/wp-json\/wp\/v2\/tags?post=1469017"}],"curies":[{"name":"wp","href":"https:\/\/api.w.org\/{rel}","templated":true}]}}