{"id":1469021,"date":"2025-12-05T19:03:44","date_gmt":"2025-12-06T03:03:44","guid":{"rendered":"https:\/\/noticiasya.com\/2025\/12\/05\/caida-icaro-extraordinaria-fotografia-trax\/"},"modified":"2025-12-05T19:03:44","modified_gmt":"2025-12-06T03:03:44","slug":"caida-icaro-extraordinaria-fotografia-trax","status":"publish","type":"post","link":"https:\/\/noticiasya.com\/midland-odessa\/2025\/12\/05\/caida-icaro-extraordinaria-fotografia-trax\/","title":{"rendered":"As\u00ed se captur\u00f3 la extraordinaria fotograf\u00eda nombrada &#171;La ca\u00edda de \u00cdcaro&#187;"},"content":{"rendered":"<p>Despu\u00e9s de seis intentos, Andrew McCarthy logr\u00f3 capturar esta fotograf\u00eda, a la que titul\u00f3 \u201cLa ca\u00edda de \u00cdcaro\u201d.<\/p>\n<p>De pie en el lecho seco de lago m\u00e1s grande de Arizona, Wilcox Playa, el astrofot\u00f3grafo Andrew McCarthy se mantuvo firme mientras trenes de carga retumbaban cerca, amenazando con arruinar la toma que le tom\u00f3 meses preparar. El p\u00fablico alrededor de McCarthy observaba una ma\u00f1ana del mes pasado en tenso silencio mientras \u00e9l intentaba, sin \u00e9xito, capturar la imagen perfecta durante seis pasadas de un avi\u00f3n.<\/p>\n<p>Muy arriba, su amigo Gabriel C. Brown estaba sentado al borde de su asiento en el avi\u00f3n, esperando la se\u00f1al para saltar. \u201cOriginalmente, dijimos: si fallamos en el primer intento, puedo aterrizar, volver a empacar, subir y probar de nuevo\u201d, dijo Brown.<\/p>\n<p>Sin embargo, seg\u00fan Brown, el piloto anunci\u00f3 que solo estar\u00eda disponible esa ma\u00f1ana.<br \/>Con solo una oportunidad m\u00e1s para hacerlo bien antes de que el sol subiera demasiado, McCarthy hizo la cuenta regresiva mientras el avi\u00f3n ascend\u00eda a la posici\u00f3n correcta.<\/p>\n<p>Con ese margen de tiempo limitado, Brown le dijo a McCarthy: \u201cNo me digas que salte a menos que est\u00e9s absolutamente seguro\u201d.<\/p>\n<p>Lleg\u00f3 el momento y McCarthy cont\u00f3: \u201c\u00a1Tres, dos, uno, ya!\u201d<\/p>\n<p>Mientras Brown ca\u00eda, le pregunt\u00f3 a McCarthy por el auricular conectado a su iPhone: \u201c\u00bfLa conseguiste?\u201d<\/p>\n<p>Por fin, McCarthy la captur\u00f3: una silueta solitaria congelada frente al rostro texturizado del sol. \u201cFue perfecto\u201d, dijo McCarthy sobre el intento exitoso.<\/p>\n<p>\u201cSupimos de inmediato que hab\u00edamos conseguido algo realmente especial\u201d.<\/p>\n<p>De ni\u00f1o, la habitaci\u00f3n de McCarthy estaba cubierta de planetas fosforescentes y llena de juguetes espaciales. A los siete a\u00f1os, sal\u00eda al patio trasero con su padre y un telescopio, para observar Saturno y J\u00fapiter. Estaba cautivado, record\u00f3, aunque en ese momento no comprend\u00eda del todo lo que ve\u00eda.<\/p>\n<p>A\u00f1os despu\u00e9s, cuando McCarthy se describ\u00eda como \u201cun adulto con un aburrido trabajo de oficina\u201d y \u201cUS$ 500 para gastar\u201d, decidi\u00f3 comprar otro telescopio. Luego mir\u00f3 al cielo y se sinti\u00f3 abrumado por \u201cesa sensaci\u00f3n de que yo era muy, muy, muy peque\u00f1o, pero tambi\u00e9n, como, muy significativo\u201d, dijo. \u201cPens\u00e9: wow, soy parte del universo y tengo la conciencia suficiente para apreciar su belleza, y aqu\u00ed estoy presenci\u00e1ndolo. As\u00ed que quise compartir ese momento con la gente\u201d.<\/p>\n<p>Ansioso por capturar y compartir esa maravilla, presion\u00f3 un viejo iPhone contra el ocular del telescopio y tom\u00f3 una foto borrosa. Insatisfecho, improvis\u00f3 adaptadores para conectar una c\u00e1mara al telescopio.<\/p>\n<p>Las fotos no eran muy buenas, dijo, pero tomarlas le calmaba la inquietud. \u201cPens\u00e9: quiero hacer esto a\u00fan m\u00e1s\u201d.<\/p>\n<p>As\u00ed que dio un salto de fe y decidi\u00f3 dedicarse a ello profesionalmente, con la misi\u00f3n de ayudar a otros a compartir su asombro: la sensaci\u00f3n de ser peque\u00f1o pero conectado a algo inmenso.<\/p>\n<p>Durante los siguientes seis a\u00f1os, los proyectos de McCarthy se volvieron m\u00e1s complejos.<br \/>Despu\u00e9s de fotografiar un <a href=\"https:\/\/www.instagram.com\/p\/DOyZai9EfQj\/?igsh=bnF2d3dqejgybHVi\">cohete cruzando el sol<\/a>, comenz\u00f3 a buscar un nuevo desaf\u00edo.<\/p>\n<p>No fue hasta su primera experiencia de paracaidismo que McCarthy decidi\u00f3 su siguiente proyecto y se asoci\u00f3 con Brown, un entusiasta paracaidista, para dar vida a una nueva idea.<\/p>\n<p>\u201cSe me ocurri\u00f3 la idea porque acab\u00e1bamos de terminar un salto en paraca\u00eddas. Dijimos: \u00bfy si alguien salta de un avi\u00f3n frente al sol?\u201d, cont\u00f3 McCarthy.<\/p>\n<p>Parec\u00eda casi imposible. Para lograr la toma perfecta, el sol deb\u00eda estar bajo, el saltador alto y McCarthy posicionado exactamente donde sus trayectorias se alinearan.<\/p>\n<p>Cuando el piloto llev\u00f3 el avi\u00f3n a la posici\u00f3n perfecta entre el sol y la c\u00e1mara, los telescopios actuaron como espejos y enviaron un destello brillante de luz solar, indicando al piloto que estaban alineados.<\/p>\n<p>Para McCarthy, el nombre no se trata de una tragedia, sino del poder de la naturaleza en comparaci\u00f3n con nuestra propia peque\u00f1ez. El sol, explic\u00f3, es un ejemplo perfecto de una fuerza que no podemos controlar. No importa lo que hagamos, sigue brillando.<\/p>\n<p>La leyenda de \u00cdcaro cuenta la historia de un joven que escap\u00f3 de la prisi\u00f3n junto a su padre, D\u00e9dalo, volando con alas hechas de plumas y cera. Antes de partir, D\u00e9dalo advirti\u00f3 a su hijo que no volara demasiado alto, donde el calor del sol podr\u00eda derretir la cera, ni demasiado bajo, donde el roc\u00edo del mar mojar\u00eda las alas haci\u00e9ndolas demasiado pesadas para volar.<\/p>\n<p>\u00cdcaro, embriagado por el poder de volar, ignor\u00f3 la advertencia y subi\u00f3 m\u00e1s alto, hasta que el sol abland\u00f3 la cera y lo hizo caer al mar. El mito se ha convertido en un s\u00edmbolo tanto de la ambici\u00f3n humana como de nuestros l\u00edmites. La foto, dice Brown, es un \u201ctestimonio del logro humano, pero tambi\u00e9n de la soberbia humana\u201d.<\/p>\n<p>Pero el arte no solo est\u00e1 definido por quienes lo crean. \u201cPrefiero ver qu\u00e9 piensa la gente cuando la mira\u201d, dijo McCarthy.<\/p>\n<p>Connor Matherne, otro astrofot\u00f3grafo que trabaj\u00f3 en un proyecto anterior con McCarthy, vio la imagen publicada y supo: \u201cLo ha hecho de nuevo. Esta es otra foto espectacular, realmente supera los l\u00edmites\u201d. El trabajo de McCarthy es visto como un referente para los astrofot\u00f3grafos, inspirando a otros a intentar lo que parece imposible, a\u00f1adi\u00f3.<\/p>\n<p>Sin embargo, McCarthy dijo que gran parte de la discusi\u00f3n en l\u00ednea sobre su foto cuestionaba su autenticidad, un desaf\u00edo que muchos astrofot\u00f3grafos enfrentan con el auge de la IA y las herramientas de edici\u00f3n avanzadas.<\/p>\n<p>Anticip\u00e1ndose al escepticismo del p\u00fablico, McCarthy grab\u00f3 im\u00e1genes <a href=\"https:\/\/www.instagram.com\/p\/DRBAaqLkvye\/?hl=en&#038;img_index=15\">detr\u00e1s de c\u00e1maras<\/a> mientras se preparaba y capturaba la toma. Tambi\u00e9n hizo p\u00fablicos los detalles de su trabajo de postproducci\u00f3n usando apilamiento de im\u00e1genes: alineando y combinando miles de fotogramas para afinar los detalles del sol y reducir el ruido.<\/p>\n<p>\u201cPuede ser frustrante dedicar 40 horas a una foto solo para que la gente la descarte como falsa\u201d, se\u00f1al\u00f3 Matherne. Pero para Matherne y McCarthy, la alegr\u00eda proviene de capturar y compartir momentos reales que revelan la belleza oculta del universo.<\/p>\n<p>The-CNN-Wire<br \/>&trade; &amp; &copy; 2025 Cable News Network, Inc., a Warner Bros. Discovery Company. All rights reserved.<\/p>\n","protected":false},"excerpt":{"rendered":"<p>Despu\u00e9s de seis intentos, Andrew McCarthy logr\u00f3 capturar esta fotograf\u00eda, a la que titul\u00f3 \u201cLa ca\u00edda de \u00cdcaro\u201d. De pie en el lecho seco de lago m\u00e1s grande de Arizona, Wilcox Playa, el astrofot\u00f3grafo Andrew McCarthy se mantuvo firme mientras trenes de carga retumbaban cerca, amenazando con arruinar la toma que le tom\u00f3 meses preparar. [&hellip;]<\/p>\n","protected":false},"author":0,"featured_media":0,"comment_status":"open","ping_status":"open","sticky":false,"template":"","format":"standard","meta":{"_jetpack_memberships_contains_paid_content":false,"footnotes":""},"categories":[10],"tags":[],"class_list":["post-1469021","post","type-post","status-publish","format-standard","hentry","category-noticias-nacionales","market-global"],"yoast_head":"<!-- This site is optimized with the Yoast SEO plugin v24.4 - https:\/\/yoast.com\/wordpress\/plugins\/seo\/ -->\n<title>As\u00ed se captur\u00f3 la extraordinaria fotograf\u00eda nombrada &quot;La ca\u00edda de \u00cdcaro&quot; - Noticias<\/title>\n<meta name=\"robots\" content=\"index, follow, max-snippet:-1, max-image-preview:large, max-video-preview:-1\" \/>\n<link rel=\"canonical\" href=\"https:\/\/noticiasya.com\/2025\/12\/05\/caida-icaro-extraordinaria-fotografia-trax\/\" \/>\n<meta property=\"og:locale\" content=\"es_ES\" \/>\n<meta property=\"og:type\" content=\"article\" \/>\n<meta property=\"og:title\" content=\"As\u00ed se captur\u00f3 la extraordinaria fotograf\u00eda nombrada &quot;La ca\u00edda de \u00cdcaro&quot; - Noticias\" \/>\n<meta property=\"og:description\" content=\"Despu\u00e9s de seis intentos, Andrew McCarthy logr\u00f3 capturar esta fotograf\u00eda, a la que titul\u00f3 \u201cLa ca\u00edda de \u00cdcaro\u201d. De pie en el lecho seco de lago m\u00e1s grande de Arizona, Wilcox Playa, el astrofot\u00f3grafo Andrew McCarthy se mantuvo firme mientras trenes de carga retumbaban cerca, amenazando con arruinar la toma que le tom\u00f3 meses preparar. [&hellip;]\" \/>\n<meta property=\"og:url\" content=\"https:\/\/noticiasya.com\/2025\/12\/05\/caida-icaro-extraordinaria-fotografia-trax\/\" \/>\n<meta property=\"og:site_name\" content=\"Noticias\" \/>\n<meta property=\"article:published_time\" content=\"2025-12-06T03:03:44+00:00\" \/>\n<meta name=\"twitter:card\" content=\"summary_large_image\" \/>\n<meta name=\"twitter:label1\" content=\"Est. reading time\" \/>\n\t<meta name=\"twitter:data1\" content=\"5 minutos\" \/>\n<script type=\"application\/ld+json\" class=\"yoast-schema-graph\">{\"@context\":\"https:\/\/schema.org\",\"@graph\":[{\"@type\":\"Article\",\"@id\":\"https:\/\/noticiasya.com\/2025\/12\/05\/caida-icaro-extraordinaria-fotografia-trax\/#article\",\"isPartOf\":{\"@id\":\"https:\/\/noticiasya.com\/2025\/12\/05\/caida-icaro-extraordinaria-fotografia-trax\/\"},\"author\":{\"name\":\"\",\"@id\":\"\"},\"headline\":\"As\u00ed se captur\u00f3 la extraordinaria fotograf\u00eda nombrada &#171;La ca\u00edda de \u00cdcaro&#187;\",\"datePublished\":\"2025-12-06T03:03:44+00:00\",\"mainEntityOfPage\":{\"@id\":\"https:\/\/noticiasya.com\/2025\/12\/05\/caida-icaro-extraordinaria-fotografia-trax\/\"},\"wordCount\":1081,\"commentCount\":0,\"publisher\":{\"@id\":\"https:\/\/noticiasya.com\/#organization\"},\"articleSection\":[\"Noticias Nacionales\"],\"inLanguage\":\"es\",\"potentialAction\":[{\"@type\":\"CommentAction\",\"name\":\"Comment\",\"target\":[\"https:\/\/noticiasya.com\/2025\/12\/05\/caida-icaro-extraordinaria-fotografia-trax\/#respond\"]}]},{\"@type\":\"WebPage\",\"@id\":\"https:\/\/noticiasya.com\/2025\/12\/05\/caida-icaro-extraordinaria-fotografia-trax\/\",\"url\":\"https:\/\/noticiasya.com\/2025\/12\/05\/caida-icaro-extraordinaria-fotografia-trax\/\",\"name\":\"As\u00ed se captur\u00f3 la extraordinaria fotograf\u00eda nombrada \\\"La ca\u00edda de \u00cdcaro\\\" - Noticias\",\"isPartOf\":{\"@id\":\"https:\/\/noticiasya.com\/#website\"},\"datePublished\":\"2025-12-06T03:03:44+00:00\",\"breadcrumb\":{\"@id\":\"https:\/\/noticiasya.com\/2025\/12\/05\/caida-icaro-extraordinaria-fotografia-trax\/#breadcrumb\"},\"inLanguage\":\"es\",\"potentialAction\":[{\"@type\":\"ReadAction\",\"target\":[\"https:\/\/noticiasya.com\/2025\/12\/05\/caida-icaro-extraordinaria-fotografia-trax\/\"]}]},{\"@type\":\"BreadcrumbList\",\"@id\":\"https:\/\/noticiasya.com\/2025\/12\/05\/caida-icaro-extraordinaria-fotografia-trax\/#breadcrumb\",\"itemListElement\":[{\"@type\":\"ListItem\",\"position\":1,\"name\":\"Home\",\"item\":\"https:\/\/noticiasya.com\/\"},{\"@type\":\"ListItem\",\"position\":2,\"name\":\"As\u00ed se captur\u00f3 la extraordinaria fotograf\u00eda nombrada &#171;La ca\u00edda de \u00cdcaro&#187;\"}]},{\"@type\":\"WebSite\",\"@id\":\"https:\/\/noticiasya.com\/#website\",\"url\":\"https:\/\/noticiasya.com\/\",\"name\":\"Noticias\",\"description\":\"Lo que importa\",\"publisher\":{\"@id\":\"https:\/\/noticiasya.com\/#organization\"},\"potentialAction\":[{\"@type\":\"SearchAction\",\"target\":{\"@type\":\"EntryPoint\",\"urlTemplate\":\"https:\/\/noticiasya.com\/?s={search_term_string}\"},\"query-input\":{\"@type\":\"PropertyValueSpecification\",\"valueRequired\":true,\"valueName\":\"search_term_string\"}}],\"inLanguage\":\"es\"},{\"@type\":\"Organization\",\"@id\":\"https:\/\/noticiasya.com\/#organization\",\"name\":\"Noticias\",\"url\":\"https:\/\/noticiasya.com\/\",\"logo\":{\"@type\":\"ImageObject\",\"inLanguage\":\"es\",\"@id\":\"https:\/\/noticiasya.com\/#\/schema\/logo\/image\/\",\"url\":\"https:\/\/noticiasya.com\/wp-content\/uploads\/sites\/22\/2023\/12\/logo-nacional.png\",\"contentUrl\":\"https:\/\/noticiasya.com\/wp-content\/uploads\/sites\/22\/2023\/12\/logo-nacional.png\",\"width\":1801,\"height\":691,\"caption\":\"Noticias\"},\"image\":{\"@id\":\"https:\/\/noticiasya.com\/#\/schema\/logo\/image\/\"}}]}<\/script>\n<!-- \/ Yoast SEO plugin. -->","yoast_head_json":{"title":"As\u00ed se captur\u00f3 la extraordinaria fotograf\u00eda nombrada \"La ca\u00edda de \u00cdcaro\" - Noticias","robots":{"index":"index","follow":"follow","max-snippet":"max-snippet:-1","max-image-preview":"max-image-preview:large","max-video-preview":"max-video-preview:-1"},"canonical":"https:\/\/noticiasya.com\/2025\/12\/05\/caida-icaro-extraordinaria-fotografia-trax\/","og_locale":"es_ES","og_type":"article","og_title":"As\u00ed se captur\u00f3 la extraordinaria fotograf\u00eda nombrada \"La ca\u00edda de \u00cdcaro\" - Noticias","og_description":"Despu\u00e9s de seis intentos, Andrew McCarthy logr\u00f3 capturar esta fotograf\u00eda, a la que titul\u00f3 \u201cLa ca\u00edda de \u00cdcaro\u201d. De pie en el lecho seco de lago m\u00e1s grande de Arizona, Wilcox Playa, el astrofot\u00f3grafo Andrew McCarthy se mantuvo firme mientras trenes de carga retumbaban cerca, amenazando con arruinar la toma que le tom\u00f3 meses preparar. [&hellip;]","og_url":"https:\/\/noticiasya.com\/2025\/12\/05\/caida-icaro-extraordinaria-fotografia-trax\/","og_site_name":"Noticias","article_published_time":"2025-12-06T03:03:44+00:00","twitter_card":"summary_large_image","twitter_misc":{"Est. reading time":"5 minutos"},"schema":{"@context":"https:\/\/schema.org","@graph":[{"@type":"Article","@id":"https:\/\/noticiasya.com\/2025\/12\/05\/caida-icaro-extraordinaria-fotografia-trax\/#article","isPartOf":{"@id":"https:\/\/noticiasya.com\/2025\/12\/05\/caida-icaro-extraordinaria-fotografia-trax\/"},"author":{"name":"","@id":""},"headline":"As\u00ed se captur\u00f3 la extraordinaria fotograf\u00eda nombrada &#171;La ca\u00edda de \u00cdcaro&#187;","datePublished":"2025-12-06T03:03:44+00:00","mainEntityOfPage":{"@id":"https:\/\/noticiasya.com\/2025\/12\/05\/caida-icaro-extraordinaria-fotografia-trax\/"},"wordCount":1081,"commentCount":0,"publisher":{"@id":"https:\/\/noticiasya.com\/#organization"},"articleSection":["Noticias Nacionales"],"inLanguage":"es","potentialAction":[{"@type":"CommentAction","name":"Comment","target":["https:\/\/noticiasya.com\/2025\/12\/05\/caida-icaro-extraordinaria-fotografia-trax\/#respond"]}]},{"@type":"WebPage","@id":"https:\/\/noticiasya.com\/2025\/12\/05\/caida-icaro-extraordinaria-fotografia-trax\/","url":"https:\/\/noticiasya.com\/2025\/12\/05\/caida-icaro-extraordinaria-fotografia-trax\/","name":"As\u00ed se captur\u00f3 la extraordinaria fotograf\u00eda nombrada \"La ca\u00edda de \u00cdcaro\" - Noticias","isPartOf":{"@id":"https:\/\/noticiasya.com\/#website"},"datePublished":"2025-12-06T03:03:44+00:00","breadcrumb":{"@id":"https:\/\/noticiasya.com\/2025\/12\/05\/caida-icaro-extraordinaria-fotografia-trax\/#breadcrumb"},"inLanguage":"es","potentialAction":[{"@type":"ReadAction","target":["https:\/\/noticiasya.com\/2025\/12\/05\/caida-icaro-extraordinaria-fotografia-trax\/"]}]},{"@type":"BreadcrumbList","@id":"https:\/\/noticiasya.com\/2025\/12\/05\/caida-icaro-extraordinaria-fotografia-trax\/#breadcrumb","itemListElement":[{"@type":"ListItem","position":1,"name":"Home","item":"https:\/\/noticiasya.com\/"},{"@type":"ListItem","position":2,"name":"As\u00ed se captur\u00f3 la extraordinaria fotograf\u00eda nombrada &#171;La ca\u00edda de \u00cdcaro&#187;"}]},{"@type":"WebSite","@id":"https:\/\/noticiasya.com\/#website","url":"https:\/\/noticiasya.com\/","name":"Noticias","description":"Lo que importa","publisher":{"@id":"https:\/\/noticiasya.com\/#organization"},"potentialAction":[{"@type":"SearchAction","target":{"@type":"EntryPoint","urlTemplate":"https:\/\/noticiasya.com\/?s={search_term_string}"},"query-input":{"@type":"PropertyValueSpecification","valueRequired":true,"valueName":"search_term_string"}}],"inLanguage":"es"},{"@type":"Organization","@id":"https:\/\/noticiasya.com\/#organization","name":"Noticias","url":"https:\/\/noticiasya.com\/","logo":{"@type":"ImageObject","inLanguage":"es","@id":"https:\/\/noticiasya.com\/#\/schema\/logo\/image\/","url":"https:\/\/noticiasya.com\/wp-content\/uploads\/sites\/22\/2023\/12\/logo-nacional.png","contentUrl":"https:\/\/noticiasya.com\/wp-content\/uploads\/sites\/22\/2023\/12\/logo-nacional.png","width":1801,"height":691,"caption":"Noticias"},"image":{"@id":"https:\/\/noticiasya.com\/#\/schema\/logo\/image\/"}}]}},"parsely":{"version":"1.1.0","canonical_url":"https:\/\/noticiasya.com\/midland-odessa\/2025\/12\/05\/caida-icaro-extraordinaria-fotografia-trax\/","smart_links":{"inbound":0,"outbound":0},"traffic_boost_suggestions_count":0,"meta":{"@context":"https:\/\/schema.org","@type":"NewsArticle","headline":"As\u00ed se captur\u00f3 la extraordinaria fotograf\u00eda nombrada &#171;La ca\u00edda de \u00cdcaro&#187;","url":"http:\/\/noticiasya.com\/midland-odessa\/2025\/12\/05\/caida-icaro-extraordinaria-fotografia-trax\/","mainEntityOfPage":{"@type":"WebPage","@id":"http:\/\/noticiasya.com\/midland-odessa\/2025\/12\/05\/caida-icaro-extraordinaria-fotografia-trax\/"},"thumbnailUrl":"","image":{"@type":"ImageObject","url":""},"articleSection":"Noticias Nacionales","author":[],"creator":[],"publisher":{"@type":"Organization","name":"Noticias","logo":""},"keywords":[],"dateCreated":"2025-12-06T03:03:44Z","datePublished":"2025-12-06T03:03:44Z","dateModified":"2025-12-06T03:03:44Z"},"rendered":"<script type=\"application\/ld+json\" class=\"wp-parsely-metadata\">{\"@context\":\"https:\\\/\\\/schema.org\",\"@type\":\"NewsArticle\",\"headline\":\"As\\u00ed se captur\\u00f3 la extraordinaria fotograf\\u00eda nombrada &#171;La ca\\u00edda de \\u00cdcaro&#187;\",\"url\":\"http:\\\/\\\/noticiasya.com\\\/midland-odessa\\\/2025\\\/12\\\/05\\\/caida-icaro-extraordinaria-fotografia-trax\\\/\",\"mainEntityOfPage\":{\"@type\":\"WebPage\",\"@id\":\"http:\\\/\\\/noticiasya.com\\\/midland-odessa\\\/2025\\\/12\\\/05\\\/caida-icaro-extraordinaria-fotografia-trax\\\/\"},\"thumbnailUrl\":\"\",\"image\":{\"@type\":\"ImageObject\",\"url\":\"\"},\"articleSection\":\"Noticias Nacionales\",\"author\":[],\"creator\":[],\"publisher\":{\"@type\":\"Organization\",\"name\":\"Noticias\",\"logo\":\"\"},\"keywords\":[],\"dateCreated\":\"2025-12-06T03:03:44Z\",\"datePublished\":\"2025-12-06T03:03:44Z\",\"dateModified\":\"2025-12-06T03:03:44Z\"}<\/script>","tracker_url":"https:\/\/cdn.parsely.com\/keys\/noticiasya.com\/p.js"},"jetpack_featured_media_url":"","jetpack-related-posts":[{"id":1445987,"url":"https:\/\/noticiasya.com\/midland-odessa\/2024\/02\/24\/billie-eilish-firmo-rostro-melissa-mccarthy-sag-trax\/","url_meta":{"origin":1469021,"position":0},"title":"Billie Eilish literalmente firm\u00f3 el rostro de Melissa McCarthy durante los SAG Awards","author":"","date":"febrero 24, 2024","format":false,"excerpt":"(CNN) --\u00a0 Melissa McCarthy fue la fan\u00e1tica n\u00famero uno de los SAG Awards este s\u00e1bado cuando le pidi\u00f3 un aut\u00f3grafo a Billie Eilish en el escenario.Pero no quer\u00eda un aut\u00f3grafo cualquiera.Eilish termin\u00f3 firmando su nombre, con marcador permanente, justo en la frente de McCarthy mientras ambas presentaban el premio a\u2026","rel":"","context":"In &quot;Noticias Nacionales&quot;","block_context":{"text":"Noticias Nacionales","link":"https:\/\/noticiasya.com\/midland-odessa\/categoria\/noticias-nacionales"},"img":{"alt_text":"","src":"","width":0,"height":0},"classes":[]},{"id":1450105,"url":"https:\/\/noticiasya.com\/midland-odessa\/2024\/06\/06\/analisis-wall-street-journal-agudeza-mental-biden-trax\/","url_meta":{"origin":1469021,"position":1},"title":"AN\u00c1LISIS | El art\u00edculo de The Wall Street Journal sobre la agudeza mental de Biden tiene fallos evidentes","author":"","date":"junio 6, 2024","format":false,"excerpt":"Nueva York (CNN) -- The Wall Street Journal le debe algo mejor a sus lectores y al p\u00fablico.El diario de negocios public\u00f3 y promocion\u00f3 una historia el mi\u00e9rcoles en la que afirmaba que \"a puerta cerrada\", el presidente Joe Biden ha mostrado \"signos de deterioro\". El art\u00edculo pon\u00eda en duda\u2026","rel":"","context":"In &quot;Noticias Nacionales&quot;","block_context":{"text":"Noticias Nacionales","link":"https:\/\/noticiasya.com\/midland-odessa\/categoria\/noticias-nacionales"},"img":{"alt_text":"","src":"","width":0,"height":0},"classes":[]},{"id":1471635,"url":"https:\/\/noticiasya.com\/midland-odessa\/2026\/02\/25\/operacion-capturar-mencho-sheinbaum-trump-se-atribuyera-operativo-orix\/","url_meta":{"origin":1469021,"position":2},"title":"Trump se atribuy\u00f3 la ca\u00edda del Mencho. Sheinbaum insisti\u00f3 en que el operativo lo hizo M\u00e9xico","author":"","date":"febrero 25, 2026","format":false,"excerpt":"La presidenta de M\u00e9xico, Claudia Sheinbaum, recalc\u00f3 este mi\u00e9rcoles que toda la operaci\u00f3n militar para capturar a Nemesio Oseguera Cervantes, alias el Mencho, l\u00edder del Cartel Jalisco Nueva Generaci\u00f3n (CJNG), fue llevada a cabo por las fuerzas de seguridad mexicanas, refutando as\u00ed las declaraciones que hizo el presidente de Estados\u2026","rel":"","context":"In &quot;Noticias Nacionales&quot;","block_context":{"text":"Noticias Nacionales","link":"https:\/\/noticiasya.com\/midland-odessa\/categoria\/noticias-nacionales"},"img":{"alt_text":"","src":"","width":0,"height":0},"classes":[]},{"id":1444176,"url":"https:\/\/noticiasya.com\/midland-odessa\/2024\/01\/20\/estas-impactantes-fotografias-en-primer-plano-revelan-las-maravillas-ocultas-de-la-naturaleza\/","url_meta":{"origin":1469021,"position":3},"title":"Estas impactantes fotograf\u00edas en primer plano revelan las maravillas ocultas de la naturaleza","author":"","date":"enero 20, 2024","format":false,"excerpt":"Nota del editor:\u00a0Llamado a la Tierra es una serie editorial de CNN comprometida con reportar los desaf\u00edos ambientales que enfrenta nuestro planeta, adem\u00e1s de mostrar las soluciones a esos retos. La iniciativa Perpetual Planet de Rolex se ha asociado con CNN para crear conciencia y educaci\u00f3n sobre los asuntos de\u2026","rel":"","context":"In &quot;Noticias Nacionales&quot;","block_context":{"text":"Noticias Nacionales","link":"https:\/\/noticiasya.com\/midland-odessa\/categoria\/noticias-nacionales"},"img":{"alt_text":"","src":"","width":0,"height":0},"classes":[]},{"id":1459462,"url":"https:\/\/noticiasya.com\/midland-odessa\/2025\/03\/03\/fotografia-nasa-ruptura-barrera-sonido-trax\/","url_meta":{"origin":1469021,"position":4},"title":"Incre\u00edble fotograf\u00eda de la NASA capta la ruptura de la barrera del sonido","author":"","date":"marzo 3, 2025","format":false,"excerpt":"Aqu\u00ed hay una fotograf\u00eda para la repisa de la chimenea.Una imagen reci\u00e9n publicada muestra la barrera del sonido rompi\u00e9ndose el 10 de febrero cuando el primer avi\u00f3n supers\u00f3nico civil de Estados Unidos complet\u00f3 su segundo vuelo a velocidades superiores a Mach 1.Los equipos de la NASA en Tierra utilizaron la\u2026","rel":"","context":"In &quot;Noticias Nacionales&quot;","block_context":{"text":"Noticias Nacionales","link":"https:\/\/noticiasya.com\/midland-odessa\/categoria\/noticias-nacionales"},"img":{"alt_text":"","src":"","width":0,"height":0},"classes":[]},{"id":1462464,"url":"https:\/\/noticiasya.com\/midland-odessa\/2025\/05\/17\/primeros-planos-naturaleza-cte-llamado-tierra\/","url_meta":{"origin":1469021,"position":5},"title":"Los secretos (y la ferocidad) de la naturaleza a trav\u00e9s de 12 fotograf\u00edas premiadas","author":"","date":"mayo 17, 2025","format":false,"excerpt":"Dos escarabajos ciervo enfrascados en una lucha \u00e9pica por el derecho a aparearse, una viuda negra d\u00e1ndose un fest\u00edn con su \u00faltima v\u00edctima y un pez arrebatando la vida de las fauces de la muerte: estas im\u00e1genes del concurso Fot\u00f3grafo de primeros planos del a\u00f1o 2024 muestran la belleza y\u2026","rel":"","context":"In &quot;Noticias Nacionales&quot;","block_context":{"text":"Noticias Nacionales","link":"https:\/\/noticiasya.com\/midland-odessa\/categoria\/noticias-nacionales"},"img":{"alt_text":"","src":"","width":0,"height":0},"classes":[]}],"jetpack_sharing_enabled":true,"_links":{"self":[{"href":"https:\/\/noticiasya.com\/midland-odessa\/wp-json\/wp\/v2\/posts\/1469021","targetHints":{"allow":["GET"]}}],"collection":[{"href":"https:\/\/noticiasya.com\/midland-odessa\/wp-json\/wp\/v2\/posts"}],"about":[{"href":"https:\/\/noticiasya.com\/midland-odessa\/wp-json\/wp\/v2\/types\/post"}],"replies":[{"embeddable":true,"href":"https:\/\/noticiasya.com\/midland-odessa\/wp-json\/wp\/v2\/comments?post=1469021"}],"version-history":[{"count":0,"href":"https:\/\/noticiasya.com\/midland-odessa\/wp-json\/wp\/v2\/posts\/1469021\/revisions"}],"wp:attachment":[{"href":"https:\/\/noticiasya.com\/midland-odessa\/wp-json\/wp\/v2\/media?parent=1469021"}],"wp:term":[{"taxonomy":"category","embeddable":true,"href":"https:\/\/noticiasya.com\/midland-odessa\/wp-json\/wp\/v2\/categories?post=1469021"},{"taxonomy":"post_tag","embeddable":true,"href":"https:\/\/noticiasya.com\/midland-odessa\/wp-json\/wp\/v2\/tags?post=1469021"}],"curies":[{"name":"wp","href":"https:\/\/api.w.org\/{rel}","templated":true}]}}