{"id":1469023,"date":"2025-12-06T03:03:46","date_gmt":"2025-12-06T11:03:46","guid":{"rendered":"https:\/\/noticiasya.com\/2025\/12\/06\/apple-tim-cook-cambios-iderazgo-trax\/"},"modified":"2025-12-06T03:03:46","modified_gmt":"2025-12-06T11:03:46","slug":"apple-tim-cook-cambios-iderazgo-trax","status":"publish","type":"post","link":"https:\/\/noticiasya.com\/midland-odessa\/2025\/12\/06\/apple-tim-cook-cambios-iderazgo-trax\/","title":{"rendered":"\u00bfQu\u00e9 est\u00e1 cambiando en Apple?"},"content":{"rendered":"<p>Apple durante d\u00e9cadas ha sido conocida por una serie consistente de productos de consumo con dise\u00f1o vanguardista, que definen y han dado forma al modo en que las personas usan la tecnolog\u00eda.<\/p>\n<p>Ahora, la compa\u00f1\u00eda conocida por su estabilidad est\u00e1 pasando por una reestructuraci\u00f3n en la cima, ya que tanto Apple como la industria tecnol\u00f3gica en general est\u00e1n en una encrucijada.<\/p>\n<p>Apple anunci\u00f3 la salida de tres miembros del equipo ejecutivo en menos de una semana. Meta fich\u00f3 a un l\u00edder clave de dise\u00f1o de Apple. Y crece la especulaci\u00f3n sobre la <a href=\"https:\/\/www.ft.com\/content\/0d424625-f4f8-4646-9f6e-927c8cbe0e3e\">posible<\/a> renuncia de Tim Cook como CEO.<\/p>\n<p>Los cambios se producen mientras los cr\u00edticos afirman que Apple, otrora l\u00edder tecnol\u00f3gico, se ha quedado atr\u00e1s en la pr\u00f3xima gran ola: la inteligencia artificial.<\/p>\n<p>Para una de las empresas tecnol\u00f3gicas m\u00e1s valiosas del mundo, un cambio de liderazgo podr\u00eda significar un cambio en la forma en que concibe, dise\u00f1a y crea productos que se utilizan a diario en todo el mundo.<\/p>\n<p>\u201cLo \u00fanico que podemos interpretar de esto es que nos dirigimos hacia un per\u00edodo de mayor volatilidad para Apple\u201d, dijo Robert Siegel, un veterano capitalista de riesgo y profesor de la Escuela de Posgrado de Negocios de Stanford.<\/p>\n<p>Las acciones de Apple (<a href=\"https:\/\/www.cnn.com\/markets\/stocks\/AAPL\">AAPL<\/a>) han subido aproximadamente un 12 % este a\u00f1o, un salto mucho menor que el aumento del 30 % que experimentaron en 2024.<\/p>\n<p>Apple no respondi\u00f3 de inmediato a una solicitud de comentarios.<\/p>\n<p>Las salidas planificadas de los siguientes ejecutivos de Apple se anunciaron esta misma semana:<\/p>\n<ul>\n<li>Lisa Jackson, vicepresidenta de medio ambiente, pol\u00edticas e iniciativas sociales de Apple, se jubilar\u00e1 el a\u00f1o que viene.<\/li>\n<li>La consejera general Kate Adams tambi\u00e9n se jubilar\u00e1 el a\u00f1o que viene.<\/li>\n<li>Alan Dye, vicepresidente de dise\u00f1o de interfaz humana, quien se une a Meta como su director de dise\u00f1o.<\/li>\n<li>John Giannandrea, vicepresidente s\u00e9nior de aprendizaje autom\u00e1tico y estrategia de IA, quien tambi\u00e9n se jubilar\u00e1 el a\u00f1o que viene.<\/li>\n<\/ul>\n<p>Apple incorpora a Jennifer Newstead, directora jur\u00eddica de Meta, para dirigir los asuntos gubernamentales tras la jubilaci\u00f3n de Adams y convertirse en su nueva asesora general.<\/p>\n<p> Los equipos de medio ambiente e iniciativas sociales reportar\u00e1n ahora a Sabih Khan, director de operaciones de Apple. Amar Subramanya, vicepresidente corporativo de IA de Microsoft, ser\u00e1 el nuevo vicepresidente de IA de Apple.<\/p>\n<p>Y a principios de este a\u00f1o, Jeff Williams renunci\u00f3 a su cargo de director de operaciones de Apple.<\/p>\n<p>Apple no es el \u00fanico gigante tecnol\u00f3gico que est\u00e1 implementando cambios estructurales.<\/p>\n<p>Meta anunci\u00f3 el jueves que est\u00e1 desviando parte de su inversi\u00f3n <a href=\"https:\/\/www.cnn.com\/2025\/12\/04\/business\/meta-metaverse-stock-nightcap\">de su proyecto de realidad virtual Metaverse<\/a> hacia gafas y wearables con IA.<\/p>\n<p>Amazon <a href=\"https:\/\/www.cnn.com\/2025\/10\/28\/business\/amazon-layoffs\">despidi\u00f3 a 14.000 personas en octubre<\/a> como parte de un esfuerzo por acelerar el desarrollo de la IA mediante una operaci\u00f3n m\u00e1s eficiente.<\/p>\n<p>Y <a href=\"https:\/\/www.theverge.com\/2024\/4\/18\/24133881\/google-android-pixel-teams-reorg-rick-osterloh\" rel=\"noopener noreferrer\" target=\"_blank\">el a\u00f1o pasado,<\/a> Google fusion\u00f3 sus equipos de hardware y software para integrar mejor la IA en sus productos en todos los \u00e1mbitos.<\/p>\n<p>Pero Apple es conocida por tener una cultura empresarial excepcionalmente unida, impulsada por el secretismo.<\/p>\n<p>\u201cEsto va en contra de la cultura t\u00edpica de Apple. Pero necesitan quitarse la curita\u201d, dijo Dan Ives, director global de investigaci\u00f3n tecnol\u00f3gica de Wedbush Securities. \u201cPorque la estrategia de IA ha sido invisible y definir\u00e1 el legado de Cook, su forma de gestionar este cap\u00edtulo\u201d.<\/p>\n<p>El cambio de liderazgo se produce en un momento en que surgen dudas sobre el futuro de Apple.<\/p>\n<p>Apple retras\u00f3 una importante actualizaci\u00f3n de su asistente de voz Siri que se esperaba que lo acercara a ChatGPT de OpenAI y Gemini de Google, convirtiendo a Siri de una m\u00e1quina de preguntas y respuestas en un asistente que puede actuar en nombre de un usuario e incorporar informaci\u00f3n del tel\u00e9fono de una persona para personalizar las respuestas.<\/p>\n<p>Pero esa actualizaci\u00f3n se ha pospuesto hasta el pr\u00f3ximo a\u00f1o, y otras mejoras de software de inteligencia artificial de Apple para iPhones, Macs y iPads han sido m\u00ednimas este a\u00f1o.<\/p>\n<p>Y <strong><\/strong>el costoso auricular Vision Pro de Apple, la primera nueva categor\u00eda inform\u00e1tica que la compa\u00f1\u00eda ha introducido desde el Apple Watch, de hace una d\u00e9cada, sigue siendo un producto de nicho.<\/p>\n<p>Al mismo tiempo, Meta, Google, Samsung y OpenAI han anunciado importantes expansiones de productos en IA este a\u00f1o, desde las nuevas gafas inteligentes <a href=\"https:\/\/www.cnn.com\/2025\/09\/18\/tech\/meta-ray-ban-display-ai-smart-glasses-demo\">Ray-Ban Display de Meta hasta <\/a><a href=\"https:\/\/www.cnn.com\/2025\/10\/21\/tech\/samsung-galaxy-xr-headset-release-price-google-ai\">los auriculares Gemini<\/a> de Google y Samsung, y la incursi\u00f3n de OpenAI en <a href=\"https:\/\/www.cnn.com\/2025\/11\/13\/tech\/ai-online-shopping-google-amazon-openai-battle\">las compras<\/a> y <a href=\"https:\/\/www.cnn.com\/2025\/10\/22\/tech\/openai-chatgpt-atlas-browser-google-chrome-ai\">los navegadores web<\/a>.<\/p>\n<p>El modelo Gemini 3 de Google tambi\u00e9n ha <a href=\"https:\/\/www.cnn.com\/2025\/11\/29\/tech\/ai-chips-google-gemini-3-tpu-nvidia\" rel=\"noopener noreferrer\" target=\"_blank\">causado sensaci\u00f3n<\/a> desde su lanzamiento en noviembre.<\/p>\n<p>Wall Street busca respuestas sobre la estrategia de inteligencia artificial de Apple.<\/p>\n<p>En una conferencia telef\u00f3nica sobre resultados de julio, los analistas preguntaron a Apple sobre el papel de Siri en el impulso de nuevos productos y si los chatbots de inteligencia artificial amenazan la relevancia de Apple en las b\u00fasquedas en internet.<\/p>\n<p>Eddy Cue, vicepresidente s\u00e9nior de servicios de Apple, incluso afirm\u00f3 durante su testimonio en una audiencia antimonopolio de Google que la gente <a href=\"https:\/\/www.cnn.com\/2025\/05\/11\/tech\/google-facebook-silicon-valley-changes\">podr\u00eda no necesitar un iPhone dentro de 10 a\u00f1os<\/a>.<\/p>\n<p>Ahora Dye, en gran medida la imagen del estudio de dise\u00f1o de Apple tras la salida en 2019 del exjefe de dise\u00f1o Jony Ive, se une a Meta para ayudar a dar forma a lo que la compa\u00f1\u00eda considera la pr\u00f3xima era de la inform\u00e1tica.<\/p>\n<p>Ive tambi\u00e9n est\u00e1 ayudando a OpenAI <a href=\"https:\/\/www.cnn.com\/2025\/05\/21\/tech\/jony-ive-apple-design-chief-openai\" rel=\"noopener noreferrer\" target=\"_blank\">a crear su primer producto de hardware.<\/a><\/p>\n<p>La decisi\u00f3n de Dye de unirse a Meta es \u201cuna amenaza m\u00e1s directa para Apple\u201d en comparaci\u00f3n con las otras salidas anunciadas, coment\u00f3 Joe Tigay, gerente de cartera del Rational Equity Armor Fund.<\/p>\n<p>A pesar de la presi\u00f3n en el sector de la IA, <a href=\"https:\/\/www.cnn.com\/2025\/10\/30\/tech\/apple-earnings-q4-iphone-17-sales\">las ventas del iPhone 17<\/a> han sido s\u00f3lidas y se espera que sigan aumentando el pr\u00f3ximo a\u00f1o.<\/p>\n<p>Se pronostica que Apple supere a Samsung en entregas de smartphones este a\u00f1o por primera vez desde 2011, seg\u00fan Counterpoint Research.<\/p>\n<p>La compa\u00f1\u00eda tambi\u00e9n es una de las pocas que ha <a href=\"https:\/\/www.cnn.com\/2025\/10\/28\/business\/apple-worth-4-trillion\">superado el umbral de capitalizaci\u00f3n burs\u00e1til de US$ 4 billones<\/a>, junto con los gigantes de la IA, Nvidia y Microsoft.<\/p>\n<p>Y el cambio no siempre es malo, seg\u00fan Siegel, especialmente en industrias que atraviesan transiciones como la que est\u00e1 experimentando el sector tecnol\u00f3gico con la IA.<\/p>\n<p>Incorporar nuevos empleados o ascender a personal interno puede \u201cofrecer una perspectiva diferente cuando una empresa puede quedar atrapada en una forma de pensar y hacer las cosas\u201d, afirm\u00f3.<\/p>\n<p>Eso podr\u00eda ser justo lo que Apple necesita, ya que algunos analistas dicen que el tiempo avanza para que Apple d\u00e9 pasos m\u00e1s grandes en IA.<\/p>\n<p>\u201cNo se puede tener una cuarta revoluci\u00f3n industrial y observar la fiesta de la IA desde fuera\u201d, coment\u00f3 Ives. \u201cY claramente necesitan cambios radicales en el liderazgo\u201d.<\/p>\n<p>The-CNN-Wire<br \/>&trade; &amp; &copy; 2025 Cable News Network, Inc., a Warner Bros. Discovery Company. All rights reserved.<\/p>\n","protected":false},"excerpt":{"rendered":"<p>Apple durante d\u00e9cadas ha sido conocida por una serie consistente de productos de consumo con dise\u00f1o vanguardista, que definen y han dado forma al modo en que las personas usan la tecnolog\u00eda. Ahora, la compa\u00f1\u00eda conocida por su estabilidad est\u00e1 pasando por una reestructuraci\u00f3n en la cima, ya que tanto Apple como la industria tecnol\u00f3gica [&hellip;]<\/p>\n","protected":false},"author":0,"featured_media":0,"comment_status":"open","ping_status":"open","sticky":false,"template":"","format":"standard","meta":{"_jetpack_memberships_contains_paid_content":false,"footnotes":""},"categories":[10],"tags":[],"class_list":["post-1469023","post","type-post","status-publish","format-standard","hentry","category-noticias-nacionales","market-global"],"yoast_head":"<!-- This site is optimized with the Yoast SEO plugin v24.4 - https:\/\/yoast.com\/wordpress\/plugins\/seo\/ -->\n<title>\u00bfQu\u00e9 est\u00e1 cambiando en Apple? - Noticias<\/title>\n<meta name=\"robots\" content=\"index, follow, max-snippet:-1, max-image-preview:large, max-video-preview:-1\" \/>\n<link rel=\"canonical\" href=\"https:\/\/noticiasya.com\/2025\/12\/06\/apple-tim-cook-cambios-iderazgo-trax\/\" \/>\n<meta property=\"og:locale\" content=\"es_ES\" \/>\n<meta property=\"og:type\" content=\"article\" \/>\n<meta property=\"og:title\" content=\"\u00bfQu\u00e9 est\u00e1 cambiando en Apple? - Noticias\" \/>\n<meta property=\"og:description\" content=\"Apple durante d\u00e9cadas ha sido conocida por una serie consistente de productos de consumo con dise\u00f1o vanguardista, que definen y han dado forma al modo en que las personas usan la tecnolog\u00eda. Ahora, la compa\u00f1\u00eda conocida por su estabilidad est\u00e1 pasando por una reestructuraci\u00f3n en la cima, ya que tanto Apple como la industria tecnol\u00f3gica [&hellip;]\" \/>\n<meta property=\"og:url\" content=\"https:\/\/noticiasya.com\/2025\/12\/06\/apple-tim-cook-cambios-iderazgo-trax\/\" \/>\n<meta property=\"og:site_name\" content=\"Noticias\" \/>\n<meta property=\"article:published_time\" content=\"2025-12-06T11:03:46+00:00\" \/>\n<meta name=\"twitter:card\" content=\"summary_large_image\" \/>\n<meta name=\"twitter:label1\" content=\"Est. reading time\" \/>\n\t<meta name=\"twitter:data1\" content=\"6 minutos\" \/>\n<script type=\"application\/ld+json\" class=\"yoast-schema-graph\">{\"@context\":\"https:\/\/schema.org\",\"@graph\":[{\"@type\":\"Article\",\"@id\":\"https:\/\/noticiasya.com\/2025\/12\/06\/apple-tim-cook-cambios-iderazgo-trax\/#article\",\"isPartOf\":{\"@id\":\"https:\/\/noticiasya.com\/2025\/12\/06\/apple-tim-cook-cambios-iderazgo-trax\/\"},\"author\":{\"name\":\"\",\"@id\":\"\"},\"headline\":\"\u00bfQu\u00e9 est\u00e1 cambiando en Apple?\",\"datePublished\":\"2025-12-06T11:03:46+00:00\",\"mainEntityOfPage\":{\"@id\":\"https:\/\/noticiasya.com\/2025\/12\/06\/apple-tim-cook-cambios-iderazgo-trax\/\"},\"wordCount\":1201,\"commentCount\":0,\"publisher\":{\"@id\":\"https:\/\/noticiasya.com\/#organization\"},\"articleSection\":[\"Noticias Nacionales\"],\"inLanguage\":\"es\",\"potentialAction\":[{\"@type\":\"CommentAction\",\"name\":\"Comment\",\"target\":[\"https:\/\/noticiasya.com\/2025\/12\/06\/apple-tim-cook-cambios-iderazgo-trax\/#respond\"]}]},{\"@type\":\"WebPage\",\"@id\":\"https:\/\/noticiasya.com\/2025\/12\/06\/apple-tim-cook-cambios-iderazgo-trax\/\",\"url\":\"https:\/\/noticiasya.com\/2025\/12\/06\/apple-tim-cook-cambios-iderazgo-trax\/\",\"name\":\"\u00bfQu\u00e9 est\u00e1 cambiando en Apple? - Noticias\",\"isPartOf\":{\"@id\":\"https:\/\/noticiasya.com\/#website\"},\"datePublished\":\"2025-12-06T11:03:46+00:00\",\"breadcrumb\":{\"@id\":\"https:\/\/noticiasya.com\/2025\/12\/06\/apple-tim-cook-cambios-iderazgo-trax\/#breadcrumb\"},\"inLanguage\":\"es\",\"potentialAction\":[{\"@type\":\"ReadAction\",\"target\":[\"https:\/\/noticiasya.com\/2025\/12\/06\/apple-tim-cook-cambios-iderazgo-trax\/\"]}]},{\"@type\":\"BreadcrumbList\",\"@id\":\"https:\/\/noticiasya.com\/2025\/12\/06\/apple-tim-cook-cambios-iderazgo-trax\/#breadcrumb\",\"itemListElement\":[{\"@type\":\"ListItem\",\"position\":1,\"name\":\"Home\",\"item\":\"https:\/\/noticiasya.com\/\"},{\"@type\":\"ListItem\",\"position\":2,\"name\":\"\u00bfQu\u00e9 est\u00e1 cambiando en Apple?\"}]},{\"@type\":\"WebSite\",\"@id\":\"https:\/\/noticiasya.com\/#website\",\"url\":\"https:\/\/noticiasya.com\/\",\"name\":\"Noticias\",\"description\":\"Lo que importa\",\"publisher\":{\"@id\":\"https:\/\/noticiasya.com\/#organization\"},\"potentialAction\":[{\"@type\":\"SearchAction\",\"target\":{\"@type\":\"EntryPoint\",\"urlTemplate\":\"https:\/\/noticiasya.com\/?s={search_term_string}\"},\"query-input\":{\"@type\":\"PropertyValueSpecification\",\"valueRequired\":true,\"valueName\":\"search_term_string\"}}],\"inLanguage\":\"es\"},{\"@type\":\"Organization\",\"@id\":\"https:\/\/noticiasya.com\/#organization\",\"name\":\"Noticias\",\"url\":\"https:\/\/noticiasya.com\/\",\"logo\":{\"@type\":\"ImageObject\",\"inLanguage\":\"es\",\"@id\":\"https:\/\/noticiasya.com\/#\/schema\/logo\/image\/\",\"url\":\"https:\/\/noticiasya.com\/wp-content\/uploads\/sites\/22\/2023\/12\/logo-nacional.png\",\"contentUrl\":\"https:\/\/noticiasya.com\/wp-content\/uploads\/sites\/22\/2023\/12\/logo-nacional.png\",\"width\":1801,\"height\":691,\"caption\":\"Noticias\"},\"image\":{\"@id\":\"https:\/\/noticiasya.com\/#\/schema\/logo\/image\/\"}}]}<\/script>\n<!-- \/ Yoast SEO plugin. -->","yoast_head_json":{"title":"\u00bfQu\u00e9 est\u00e1 cambiando en Apple? - Noticias","robots":{"index":"index","follow":"follow","max-snippet":"max-snippet:-1","max-image-preview":"max-image-preview:large","max-video-preview":"max-video-preview:-1"},"canonical":"https:\/\/noticiasya.com\/2025\/12\/06\/apple-tim-cook-cambios-iderazgo-trax\/","og_locale":"es_ES","og_type":"article","og_title":"\u00bfQu\u00e9 est\u00e1 cambiando en Apple? - Noticias","og_description":"Apple durante d\u00e9cadas ha sido conocida por una serie consistente de productos de consumo con dise\u00f1o vanguardista, que definen y han dado forma al modo en que las personas usan la tecnolog\u00eda. Ahora, la compa\u00f1\u00eda conocida por su estabilidad est\u00e1 pasando por una reestructuraci\u00f3n en la cima, ya que tanto Apple como la industria tecnol\u00f3gica [&hellip;]","og_url":"https:\/\/noticiasya.com\/2025\/12\/06\/apple-tim-cook-cambios-iderazgo-trax\/","og_site_name":"Noticias","article_published_time":"2025-12-06T11:03:46+00:00","twitter_card":"summary_large_image","twitter_misc":{"Est. reading time":"6 minutos"},"schema":{"@context":"https:\/\/schema.org","@graph":[{"@type":"Article","@id":"https:\/\/noticiasya.com\/2025\/12\/06\/apple-tim-cook-cambios-iderazgo-trax\/#article","isPartOf":{"@id":"https:\/\/noticiasya.com\/2025\/12\/06\/apple-tim-cook-cambios-iderazgo-trax\/"},"author":{"name":"","@id":""},"headline":"\u00bfQu\u00e9 est\u00e1 cambiando en Apple?","datePublished":"2025-12-06T11:03:46+00:00","mainEntityOfPage":{"@id":"https:\/\/noticiasya.com\/2025\/12\/06\/apple-tim-cook-cambios-iderazgo-trax\/"},"wordCount":1201,"commentCount":0,"publisher":{"@id":"https:\/\/noticiasya.com\/#organization"},"articleSection":["Noticias Nacionales"],"inLanguage":"es","potentialAction":[{"@type":"CommentAction","name":"Comment","target":["https:\/\/noticiasya.com\/2025\/12\/06\/apple-tim-cook-cambios-iderazgo-trax\/#respond"]}]},{"@type":"WebPage","@id":"https:\/\/noticiasya.com\/2025\/12\/06\/apple-tim-cook-cambios-iderazgo-trax\/","url":"https:\/\/noticiasya.com\/2025\/12\/06\/apple-tim-cook-cambios-iderazgo-trax\/","name":"\u00bfQu\u00e9 est\u00e1 cambiando en Apple? - Noticias","isPartOf":{"@id":"https:\/\/noticiasya.com\/#website"},"datePublished":"2025-12-06T11:03:46+00:00","breadcrumb":{"@id":"https:\/\/noticiasya.com\/2025\/12\/06\/apple-tim-cook-cambios-iderazgo-trax\/#breadcrumb"},"inLanguage":"es","potentialAction":[{"@type":"ReadAction","target":["https:\/\/noticiasya.com\/2025\/12\/06\/apple-tim-cook-cambios-iderazgo-trax\/"]}]},{"@type":"BreadcrumbList","@id":"https:\/\/noticiasya.com\/2025\/12\/06\/apple-tim-cook-cambios-iderazgo-trax\/#breadcrumb","itemListElement":[{"@type":"ListItem","position":1,"name":"Home","item":"https:\/\/noticiasya.com\/"},{"@type":"ListItem","position":2,"name":"\u00bfQu\u00e9 est\u00e1 cambiando en Apple?"}]},{"@type":"WebSite","@id":"https:\/\/noticiasya.com\/#website","url":"https:\/\/noticiasya.com\/","name":"Noticias","description":"Lo que importa","publisher":{"@id":"https:\/\/noticiasya.com\/#organization"},"potentialAction":[{"@type":"SearchAction","target":{"@type":"EntryPoint","urlTemplate":"https:\/\/noticiasya.com\/?s={search_term_string}"},"query-input":{"@type":"PropertyValueSpecification","valueRequired":true,"valueName":"search_term_string"}}],"inLanguage":"es"},{"@type":"Organization","@id":"https:\/\/noticiasya.com\/#organization","name":"Noticias","url":"https:\/\/noticiasya.com\/","logo":{"@type":"ImageObject","inLanguage":"es","@id":"https:\/\/noticiasya.com\/#\/schema\/logo\/image\/","url":"https:\/\/noticiasya.com\/wp-content\/uploads\/sites\/22\/2023\/12\/logo-nacional.png","contentUrl":"https:\/\/noticiasya.com\/wp-content\/uploads\/sites\/22\/2023\/12\/logo-nacional.png","width":1801,"height":691,"caption":"Noticias"},"image":{"@id":"https:\/\/noticiasya.com\/#\/schema\/logo\/image\/"}}]}},"parsely":{"version":"1.1.0","canonical_url":"https:\/\/noticiasya.com\/midland-odessa\/2025\/12\/06\/apple-tim-cook-cambios-iderazgo-trax\/","smart_links":{"inbound":0,"outbound":0},"traffic_boost_suggestions_count":0,"meta":{"@context":"https:\/\/schema.org","@type":"NewsArticle","headline":"\u00bfQu\u00e9 est\u00e1 cambiando en Apple?","url":"http:\/\/noticiasya.com\/midland-odessa\/2025\/12\/06\/apple-tim-cook-cambios-iderazgo-trax\/","mainEntityOfPage":{"@type":"WebPage","@id":"http:\/\/noticiasya.com\/midland-odessa\/2025\/12\/06\/apple-tim-cook-cambios-iderazgo-trax\/"},"thumbnailUrl":"","image":{"@type":"ImageObject","url":""},"articleSection":"Noticias Nacionales","author":[],"creator":[],"publisher":{"@type":"Organization","name":"Noticias","logo":""},"keywords":[],"dateCreated":"2025-12-06T11:03:46Z","datePublished":"2025-12-06T11:03:46Z","dateModified":"2025-12-06T11:03:46Z"},"rendered":"<script type=\"application\/ld+json\" class=\"wp-parsely-metadata\">{\"@context\":\"https:\\\/\\\/schema.org\",\"@type\":\"NewsArticle\",\"headline\":\"\\u00bfQu\\u00e9 est\\u00e1 cambiando en Apple?\",\"url\":\"http:\\\/\\\/noticiasya.com\\\/midland-odessa\\\/2025\\\/12\\\/06\\\/apple-tim-cook-cambios-iderazgo-trax\\\/\",\"mainEntityOfPage\":{\"@type\":\"WebPage\",\"@id\":\"http:\\\/\\\/noticiasya.com\\\/midland-odessa\\\/2025\\\/12\\\/06\\\/apple-tim-cook-cambios-iderazgo-trax\\\/\"},\"thumbnailUrl\":\"\",\"image\":{\"@type\":\"ImageObject\",\"url\":\"\"},\"articleSection\":\"Noticias Nacionales\",\"author\":[],\"creator\":[],\"publisher\":{\"@type\":\"Organization\",\"name\":\"Noticias\",\"logo\":\"\"},\"keywords\":[],\"dateCreated\":\"2025-12-06T11:03:46Z\",\"datePublished\":\"2025-12-06T11:03:46Z\",\"dateModified\":\"2025-12-06T11:03:46Z\"}<\/script>","tracker_url":"https:\/\/cdn.parsely.com\/keys\/noticiasya.com\/p.js"},"jetpack_featured_media_url":"","jetpack-related-posts":[{"id":1473368,"url":"https:\/\/noticiasya.com\/midland-odessa\/2026\/04\/21\/apple-nombramiento-ia-tim-cook-trax\/","url_meta":{"origin":1469023,"position":0},"title":"La elecci\u00f3n de Apple del sucesor de Tim Cook sugiere cu\u00e1les son sus planes para la era de la IA","author":"","date":"abril 21, 2026","format":false,"excerpt":"El anuncio realizado el lunes por Apple \u2014de que su presidente ejecutivo, Tim Cook, dejar\u00e1 el cargo y John Ternus asumir\u00e1 el mando\u2014 se\u00f1ala un cambio significativo para la compa\u00f1\u00eda: Apple est\u00e1 apostando su futuro a la tecnolog\u00eda que evoluciona con mayor rapidez en la historia de la inform\u00e1tica.Apple sigue\u2026","rel":"","context":"In &quot;Noticias Nacionales&quot;","block_context":{"text":"Noticias Nacionales","link":"https:\/\/noticiasya.com\/midland-odessa\/categoria\/noticias-nacionales"},"img":{"alt_text":"","src":"","width":0,"height":0},"classes":[]},{"id":1473346,"url":"https:\/\/noticiasya.com\/midland-odessa\/2026\/04\/20\/tim-cook-ceo-apple-dejara-cargo-trax\/","url_meta":{"origin":1469023,"position":1},"title":"Tim Cook, CEO de Apple, dejar\u00e1 el cargo tras m\u00e1s de una d\u00e9cada","author":"","date":"abril 20, 2026","format":false,"excerpt":"Tim Cook, el ejecutivo que llev\u00f3 a Apple a convertirse en una empresa de US$ 4 billones y defini\u00f3 su identidad en la era posterior a Steve Jobs, dejar\u00e1 el cargo de director ejecutivo, inform\u00f3 Apple el lunes.John Ternus, vicepresidente s\u00e9nior de ingenier\u00eda de hardware de Apple, asumir\u00e1 como CEO\u2026","rel":"","context":"In &quot;Noticias Nacionales&quot;","block_context":{"text":"Noticias Nacionales","link":"https:\/\/noticiasya.com\/midland-odessa\/categoria\/noticias-nacionales"},"img":{"alt_text":"","src":"","width":0,"height":0},"classes":[]},{"id":1466237,"url":"https:\/\/noticiasya.com\/midland-odessa\/2025\/09\/07\/iphone-air-evento-apple-septiembre-trax\/","url_meta":{"origin":1469023,"position":2},"title":"Un \u2018iPhone Air,\u2019 aumentos de precio e IA: Qu\u00e9 esperar del evento m\u00e1s grande del a\u00f1o de Apple","author":"","date":"septiembre 7, 2025","format":false,"excerpt":"El iPhone necesita una renovaci\u00f3n y podr\u00eda verse el 9 de septiembre, cuando se espera que Apple anuncie un modelo de iPhone totalmente nuevo y m\u00e1s delgado, que podr\u00eda llamarse \u201ciPhone Air\u201d, junto con el iPhone 17 y nuevos modelos de Apple Watch en su evento anual principal.Ese tipo de\u2026","rel":"","context":"In &quot;Noticias Nacionales&quot;","block_context":{"text":"Noticias Nacionales","link":"https:\/\/noticiasya.com\/midland-odessa\/categoria\/noticias-nacionales"},"img":{"alt_text":"","src":"","width":0,"height":0},"classes":[]},{"id":1470565,"url":"https:\/\/noticiasya.com\/midland-odessa\/2026\/01\/28\/encuesta-criticas-iphone-air-trax\/","url_meta":{"origin":1469023,"position":3},"title":"Seg\u00fan una encuesta, los consumidores no est\u00e1n convencidos con la gran apuesta de Apple por un iPhone m\u00e1s delgado","author":"","date":"enero 28, 2026","format":false,"excerpt":"Apple apost\u00f3 fuerte el a\u00f1o pasado por un redise\u00f1o dr\u00e1stico de su iPhone, el mayor cambio en su smartphone insignia en casi una d\u00e9cada. Pero el iPhone Air, m\u00e1s delgado, no parece haber conectado con los compradores.Nuevos datos de investigaci\u00f3n de mercado indican que la adopci\u00f3n del iPhone Air est\u00e1\u2026","rel":"","context":"In &quot;Noticias Nacionales&quot;","block_context":{"text":"Noticias Nacionales","link":"https:\/\/noticiasya.com\/midland-odessa\/categoria\/noticias-nacionales"},"img":{"alt_text":"","src":"","width":0,"height":0},"classes":[]},{"id":1466330,"url":"https:\/\/noticiasya.com\/midland-odessa\/2025\/09\/10\/iphone-air-apple-telefonos-inteligentes-emocionantes-trax\/","url_meta":{"origin":1469023,"position":4},"title":"iPhone Air: el \u00faltimo intento de Apple por hacer que los tel\u00e9fonos inteligentes vuelvan a ser emocionantes","author":"","date":"septiembre 10, 2025","format":false,"excerpt":"Durante buena parte de la \u00faltima d\u00e9cada, las c\u00e1maras m\u00e1s n\u00edtidas, las pantallas m\u00e1s grandes y la mayor duraci\u00f3n de la bater\u00eda han definido las actualizaciones anuales de los tel\u00e9fonos inteligentes.Pero eso puede que ya no sea suficiente para deslumbrar a los consumidores, al menos en opini\u00f3n de Apple.La compa\u00f1\u00eda\u2026","rel":"","context":"In &quot;Noticias Nacionales&quot;","block_context":{"text":"Noticias Nacionales","link":"https:\/\/noticiasya.com\/midland-odessa\/categoria\/noticias-nacionales"},"img":{"alt_text":"","src":"","width":0,"height":0},"classes":[]},{"id":1463383,"url":"https:\/\/noticiasya.com\/midland-odessa\/2025\/06\/09\/novedades-appple-conferencia-desarrolladores-ia-trax\/","url_meta":{"origin":1469023,"position":5},"title":"Estas son las novedades m\u00e1s importantes que Apple acaba de anunciar para el iPhone, el Apple Watch y otros productos","author":"","date":"junio 9, 2025","format":false,"excerpt":"Apple revel\u00f3 c\u00f3mo planea incorporar inteligencia artificial en todos sus productos principales, desde la traducci\u00f3n de llamadas telef\u00f3nicas hasta dotar a la Mac de una barra de b\u00fasqueda m\u00e1s inteligente, entre otras funciones.Las actualizaciones no son tan llamativas como otros anuncios de los \u00faltimos dos a\u00f1os, que implicaron grandes cambios\u2026","rel":"","context":"In &quot;Noticias Nacionales&quot;","block_context":{"text":"Noticias Nacionales","link":"https:\/\/noticiasya.com\/midland-odessa\/categoria\/noticias-nacionales"},"img":{"alt_text":"","src":"","width":0,"height":0},"classes":[]}],"jetpack_sharing_enabled":true,"_links":{"self":[{"href":"https:\/\/noticiasya.com\/midland-odessa\/wp-json\/wp\/v2\/posts\/1469023","targetHints":{"allow":["GET"]}}],"collection":[{"href":"https:\/\/noticiasya.com\/midland-odessa\/wp-json\/wp\/v2\/posts"}],"about":[{"href":"https:\/\/noticiasya.com\/midland-odessa\/wp-json\/wp\/v2\/types\/post"}],"replies":[{"embeddable":true,"href":"https:\/\/noticiasya.com\/midland-odessa\/wp-json\/wp\/v2\/comments?post=1469023"}],"version-history":[{"count":0,"href":"https:\/\/noticiasya.com\/midland-odessa\/wp-json\/wp\/v2\/posts\/1469023\/revisions"}],"wp:attachment":[{"href":"https:\/\/noticiasya.com\/midland-odessa\/wp-json\/wp\/v2\/media?parent=1469023"}],"wp:term":[{"taxonomy":"category","embeddable":true,"href":"https:\/\/noticiasya.com\/midland-odessa\/wp-json\/wp\/v2\/categories?post=1469023"},{"taxonomy":"post_tag","embeddable":true,"href":"https:\/\/noticiasya.com\/midland-odessa\/wp-json\/wp\/v2\/tags?post=1469023"}],"curies":[{"name":"wp","href":"https:\/\/api.w.org\/{rel}","templated":true}]}}