{"id":1469024,"date":"2025-12-06T04:03:47","date_gmt":"2025-12-06T12:03:47","guid":{"rendered":"https:\/\/noticiasya.com\/2025\/12\/06\/guerra-contra-drogas-venezuela-botes-trump-trax\/"},"modified":"2025-12-06T04:03:47","modified_gmt":"2025-12-06T12:03:47","slug":"guerra-contra-drogas-venezuela-botes-trump-trax","status":"publish","type":"post","link":"https:\/\/noticiasya.com\/midland-odessa\/2025\/12\/06\/guerra-contra-drogas-venezuela-botes-trump-trax\/","title":{"rendered":"La &#171;guerra contra las drogas&#187; parec\u00eda terminada. Donald Trump la reinici\u00f3"},"content":{"rendered":"<p>La guerra no declarada de la administraci\u00f3n Trump contra los que llama \u201cnarcoterroristas\u201d en Am\u00e9rica Latina abre un nuevo y agresivo cap\u00edtulo en la historia de Estados Unidos y reaviva la ofensiva contra las drogas.<\/p>\n<p>Declarada por el presidente Richard Nixon en la d\u00e9cada de 1970, la guerra contra las drogas es una campa\u00f1a que dura d\u00e9cadas, entretejida en la pol\u00edtica exterior, judicial y de salud p\u00fablica de Estados Unidos, para detener por la fuerza el flujo de sustancias il\u00edcitas hacia Estados Unidos y castigar severamente a los traficantes, distribuidores e incluso consumidores.<\/p>\n<p>Recientemente, acad\u00e9micos, activistas y legisladores tambi\u00e9n lo han considerado un fracaso.<\/p>\n<p>Las drogas siguen siendo un problema grave. Su flujo hacia Estados Unidos no se ha detenido. La tendencia reciente se ha alejado de las duras sanciones que afectaban predominantemente a las personas negras y morenas, y se ha orientado hacia el tratamiento y la educaci\u00f3n.<\/p>\n<p>Ahora, la administraci\u00f3n Trump est\u00e1 amplificando un manual de guerra contra las drogas, declarando a los c\u00e1rteles como \u201cnarcoterroristas\u201d, citando las drogas como la principal raz\u00f3n para atacar a un gobierno izquierdista en Venezuela y encargando al ej\u00e9rcito estadounidense la tarea de desmantelar supuestos barcos cargados de drogas.<\/p>\n<p>Habl\u00e9 con David Farber, profesor de historia en la Universidad de Kansas y editor de \u201c<a href=\"https:\/\/academic.oup.com\/nyu-press-scholarship-online\/book\/42464\">La guerra contra las drogas: una historia<\/a>\u201d, para entender c\u00f3mo todo esto encaja en la saga que dura generaciones.<\/p>\n<p>WOLF: Escribi\u00f3 una historia de la guerra contra las drogas. \u00bfConsidera esta ofensiva actual que ha lanzado la administraci\u00f3n Trump como parte de esa guerra?<\/p>\n<p>FARBER: S\u00ed, creo que esto forma parte de la guerra contra las drogas.<\/p>\n<p>La guerra contra las drogas sol\u00eda ser m\u00e1s una met\u00e1fora que una descripci\u00f3n real de los acontecimientos. Se parec\u00eda mucho m\u00e1s a la guerra contra la pobreza que a la Segunda Guerra Mundial.<\/p>\n<p>Sin duda, la administraci\u00f3n Trump ha decidido deliberadamente intensificar las actividades militares, incluyendo \u00f3rdenes de matar de manera extrajudicial a personas percibidas como narcotraficantes. As\u00ed que esto es diferente.<\/p>\n<p>WOLF: Es una guerra metaf\u00f3rica, acu\u00f1ada por Richard Nixon, pero ha durado m\u00e1s de 50 a\u00f1os. \u00bfC\u00f3mo ha llevado Estados Unidos la guerra contra las drogas hasta ahora?<\/p>\n<p>FARBER: Nixon pidi\u00f3 una \u201c<a href=\"https:\/\/www.youtube.com\/watch?v=y8TGLLQlD9M\">ofensiva total<\/a>\u201d contra las drogas en Estados Unidos. Esa fue literalmente su frase. Me temo que fuimos los medios de comunicaci\u00f3n y el resto de nosotros quienes, en cierto modo, le pusimos las palabras \u201cguerra contra las drogas\u201d.<\/p>\n<p>La guerra contra las drogas se libr\u00f3 por dos medios. Uno fue hacer todo lo legalmente posible para detener el suministro de drogas a Estados Unidos.<\/p>\n<p>Antes de la d\u00e9cada de 1970, casi todas las drogas que consider\u00e1bamos importantes \u2014coca\u00edna, opioides e incluso cannabis\u2014 se produc\u00edan en otros lugares, fuera de Estados Unidos.<\/p>\n<p>El impulso, y Nixon en particular, persigui\u00f3 el intento de detener la importaci\u00f3n de estas drogas ilegales. Pero siempre ha existido el problema de la demanda.<\/p>\n<p>En Estados Unidos, la gente parece tener un deseo insaciable de muchas de las drogas que ahora hemos ilegalizado: coca\u00edna, opioides, cannabis, etc.<\/p>\n<p>Desde Nixon, todos los pol\u00edticos han decidido equilibrar estos dos tipos de batallas: la de la oferta y la de la demanda.<\/p>\n<p>No fue hasta mediados de los 70, con la escalada de Richard Nixon y varios gobernadores estatales, que se intent\u00f3 reducir dr\u00e1sticamente la demanda en Estados Unidos persiguiendo a los drogadictos y a los peque\u00f1os traficantes locales.<\/p>\n<p>Fue en la d\u00e9cada de 1970, y con mayor intensidad en las de 1980 y 1990, que el encarcelamiento se convirti\u00f3 en el m\u00e9todo predilecto para frenar el consumo de drogas en Estados Unidos, as\u00ed como los intentos de frenar la oferta procedente de distribuidores internacionales. Ambos son parte de la guerra contra las drogas.<\/p>\n<p>Hasta hace pocos a\u00f1os, lo que se estaba rezagando era el intento de utilizar medidas de educaci\u00f3n, rehabilitaci\u00f3n y salud p\u00fablica para intentar reducir tanto la demanda como los aspectos abusivos del consumo de drogas, y para tratar de salvar las vidas de personas que caen v\u00edctimas de adicciones de un tipo u otro.<\/p>\n<p>WOLF: \u00bfSe trata entonces de un nuevo frente en la guerra contra las drogas? \u00bfC\u00f3mo ve estas nuevas operaciones en el contexto de la guerra m\u00e1s amplia?<\/p>\n<p>FARBER: No creo que nadie m\u00e1s que haya ocupado un puesto de poder en el Gobierno de Estados Unidos haya imaginado jam\u00e1s que estar\u00edamos, no s\u00e9 cu\u00e1l es la palabra correcta, masacrando a los traficantes de carga en el Caribe o el Pac\u00edfico.<\/p>\n<p>As\u00ed que esta es definitivamente una nueva pol\u00edtica. Se podr\u00eda argumentar que es una extensi\u00f3n de pol\u00edticas que ya exist\u00edan en el pasado.<\/p>\n<p>As\u00ed que, repito, no se acerca ni de lejos al nivel de letalidad, como se dice hoy, que la administraci\u00f3n Trump ha decidido implementar.<\/p>\n<p>FARBER: Algunas de las medidas que Trump est\u00e1 tomando ahora fueron consideradas por (el expresidente) George H. W. Bush a finales de los 80 y principios de los 90.<\/p>\n<p>Ya hab\u00eda comenzado a usar las fuerzas armadas de maneras nunca antes utilizadas para intentar interceptar drogas. Y se habl\u00f3 mucho sobre c\u00f3mo lograrlo.<\/p>\n<p>\u00bfSe podr\u00edan usar aeronaves para hundir barcos narcotraficantes? \u00bfDestruir embarcaciones? Se habl\u00f3 de ello.<\/p>\n<p>El propio Bush quer\u00eda implementar la pena de muerte para narcotraficantes e incluso para traficantes de alto nivel en Estados Unidos. Esas medidas no se aprobaron en ese momento, aunque se discutieron.<\/p>\n<p>Y en ese sentido, Bush y su equipo, (el secretario de Estado James) Baker y otros, nunca consideraron actuar solos, cometer estos actos sin la cooperaci\u00f3n de Colombia, M\u00e9xico y otros pa\u00edses.<\/p>\n<p>Las pistas estaban ah\u00ed, pero nunca antes hab\u00eda sucedido como est\u00e1 sucediendo ahora. Quiz\u00e1s ese sea el lema \u201cEstados Unidos Primero\u201d, una de sus caras m\u00e1s feas.<\/p>\n<p>WOLF: \u00bfCu\u00e1l es la breve historia de las operaciones internacionales antidrogas del Gobierno? \u00bfC\u00f3mo llegamos a esta situaci\u00f3n?<\/p>\n<p>FARBER: Estados Unidos tiene una larga historia de intentos de interceptar drogas provenientes de todas partes, desde Turqu\u00eda hasta Colombia, y de lugares cercanos y lejanos.<\/p>\n<p>Se remonta a principios del siglo XX. Sin duda, se aceler\u00f3 despu\u00e9s de la Segunda Guerra Mundial.<\/p>\n<p>As\u00ed que no es nada nuevo, y Estados Unidos ha utilizado al ej\u00e9rcito como parte de ese proceso de interdicci\u00f3n, as\u00ed como a las agencias de inteligencia y a casi todas las dem\u00e1s estructuras del Gobierno estadounidense, desde el Departamento del Tesoro hasta el Departamento de Justicia. Pero no con este tipo de letalidad, no con este intento deliberado de usar m\u00e9todos extrajudiciales para matar a narcotraficantes.<\/p>\n<p>Pienso en el intento de prohibir la hero\u00edna. Algunos recordamos la famosa pel\u00edcula \u201cContacto en Francia\u201d, en la que Estados Unidos colabor\u00f3 \u200b\u200bcon sus diversas agencias para impedir que la hero\u00edna llegara a Estados Unidos en los a\u00f1os 70. Pero esto es diferente en su naturaleza y alcance a todo lo que ha sucedido hasta ahora.<\/p>\n<p>WOLF: Estados Unidos tambi\u00e9n ha utilizado las drogas como impulso para un cambio de r\u00e9gimen en Latinoam\u00e9rica. \u00bfC\u00f3mo deber\u00eda esto influir en los responsables pol\u00edticos que ahora miran hacia Venezuela?<\/p>\n<p>FARBER: Dependiendo de la agencia de la que se trate, Estados Unidos ha tenido una gran variedad de pol\u00edticas hacia los narcotraficantes en Centroam\u00e9rica, M\u00e9xico y Sudam\u00e9rica.<\/p>\n<p>A veces, con quienes consideramos amigos, como el movimiento antisandinista de la Contra en Nicaragua en la d\u00e9cada de 1980, hubo una especie de gui\u00f1o por parte de las agencias de inteligencia para permitir que ciertos miembros de ese grupo nicarag\u00fcense, la Contra, traficaran coca\u00edna a Estados Unidos.<\/p>\n<p>Tuvimos una especie de relaci\u00f3n acogedora dentro del Gobierno de Estados Unidos con el dictador de Panam\u00e1, Manuel Noriega, durante varios a\u00f1os, permiti\u00e9ndole participar en redes de tr\u00e1fico de drogas a gran escala, hasta que decidimos que eso ya no era aceptable.<\/p>\n<p>Probablemente lo m\u00e1s cercano a lo que est\u00e1 sucediendo ahora mismo, la administraci\u00f3n de George H.W. Bush decidi\u00f3 invadir Panam\u00e1 para derrocar al Gobierno de Noriega y detener el narcotr\u00e1fico desde ese pa\u00eds tanto como fuera posible.<\/p>\n<p>WOLF: Hasta este a\u00f1o, cuando empezamos a bombardear barcos en el Caribe, la mayor\u00eda de la gente probablemente consideraba que la guerra contra las drogas hab\u00eda sido un fracaso. \u00bfPor qu\u00e9? \u00bfC\u00f3mo regres\u00f3?<\/p>\n<p>FARBER: La guerra contra las drogas resurgi\u00f3, como un Dr\u00e1cula invencible.<\/p>\n<p>Soy historiador de profesi\u00f3n. Nos ocupamos de la periodizaci\u00f3n, de cu\u00e1ndo comienzan las cosas, cu\u00e1ndo terminan, y s\u00ed, hasta hace diez meses, probablemente habr\u00eda argumentado que la guerra contra las drogas hab\u00eda llegado a su fin, probablemente durante la administraci\u00f3n Obama, y \u200b\u200bque hab\u00edamos pasado p\u00e1gina.<\/p>\n<p>Estamos probando medidas de salud p\u00fablica. Estado tras estado ha legalizado o despenalizado el cannabis. Parec\u00eda que nos adentr\u00e1bamos r\u00e1pidamente en un mundo diferente.<\/p>\n<p>La raz\u00f3n por la que lleg\u00f3 a su fin fueron los castigos, las sanciones, cuyo costo hab\u00eda sido considerado demasiado alto por muchos estadounidenses.<\/p>\n<p>Nos convertimos en la naci\u00f3n que m\u00e1s personas per c\u00e1pita hab\u00eda encarcelado. No creo que as\u00ed fuera como la mayor\u00eda de los estadounidenses realmente deseaban que fuera el sue\u00f1o americano.<\/p>\n<p>El segundo problema era que, cada vez que se erradicaba un tipo de droga \u2014como el crack\u2014, surg\u00eda otra droga ilegal.<\/p>\n<p>O bien, una droga legal se convert\u00eda en ilegal, como los opioides, y aparec\u00eda, de modo que el problema de la demanda, ese deseo que tantos estadounidenses parecen tener de drogarse, de una forma u otra, no parec\u00eda ser superado por la llamada Guerra contra las Drogas, que se ha librado durante unos 50 a\u00f1os.<\/p>\n<p>As\u00ed pues, parecieron adoptarse medidas diferentes: despenalizaci\u00f3n, destinar muchos m\u00e1s recursos a la rehabilitaci\u00f3n y a m\u00e9todos para que los adictos se desintoxicaran, y tratar de evitar que las personas se suicidaran durante el per\u00edodo en que consum\u00edan drogas de forma inadecuada.<\/p>\n<p>Ahora, de repente, parece que estamos asumiendo la lucha contra las drogas. De nuevo, me parece interesante que sea la oferta la que est\u00e9 atrayendo la mayor atenci\u00f3n bajo la administraci\u00f3n Trump.<\/p>\n<p>No se ha intentado reactivar el sistema carcelario ni empezar a encarcelar a decenas, cientos de miles de estadounidenses.<\/p>\n<p>La oferta siempre ha sido el aspecto m\u00e1s popular de la lucha contra las drogas: impedir que los extranjeros, los no estadounidenses, traigan drogas. Parece que ese es el aspecto que ha vuelto con fuerza.<\/p>\n<p>WOLF: En cuanto a la demanda, de hecho, el gran <a href=\"https:\/\/www.cnn.com\/2019\/07\/19\/politics\/first-step-act-prisoners-released-doj\">logro bipartidista<\/a> del primer mandato de Trump fue la reforma de las sentencias, la Ley del Primer Paso. \u00bfEst\u00e1 de acuerdo?<\/p>\n<p>FARBER: En realidad, no fue hasta la administraci\u00f3n Obama que la Comisi\u00f3n de Sentencias, un grupo que durante mucho tiempo hab\u00eda argumentado que ciertas sanciones por drogas a nivel federal carec\u00edan de sentido, que eran err\u00f3neas y excesivamente punitivas, fue finalmente escuchada por el presidente y su administraci\u00f3n.<\/p>\n<p>Esas sentencias, tan graves como las del crack y la coca\u00edna, que comenzaron en la d\u00e9cada de 1980, y otras, fueron, como usted sugiere, reducidas.<\/p>\n<p>Siguen siendo bastante onerosas. Y Trump, de esa manera sorprendente, se adhiri\u00f3 a este nuevo <a href=\"https:\/\/www.cnn.com\/2018\/02\/02\/politics\/prison-reform-congress-trump\">consenso posguerra contra las drogas en 2018<\/a>.<\/p>\n<p>Los ataques a Venezuela, creo yo, no son tanto una reiteraci\u00f3n de la guerra contra las drogas sino m\u00e1s bien una reiteraci\u00f3n de la diplomacia de las ca\u00f1oneras de hace 100 a\u00f1os, en la d\u00e9cada de 1920.<\/p>\n<p>WOLF: Lo primero que Trump suele decir sobre los inmigrantes es: \u201cTraen drogas\u201d. Nixon us\u00f3 las drogas como una potente cu\u00f1a pol\u00edtica. La pol\u00edtica de la guerra contra las drogas puede ser un fracaso, pero como estrategia pol\u00edtica sigue siendo extremadamente efectiva. \u00bfC\u00f3mo distingue entre pol\u00edtica y propaganda?<\/p>\n<p>FARBER: Existe un enfoque de salud p\u00fablica que dice que las personas adictas a los opioides necesitan ayuda, y existe una sensaci\u00f3n pol\u00edtica muy arraigada de que quienes trafican con lo que sea \u2014coca\u00edna de Sudam\u00e9rica\u2014 deben ser eliminados, como si fueran manzanas y naranjas.<\/p>\n<p>Y creo que las pol\u00edticas antidrogas han sido muy exitosas para los pol\u00edticos durante mucho tiempo.<\/p>\n<p>El pobre Richard Nixon tiene muy mala fama como instigador de la guerra contra las drogas cuando inici\u00f3 esa pol\u00edtica. No es que quiera disculpar a Richard Nixon, pero en realidad era una medida de salud p\u00fablica cuando empez\u00f3.<\/p>\n<p>Estaba muy preocupado por los heroin\u00f3manos que regresaban de Vietnam, los veteranos que dejaban las fuerzas armadas.<\/p>\n<p>Esa fue probablemente su principal preocupaci\u00f3n cuando lanz\u00f3 la \u201cofensiva total\u201d contra el abuso de drogas, como \u00e9l la llam\u00f3.<\/p>\n<p>Pero r\u00e1pidamente comprendi\u00f3 el car\u00e1cter pol\u00edtico del asunto: que las familias estadounidenses, las madres y los padres, y todo tipo de l\u00edderes locales, estaban realmente muy asustados por el aumento del consumo de drogas, especialmente entre los j\u00f3venes blancos en la d\u00e9cada de 1960, y mucho m\u00e1s a\u00fan en la de 1970. As\u00ed que la pol\u00edtica era buena.<\/p>\n<p>Nelson Rockefeller, gobernador de Nueva York en 1973, probablemente con la mira puesta en postularse a la presidencia en 1976\u2026 fue en realidad el miembro m\u00e1s punitivo de esa cultura de la guerra contra las drogas.<\/p>\n<p>Si bien hab\u00eda motivos reales para preocuparse por la adicci\u00f3n a las drogas en la ciudad de Nueva York \u2014hab\u00eda una especie de epidemia de hero\u00edna en ese momento\u2014, tambi\u00e9n vio el cariz pol\u00edtico del asunto.<\/p>\n<p>Presidente tras presidente, senador tras senador, gobernador tras gobernador, a menudo consideran que aplicar medidas duras contra las drogas es una buena pol\u00edtica, y creo que Donald Trump ciertamente est\u00e1 presionando en esa direcci\u00f3n, aunque esta historia involucra m\u00e1s que solo el recuento de votos.<\/p>\n<p>The-CNN-Wire<br \/>&trade; &amp; &copy; 2025 Cable News Network, Inc., a Warner Bros. Discovery Company. All rights reserved.<\/p>\n","protected":false},"excerpt":{"rendered":"<p>La guerra no declarada de la administraci\u00f3n Trump contra los que llama \u201cnarcoterroristas\u201d en Am\u00e9rica Latina abre un nuevo y agresivo cap\u00edtulo en la historia de Estados Unidos y reaviva la ofensiva contra las drogas. Declarada por el presidente Richard Nixon en la d\u00e9cada de 1970, la guerra contra las drogas es una campa\u00f1a que [&hellip;]<\/p>\n","protected":false},"author":0,"featured_media":0,"comment_status":"open","ping_status":"open","sticky":false,"template":"","format":"standard","meta":{"_jetpack_memberships_contains_paid_content":false,"footnotes":""},"categories":[10],"tags":[],"class_list":["post-1469024","post","type-post","status-publish","format-standard","hentry","category-noticias-nacionales","market-global"],"yoast_head":"<!-- This site is optimized with the Yoast SEO plugin v24.4 - https:\/\/yoast.com\/wordpress\/plugins\/seo\/ -->\n<title>La &quot;guerra contra las drogas&quot; parec\u00eda terminada. Donald Trump la reinici\u00f3 - Noticias<\/title>\n<meta name=\"robots\" content=\"index, follow, max-snippet:-1, max-image-preview:large, max-video-preview:-1\" \/>\n<link rel=\"canonical\" href=\"https:\/\/noticiasya.com\/2025\/12\/06\/guerra-contra-drogas-venezuela-botes-trump-trax\/\" \/>\n<meta property=\"og:locale\" content=\"es_ES\" \/>\n<meta property=\"og:type\" content=\"article\" \/>\n<meta property=\"og:title\" content=\"La &quot;guerra contra las drogas&quot; parec\u00eda terminada. Donald Trump la reinici\u00f3 - Noticias\" \/>\n<meta property=\"og:description\" content=\"La guerra no declarada de la administraci\u00f3n Trump contra los que llama \u201cnarcoterroristas\u201d en Am\u00e9rica Latina abre un nuevo y agresivo cap\u00edtulo en la historia de Estados Unidos y reaviva la ofensiva contra las drogas. Declarada por el presidente Richard Nixon en la d\u00e9cada de 1970, la guerra contra las drogas es una campa\u00f1a que [&hellip;]\" \/>\n<meta property=\"og:url\" content=\"https:\/\/noticiasya.com\/2025\/12\/06\/guerra-contra-drogas-venezuela-botes-trump-trax\/\" \/>\n<meta property=\"og:site_name\" content=\"Noticias\" \/>\n<meta property=\"article:published_time\" content=\"2025-12-06T12:03:47+00:00\" \/>\n<meta name=\"twitter:card\" content=\"summary_large_image\" \/>\n<meta name=\"twitter:label1\" content=\"Est. reading time\" \/>\n\t<meta name=\"twitter:data1\" content=\"12 minutos\" \/>\n<script type=\"application\/ld+json\" class=\"yoast-schema-graph\">{\"@context\":\"https:\/\/schema.org\",\"@graph\":[{\"@type\":\"Article\",\"@id\":\"https:\/\/noticiasya.com\/2025\/12\/06\/guerra-contra-drogas-venezuela-botes-trump-trax\/#article\",\"isPartOf\":{\"@id\":\"https:\/\/noticiasya.com\/2025\/12\/06\/guerra-contra-drogas-venezuela-botes-trump-trax\/\"},\"author\":{\"name\":\"\",\"@id\":\"\"},\"headline\":\"La &#171;guerra contra las drogas&#187; parec\u00eda terminada. Donald Trump la reinici\u00f3\",\"datePublished\":\"2025-12-06T12:03:47+00:00\",\"mainEntityOfPage\":{\"@id\":\"https:\/\/noticiasya.com\/2025\/12\/06\/guerra-contra-drogas-venezuela-botes-trump-trax\/\"},\"wordCount\":2413,\"commentCount\":0,\"publisher\":{\"@id\":\"https:\/\/noticiasya.com\/#organization\"},\"articleSection\":[\"Noticias Nacionales\"],\"inLanguage\":\"es\",\"potentialAction\":[{\"@type\":\"CommentAction\",\"name\":\"Comment\",\"target\":[\"https:\/\/noticiasya.com\/2025\/12\/06\/guerra-contra-drogas-venezuela-botes-trump-trax\/#respond\"]}]},{\"@type\":\"WebPage\",\"@id\":\"https:\/\/noticiasya.com\/2025\/12\/06\/guerra-contra-drogas-venezuela-botes-trump-trax\/\",\"url\":\"https:\/\/noticiasya.com\/2025\/12\/06\/guerra-contra-drogas-venezuela-botes-trump-trax\/\",\"name\":\"La \\\"guerra contra las drogas\\\" parec\u00eda terminada. Donald Trump la reinici\u00f3 - Noticias\",\"isPartOf\":{\"@id\":\"https:\/\/noticiasya.com\/#website\"},\"datePublished\":\"2025-12-06T12:03:47+00:00\",\"breadcrumb\":{\"@id\":\"https:\/\/noticiasya.com\/2025\/12\/06\/guerra-contra-drogas-venezuela-botes-trump-trax\/#breadcrumb\"},\"inLanguage\":\"es\",\"potentialAction\":[{\"@type\":\"ReadAction\",\"target\":[\"https:\/\/noticiasya.com\/2025\/12\/06\/guerra-contra-drogas-venezuela-botes-trump-trax\/\"]}]},{\"@type\":\"BreadcrumbList\",\"@id\":\"https:\/\/noticiasya.com\/2025\/12\/06\/guerra-contra-drogas-venezuela-botes-trump-trax\/#breadcrumb\",\"itemListElement\":[{\"@type\":\"ListItem\",\"position\":1,\"name\":\"Home\",\"item\":\"https:\/\/noticiasya.com\/\"},{\"@type\":\"ListItem\",\"position\":2,\"name\":\"La &#171;guerra contra las drogas&#187; parec\u00eda terminada. Donald Trump la reinici\u00f3\"}]},{\"@type\":\"WebSite\",\"@id\":\"https:\/\/noticiasya.com\/#website\",\"url\":\"https:\/\/noticiasya.com\/\",\"name\":\"Noticias\",\"description\":\"Lo que importa\",\"publisher\":{\"@id\":\"https:\/\/noticiasya.com\/#organization\"},\"potentialAction\":[{\"@type\":\"SearchAction\",\"target\":{\"@type\":\"EntryPoint\",\"urlTemplate\":\"https:\/\/noticiasya.com\/?s={search_term_string}\"},\"query-input\":{\"@type\":\"PropertyValueSpecification\",\"valueRequired\":true,\"valueName\":\"search_term_string\"}}],\"inLanguage\":\"es\"},{\"@type\":\"Organization\",\"@id\":\"https:\/\/noticiasya.com\/#organization\",\"name\":\"Noticias\",\"url\":\"https:\/\/noticiasya.com\/\",\"logo\":{\"@type\":\"ImageObject\",\"inLanguage\":\"es\",\"@id\":\"https:\/\/noticiasya.com\/#\/schema\/logo\/image\/\",\"url\":\"https:\/\/noticiasya.com\/wp-content\/uploads\/sites\/22\/2023\/12\/logo-nacional.png\",\"contentUrl\":\"https:\/\/noticiasya.com\/wp-content\/uploads\/sites\/22\/2023\/12\/logo-nacional.png\",\"width\":1801,\"height\":691,\"caption\":\"Noticias\"},\"image\":{\"@id\":\"https:\/\/noticiasya.com\/#\/schema\/logo\/image\/\"}}]}<\/script>\n<!-- \/ Yoast SEO plugin. -->","yoast_head_json":{"title":"La \"guerra contra las drogas\" parec\u00eda terminada. Donald Trump la reinici\u00f3 - Noticias","robots":{"index":"index","follow":"follow","max-snippet":"max-snippet:-1","max-image-preview":"max-image-preview:large","max-video-preview":"max-video-preview:-1"},"canonical":"https:\/\/noticiasya.com\/2025\/12\/06\/guerra-contra-drogas-venezuela-botes-trump-trax\/","og_locale":"es_ES","og_type":"article","og_title":"La \"guerra contra las drogas\" parec\u00eda terminada. Donald Trump la reinici\u00f3 - Noticias","og_description":"La guerra no declarada de la administraci\u00f3n Trump contra los que llama \u201cnarcoterroristas\u201d en Am\u00e9rica Latina abre un nuevo y agresivo cap\u00edtulo en la historia de Estados Unidos y reaviva la ofensiva contra las drogas. Declarada por el presidente Richard Nixon en la d\u00e9cada de 1970, la guerra contra las drogas es una campa\u00f1a que [&hellip;]","og_url":"https:\/\/noticiasya.com\/2025\/12\/06\/guerra-contra-drogas-venezuela-botes-trump-trax\/","og_site_name":"Noticias","article_published_time":"2025-12-06T12:03:47+00:00","twitter_card":"summary_large_image","twitter_misc":{"Est. reading time":"12 minutos"},"schema":{"@context":"https:\/\/schema.org","@graph":[{"@type":"Article","@id":"https:\/\/noticiasya.com\/2025\/12\/06\/guerra-contra-drogas-venezuela-botes-trump-trax\/#article","isPartOf":{"@id":"https:\/\/noticiasya.com\/2025\/12\/06\/guerra-contra-drogas-venezuela-botes-trump-trax\/"},"author":{"name":"","@id":""},"headline":"La &#171;guerra contra las drogas&#187; parec\u00eda terminada. Donald Trump la reinici\u00f3","datePublished":"2025-12-06T12:03:47+00:00","mainEntityOfPage":{"@id":"https:\/\/noticiasya.com\/2025\/12\/06\/guerra-contra-drogas-venezuela-botes-trump-trax\/"},"wordCount":2413,"commentCount":0,"publisher":{"@id":"https:\/\/noticiasya.com\/#organization"},"articleSection":["Noticias Nacionales"],"inLanguage":"es","potentialAction":[{"@type":"CommentAction","name":"Comment","target":["https:\/\/noticiasya.com\/2025\/12\/06\/guerra-contra-drogas-venezuela-botes-trump-trax\/#respond"]}]},{"@type":"WebPage","@id":"https:\/\/noticiasya.com\/2025\/12\/06\/guerra-contra-drogas-venezuela-botes-trump-trax\/","url":"https:\/\/noticiasya.com\/2025\/12\/06\/guerra-contra-drogas-venezuela-botes-trump-trax\/","name":"La \"guerra contra las drogas\" parec\u00eda terminada. Donald Trump la reinici\u00f3 - Noticias","isPartOf":{"@id":"https:\/\/noticiasya.com\/#website"},"datePublished":"2025-12-06T12:03:47+00:00","breadcrumb":{"@id":"https:\/\/noticiasya.com\/2025\/12\/06\/guerra-contra-drogas-venezuela-botes-trump-trax\/#breadcrumb"},"inLanguage":"es","potentialAction":[{"@type":"ReadAction","target":["https:\/\/noticiasya.com\/2025\/12\/06\/guerra-contra-drogas-venezuela-botes-trump-trax\/"]}]},{"@type":"BreadcrumbList","@id":"https:\/\/noticiasya.com\/2025\/12\/06\/guerra-contra-drogas-venezuela-botes-trump-trax\/#breadcrumb","itemListElement":[{"@type":"ListItem","position":1,"name":"Home","item":"https:\/\/noticiasya.com\/"},{"@type":"ListItem","position":2,"name":"La &#171;guerra contra las drogas&#187; parec\u00eda terminada. Donald Trump la reinici\u00f3"}]},{"@type":"WebSite","@id":"https:\/\/noticiasya.com\/#website","url":"https:\/\/noticiasya.com\/","name":"Noticias","description":"Lo que importa","publisher":{"@id":"https:\/\/noticiasya.com\/#organization"},"potentialAction":[{"@type":"SearchAction","target":{"@type":"EntryPoint","urlTemplate":"https:\/\/noticiasya.com\/?s={search_term_string}"},"query-input":{"@type":"PropertyValueSpecification","valueRequired":true,"valueName":"search_term_string"}}],"inLanguage":"es"},{"@type":"Organization","@id":"https:\/\/noticiasya.com\/#organization","name":"Noticias","url":"https:\/\/noticiasya.com\/","logo":{"@type":"ImageObject","inLanguage":"es","@id":"https:\/\/noticiasya.com\/#\/schema\/logo\/image\/","url":"https:\/\/noticiasya.com\/wp-content\/uploads\/sites\/22\/2023\/12\/logo-nacional.png","contentUrl":"https:\/\/noticiasya.com\/wp-content\/uploads\/sites\/22\/2023\/12\/logo-nacional.png","width":1801,"height":691,"caption":"Noticias"},"image":{"@id":"https:\/\/noticiasya.com\/#\/schema\/logo\/image\/"}}]}},"parsely":{"version":"1.1.0","canonical_url":"https:\/\/noticiasya.com\/midland-odessa\/2025\/12\/06\/guerra-contra-drogas-venezuela-botes-trump-trax\/","smart_links":{"inbound":0,"outbound":0},"traffic_boost_suggestions_count":0,"meta":{"@context":"https:\/\/schema.org","@type":"NewsArticle","headline":"La &#171;guerra contra las drogas&#187; parec\u00eda terminada. Donald Trump la reinici\u00f3","url":"http:\/\/noticiasya.com\/midland-odessa\/2025\/12\/06\/guerra-contra-drogas-venezuela-botes-trump-trax\/","mainEntityOfPage":{"@type":"WebPage","@id":"http:\/\/noticiasya.com\/midland-odessa\/2025\/12\/06\/guerra-contra-drogas-venezuela-botes-trump-trax\/"},"thumbnailUrl":"","image":{"@type":"ImageObject","url":""},"articleSection":"Noticias Nacionales","author":[],"creator":[],"publisher":{"@type":"Organization","name":"Noticias","logo":""},"keywords":[],"dateCreated":"2025-12-06T12:03:47Z","datePublished":"2025-12-06T12:03:47Z","dateModified":"2025-12-06T12:03:47Z"},"rendered":"<script type=\"application\/ld+json\" class=\"wp-parsely-metadata\">{\"@context\":\"https:\\\/\\\/schema.org\",\"@type\":\"NewsArticle\",\"headline\":\"La &#171;guerra contra las drogas&#187; parec\\u00eda terminada. Donald Trump la reinici\\u00f3\",\"url\":\"http:\\\/\\\/noticiasya.com\\\/midland-odessa\\\/2025\\\/12\\\/06\\\/guerra-contra-drogas-venezuela-botes-trump-trax\\\/\",\"mainEntityOfPage\":{\"@type\":\"WebPage\",\"@id\":\"http:\\\/\\\/noticiasya.com\\\/midland-odessa\\\/2025\\\/12\\\/06\\\/guerra-contra-drogas-venezuela-botes-trump-trax\\\/\"},\"thumbnailUrl\":\"\",\"image\":{\"@type\":\"ImageObject\",\"url\":\"\"},\"articleSection\":\"Noticias Nacionales\",\"author\":[],\"creator\":[],\"publisher\":{\"@type\":\"Organization\",\"name\":\"Noticias\",\"logo\":\"\"},\"keywords\":[],\"dateCreated\":\"2025-12-06T12:03:47Z\",\"datePublished\":\"2025-12-06T12:03:47Z\",\"dateModified\":\"2025-12-06T12:03:47Z\"}<\/script>","tracker_url":"https:\/\/cdn.parsely.com\/keys\/noticiasya.com\/p.js"},"jetpack_featured_media_url":"","jetpack-related-posts":[{"id":1472021,"url":"https:\/\/noticiasya.com\/midland-odessa\/2026\/03\/09\/sheinbaum-trump-respuesta-carteles-flujo-armas-orix\/","url_meta":{"origin":1469024,"position":0},"title":"Tras comentarios de Trump, Sheinbaum pide a EE.UU. frenar el flujo de armas ilegales hacia M\u00e9xico","author":"","date":"marzo 9, 2026","format":false,"excerpt":"La presidenta de M\u00e9xico, Claudia Sheinbaum, respondi\u00f3 este lunes a los comentarios del presidente Donald Trump y dijo que Estados Unidos puede ayudar en la lucha contra el crimen organizado deteniendo el tr\u00e1fico de armas ilegales hacia M\u00e9xico, una postura que el Gobierno mexicano sostiene desde hace tiempo y que\u2026","rel":"","context":"In &quot;Noticias Nacionales&quot;","block_context":{"text":"Noticias Nacionales","link":"https:\/\/noticiasya.com\/midland-odessa\/categoria\/noticias-nacionales"},"img":{"alt_text":"","src":"","width":0,"height":0},"classes":[]},{"id":1467501,"url":"https:\/\/noticiasya.com\/midland-odessa\/2025\/10\/18\/ee-uu-liberar-sobrevivientes-ataque-caribe-trax\/","url_meta":{"origin":1469024,"position":1},"title":"EE.UU. est\u00e1 evaluando si liberar a sobrevivientes del \u00faltimo ataque en el Caribe y enviarlos a sus pa\u00edses de origen","author":"","date":"octubre 18, 2025","format":false,"excerpt":"El Gobierno de Trump est\u00e1 considerando trasladar a los dos sobrevivientes del ataque militar del jueves contra una embarcaci\u00f3n sospechosa de transportar drogas en el Caribe a sus pa\u00edses de origen y liberarlos de la custodia militar de Estados Unidos, dijeron dos funcionarios estadounidenses a CNN.Los funcionarios del Gobierno estaban\u2026","rel":"","context":"In &quot;Noticias Nacionales&quot;","block_context":{"text":"Noticias Nacionales","link":"https:\/\/noticiasya.com\/midland-odessa\/categoria\/noticias-nacionales"},"img":{"alt_text":"","src":"","width":0,"height":0},"classes":[]},{"id":1459693,"url":"https:\/\/noticiasya.com\/midland-odessa\/2025\/03\/09\/trump-aranceles-mexico-canada-recesion-trax\/","url_meta":{"origin":1469024,"position":2},"title":"Trump dice que aranceles a M\u00e9xico y Canad\u00e1 &#171;podr\u00edan subir&#187; y no descarta posible recesi\u00f3n","author":"","date":"marzo 9, 2025","format":false,"excerpt":"El presidente de EE.UU., Donald Trumpm dijo que los aranceles sobre algunos productos de Canad\u00e1 y M\u00e9xico previstos para el 2 de abril \u201cpodr\u00edan subir\u201d, y no predijo si Estados Unidos tendr\u00e1 una recesi\u00f3n en 2025.En una entrevista que se emiti\u00f3 en \u201cSunday Morning Futures With Maria Bartiromo\u201d de Fox\u2026","rel":"","context":"In &quot;Noticias Nacionales&quot;","block_context":{"text":"Noticias Nacionales","link":"https:\/\/noticiasya.com\/midland-odessa\/categoria\/noticias-nacionales"},"img":{"alt_text":"","src":"","width":0,"height":0},"classes":[]},{"id":1465859,"url":"https:\/\/noticiasya.com\/midland-odessa\/2025\/08\/26\/cargamento-record-drogas-sobredosis-florida-trax\/","url_meta":{"origin":1469024,"position":3},"title":"Incautan cargamento r\u00e9cord de drogas, suficiente para &#171;causar sobredosis a toda la poblaci\u00f3n&#187; de Florida, dice funcionario","author":"","date":"agosto 26, 2025","format":false,"excerpt":"Un barco de la Guardia Costera estadounidense descarg\u00f3 este lunes un alijo r\u00e9cord de drogas ilegales que, si hubiera llegado a las calles, representar\u00eda alrededor de 23 millones de dosis letales de coca\u00edna, comunic\u00f3 esta agencia.El patrullero Hamilton descarg\u00f3 aproximadamente 27.800 kilos de coca\u00edna y 6.600 kilos de marihuana en\u2026","rel":"","context":"In &quot;Noticias Nacionales&quot;","block_context":{"text":"Noticias Nacionales","link":"https:\/\/noticiasya.com\/midland-odessa\/categoria\/noticias-nacionales"},"img":{"alt_text":"","src":"","width":0,"height":0},"classes":[]},{"id":1456083,"url":"https:\/\/noticiasya.com\/midland-odessa\/2024\/11\/25\/trump-arancel-productos-canadienses-mexicanos-trax\/","url_meta":{"origin":1469024,"position":4},"title":"Trump dice que impondr\u00e1 un arancel del 25% a todos los productos que ingresen a EE.UU. desde M\u00e9xico y Canad\u00e1","author":"","date":"noviembre 25, 2024","format":false,"excerpt":"(CNN) \u2013\u2013\u00a0El presidente electo de EE.UU. Donald Trump prometi\u00f3 el lunes aranceles a los productos provenientes de M\u00e9xico, Canad\u00e1 y China desde el primer d\u00eda de su Gobierno.La medida, dijo Trump, ser\u00e1 en represalia por la inmigraci\u00f3n ilegal y el \u201ccrimen y las drogas\u201d que cruzan la frontera.\u201cEl 20 de\u2026","rel":"","context":"In &quot;Noticias Nacionales&quot;","block_context":{"text":"Noticias Nacionales","link":"https:\/\/noticiasya.com\/midland-odessa\/categoria\/noticias-nacionales"},"img":{"alt_text":"","src":"","width":0,"height":0},"classes":[]},{"id":1468383,"url":"https:\/\/noticiasya.com\/midland-odessa\/2025\/11\/15\/trump-decision-operaciones-militares-venezuela-trax\/","url_meta":{"origin":1469024,"position":5},"title":"\u00bfTom\u00f3 Trump una decisi\u00f3n sobre operaciones militares en Venezuela? Esto sabemos","author":"","date":"noviembre 15, 2025","format":false,"excerpt":"El presidente de Estados Unidos, Donald Trump, sugiri\u00f3 que ya tom\u00f3 una decisi\u00f3n sobre el curso de acci\u00f3n en Venezuela tras varias reuniones de alto nivel esta semana y una creciente demostraci\u00f3n de fuerza militar estadounidense en la regi\u00f3n.Funcionarios informaron a Trump esta semana sobre opciones para operaciones militares dentro\u2026","rel":"","context":"In &quot;Noticias Nacionales&quot;","block_context":{"text":"Noticias Nacionales","link":"https:\/\/noticiasya.com\/midland-odessa\/categoria\/noticias-nacionales"},"img":{"alt_text":"","src":"","width":0,"height":0},"classes":[]}],"jetpack_sharing_enabled":true,"_links":{"self":[{"href":"https:\/\/noticiasya.com\/midland-odessa\/wp-json\/wp\/v2\/posts\/1469024","targetHints":{"allow":["GET"]}}],"collection":[{"href":"https:\/\/noticiasya.com\/midland-odessa\/wp-json\/wp\/v2\/posts"}],"about":[{"href":"https:\/\/noticiasya.com\/midland-odessa\/wp-json\/wp\/v2\/types\/post"}],"replies":[{"embeddable":true,"href":"https:\/\/noticiasya.com\/midland-odessa\/wp-json\/wp\/v2\/comments?post=1469024"}],"version-history":[{"count":0,"href":"https:\/\/noticiasya.com\/midland-odessa\/wp-json\/wp\/v2\/posts\/1469024\/revisions"}],"wp:attachment":[{"href":"https:\/\/noticiasya.com\/midland-odessa\/wp-json\/wp\/v2\/media?parent=1469024"}],"wp:term":[{"taxonomy":"category","embeddable":true,"href":"https:\/\/noticiasya.com\/midland-odessa\/wp-json\/wp\/v2\/categories?post=1469024"},{"taxonomy":"post_tag","embeddable":true,"href":"https:\/\/noticiasya.com\/midland-odessa\/wp-json\/wp\/v2\/tags?post=1469024"}],"curies":[{"name":"wp","href":"https:\/\/api.w.org\/{rel}","templated":true}]}}