{"id":1469025,"date":"2025-12-06T05:03:40","date_gmt":"2025-12-06T13:03:40","guid":{"rendered":"https:\/\/noticiasya.com\/2025\/12\/06\/agentes-federales-fuerza-manifestantes-pacificos-trax\/"},"modified":"2025-12-06T05:03:40","modified_gmt":"2025-12-06T13:03:40","slug":"agentes-federales-fuerza-manifestantes-pacificos-trax","status":"publish","type":"post","link":"https:\/\/noticiasya.com\/midland-odessa\/2025\/12\/06\/agentes-federales-fuerza-manifestantes-pacificos-trax\/","title":{"rendered":"Videos muestran que agentes federales de EE.UU. detienen y usan la fuerza contra manifestantes pac\u00edficos"},"content":{"rendered":"<p>Agentes federales desplegados durante el aumento de efectivos policiales del Gobierno de Trump en <a href=\"https:\/\/www.cnn.com\/2025\/11\/19\/us\/north-carolina-charlotte-ice-raids-what-we-know\">ciudades estadounidenses<\/a> dispararon a dos cl\u00e9rigos cristianos en la cabeza con sustancias qu\u00edmicas o proyectiles.<\/p>\n<p>Uno meditaba con un cartel en la mano, y el otro ten\u00eda los brazos extendidos en se\u00f1al de oraci\u00f3n.<\/p>\n<p>El Gobierno afirma que ambos se encontraban en grupos de manifestantes que obstaculizaban el cumplimiento de la ley.<\/p>\n<p>Otros manifestantes han sido empujados al suelo por agentes de inmigraci\u00f3n o fronterizos, perseguidos o los funcionarios les han <a href=\"https:\/\/www.youtube.com\/watch?v=St5aTGJd4Rw&#038;list=RDNSSt5aTGJd4Rw&#038;start_radio=1\">arrebatado sus tel\u00e9fonos<\/a>.<\/p>\n<p>Una persona disfrazada de animal fue rociada con gas pimienta mientras intentaba ayudar a alguien que se hab\u00eda ca\u00eddo. Otra persona fue detenida por la polic\u00eda local tras burlarse de las tropas de la Guardia Nacional desplegadas en Washington, reproduciendo \u201cLa Marcha Imperial\u201d de Star Wars.<\/p>\n<p>El presidente Donald Trump dice que su ofensiva contra el crimen y la inmigraci\u00f3n, que <a href=\"https:\/\/www.cnn.com\/us\/live-news\/immigration-enforcement-minnesota-nola-12-04-25\">afect\u00f3 a Nueva Orleans<\/a> y Minneapolis en los \u00faltimos d\u00edas, tiene como objetivo abordar la \u201canarqu\u00eda\u201d, y describe las localidades lideradas por los dem\u00f3cratas como zonas de guerra violentas que exigen una respuesta militarizada.<\/p>\n<p>Pero en varias de esas ciudades, agentes federales desplegados por el presidente han detenido, perseguido, empujado, rociado con gas pimienta o disparado con proyectiles a personas que parec\u00edan protestar pac\u00edficamente.<\/p>\n<p>En un par de casos, las autoridades estatales o locales han tomado la inusual medida de investigar las acciones de los funcionarios federales.<\/p>\n<p>CNN ha revisado m\u00e1s de una docena de videos publicados en redes sociales que muestran a agentes federales, principalmente del Departamento de Seguridad Nacional, maltratando a personas que no parec\u00edan representar una amenaza.<\/p>\n<p>Los videos son instant\u00e1neas y no necesariamente capturan todas las circunstancias antes y despu\u00e9s de los enfrentamientos.<\/p>\n<p>El DHS ha defendido sistem\u00e1ticamente las t\u00e1cticas de sus agentes contra los manifestantes, a quienes acusa de allanamiento, agredir a funcionarios o desobedecer \u00f3rdenes de cualquier otra forma.<\/p>\n<p>El Gobierno tambi\u00e9n ha destacado las amenazas contra las fuerzas del orden que cumplen con su labor.<\/p>\n<p>Desde este verano, <a href=\"https:\/\/www.cnn.com\/2025\/07\/07\/us\/border-patrol-mcallen-shooting\">varias <\/a><a href=\"https:\/\/www.cnn.com\/2025\/09\/30\/us\/dallas-ice-facility-shooting-detainee-dies\">instalaciones<\/a> del DHS han sido <a href=\"https:\/\/www.cnn.com\/2025\/07\/26\/politics\/ice-attacks-trump-immigration\">blanco<\/a> de disparos. La agencia tambi\u00e9n afirma que sus agentes han tenido que lidiar con amenazas y divulgaci\u00f3n de informaci\u00f3n personal contra ellos y sus familias.<\/p>\n<p>En Washington, justo antes del D\u00eda de Acci\u00f3n de Gracias, dos miembros de la Guardia Nacional de Virginia Occidental desplegados en la capital del pa\u00eds como parte de la represi\u00f3n de Trump recibieron disparos mientras patrullaban las calles de la capital.<\/p>\n<p>Uno de ellos falleci\u00f3 posteriormente a causa de las heridas. A\u00fan se desconoce la motivaci\u00f3n del <a href=\"https:\/\/www.cnn.com\/2025\/11\/30\/politics\/dc-shooting-suspect-rahmanullah-lakanwal\">presunto tirador<\/a>, un afgano que entr\u00f3 en Estados Unidos en 2021 tras haber trabajado previamente con las fuerzas militares estadounidenses en Afganist\u00e1n.<\/p>\n<p>\u201cA pesar de estas graves amenazas y situaciones peligrosas en las que se encuentran nuestras fuerzas del orden, muestran una moderaci\u00f3n incre\u00edble al agotar todas las opciones antes de utilizar cualquier tipo de fuerza no letal\u201d, declar\u00f3 un portavoz del DHS en un comunicado.<\/p>\n<p>Michael Hughes, director ejecutivo de la Asociaci\u00f3n Federal de Oficiales de la Ley, que defiende a los oficiales que trabajan para el DHS y otras agencias federales, manifest\u00f3 durante una audiencia en el Congreso esta semana que \u201cla cr\u00edtica constructiva a las fuerzas del orden es saludable y la rendici\u00f3n de cuentas es esencial\u201d.<\/p>\n<p>\u201cPero\u201d, a\u00f1adi\u00f3, \u201clo que estamos viendo hoy por parte de algunas figuras p\u00fablicas, segmentos de los medios de comunicaci\u00f3n e incluso algunos funcionarios electos no es rendici\u00f3n de cuentas, sino difamaci\u00f3n\u201d.<\/p>\n<p>En los casos que CNN revis\u00f3, los manifestantes individuales que el DHS detuvo o a quienes dispar\u00f3 con proyectiles, despu\u00e9s de acusarlos de ser parte de grupos que agredieron o obstaculizaron a los oficiales, no fueron imputados por ning\u00fan delito.<\/p>\n<p>A algunos se les emitieron citaciones por desobedecer \u00f3rdenes, lo que requiere un est\u00e1ndar de prueba m\u00e1s bajo que un cargo criminal.<\/p>\n<p>\u201cHan aparecido videos tras videos de uso excesivo de la fuerza: derribos inmediatos de personas, redadas en edificios de apartamentos\u201d, coment\u00f3 Katherine Hawkins, analista legal s\u00e9nior del Proyecto de Supervisi\u00f3n Gubernamental, especializada en rendici\u00f3n de cuentas en el Departamento de Seguridad Nacional. \u201cHay violaciones generalizadas de los derechos constitucionales\u201d.<\/p>\n<p>\u201cEs alarmante y parece estar propag\u00e1ndose de una ciudad a otra\u201d, a\u00f1adi\u00f3.<\/p>\n<p>El DHS defendi\u00f3 que sus oficiales \u201cest\u00e1n entrenados para usar la m\u00ednima cantidad de fuerza necesaria para resolver situaciones peligrosas y priorizar la seguridad del p\u00fablico y de ellos mismos\u201d.<\/p>\n<p>Algunos de los manifestantes dijeron que cre\u00edan que hab\u00edan sido atacados porque hab\u00edan estado presentes regularmente en las protestas afuera de las instalaciones federales de inmigraci\u00f3n y hab\u00edan comenzado a molestar a los oficiales.<\/p>\n<p>Han surgido enfrentamientos cada vez m\u00e1s intensos desde que Trump orden\u00f3 el aumento de efectivos policiales y militares en las ciudades estadounidenses a principios de este verano.<\/p>\n<p>Los agentes federales que realizan operativos de control inmigratorio a menudo se enfrentan a ciudadanos indignados que los siguen y graban, y algunos de estos enfrentamientos han escalado hasta llegar a incidentes en los que los agentes han sido embestidos por veh\u00edculos o han recibido el lanzamiento de botellas o piedras.<\/p>\n<p>Pero los incidentes analizados por CNN involucran en su mayor\u00eda protestas fuera de los centros de detenci\u00f3n, no durante operaciones de inmigraci\u00f3n que pueden volverse r\u00e1pidamente impredecibles y vol\u00e1tiles cuando la gente intenta interferir con los arrestos.<\/p>\n<p>Puede <a href=\"https:\/\/www.cnn.com\/2025\/11\/15\/us\/ice-federal-agents-immigration-force\">ser dif\u00edcil<\/a> responsabilizar legalmente a los agentes federales por sus acciones. Ahora suelen llevar m\u00e1scaras y carecen de cualquier marca que facilite su identificaci\u00f3n.<\/p>\n<p>Adem\u00e1s, una serie de decisiones recientes de la Corte Suprema, incluyendo dos relacionadas con incidentes en la frontera, <a href=\"https:\/\/www.cnn.com\/2025\/09\/10\/politics\/kavanaugh-blowback-ice\" rel=\"noopener noreferrer\" target=\"_blank\">han limitado gravemente<\/a> la capacidad de las personas para demandar a agentes federales por uso excesivo de la fuerza.<\/p>\n<p>En Broadview, Illinois, agentes federales fueron captados en video disparando repetidamente bolas de pimienta a un ministro presbiteriano, el reverendo David Black, mientras rezaba afuera de un centro de detenci\u00f3n de inmigrantes. Luego lo <a href=\"https:\/\/x.com\/NancyAFrench\/status\/1970170521116414413\">rociaron en la cara<\/a> mientras el pastor y otros manifestantes se enfrentaban a los oficiales.<\/p>\n<p>\u201cNo hubo ninguna advertencia sobre ninguna de estas cosas\u201d, indic\u00f3 m\u00e1s tarde a CNN.<\/p>\n<p>La portavoz del DHS, Tricia McLaughlin, declar\u00f3 que Black y otros manifestantes estaban bloqueando un veh\u00edculo de ICE para que no saliera de las instalaciones, aunque el video no parece mostrar ning\u00fan auto intentando salir en el momento en que le dispararon.<\/p>\n<p>\u201cUna y otra vez, las fuerzas del orden dijeron a estos agitadores que se retiraran de la propiedad federal para que el veh\u00edculo pudiera moverse. Les advirtieron verbalmente que usar\u00edan la fuerza si no se mov\u00edan y dejaban de obstaculizar las operaciones\u201d, afirm\u00f3 McLaughlin. \u201cNo obedecieron\u201d.<\/p>\n<p>Black se uni\u00f3 a una demanda contra el DHS que busca impugnar la fuerza empleada por los agentes.<\/p>\n<p>Un juez federal emiti\u00f3 \u00f3rdenes que limitan el tipo de fuerza que pueden usar contra los manifestantes y exigen que los funcionarios federales usen c\u00e1maras corporales durante sus operativos.<\/p>\n<p>En Colorado, las autoridades estatales <a href=\"https:\/\/cbi.colorado.gov\/news-article\/cbi-to-investigate-ice-demonstration-incident-in-durango\">dijeron que est\u00e1n investigando<\/a> un incidente en el que un agente en Durango pareci\u00f3 arrebatarle un tel\u00e9fono de las manos a una mujer que lo estaba grabando.<\/p>\n<p>McLaughlin se\u00f1al\u00f3 en respuesta a ese incidente: \u201cCualquiera que obstruya activamente la aplicaci\u00f3n de la ley en el desempe\u00f1o de sus deberes jurados enfrentar\u00e1 consecuencias, que podr\u00edan incluir el arresto\u201d.<\/p>\n<p>Funcionarios municipales y estatales de Nueva Orleans, California y Nueva York han lanzado portales que alientan a los residentes a documentar y enviar instancias en las que las fuerzas del orden federales act\u00faan de manera violenta o abusan de su autoridad.<\/p>\n<p>Si bien la mayor\u00eda de estos incidentes involucraron a departamentos del DHS, en Washington, un hombre fue detenido por la polic\u00eda local y acusado de acosar a miembros de la Guardia Nacional mientras caminaba detr\u00e1s de ellos y tocaba \u201cLa Marcha Imperial\u201d de Star Wars.<\/p>\n<p>El individuo present\u00f3 una demanda alegando que se violaron sus derechos civiles.<\/p>\n<p>Seth Todd no pretend\u00eda que su traje inflable de rana se convirtiera en un s\u00edmbolo de resistencia contra la represi\u00f3n de Trump.<\/p>\n<p>Todd comenz\u00f3 a usarlo a principios de este verano para animar a Portland, que durante meses hab\u00eda acogido protestas constantes, pero mayoritariamente pac\u00edficas, frente a un centro de detenci\u00f3n de inmigrantes.<\/p>\n<p>\u201cCreo que he sido una molestia constante para ellos desde el principio, especialmente con mi traje de rana\u201d, afirm\u00f3.<\/p>\n<p>A principios de octubre, Todd form\u00f3 parte de una multitud que fue expulsada de la entrada del centro. Durante un breve enfrentamiento entre manifestantes y polic\u00edas, una persona cay\u00f3 al suelo y Todd se detuvo para ayudarla a levantarse.<\/p>\n<p>El video muestra a un agente rociando directamente el respiradero del traje de Todd desde atr\u00e1s.<\/p>\n<p>\u201cNo sabr\u00eda decirte por qu\u00e9 me atacaron\u201d, dijo Todd. \u201cSimplemente creo que era un blanco f\u00e1cil, porque el respiradero est\u00e1 justo ah\u00ed. Es una forma muy f\u00e1cil de atrapar a alguien\u201d.<\/p>\n<p>El DHS no respondi\u00f3 a preguntas sobre el incidente que involucr\u00f3 a Todd.<\/p>\n<p>Otros videos muestran a agentes que parecen esforzarse por empujar a los manifestantes fuera de las instalaciones de Portland.<\/p>\n<p>Al comienzo de un video, se ve a agentes federales acerc\u00e1ndose a un manifestante que les gritaba a los oficiales por detr\u00e1s y empuj\u00e1ndolo al suelo en un incidente ocurrido en agosto.<\/p>\n<p>El manifestante, un veterano llamado Daryn Herzberg, declar\u00f3 a los medios locales que fue detenido brevemente antes de ser citado por desobedecer las \u00f3rdenes de los funcionarios. Demand\u00f3 al DHS, que en un comunicado afirm\u00f3 que Herzberg es conocido por sus actos violentos fuera de las instalaciones, como lanzar piedras y gritar frases inapropiadas.<\/p>\n<p>CNN se comunic\u00f3 con Herzberg para solicitarle comentarios.<\/p>\n<p>Otro hombre, Rob Potylo, llevaba una tanga azul sobre un mono de jirafa y su oreja cubierta con una toalla sanitaria. Sab\u00eda que se ve\u00eda rid\u00edculo mientras molestaba a los agentes federales afuera de la misma instalaci\u00f3n.<\/p>\n<p>Ese era el objetivo. El comediante, conocido profesionalmente como Robby Roadsteamer, afirma que combate el absurdo con el absurdo en su acto, que ha conseguido cientos de miles de seguidores en redes sociales.<\/p>\n<p>\u201cEs como el judo\u201d, le coment\u00f3 a CNN. \u201cLes devuelves la energ\u00eda, y normalmente, en ese punto, son ellos los que se ven mal\u201d.<\/p>\n<p>Mientras protestaba frente al centro de detenci\u00f3n de Portland a mediados de octubre, Potylo recibi\u00f3 varios impactos de balas de pimienta por parte de agentes federales que custodiaban el centro.<\/p>\n<p>En un momento dado, un video mostr\u00f3 que cantaba una canci\u00f3n anti-ICE al ritmo de \u201cDa Ya Think I\u2019m Sexy?\u201d de Rod Stewart cuando tres agentes con uniforme militar y chaleco antibalas salieron del centro, agarraron a Potylo y lo obligaron a entrar.<\/p>\n<p>El DHS afirm\u00f3 que Potylo estaba invadiendo una propiedad privada. Potylo afirm\u00f3 que no entr\u00f3 en una propiedad federal hasta que lo arrastraron hasta ella.<\/p>\n<p>Potylo recibi\u00f3 una citaci\u00f3n por desobedecer las \u00f3rdenes de un agente del orden. Ha contratado un abogado y est\u00e1 considerando emprender acciones legales.<\/p>\n<p>Dice que logr\u00f3 calmar la tensi\u00f3n bromeando con los agentes federales que lo detuvieron, algunos de los cuales estaban familiarizados con su acto.<\/p>\n<p>\u201cSorprendentemente, muchos agentes de ICE conoc\u00edan demasiado bien mi cat\u00e1logo\u201d, se\u00f1al\u00f3.<\/p>\n<p><em>Nicky Robertson de CNN contribuy\u00f3 a este informe.<\/em><\/p>\n<p>The-CNN-Wire<br \/>&trade; &amp; &copy; 2025 Cable News Network, Inc., a Warner Bros. Discovery Company. All rights reserved.<\/p>\n","protected":false},"excerpt":{"rendered":"<p>Agentes federales desplegados durante el aumento de efectivos policiales del Gobierno de Trump en ciudades estadounidenses dispararon a dos cl\u00e9rigos cristianos en la cabeza con sustancias qu\u00edmicas o proyectiles. Uno meditaba con un cartel en la mano, y el otro ten\u00eda los brazos extendidos en se\u00f1al de oraci\u00f3n. El Gobierno afirma que ambos se encontraban [&hellip;]<\/p>\n","protected":false},"author":0,"featured_media":0,"comment_status":"open","ping_status":"open","sticky":false,"template":"","format":"standard","meta":{"_jetpack_memberships_contains_paid_content":false,"footnotes":""},"categories":[10],"tags":[],"class_list":["post-1469025","post","type-post","status-publish","format-standard","hentry","category-noticias-nacionales","market-global"],"yoast_head":"<!-- This site is optimized with the Yoast SEO plugin v24.4 - https:\/\/yoast.com\/wordpress\/plugins\/seo\/ -->\n<title>Videos muestran que agentes federales de EE.UU. detienen y usan la fuerza contra manifestantes pac\u00edficos - Noticias<\/title>\n<meta name=\"robots\" content=\"index, follow, max-snippet:-1, max-image-preview:large, max-video-preview:-1\" \/>\n<link rel=\"canonical\" href=\"https:\/\/noticiasya.com\/2025\/12\/06\/agentes-federales-fuerza-manifestantes-pacificos-trax\/\" \/>\n<meta property=\"og:locale\" content=\"es_ES\" \/>\n<meta property=\"og:type\" content=\"article\" \/>\n<meta property=\"og:title\" content=\"Videos muestran que agentes federales de EE.UU. detienen y usan la fuerza contra manifestantes pac\u00edficos - Noticias\" \/>\n<meta property=\"og:description\" content=\"Agentes federales desplegados durante el aumento de efectivos policiales del Gobierno de Trump en ciudades estadounidenses dispararon a dos cl\u00e9rigos cristianos en la cabeza con sustancias qu\u00edmicas o proyectiles. Uno meditaba con un cartel en la mano, y el otro ten\u00eda los brazos extendidos en se\u00f1al de oraci\u00f3n. El Gobierno afirma que ambos se encontraban [&hellip;]\" \/>\n<meta property=\"og:url\" content=\"https:\/\/noticiasya.com\/2025\/12\/06\/agentes-federales-fuerza-manifestantes-pacificos-trax\/\" \/>\n<meta property=\"og:site_name\" content=\"Noticias\" \/>\n<meta property=\"article:published_time\" content=\"2025-12-06T13:03:40+00:00\" \/>\n<meta name=\"twitter:card\" content=\"summary_large_image\" \/>\n<meta name=\"twitter:label1\" content=\"Est. reading time\" \/>\n\t<meta name=\"twitter:data1\" content=\"10 minutos\" \/>\n<script type=\"application\/ld+json\" class=\"yoast-schema-graph\">{\"@context\":\"https:\/\/schema.org\",\"@graph\":[{\"@type\":\"Article\",\"@id\":\"https:\/\/noticiasya.com\/2025\/12\/06\/agentes-federales-fuerza-manifestantes-pacificos-trax\/#article\",\"isPartOf\":{\"@id\":\"https:\/\/noticiasya.com\/2025\/12\/06\/agentes-federales-fuerza-manifestantes-pacificos-trax\/\"},\"author\":{\"name\":\"\",\"@id\":\"\"},\"headline\":\"Videos muestran que agentes federales de EE.UU. detienen y usan la fuerza contra manifestantes pac\u00edficos\",\"datePublished\":\"2025-12-06T13:03:40+00:00\",\"mainEntityOfPage\":{\"@id\":\"https:\/\/noticiasya.com\/2025\/12\/06\/agentes-federales-fuerza-manifestantes-pacificos-trax\/\"},\"wordCount\":1985,\"commentCount\":0,\"publisher\":{\"@id\":\"https:\/\/noticiasya.com\/#organization\"},\"articleSection\":[\"Noticias Nacionales\"],\"inLanguage\":\"es\",\"potentialAction\":[{\"@type\":\"CommentAction\",\"name\":\"Comment\",\"target\":[\"https:\/\/noticiasya.com\/2025\/12\/06\/agentes-federales-fuerza-manifestantes-pacificos-trax\/#respond\"]}]},{\"@type\":\"WebPage\",\"@id\":\"https:\/\/noticiasya.com\/2025\/12\/06\/agentes-federales-fuerza-manifestantes-pacificos-trax\/\",\"url\":\"https:\/\/noticiasya.com\/2025\/12\/06\/agentes-federales-fuerza-manifestantes-pacificos-trax\/\",\"name\":\"Videos muestran que agentes federales de EE.UU. detienen y usan la fuerza contra manifestantes pac\u00edficos - Noticias\",\"isPartOf\":{\"@id\":\"https:\/\/noticiasya.com\/#website\"},\"datePublished\":\"2025-12-06T13:03:40+00:00\",\"breadcrumb\":{\"@id\":\"https:\/\/noticiasya.com\/2025\/12\/06\/agentes-federales-fuerza-manifestantes-pacificos-trax\/#breadcrumb\"},\"inLanguage\":\"es\",\"potentialAction\":[{\"@type\":\"ReadAction\",\"target\":[\"https:\/\/noticiasya.com\/2025\/12\/06\/agentes-federales-fuerza-manifestantes-pacificos-trax\/\"]}]},{\"@type\":\"BreadcrumbList\",\"@id\":\"https:\/\/noticiasya.com\/2025\/12\/06\/agentes-federales-fuerza-manifestantes-pacificos-trax\/#breadcrumb\",\"itemListElement\":[{\"@type\":\"ListItem\",\"position\":1,\"name\":\"Home\",\"item\":\"https:\/\/noticiasya.com\/\"},{\"@type\":\"ListItem\",\"position\":2,\"name\":\"Videos muestran que agentes federales de EE.UU. detienen y usan la fuerza contra manifestantes pac\u00edficos\"}]},{\"@type\":\"WebSite\",\"@id\":\"https:\/\/noticiasya.com\/#website\",\"url\":\"https:\/\/noticiasya.com\/\",\"name\":\"Noticias\",\"description\":\"Lo que importa\",\"publisher\":{\"@id\":\"https:\/\/noticiasya.com\/#organization\"},\"potentialAction\":[{\"@type\":\"SearchAction\",\"target\":{\"@type\":\"EntryPoint\",\"urlTemplate\":\"https:\/\/noticiasya.com\/?s={search_term_string}\"},\"query-input\":{\"@type\":\"PropertyValueSpecification\",\"valueRequired\":true,\"valueName\":\"search_term_string\"}}],\"inLanguage\":\"es\"},{\"@type\":\"Organization\",\"@id\":\"https:\/\/noticiasya.com\/#organization\",\"name\":\"Noticias\",\"url\":\"https:\/\/noticiasya.com\/\",\"logo\":{\"@type\":\"ImageObject\",\"inLanguage\":\"es\",\"@id\":\"https:\/\/noticiasya.com\/#\/schema\/logo\/image\/\",\"url\":\"https:\/\/noticiasya.com\/wp-content\/uploads\/sites\/22\/2023\/12\/logo-nacional.png\",\"contentUrl\":\"https:\/\/noticiasya.com\/wp-content\/uploads\/sites\/22\/2023\/12\/logo-nacional.png\",\"width\":1801,\"height\":691,\"caption\":\"Noticias\"},\"image\":{\"@id\":\"https:\/\/noticiasya.com\/#\/schema\/logo\/image\/\"}}]}<\/script>\n<!-- \/ Yoast SEO plugin. -->","yoast_head_json":{"title":"Videos muestran que agentes federales de EE.UU. detienen y usan la fuerza contra manifestantes pac\u00edficos - Noticias","robots":{"index":"index","follow":"follow","max-snippet":"max-snippet:-1","max-image-preview":"max-image-preview:large","max-video-preview":"max-video-preview:-1"},"canonical":"https:\/\/noticiasya.com\/2025\/12\/06\/agentes-federales-fuerza-manifestantes-pacificos-trax\/","og_locale":"es_ES","og_type":"article","og_title":"Videos muestran que agentes federales de EE.UU. detienen y usan la fuerza contra manifestantes pac\u00edficos - Noticias","og_description":"Agentes federales desplegados durante el aumento de efectivos policiales del Gobierno de Trump en ciudades estadounidenses dispararon a dos cl\u00e9rigos cristianos en la cabeza con sustancias qu\u00edmicas o proyectiles. Uno meditaba con un cartel en la mano, y el otro ten\u00eda los brazos extendidos en se\u00f1al de oraci\u00f3n. El Gobierno afirma que ambos se encontraban [&hellip;]","og_url":"https:\/\/noticiasya.com\/2025\/12\/06\/agentes-federales-fuerza-manifestantes-pacificos-trax\/","og_site_name":"Noticias","article_published_time":"2025-12-06T13:03:40+00:00","twitter_card":"summary_large_image","twitter_misc":{"Est. reading time":"10 minutos"},"schema":{"@context":"https:\/\/schema.org","@graph":[{"@type":"Article","@id":"https:\/\/noticiasya.com\/2025\/12\/06\/agentes-federales-fuerza-manifestantes-pacificos-trax\/#article","isPartOf":{"@id":"https:\/\/noticiasya.com\/2025\/12\/06\/agentes-federales-fuerza-manifestantes-pacificos-trax\/"},"author":{"name":"","@id":""},"headline":"Videos muestran que agentes federales de EE.UU. detienen y usan la fuerza contra manifestantes pac\u00edficos","datePublished":"2025-12-06T13:03:40+00:00","mainEntityOfPage":{"@id":"https:\/\/noticiasya.com\/2025\/12\/06\/agentes-federales-fuerza-manifestantes-pacificos-trax\/"},"wordCount":1985,"commentCount":0,"publisher":{"@id":"https:\/\/noticiasya.com\/#organization"},"articleSection":["Noticias Nacionales"],"inLanguage":"es","potentialAction":[{"@type":"CommentAction","name":"Comment","target":["https:\/\/noticiasya.com\/2025\/12\/06\/agentes-federales-fuerza-manifestantes-pacificos-trax\/#respond"]}]},{"@type":"WebPage","@id":"https:\/\/noticiasya.com\/2025\/12\/06\/agentes-federales-fuerza-manifestantes-pacificos-trax\/","url":"https:\/\/noticiasya.com\/2025\/12\/06\/agentes-federales-fuerza-manifestantes-pacificos-trax\/","name":"Videos muestran que agentes federales de EE.UU. detienen y usan la fuerza contra manifestantes pac\u00edficos - Noticias","isPartOf":{"@id":"https:\/\/noticiasya.com\/#website"},"datePublished":"2025-12-06T13:03:40+00:00","breadcrumb":{"@id":"https:\/\/noticiasya.com\/2025\/12\/06\/agentes-federales-fuerza-manifestantes-pacificos-trax\/#breadcrumb"},"inLanguage":"es","potentialAction":[{"@type":"ReadAction","target":["https:\/\/noticiasya.com\/2025\/12\/06\/agentes-federales-fuerza-manifestantes-pacificos-trax\/"]}]},{"@type":"BreadcrumbList","@id":"https:\/\/noticiasya.com\/2025\/12\/06\/agentes-federales-fuerza-manifestantes-pacificos-trax\/#breadcrumb","itemListElement":[{"@type":"ListItem","position":1,"name":"Home","item":"https:\/\/noticiasya.com\/"},{"@type":"ListItem","position":2,"name":"Videos muestran que agentes federales de EE.UU. detienen y usan la fuerza contra manifestantes pac\u00edficos"}]},{"@type":"WebSite","@id":"https:\/\/noticiasya.com\/#website","url":"https:\/\/noticiasya.com\/","name":"Noticias","description":"Lo que importa","publisher":{"@id":"https:\/\/noticiasya.com\/#organization"},"potentialAction":[{"@type":"SearchAction","target":{"@type":"EntryPoint","urlTemplate":"https:\/\/noticiasya.com\/?s={search_term_string}"},"query-input":{"@type":"PropertyValueSpecification","valueRequired":true,"valueName":"search_term_string"}}],"inLanguage":"es"},{"@type":"Organization","@id":"https:\/\/noticiasya.com\/#organization","name":"Noticias","url":"https:\/\/noticiasya.com\/","logo":{"@type":"ImageObject","inLanguage":"es","@id":"https:\/\/noticiasya.com\/#\/schema\/logo\/image\/","url":"https:\/\/noticiasya.com\/wp-content\/uploads\/sites\/22\/2023\/12\/logo-nacional.png","contentUrl":"https:\/\/noticiasya.com\/wp-content\/uploads\/sites\/22\/2023\/12\/logo-nacional.png","width":1801,"height":691,"caption":"Noticias"},"image":{"@id":"https:\/\/noticiasya.com\/#\/schema\/logo\/image\/"}}]}},"parsely":{"version":"1.1.0","canonical_url":"https:\/\/noticiasya.com\/midland-odessa\/2025\/12\/06\/agentes-federales-fuerza-manifestantes-pacificos-trax\/","smart_links":{"inbound":0,"outbound":0},"traffic_boost_suggestions_count":0,"meta":{"@context":"https:\/\/schema.org","@type":"NewsArticle","headline":"Videos muestran que agentes federales de EE.UU. detienen y usan la fuerza contra manifestantes pac\u00edficos","url":"http:\/\/noticiasya.com\/midland-odessa\/2025\/12\/06\/agentes-federales-fuerza-manifestantes-pacificos-trax\/","mainEntityOfPage":{"@type":"WebPage","@id":"http:\/\/noticiasya.com\/midland-odessa\/2025\/12\/06\/agentes-federales-fuerza-manifestantes-pacificos-trax\/"},"thumbnailUrl":"","image":{"@type":"ImageObject","url":""},"articleSection":"Noticias Nacionales","author":[],"creator":[],"publisher":{"@type":"Organization","name":"Noticias","logo":""},"keywords":[],"dateCreated":"2025-12-06T13:03:40Z","datePublished":"2025-12-06T13:03:40Z","dateModified":"2025-12-06T13:03:40Z"},"rendered":"<script type=\"application\/ld+json\" class=\"wp-parsely-metadata\">{\"@context\":\"https:\\\/\\\/schema.org\",\"@type\":\"NewsArticle\",\"headline\":\"Videos muestran que agentes federales de EE.UU. detienen y usan la fuerza contra manifestantes pac\\u00edficos\",\"url\":\"http:\\\/\\\/noticiasya.com\\\/midland-odessa\\\/2025\\\/12\\\/06\\\/agentes-federales-fuerza-manifestantes-pacificos-trax\\\/\",\"mainEntityOfPage\":{\"@type\":\"WebPage\",\"@id\":\"http:\\\/\\\/noticiasya.com\\\/midland-odessa\\\/2025\\\/12\\\/06\\\/agentes-federales-fuerza-manifestantes-pacificos-trax\\\/\"},\"thumbnailUrl\":\"\",\"image\":{\"@type\":\"ImageObject\",\"url\":\"\"},\"articleSection\":\"Noticias Nacionales\",\"author\":[],\"creator\":[],\"publisher\":{\"@type\":\"Organization\",\"name\":\"Noticias\",\"logo\":\"\"},\"keywords\":[],\"dateCreated\":\"2025-12-06T13:03:40Z\",\"datePublished\":\"2025-12-06T13:03:40Z\",\"dateModified\":\"2025-12-06T13:03:40Z\"}<\/script>","tracker_url":"https:\/\/cdn.parsely.com\/keys\/noticiasya.com\/p.js"},"jetpack_featured_media_url":"","jetpack-related-posts":[{"id":1469982,"url":"https:\/\/noticiasya.com\/midland-odessa\/2026\/01\/11\/protestas-contra-ice-muerte-mujer-minneapolis-trax\/","url_meta":{"origin":1469025,"position":0},"title":"Protestas contra ICE en todo Estados Unidos tras la muerte a tiros de una mujer en Minneapolis por parte de un agente","author":"","date":"enero 11, 2026","format":false,"excerpt":"La indignaci\u00f3n nacional por la muerte a tiros de una mujer de Minneapolis a manos de un agente de ICE se traslad\u00f3 el s\u00e1bado a las calles de ciudades en todo Estados Unidos, con manifestantes que exig\u00edan la salida de las autoridades federales de inmigraci\u00f3n de sus comunidades y justicia\u2026","rel":"","context":"In &quot;Noticias Nacionales&quot;","block_context":{"text":"Noticias Nacionales","link":"https:\/\/noticiasya.com\/midland-odessa\/categoria\/noticias-nacionales"},"img":{"alt_text":"","src":"","width":0,"height":0},"classes":[]},{"id":1468829,"url":"https:\/\/noticiasya.com\/midland-odessa\/2025\/11\/29\/arrestan-manifestantes-agentes-manhattan-trax\/","url_meta":{"origin":1469025,"position":1},"title":"Arrestan a varios manifestantes que bloquearon a agentes federales en un garaje de Manhattan","author":"","date":"noviembre 29, 2025","format":false,"excerpt":"M\u00e1s de una decena de manifestantes fueron arrestados en el sur de Manhattan este s\u00e1bado tras impedir que agentes federales realizaran actividades de inmigraci\u00f3n y control, seg\u00fan un funcionario de las fuerzas del orden.El grupo de manifestantes coreaba \u201cICE fuera de Nueva York\u201d en im\u00e1genes que los mostraban formando una\u2026","rel":"","context":"In &quot;Noticias Nacionales&quot;","block_context":{"text":"Noticias Nacionales","link":"https:\/\/noticiasya.com\/midland-odessa\/categoria\/noticias-nacionales"},"img":{"alt_text":"","src":"","width":0,"height":0},"classes":[]},{"id":1467524,"url":"https:\/\/noticiasya.com\/midland-odessa\/2025\/10\/20\/testifican-funcionarios-federales-acciones-chicago-claves-trax\/","url_meta":{"origin":1469025,"position":2},"title":"Llaman a testificar a funcionarios federales ante un juez por acciones en Chicago. Estas son las claves del caso","author":"","date":"octubre 20, 2025","format":false,"excerpt":"D\u00edas antes de que se le ordenara comparecer ante una jueza federal para responder preguntas urgentes sobre la ofensiva migratoria en Chicago, el director local de Inmigraci\u00f3n y Control de Aduanas (ICE) de la ciudad se va de la ciudad y otros dos funcionarios testificar\u00e1n este lunes en su lugar.La\u2026","rel":"","context":"In &quot;Noticias Nacionales&quot;","block_context":{"text":"Noticias Nacionales","link":"https:\/\/noticiasya.com\/midland-odessa\/categoria\/noticias-nacionales"},"img":{"alt_text":"","src":"","width":0,"height":0},"classes":[]},{"id":1470184,"url":"https:\/\/noticiasya.com\/midland-odessa\/2026\/01\/17\/jueza-restringe-respuesta-federal-manifestantes-minnesota-trax\/","url_meta":{"origin":1469025,"position":3},"title":"Jueza restringe respuesta federal contra manifestantes en Minnesota en medio de protestas por tiroteos de ICE","author":"","date":"enero 17, 2026","format":false,"excerpt":"Una jueza federal dictamin\u00f3 este viernes que los agentes que llevan a cabo el amplio operativo inmigratorio de la administraci\u00f3n Trump en Minnesota no pueden arrestar ni implementar ciertas medidas de control de multitudes contra quienes participen en protestas pac\u00edficas y sin obstrucciones.La orden se produce mientras crece la indignaci\u00f3n\u2026","rel":"","context":"In &quot;Noticias Nacionales&quot;","block_context":{"text":"Noticias Nacionales","link":"https:\/\/noticiasya.com\/midland-odessa\/categoria\/noticias-nacionales"},"img":{"alt_text":"","src":"","width":0,"height":0},"classes":[]},{"id":1470849,"url":"https:\/\/noticiasya.com\/midland-odessa\/2026\/02\/04\/agentes-federales-gases-lacrimogenos-protestas-ice-portland-trax\/","url_meta":{"origin":1469025,"position":4},"title":"Los agentes federales deben limitar por ahora gases lacrim\u00f3genos en protestas frente edificio de ICE en Portland, dice juez","author":"","date":"febrero 4, 2026","format":false,"excerpt":"Un juez federal en Oregon restringi\u00f3 temporalmente el martes el uso de gases lacrim\u00f3genos por parte de agentes federales en las protestas en el edificio de Inmigraci\u00f3n y Control de Aduanas en Portland, apenas d\u00edas despu\u00e9s de que los agentes lanzaran gases contra una multitud de manifestantes, incluidos ni\u00f1os peque\u00f1os,\u2026","rel":"","context":"In &quot;Noticias Nacionales&quot;","block_context":{"text":"Noticias Nacionales","link":"https:\/\/noticiasya.com\/midland-odessa\/categoria\/noticias-nacionales"},"img":{"alt_text":"","src":"","width":0,"height":0},"classes":[]},{"id":1468527,"url":"https:\/\/noticiasya.com\/midland-odessa\/2025\/11\/19\/tribunal-bloquea-orden-redadas-inmigracion-chicago-trax\/","url_meta":{"origin":1469025,"position":5},"title":"Tribunal de apelaciones bloquea orden de jueza que restring\u00eda el uso de la fuerza en las redadas de inmigraci\u00f3n en Chicago","author":"","date":"noviembre 19, 2025","format":false,"excerpt":"Un tribunal de apelaciones de EE.UU. ha bloqueado temporalmente una orden que limitaba la aplicaci\u00f3n de la ley de inmigraci\u00f3n federal en Chicago, argumentando que la jueza de primera instancia se excedi\u00f3 al imponer restricciones estrictas y de gran alcance sobre c\u00f3mo los agentes pueden interactuar con manifestantes y periodistas.Un\u2026","rel":"","context":"In &quot;Noticias Nacionales&quot;","block_context":{"text":"Noticias Nacionales","link":"https:\/\/noticiasya.com\/midland-odessa\/categoria\/noticias-nacionales"},"img":{"alt_text":"","src":"","width":0,"height":0},"classes":[]}],"jetpack_sharing_enabled":true,"_links":{"self":[{"href":"https:\/\/noticiasya.com\/midland-odessa\/wp-json\/wp\/v2\/posts\/1469025","targetHints":{"allow":["GET"]}}],"collection":[{"href":"https:\/\/noticiasya.com\/midland-odessa\/wp-json\/wp\/v2\/posts"}],"about":[{"href":"https:\/\/noticiasya.com\/midland-odessa\/wp-json\/wp\/v2\/types\/post"}],"replies":[{"embeddable":true,"href":"https:\/\/noticiasya.com\/midland-odessa\/wp-json\/wp\/v2\/comments?post=1469025"}],"version-history":[{"count":0,"href":"https:\/\/noticiasya.com\/midland-odessa\/wp-json\/wp\/v2\/posts\/1469025\/revisions"}],"wp:attachment":[{"href":"https:\/\/noticiasya.com\/midland-odessa\/wp-json\/wp\/v2\/media?parent=1469025"}],"wp:term":[{"taxonomy":"category","embeddable":true,"href":"https:\/\/noticiasya.com\/midland-odessa\/wp-json\/wp\/v2\/categories?post=1469025"},{"taxonomy":"post_tag","embeddable":true,"href":"https:\/\/noticiasya.com\/midland-odessa\/wp-json\/wp\/v2\/tags?post=1469025"}],"curies":[{"name":"wp","href":"https:\/\/api.w.org\/{rel}","templated":true}]}}