{"id":1469029,"date":"2025-12-06T10:03:49","date_gmt":"2025-12-06T18:03:49","guid":{"rendered":"https:\/\/noticiasya.com\/2025\/12\/06\/parques-nacionales-cumpleanos-trump-gratis-trax\/"},"modified":"2025-12-06T10:03:49","modified_gmt":"2025-12-06T18:03:49","slug":"parques-nacionales-cumpleanos-trump-gratis-trax","status":"publish","type":"post","link":"https:\/\/noticiasya.com\/midland-odessa\/2025\/12\/06\/parques-nacionales-cumpleanos-trump-gratis-trax\/","title":{"rendered":"El d\u00eda del cumplea\u00f1os de Trump ser\u00e1 gratis el ingreso a los Parques Nacionales de EE.UU."},"content":{"rendered":"<p>Los visitantes de los parques nacionales tendr\u00e1n entrada gratuita el pr\u00f3ximo a\u00f1o para el cumplea\u00f1os del presidente Donald Trump, pero deber\u00e1n pagar la tarifa regular el D\u00eda de Martin Luther King Jr. y Juneteenth, despu\u00e9s de que el Servicio de Parques Nacionales renovase su calendario de entrada gratuita.<\/p>\n<p>La entrada al D\u00eda de Martin Luther King Jr. ha estado exenta de pago durante a\u00f1os, incluso durante el primer Gobierno de Trump. Juneteenth se a\u00f1adi\u00f3 como d\u00eda de entrada gratuita en 2024.<\/p>\n<p>Estos cambios se producen despu\u00e9s de que Trump haya convertido la eliminaci\u00f3n de las iniciativas de diversidad, equidad e inclusi\u00f3n (DEI) en un eje central de su Gobierno. A principios de este a\u00f1o, en Juneteenth \u2014la celebraci\u00f3n m\u00e1s antigua de Estados Unidos para conmemorar el fin de la esclavitud\u2014, el presidente critic\u00f3 la cantidad de \u201cd\u00edas festivos no laborables\u201d en Estados Unidos, y dijo: \u201cLe est\u00e1n costando a nuestro pa\u00eds miles de millones de d\u00f3lares\u201d.<\/p>\n<p>Adem\u00e1s del cumplea\u00f1os de Trump, que se celebra el 14 de junio y tambi\u00e9n conmemora el D\u00eda de la Bandera, el calendario de 2026 para d\u00edas de entrada gratuita tambi\u00e9n incluye el D\u00eda de los Presidentes, el D\u00eda de los Ca\u00eddos en Guerra, tres d\u00edas para el fin de semana del 4 de julio, el 110\u00ba aniversario del NPS el 25 de agosto, el D\u00eda de la Constituci\u00f3n el 17 de septiembre y el cumplea\u00f1os del expresidente Theodore Roosevelt el 27 de octubre. Roosevelt es considerado \u201cel presidente conservacionista\u201d e hizo varias contribuciones al Sistema de Parques Nacionales, como duplicar el n\u00famero de sitios durante su presidencia, seg\u00fan el sitio web del NPS.<\/p>\n<p>El nuevo calendario tambi\u00e9n elimina el primer d\u00eda de la Semana de los Parques Nacionales, el aniversario de la Oficina de Administraci\u00f3n de Tierras, el D\u00eda de la Gran Naturaleza Estadounidense, el D\u00eda Nacional de las Tierras P\u00fablicas y el primer domingo de la Semana Nacional de los Refugios de Vida Silvestre.<\/p>\n<p>Los visitantes seguir\u00e1n disfrutando de entrada gratuita el D\u00eda de los Veteranos.<\/p>\n<p>La entrada gratuita solo ser\u00e1 v\u00e1lida para residentes de EE.UU., ya que el Departamento del Interior present\u00f3 recientemente un sistema de tarifas \u201cAmerica First\u201d que obligar\u00e1 a los turistas internacionales a pagar la tarifa est\u00e1ndar, adem\u00e1s de US$ 100 adicionales por persona en 11 de los parques nacionales m\u00e1s visitados, a partir del 1 de enero de 2026. El pase anual costar\u00e1 US$ 250 para quienes no residan en EE.UU., m\u00e1s del triple de los US$ 80 que seguir\u00e1n pagando los residentes de EE.UU.<\/p>\n<p><em>Con informaci\u00f3n de Alejandra Jaramillo y Yahya Salem, de CNN.<\/em><\/p>\n<p>The-CNN-Wire<br \/>&trade; &amp; &copy; 2025 Cable News Network, Inc., a Warner Bros. Discovery Company. All rights reserved.<\/p>\n","protected":false},"excerpt":{"rendered":"<p>Los visitantes de los parques nacionales tendr\u00e1n entrada gratuita el pr\u00f3ximo a\u00f1o para el cumplea\u00f1os del presidente Donald Trump, pero deber\u00e1n pagar la tarifa regular el D\u00eda de Martin Luther King Jr. y Juneteenth, despu\u00e9s de que el Servicio de Parques Nacionales renovase su calendario de entrada gratuita. La entrada al D\u00eda de Martin Luther [&hellip;]<\/p>\n","protected":false},"author":0,"featured_media":0,"comment_status":"open","ping_status":"open","sticky":false,"template":"","format":"standard","meta":{"_jetpack_memberships_contains_paid_content":false,"footnotes":""},"categories":[10],"tags":[],"class_list":["post-1469029","post","type-post","status-publish","format-standard","hentry","category-noticias-nacionales","market-global"],"yoast_head":"<!-- This site is optimized with the Yoast SEO plugin v24.4 - https:\/\/yoast.com\/wordpress\/plugins\/seo\/ -->\n<title>El d\u00eda del cumplea\u00f1os de Trump ser\u00e1 gratis el ingreso a los Parques Nacionales de EE.UU. - Noticias<\/title>\n<meta name=\"robots\" content=\"index, follow, max-snippet:-1, max-image-preview:large, max-video-preview:-1\" \/>\n<link rel=\"canonical\" href=\"https:\/\/noticiasya.com\/2025\/12\/06\/parques-nacionales-cumpleanos-trump-gratis-trax\/\" \/>\n<meta property=\"og:locale\" content=\"es_ES\" \/>\n<meta property=\"og:type\" content=\"article\" \/>\n<meta property=\"og:title\" content=\"El d\u00eda del cumplea\u00f1os de Trump ser\u00e1 gratis el ingreso a los Parques Nacionales de EE.UU. - Noticias\" \/>\n<meta property=\"og:description\" content=\"Los visitantes de los parques nacionales tendr\u00e1n entrada gratuita el pr\u00f3ximo a\u00f1o para el cumplea\u00f1os del presidente Donald Trump, pero deber\u00e1n pagar la tarifa regular el D\u00eda de Martin Luther King Jr. y Juneteenth, despu\u00e9s de que el Servicio de Parques Nacionales renovase su calendario de entrada gratuita. La entrada al D\u00eda de Martin Luther [&hellip;]\" \/>\n<meta property=\"og:url\" content=\"https:\/\/noticiasya.com\/2025\/12\/06\/parques-nacionales-cumpleanos-trump-gratis-trax\/\" \/>\n<meta property=\"og:site_name\" content=\"Noticias\" \/>\n<meta property=\"article:published_time\" content=\"2025-12-06T18:03:49+00:00\" \/>\n<meta name=\"twitter:card\" content=\"summary_large_image\" \/>\n<meta name=\"twitter:label1\" content=\"Est. reading time\" \/>\n\t<meta name=\"twitter:data1\" content=\"2 minutos\" \/>\n<script type=\"application\/ld+json\" class=\"yoast-schema-graph\">{\"@context\":\"https:\/\/schema.org\",\"@graph\":[{\"@type\":\"Article\",\"@id\":\"https:\/\/noticiasya.com\/2025\/12\/06\/parques-nacionales-cumpleanos-trump-gratis-trax\/#article\",\"isPartOf\":{\"@id\":\"https:\/\/noticiasya.com\/2025\/12\/06\/parques-nacionales-cumpleanos-trump-gratis-trax\/\"},\"author\":{\"name\":\"\",\"@id\":\"\"},\"headline\":\"El d\u00eda del cumplea\u00f1os de Trump ser\u00e1 gratis el ingreso a los Parques Nacionales de EE.UU.\",\"datePublished\":\"2025-12-06T18:03:49+00:00\",\"mainEntityOfPage\":{\"@id\":\"https:\/\/noticiasya.com\/2025\/12\/06\/parques-nacionales-cumpleanos-trump-gratis-trax\/\"},\"wordCount\":502,\"commentCount\":0,\"publisher\":{\"@id\":\"https:\/\/noticiasya.com\/#organization\"},\"articleSection\":[\"Noticias Nacionales\"],\"inLanguage\":\"es\",\"potentialAction\":[{\"@type\":\"CommentAction\",\"name\":\"Comment\",\"target\":[\"https:\/\/noticiasya.com\/2025\/12\/06\/parques-nacionales-cumpleanos-trump-gratis-trax\/#respond\"]}]},{\"@type\":\"WebPage\",\"@id\":\"https:\/\/noticiasya.com\/2025\/12\/06\/parques-nacionales-cumpleanos-trump-gratis-trax\/\",\"url\":\"https:\/\/noticiasya.com\/2025\/12\/06\/parques-nacionales-cumpleanos-trump-gratis-trax\/\",\"name\":\"El d\u00eda del cumplea\u00f1os de Trump ser\u00e1 gratis el ingreso a los Parques Nacionales de EE.UU. - Noticias\",\"isPartOf\":{\"@id\":\"https:\/\/noticiasya.com\/#website\"},\"datePublished\":\"2025-12-06T18:03:49+00:00\",\"breadcrumb\":{\"@id\":\"https:\/\/noticiasya.com\/2025\/12\/06\/parques-nacionales-cumpleanos-trump-gratis-trax\/#breadcrumb\"},\"inLanguage\":\"es\",\"potentialAction\":[{\"@type\":\"ReadAction\",\"target\":[\"https:\/\/noticiasya.com\/2025\/12\/06\/parques-nacionales-cumpleanos-trump-gratis-trax\/\"]}]},{\"@type\":\"BreadcrumbList\",\"@id\":\"https:\/\/noticiasya.com\/2025\/12\/06\/parques-nacionales-cumpleanos-trump-gratis-trax\/#breadcrumb\",\"itemListElement\":[{\"@type\":\"ListItem\",\"position\":1,\"name\":\"Home\",\"item\":\"https:\/\/noticiasya.com\/\"},{\"@type\":\"ListItem\",\"position\":2,\"name\":\"El d\u00eda del cumplea\u00f1os de Trump ser\u00e1 gratis el ingreso a los Parques Nacionales de EE.UU.\"}]},{\"@type\":\"WebSite\",\"@id\":\"https:\/\/noticiasya.com\/#website\",\"url\":\"https:\/\/noticiasya.com\/\",\"name\":\"Noticias\",\"description\":\"Lo que importa\",\"publisher\":{\"@id\":\"https:\/\/noticiasya.com\/#organization\"},\"potentialAction\":[{\"@type\":\"SearchAction\",\"target\":{\"@type\":\"EntryPoint\",\"urlTemplate\":\"https:\/\/noticiasya.com\/?s={search_term_string}\"},\"query-input\":{\"@type\":\"PropertyValueSpecification\",\"valueRequired\":true,\"valueName\":\"search_term_string\"}}],\"inLanguage\":\"es\"},{\"@type\":\"Organization\",\"@id\":\"https:\/\/noticiasya.com\/#organization\",\"name\":\"Noticias\",\"url\":\"https:\/\/noticiasya.com\/\",\"logo\":{\"@type\":\"ImageObject\",\"inLanguage\":\"es\",\"@id\":\"https:\/\/noticiasya.com\/#\/schema\/logo\/image\/\",\"url\":\"https:\/\/noticiasya.com\/wp-content\/uploads\/sites\/22\/2023\/12\/logo-nacional.png\",\"contentUrl\":\"https:\/\/noticiasya.com\/wp-content\/uploads\/sites\/22\/2023\/12\/logo-nacional.png\",\"width\":1801,\"height\":691,\"caption\":\"Noticias\"},\"image\":{\"@id\":\"https:\/\/noticiasya.com\/#\/schema\/logo\/image\/\"}}]}<\/script>\n<!-- \/ Yoast SEO plugin. -->","yoast_head_json":{"title":"El d\u00eda del cumplea\u00f1os de Trump ser\u00e1 gratis el ingreso a los Parques Nacionales de EE.UU. - Noticias","robots":{"index":"index","follow":"follow","max-snippet":"max-snippet:-1","max-image-preview":"max-image-preview:large","max-video-preview":"max-video-preview:-1"},"canonical":"https:\/\/noticiasya.com\/2025\/12\/06\/parques-nacionales-cumpleanos-trump-gratis-trax\/","og_locale":"es_ES","og_type":"article","og_title":"El d\u00eda del cumplea\u00f1os de Trump ser\u00e1 gratis el ingreso a los Parques Nacionales de EE.UU. - Noticias","og_description":"Los visitantes de los parques nacionales tendr\u00e1n entrada gratuita el pr\u00f3ximo a\u00f1o para el cumplea\u00f1os del presidente Donald Trump, pero deber\u00e1n pagar la tarifa regular el D\u00eda de Martin Luther King Jr. y Juneteenth, despu\u00e9s de que el Servicio de Parques Nacionales renovase su calendario de entrada gratuita. La entrada al D\u00eda de Martin Luther [&hellip;]","og_url":"https:\/\/noticiasya.com\/2025\/12\/06\/parques-nacionales-cumpleanos-trump-gratis-trax\/","og_site_name":"Noticias","article_published_time":"2025-12-06T18:03:49+00:00","twitter_card":"summary_large_image","twitter_misc":{"Est. reading time":"2 minutos"},"schema":{"@context":"https:\/\/schema.org","@graph":[{"@type":"Article","@id":"https:\/\/noticiasya.com\/2025\/12\/06\/parques-nacionales-cumpleanos-trump-gratis-trax\/#article","isPartOf":{"@id":"https:\/\/noticiasya.com\/2025\/12\/06\/parques-nacionales-cumpleanos-trump-gratis-trax\/"},"author":{"name":"","@id":""},"headline":"El d\u00eda del cumplea\u00f1os de Trump ser\u00e1 gratis el ingreso a los Parques Nacionales de EE.UU.","datePublished":"2025-12-06T18:03:49+00:00","mainEntityOfPage":{"@id":"https:\/\/noticiasya.com\/2025\/12\/06\/parques-nacionales-cumpleanos-trump-gratis-trax\/"},"wordCount":502,"commentCount":0,"publisher":{"@id":"https:\/\/noticiasya.com\/#organization"},"articleSection":["Noticias Nacionales"],"inLanguage":"es","potentialAction":[{"@type":"CommentAction","name":"Comment","target":["https:\/\/noticiasya.com\/2025\/12\/06\/parques-nacionales-cumpleanos-trump-gratis-trax\/#respond"]}]},{"@type":"WebPage","@id":"https:\/\/noticiasya.com\/2025\/12\/06\/parques-nacionales-cumpleanos-trump-gratis-trax\/","url":"https:\/\/noticiasya.com\/2025\/12\/06\/parques-nacionales-cumpleanos-trump-gratis-trax\/","name":"El d\u00eda del cumplea\u00f1os de Trump ser\u00e1 gratis el ingreso a los Parques Nacionales de EE.UU. - Noticias","isPartOf":{"@id":"https:\/\/noticiasya.com\/#website"},"datePublished":"2025-12-06T18:03:49+00:00","breadcrumb":{"@id":"https:\/\/noticiasya.com\/2025\/12\/06\/parques-nacionales-cumpleanos-trump-gratis-trax\/#breadcrumb"},"inLanguage":"es","potentialAction":[{"@type":"ReadAction","target":["https:\/\/noticiasya.com\/2025\/12\/06\/parques-nacionales-cumpleanos-trump-gratis-trax\/"]}]},{"@type":"BreadcrumbList","@id":"https:\/\/noticiasya.com\/2025\/12\/06\/parques-nacionales-cumpleanos-trump-gratis-trax\/#breadcrumb","itemListElement":[{"@type":"ListItem","position":1,"name":"Home","item":"https:\/\/noticiasya.com\/"},{"@type":"ListItem","position":2,"name":"El d\u00eda del cumplea\u00f1os de Trump ser\u00e1 gratis el ingreso a los Parques Nacionales de EE.UU."}]},{"@type":"WebSite","@id":"https:\/\/noticiasya.com\/#website","url":"https:\/\/noticiasya.com\/","name":"Noticias","description":"Lo que importa","publisher":{"@id":"https:\/\/noticiasya.com\/#organization"},"potentialAction":[{"@type":"SearchAction","target":{"@type":"EntryPoint","urlTemplate":"https:\/\/noticiasya.com\/?s={search_term_string}"},"query-input":{"@type":"PropertyValueSpecification","valueRequired":true,"valueName":"search_term_string"}}],"inLanguage":"es"},{"@type":"Organization","@id":"https:\/\/noticiasya.com\/#organization","name":"Noticias","url":"https:\/\/noticiasya.com\/","logo":{"@type":"ImageObject","inLanguage":"es","@id":"https:\/\/noticiasya.com\/#\/schema\/logo\/image\/","url":"https:\/\/noticiasya.com\/wp-content\/uploads\/sites\/22\/2023\/12\/logo-nacional.png","contentUrl":"https:\/\/noticiasya.com\/wp-content\/uploads\/sites\/22\/2023\/12\/logo-nacional.png","width":1801,"height":691,"caption":"Noticias"},"image":{"@id":"https:\/\/noticiasya.com\/#\/schema\/logo\/image\/"}}]}},"parsely":{"version":"1.1.0","canonical_url":"https:\/\/noticiasya.com\/midland-odessa\/2025\/12\/06\/parques-nacionales-cumpleanos-trump-gratis-trax\/","smart_links":{"inbound":0,"outbound":0},"traffic_boost_suggestions_count":0,"meta":{"@context":"https:\/\/schema.org","@type":"NewsArticle","headline":"El d\u00eda del cumplea\u00f1os de Trump ser\u00e1 gratis el ingreso a los Parques Nacionales de EE.UU.","url":"http:\/\/noticiasya.com\/midland-odessa\/2025\/12\/06\/parques-nacionales-cumpleanos-trump-gratis-trax\/","mainEntityOfPage":{"@type":"WebPage","@id":"http:\/\/noticiasya.com\/midland-odessa\/2025\/12\/06\/parques-nacionales-cumpleanos-trump-gratis-trax\/"},"thumbnailUrl":"","image":{"@type":"ImageObject","url":""},"articleSection":"Noticias Nacionales","author":[],"creator":[],"publisher":{"@type":"Organization","name":"Noticias","logo":""},"keywords":[],"dateCreated":"2025-12-06T18:03:49Z","datePublished":"2025-12-06T18:03:49Z","dateModified":"2025-12-06T18:03:49Z"},"rendered":"<script type=\"application\/ld+json\" class=\"wp-parsely-metadata\">{\"@context\":\"https:\\\/\\\/schema.org\",\"@type\":\"NewsArticle\",\"headline\":\"El d\\u00eda del cumplea\\u00f1os de Trump ser\\u00e1 gratis el ingreso a los Parques Nacionales de EE.UU.\",\"url\":\"http:\\\/\\\/noticiasya.com\\\/midland-odessa\\\/2025\\\/12\\\/06\\\/parques-nacionales-cumpleanos-trump-gratis-trax\\\/\",\"mainEntityOfPage\":{\"@type\":\"WebPage\",\"@id\":\"http:\\\/\\\/noticiasya.com\\\/midland-odessa\\\/2025\\\/12\\\/06\\\/parques-nacionales-cumpleanos-trump-gratis-trax\\\/\"},\"thumbnailUrl\":\"\",\"image\":{\"@type\":\"ImageObject\",\"url\":\"\"},\"articleSection\":\"Noticias Nacionales\",\"author\":[],\"creator\":[],\"publisher\":{\"@type\":\"Organization\",\"name\":\"Noticias\",\"logo\":\"\"},\"keywords\":[],\"dateCreated\":\"2025-12-06T18:03:49Z\",\"datePublished\":\"2025-12-06T18:03:49Z\",\"dateModified\":\"2025-12-06T18:03:49Z\"}<\/script>","tracker_url":"https:\/\/cdn.parsely.com\/keys\/noticiasya.com\/p.js"},"jetpack_featured_media_url":"","jetpack-related-posts":[{"id":1443704,"url":"https:\/\/noticiasya.com\/midland-odessa\/2024\/01\/14\/que-abre-y-que-cierra-el-dia-de-martin-luther-king-de-2024\/","url_meta":{"origin":1469029,"position":0},"title":"\u00bfQu\u00e9 abre y qu\u00e9 cierra el D\u00eda de Martin Luther King de 2024?","author":"","date":"enero 14, 2024","format":false,"excerpt":"Nueva York (CNN) -- El lunes 15 de enero se celebra el natalicio del c\u00e9lebre l\u00edder de los derechos civiles, el reverendo Martin Luther King, Jr.Aunque este a\u00f1o la fiesta federal coincide con el cumplea\u00f1os real de King, siempre cae el tercer lunes de enero.Estos son los d\u00edas festivos en\u2026","rel":"","context":"In &quot;Noticias Nacionales&quot;","block_context":{"text":"Noticias Nacionales","link":"https:\/\/noticiasya.com\/midland-odessa\/categoria\/noticias-nacionales"},"img":{"alt_text":"","src":"","width":0,"height":0},"classes":[]},{"id":1450495,"url":"https:\/\/noticiasya.com\/midland-odessa\/2024\/06\/19\/dia-de-la-emanicipacion-juneteenth-y-por-que-se-celebra-19-junio-orix\/","url_meta":{"origin":1469029,"position":1},"title":"\u00bfQu\u00e9 es el D\u00eda de la Emancipaci\u00f3n (Juneteenth) y por qu\u00e9 se celebra el 19 de junio?","author":"","date":"junio 19, 2024","format":false,"excerpt":"(CNN) -- El feriado del 19 de junio, el D\u00eda de la Emancipaci\u00f3n o Juneteenth, conmemora el fin de la esclavitud en Estados Unidos. Sin embargo, el pa\u00eds todav\u00eda enfrenta problemas sist\u00e9micos de racismo e injusticia.Esas dificultades recobraron visibilidad el debate nacional de 2020 y durante las protestas masivas de\u2026","rel":"","context":"In &quot;Noticias Nacionales&quot;","block_context":{"text":"Noticias Nacionales","link":"https:\/\/noticiasya.com\/midland-odessa\/categoria\/noticias-nacionales"},"img":{"alt_text":"","src":"","width":0,"height":0},"classes":[]},{"id":1463687,"url":"https:\/\/noticiasya.com\/midland-odessa\/2025\/06\/18\/juneteenth-que-abre-cierra-ee-uu-trax\/","url_meta":{"origin":1469029,"position":2},"title":"Qu\u00e9 abre y qu\u00e9 cierra en EE.UU. durante el Juneteenth (D\u00eda de la Emancipaci\u00f3n)","author":"","date":"junio 18, 2025","format":false,"excerpt":"Los estadounidenses celebrar\u00e1n Juneteenth este jueves con desfiles y fiestas, en una conmemoraci\u00f3n del fin de la esclavitud en Estados Unidos. Juneteenth se convirti\u00f3 en el feriado federal estadounidense m\u00e1s reciente en 2021, pero ha sido significativo para muchos estadounidenses negros durante mucho tiempo.El 19 de junio de 1865, el\u2026","rel":"","context":"In &quot;Noticias Nacionales&quot;","block_context":{"text":"Noticias Nacionales","link":"https:\/\/noticiasya.com\/midland-odessa\/categoria\/noticias-nacionales"},"img":{"alt_text":"","src":"","width":0,"height":0},"classes":[]},{"id":1457645,"url":"https:\/\/noticiasya.com\/midland-odessa\/2025\/01\/19\/dias-festivos-ee-uu-2025-orix\/","url_meta":{"origin":1469029,"position":3},"title":"Estos son los d\u00edas festivos en EE.UU. para 2025","author":"","date":"enero 19, 2025","format":false,"excerpt":"Estados Unidos reconoce 11 d\u00edas festivos federales, sin embargo el \u00faltimo en agregarse a la lista es el de la Emancipaci\u00f3n, (o Juneteenth, como se le conoce en ingl\u00e9s) celebrado el 19 de junio.Durante los d\u00edas festivos federales, varias oficinas gubernamentales y algunas compa\u00f1\u00edas privadas permanecen cerradas. No obstante, la\u2026","rel":"","context":"In &quot;Noticias Nacionales&quot;","block_context":{"text":"Noticias Nacionales","link":"https:\/\/noticiasya.com\/midland-odessa\/categoria\/noticias-nacionales"},"img":{"alt_text":"","src":"","width":0,"height":0},"classes":[]},{"id":1470246,"url":"https:\/\/noticiasya.com\/midland-odessa\/2026\/01\/19\/replica-supuesto-mensaje-cumpleanos-trump-epstein-trax\/","url_meta":{"origin":1469029,"position":4},"title":"R\u00e9plica de 3 metros de altura del supuesto mensaje de cumplea\u00f1os de Trump a Epstein aparece en la explanada de Washington","author":"","date":"enero 19, 2026","format":false,"excerpt":"En la explanada de Washington fue erigida este fin de semana una reproducci\u00f3n gigante de un mensaje de cumplea\u00f1os a Jeffrey Epstein con el nombre de Donald Trump que se incluy\u00f3 en una colecci\u00f3n de cartas regaladas hace d\u00e9cadas al fallecido delincuente sexual convicto.La obra es la instalaci\u00f3n m\u00e1s reciente\u2026","rel":"","context":"In &quot;Noticias Nacionales&quot;","block_context":{"text":"Noticias Nacionales","link":"https:\/\/noticiasya.com\/midland-odessa\/categoria\/noticias-nacionales"},"img":{"alt_text":"","src":"","width":0,"height":0},"classes":[]},{"id":1464767,"url":"https:\/\/noticiasya.com\/midland-odessa\/2025\/07\/22\/que-paso-archivos-fbi-martin-luther-king-jr-trax\/","url_meta":{"origin":1469029,"position":5},"title":"Qu\u00e9 pas\u00f3 con los archivos de Martin Luther King Jr. que el Gobierno de Trump desclasific\u00f3","author":"","date":"julio 22, 2025","format":false,"excerpt":"Los archivos sellados durante mucho tiempo relacionados con la vigilancia del FBI al \u00edcono de los derechos civiles, el reverendo Dr. Martin Luther King Jr., fueron publicados el lunes por la administraci\u00f3n de Trump.Antes de esto, las m\u00e1s de 240.000 p\u00e1ginas nunca hab\u00edan sido \u201cdigitalizadas y estuvieron acumulando polvo en\u2026","rel":"","context":"In &quot;Noticias Nacionales&quot;","block_context":{"text":"Noticias Nacionales","link":"https:\/\/noticiasya.com\/midland-odessa\/categoria\/noticias-nacionales"},"img":{"alt_text":"","src":"","width":0,"height":0},"classes":[]}],"jetpack_sharing_enabled":true,"_links":{"self":[{"href":"https:\/\/noticiasya.com\/midland-odessa\/wp-json\/wp\/v2\/posts\/1469029","targetHints":{"allow":["GET"]}}],"collection":[{"href":"https:\/\/noticiasya.com\/midland-odessa\/wp-json\/wp\/v2\/posts"}],"about":[{"href":"https:\/\/noticiasya.com\/midland-odessa\/wp-json\/wp\/v2\/types\/post"}],"replies":[{"embeddable":true,"href":"https:\/\/noticiasya.com\/midland-odessa\/wp-json\/wp\/v2\/comments?post=1469029"}],"version-history":[{"count":0,"href":"https:\/\/noticiasya.com\/midland-odessa\/wp-json\/wp\/v2\/posts\/1469029\/revisions"}],"wp:attachment":[{"href":"https:\/\/noticiasya.com\/midland-odessa\/wp-json\/wp\/v2\/media?parent=1469029"}],"wp:term":[{"taxonomy":"category","embeddable":true,"href":"https:\/\/noticiasya.com\/midland-odessa\/wp-json\/wp\/v2\/categories?post=1469029"},{"taxonomy":"post_tag","embeddable":true,"href":"https:\/\/noticiasya.com\/midland-odessa\/wp-json\/wp\/v2\/tags?post=1469029"}],"curies":[{"name":"wp","href":"https:\/\/api.w.org\/{rel}","templated":true}]}}