{"id":1469031,"date":"2025-12-06T13:03:49","date_gmt":"2025-12-06T21:03:49","guid":{"rendered":"https:\/\/noticiasya.com\/2025\/12\/06\/explosion-carro-bomba-muertos-heridos-michoacan-efe\/"},"modified":"2025-12-06T13:03:49","modified_gmt":"2025-12-06T21:03:49","slug":"explosion-carro-bomba-muertos-heridos-michoacan-efe","status":"publish","type":"post","link":"https:\/\/noticiasya.com\/midland-odessa\/2025\/12\/06\/explosion-carro-bomba-muertos-heridos-michoacan-efe\/","title":{"rendered":"La explosi\u00f3n de un carro bomba deja dos muertos y siete heridos en el oeste de M\u00e9xico"},"content":{"rendered":"<p>Un ataque con un carro bomba en las instalaciones de la Polic\u00eda Comunitaria del municipio de Coahuayana, en el estado mexicano de <a href=\"https:\/\/cnnespanol.cnn.com\/2025\/11\/11\/mexico\/llegan-militares-plan-michoacan-violencia-mexico-efe\">Michoac\u00e1n<\/a>, dej\u00f3 un saldo preliminar de dos personas muertas y al menos siete lesionadas, inform\u00f3 este s\u00e1bado el Gabinete de Seguridad.<\/p>\n<p>El organismo inform\u00f3 que las autoridades realizan la investigaci\u00f3n de los hechos para determinar las causas de la explosi\u00f3n registrada esta ma\u00f1ana frente a las instalaciones de la Polic\u00eda Comunitaria que, \u201chasta el momento, dej\u00f3 dos personas fallecidas y 7 lesionadas\u201d.<\/p>\n<p>Por su parte, el Gobierno de Michoac\u00e1n confirm\u00f3 que la explosi\u00f3n ocurri\u00f3 alrededor de las 12 hora local de este s\u00e1bado, sobre la calle Allende, a menos de cien metros de la alcald\u00eda de Coahuayana, un municipio dedicado principalmente a la pesca y a la producci\u00f3n de pl\u00e1tano y papaya.<\/p>\n<p>La Fiscal\u00eda General del Estado (FGE) inici\u00f3 una investigaci\u00f3n para determinar si las personas que murieron o los heridos son pobladores o integrantes de la Polic\u00eda Comunitaria, la cual realiza funciones de seguridad p\u00fablica pero no cuenta con el reconocimiento oficial del Gobierno de Michoac\u00e1n.<\/p>\n<p>La explosi\u00f3n provoc\u00f3 severos da\u00f1os en al menos diez inmuebles, varios con locales comerciales, as\u00ed como en una decena de veh\u00edculos que se encontraban estacionados en la zona.<\/p>\n<p>La Polic\u00eda Comunitaria es encabezada por H\u00e9ctor Zepeda Navarrete, alias El Comandante Teto, identificado como un exintegrante de los civiles grupos de autodefensa que surgieron en 2014 para combatir al cartel de Los Caballeros Templarios.<\/p>\n<p>El Gobierno de Michoac\u00e1n tiene en Coahuayana grupos de la Guardia Civil (Polic\u00eda Estatal), que operan en coordinaci\u00f3n con la Guardia Nacional, Ej\u00e9rcito Mexicano y la Marina.<\/p>\n<p>Michoac\u00e1n cuenta con 270 kil\u00f3metros de litoral en el Pac\u00edfico mexicano, distribuidos en los municipios de L\u00e1zaro C\u00e1rdenas, Aquila y Coahuayana, donde la Secretar\u00eda de Marina mantiene constantes operativos en altamar al ser una ruta para el tr\u00e1fico de coca\u00edna desde Sudam\u00e9rica.<\/p>\n<p>Las autoridades han identificado que pobladores de la costa michoacana trabajan al servicio de narcotraficantes recogiendo en el mar paquetes de coca\u00edna, que posteriormente trasladan por tierra o en avionetas a distintos puntos de M\u00e9xico o la frontera con Estados Unidos.<\/p>\n<p>La Secretar\u00eda de Marina determin\u00f3 tambi\u00e9n que en la costa de Michoac\u00e1n hay una fuerte confrontaci\u00f3n entre las Polic\u00edas Comunitarias de Aquila y Coahuayana con el Cartel Jalisco Nueva Generaci\u00f3n.<\/p>\n<p>Desde el pasado 10 de noviembre M\u00e9xico ha reforzado la seguridad en Michoac\u00e1n tras el <a href=\"https:\/\/cnnespanol.cnn.com\/2025\/11\/19\/mexico\/detenido-presunto-autor-intelectual-carlos-manzo-orix\">asesinato de Carlos Manzo<\/a>, alcalde de Uruapan, quien fue atacado durante un acto p\u00fablico en pleno D\u00eda de Muertos.<\/p>\n<p>Desde entonces, en el estado se ha detenido a 165 personas y asegurado 68 armas de fuego, 7.409 cartuchos, 375 cargadores, 145 veh\u00edculos, 90 artefactos explosivos, 53 Kilos de material explosivo, 28 kilos de marihuana, 426 kilos de metanfetamina, 28.000 litros y 7.300 kilos de sustancias qu\u00edmicas para la elaboraci\u00f3n de droga sint\u00e9tica y 10 campamentos inhabilitados.<\/p>\n<p>The-CNN-Wire<br \/>&trade; &amp; &copy; 2025 Cable News Network, Inc., a Warner Bros. Discovery Company. All rights reserved.<\/p>\n","protected":false},"excerpt":{"rendered":"<p>Un ataque con un carro bomba en las instalaciones de la Polic\u00eda Comunitaria del municipio de Coahuayana, en el estado mexicano de Michoac\u00e1n, dej\u00f3 un saldo preliminar de dos personas muertas y al menos siete lesionadas, inform\u00f3 este s\u00e1bado el Gabinete de Seguridad. El organismo inform\u00f3 que las autoridades realizan la investigaci\u00f3n de los hechos [&hellip;]<\/p>\n","protected":false},"author":0,"featured_media":0,"comment_status":"open","ping_status":"open","sticky":false,"template":"","format":"standard","meta":{"_jetpack_memberships_contains_paid_content":false,"footnotes":""},"categories":[10],"tags":[],"class_list":["post-1469031","post","type-post","status-publish","format-standard","hentry","category-noticias-nacionales","market-global"],"yoast_head":"<!-- This site is optimized with the Yoast SEO plugin v24.4 - https:\/\/yoast.com\/wordpress\/plugins\/seo\/ -->\n<title>La explosi\u00f3n de un carro bomba deja dos muertos y siete heridos en el oeste de M\u00e9xico - Noticias<\/title>\n<meta name=\"robots\" content=\"index, follow, max-snippet:-1, max-image-preview:large, max-video-preview:-1\" \/>\n<link rel=\"canonical\" href=\"https:\/\/noticiasya.com\/2025\/12\/06\/explosion-carro-bomba-muertos-heridos-michoacan-efe\/\" \/>\n<meta property=\"og:locale\" content=\"es_ES\" \/>\n<meta property=\"og:type\" content=\"article\" \/>\n<meta property=\"og:title\" content=\"La explosi\u00f3n de un carro bomba deja dos muertos y siete heridos en el oeste de M\u00e9xico - Noticias\" \/>\n<meta property=\"og:description\" content=\"Un ataque con un carro bomba en las instalaciones de la Polic\u00eda Comunitaria del municipio de Coahuayana, en el estado mexicano de Michoac\u00e1n, dej\u00f3 un saldo preliminar de dos personas muertas y al menos siete lesionadas, inform\u00f3 este s\u00e1bado el Gabinete de Seguridad. El organismo inform\u00f3 que las autoridades realizan la investigaci\u00f3n de los hechos [&hellip;]\" \/>\n<meta property=\"og:url\" content=\"https:\/\/noticiasya.com\/2025\/12\/06\/explosion-carro-bomba-muertos-heridos-michoacan-efe\/\" \/>\n<meta property=\"og:site_name\" content=\"Noticias\" \/>\n<meta property=\"article:published_time\" content=\"2025-12-06T21:03:49+00:00\" \/>\n<meta name=\"twitter:card\" content=\"summary_large_image\" \/>\n<meta name=\"twitter:label1\" content=\"Est. reading time\" \/>\n\t<meta name=\"twitter:data1\" content=\"3 minutos\" \/>\n<script type=\"application\/ld+json\" class=\"yoast-schema-graph\">{\"@context\":\"https:\/\/schema.org\",\"@graph\":[{\"@type\":\"Article\",\"@id\":\"https:\/\/noticiasya.com\/2025\/12\/06\/explosion-carro-bomba-muertos-heridos-michoacan-efe\/#article\",\"isPartOf\":{\"@id\":\"https:\/\/noticiasya.com\/2025\/12\/06\/explosion-carro-bomba-muertos-heridos-michoacan-efe\/\"},\"author\":{\"name\":\"\",\"@id\":\"\"},\"headline\":\"La explosi\u00f3n de un carro bomba deja dos muertos y siete heridos en el oeste de M\u00e9xico\",\"datePublished\":\"2025-12-06T21:03:49+00:00\",\"mainEntityOfPage\":{\"@id\":\"https:\/\/noticiasya.com\/2025\/12\/06\/explosion-carro-bomba-muertos-heridos-michoacan-efe\/\"},\"wordCount\":543,\"commentCount\":0,\"publisher\":{\"@id\":\"https:\/\/noticiasya.com\/#organization\"},\"articleSection\":[\"Noticias Nacionales\"],\"inLanguage\":\"es\",\"potentialAction\":[{\"@type\":\"CommentAction\",\"name\":\"Comment\",\"target\":[\"https:\/\/noticiasya.com\/2025\/12\/06\/explosion-carro-bomba-muertos-heridos-michoacan-efe\/#respond\"]}]},{\"@type\":\"WebPage\",\"@id\":\"https:\/\/noticiasya.com\/2025\/12\/06\/explosion-carro-bomba-muertos-heridos-michoacan-efe\/\",\"url\":\"https:\/\/noticiasya.com\/2025\/12\/06\/explosion-carro-bomba-muertos-heridos-michoacan-efe\/\",\"name\":\"La explosi\u00f3n de un carro bomba deja dos muertos y siete heridos en el oeste de M\u00e9xico - Noticias\",\"isPartOf\":{\"@id\":\"https:\/\/noticiasya.com\/#website\"},\"datePublished\":\"2025-12-06T21:03:49+00:00\",\"breadcrumb\":{\"@id\":\"https:\/\/noticiasya.com\/2025\/12\/06\/explosion-carro-bomba-muertos-heridos-michoacan-efe\/#breadcrumb\"},\"inLanguage\":\"es\",\"potentialAction\":[{\"@type\":\"ReadAction\",\"target\":[\"https:\/\/noticiasya.com\/2025\/12\/06\/explosion-carro-bomba-muertos-heridos-michoacan-efe\/\"]}]},{\"@type\":\"BreadcrumbList\",\"@id\":\"https:\/\/noticiasya.com\/2025\/12\/06\/explosion-carro-bomba-muertos-heridos-michoacan-efe\/#breadcrumb\",\"itemListElement\":[{\"@type\":\"ListItem\",\"position\":1,\"name\":\"Home\",\"item\":\"https:\/\/noticiasya.com\/\"},{\"@type\":\"ListItem\",\"position\":2,\"name\":\"La explosi\u00f3n de un carro bomba deja dos muertos y siete heridos en el oeste de M\u00e9xico\"}]},{\"@type\":\"WebSite\",\"@id\":\"https:\/\/noticiasya.com\/#website\",\"url\":\"https:\/\/noticiasya.com\/\",\"name\":\"Noticias\",\"description\":\"Lo que importa\",\"publisher\":{\"@id\":\"https:\/\/noticiasya.com\/#organization\"},\"potentialAction\":[{\"@type\":\"SearchAction\",\"target\":{\"@type\":\"EntryPoint\",\"urlTemplate\":\"https:\/\/noticiasya.com\/?s={search_term_string}\"},\"query-input\":{\"@type\":\"PropertyValueSpecification\",\"valueRequired\":true,\"valueName\":\"search_term_string\"}}],\"inLanguage\":\"es\"},{\"@type\":\"Organization\",\"@id\":\"https:\/\/noticiasya.com\/#organization\",\"name\":\"Noticias\",\"url\":\"https:\/\/noticiasya.com\/\",\"logo\":{\"@type\":\"ImageObject\",\"inLanguage\":\"es\",\"@id\":\"https:\/\/noticiasya.com\/#\/schema\/logo\/image\/\",\"url\":\"https:\/\/noticiasya.com\/wp-content\/uploads\/sites\/22\/2023\/12\/logo-nacional.png\",\"contentUrl\":\"https:\/\/noticiasya.com\/wp-content\/uploads\/sites\/22\/2023\/12\/logo-nacional.png\",\"width\":1801,\"height\":691,\"caption\":\"Noticias\"},\"image\":{\"@id\":\"https:\/\/noticiasya.com\/#\/schema\/logo\/image\/\"}}]}<\/script>\n<!-- \/ Yoast SEO plugin. -->","yoast_head_json":{"title":"La explosi\u00f3n de un carro bomba deja dos muertos y siete heridos en el oeste de M\u00e9xico - Noticias","robots":{"index":"index","follow":"follow","max-snippet":"max-snippet:-1","max-image-preview":"max-image-preview:large","max-video-preview":"max-video-preview:-1"},"canonical":"https:\/\/noticiasya.com\/2025\/12\/06\/explosion-carro-bomba-muertos-heridos-michoacan-efe\/","og_locale":"es_ES","og_type":"article","og_title":"La explosi\u00f3n de un carro bomba deja dos muertos y siete heridos en el oeste de M\u00e9xico - Noticias","og_description":"Un ataque con un carro bomba en las instalaciones de la Polic\u00eda Comunitaria del municipio de Coahuayana, en el estado mexicano de Michoac\u00e1n, dej\u00f3 un saldo preliminar de dos personas muertas y al menos siete lesionadas, inform\u00f3 este s\u00e1bado el Gabinete de Seguridad. El organismo inform\u00f3 que las autoridades realizan la investigaci\u00f3n de los hechos [&hellip;]","og_url":"https:\/\/noticiasya.com\/2025\/12\/06\/explosion-carro-bomba-muertos-heridos-michoacan-efe\/","og_site_name":"Noticias","article_published_time":"2025-12-06T21:03:49+00:00","twitter_card":"summary_large_image","twitter_misc":{"Est. reading time":"3 minutos"},"schema":{"@context":"https:\/\/schema.org","@graph":[{"@type":"Article","@id":"https:\/\/noticiasya.com\/2025\/12\/06\/explosion-carro-bomba-muertos-heridos-michoacan-efe\/#article","isPartOf":{"@id":"https:\/\/noticiasya.com\/2025\/12\/06\/explosion-carro-bomba-muertos-heridos-michoacan-efe\/"},"author":{"name":"","@id":""},"headline":"La explosi\u00f3n de un carro bomba deja dos muertos y siete heridos en el oeste de M\u00e9xico","datePublished":"2025-12-06T21:03:49+00:00","mainEntityOfPage":{"@id":"https:\/\/noticiasya.com\/2025\/12\/06\/explosion-carro-bomba-muertos-heridos-michoacan-efe\/"},"wordCount":543,"commentCount":0,"publisher":{"@id":"https:\/\/noticiasya.com\/#organization"},"articleSection":["Noticias Nacionales"],"inLanguage":"es","potentialAction":[{"@type":"CommentAction","name":"Comment","target":["https:\/\/noticiasya.com\/2025\/12\/06\/explosion-carro-bomba-muertos-heridos-michoacan-efe\/#respond"]}]},{"@type":"WebPage","@id":"https:\/\/noticiasya.com\/2025\/12\/06\/explosion-carro-bomba-muertos-heridos-michoacan-efe\/","url":"https:\/\/noticiasya.com\/2025\/12\/06\/explosion-carro-bomba-muertos-heridos-michoacan-efe\/","name":"La explosi\u00f3n de un carro bomba deja dos muertos y siete heridos en el oeste de M\u00e9xico - Noticias","isPartOf":{"@id":"https:\/\/noticiasya.com\/#website"},"datePublished":"2025-12-06T21:03:49+00:00","breadcrumb":{"@id":"https:\/\/noticiasya.com\/2025\/12\/06\/explosion-carro-bomba-muertos-heridos-michoacan-efe\/#breadcrumb"},"inLanguage":"es","potentialAction":[{"@type":"ReadAction","target":["https:\/\/noticiasya.com\/2025\/12\/06\/explosion-carro-bomba-muertos-heridos-michoacan-efe\/"]}]},{"@type":"BreadcrumbList","@id":"https:\/\/noticiasya.com\/2025\/12\/06\/explosion-carro-bomba-muertos-heridos-michoacan-efe\/#breadcrumb","itemListElement":[{"@type":"ListItem","position":1,"name":"Home","item":"https:\/\/noticiasya.com\/"},{"@type":"ListItem","position":2,"name":"La explosi\u00f3n de un carro bomba deja dos muertos y siete heridos en el oeste de M\u00e9xico"}]},{"@type":"WebSite","@id":"https:\/\/noticiasya.com\/#website","url":"https:\/\/noticiasya.com\/","name":"Noticias","description":"Lo que importa","publisher":{"@id":"https:\/\/noticiasya.com\/#organization"},"potentialAction":[{"@type":"SearchAction","target":{"@type":"EntryPoint","urlTemplate":"https:\/\/noticiasya.com\/?s={search_term_string}"},"query-input":{"@type":"PropertyValueSpecification","valueRequired":true,"valueName":"search_term_string"}}],"inLanguage":"es"},{"@type":"Organization","@id":"https:\/\/noticiasya.com\/#organization","name":"Noticias","url":"https:\/\/noticiasya.com\/","logo":{"@type":"ImageObject","inLanguage":"es","@id":"https:\/\/noticiasya.com\/#\/schema\/logo\/image\/","url":"https:\/\/noticiasya.com\/wp-content\/uploads\/sites\/22\/2023\/12\/logo-nacional.png","contentUrl":"https:\/\/noticiasya.com\/wp-content\/uploads\/sites\/22\/2023\/12\/logo-nacional.png","width":1801,"height":691,"caption":"Noticias"},"image":{"@id":"https:\/\/noticiasya.com\/#\/schema\/logo\/image\/"}}]}},"parsely":{"version":"1.1.0","canonical_url":"https:\/\/noticiasya.com\/midland-odessa\/2025\/12\/06\/explosion-carro-bomba-muertos-heridos-michoacan-efe\/","smart_links":{"inbound":0,"outbound":0},"traffic_boost_suggestions_count":0,"meta":{"@context":"https:\/\/schema.org","@type":"NewsArticle","headline":"La explosi\u00f3n de un carro bomba deja dos muertos y siete heridos en el oeste de M\u00e9xico","url":"http:\/\/noticiasya.com\/midland-odessa\/2025\/12\/06\/explosion-carro-bomba-muertos-heridos-michoacan-efe\/","mainEntityOfPage":{"@type":"WebPage","@id":"http:\/\/noticiasya.com\/midland-odessa\/2025\/12\/06\/explosion-carro-bomba-muertos-heridos-michoacan-efe\/"},"thumbnailUrl":"","image":{"@type":"ImageObject","url":""},"articleSection":"Noticias Nacionales","author":[],"creator":[],"publisher":{"@type":"Organization","name":"Noticias","logo":""},"keywords":[],"dateCreated":"2025-12-06T21:03:49Z","datePublished":"2025-12-06T21:03:49Z","dateModified":"2025-12-06T21:03:49Z"},"rendered":"<script type=\"application\/ld+json\" class=\"wp-parsely-metadata\">{\"@context\":\"https:\\\/\\\/schema.org\",\"@type\":\"NewsArticle\",\"headline\":\"La explosi\\u00f3n de un carro bomba deja dos muertos y siete heridos en el oeste de M\\u00e9xico\",\"url\":\"http:\\\/\\\/noticiasya.com\\\/midland-odessa\\\/2025\\\/12\\\/06\\\/explosion-carro-bomba-muertos-heridos-michoacan-efe\\\/\",\"mainEntityOfPage\":{\"@type\":\"WebPage\",\"@id\":\"http:\\\/\\\/noticiasya.com\\\/midland-odessa\\\/2025\\\/12\\\/06\\\/explosion-carro-bomba-muertos-heridos-michoacan-efe\\\/\"},\"thumbnailUrl\":\"\",\"image\":{\"@type\":\"ImageObject\",\"url\":\"\"},\"articleSection\":\"Noticias Nacionales\",\"author\":[],\"creator\":[],\"publisher\":{\"@type\":\"Organization\",\"name\":\"Noticias\",\"logo\":\"\"},\"keywords\":[],\"dateCreated\":\"2025-12-06T21:03:49Z\",\"datePublished\":\"2025-12-06T21:03:49Z\",\"dateModified\":\"2025-12-06T21:03:49Z\"}<\/script>","tracker_url":"https:\/\/cdn.parsely.com\/keys\/noticiasya.com\/p.js"},"jetpack_featured_media_url":"","jetpack-related-posts":[{"id":1469085,"url":"https:\/\/noticiasya.com\/midland-odessa\/2025\/12\/08\/violencia-michoacan-coche-bomba-coahuayana-orix\/","url_meta":{"origin":1469031,"position":0},"title":"Violencia en Michoac\u00e1n: qu\u00e9 sabemos sobre el coche bomba que estall\u00f3 en Coahuayana","author":"","date":"diciembre 8, 2025","format":false,"excerpt":"Un veh\u00edculo cargado con explosivos deton\u00f3 el s\u00e1bado frente a la base de la Polic\u00eda Comunitaria de Coahuayana, un municipio ubicado en la costa del estado mexicano de Michoac\u00e1n, en un momento en que las autoridades federales y estatales mantienen operativos para contener la violencia que persiste en la regi\u00f3n.La\u2026","rel":"","context":"In &quot;Noticias Nacionales&quot;","block_context":{"text":"Noticias Nacionales","link":"https:\/\/noticiasya.com\/midland-odessa\/categoria\/noticias-nacionales"},"img":{"alt_text":"","src":"","width":0,"height":0},"classes":[]},{"id":1451400,"url":"https:\/\/noticiasya.com\/midland-odessa\/2024\/07\/25\/explosion-destileria-casa-cuervo-mexico-orix\/","url_meta":{"origin":1469031,"position":1},"title":"\u00bfQu\u00e9 pas\u00f3 y por qu\u00e9 hubo una explosi\u00f3n en la destiler\u00eda Casa Cuervo en M\u00e9xico? Esto es lo que sabemos","author":"","date":"julio 25, 2024","format":false,"excerpt":"(CNN Espa\u00f1ol) -- La tarde del martes se registr\u00f3 una explosi\u00f3n en las instalaciones de la f\u00e1brica de tequila La Roje\u00f1a, que pertenece a la destiler\u00eda Casa Cuervo \u2013en la zona centro del municipio de Tequila, en Jalisco\u2013 que dej\u00f3 un saldo de seis personas fallecidas y varios heridos.Las autoridades\u2026","rel":"","context":"In &quot;Noticias Nacionales&quot;","block_context":{"text":"Noticias Nacionales","link":"https:\/\/noticiasya.com\/midland-odessa\/categoria\/noticias-nacionales"},"img":{"alt_text":"","src":"","width":0,"height":0},"classes":[]},{"id":1456363,"url":"https:\/\/noticiasya.com\/midland-odessa\/2024\/12\/07\/explosion-artefacto-disidencias-farc-muerto-heridos-orix\/","url_meta":{"origin":1469031,"position":2},"title":"Explosi\u00f3n de artefacto atribuido a disidencias de las FARC deja 1 muerto y 14 heridos en Colombia","author":"","date":"diciembre 7, 2024","format":false,"excerpt":"La explosi\u00f3n de un artefacto caus\u00f3 este s\u00e1bado la muerte de una persona e hiri\u00f3 a otras 14 en el municipio colombiano de Jamund\u00ed, inform\u00f3 el coronel Germ\u00e1n Oviedo, comandante de la Polic\u00eda Metropolitana en Santiago de Cali.Las autoridades consideran que el ataque es responsabilidad de la estructura \u201cJaime Mart\u00ednez\u201d,\u2026","rel":"","context":"In &quot;Noticias Nacionales&quot;","block_context":{"text":"Noticias Nacionales","link":"https:\/\/noticiasya.com\/midland-odessa\/categoria\/noticias-nacionales"},"img":{"alt_text":"","src":"","width":0,"height":0},"classes":[]},{"id":1455343,"url":"https:\/\/noticiasya.com\/midland-odessa\/2024\/10\/24\/heridos-explosion-coche-bomba-guanajuato-orix\/","url_meta":{"origin":1469031,"position":3},"title":"Tres polic\u00edas heridos tras la explosi\u00f3n de dos coches bomba en Guanajuato","author":"","date":"octubre 24, 2024","format":false,"excerpt":"(CNN en Espa\u00f1ol) -- Al menos tres polic\u00edas resultaron heridos tras la explosi\u00f3n de un coche bomba frente a instalaciones de seguridad en la localidad de Ac\u00e1mbaro, inform\u00f3 este jueves la Fiscal\u00eda de Guanajuato.Horas despu\u00e9s, otro coche bomba explot\u00f3 en Jer\u00e9cuaro, dejando solo da\u00f1os materiales, de acuerdo con las autoridades.Tras\u2026","rel":"","context":"In &quot;Noticias Nacionales&quot;","block_context":{"text":"Noticias Nacionales","link":"https:\/\/noticiasya.com\/midland-odessa\/categoria\/noticias-nacionales"},"img":{"alt_text":"","src":"","width":0,"height":0},"classes":[]},{"id":1456693,"url":"https:\/\/noticiasya.com\/midland-odessa\/2024\/12\/17\/explosion-dos-militares-muertos-michoacan-orix\/","url_meta":{"origin":1469031,"position":4},"title":"Explosi\u00f3n de artefacto deja dos militares muertos y cinco m\u00e1s heridos en Michoac\u00e1n","author":"","date":"diciembre 17, 2024","format":false,"excerpt":"El secretario de Defensa de M\u00e9xico, Ricardo Trevilla Trejo, inform\u00f3 este martes que la detonaci\u00f3n de un artefacto explosivo en Michoac\u00e1n dej\u00f3 dos militares muertos y cinco m\u00e1s heridos.Trevilla Trejo explic\u00f3 que el evento se registr\u00f3 cuando una patrulla de militares hac\u00eda un operativo contra el crimen organizado en un\u2026","rel":"","context":"In &quot;Noticias Nacionales&quot;","block_context":{"text":"Noticias Nacionales","link":"https:\/\/noticiasya.com\/midland-odessa\/categoria\/noticias-nacionales"},"img":{"alt_text":"","src":"","width":0,"height":0},"classes":[]},{"id":1466366,"url":"https:\/\/noticiasya.com\/midland-odessa\/2025\/09\/11\/explosion-camion-gas-mexico-que-paso-antes-despues-orix\/","url_meta":{"origin":1469031,"position":5},"title":"\u00bfQu\u00e9 pas\u00f3 antes y despu\u00e9s de la explosi\u00f3n del cami\u00f3n con gas en M\u00e9xico que dej\u00f3 muertos y heridos?","author":"","date":"septiembre 11, 2025","format":false,"excerpt":"Este mi\u00e9rcoles una explosi\u00f3n de una pipa de gas LP bajo el Puente de la Concordia, en Iztapalapa, en M\u00e9xico, provoc\u00f3 una tragedia que ha dejado hasta el momento 6 personas muertas y 90 lesionadas, entre ellas cuatro beb\u00e9s.De acuerdo con la fiscal\u00eda capitalina, la pipa, que transportaba 49.500 litros\u2026","rel":"","context":"In &quot;Noticias Nacionales&quot;","block_context":{"text":"Noticias Nacionales","link":"https:\/\/noticiasya.com\/midland-odessa\/categoria\/noticias-nacionales"},"img":{"alt_text":"","src":"","width":0,"height":0},"classes":[]}],"jetpack_sharing_enabled":true,"_links":{"self":[{"href":"https:\/\/noticiasya.com\/midland-odessa\/wp-json\/wp\/v2\/posts\/1469031","targetHints":{"allow":["GET"]}}],"collection":[{"href":"https:\/\/noticiasya.com\/midland-odessa\/wp-json\/wp\/v2\/posts"}],"about":[{"href":"https:\/\/noticiasya.com\/midland-odessa\/wp-json\/wp\/v2\/types\/post"}],"replies":[{"embeddable":true,"href":"https:\/\/noticiasya.com\/midland-odessa\/wp-json\/wp\/v2\/comments?post=1469031"}],"version-history":[{"count":0,"href":"https:\/\/noticiasya.com\/midland-odessa\/wp-json\/wp\/v2\/posts\/1469031\/revisions"}],"wp:attachment":[{"href":"https:\/\/noticiasya.com\/midland-odessa\/wp-json\/wp\/v2\/media?parent=1469031"}],"wp:term":[{"taxonomy":"category","embeddable":true,"href":"https:\/\/noticiasya.com\/midland-odessa\/wp-json\/wp\/v2\/categories?post=1469031"},{"taxonomy":"post_tag","embeddable":true,"href":"https:\/\/noticiasya.com\/midland-odessa\/wp-json\/wp\/v2\/tags?post=1469031"}],"curies":[{"name":"wp","href":"https:\/\/api.w.org\/{rel}","templated":true}]}}