{"id":1469033,"date":"2025-12-06T14:03:43","date_gmt":"2025-12-06T22:03:43","guid":{"rendered":"https:\/\/noticiasya.com\/2025\/12\/06\/venezolanos-paises-marchan-convocatoria-maria-corina-machado-dias-nobel-paz-orix\/"},"modified":"2025-12-06T14:03:43","modified_gmt":"2025-12-06T22:03:43","slug":"venezolanos-paises-marchan-convocatoria-maria-corina-machado-dias-nobel-paz-orix","status":"publish","type":"post","link":"https:\/\/noticiasya.com\/midland-odessa\/2025\/12\/06\/venezolanos-paises-marchan-convocatoria-maria-corina-machado-dias-nobel-paz-orix\/","title":{"rendered":"Venezolanos en decenas de pa\u00edses marchan tras convocatoria de Mar\u00eda Corina Machado a pocos d\u00edas de recibir el Nobel de la Paz"},"content":{"rendered":"<p>Venezolanos en distintas partes del mundo acudieron este s\u00e1bado a una Marcha \u201cPor la Paz y la Libertad <a href=\"https:\/\/x.com\/ConVzlaComando\/status\/1996700949440524335\">convocada<\/a> por la l\u00edder opositora Mar\u00eda Corina Machado, galardonada con el Premio Nobel de la Paz 2025, a pocos d\u00edas de que se lleve a cabo la entrega del prestigioso reconocimiento en Oslo, Noruega.<\/p>\n<p>Hay registro de marchas en ciudades de Espa\u00f1a, Argentina, Noruega y Per\u00fa, seg\u00fan informes de la agencia Reuters. Por su parte, Comando con Venezuela, la organizaci\u00f3n pol\u00edtica que encabeza Machado, <a href=\"https:\/\/x.com\/MundoConVzla\/status\/1997292755907903744\">inform\u00f3<\/a> de marchas en Tailandia, Australia, Alemania, B\u00e9lgica, Pa\u00edses Bajos, Suiza, Francia, Barbados, Italia, Reino Unido, Suecia.<\/p>\n<p>En un <a href=\"https:\/\/x.com\/ConVzlaComando\/status\/1996700949440524335\">video<\/a> publicado en redes sociales el jueves, Machado anunci\u00f3 la movilizaci\u00f3n.<\/p>\n<p>\u201cEste pr\u00f3ximo s\u00e1bado 6 de diciembre, en familia, con la fuerza que nos caracteriza, a pocos d\u00edas de la entrega del Nobel en Oslo, nos vamos a concentrar en m\u00e1s de 20 pa\u00edses y 80 ciudades del mundo para elevar nuestra voz y marchar por la paz\u201d, dijo la opositora venezolana en el video.<\/p>\n<p>Machado a\u00f1adi\u00f3 que en el <a href=\"https:\/\/elnobelesnuestro.com\/\">sitio web<\/a> \u201cEl Nobel es Nuestro\u201d se pueden ubicar los puntos de movilizaci\u00f3n en cada pa\u00eds.<\/p>\n<p>El Premio Nobel de la Paz, <a href=\"https:\/\/cnnespanol.cnn.com\/2025\/10\/10\/mundo\/premio-nobel-paz-maria-corina-machado-lider-opositora-venezolana-trax\">otorgado<\/a> a Mar\u00eda Corina Machado en octubre, se entrega en una ceremonia oficial el pr\u00f3ximo mi\u00e9rcoles 10 de diciembre en la ciudad de Oslo, en Noruega.<\/p>\n<p>Un vocero del Instituto Nobel afirm\u00f3 a CNN que este viernes Machado confirm\u00f3 <a href=\"https:\/\/cnnespanol.cnn.com\/2025\/11\/18\/venezuela\/maria-corina-machado-manifiesto-clandestinidad-orix\">nuevamente<\/a> su asistencia a la entrega del premio, aunque a\u00fan no hay detalles sobre c\u00f3mo o cu\u00e1ndo llegar\u00e1 a Noruega.<\/p>\n<p>En noviembre, el l\u00edder del Comit\u00e9 Nobel, J\u00f8rgen Watne Frydnes, se\u00f1al\u00f3 a la Corporaci\u00f3n Noruega de Radiodifusi\u00f3n que se trata de un viaje que calific\u00f3 de peligroso, y agreg\u00f3 que espera que se garantice la seguridad de Machado para llegar a Noruega y volver a su pa\u00eds.<\/p>\n<p>Machado dijo en el video del jueves que el Nobel es \u201cun reconocimiento que nos convoca a\u00fan m\u00e1s firmes para completar la tarea, para lograr la libertad de Venezuela\u201d.<\/p>\n<p>Previamente, la opositora venezolana <a href=\"https:\/\/cnnespanol.cnn.com\/2025\/10\/15\/venezuela\/maria-corina-machado-entrevista-amanpour-orix\">indic\u00f3<\/a> a CNN que consider\u00f3 el galard\u00f3n \u201cuna confirmaci\u00f3n de que el mundo est\u00e1 apoyando la causa de la democracia y la libertad en nuestra regi\u00f3n\u201d.<\/p>\n<p>Dos d\u00edas despu\u00e9s de que se otorgara el premio, Maduro descalific\u00f3 a Machado sin nombrarla. Adem\u00e1s, sin hablar del Nobel, Venezuela decidi\u00f3 cerrar su embajada en Noruega. Por su parte, Tarek William Saab, fiscal general de Venezuela, <a href=\"https:\/\/www.france24.com\/en\/live-news\/20251206-venezuela-s-machado-to-receive-peace-prize-in-oslo-nobel-institute\">dijo<\/a> a la agencia de noticias AFP que Machado ser\u00eda considerada \u201cfugitiva\u201d en caso de que viajara a Noruega.<\/p>\n<p><a href=\"https:\/\/cnnespanol.cnn.com\/2025\/10\/15\/venezuela\/maria-corina-machado-entrevista-amanpour-orix#:~:text=Machado%20gan%C3%B3%20las,su%20c%C3%ADrculo%20cercano.\">Machado<\/a> gan\u00f3 las primarias de la oposici\u00f3n de Venezuela realizadas en octubre de 2023, pero no pudo registrarse como candidata por cuestionadas resoluciones judiciales. La exdiputada se sum\u00f3 entonces a la candidatura presidencial del exembajador Edmundo Gonz\u00e1lez Urrutia, quien junto con la Plataforma Unitaria Democr\u00e1tica (PUD) afirma que gan\u00f3 los comicios del 28 de julio de 2024. El Consejo Nacional Electoral (CNE) declar\u00f3 vencedor al presidente Nicol\u00e1s Maduro, sin que hasta ahora se hayan publicado las actas detalladas de votaci\u00f3n. El Tribunal Supremo de Justicia (TSJ), una instituci\u00f3n af\u00edn al oficialismo igual que el CNE, ratific\u00f3 los resultados.<\/p>\n<p>La l\u00edder opositora se mantiene en la clandestinidad, dice temer por su integridad y afirma que el Gobierno ha buscado intimidar a sus familiares y colaboradores en el movimiento opositor Vente Venezuela.<\/p>\n<p>Anteriormente, el Gobierno de Venezuela <a href=\"https:\/\/cnnespanol.cnn.com\/2025\/10\/15\/venezuela\/maria-corina-machado-entrevista-amanpour-orix#:~:text=Machado%20gan%C3%B3%20las,su%20c%C3%ADrculo%20cercano.\">ha negado<\/a> que realice acciones contra Machado o su c\u00edrculo cercano.<\/p>\n<p>The-CNN-Wire<br \/>&trade; &amp; &copy; 2025 Cable News Network, Inc., a Warner Bros. Discovery Company. All rights reserved.<\/p>\n","protected":false},"excerpt":{"rendered":"<p>Venezolanos en distintas partes del mundo acudieron este s\u00e1bado a una Marcha \u201cPor la Paz y la Libertad convocada por la l\u00edder opositora Mar\u00eda Corina Machado, galardonada con el Premio Nobel de la Paz 2025, a pocos d\u00edas de que se lleve a cabo la entrega del prestigioso reconocimiento en Oslo, Noruega. Hay registro de [&hellip;]<\/p>\n","protected":false},"author":0,"featured_media":0,"comment_status":"open","ping_status":"open","sticky":false,"template":"","format":"standard","meta":{"_jetpack_memberships_contains_paid_content":false,"footnotes":""},"categories":[10],"tags":[],"class_list":["post-1469033","post","type-post","status-publish","format-standard","hentry","category-noticias-nacionales","market-global"],"yoast_head":"<!-- This site is optimized with the Yoast SEO plugin v24.4 - https:\/\/yoast.com\/wordpress\/plugins\/seo\/ -->\n<title>Venezolanos en decenas de pa\u00edses marchan tras convocatoria de Mar\u00eda Corina Machado a pocos d\u00edas de recibir el Nobel de la Paz - Noticias<\/title>\n<meta name=\"robots\" content=\"index, follow, max-snippet:-1, max-image-preview:large, max-video-preview:-1\" \/>\n<link rel=\"canonical\" href=\"https:\/\/noticiasya.com\/2025\/12\/06\/venezolanos-paises-marchan-convocatoria-maria-corina-machado-dias-nobel-paz-orix\/\" \/>\n<meta property=\"og:locale\" content=\"es_ES\" \/>\n<meta property=\"og:type\" content=\"article\" \/>\n<meta property=\"og:title\" content=\"Venezolanos en decenas de pa\u00edses marchan tras convocatoria de Mar\u00eda Corina Machado a pocos d\u00edas de recibir el Nobel de la Paz - Noticias\" \/>\n<meta property=\"og:description\" content=\"Venezolanos en distintas partes del mundo acudieron este s\u00e1bado a una Marcha \u201cPor la Paz y la Libertad convocada por la l\u00edder opositora Mar\u00eda Corina Machado, galardonada con el Premio Nobel de la Paz 2025, a pocos d\u00edas de que se lleve a cabo la entrega del prestigioso reconocimiento en Oslo, Noruega. Hay registro de [&hellip;]\" \/>\n<meta property=\"og:url\" content=\"https:\/\/noticiasya.com\/2025\/12\/06\/venezolanos-paises-marchan-convocatoria-maria-corina-machado-dias-nobel-paz-orix\/\" \/>\n<meta property=\"og:site_name\" content=\"Noticias\" \/>\n<meta property=\"article:published_time\" content=\"2025-12-06T22:03:43+00:00\" \/>\n<meta name=\"twitter:card\" content=\"summary_large_image\" \/>\n<meta name=\"twitter:label1\" content=\"Est. reading time\" \/>\n\t<meta name=\"twitter:data1\" content=\"3 minutos\" \/>\n<script type=\"application\/ld+json\" class=\"yoast-schema-graph\">{\"@context\":\"https:\/\/schema.org\",\"@graph\":[{\"@type\":\"Article\",\"@id\":\"https:\/\/noticiasya.com\/2025\/12\/06\/venezolanos-paises-marchan-convocatoria-maria-corina-machado-dias-nobel-paz-orix\/#article\",\"isPartOf\":{\"@id\":\"https:\/\/noticiasya.com\/2025\/12\/06\/venezolanos-paises-marchan-convocatoria-maria-corina-machado-dias-nobel-paz-orix\/\"},\"author\":{\"name\":\"\",\"@id\":\"\"},\"headline\":\"Venezolanos en decenas de pa\u00edses marchan tras convocatoria de Mar\u00eda Corina Machado a pocos d\u00edas de recibir el Nobel de la Paz\",\"datePublished\":\"2025-12-06T22:03:43+00:00\",\"mainEntityOfPage\":{\"@id\":\"https:\/\/noticiasya.com\/2025\/12\/06\/venezolanos-paises-marchan-convocatoria-maria-corina-machado-dias-nobel-paz-orix\/\"},\"wordCount\":642,\"commentCount\":0,\"publisher\":{\"@id\":\"https:\/\/noticiasya.com\/#organization\"},\"articleSection\":[\"Noticias Nacionales\"],\"inLanguage\":\"es\",\"potentialAction\":[{\"@type\":\"CommentAction\",\"name\":\"Comment\",\"target\":[\"https:\/\/noticiasya.com\/2025\/12\/06\/venezolanos-paises-marchan-convocatoria-maria-corina-machado-dias-nobel-paz-orix\/#respond\"]}]},{\"@type\":\"WebPage\",\"@id\":\"https:\/\/noticiasya.com\/2025\/12\/06\/venezolanos-paises-marchan-convocatoria-maria-corina-machado-dias-nobel-paz-orix\/\",\"url\":\"https:\/\/noticiasya.com\/2025\/12\/06\/venezolanos-paises-marchan-convocatoria-maria-corina-machado-dias-nobel-paz-orix\/\",\"name\":\"Venezolanos en decenas de pa\u00edses marchan tras convocatoria de Mar\u00eda Corina Machado a pocos d\u00edas de recibir el Nobel de la Paz - Noticias\",\"isPartOf\":{\"@id\":\"https:\/\/noticiasya.com\/#website\"},\"datePublished\":\"2025-12-06T22:03:43+00:00\",\"breadcrumb\":{\"@id\":\"https:\/\/noticiasya.com\/2025\/12\/06\/venezolanos-paises-marchan-convocatoria-maria-corina-machado-dias-nobel-paz-orix\/#breadcrumb\"},\"inLanguage\":\"es\",\"potentialAction\":[{\"@type\":\"ReadAction\",\"target\":[\"https:\/\/noticiasya.com\/2025\/12\/06\/venezolanos-paises-marchan-convocatoria-maria-corina-machado-dias-nobel-paz-orix\/\"]}]},{\"@type\":\"BreadcrumbList\",\"@id\":\"https:\/\/noticiasya.com\/2025\/12\/06\/venezolanos-paises-marchan-convocatoria-maria-corina-machado-dias-nobel-paz-orix\/#breadcrumb\",\"itemListElement\":[{\"@type\":\"ListItem\",\"position\":1,\"name\":\"Home\",\"item\":\"https:\/\/noticiasya.com\/\"},{\"@type\":\"ListItem\",\"position\":2,\"name\":\"Venezolanos en decenas de pa\u00edses marchan tras convocatoria de Mar\u00eda Corina Machado a pocos d\u00edas de recibir el Nobel de la Paz\"}]},{\"@type\":\"WebSite\",\"@id\":\"https:\/\/noticiasya.com\/#website\",\"url\":\"https:\/\/noticiasya.com\/\",\"name\":\"Noticias\",\"description\":\"Lo que importa\",\"publisher\":{\"@id\":\"https:\/\/noticiasya.com\/#organization\"},\"potentialAction\":[{\"@type\":\"SearchAction\",\"target\":{\"@type\":\"EntryPoint\",\"urlTemplate\":\"https:\/\/noticiasya.com\/?s={search_term_string}\"},\"query-input\":{\"@type\":\"PropertyValueSpecification\",\"valueRequired\":true,\"valueName\":\"search_term_string\"}}],\"inLanguage\":\"es\"},{\"@type\":\"Organization\",\"@id\":\"https:\/\/noticiasya.com\/#organization\",\"name\":\"Noticias\",\"url\":\"https:\/\/noticiasya.com\/\",\"logo\":{\"@type\":\"ImageObject\",\"inLanguage\":\"es\",\"@id\":\"https:\/\/noticiasya.com\/#\/schema\/logo\/image\/\",\"url\":\"https:\/\/noticiasya.com\/wp-content\/uploads\/sites\/22\/2023\/12\/logo-nacional.png\",\"contentUrl\":\"https:\/\/noticiasya.com\/wp-content\/uploads\/sites\/22\/2023\/12\/logo-nacional.png\",\"width\":1801,\"height\":691,\"caption\":\"Noticias\"},\"image\":{\"@id\":\"https:\/\/noticiasya.com\/#\/schema\/logo\/image\/\"}}]}<\/script>\n<!-- \/ Yoast SEO plugin. -->","yoast_head_json":{"title":"Venezolanos en decenas de pa\u00edses marchan tras convocatoria de Mar\u00eda Corina Machado a pocos d\u00edas de recibir el Nobel de la Paz - Noticias","robots":{"index":"index","follow":"follow","max-snippet":"max-snippet:-1","max-image-preview":"max-image-preview:large","max-video-preview":"max-video-preview:-1"},"canonical":"https:\/\/noticiasya.com\/2025\/12\/06\/venezolanos-paises-marchan-convocatoria-maria-corina-machado-dias-nobel-paz-orix\/","og_locale":"es_ES","og_type":"article","og_title":"Venezolanos en decenas de pa\u00edses marchan tras convocatoria de Mar\u00eda Corina Machado a pocos d\u00edas de recibir el Nobel de la Paz - Noticias","og_description":"Venezolanos en distintas partes del mundo acudieron este s\u00e1bado a una Marcha \u201cPor la Paz y la Libertad convocada por la l\u00edder opositora Mar\u00eda Corina Machado, galardonada con el Premio Nobel de la Paz 2025, a pocos d\u00edas de que se lleve a cabo la entrega del prestigioso reconocimiento en Oslo, Noruega. Hay registro de [&hellip;]","og_url":"https:\/\/noticiasya.com\/2025\/12\/06\/venezolanos-paises-marchan-convocatoria-maria-corina-machado-dias-nobel-paz-orix\/","og_site_name":"Noticias","article_published_time":"2025-12-06T22:03:43+00:00","twitter_card":"summary_large_image","twitter_misc":{"Est. reading time":"3 minutos"},"schema":{"@context":"https:\/\/schema.org","@graph":[{"@type":"Article","@id":"https:\/\/noticiasya.com\/2025\/12\/06\/venezolanos-paises-marchan-convocatoria-maria-corina-machado-dias-nobel-paz-orix\/#article","isPartOf":{"@id":"https:\/\/noticiasya.com\/2025\/12\/06\/venezolanos-paises-marchan-convocatoria-maria-corina-machado-dias-nobel-paz-orix\/"},"author":{"name":"","@id":""},"headline":"Venezolanos en decenas de pa\u00edses marchan tras convocatoria de Mar\u00eda Corina Machado a pocos d\u00edas de recibir el Nobel de la Paz","datePublished":"2025-12-06T22:03:43+00:00","mainEntityOfPage":{"@id":"https:\/\/noticiasya.com\/2025\/12\/06\/venezolanos-paises-marchan-convocatoria-maria-corina-machado-dias-nobel-paz-orix\/"},"wordCount":642,"commentCount":0,"publisher":{"@id":"https:\/\/noticiasya.com\/#organization"},"articleSection":["Noticias Nacionales"],"inLanguage":"es","potentialAction":[{"@type":"CommentAction","name":"Comment","target":["https:\/\/noticiasya.com\/2025\/12\/06\/venezolanos-paises-marchan-convocatoria-maria-corina-machado-dias-nobel-paz-orix\/#respond"]}]},{"@type":"WebPage","@id":"https:\/\/noticiasya.com\/2025\/12\/06\/venezolanos-paises-marchan-convocatoria-maria-corina-machado-dias-nobel-paz-orix\/","url":"https:\/\/noticiasya.com\/2025\/12\/06\/venezolanos-paises-marchan-convocatoria-maria-corina-machado-dias-nobel-paz-orix\/","name":"Venezolanos en decenas de pa\u00edses marchan tras convocatoria de Mar\u00eda Corina Machado a pocos d\u00edas de recibir el Nobel de la Paz - Noticias","isPartOf":{"@id":"https:\/\/noticiasya.com\/#website"},"datePublished":"2025-12-06T22:03:43+00:00","breadcrumb":{"@id":"https:\/\/noticiasya.com\/2025\/12\/06\/venezolanos-paises-marchan-convocatoria-maria-corina-machado-dias-nobel-paz-orix\/#breadcrumb"},"inLanguage":"es","potentialAction":[{"@type":"ReadAction","target":["https:\/\/noticiasya.com\/2025\/12\/06\/venezolanos-paises-marchan-convocatoria-maria-corina-machado-dias-nobel-paz-orix\/"]}]},{"@type":"BreadcrumbList","@id":"https:\/\/noticiasya.com\/2025\/12\/06\/venezolanos-paises-marchan-convocatoria-maria-corina-machado-dias-nobel-paz-orix\/#breadcrumb","itemListElement":[{"@type":"ListItem","position":1,"name":"Home","item":"https:\/\/noticiasya.com\/"},{"@type":"ListItem","position":2,"name":"Venezolanos en decenas de pa\u00edses marchan tras convocatoria de Mar\u00eda Corina Machado a pocos d\u00edas de recibir el Nobel de la Paz"}]},{"@type":"WebSite","@id":"https:\/\/noticiasya.com\/#website","url":"https:\/\/noticiasya.com\/","name":"Noticias","description":"Lo que importa","publisher":{"@id":"https:\/\/noticiasya.com\/#organization"},"potentialAction":[{"@type":"SearchAction","target":{"@type":"EntryPoint","urlTemplate":"https:\/\/noticiasya.com\/?s={search_term_string}"},"query-input":{"@type":"PropertyValueSpecification","valueRequired":true,"valueName":"search_term_string"}}],"inLanguage":"es"},{"@type":"Organization","@id":"https:\/\/noticiasya.com\/#organization","name":"Noticias","url":"https:\/\/noticiasya.com\/","logo":{"@type":"ImageObject","inLanguage":"es","@id":"https:\/\/noticiasya.com\/#\/schema\/logo\/image\/","url":"https:\/\/noticiasya.com\/wp-content\/uploads\/sites\/22\/2023\/12\/logo-nacional.png","contentUrl":"https:\/\/noticiasya.com\/wp-content\/uploads\/sites\/22\/2023\/12\/logo-nacional.png","width":1801,"height":691,"caption":"Noticias"},"image":{"@id":"https:\/\/noticiasya.com\/#\/schema\/logo\/image\/"}}]}},"parsely":{"version":"1.1.0","canonical_url":"https:\/\/noticiasya.com\/midland-odessa\/2025\/12\/06\/venezolanos-paises-marchan-convocatoria-maria-corina-machado-dias-nobel-paz-orix\/","smart_links":{"inbound":0,"outbound":0},"traffic_boost_suggestions_count":0,"meta":{"@context":"https:\/\/schema.org","@type":"NewsArticle","headline":"Venezolanos en decenas de pa\u00edses marchan tras convocatoria de Mar\u00eda Corina Machado a pocos d\u00edas de recibir el Nobel de la Paz","url":"http:\/\/noticiasya.com\/midland-odessa\/2025\/12\/06\/venezolanos-paises-marchan-convocatoria-maria-corina-machado-dias-nobel-paz-orix\/","mainEntityOfPage":{"@type":"WebPage","@id":"http:\/\/noticiasya.com\/midland-odessa\/2025\/12\/06\/venezolanos-paises-marchan-convocatoria-maria-corina-machado-dias-nobel-paz-orix\/"},"thumbnailUrl":"","image":{"@type":"ImageObject","url":""},"articleSection":"Noticias Nacionales","author":[],"creator":[],"publisher":{"@type":"Organization","name":"Noticias","logo":""},"keywords":[],"dateCreated":"2025-12-06T22:03:43Z","datePublished":"2025-12-06T22:03:43Z","dateModified":"2025-12-06T22:03:43Z"},"rendered":"<script type=\"application\/ld+json\" class=\"wp-parsely-metadata\">{\"@context\":\"https:\\\/\\\/schema.org\",\"@type\":\"NewsArticle\",\"headline\":\"Venezolanos en decenas de pa\\u00edses marchan tras convocatoria de Mar\\u00eda Corina Machado a pocos d\\u00edas de recibir el Nobel de la Paz\",\"url\":\"http:\\\/\\\/noticiasya.com\\\/midland-odessa\\\/2025\\\/12\\\/06\\\/venezolanos-paises-marchan-convocatoria-maria-corina-machado-dias-nobel-paz-orix\\\/\",\"mainEntityOfPage\":{\"@type\":\"WebPage\",\"@id\":\"http:\\\/\\\/noticiasya.com\\\/midland-odessa\\\/2025\\\/12\\\/06\\\/venezolanos-paises-marchan-convocatoria-maria-corina-machado-dias-nobel-paz-orix\\\/\"},\"thumbnailUrl\":\"\",\"image\":{\"@type\":\"ImageObject\",\"url\":\"\"},\"articleSection\":\"Noticias Nacionales\",\"author\":[],\"creator\":[],\"publisher\":{\"@type\":\"Organization\",\"name\":\"Noticias\",\"logo\":\"\"},\"keywords\":[],\"dateCreated\":\"2025-12-06T22:03:43Z\",\"datePublished\":\"2025-12-06T22:03:43Z\",\"dateModified\":\"2025-12-06T22:03:43Z\"}<\/script>","tracker_url":"https:\/\/cdn.parsely.com\/keys\/noticiasya.com\/p.js"},"jetpack_featured_media_url":"","jetpack-related-posts":[{"id":1467257,"url":"https:\/\/noticiasya.com\/midland-odessa\/2025\/10\/10\/maria-corina-machado-nobel-paz-impulso-orix\/","url_meta":{"origin":1469033,"position":0},"title":"Mar\u00eda Corina Machado dice que el Nobel de Paz &#171;es un impulso para concluir&#187; la tarea de &#171;conquistar la libertad&#187;","author":"","date":"octubre 10, 2025","format":false,"excerpt":"La dirigente opositora venezolana Mar\u00eda Corina Machado, premiada este viernes con el Nobel de la Paz, afirm\u00f3 que el galard\u00f3n es un impulso \u201cpara concluir\u201d la tarea de \u201cconquistar la libertad\u201d en el pa\u00eds\u201cEste inmenso reconocimiento a la lucha de todos los venezolanos es un impulso para concluir nuestra tarea:\u2026","rel":"","context":"In &quot;Noticias Nacionales&quot;","block_context":{"text":"Noticias Nacionales","link":"https:\/\/noticiasya.com\/midland-odessa\/categoria\/noticias-nacionales"},"img":{"alt_text":"","src":"","width":0,"height":0},"classes":[]},{"id":1469133,"url":"https:\/\/noticiasya.com\/midland-odessa\/2025\/12\/10\/maria-corina-machado-no-estara-ceremonia-entrega-nobel-paz-efe\/","url_meta":{"origin":1469033,"position":1},"title":"Mar\u00eda Corina Machado no estar\u00e1 en la ceremonia de entrega del Nobel de la Paz en Oslo, afirma director del Instituto Nobel","author":"","date":"diciembre 10, 2025","format":false,"excerpt":"Mar\u00eda Corina Machado no estar\u00e1 este mi\u00e9rcoles en Oslo para recoger el premio de la Paz de este a\u00f1o, confirm\u00f3 a la televisi\u00f3n p\u00fablica noruega NRK el director del Instituto Nobel, Kristian Berg Harpviken.\u201cDesgraciadamente todav\u00eda no est\u00e1 en Noruega y tampoco estar\u00e1 en el escenario del Ayuntamiento de Oslo a\u2026","rel":"","context":"In &quot;Noticias Nacionales&quot;","block_context":{"text":"Noticias Nacionales","link":"https:\/\/noticiasya.com\/midland-odessa\/categoria\/noticias-nacionales"},"img":{"alt_text":"","src":"","width":0,"height":0},"classes":[]},{"id":1469124,"url":"https:\/\/noticiasya.com\/midland-odessa\/2025\/12\/09\/expectativa-corina-machado-oslo-nobel-paz-orox\/","url_meta":{"origin":1469033,"position":2},"title":"&#171;\u00bfHa llegado ya?&#187;: crece la expectativa por Mar\u00eda Corina Machado en la v\u00edspera a la entrega del Nobel de la Paz","author":"","date":"diciembre 9, 2025","format":false,"excerpt":"En el Grand Hotel de Oslo, situado en el centro de la capital de Noruega, la expectativa es constante. El motivo es que este edificio tradicionalmente se convierte en el alojamiento oficial del ganador del premio Nobel de la Paz cuando \u00e9ste llega a la ciudad para recibir el galard\u00f3n.\u2026","rel":"","context":"In &quot;Noticias Nacionales&quot;","block_context":{"text":"Noticias Nacionales","link":"https:\/\/noticiasya.com\/midland-odessa\/categoria\/noticias-nacionales"},"img":{"alt_text":"","src":"","width":0,"height":0},"classes":[]},{"id":1467253,"url":"https:\/\/noticiasya.com\/midland-odessa\/2025\/10\/10\/premio-nobel-paz-maria-corina-machado-lider-opositora-venezolana-trax\/","url_meta":{"origin":1469033,"position":3},"title":"Premio Nobel de la Paz para Mar\u00eda Corina Machado, l\u00edder opositora venezolana","author":"","date":"octubre 10, 2025","format":false,"excerpt":"El Premio Nobel de la Paz 2025 fue otorgado a Mar\u00eda Corina Machado por \u201cpromover los derechos democr\u00e1ticos del pueblo de Venezuela\u201d.El Comit\u00e9 Noruego del Nobel afirm\u00f3 que Mar\u00eda Corina Machado hab\u00eda ayudado a \u201cmantener encendida la llama de la democracia frente a una oscuridad creciente\u201d.Al anunciar el premio en\u2026","rel":"","context":"In &quot;Noticias Nacionales&quot;","block_context":{"text":"Noticias Nacionales","link":"https:\/\/noticiasya.com\/midland-odessa\/categoria\/noticias-nacionales"},"img":{"alt_text":"","src":"","width":0,"height":0},"classes":[]},{"id":1467272,"url":"https:\/\/noticiasya.com\/midland-odessa\/2025\/10\/10\/alegria-descontento-venezolanos-reaccionan-nobel-machado-orix\/","url_meta":{"origin":1469033,"position":4},"title":"De la alegr\u00eda al descontento: as\u00ed reaccionan los venezolanos al Nobel de la Paz otorgado a Mar\u00eda Corina Machado","author":"","date":"octubre 10, 2025","format":false,"excerpt":"Venezuela se despert\u00f3 este viernes con una noticia de alcance global: el Comit\u00e9 Noruego del Nobel otorg\u00f3 el Premio Nobel de la Paz a la l\u00edder opositora venezolana Mar\u00eda Corina Machado, por lo que describi\u00f3 como su trabajo para \u201cpromover los derechos democr\u00e1ticos del pueblo\u201d y \u201cmantener encendida la llama\u2026","rel":"","context":"In &quot;Noticias Nacionales&quot;","block_context":{"text":"Noticias Nacionales","link":"https:\/\/noticiasya.com\/midland-odessa\/categoria\/noticias-nacionales"},"img":{"alt_text":"","src":"","width":0,"height":0},"classes":[]},{"id":1467335,"url":"https:\/\/noticiasya.com\/midland-odessa\/2025\/10\/13\/cierre-embajada-noruega-nobel-machado-orix\/","url_meta":{"origin":1469033,"position":5},"title":"Venezuela cierra su embajada en Noruega tras el premio Nobel de la Paz otorgado a Mar\u00eda Corina Machado","author":"","date":"octubre 13, 2025","format":false,"excerpt":"El Gobierno de Venezuela anunci\u00f3 este lunes el cierre de su embajada en Noruega, d\u00edas despu\u00e9s de que el Comit\u00e9 Noruego le otorgara el premio Nobel de la Paz a la dirigente opositora Mar\u00eda Corina Machado por \u201cpromover los derechos democr\u00e1ticos\u201d.La Canciller\u00eda no hizo menci\u00f3n al premio y explic\u00f3 que\u2026","rel":"","context":"In &quot;Noticias Nacionales&quot;","block_context":{"text":"Noticias Nacionales","link":"https:\/\/noticiasya.com\/midland-odessa\/categoria\/noticias-nacionales"},"img":{"alt_text":"","src":"","width":0,"height":0},"classes":[]}],"jetpack_sharing_enabled":true,"_links":{"self":[{"href":"https:\/\/noticiasya.com\/midland-odessa\/wp-json\/wp\/v2\/posts\/1469033","targetHints":{"allow":["GET"]}}],"collection":[{"href":"https:\/\/noticiasya.com\/midland-odessa\/wp-json\/wp\/v2\/posts"}],"about":[{"href":"https:\/\/noticiasya.com\/midland-odessa\/wp-json\/wp\/v2\/types\/post"}],"replies":[{"embeddable":true,"href":"https:\/\/noticiasya.com\/midland-odessa\/wp-json\/wp\/v2\/comments?post=1469033"}],"version-history":[{"count":0,"href":"https:\/\/noticiasya.com\/midland-odessa\/wp-json\/wp\/v2\/posts\/1469033\/revisions"}],"wp:attachment":[{"href":"https:\/\/noticiasya.com\/midland-odessa\/wp-json\/wp\/v2\/media?parent=1469033"}],"wp:term":[{"taxonomy":"category","embeddable":true,"href":"https:\/\/noticiasya.com\/midland-odessa\/wp-json\/wp\/v2\/categories?post=1469033"},{"taxonomy":"post_tag","embeddable":true,"href":"https:\/\/noticiasya.com\/midland-odessa\/wp-json\/wp\/v2\/tags?post=1469033"}],"curies":[{"name":"wp","href":"https:\/\/api.w.org\/{rel}","templated":true}]}}