{"id":1469034,"date":"2025-12-06T14:03:44","date_gmt":"2025-12-06T22:03:44","guid":{"rendered":"https:\/\/noticiasya.com\/2025\/12\/06\/sheinbaum-confia-mantener-relacion-comercial-eeuu-orix\/"},"modified":"2025-12-06T14:03:44","modified_gmt":"2025-12-06T22:03:44","slug":"sheinbaum-confia-mantener-relacion-comercial-eeuu-orix","status":"publish","type":"post","link":"https:\/\/noticiasya.com\/midland-odessa\/2025\/12\/06\/sheinbaum-confia-mantener-relacion-comercial-eeuu-orix\/","title":{"rendered":"Sheinbaum conf\u00eda en que M\u00e9xico mantendr\u00e1 relaci\u00f3n comercial con EE.UU.: &#171;Ambas econom\u00edas nos necesitamos&#187;"},"content":{"rendered":"<p>La presidenta de M\u00e9xico, Claudia Sheinbaum, dijo este s\u00e1bado que conf\u00eda en que su pa\u00eds mantendr\u00e1 la relaci\u00f3n comercial que tiene con Estados Unidos, de cara a que el pr\u00f3ximo a\u00f1o se revise el tratado que ambos pa\u00edses tienen junto con Canad\u00e1, el T-MEC.<\/p>\n<p>\u201cEn nuestra relaci\u00f3n comercial, estoy convencida que se mantendr\u00e1. Ambas econom\u00edas nos necesitamos para poder competir con otras regiones del mundo\u201d, se\u00f1al\u00f3 la mandataria este mediod\u00eda <a href=\"https:\/\/www.youtube.com\/watch?v=0-Y8tx4lqg8\">durante un mitin en el Z\u00f3calo de la Ciudad de M\u00e9xico<\/a>, donde conmemor\u00f3 el s\u00e9ptimo aniversario de que el oficialista partido Morena lleg\u00f3 al Gobierno federal.<\/p>\n<p>Las declaraciones se producen luego de que el presidente de Estados Unidos, Donald Trump,  expresara dudas en varias ocasiones sobre los beneficios del T-MEC para su pa\u00eds.<\/p>\n<p>Adem\u00e1s, ocurren un d\u00eda despu\u00e9s de que, en el marco del sorteo para el Mundial de F\u00fatbol 2026, Sheinbaum <a href=\"https:\/\/cnnespanol.cnn.com\/2025\/12\/05\/mexico\/sheinbaum-trump-sonrien-primera-pequena-reunion-fue-excelente-orix\">se reuni\u00f3 en Washington<\/a> con Trump y con el primer ministro de Canad\u00e1, Mark Carney.<\/p>\n<p>Sheinbaum <a href=\"https:\/\/x.com\/Claudiashein\/status\/1997051798406787377\">dijo el viernes en X<\/a> que la reuni\u00f3n fue \u201cexcelente\u201d y que los tres hablaron de las oportunidades que el Mundial trae para los tres pa\u00edses, as\u00ed como de la relaci\u00f3n trilateral.<\/p>\n<p>Durante el mitin de este s\u00e1bado \u2014al que acudieron unas 600.000 personas, seg\u00fan el Gobierno\u2014, Sheinbaum se\u00f1al\u00f3 que, en el rubro de seguridad com\u00fan, su Gobierno ha buscado tener relaciones cordiales y respetuosas con Estados Unidos, un pa\u00eds con el que comparte una frontera de 3.100 kil\u00f3metros.<\/p>\n<p>\u201cDurante este a\u00f1o, hemos demostrado que podemos tener una buena relaci\u00f3n con Estados Unidos, poniendo nuestros principios al frente. Llegamos a un entendimiento en materia de seguridad, que establece en su inicio cuatro principios claros: respeto a la soberan\u00eda y a la integridad territorial, responsabilidad compartida y diferenciada, colaboraci\u00f3n sin subordinaci\u00f3n, respeto a la soberan\u00eda nacional\u201d, dijo la mandataria.<\/p>\n<p>Sheinbaum inici\u00f3 su mandato el 1 de octubre de 2024 y Trump casi cuatro meses despu\u00e9s, el 20 de enero de este a\u00f1o. Desde que asumi\u00f3 el cargo para su segunda presidencia, Trump ha pedido a M\u00e9xico hacer m\u00e1s para combatir a los c\u00e1rteles del narcotr\u00e1fico y el flujo de drogas. M\u00e9xico ha respondido que trabaja en este campo, sin subordinar sus intereses a los de Estados Unidos u otro pa\u00eds.<\/p>\n<p>The-CNN-Wire<br \/>&trade; &amp; &copy; 2025 Cable News Network, Inc., a Warner Bros. Discovery Company. All rights reserved.<\/p>\n","protected":false},"excerpt":{"rendered":"<p>La presidenta de M\u00e9xico, Claudia Sheinbaum, dijo este s\u00e1bado que conf\u00eda en que su pa\u00eds mantendr\u00e1 la relaci\u00f3n comercial que tiene con Estados Unidos, de cara a que el pr\u00f3ximo a\u00f1o se revise el tratado que ambos pa\u00edses tienen junto con Canad\u00e1, el T-MEC. \u201cEn nuestra relaci\u00f3n comercial, estoy convencida que se mantendr\u00e1. Ambas econom\u00edas [&hellip;]<\/p>\n","protected":false},"author":0,"featured_media":0,"comment_status":"open","ping_status":"open","sticky":false,"template":"","format":"standard","meta":{"_jetpack_memberships_contains_paid_content":false,"footnotes":""},"categories":[10],"tags":[],"class_list":["post-1469034","post","type-post","status-publish","format-standard","hentry","category-noticias-nacionales","market-global"],"yoast_head":"<!-- This site is optimized with the Yoast SEO plugin v24.4 - https:\/\/yoast.com\/wordpress\/plugins\/seo\/ -->\n<title>Sheinbaum conf\u00eda en que M\u00e9xico mantendr\u00e1 relaci\u00f3n comercial con EE.UU.: &quot;Ambas econom\u00edas nos necesitamos&quot; - Noticias<\/title>\n<meta name=\"robots\" content=\"index, follow, max-snippet:-1, max-image-preview:large, max-video-preview:-1\" \/>\n<link rel=\"canonical\" href=\"https:\/\/noticiasya.com\/2025\/12\/06\/sheinbaum-confia-mantener-relacion-comercial-eeuu-orix\/\" \/>\n<meta property=\"og:locale\" content=\"es_ES\" \/>\n<meta property=\"og:type\" content=\"article\" \/>\n<meta property=\"og:title\" content=\"Sheinbaum conf\u00eda en que M\u00e9xico mantendr\u00e1 relaci\u00f3n comercial con EE.UU.: &quot;Ambas econom\u00edas nos necesitamos&quot; - Noticias\" \/>\n<meta property=\"og:description\" content=\"La presidenta de M\u00e9xico, Claudia Sheinbaum, dijo este s\u00e1bado que conf\u00eda en que su pa\u00eds mantendr\u00e1 la relaci\u00f3n comercial que tiene con Estados Unidos, de cara a que el pr\u00f3ximo a\u00f1o se revise el tratado que ambos pa\u00edses tienen junto con Canad\u00e1, el T-MEC. \u201cEn nuestra relaci\u00f3n comercial, estoy convencida que se mantendr\u00e1. Ambas econom\u00edas [&hellip;]\" \/>\n<meta property=\"og:url\" content=\"https:\/\/noticiasya.com\/2025\/12\/06\/sheinbaum-confia-mantener-relacion-comercial-eeuu-orix\/\" \/>\n<meta property=\"og:site_name\" content=\"Noticias\" \/>\n<meta property=\"article:published_time\" content=\"2025-12-06T22:03:44+00:00\" \/>\n<meta name=\"twitter:card\" content=\"summary_large_image\" \/>\n<meta name=\"twitter:label1\" content=\"Est. reading time\" \/>\n\t<meta name=\"twitter:data1\" content=\"2 minutos\" \/>\n<script type=\"application\/ld+json\" class=\"yoast-schema-graph\">{\"@context\":\"https:\/\/schema.org\",\"@graph\":[{\"@type\":\"Article\",\"@id\":\"https:\/\/noticiasya.com\/2025\/12\/06\/sheinbaum-confia-mantener-relacion-comercial-eeuu-orix\/#article\",\"isPartOf\":{\"@id\":\"https:\/\/noticiasya.com\/2025\/12\/06\/sheinbaum-confia-mantener-relacion-comercial-eeuu-orix\/\"},\"author\":{\"name\":\"\",\"@id\":\"\"},\"headline\":\"Sheinbaum conf\u00eda en que M\u00e9xico mantendr\u00e1 relaci\u00f3n comercial con EE.UU.: &#171;Ambas econom\u00edas nos necesitamos&#187;\",\"datePublished\":\"2025-12-06T22:03:44+00:00\",\"mainEntityOfPage\":{\"@id\":\"https:\/\/noticiasya.com\/2025\/12\/06\/sheinbaum-confia-mantener-relacion-comercial-eeuu-orix\/\"},\"wordCount\":439,\"commentCount\":0,\"publisher\":{\"@id\":\"https:\/\/noticiasya.com\/#organization\"},\"articleSection\":[\"Noticias Nacionales\"],\"inLanguage\":\"es\",\"potentialAction\":[{\"@type\":\"CommentAction\",\"name\":\"Comment\",\"target\":[\"https:\/\/noticiasya.com\/2025\/12\/06\/sheinbaum-confia-mantener-relacion-comercial-eeuu-orix\/#respond\"]}]},{\"@type\":\"WebPage\",\"@id\":\"https:\/\/noticiasya.com\/2025\/12\/06\/sheinbaum-confia-mantener-relacion-comercial-eeuu-orix\/\",\"url\":\"https:\/\/noticiasya.com\/2025\/12\/06\/sheinbaum-confia-mantener-relacion-comercial-eeuu-orix\/\",\"name\":\"Sheinbaum conf\u00eda en que M\u00e9xico mantendr\u00e1 relaci\u00f3n comercial con EE.UU.: \\\"Ambas econom\u00edas nos necesitamos\\\" - Noticias\",\"isPartOf\":{\"@id\":\"https:\/\/noticiasya.com\/#website\"},\"datePublished\":\"2025-12-06T22:03:44+00:00\",\"breadcrumb\":{\"@id\":\"https:\/\/noticiasya.com\/2025\/12\/06\/sheinbaum-confia-mantener-relacion-comercial-eeuu-orix\/#breadcrumb\"},\"inLanguage\":\"es\",\"potentialAction\":[{\"@type\":\"ReadAction\",\"target\":[\"https:\/\/noticiasya.com\/2025\/12\/06\/sheinbaum-confia-mantener-relacion-comercial-eeuu-orix\/\"]}]},{\"@type\":\"BreadcrumbList\",\"@id\":\"https:\/\/noticiasya.com\/2025\/12\/06\/sheinbaum-confia-mantener-relacion-comercial-eeuu-orix\/#breadcrumb\",\"itemListElement\":[{\"@type\":\"ListItem\",\"position\":1,\"name\":\"Home\",\"item\":\"https:\/\/noticiasya.com\/\"},{\"@type\":\"ListItem\",\"position\":2,\"name\":\"Sheinbaum conf\u00eda en que M\u00e9xico mantendr\u00e1 relaci\u00f3n comercial con EE.UU.: &#171;Ambas econom\u00edas nos necesitamos&#187;\"}]},{\"@type\":\"WebSite\",\"@id\":\"https:\/\/noticiasya.com\/#website\",\"url\":\"https:\/\/noticiasya.com\/\",\"name\":\"Noticias\",\"description\":\"Lo que importa\",\"publisher\":{\"@id\":\"https:\/\/noticiasya.com\/#organization\"},\"potentialAction\":[{\"@type\":\"SearchAction\",\"target\":{\"@type\":\"EntryPoint\",\"urlTemplate\":\"https:\/\/noticiasya.com\/?s={search_term_string}\"},\"query-input\":{\"@type\":\"PropertyValueSpecification\",\"valueRequired\":true,\"valueName\":\"search_term_string\"}}],\"inLanguage\":\"es\"},{\"@type\":\"Organization\",\"@id\":\"https:\/\/noticiasya.com\/#organization\",\"name\":\"Noticias\",\"url\":\"https:\/\/noticiasya.com\/\",\"logo\":{\"@type\":\"ImageObject\",\"inLanguage\":\"es\",\"@id\":\"https:\/\/noticiasya.com\/#\/schema\/logo\/image\/\",\"url\":\"https:\/\/noticiasya.com\/wp-content\/uploads\/sites\/22\/2023\/12\/logo-nacional.png\",\"contentUrl\":\"https:\/\/noticiasya.com\/wp-content\/uploads\/sites\/22\/2023\/12\/logo-nacional.png\",\"width\":1801,\"height\":691,\"caption\":\"Noticias\"},\"image\":{\"@id\":\"https:\/\/noticiasya.com\/#\/schema\/logo\/image\/\"}}]}<\/script>\n<!-- \/ Yoast SEO plugin. -->","yoast_head_json":{"title":"Sheinbaum conf\u00eda en que M\u00e9xico mantendr\u00e1 relaci\u00f3n comercial con EE.UU.: \"Ambas econom\u00edas nos necesitamos\" - Noticias","robots":{"index":"index","follow":"follow","max-snippet":"max-snippet:-1","max-image-preview":"max-image-preview:large","max-video-preview":"max-video-preview:-1"},"canonical":"https:\/\/noticiasya.com\/2025\/12\/06\/sheinbaum-confia-mantener-relacion-comercial-eeuu-orix\/","og_locale":"es_ES","og_type":"article","og_title":"Sheinbaum conf\u00eda en que M\u00e9xico mantendr\u00e1 relaci\u00f3n comercial con EE.UU.: \"Ambas econom\u00edas nos necesitamos\" - Noticias","og_description":"La presidenta de M\u00e9xico, Claudia Sheinbaum, dijo este s\u00e1bado que conf\u00eda en que su pa\u00eds mantendr\u00e1 la relaci\u00f3n comercial que tiene con Estados Unidos, de cara a que el pr\u00f3ximo a\u00f1o se revise el tratado que ambos pa\u00edses tienen junto con Canad\u00e1, el T-MEC. \u201cEn nuestra relaci\u00f3n comercial, estoy convencida que se mantendr\u00e1. Ambas econom\u00edas [&hellip;]","og_url":"https:\/\/noticiasya.com\/2025\/12\/06\/sheinbaum-confia-mantener-relacion-comercial-eeuu-orix\/","og_site_name":"Noticias","article_published_time":"2025-12-06T22:03:44+00:00","twitter_card":"summary_large_image","twitter_misc":{"Est. reading time":"2 minutos"},"schema":{"@context":"https:\/\/schema.org","@graph":[{"@type":"Article","@id":"https:\/\/noticiasya.com\/2025\/12\/06\/sheinbaum-confia-mantener-relacion-comercial-eeuu-orix\/#article","isPartOf":{"@id":"https:\/\/noticiasya.com\/2025\/12\/06\/sheinbaum-confia-mantener-relacion-comercial-eeuu-orix\/"},"author":{"name":"","@id":""},"headline":"Sheinbaum conf\u00eda en que M\u00e9xico mantendr\u00e1 relaci\u00f3n comercial con EE.UU.: &#171;Ambas econom\u00edas nos necesitamos&#187;","datePublished":"2025-12-06T22:03:44+00:00","mainEntityOfPage":{"@id":"https:\/\/noticiasya.com\/2025\/12\/06\/sheinbaum-confia-mantener-relacion-comercial-eeuu-orix\/"},"wordCount":439,"commentCount":0,"publisher":{"@id":"https:\/\/noticiasya.com\/#organization"},"articleSection":["Noticias Nacionales"],"inLanguage":"es","potentialAction":[{"@type":"CommentAction","name":"Comment","target":["https:\/\/noticiasya.com\/2025\/12\/06\/sheinbaum-confia-mantener-relacion-comercial-eeuu-orix\/#respond"]}]},{"@type":"WebPage","@id":"https:\/\/noticiasya.com\/2025\/12\/06\/sheinbaum-confia-mantener-relacion-comercial-eeuu-orix\/","url":"https:\/\/noticiasya.com\/2025\/12\/06\/sheinbaum-confia-mantener-relacion-comercial-eeuu-orix\/","name":"Sheinbaum conf\u00eda en que M\u00e9xico mantendr\u00e1 relaci\u00f3n comercial con EE.UU.: \"Ambas econom\u00edas nos necesitamos\" - Noticias","isPartOf":{"@id":"https:\/\/noticiasya.com\/#website"},"datePublished":"2025-12-06T22:03:44+00:00","breadcrumb":{"@id":"https:\/\/noticiasya.com\/2025\/12\/06\/sheinbaum-confia-mantener-relacion-comercial-eeuu-orix\/#breadcrumb"},"inLanguage":"es","potentialAction":[{"@type":"ReadAction","target":["https:\/\/noticiasya.com\/2025\/12\/06\/sheinbaum-confia-mantener-relacion-comercial-eeuu-orix\/"]}]},{"@type":"BreadcrumbList","@id":"https:\/\/noticiasya.com\/2025\/12\/06\/sheinbaum-confia-mantener-relacion-comercial-eeuu-orix\/#breadcrumb","itemListElement":[{"@type":"ListItem","position":1,"name":"Home","item":"https:\/\/noticiasya.com\/"},{"@type":"ListItem","position":2,"name":"Sheinbaum conf\u00eda en que M\u00e9xico mantendr\u00e1 relaci\u00f3n comercial con EE.UU.: &#171;Ambas econom\u00edas nos necesitamos&#187;"}]},{"@type":"WebSite","@id":"https:\/\/noticiasya.com\/#website","url":"https:\/\/noticiasya.com\/","name":"Noticias","description":"Lo que importa","publisher":{"@id":"https:\/\/noticiasya.com\/#organization"},"potentialAction":[{"@type":"SearchAction","target":{"@type":"EntryPoint","urlTemplate":"https:\/\/noticiasya.com\/?s={search_term_string}"},"query-input":{"@type":"PropertyValueSpecification","valueRequired":true,"valueName":"search_term_string"}}],"inLanguage":"es"},{"@type":"Organization","@id":"https:\/\/noticiasya.com\/#organization","name":"Noticias","url":"https:\/\/noticiasya.com\/","logo":{"@type":"ImageObject","inLanguage":"es","@id":"https:\/\/noticiasya.com\/#\/schema\/logo\/image\/","url":"https:\/\/noticiasya.com\/wp-content\/uploads\/sites\/22\/2023\/12\/logo-nacional.png","contentUrl":"https:\/\/noticiasya.com\/wp-content\/uploads\/sites\/22\/2023\/12\/logo-nacional.png","width":1801,"height":691,"caption":"Noticias"},"image":{"@id":"https:\/\/noticiasya.com\/#\/schema\/logo\/image\/"}}]}},"parsely":{"version":"1.1.0","canonical_url":"https:\/\/noticiasya.com\/midland-odessa\/2025\/12\/06\/sheinbaum-confia-mantener-relacion-comercial-eeuu-orix\/","smart_links":{"inbound":0,"outbound":0},"traffic_boost_suggestions_count":0,"meta":{"@context":"https:\/\/schema.org","@type":"NewsArticle","headline":"Sheinbaum conf\u00eda en que M\u00e9xico mantendr\u00e1 relaci\u00f3n comercial con EE.UU.: &#171;Ambas econom\u00edas nos necesitamos&#187;","url":"http:\/\/noticiasya.com\/midland-odessa\/2025\/12\/06\/sheinbaum-confia-mantener-relacion-comercial-eeuu-orix\/","mainEntityOfPage":{"@type":"WebPage","@id":"http:\/\/noticiasya.com\/midland-odessa\/2025\/12\/06\/sheinbaum-confia-mantener-relacion-comercial-eeuu-orix\/"},"thumbnailUrl":"","image":{"@type":"ImageObject","url":""},"articleSection":"Noticias Nacionales","author":[],"creator":[],"publisher":{"@type":"Organization","name":"Noticias","logo":""},"keywords":[],"dateCreated":"2025-12-06T22:03:44Z","datePublished":"2025-12-06T22:03:44Z","dateModified":"2025-12-06T22:03:44Z"},"rendered":"<script type=\"application\/ld+json\" class=\"wp-parsely-metadata\">{\"@context\":\"https:\\\/\\\/schema.org\",\"@type\":\"NewsArticle\",\"headline\":\"Sheinbaum conf\\u00eda en que M\\u00e9xico mantendr\\u00e1 relaci\\u00f3n comercial con EE.UU.: &#171;Ambas econom\\u00edas nos necesitamos&#187;\",\"url\":\"http:\\\/\\\/noticiasya.com\\\/midland-odessa\\\/2025\\\/12\\\/06\\\/sheinbaum-confia-mantener-relacion-comercial-eeuu-orix\\\/\",\"mainEntityOfPage\":{\"@type\":\"WebPage\",\"@id\":\"http:\\\/\\\/noticiasya.com\\\/midland-odessa\\\/2025\\\/12\\\/06\\\/sheinbaum-confia-mantener-relacion-comercial-eeuu-orix\\\/\"},\"thumbnailUrl\":\"\",\"image\":{\"@type\":\"ImageObject\",\"url\":\"\"},\"articleSection\":\"Noticias Nacionales\",\"author\":[],\"creator\":[],\"publisher\":{\"@type\":\"Organization\",\"name\":\"Noticias\",\"logo\":\"\"},\"keywords\":[],\"dateCreated\":\"2025-12-06T22:03:44Z\",\"datePublished\":\"2025-12-06T22:03:44Z\",\"dateModified\":\"2025-12-06T22:03:44Z\"}<\/script>","tracker_url":"https:\/\/cdn.parsely.com\/keys\/noticiasya.com\/p.js"},"jetpack_featured_media_url":"","jetpack-related-posts":[{"id":1470073,"url":"https:\/\/noticiasya.com\/midland-odessa\/2026\/01\/14\/sheinbaum-tmec-trump-comercio-orix\/","url_meta":{"origin":1469034,"position":0},"title":"Tras las declaraciones de Trump sobre el T-MEC, Sheinbaum dice que est\u00e1 &#171;convencida&#187; de que la relaci\u00f3n comercial va a seguir","author":"","date":"enero 14, 2026","format":false,"excerpt":"Luego de que el presidente de Estados Unidos, Donald Trump, dijera que el tratado comercial entre su pa\u00eds, M\u00e9xico y Canad\u00e1 (T-MEC) era \u201cirrelevante\u201d, Claudia Sheinbaum se mostr\u00f3 \u201cconvencida\u201d de que las relaciones comerciales con EE.UU. se mantendr\u00e1n.\u201cEstoy convencida de que va a seguir la relaci\u00f3n comercial con Estados Unidos\u201d,\u2026","rel":"","context":"In &quot;Noticias Nacionales&quot;","block_context":{"text":"Noticias Nacionales","link":"https:\/\/noticiasya.com\/midland-odessa\/categoria\/noticias-nacionales"},"img":{"alt_text":"","src":"","width":0,"height":0},"classes":[]},{"id":1462405,"url":"https:\/\/noticiasya.com\/midland-odessa\/2025\/05\/15\/sheinbaum-carney-hablan-relacion-mexico-canada-tmec-orix\/","url_meta":{"origin":1469034,"position":1},"title":"Sheinbaum y Carney hablan sobre la relaci\u00f3n M\u00e9xico-Canad\u00e1 y &#171;la importancia&#187; del T-MEC","author":"","date":"mayo 15, 2025","format":false,"excerpt":"La presidenta de M\u00e9xico, Claudia Sheinbaum, y el primer ministro de Canad\u00e1, Mark Carney, hablaron este jueves sobre la relaci\u00f3n entre ambos pa\u00edses y el acuerdo comercial que comparten con Estados Unidos (T-MEC).El Gobierno de M\u00e9xico dijo en su cuenta de X que Sheinbaum felicit\u00f3 a Carney por el inicio\u2026","rel":"","context":"In &quot;Noticias Nacionales&quot;","block_context":{"text":"Noticias Nacionales","link":"https:\/\/noticiasya.com\/midland-odessa\/categoria\/noticias-nacionales"},"img":{"alt_text":"","src":"","width":0,"height":0},"classes":[]},{"id":1464808,"url":"https:\/\/noticiasya.com\/midland-odessa\/2025\/07\/23\/lula-da-silva-sheinbaum-relacion-comercial-brasil-mexico-orix\/","url_meta":{"origin":1469034,"position":2},"title":"Lula da Silva habla con Sheinbaum sobre ampliar la relaci\u00f3n comercial Brasil-M\u00e9xico ante el actual contexto de incertidumbre","author":"","date":"julio 23, 2025","format":false,"excerpt":"El presidente de Brasil, Luiz In\u00e1cio Lula da Silva, dijo que habl\u00f3 este mi\u00e9rcoles con la presidenta de M\u00e9xico, Claudia Sheinbaum, sobre ampliar la relaci\u00f3n comercial entre ambos pa\u00edses \u201cespecialmente en el contexto actual de incertidumbre\u201d.Lula da Silva dijo en su cuenta de X que convers\u00f3 con Sheinbaum \u201csobre la\u2026","rel":"","context":"In &quot;Noticias Nacionales&quot;","block_context":{"text":"Noticias Nacionales","link":"https:\/\/noticiasya.com\/midland-odessa\/categoria\/noticias-nacionales"},"img":{"alt_text":"","src":"","width":0,"height":0},"classes":[]},{"id":1466596,"url":"https:\/\/noticiasya.com\/midland-odessa\/2025\/09\/18\/sheinbaum-carney-t-mec-canada-mexico-orix\/","url_meta":{"origin":1469034,"position":3},"title":"Bajo cr\u00edticas de que cede ante Trump, Sheinbaum recibe a Carney para empezar a renegociar el T-MEC","author":"","date":"septiembre 18, 2025","format":false,"excerpt":"Cuando est\u00e1 por cumplir su primer a\u00f1o de Gobierno y ocho meses de un continuo estira y afloja con Estados Unidos, la presidenta de M\u00e9xico, Claudia Sheinbaum, sostiene este jueves un encuentro con su otro socio en Am\u00e9rica del Norte: Canad\u00e1.Sheinbaum recibe esta tarde al primer ministro de Canad\u00e1, Mark\u2026","rel":"","context":"In &quot;Noticias Nacionales&quot;","block_context":{"text":"Noticias Nacionales","link":"https:\/\/noticiasya.com\/midland-odessa\/categoria\/noticias-nacionales"},"img":{"alt_text":"","src":"","width":0,"height":0},"classes":[]},{"id":1465808,"url":"https:\/\/noticiasya.com\/midland-odessa\/2025\/08\/24\/cabeza-fria-subir-tono-sheinbaum-retos-relacion-trump-orix\/","url_meta":{"origin":1469034,"position":4},"title":"De mantener &#171;cabeza fr\u00eda&#187; a subir el tono, las declaraciones de Sheinbaum muestran los retos de M\u00e9xico para enfrentar a Trump","author":"","date":"agosto 24, 2025","format":false,"excerpt":"Un d\u00eda despu\u00e9s de que Donald Trump inici\u00f3 su segundo mandato en la Casa Blanca, la presidenta de M\u00e9xico, Claudia Sheinbaum, expres\u00f3 el principio que \u2014seg\u00fan dijo\u2014 guiar\u00eda la actitud de su Gobierno frente al presidente de Estados Unidos: \u201ccabeza fr\u00eda\u201d.Sheinbaum repiti\u00f3 esa frase en seis ocasiones durante su conferencia\u2026","rel":"","context":"In &quot;Noticias Nacionales&quot;","block_context":{"text":"Noticias Nacionales","link":"https:\/\/noticiasya.com\/midland-odessa\/categoria\/noticias-nacionales"},"img":{"alt_text":"","src":"","width":0,"height":0},"classes":[]},{"id":1472246,"url":"https:\/\/noticiasya.com\/midland-odessa\/2026\/03\/16\/sheinbaum-amlo-apoyo-cuba-aporte-personal-orix\/","url_meta":{"origin":1469034,"position":5},"title":"Sheinbaum reitera su respaldo al llamado de AMLO a apoyar a Cuba y dice que ella misma har\u00e1 un aporte personal","author":"","date":"marzo 16, 2026","format":false,"excerpt":"La presidenta de M\u00e9xico, Claudia Sheinbaum, volvi\u00f3 a respaldar este lunes el llamado del expresidente Andr\u00e9s Manuel L\u00f3pez Obrador (AMLO) a apoyar al pueblo de Cuba frente al bloqueo econ\u00f3mico y de combustible impuesto por Estados Unidos.\u201cM\u00e9xico fue el \u00fanico pa\u00eds, entre todas las presiones, que se opuso al bloqueo\u2026","rel":"","context":"In &quot;Noticias Nacionales&quot;","block_context":{"text":"Noticias Nacionales","link":"https:\/\/noticiasya.com\/midland-odessa\/categoria\/noticias-nacionales"},"img":{"alt_text":"","src":"","width":0,"height":0},"classes":[]}],"jetpack_sharing_enabled":true,"_links":{"self":[{"href":"https:\/\/noticiasya.com\/midland-odessa\/wp-json\/wp\/v2\/posts\/1469034","targetHints":{"allow":["GET"]}}],"collection":[{"href":"https:\/\/noticiasya.com\/midland-odessa\/wp-json\/wp\/v2\/posts"}],"about":[{"href":"https:\/\/noticiasya.com\/midland-odessa\/wp-json\/wp\/v2\/types\/post"}],"replies":[{"embeddable":true,"href":"https:\/\/noticiasya.com\/midland-odessa\/wp-json\/wp\/v2\/comments?post=1469034"}],"version-history":[{"count":0,"href":"https:\/\/noticiasya.com\/midland-odessa\/wp-json\/wp\/v2\/posts\/1469034\/revisions"}],"wp:attachment":[{"href":"https:\/\/noticiasya.com\/midland-odessa\/wp-json\/wp\/v2\/media?parent=1469034"}],"wp:term":[{"taxonomy":"category","embeddable":true,"href":"https:\/\/noticiasya.com\/midland-odessa\/wp-json\/wp\/v2\/categories?post=1469034"},{"taxonomy":"post_tag","embeddable":true,"href":"https:\/\/noticiasya.com\/midland-odessa\/wp-json\/wp\/v2\/tags?post=1469034"}],"curies":[{"name":"wp","href":"https:\/\/api.w.org\/{rel}","templated":true}]}}