{"id":1469039,"date":"2025-12-06T18:03:41","date_gmt":"2025-12-07T02:03:41","guid":{"rendered":"https:\/\/noticiasya.com\/2025\/12\/06\/opositor-venezolano-alfredo-diaz-muere-prision-orix\/"},"modified":"2025-12-06T18:03:41","modified_gmt":"2025-12-07T02:03:41","slug":"opositor-venezolano-alfredo-diaz-muere-prision-orix","status":"publish","type":"post","link":"https:\/\/noticiasya.com\/midland-odessa\/2025\/12\/06\/opositor-venezolano-alfredo-diaz-muere-prision-orix\/","title":{"rendered":"El exgobernador y opositor venezolano Alfredo D\u00edaz muere en prisi\u00f3n tras estar detenido durante un a\u00f1o"},"content":{"rendered":"<p>Alfredo D\u00edaz, dirigente pol\u00edtico opositor de Venezuela, muri\u00f3 en prisi\u00f3n tras estar detenido durante un a\u00f1o, dijo a CNN este s\u00e1bado Alejandra Mar\u00eda D\u00edaz, su hija.<\/p>\n<p>El exgobernador del estado Nueva Esparta, de 56 a\u00f1os, estaba privado de su libertad desde noviembre de 2024. Se encontraba en la sede del Servicio Bolivariano de Inteligencia Nacional (Sebin), conocida como El Helicoide, a la que fue llevado acusado de conspiraci\u00f3n, un cargo que su familia y sus abogados rechazaron desde entonces. Su familia y sus abogados tambi\u00e9n dicen que no ten\u00eda un debido proceso y que no pod\u00edan tener comunicaci\u00f3n constante con \u00e9l.<\/p>\n<p>La hija de D\u00edaz tambi\u00e9n dijo que las autoridades les informaron que muri\u00f3 de un infarto y que la familia considera que no tuvo acceso a atenci\u00f3n m\u00e9dica.<\/p>\n<p>CNN se contact\u00f3 con el Ministerio para la Comunicaci\u00f3n y la Informaci\u00f3n del Gobierno de Venezuela para pedir m\u00e1s informaci\u00f3n sobre el fallecimiento y comentarios sobre las declaraciones de los familiares de D\u00edaz, y est\u00e1 a la espera de respuesta.<\/p>\n<p>M\u00e1s tarde, el Ministerio para el Servicio Penitenciario <a href=\"https:\/\/www.instagram.com\/p\/DR8P2SWj7km\/\">public\u00f3 un comunicado<\/a> en el que confirm\u00f3 la muerte de D\u00edaz. Seg\u00fan el Ministerio, durante la ma\u00f1ana de este s\u00e1bado D\u00edaz tuvo s\u00edntomas correspondientes a un infarto y fue llevado a un hospital, donde muri\u00f3 minutos despu\u00e9s.<\/p>\n<p>\u201c(Fue) auxiliado por sus compa\u00f1eros de recinto, e inmediatamente fue atendida la emergencia por el emergenci\u00f3logo y param\u00e9dico de guardia de dicha unidad, quienes le prestaron la atenci\u00f3n m\u00e9dica primaria\u201d, dijo el Ministerio.<\/p>\n<p>\u201cEstaba siendo procesado, con plena garant\u00eda de sus derechos, de acuerdo al ordenamiento jur\u00eddico y al respeto de los derechos humanos y su defensa jur\u00eddica\u201d, agreg\u00f3, en una declaraci\u00f3n que contrasta con las de su familia.<\/p>\n<p>D\u00edaz, un reconocido l\u00edder regional y dirigente del partido opositor Acci\u00f3n Democr\u00e1tica, fue gobernador del estado Nueva Esparta, alcalde de Mari\u00f1o y concejal. Su muerte ha generado varias reacciones a lo largo de este s\u00e1bado.<\/p>\n<p>\u201cConfirmamos que la familia de Alfredo D\u00edaz ha sido notificada de su muerte mientras se encontraba bajo custodia en El Helicoide\u201d, dijo Gonzalo Himiob, vicepresidente de la ONG dedicada a la defensa de los derechos humanos Foro Penal,<a href=\"https:\/\/x.com\/HimiobSantome\/status\/1997333430057513121\"> en X<\/a>. Pidi\u00f3 que su muerte se investigue \u201cde manera objetiva e imparcial\u201d.<\/p>\n<p>La organizaci\u00f3n defensora de derechos humanos Provea tambi\u00e9n<a href=\"https:\/\/x.com\/_Provea\/status\/1997347654427443508\"> habl\u00f3 sobre la muerte<\/a> del dirigente opositor. \u201cCondenamos una nueva muerte, bajo custodia del Estado, de un preso pol\u00edtico venezolano\u201d, dijo, y exigi\u00f3 \u201cuna investigaci\u00f3n inmediata\u201d sobre los hechos.<\/p>\n<p>En<a href=\"https:\/\/cnnespanol.cnn.com\/2025\/11\/27\/venezuela\/maduro-presion-externa-oposicion-represion-quirurgica-orix\"> oportunidades anteriores<\/a>, el Gobierno de Venezuela<a href=\"https:\/\/cnnespanol.cnn.com\/2024\/10\/07\/detenidos-elecciones-venezuela-torturas-orix\"> ha insistido<\/a> en que a todos los detenidos en el pa\u00eds se les respetan los derechos humanos y el debido proceso, y ha tildado a diversos informes internacionales sobre detenciones arbitrarias de<a href=\"https:\/\/cnnespanol.cnn.com\/2025\/06\/27\/venezuela\/alto-comisionado-onu-expresa-preocupacion-derechos-humanos-orix\"> \u201cinjerencistas\u201d<\/a> y a las denuncias de<a href=\"https:\/\/cnnespanol.cnn.com\/2025\/09\/19\/latinoamerica\/desapariciones-forzadas-venezuela-estrategia-deliberada-del-gobierno-dicen-organizaciones-de-dd-hh\"> \u201cirresponsables, sesgadas y profundamente polarizadas\u201d.<\/a><\/p>\n<p>Los l\u00edderes opositores Mar\u00eda Corina Machado y Edmundo Gonz\u00e1lez Urrutia lamentaron la muerte de D\u00edaz y dijeron a trav\u00e9s de un comunicado que su caso no representa un hecho aislado.<\/p>\n<p> \u201cLa muerte de Alfredo no es un hecho aislado. Lamentablemente, se suma a una alarmante y dolorosa cadena de fallecimientos de presos pol\u00edticos detenidos en el contexto de la represi\u00f3n post-electoral del 28 de julio\u201d, se\u00f1alaron.<\/p>\n<p>\u201cA su esposa Leynys, a sus hijos, familiares, amigos, compa\u00f1eros de Acci\u00f3n Democr\u00e1tica y a todo el pueblo de Nueva Esparta, les enviamos nuestras m\u00e1s sentidas condolencias y solidaridad en este momento de inmenso dolor. Su p\u00e9rdida nos duele e indigna a todos\u201d, dijeron Machado y Gonz\u00e1lez Urrutia.<\/p>\n<p>El dirigente opositor y l\u00edder de Voluntad Popular, Leopoldo L\u00f3pez,<a href=\"https:\/\/x.com\/leopoldolopez\/status\/1997317838718009798\"> dijo en X<\/a> que \u201csu partida nos toca profundamente a quienes caminamos con \u00e9l y compartimos la lucha por la libertad\u201d.<\/p>\n<p>The-CNN-Wire<br \/>&trade; &amp; &copy; 2025 Cable News Network, Inc., a Warner Bros. Discovery Company. All rights reserved.<\/p>\n","protected":false},"excerpt":{"rendered":"<p>Alfredo D\u00edaz, dirigente pol\u00edtico opositor de Venezuela, muri\u00f3 en prisi\u00f3n tras estar detenido durante un a\u00f1o, dijo a CNN este s\u00e1bado Alejandra Mar\u00eda D\u00edaz, su hija. El exgobernador del estado Nueva Esparta, de 56 a\u00f1os, estaba privado de su libertad desde noviembre de 2024. Se encontraba en la sede del Servicio Bolivariano de Inteligencia Nacional [&hellip;]<\/p>\n","protected":false},"author":0,"featured_media":0,"comment_status":"open","ping_status":"open","sticky":false,"template":"","format":"standard","meta":{"_jetpack_memberships_contains_paid_content":false,"footnotes":""},"categories":[10],"tags":[],"class_list":["post-1469039","post","type-post","status-publish","format-standard","hentry","category-noticias-nacionales","market-global"],"yoast_head":"<!-- This site is optimized with the Yoast SEO plugin v24.4 - https:\/\/yoast.com\/wordpress\/plugins\/seo\/ -->\n<title>El exgobernador y opositor venezolano Alfredo D\u00edaz muere en prisi\u00f3n tras estar detenido durante un a\u00f1o - Noticias<\/title>\n<meta name=\"robots\" content=\"index, follow, max-snippet:-1, max-image-preview:large, max-video-preview:-1\" \/>\n<link rel=\"canonical\" href=\"https:\/\/noticiasya.com\/2025\/12\/06\/opositor-venezolano-alfredo-diaz-muere-prision-orix\/\" \/>\n<meta property=\"og:locale\" content=\"es_ES\" \/>\n<meta property=\"og:type\" content=\"article\" \/>\n<meta property=\"og:title\" content=\"El exgobernador y opositor venezolano Alfredo D\u00edaz muere en prisi\u00f3n tras estar detenido durante un a\u00f1o - Noticias\" \/>\n<meta property=\"og:description\" content=\"Alfredo D\u00edaz, dirigente pol\u00edtico opositor de Venezuela, muri\u00f3 en prisi\u00f3n tras estar detenido durante un a\u00f1o, dijo a CNN este s\u00e1bado Alejandra Mar\u00eda D\u00edaz, su hija. El exgobernador del estado Nueva Esparta, de 56 a\u00f1os, estaba privado de su libertad desde noviembre de 2024. Se encontraba en la sede del Servicio Bolivariano de Inteligencia Nacional [&hellip;]\" \/>\n<meta property=\"og:url\" content=\"https:\/\/noticiasya.com\/2025\/12\/06\/opositor-venezolano-alfredo-diaz-muere-prision-orix\/\" \/>\n<meta property=\"og:site_name\" content=\"Noticias\" \/>\n<meta property=\"article:published_time\" content=\"2025-12-07T02:03:41+00:00\" \/>\n<meta name=\"twitter:card\" content=\"summary_large_image\" \/>\n<meta name=\"twitter:label1\" content=\"Est. reading time\" \/>\n\t<meta name=\"twitter:data1\" content=\"3 minutos\" \/>\n<script type=\"application\/ld+json\" class=\"yoast-schema-graph\">{\"@context\":\"https:\/\/schema.org\",\"@graph\":[{\"@type\":\"Article\",\"@id\":\"https:\/\/noticiasya.com\/2025\/12\/06\/opositor-venezolano-alfredo-diaz-muere-prision-orix\/#article\",\"isPartOf\":{\"@id\":\"https:\/\/noticiasya.com\/2025\/12\/06\/opositor-venezolano-alfredo-diaz-muere-prision-orix\/\"},\"author\":{\"name\":\"\",\"@id\":\"\"},\"headline\":\"El exgobernador y opositor venezolano Alfredo D\u00edaz muere en prisi\u00f3n tras estar detenido durante un a\u00f1o\",\"datePublished\":\"2025-12-07T02:03:41+00:00\",\"mainEntityOfPage\":{\"@id\":\"https:\/\/noticiasya.com\/2025\/12\/06\/opositor-venezolano-alfredo-diaz-muere-prision-orix\/\"},\"wordCount\":700,\"commentCount\":0,\"publisher\":{\"@id\":\"https:\/\/noticiasya.com\/#organization\"},\"articleSection\":[\"Noticias Nacionales\"],\"inLanguage\":\"es\",\"potentialAction\":[{\"@type\":\"CommentAction\",\"name\":\"Comment\",\"target\":[\"https:\/\/noticiasya.com\/2025\/12\/06\/opositor-venezolano-alfredo-diaz-muere-prision-orix\/#respond\"]}]},{\"@type\":\"WebPage\",\"@id\":\"https:\/\/noticiasya.com\/2025\/12\/06\/opositor-venezolano-alfredo-diaz-muere-prision-orix\/\",\"url\":\"https:\/\/noticiasya.com\/2025\/12\/06\/opositor-venezolano-alfredo-diaz-muere-prision-orix\/\",\"name\":\"El exgobernador y opositor venezolano Alfredo D\u00edaz muere en prisi\u00f3n tras estar detenido durante un a\u00f1o - Noticias\",\"isPartOf\":{\"@id\":\"https:\/\/noticiasya.com\/#website\"},\"datePublished\":\"2025-12-07T02:03:41+00:00\",\"breadcrumb\":{\"@id\":\"https:\/\/noticiasya.com\/2025\/12\/06\/opositor-venezolano-alfredo-diaz-muere-prision-orix\/#breadcrumb\"},\"inLanguage\":\"es\",\"potentialAction\":[{\"@type\":\"ReadAction\",\"target\":[\"https:\/\/noticiasya.com\/2025\/12\/06\/opositor-venezolano-alfredo-diaz-muere-prision-orix\/\"]}]},{\"@type\":\"BreadcrumbList\",\"@id\":\"https:\/\/noticiasya.com\/2025\/12\/06\/opositor-venezolano-alfredo-diaz-muere-prision-orix\/#breadcrumb\",\"itemListElement\":[{\"@type\":\"ListItem\",\"position\":1,\"name\":\"Home\",\"item\":\"https:\/\/noticiasya.com\/\"},{\"@type\":\"ListItem\",\"position\":2,\"name\":\"El exgobernador y opositor venezolano Alfredo D\u00edaz muere en prisi\u00f3n tras estar detenido durante un a\u00f1o\"}]},{\"@type\":\"WebSite\",\"@id\":\"https:\/\/noticiasya.com\/#website\",\"url\":\"https:\/\/noticiasya.com\/\",\"name\":\"Noticias\",\"description\":\"Lo que importa\",\"publisher\":{\"@id\":\"https:\/\/noticiasya.com\/#organization\"},\"potentialAction\":[{\"@type\":\"SearchAction\",\"target\":{\"@type\":\"EntryPoint\",\"urlTemplate\":\"https:\/\/noticiasya.com\/?s={search_term_string}\"},\"query-input\":{\"@type\":\"PropertyValueSpecification\",\"valueRequired\":true,\"valueName\":\"search_term_string\"}}],\"inLanguage\":\"es\"},{\"@type\":\"Organization\",\"@id\":\"https:\/\/noticiasya.com\/#organization\",\"name\":\"Noticias\",\"url\":\"https:\/\/noticiasya.com\/\",\"logo\":{\"@type\":\"ImageObject\",\"inLanguage\":\"es\",\"@id\":\"https:\/\/noticiasya.com\/#\/schema\/logo\/image\/\",\"url\":\"https:\/\/noticiasya.com\/wp-content\/uploads\/sites\/22\/2023\/12\/logo-nacional.png\",\"contentUrl\":\"https:\/\/noticiasya.com\/wp-content\/uploads\/sites\/22\/2023\/12\/logo-nacional.png\",\"width\":1801,\"height\":691,\"caption\":\"Noticias\"},\"image\":{\"@id\":\"https:\/\/noticiasya.com\/#\/schema\/logo\/image\/\"}}]}<\/script>\n<!-- \/ Yoast SEO plugin. -->","yoast_head_json":{"title":"El exgobernador y opositor venezolano Alfredo D\u00edaz muere en prisi\u00f3n tras estar detenido durante un a\u00f1o - Noticias","robots":{"index":"index","follow":"follow","max-snippet":"max-snippet:-1","max-image-preview":"max-image-preview:large","max-video-preview":"max-video-preview:-1"},"canonical":"https:\/\/noticiasya.com\/2025\/12\/06\/opositor-venezolano-alfredo-diaz-muere-prision-orix\/","og_locale":"es_ES","og_type":"article","og_title":"El exgobernador y opositor venezolano Alfredo D\u00edaz muere en prisi\u00f3n tras estar detenido durante un a\u00f1o - Noticias","og_description":"Alfredo D\u00edaz, dirigente pol\u00edtico opositor de Venezuela, muri\u00f3 en prisi\u00f3n tras estar detenido durante un a\u00f1o, dijo a CNN este s\u00e1bado Alejandra Mar\u00eda D\u00edaz, su hija. El exgobernador del estado Nueva Esparta, de 56 a\u00f1os, estaba privado de su libertad desde noviembre de 2024. Se encontraba en la sede del Servicio Bolivariano de Inteligencia Nacional [&hellip;]","og_url":"https:\/\/noticiasya.com\/2025\/12\/06\/opositor-venezolano-alfredo-diaz-muere-prision-orix\/","og_site_name":"Noticias","article_published_time":"2025-12-07T02:03:41+00:00","twitter_card":"summary_large_image","twitter_misc":{"Est. reading time":"3 minutos"},"schema":{"@context":"https:\/\/schema.org","@graph":[{"@type":"Article","@id":"https:\/\/noticiasya.com\/2025\/12\/06\/opositor-venezolano-alfredo-diaz-muere-prision-orix\/#article","isPartOf":{"@id":"https:\/\/noticiasya.com\/2025\/12\/06\/opositor-venezolano-alfredo-diaz-muere-prision-orix\/"},"author":{"name":"","@id":""},"headline":"El exgobernador y opositor venezolano Alfredo D\u00edaz muere en prisi\u00f3n tras estar detenido durante un a\u00f1o","datePublished":"2025-12-07T02:03:41+00:00","mainEntityOfPage":{"@id":"https:\/\/noticiasya.com\/2025\/12\/06\/opositor-venezolano-alfredo-diaz-muere-prision-orix\/"},"wordCount":700,"commentCount":0,"publisher":{"@id":"https:\/\/noticiasya.com\/#organization"},"articleSection":["Noticias Nacionales"],"inLanguage":"es","potentialAction":[{"@type":"CommentAction","name":"Comment","target":["https:\/\/noticiasya.com\/2025\/12\/06\/opositor-venezolano-alfredo-diaz-muere-prision-orix\/#respond"]}]},{"@type":"WebPage","@id":"https:\/\/noticiasya.com\/2025\/12\/06\/opositor-venezolano-alfredo-diaz-muere-prision-orix\/","url":"https:\/\/noticiasya.com\/2025\/12\/06\/opositor-venezolano-alfredo-diaz-muere-prision-orix\/","name":"El exgobernador y opositor venezolano Alfredo D\u00edaz muere en prisi\u00f3n tras estar detenido durante un a\u00f1o - Noticias","isPartOf":{"@id":"https:\/\/noticiasya.com\/#website"},"datePublished":"2025-12-07T02:03:41+00:00","breadcrumb":{"@id":"https:\/\/noticiasya.com\/2025\/12\/06\/opositor-venezolano-alfredo-diaz-muere-prision-orix\/#breadcrumb"},"inLanguage":"es","potentialAction":[{"@type":"ReadAction","target":["https:\/\/noticiasya.com\/2025\/12\/06\/opositor-venezolano-alfredo-diaz-muere-prision-orix\/"]}]},{"@type":"BreadcrumbList","@id":"https:\/\/noticiasya.com\/2025\/12\/06\/opositor-venezolano-alfredo-diaz-muere-prision-orix\/#breadcrumb","itemListElement":[{"@type":"ListItem","position":1,"name":"Home","item":"https:\/\/noticiasya.com\/"},{"@type":"ListItem","position":2,"name":"El exgobernador y opositor venezolano Alfredo D\u00edaz muere en prisi\u00f3n tras estar detenido durante un a\u00f1o"}]},{"@type":"WebSite","@id":"https:\/\/noticiasya.com\/#website","url":"https:\/\/noticiasya.com\/","name":"Noticias","description":"Lo que importa","publisher":{"@id":"https:\/\/noticiasya.com\/#organization"},"potentialAction":[{"@type":"SearchAction","target":{"@type":"EntryPoint","urlTemplate":"https:\/\/noticiasya.com\/?s={search_term_string}"},"query-input":{"@type":"PropertyValueSpecification","valueRequired":true,"valueName":"search_term_string"}}],"inLanguage":"es"},{"@type":"Organization","@id":"https:\/\/noticiasya.com\/#organization","name":"Noticias","url":"https:\/\/noticiasya.com\/","logo":{"@type":"ImageObject","inLanguage":"es","@id":"https:\/\/noticiasya.com\/#\/schema\/logo\/image\/","url":"https:\/\/noticiasya.com\/wp-content\/uploads\/sites\/22\/2023\/12\/logo-nacional.png","contentUrl":"https:\/\/noticiasya.com\/wp-content\/uploads\/sites\/22\/2023\/12\/logo-nacional.png","width":1801,"height":691,"caption":"Noticias"},"image":{"@id":"https:\/\/noticiasya.com\/#\/schema\/logo\/image\/"}}]}},"parsely":{"version":"1.1.0","canonical_url":"https:\/\/noticiasya.com\/midland-odessa\/2025\/12\/06\/opositor-venezolano-alfredo-diaz-muere-prision-orix\/","smart_links":{"inbound":0,"outbound":0},"traffic_boost_suggestions_count":0,"meta":{"@context":"https:\/\/schema.org","@type":"NewsArticle","headline":"El exgobernador y opositor venezolano Alfredo D\u00edaz muere en prisi\u00f3n tras estar detenido durante un a\u00f1o","url":"http:\/\/noticiasya.com\/midland-odessa\/2025\/12\/06\/opositor-venezolano-alfredo-diaz-muere-prision-orix\/","mainEntityOfPage":{"@type":"WebPage","@id":"http:\/\/noticiasya.com\/midland-odessa\/2025\/12\/06\/opositor-venezolano-alfredo-diaz-muere-prision-orix\/"},"thumbnailUrl":"","image":{"@type":"ImageObject","url":""},"articleSection":"Noticias Nacionales","author":[],"creator":[],"publisher":{"@type":"Organization","name":"Noticias","logo":""},"keywords":[],"dateCreated":"2025-12-07T02:03:41Z","datePublished":"2025-12-07T02:03:41Z","dateModified":"2025-12-07T02:03:41Z"},"rendered":"<script type=\"application\/ld+json\" class=\"wp-parsely-metadata\">{\"@context\":\"https:\\\/\\\/schema.org\",\"@type\":\"NewsArticle\",\"headline\":\"El exgobernador y opositor venezolano Alfredo D\\u00edaz muere en prisi\\u00f3n tras estar detenido durante un a\\u00f1o\",\"url\":\"http:\\\/\\\/noticiasya.com\\\/midland-odessa\\\/2025\\\/12\\\/06\\\/opositor-venezolano-alfredo-diaz-muere-prision-orix\\\/\",\"mainEntityOfPage\":{\"@type\":\"WebPage\",\"@id\":\"http:\\\/\\\/noticiasya.com\\\/midland-odessa\\\/2025\\\/12\\\/06\\\/opositor-venezolano-alfredo-diaz-muere-prision-orix\\\/\"},\"thumbnailUrl\":\"\",\"image\":{\"@type\":\"ImageObject\",\"url\":\"\"},\"articleSection\":\"Noticias Nacionales\",\"author\":[],\"creator\":[],\"publisher\":{\"@type\":\"Organization\",\"name\":\"Noticias\",\"logo\":\"\"},\"keywords\":[],\"dateCreated\":\"2025-12-07T02:03:41Z\",\"datePublished\":\"2025-12-07T02:03:41Z\",\"dateModified\":\"2025-12-07T02:03:41Z\"}<\/script>","tracker_url":"https:\/\/cdn.parsely.com\/keys\/noticiasya.com\/p.js"},"jetpack_featured_media_url":"","jetpack-related-posts":[{"id":1466548,"url":"https:\/\/noticiasya.com\/midland-odessa\/2025\/09\/17\/viuda-navalny-pruebas-opositor-ruso-envenenado-prision-trax\/","url_meta":{"origin":1469039,"position":0},"title":"La viuda de Navalny afirma que las pruebas de laboratorio demuestran que el opositor ruso fue envenenado en prisi\u00f3n","author":"","date":"septiembre 17, 2025","format":false,"excerpt":"Las pruebas de laboratorio de muestras contrabandeadas tomadas del difunto l\u00edder opositor ruso Alexey Navalny muestran que fue envenenado cuando estaba encarcelado en una colonia penal siberiana, dijo su viuda Yulia Navalnaya.Las pruebas fueron realizadas de forma independiente por dos laboratorios distintos en el extranjero y ambos llegaron a la\u2026","rel":"","context":"In &quot;Noticias Nacionales&quot;","block_context":{"text":"Noticias Nacionales","link":"https:\/\/noticiasya.com\/midland-odessa\/categoria\/noticias-nacionales"},"img":{"alt_text":"","src":"","width":0,"height":0},"classes":[]},{"id":1468947,"url":"https:\/\/noticiasya.com\/midland-odessa\/2025\/12\/03\/condenan-yerno-edmundo-gonzalez-prision-orix\/","url_meta":{"origin":1469039,"position":1},"title":"Condenan al yerno de Edmundo Gonz\u00e1lez a 30 a\u00f1os de prisi\u00f3n en Venezuela, dice su familia","author":"","date":"diciembre 3, 2025","format":false,"excerpt":"Rafael Tudares, yerno del excandidato presidencial opositor venezolano Edmundo Gonz\u00e1lez Urrutia, fue condenado en Venezuela a 30 a\u00f1os de prisi\u00f3n por conspiraci\u00f3n y otros delitos, dijo este mi\u00e9rcoles su familia, que descalific\u00f3 el proceso penal en su contra, se\u00f1al\u00f3 que no fue informada sobre los cargos espec\u00edficos y asegur\u00f3 que\u2026","rel":"","context":"In &quot;Noticias Nacionales&quot;","block_context":{"text":"Noticias Nacionales","link":"https:\/\/noticiasya.com\/midland-odessa\/categoria\/noticias-nacionales"},"img":{"alt_text":"","src":"","width":0,"height":0},"classes":[]},{"id":1460890,"url":"https:\/\/noticiasya.com\/midland-odessa\/2025\/04\/06\/adolescente-palestino-muerte-prision-israeli-desnutricion-autopsia-trax\/","url_meta":{"origin":1469039,"position":2},"title":"Adolescente palestino muri\u00f3 en una prisi\u00f3n israel\u00ed tras sufrir &#171;probable desnutrici\u00f3n prolongada&#187;, seg\u00fan revela la autopsia","author":"","date":"abril 6, 2025","format":false,"excerpt":"Un adolescente palestino de 17 a\u00f1os muri\u00f3 tras sufrir \u201cprobable desnutrici\u00f3n prolongada\u201d en una prisi\u00f3n de Israel, seg\u00fan una autopsia realizada por un pat\u00f3logo israel\u00ed.El adolescente, Walid Khalid Ahmad, es el primer menor que ha muerto bajo custodia israel\u00ed desde que comenz\u00f3 el conflicto entre Hamas e Israel en octubre\u2026","rel":"","context":"In &quot;Noticias Nacionales&quot;","block_context":{"text":"Noticias Nacionales","link":"https:\/\/noticiasya.com\/midland-odessa\/categoria\/noticias-nacionales"},"img":{"alt_text":"","src":"","width":0,"height":0},"classes":[]},{"id":1455857,"url":"https:\/\/noticiasya.com\/midland-odessa\/2024\/11\/15\/venezuela-lamenta-el-fallecimiento-en-prision-jesus-manuel-martinez-medina-orix\/","url_meta":{"origin":1469039,"position":3},"title":"El Ministerio P\u00fablico de Venezuela lamenta el fallecimiento en prisi\u00f3n preventiva de opositor","author":"","date":"noviembre 15, 2024","format":false,"excerpt":"(CNN) -- El Ministerio P\u00fablico de Venezuela lament\u00f3 este viernes el fallecimiento en prisi\u00f3n preventiva de Jes\u00fas Manuel Mart\u00ednez Medina, miembro del partido opositor Vente Venezuela y testigo en los comicios del 28 de julio, quien estaba detenido desde el 2 de agosto acusado de haber participado en hechos violentos\u2026","rel":"","context":"In &quot;Noticias Nacionales&quot;","block_context":{"text":"Noticias Nacionales","link":"https:\/\/noticiasya.com\/midland-odessa\/categoria\/noticias-nacionales"},"img":{"alt_text":"","src":"","width":0,"height":0},"classes":[]},{"id":1464840,"url":"https:\/\/noticiasya.com\/midland-odessa\/2025\/07\/25\/pastor-maryland-detenido-ice-visa-trax\/","url_meta":{"origin":1469039,"position":4},"title":"ICE detiene a pastor de Maryland, padre de 3 hijos sin antecedentes penales, por exceder el tiempo de su visa","author":"","date":"julio 25, 2025","format":false,"excerpt":"Un pastor de Maryland, que huy\u00f3 de Honduras para escapar de la pobreza y la violencia hace 24 a\u00f1os, fue arrestado el lunes por un agente de Inmigraci\u00f3n y Control de Aduanas (ICE) por exceder el tiempo de su visa, seg\u00fan su familia.Daniel Fuentes Espinal de 54 a\u00f1os, padre de\u2026","rel":"","context":"In &quot;Noticias Nacionales&quot;","block_context":{"text":"Noticias Nacionales","link":"https:\/\/noticiasya.com\/midland-odessa\/categoria\/noticias-nacionales"},"img":{"alt_text":"","src":"","width":0,"height":0},"classes":[]},{"id":1471023,"url":"https:\/\/noticiasya.com\/midland-odessa\/2026\/02\/09\/detencion-opositor-juan-pablo-guanipa-orix\/","url_meta":{"origin":1469039,"position":5},"title":"\u00bfQu\u00e9 pas\u00f3 con el dirigente opositor venezolano Juan Pablo Guanipa, nuevamente detenido tras su excarcelaci\u00f3n?","author":"","date":"febrero 9, 2026","format":false,"excerpt":"El dirigente opositor venezolano Juan Pablo Guanipa fue detenido la noche del domingo en Caracas solo unas horas despu\u00e9s de ser excarcelado, en la primera vez que se conoce que uno de los presos pol\u00edticos que sali\u00f3 de prisi\u00f3n vuelve tras las rejas desde que el chavismo anunci\u00f3 el 8\u2026","rel":"","context":"In &quot;Noticias Nacionales&quot;","block_context":{"text":"Noticias Nacionales","link":"https:\/\/noticiasya.com\/midland-odessa\/categoria\/noticias-nacionales"},"img":{"alt_text":"","src":"","width":0,"height":0},"classes":[]}],"jetpack_sharing_enabled":true,"_links":{"self":[{"href":"https:\/\/noticiasya.com\/midland-odessa\/wp-json\/wp\/v2\/posts\/1469039","targetHints":{"allow":["GET"]}}],"collection":[{"href":"https:\/\/noticiasya.com\/midland-odessa\/wp-json\/wp\/v2\/posts"}],"about":[{"href":"https:\/\/noticiasya.com\/midland-odessa\/wp-json\/wp\/v2\/types\/post"}],"replies":[{"embeddable":true,"href":"https:\/\/noticiasya.com\/midland-odessa\/wp-json\/wp\/v2\/comments?post=1469039"}],"version-history":[{"count":0,"href":"https:\/\/noticiasya.com\/midland-odessa\/wp-json\/wp\/v2\/posts\/1469039\/revisions"}],"wp:attachment":[{"href":"https:\/\/noticiasya.com\/midland-odessa\/wp-json\/wp\/v2\/media?parent=1469039"}],"wp:term":[{"taxonomy":"category","embeddable":true,"href":"https:\/\/noticiasya.com\/midland-odessa\/wp-json\/wp\/v2\/categories?post=1469039"},{"taxonomy":"post_tag","embeddable":true,"href":"https:\/\/noticiasya.com\/midland-odessa\/wp-json\/wp\/v2\/tags?post=1469039"}],"curies":[{"name":"wp","href":"https:\/\/api.w.org\/{rel}","templated":true}]}}