{"id":1469042,"date":"2025-12-06T21:03:42","date_gmt":"2025-12-07T05:03:42","guid":{"rendered":"https:\/\/noticiasya.com\/2025\/12\/06\/transformacion-centro-kennedy-trump-trax\/"},"modified":"2025-12-06T21:03:42","modified_gmt":"2025-12-07T05:03:42","slug":"transformacion-centro-kennedy-trump-trax","status":"publish","type":"post","link":"https:\/\/noticiasya.com\/midland-odessa\/2025\/12\/06\/transformacion-centro-kennedy-trump-trax\/","title":{"rendered":"As\u00ed ha sido la transformaci\u00f3n del Centro Kennedy por parte de Trump"},"content":{"rendered":"<p>El presidente Donald Trump a\u00fan no ha puesto su nombre en el <a href=\"https:\/\/cnnespanol.cnn.com\/2025\/08\/16\/eeuu\/policia-kennedy-center-trump-transformar-washington-trax\">Centro Kennedy<\/a>, pero ya lo ha adaptado a su gusto.<\/p>\n<p>A solo d\u00edas de participar en el sorteo de la Copa Mundial de la FIFA en el escenario \u2014y de <a href=\"https:\/\/cnnespanol.cnn.com\/2025\/12\/05\/deportes\/video\/premio-paz-trump-fifa-mundial-deportes-orix\">aceptar el primer<\/a> Premio de la Paz de la FIFA\u2014, se espera que Trump sea el anfitri\u00f3n de los Premios del Centro Kennedy para Sylvester Stallone, la banda de rock KISS y Gloria Gaynor, entre otros.<\/p>\n<p>M\u00e1s adelante este mes, reunir\u00e1 a la junta directiva del centro, que \u00e9l preside, en Palm Beach, Florida \u2014a casi 1.600 kil\u00f3metros de la sede de la instituci\u00f3n en Washington\u2014 para una \u201cagenda completa de eventos\u201d, seg\u00fan una invitaci\u00f3n obtenida por CNN.<\/p>\n<p>La reuni\u00f3n externa del 18 de diciembre y los eventos centrados en Trump ponen de relieve c\u00f3mo el presidente ha buscado dejar su huella en la instituci\u00f3n cultural m\u00e1s destacada del pa\u00eds: reestructurando su liderazgo, asegurando fondos multimillonarios del Congreso para renovaciones y reimaginando su programaci\u00f3n. Las medidas han provocado una profunda conmoci\u00f3n interna y han suscitado el escrutinio de legisladores dem\u00f3cratas, miembros de la comunidad art\u00edstica y exempleados del Centro Kennedy.<\/p>\n<p>Esos cambios, tanto tem\u00e1ticos como superficiales, tambi\u00e9n reflejan los esfuerzos m\u00e1s amplios de Trump por <a href=\"https:\/\/cnnespanol.cnn.com\/2025\/08\/02\/eeuu\/astas-banderas-salon-baile-200-millones-proyecto-legado-trump-casa-blanca-trax\">reestructurar Washington<\/a>.<\/p>\n<p>Las reuniones de la junta, dice un asistente, son un reflejo de las reuniones del gabinete de Trump, con miembros que hablan de \u201clo grandioso y visionario que es el presidente, de su gran clase y buen gusto\u201d.<\/p>\n<p>La toma de control de Trump del Centro Kennedy comenz\u00f3 temprano. D\u00edas despu\u00e9s de regresar al cargo, anunci\u00f3 un <a href=\"https:\/\/cnnespanol.cnn.com\/2025\/02\/08\/eeuu\/trump-desmantelar-centro-kennedy-trax\">plan agresivo para desmantelar<\/a> la junta directiva existente y destituir a su presidente, el fil\u00e1ntropo multimillonario David Rubenstein.<\/p>\n<p>Instal\u00f3 a un grupo de leales; incluyendo al nuevo presidente Richard Grenell, su embajador en Alemania durante su primera gesti\u00f3n, quien ha estado reevaluando la programaci\u00f3n y dirigi\u00e9ndola \u201cpara las masas\u201d. Grenell ha reducido el personal existente, contratado aliados pol\u00edticos y exigido una \u201cpol\u00edtica de equilibrio\u201d para cada espect\u00e1culo y alquiler de instalaciones.<\/p>\n<p>Y mientras Trump impone su gusto est\u00e9tico en Washington, el Centro Kennedy no ha sido la excepci\u00f3n. Su \u201cgran y hermoso proyecto de ley\u201d incluy\u00f3 US$ 257 millones para \u201cgastos necesarios de reparaci\u00f3n de capital, restauraci\u00f3n, mantenimiento atrasado y estructuras de seguridad\u201d. Trump ha promocionado la restauraci\u00f3n del m\u00e1rmol exterior, las sillas interiores y los escenarios \u201ccompletamente\u201d renovados, que seg\u00fan \u00e9l estar\u00e1n listos en un a\u00f1o.<\/p>\n<p>Los cambios tambi\u00e9n se extienden al escenario, ya que el presidente ha buscado implementar una \u201cVisi\u00f3n para una Edad de Oro en las Artes y la Cultura\u201d, afirmando que el \u201cCentro Trump Kennedy\u201d \u2014como lo ha llamado repetidamente\u2014 \u201cno va a ser progresista\u201d.<\/p>\n<p>La culminaci\u00f3n es la ceremonia de los Honores del Centro Kennedy de este fin de semana, un evento al que Trump no asisti\u00f3 durante su primer mandato.<\/p>\n<p>El presidente, que anunci\u00f3 a los homenajeados de este a\u00f1o en agosto, dijo que estuvo \u201c98 % involucrado\u201d en la elecci\u00f3n de los galardonados, quienes normalmente ser\u00edan determinados por un comit\u00e9 de artistas, recomendaciones de la junta y la solicitud del p\u00fablico, seg\u00fan un exempleado.<\/p>\n<p>Como en a\u00f1os anteriores, los homenajeados ser\u00e1n celebrados con segmentos que contar\u00e1n con invitados especiales y recibir\u00e1n medallas, aunque los premios han sido redise\u00f1ados para eliminar su distintiva cinta arco\u00edris.<\/p>\n<p>Las funciones del presidente como anfitri\u00f3n podr\u00edan ser m\u00e1s limitadas durante el evento, que se grabar\u00e1 este domingo y se emitir\u00e1 a finales de este mes por CBS, seg\u00fan una fuente familiarizada con el asunto.<\/p>\n<p>Paramount, la empresa matriz de CBS, no respondi\u00f3 a la solicitud de comentarios de CNN, pero un funcionario de la Casa Blanca dijo que el presidente Donald Trump desempe\u00f1a un papel fundamental.<\/p>\n<p>Mientras Trump entregaba los premios a la \u00faltima generaci\u00f3n de homenajeados del Centro Kennedy en una ceremonia la noche de este s\u00e1bado en el Despacho Oval, reflexion\u00f3 sobre los cambios de su Gobierno en la instituci\u00f3n art\u00edstica. \u201cComo saben, el edificio est\u00e1 siendo renovado\u2026 Vamos a hacer algo realmente especial\u201d, dijo.<\/p>\n<p>Los cambios del presidente no han sido bien recibidos por exempleados, quienes han descrito presiones pol\u00edticas y un cambio fundamental en los valores bajo el Gobierno de Trump, lo cual, afirman, tambi\u00e9n afecta sus finanzas.<\/p>\n<p>En esta temporada navide\u00f1a, la baja venta de boletos ha impactado a \u201cEl cascanueces\u201d, hist\u00f3ricamente uno de los eventos m\u00e1s populares del centro. Aproximadamente 10.000 entradas se vendieron para la producci\u00f3n de este a\u00f1o en siete funciones, en comparaci\u00f3n con alrededor de 15.000 entradas en las funciones de 2021 a 2024, seg\u00fan datos internos de ventas revisados por CNN.<\/p>\n<p>El Centro Kennedy ofreci\u00f3 aproximadamente cinco veces m\u00e1s boletos de cortes\u00eda para las funciones de este a\u00f1o que en los \u00faltimos cuatro a\u00f1os, seg\u00fan los datos. Y el espect\u00e1culo de este a\u00f1o ha quedado corto en aproximadamente US$ 500.0000 por debajo de su meta presupuestada de ingresos de US$ 1,5 millones.<\/p>\n<p>Una fuente del Centro Kennedy, que prefiri\u00f3 el anonimato para hablar con libertad, desestim\u00f3 las preocupaciones sobre esas ventas. \u201cVender cada boleto de \u2018El cascanueces\u2019 no cubre tus gastos. Tenemos 19 sindicatos aqu\u00ed. Los costos de producci\u00f3n son enormes\u201d, dijo la fuente a CNN, y agreg\u00f3 que, bajo el nuevo modelo de equilibrio, se requerir\u00eda un patrocinador para compensar la diferencia.<\/p>\n<p>Pero hay preocupaciones m\u00e1s profundas sobre la p\u00e9rdida de ingresos, ya que tanto artistas como p\u00fablico buscan otros lugares. Artistas como Issa Rae, Ren\u00e9e Fleming, Shonda Rhimes y Ben Folds renunciaron a sus cargos de liderazgo o cancelaron eventos en el espacio. Y Jeffrey Seller, productor del exitoso musical \u201cHamilton\u201d, cancel\u00f3 la temporada planeada del espect\u00e1culo a inicios de este a\u00f1o.<\/p>\n<p>\u201cUno de los salvavidas financieros del centro es Broadway\u201d, dijo un exempleado. \u201cLas giras de Broadway est\u00e1n evaluando d\u00f3nde deber\u00edan presentarse y, en muchos casos, eligen no hacerlo en el Centro Kennedy\u201d.<\/p>\n<p>La fuente del Centro Kennedy se\u00f1al\u00f3 un reciente <a href=\"https:\/\/www.nytimes.com\/2025\/09\/22\/theater\/broadway-musicals-finances.html\">informe del New York Times<\/a> sobre la baja rentabilidad de Broadway. La mayor\u00eda de las producciones que se han cancelado, dijo la fuente, no pudieron o no quisieron buscar un patrocinador corporativo para compensar la diferencia de rentabilidad.<\/p>\n<p>\u201cLas personas que cancelan usualmente lo hacen por motivos financieros, porque quer\u00edan que pag\u00e1ramos la cuenta, o eran de extrema izquierda\u201d, dijo.<\/p>\n<p>El centro tambi\u00e9n se enfrenta al escrutinio de los dem\u00f3cratas del Congreso, que financian las instalaciones. Los ingresos provienen de una combinaci\u00f3n de venta de entradas, alquileres y servicios auxiliares como alimentos, bebidas y estacionamiento, mientras que los donantes aportan el resto, seg\u00fan la fuente familiarizada con el asunto.<\/p>\n<p>El senador Sheldon Whitehouse, el dem\u00f3crata de mayor rango en la Comisi\u00f3n de Medio Ambiente y Obras P\u00fablicas, inici\u00f3 una investigaci\u00f3n sobre la gesti\u00f3n del centro, alegando que se est\u00e1 \u201cutilizando como un fondo discrecional y club privado para los amigos y aliados pol\u00edticos de Trump\u201d.<\/p>\n<p>La Casa Blanca ha defendido la gesti\u00f3n de Trump, y la portavoz Liz Huston dijo que el presidente est\u00e1 \u201crestaurando el Centro Kennedy como la joya de la corona de las artes y la cultura en la capital de nuestra naci\u00f3n\u201d.<\/p>\n<p>Y la portavoz del Centro Kennedy, Roma Daravi, destac\u00f3 la recaudaci\u00f3n de fondos del equipo, especialmente entre los donantes corporativos. Dijo a CNN que han recaudado US$ 131 millones bajo la supervisi\u00f3n de Grenell despu\u00e9s de desmantelar el equipo de desarrollo existente.<\/p>\n<p>Bajo la direcci\u00f3n de Grenell, el Centro Kennedy ha albergado eventos para la Fundaci\u00f3n de la Uni\u00f3n Conservadora Estadounidense, el estreno de una pel\u00edcula producida por Christian Broadcasting Network, \u201cThe Revival Generation\u201d, y un homenaje para el fallecido activista conservador Charlie Kirk. Y aunque Grenell ha dicho repetidamente que est\u00e1 trabajando para transformar el recinto en un lugar donde \u201ctodos sean bienvenidos\u201d, exempleados dicen que no ha sido as\u00ed.<\/p>\n<p>\u201cNos preguntaban espec\u00edficamente si alguno de los artistas era trans. Nunca dijeron expl\u00edcitamente \u2018No lo hagan\u2019, pero imposibilitaban que los artistas trans y gay pudieran venir de forma segura\u201d, dijo Marc Bamuthi Joseph, exjefe del equipo de impacto social del Centro Kennedy, quien fue despedido despu\u00e9s de que Trump asumiera el cargo.<\/p>\n<p>El efecto fue inmediato. \u201cEn esos primeros meses, hubo muchos artistas que decidieron simplemente no venir\u201d, dijo.<\/p>\n<p>Una de las p\u00e9rdidas m\u00e1s significativas, se\u00f1al\u00f3, se produjo cuando el Teatro de Danza Estadounidense Alvin Ailey, un pilar del Centro Kennedy durante d\u00e9cadas, se neg\u00f3 a regresar.<\/p>\n<p>\u201cNo solo pierdes la compa\u00f1\u00eda de danza m\u00e1s prestigiosa y longeva de Estados Unidos, sino que tambi\u00e9n pierdes a esos p\u00fablicos. Literalmente est\u00e1s sacando la cultura del lugar\u201d, dijo Joseph.<\/p>\n<p>Al ser consultado, Grenell calific\u00f3 a Joseph de \u201cextrema izquierda\u201d.<\/p>\n<p>El sorteo de la Copa Mundial de la FIFA del viernes desplaz\u00f3 la programaci\u00f3n art\u00edstica previamente agendada, incluida la Orquesta Sinf\u00f3nica Nacional residente y una producci\u00f3n de la \u201cSinfon\u00eda N.\u00ba 6\u201d de Gustav Mahler.<\/p>\n<p>Se estima que su costo para el Centro Kennedy super\u00f3 los US$ 5 millones, seg\u00fan un documento interno obtenido y publicado por la Casa Blanca. La fuente del sitio art\u00edstico dijo que el centro \u201cgan\u00f3 much\u00edsimo dinero con la FIFA\u201d, y le dijo a CNN que recaud\u00f3 US$ 7,4 millones, m\u00e1s gastos, pero no proporcion\u00f3 un desglose ni documentaci\u00f3n.<\/p>\n<p>Aun as\u00ed, en conversaciones con CNN, varios defensores del arte expresaron su preocupaci\u00f3n por la insistencia de Grenell de que toda la programaci\u00f3n debe equilibrarse financieramente, se\u00f1alando que el Centro Kennedy es una entidad sin fines de lucro.<\/p>\n<p>\u201cQuieren administrar una organizaci\u00f3n art\u00edstica sin fines de lucro como si fuera una organizaci\u00f3n con fines de lucro\u201d, dijo la fuente.<\/p>\n<p>\u201cPero la raz\u00f3n por la que existen las organizaciones art\u00edsticas sin fines de lucro es para mantener el arte que no es rentable. Si le dijeras a una compa\u00f1\u00eda de \u00f3pera que existiera por s\u00ed sola porque va a ganar dinero, no habr\u00eda \u00f3pera\u201d.<\/p>\n<p>The-CNN-Wire<br \/>&trade; &amp; &copy; 2025 Cable News Network, Inc., a Warner Bros. Discovery Company. All rights reserved.<\/p>\n","protected":false},"excerpt":{"rendered":"<p>El presidente Donald Trump a\u00fan no ha puesto su nombre en el Centro Kennedy, pero ya lo ha adaptado a su gusto. A solo d\u00edas de participar en el sorteo de la Copa Mundial de la FIFA en el escenario \u2014y de aceptar el primer Premio de la Paz de la FIFA\u2014, se espera que [&hellip;]<\/p>\n","protected":false},"author":0,"featured_media":0,"comment_status":"open","ping_status":"open","sticky":false,"template":"","format":"standard","meta":{"_jetpack_memberships_contains_paid_content":false,"footnotes":""},"categories":[10],"tags":[],"class_list":["post-1469042","post","type-post","status-publish","format-standard","hentry","category-noticias-nacionales","market-global"],"yoast_head":"<!-- This site is optimized with the Yoast SEO plugin v24.4 - https:\/\/yoast.com\/wordpress\/plugins\/seo\/ -->\n<title>As\u00ed ha sido la transformaci\u00f3n del Centro Kennedy por parte de Trump - Noticias<\/title>\n<meta name=\"robots\" content=\"index, follow, max-snippet:-1, max-image-preview:large, max-video-preview:-1\" \/>\n<link rel=\"canonical\" href=\"https:\/\/noticiasya.com\/2025\/12\/06\/transformacion-centro-kennedy-trump-trax\/\" \/>\n<meta property=\"og:locale\" content=\"es_ES\" \/>\n<meta property=\"og:type\" content=\"article\" \/>\n<meta property=\"og:title\" content=\"As\u00ed ha sido la transformaci\u00f3n del Centro Kennedy por parte de Trump - Noticias\" \/>\n<meta property=\"og:description\" content=\"El presidente Donald Trump a\u00fan no ha puesto su nombre en el Centro Kennedy, pero ya lo ha adaptado a su gusto. A solo d\u00edas de participar en el sorteo de la Copa Mundial de la FIFA en el escenario \u2014y de aceptar el primer Premio de la Paz de la FIFA\u2014, se espera que [&hellip;]\" \/>\n<meta property=\"og:url\" content=\"https:\/\/noticiasya.com\/2025\/12\/06\/transformacion-centro-kennedy-trump-trax\/\" \/>\n<meta property=\"og:site_name\" content=\"Noticias\" \/>\n<meta property=\"article:published_time\" content=\"2025-12-07T05:03:42+00:00\" \/>\n<meta name=\"twitter:card\" content=\"summary_large_image\" \/>\n<meta name=\"twitter:label1\" content=\"Est. reading time\" \/>\n\t<meta name=\"twitter:data1\" content=\"9 minutos\" \/>\n<script type=\"application\/ld+json\" class=\"yoast-schema-graph\">{\"@context\":\"https:\/\/schema.org\",\"@graph\":[{\"@type\":\"Article\",\"@id\":\"https:\/\/noticiasya.com\/2025\/12\/06\/transformacion-centro-kennedy-trump-trax\/#article\",\"isPartOf\":{\"@id\":\"https:\/\/noticiasya.com\/2025\/12\/06\/transformacion-centro-kennedy-trump-trax\/\"},\"author\":{\"name\":\"\",\"@id\":\"\"},\"headline\":\"As\u00ed ha sido la transformaci\u00f3n del Centro Kennedy por parte de Trump\",\"datePublished\":\"2025-12-07T05:03:42+00:00\",\"mainEntityOfPage\":{\"@id\":\"https:\/\/noticiasya.com\/2025\/12\/06\/transformacion-centro-kennedy-trump-trax\/\"},\"wordCount\":1769,\"commentCount\":0,\"publisher\":{\"@id\":\"https:\/\/noticiasya.com\/#organization\"},\"articleSection\":[\"Noticias Nacionales\"],\"inLanguage\":\"es\",\"potentialAction\":[{\"@type\":\"CommentAction\",\"name\":\"Comment\",\"target\":[\"https:\/\/noticiasya.com\/2025\/12\/06\/transformacion-centro-kennedy-trump-trax\/#respond\"]}]},{\"@type\":\"WebPage\",\"@id\":\"https:\/\/noticiasya.com\/2025\/12\/06\/transformacion-centro-kennedy-trump-trax\/\",\"url\":\"https:\/\/noticiasya.com\/2025\/12\/06\/transformacion-centro-kennedy-trump-trax\/\",\"name\":\"As\u00ed ha sido la transformaci\u00f3n del Centro Kennedy por parte de Trump - Noticias\",\"isPartOf\":{\"@id\":\"https:\/\/noticiasya.com\/#website\"},\"datePublished\":\"2025-12-07T05:03:42+00:00\",\"breadcrumb\":{\"@id\":\"https:\/\/noticiasya.com\/2025\/12\/06\/transformacion-centro-kennedy-trump-trax\/#breadcrumb\"},\"inLanguage\":\"es\",\"potentialAction\":[{\"@type\":\"ReadAction\",\"target\":[\"https:\/\/noticiasya.com\/2025\/12\/06\/transformacion-centro-kennedy-trump-trax\/\"]}]},{\"@type\":\"BreadcrumbList\",\"@id\":\"https:\/\/noticiasya.com\/2025\/12\/06\/transformacion-centro-kennedy-trump-trax\/#breadcrumb\",\"itemListElement\":[{\"@type\":\"ListItem\",\"position\":1,\"name\":\"Home\",\"item\":\"https:\/\/noticiasya.com\/\"},{\"@type\":\"ListItem\",\"position\":2,\"name\":\"As\u00ed ha sido la transformaci\u00f3n del Centro Kennedy por parte de Trump\"}]},{\"@type\":\"WebSite\",\"@id\":\"https:\/\/noticiasya.com\/#website\",\"url\":\"https:\/\/noticiasya.com\/\",\"name\":\"Noticias\",\"description\":\"Lo que importa\",\"publisher\":{\"@id\":\"https:\/\/noticiasya.com\/#organization\"},\"potentialAction\":[{\"@type\":\"SearchAction\",\"target\":{\"@type\":\"EntryPoint\",\"urlTemplate\":\"https:\/\/noticiasya.com\/?s={search_term_string}\"},\"query-input\":{\"@type\":\"PropertyValueSpecification\",\"valueRequired\":true,\"valueName\":\"search_term_string\"}}],\"inLanguage\":\"es\"},{\"@type\":\"Organization\",\"@id\":\"https:\/\/noticiasya.com\/#organization\",\"name\":\"Noticias\",\"url\":\"https:\/\/noticiasya.com\/\",\"logo\":{\"@type\":\"ImageObject\",\"inLanguage\":\"es\",\"@id\":\"https:\/\/noticiasya.com\/#\/schema\/logo\/image\/\",\"url\":\"https:\/\/noticiasya.com\/wp-content\/uploads\/sites\/22\/2023\/12\/logo-nacional.png\",\"contentUrl\":\"https:\/\/noticiasya.com\/wp-content\/uploads\/sites\/22\/2023\/12\/logo-nacional.png\",\"width\":1801,\"height\":691,\"caption\":\"Noticias\"},\"image\":{\"@id\":\"https:\/\/noticiasya.com\/#\/schema\/logo\/image\/\"}}]}<\/script>\n<!-- \/ Yoast SEO plugin. -->","yoast_head_json":{"title":"As\u00ed ha sido la transformaci\u00f3n del Centro Kennedy por parte de Trump - Noticias","robots":{"index":"index","follow":"follow","max-snippet":"max-snippet:-1","max-image-preview":"max-image-preview:large","max-video-preview":"max-video-preview:-1"},"canonical":"https:\/\/noticiasya.com\/2025\/12\/06\/transformacion-centro-kennedy-trump-trax\/","og_locale":"es_ES","og_type":"article","og_title":"As\u00ed ha sido la transformaci\u00f3n del Centro Kennedy por parte de Trump - Noticias","og_description":"El presidente Donald Trump a\u00fan no ha puesto su nombre en el Centro Kennedy, pero ya lo ha adaptado a su gusto. A solo d\u00edas de participar en el sorteo de la Copa Mundial de la FIFA en el escenario \u2014y de aceptar el primer Premio de la Paz de la FIFA\u2014, se espera que [&hellip;]","og_url":"https:\/\/noticiasya.com\/2025\/12\/06\/transformacion-centro-kennedy-trump-trax\/","og_site_name":"Noticias","article_published_time":"2025-12-07T05:03:42+00:00","twitter_card":"summary_large_image","twitter_misc":{"Est. reading time":"9 minutos"},"schema":{"@context":"https:\/\/schema.org","@graph":[{"@type":"Article","@id":"https:\/\/noticiasya.com\/2025\/12\/06\/transformacion-centro-kennedy-trump-trax\/#article","isPartOf":{"@id":"https:\/\/noticiasya.com\/2025\/12\/06\/transformacion-centro-kennedy-trump-trax\/"},"author":{"name":"","@id":""},"headline":"As\u00ed ha sido la transformaci\u00f3n del Centro Kennedy por parte de Trump","datePublished":"2025-12-07T05:03:42+00:00","mainEntityOfPage":{"@id":"https:\/\/noticiasya.com\/2025\/12\/06\/transformacion-centro-kennedy-trump-trax\/"},"wordCount":1769,"commentCount":0,"publisher":{"@id":"https:\/\/noticiasya.com\/#organization"},"articleSection":["Noticias Nacionales"],"inLanguage":"es","potentialAction":[{"@type":"CommentAction","name":"Comment","target":["https:\/\/noticiasya.com\/2025\/12\/06\/transformacion-centro-kennedy-trump-trax\/#respond"]}]},{"@type":"WebPage","@id":"https:\/\/noticiasya.com\/2025\/12\/06\/transformacion-centro-kennedy-trump-trax\/","url":"https:\/\/noticiasya.com\/2025\/12\/06\/transformacion-centro-kennedy-trump-trax\/","name":"As\u00ed ha sido la transformaci\u00f3n del Centro Kennedy por parte de Trump - Noticias","isPartOf":{"@id":"https:\/\/noticiasya.com\/#website"},"datePublished":"2025-12-07T05:03:42+00:00","breadcrumb":{"@id":"https:\/\/noticiasya.com\/2025\/12\/06\/transformacion-centro-kennedy-trump-trax\/#breadcrumb"},"inLanguage":"es","potentialAction":[{"@type":"ReadAction","target":["https:\/\/noticiasya.com\/2025\/12\/06\/transformacion-centro-kennedy-trump-trax\/"]}]},{"@type":"BreadcrumbList","@id":"https:\/\/noticiasya.com\/2025\/12\/06\/transformacion-centro-kennedy-trump-trax\/#breadcrumb","itemListElement":[{"@type":"ListItem","position":1,"name":"Home","item":"https:\/\/noticiasya.com\/"},{"@type":"ListItem","position":2,"name":"As\u00ed ha sido la transformaci\u00f3n del Centro Kennedy por parte de Trump"}]},{"@type":"WebSite","@id":"https:\/\/noticiasya.com\/#website","url":"https:\/\/noticiasya.com\/","name":"Noticias","description":"Lo que importa","publisher":{"@id":"https:\/\/noticiasya.com\/#organization"},"potentialAction":[{"@type":"SearchAction","target":{"@type":"EntryPoint","urlTemplate":"https:\/\/noticiasya.com\/?s={search_term_string}"},"query-input":{"@type":"PropertyValueSpecification","valueRequired":true,"valueName":"search_term_string"}}],"inLanguage":"es"},{"@type":"Organization","@id":"https:\/\/noticiasya.com\/#organization","name":"Noticias","url":"https:\/\/noticiasya.com\/","logo":{"@type":"ImageObject","inLanguage":"es","@id":"https:\/\/noticiasya.com\/#\/schema\/logo\/image\/","url":"https:\/\/noticiasya.com\/wp-content\/uploads\/sites\/22\/2023\/12\/logo-nacional.png","contentUrl":"https:\/\/noticiasya.com\/wp-content\/uploads\/sites\/22\/2023\/12\/logo-nacional.png","width":1801,"height":691,"caption":"Noticias"},"image":{"@id":"https:\/\/noticiasya.com\/#\/schema\/logo\/image\/"}}]}},"parsely":{"version":"1.1.0","canonical_url":"https:\/\/noticiasya.com\/midland-odessa\/2025\/12\/06\/transformacion-centro-kennedy-trump-trax\/","smart_links":{"inbound":0,"outbound":0},"traffic_boost_suggestions_count":0,"meta":{"@context":"https:\/\/schema.org","@type":"NewsArticle","headline":"As\u00ed ha sido la transformaci\u00f3n del Centro Kennedy por parte de Trump","url":"http:\/\/noticiasya.com\/midland-odessa\/2025\/12\/06\/transformacion-centro-kennedy-trump-trax\/","mainEntityOfPage":{"@type":"WebPage","@id":"http:\/\/noticiasya.com\/midland-odessa\/2025\/12\/06\/transformacion-centro-kennedy-trump-trax\/"},"thumbnailUrl":"","image":{"@type":"ImageObject","url":""},"articleSection":"Noticias Nacionales","author":[],"creator":[],"publisher":{"@type":"Organization","name":"Noticias","logo":""},"keywords":[],"dateCreated":"2025-12-07T05:03:42Z","datePublished":"2025-12-07T05:03:42Z","dateModified":"2025-12-07T05:03:42Z"},"rendered":"<script type=\"application\/ld+json\" class=\"wp-parsely-metadata\">{\"@context\":\"https:\\\/\\\/schema.org\",\"@type\":\"NewsArticle\",\"headline\":\"As\\u00ed ha sido la transformaci\\u00f3n del Centro Kennedy por parte de Trump\",\"url\":\"http:\\\/\\\/noticiasya.com\\\/midland-odessa\\\/2025\\\/12\\\/06\\\/transformacion-centro-kennedy-trump-trax\\\/\",\"mainEntityOfPage\":{\"@type\":\"WebPage\",\"@id\":\"http:\\\/\\\/noticiasya.com\\\/midland-odessa\\\/2025\\\/12\\\/06\\\/transformacion-centro-kennedy-trump-trax\\\/\"},\"thumbnailUrl\":\"\",\"image\":{\"@type\":\"ImageObject\",\"url\":\"\"},\"articleSection\":\"Noticias Nacionales\",\"author\":[],\"creator\":[],\"publisher\":{\"@type\":\"Organization\",\"name\":\"Noticias\",\"logo\":\"\"},\"keywords\":[],\"dateCreated\":\"2025-12-07T05:03:42Z\",\"datePublished\":\"2025-12-07T05:03:42Z\",\"dateModified\":\"2025-12-07T05:03:42Z\"}<\/script>","tracker_url":"https:\/\/cdn.parsely.com\/keys\/noticiasya.com\/p.js"},"jetpack_featured_media_url":"","jetpack-related-posts":[{"id":1465774,"url":"https:\/\/noticiasya.com\/midland-odessa\/2025\/08\/22\/paises-facilidades-ingresar-mundial-2026-trax\/","url_meta":{"origin":1469042,"position":0},"title":"Trump dice que &#171;ciertos pa\u00edses&#187; tendr\u00e1n &#171;facilidades&#187; para ingresar a EE.UU. y ver partidos del Mundial de f\u00fatbol de 2026","author":"","date":"agosto 22, 2025","format":false,"excerpt":"Los aficionados al f\u00fatbol que deseen obtener una visa para visitar Estados Unidos y asistir a partidos de la Copa Mundial de la FIFA en 2026 \u201ctendr\u00e1n facilidades para ingresar\u201d, aunque esto depender\u00e1 de su pa\u00eds de origen, afirm\u00f3 el presidente de EE.UU. Donald Trump este viernes en la Casa\u2026","rel":"","context":"In &quot;Noticias Nacionales&quot;","block_context":{"text":"Noticias Nacionales","link":"https:\/\/noticiasya.com\/midland-odessa\/categoria\/noticias-nacionales"},"img":{"alt_text":"","src":"","width":0,"height":0},"classes":[]},{"id":1470740,"url":"https:\/\/noticiasya.com\/midland-odessa\/2026\/02\/01\/trump-cierre-kennedy-center-julio-renovacion-trax\/","url_meta":{"origin":1469042,"position":1},"title":"Trump anuncia el cierre del Kennedy Center. \u00bfCu\u00e1ndo inicia la pausa del Centro de las Artes y qu\u00e9 pasar\u00e1 con sus eventos?","author":"","date":"febrero 1, 2026","format":false,"excerpt":"El presidente de Estados Unidos, Donald Trump, confirm\u00f3 este domingo el cierre del Kennedy Center for the Performing Arts por un periodo de aproximadamente dos a\u00f1os. La principal instituci\u00f3n art\u00edstica del pa\u00eds pausar\u00e1 sus actividades para dar paso a un ambicioso plan de renovaciones extensas, una decisi\u00f3n dr\u00e1stica que llega\u2026","rel":"","context":"In &quot;Noticias Nacionales&quot;","block_context":{"text":"Noticias Nacionales","link":"https:\/\/noticiasya.com\/midland-odessa\/categoria\/noticias-nacionales"},"img":{"alt_text":"","src":"","width":0,"height":0},"classes":[]},{"id":1469403,"url":"https:\/\/noticiasya.com\/midland-odessa\/2025\/12\/18\/junta-centro-kennedy-renombrar-centro-trump-trax\/","url_meta":{"origin":1469042,"position":2},"title":"La junta del Centro Kennedy vota para renombrarlo \u2018Centro Trump Kennedy\u2019","author":"","date":"diciembre 18, 2025","format":false,"excerpt":"La junta de fideicomisarios del Centro John F. Kennedy para las Artes Esc\u00e9nicas vot\u00f3 este jueves para cambiar el nombre de la instituci\u00f3n en honor tanto al expresidente como al presidente Donald Trump.\u201cLa Junta de Fideicomisarios del Centro Kennedy vot\u00f3 de forma un\u00e1nime hoy para nombrar la instituci\u00f3n como Centro\u2026","rel":"","context":"In &quot;Noticias Nacionales&quot;","block_context":{"text":"Noticias Nacionales","link":"https:\/\/noticiasya.com\/midland-odessa\/categoria\/noticias-nacionales"},"img":{"alt_text":"","src":"","width":0,"height":0},"classes":[]},{"id":1469599,"url":"https:\/\/noticiasya.com\/midland-odessa\/2025\/12\/27\/presidente-kennedy-center-reprende-artista-cancelo-espectaculo-trax\/","url_meta":{"origin":1469042,"position":3},"title":"El presidente del Kennedy Center reprende a artista que cancel\u00f3 espect\u00e1culo de Nochebuena por inclusi\u00f3n del nombre de Trump","author":"","date":"diciembre 27, 2025","format":false,"excerpt":"El presidente del Kennedy Center, Richard Grenell, critic\u00f3 la decisi\u00f3n de un artista de cancelar un concierto anual de jazz de Nochebuena, luego de que el nombre de Donald Trump fue agregado al recinto art\u00edstico de Washington.En una carta, de la cual el Kennedy Center comparti\u00f3 una copia con CNN,\u2026","rel":"","context":"In &quot;Noticias Nacionales&quot;","block_context":{"text":"Noticias Nacionales","link":"https:\/\/noticiasya.com\/midland-odessa\/categoria\/noticias-nacionales"},"img":{"alt_text":"","src":"","width":0,"height":0},"classes":[]},{"id":1472507,"url":"https:\/\/noticiasya.com\/midland-odessa\/2026\/03\/24\/quien-es-matt-floca-centro-kennedy-trax\/","url_meta":{"origin":1469042,"position":4},"title":"Qui\u00e9n es Matt Floca, el encargado de &#171;la climatizaci\u00f3n y los ba\u00f1os&#187; que ahora dirige el Centro Kennedy","author":"","date":"marzo 24, 2026","format":false,"excerpt":"El nuevo director del Centro Kennedy es un joven y apreciado gerente de instalaciones que, hasta hace poco, estaba \u201ca cargo de la climatizaci\u00f3n y los ba\u00f1os\u201d, como lo describi\u00f3 un antiguo compa\u00f1ero, en la prestigiosa instituci\u00f3n dedicada a las artes esc\u00e9nicas.Momentos despu\u00e9s de que la junta del Centro Kennedy\u2026","rel":"","context":"In &quot;Noticias Nacionales&quot;","block_context":{"text":"Noticias Nacionales","link":"https:\/\/noticiasya.com\/midland-odessa\/categoria\/noticias-nacionales"},"img":{"alt_text":"","src":"","width":0,"height":0},"classes":[]},{"id":1469560,"url":"https:\/\/noticiasya.com\/midland-odessa\/2025\/12\/25\/cancelacion-show-centro-kennedy-trump-trax\/","url_meta":{"origin":1469042,"position":5},"title":"Cancelan el concierto anual de jazz de Nochebuena tras la inclusi\u00f3n del nombre de Trump en el Centro Kennedy","author":"","date":"diciembre 25, 2025","format":false,"excerpt":"El presentador habitual del concierto anual de jazz de Nochebuena del Centro Kennedy anunci\u00f3 la cancelaci\u00f3n del evento del mi\u00e9rcoles tras la decisi\u00f3n del consejo de administraci\u00f3n de renombrar el lugar en honor tanto del presidente dem\u00f3crata asesinado como del presidente Donald Trump.\u201cDecid\u00ed cancelar nuestra sesi\u00f3n de jazz de Nochebuena\u2026","rel":"","context":"In &quot;Noticias Nacionales&quot;","block_context":{"text":"Noticias Nacionales","link":"https:\/\/noticiasya.com\/midland-odessa\/categoria\/noticias-nacionales"},"img":{"alt_text":"","src":"","width":0,"height":0},"classes":[]}],"jetpack_sharing_enabled":true,"_links":{"self":[{"href":"https:\/\/noticiasya.com\/midland-odessa\/wp-json\/wp\/v2\/posts\/1469042","targetHints":{"allow":["GET"]}}],"collection":[{"href":"https:\/\/noticiasya.com\/midland-odessa\/wp-json\/wp\/v2\/posts"}],"about":[{"href":"https:\/\/noticiasya.com\/midland-odessa\/wp-json\/wp\/v2\/types\/post"}],"replies":[{"embeddable":true,"href":"https:\/\/noticiasya.com\/midland-odessa\/wp-json\/wp\/v2\/comments?post=1469042"}],"version-history":[{"count":0,"href":"https:\/\/noticiasya.com\/midland-odessa\/wp-json\/wp\/v2\/posts\/1469042\/revisions"}],"wp:attachment":[{"href":"https:\/\/noticiasya.com\/midland-odessa\/wp-json\/wp\/v2\/media?parent=1469042"}],"wp:term":[{"taxonomy":"category","embeddable":true,"href":"https:\/\/noticiasya.com\/midland-odessa\/wp-json\/wp\/v2\/categories?post=1469042"},{"taxonomy":"post_tag","embeddable":true,"href":"https:\/\/noticiasya.com\/midland-odessa\/wp-json\/wp\/v2\/tags?post=1469042"}],"curies":[{"name":"wp","href":"https:\/\/api.w.org\/{rel}","templated":true}]}}