{"id":1469044,"date":"2025-12-07T03:03:38","date_gmt":"2025-12-07T11:03:38","guid":{"rendered":"https:\/\/noticiasya.com\/2025\/12\/07\/administracion-trump-deportar-mas-iranies-trax\/"},"modified":"2025-12-07T03:03:38","modified_gmt":"2025-12-07T11:03:38","slug":"administracion-trump-deportar-mas-iranies-trax","status":"publish","type":"post","link":"https:\/\/noticiasya.com\/midland-odessa\/2025\/12\/07\/administracion-trump-deportar-mas-iranies-trax\/","title":{"rendered":"La administraci\u00f3n Trump se dispone a deportar a m\u00e1s iran\u00edes de regreso a su pa\u00eds de origen"},"content":{"rendered":"<p>Se espera que la administraci\u00f3n Trump deporte a decenas de <a href=\"https:\/\/cnnespanol.cnn.com\/mundo\/iran\">iran\u00edes<\/a> de regreso a su pa\u00eds de origen este domingo, seg\u00fan inform\u00f3 a CNN una fuente familiarizada con el asunto.<\/p>\n<p>Se trata del <a href=\"https:\/\/cnnespanol.cnn.com\/2025\/09\/30\/eeuu\/decenas-iranies-deportados-ee-uu-iran-trax\">segundo vuelo de deportaci\u00f3n<\/a> de este tipo tras un inusual acuerdo entre Washington y Teher\u00e1n, que no mantienen relaciones diplom\u00e1ticas, en medio del <a href=\"https:\/\/cnnespanol.cnn.com\/2025\/11\/28\/eeuu\/trump-ofensiva-inmigracion-tiroteo-guardia-nacional-trax\">impulso extremo<\/a> de la administraci\u00f3n Trump para expulsar a inmigrantes indocumentados.<\/p>\n<p>Existen serias preocupaciones por parte de organizaciones de derechos humanos y de defensa sobre los iran\u00edes que huyeron a Estados Unidos y que ahora podr\u00edan ser obligados a regresar. El \u00faltimo <a href=\"https:\/\/www.state.gov\/reports\/2024-country-reports-on-human-rights-practices\/iran\/\">informe sobre derechos humanos<\/a> del Departamento de Estado, emitido bajo la administraci\u00f3n Trump, se\u00f1ala que existen \u201cgraves problemas de derechos humanos\u201d en Ir\u00e1n.<\/p>\n<p>Una persona que dijo que se espera que est\u00e9 en el vuelo de deportaci\u00f3n de este domingo dijo que su vida estar\u00e1 en riesgo si regresa.<\/p>\n<p>La persona, que no quiso ser identificada por temor a represalias, dijo que huy\u00f3 de Ir\u00e1n debido a su orientaci\u00f3n sexual. La homosexualidad es castigada con la pena de muerte en Ir\u00e1n.<\/p>\n<p>\u201cEn mi pa\u00eds sufr\u00ed mucho por lo que soy\u201d, dijo, contando a CNN que fue torturado y violado en Ir\u00e1n.<\/p>\n<p>Dijo que vino a Estados Unidos \u201csolo para tener una vida normal como todos los dem\u00e1s\u201d. Fue detenido tras cruzar la frontera en los \u00faltimos d\u00edas de la administraci\u00f3n Biden, despu\u00e9s de viajar durante meses y ser robado y golpeado en su camino a Estados Unidos. Dijo que ha sufrido abusos y discriminaci\u00f3n mientras estaba bajo custodia del Servicio de Inmigraci\u00f3n y Control de Aduanas.<\/p>\n<p>CNN no puede confirmar de manera independiente el relato del hombre. La persona dijo que hab\u00eda solicitado asilo, pero el estado de su solicitud no est\u00e1 claro.<\/p>\n<p>\u201cDefinitivamente mi vida est\u00e1 en riesgo si regreso a mi pa\u00eds\u201d, dijo.<\/p>\n<p>El Consejo Nacional Iran\u00ed Estadounidense, una organizaci\u00f3n sin fines de lucro, pidi\u00f3 a la administraci\u00f3n que detenga el vuelo.<\/p>\n<p>\u201cIran\u00edes como los que est\u00e1n en este inminente vuelo de deportaci\u00f3n vienen aqu\u00ed para escapar de la represi\u00f3n gubernamental. Es preocupante que, en lugar de respetar sus solicitudes de asilo y ofrecerles seguridad, nuestro propio Gobierno pueda estar violando sus derechos humanos y agravando el da\u00f1o que ya han sufrido con abusos en detenci\u00f3n\u201d, dijo el presidente del grupo, Jamal Abdi, en un comunicado.<\/p>\n<p>Seg\u00fan la fuente familiarizada con el vuelo de deportaci\u00f3n de este domingo, se espera que haga una escala en Kuwait antes de llegar a Ir\u00e1n. El primer vuelo de deportaci\u00f3n fue en septiembre.<\/p>\n<p>CNN se puso en contacto con el Departamento de Seguridad Nacional, el Servicio de Inmigraci\u00f3n y Control de Aduanas y la Misi\u00f3n de Ir\u00e1n ante la ONU para obtener comentarios.<\/p>\n<p>El ICE se neg\u00f3 a confirmar la informaci\u00f3n de BBC Persian sobre las deportaciones, sin negar la operaci\u00f3n planeada, citando \u201cla seguridad del vuelo y de sus pasajeros\u201d.<\/p>\n<p>The-CNN-Wire<br \/>&trade; &amp; &copy; 2025 Cable News Network, Inc., a Warner Bros. Discovery Company. All rights reserved.<\/p>\n","protected":false},"excerpt":{"rendered":"<p>Se espera que la administraci\u00f3n Trump deporte a decenas de iran\u00edes de regreso a su pa\u00eds de origen este domingo, seg\u00fan inform\u00f3 a CNN una fuente familiarizada con el asunto. Se trata del segundo vuelo de deportaci\u00f3n de este tipo tras un inusual acuerdo entre Washington y Teher\u00e1n, que no mantienen relaciones diplom\u00e1ticas, en medio [&hellip;]<\/p>\n","protected":false},"author":0,"featured_media":0,"comment_status":"open","ping_status":"open","sticky":false,"template":"","format":"standard","meta":{"_jetpack_memberships_contains_paid_content":false,"footnotes":""},"categories":[10],"tags":[],"class_list":["post-1469044","post","type-post","status-publish","format-standard","hentry","category-noticias-nacionales","market-global"],"yoast_head":"<!-- This site is optimized with the Yoast SEO plugin v24.4 - https:\/\/yoast.com\/wordpress\/plugins\/seo\/ -->\n<title>La administraci\u00f3n Trump se dispone a deportar a m\u00e1s iran\u00edes de regreso a su pa\u00eds de origen - Noticias<\/title>\n<meta name=\"robots\" content=\"index, follow, max-snippet:-1, max-image-preview:large, max-video-preview:-1\" \/>\n<link rel=\"canonical\" href=\"https:\/\/noticiasya.com\/2025\/12\/07\/administracion-trump-deportar-mas-iranies-trax\/\" \/>\n<meta property=\"og:locale\" content=\"es_ES\" \/>\n<meta property=\"og:type\" content=\"article\" \/>\n<meta property=\"og:title\" content=\"La administraci\u00f3n Trump se dispone a deportar a m\u00e1s iran\u00edes de regreso a su pa\u00eds de origen - Noticias\" \/>\n<meta property=\"og:description\" content=\"Se espera que la administraci\u00f3n Trump deporte a decenas de iran\u00edes de regreso a su pa\u00eds de origen este domingo, seg\u00fan inform\u00f3 a CNN una fuente familiarizada con el asunto. Se trata del segundo vuelo de deportaci\u00f3n de este tipo tras un inusual acuerdo entre Washington y Teher\u00e1n, que no mantienen relaciones diplom\u00e1ticas, en medio [&hellip;]\" \/>\n<meta property=\"og:url\" content=\"https:\/\/noticiasya.com\/2025\/12\/07\/administracion-trump-deportar-mas-iranies-trax\/\" \/>\n<meta property=\"og:site_name\" content=\"Noticias\" \/>\n<meta property=\"article:published_time\" content=\"2025-12-07T11:03:38+00:00\" \/>\n<meta name=\"twitter:card\" content=\"summary_large_image\" \/>\n<meta name=\"twitter:label1\" content=\"Est. reading time\" \/>\n\t<meta name=\"twitter:data1\" content=\"3 minutos\" \/>\n<script type=\"application\/ld+json\" class=\"yoast-schema-graph\">{\"@context\":\"https:\/\/schema.org\",\"@graph\":[{\"@type\":\"Article\",\"@id\":\"https:\/\/noticiasya.com\/2025\/12\/07\/administracion-trump-deportar-mas-iranies-trax\/#article\",\"isPartOf\":{\"@id\":\"https:\/\/noticiasya.com\/2025\/12\/07\/administracion-trump-deportar-mas-iranies-trax\/\"},\"author\":{\"name\":\"\",\"@id\":\"\"},\"headline\":\"La administraci\u00f3n Trump se dispone a deportar a m\u00e1s iran\u00edes de regreso a su pa\u00eds de origen\",\"datePublished\":\"2025-12-07T11:03:38+00:00\",\"mainEntityOfPage\":{\"@id\":\"https:\/\/noticiasya.com\/2025\/12\/07\/administracion-trump-deportar-mas-iranies-trax\/\"},\"wordCount\":558,\"commentCount\":0,\"publisher\":{\"@id\":\"https:\/\/noticiasya.com\/#organization\"},\"articleSection\":[\"Noticias Nacionales\"],\"inLanguage\":\"es\",\"potentialAction\":[{\"@type\":\"CommentAction\",\"name\":\"Comment\",\"target\":[\"https:\/\/noticiasya.com\/2025\/12\/07\/administracion-trump-deportar-mas-iranies-trax\/#respond\"]}]},{\"@type\":\"WebPage\",\"@id\":\"https:\/\/noticiasya.com\/2025\/12\/07\/administracion-trump-deportar-mas-iranies-trax\/\",\"url\":\"https:\/\/noticiasya.com\/2025\/12\/07\/administracion-trump-deportar-mas-iranies-trax\/\",\"name\":\"La administraci\u00f3n Trump se dispone a deportar a m\u00e1s iran\u00edes de regreso a su pa\u00eds de origen - Noticias\",\"isPartOf\":{\"@id\":\"https:\/\/noticiasya.com\/#website\"},\"datePublished\":\"2025-12-07T11:03:38+00:00\",\"breadcrumb\":{\"@id\":\"https:\/\/noticiasya.com\/2025\/12\/07\/administracion-trump-deportar-mas-iranies-trax\/#breadcrumb\"},\"inLanguage\":\"es\",\"potentialAction\":[{\"@type\":\"ReadAction\",\"target\":[\"https:\/\/noticiasya.com\/2025\/12\/07\/administracion-trump-deportar-mas-iranies-trax\/\"]}]},{\"@type\":\"BreadcrumbList\",\"@id\":\"https:\/\/noticiasya.com\/2025\/12\/07\/administracion-trump-deportar-mas-iranies-trax\/#breadcrumb\",\"itemListElement\":[{\"@type\":\"ListItem\",\"position\":1,\"name\":\"Home\",\"item\":\"https:\/\/noticiasya.com\/\"},{\"@type\":\"ListItem\",\"position\":2,\"name\":\"La administraci\u00f3n Trump se dispone a deportar a m\u00e1s iran\u00edes de regreso a su pa\u00eds de origen\"}]},{\"@type\":\"WebSite\",\"@id\":\"https:\/\/noticiasya.com\/#website\",\"url\":\"https:\/\/noticiasya.com\/\",\"name\":\"Noticias\",\"description\":\"Lo que importa\",\"publisher\":{\"@id\":\"https:\/\/noticiasya.com\/#organization\"},\"potentialAction\":[{\"@type\":\"SearchAction\",\"target\":{\"@type\":\"EntryPoint\",\"urlTemplate\":\"https:\/\/noticiasya.com\/?s={search_term_string}\"},\"query-input\":{\"@type\":\"PropertyValueSpecification\",\"valueRequired\":true,\"valueName\":\"search_term_string\"}}],\"inLanguage\":\"es\"},{\"@type\":\"Organization\",\"@id\":\"https:\/\/noticiasya.com\/#organization\",\"name\":\"Noticias\",\"url\":\"https:\/\/noticiasya.com\/\",\"logo\":{\"@type\":\"ImageObject\",\"inLanguage\":\"es\",\"@id\":\"https:\/\/noticiasya.com\/#\/schema\/logo\/image\/\",\"url\":\"https:\/\/noticiasya.com\/wp-content\/uploads\/sites\/22\/2023\/12\/logo-nacional.png\",\"contentUrl\":\"https:\/\/noticiasya.com\/wp-content\/uploads\/sites\/22\/2023\/12\/logo-nacional.png\",\"width\":1801,\"height\":691,\"caption\":\"Noticias\"},\"image\":{\"@id\":\"https:\/\/noticiasya.com\/#\/schema\/logo\/image\/\"}}]}<\/script>\n<!-- \/ Yoast SEO plugin. -->","yoast_head_json":{"title":"La administraci\u00f3n Trump se dispone a deportar a m\u00e1s iran\u00edes de regreso a su pa\u00eds de origen - Noticias","robots":{"index":"index","follow":"follow","max-snippet":"max-snippet:-1","max-image-preview":"max-image-preview:large","max-video-preview":"max-video-preview:-1"},"canonical":"https:\/\/noticiasya.com\/2025\/12\/07\/administracion-trump-deportar-mas-iranies-trax\/","og_locale":"es_ES","og_type":"article","og_title":"La administraci\u00f3n Trump se dispone a deportar a m\u00e1s iran\u00edes de regreso a su pa\u00eds de origen - Noticias","og_description":"Se espera que la administraci\u00f3n Trump deporte a decenas de iran\u00edes de regreso a su pa\u00eds de origen este domingo, seg\u00fan inform\u00f3 a CNN una fuente familiarizada con el asunto. Se trata del segundo vuelo de deportaci\u00f3n de este tipo tras un inusual acuerdo entre Washington y Teher\u00e1n, que no mantienen relaciones diplom\u00e1ticas, en medio [&hellip;]","og_url":"https:\/\/noticiasya.com\/2025\/12\/07\/administracion-trump-deportar-mas-iranies-trax\/","og_site_name":"Noticias","article_published_time":"2025-12-07T11:03:38+00:00","twitter_card":"summary_large_image","twitter_misc":{"Est. reading time":"3 minutos"},"schema":{"@context":"https:\/\/schema.org","@graph":[{"@type":"Article","@id":"https:\/\/noticiasya.com\/2025\/12\/07\/administracion-trump-deportar-mas-iranies-trax\/#article","isPartOf":{"@id":"https:\/\/noticiasya.com\/2025\/12\/07\/administracion-trump-deportar-mas-iranies-trax\/"},"author":{"name":"","@id":""},"headline":"La administraci\u00f3n Trump se dispone a deportar a m\u00e1s iran\u00edes de regreso a su pa\u00eds de origen","datePublished":"2025-12-07T11:03:38+00:00","mainEntityOfPage":{"@id":"https:\/\/noticiasya.com\/2025\/12\/07\/administracion-trump-deportar-mas-iranies-trax\/"},"wordCount":558,"commentCount":0,"publisher":{"@id":"https:\/\/noticiasya.com\/#organization"},"articleSection":["Noticias Nacionales"],"inLanguage":"es","potentialAction":[{"@type":"CommentAction","name":"Comment","target":["https:\/\/noticiasya.com\/2025\/12\/07\/administracion-trump-deportar-mas-iranies-trax\/#respond"]}]},{"@type":"WebPage","@id":"https:\/\/noticiasya.com\/2025\/12\/07\/administracion-trump-deportar-mas-iranies-trax\/","url":"https:\/\/noticiasya.com\/2025\/12\/07\/administracion-trump-deportar-mas-iranies-trax\/","name":"La administraci\u00f3n Trump se dispone a deportar a m\u00e1s iran\u00edes de regreso a su pa\u00eds de origen - Noticias","isPartOf":{"@id":"https:\/\/noticiasya.com\/#website"},"datePublished":"2025-12-07T11:03:38+00:00","breadcrumb":{"@id":"https:\/\/noticiasya.com\/2025\/12\/07\/administracion-trump-deportar-mas-iranies-trax\/#breadcrumb"},"inLanguage":"es","potentialAction":[{"@type":"ReadAction","target":["https:\/\/noticiasya.com\/2025\/12\/07\/administracion-trump-deportar-mas-iranies-trax\/"]}]},{"@type":"BreadcrumbList","@id":"https:\/\/noticiasya.com\/2025\/12\/07\/administracion-trump-deportar-mas-iranies-trax\/#breadcrumb","itemListElement":[{"@type":"ListItem","position":1,"name":"Home","item":"https:\/\/noticiasya.com\/"},{"@type":"ListItem","position":2,"name":"La administraci\u00f3n Trump se dispone a deportar a m\u00e1s iran\u00edes de regreso a su pa\u00eds de origen"}]},{"@type":"WebSite","@id":"https:\/\/noticiasya.com\/#website","url":"https:\/\/noticiasya.com\/","name":"Noticias","description":"Lo que importa","publisher":{"@id":"https:\/\/noticiasya.com\/#organization"},"potentialAction":[{"@type":"SearchAction","target":{"@type":"EntryPoint","urlTemplate":"https:\/\/noticiasya.com\/?s={search_term_string}"},"query-input":{"@type":"PropertyValueSpecification","valueRequired":true,"valueName":"search_term_string"}}],"inLanguage":"es"},{"@type":"Organization","@id":"https:\/\/noticiasya.com\/#organization","name":"Noticias","url":"https:\/\/noticiasya.com\/","logo":{"@type":"ImageObject","inLanguage":"es","@id":"https:\/\/noticiasya.com\/#\/schema\/logo\/image\/","url":"https:\/\/noticiasya.com\/wp-content\/uploads\/sites\/22\/2023\/12\/logo-nacional.png","contentUrl":"https:\/\/noticiasya.com\/wp-content\/uploads\/sites\/22\/2023\/12\/logo-nacional.png","width":1801,"height":691,"caption":"Noticias"},"image":{"@id":"https:\/\/noticiasya.com\/#\/schema\/logo\/image\/"}}]}},"parsely":{"version":"1.1.0","canonical_url":"https:\/\/noticiasya.com\/midland-odessa\/2025\/12\/07\/administracion-trump-deportar-mas-iranies-trax\/","smart_links":{"inbound":0,"outbound":0},"traffic_boost_suggestions_count":0,"meta":{"@context":"https:\/\/schema.org","@type":"NewsArticle","headline":"La administraci\u00f3n Trump se dispone a deportar a m\u00e1s iran\u00edes de regreso a su pa\u00eds de origen","url":"http:\/\/noticiasya.com\/midland-odessa\/2025\/12\/07\/administracion-trump-deportar-mas-iranies-trax\/","mainEntityOfPage":{"@type":"WebPage","@id":"http:\/\/noticiasya.com\/midland-odessa\/2025\/12\/07\/administracion-trump-deportar-mas-iranies-trax\/"},"thumbnailUrl":"","image":{"@type":"ImageObject","url":""},"articleSection":"Noticias Nacionales","author":[],"creator":[],"publisher":{"@type":"Organization","name":"Noticias","logo":""},"keywords":[],"dateCreated":"2025-12-07T11:03:38Z","datePublished":"2025-12-07T11:03:38Z","dateModified":"2025-12-07T11:03:38Z"},"rendered":"<script type=\"application\/ld+json\" class=\"wp-parsely-metadata\">{\"@context\":\"https:\\\/\\\/schema.org\",\"@type\":\"NewsArticle\",\"headline\":\"La administraci\\u00f3n Trump se dispone a deportar a m\\u00e1s iran\\u00edes de regreso a su pa\\u00eds de origen\",\"url\":\"http:\\\/\\\/noticiasya.com\\\/midland-odessa\\\/2025\\\/12\\\/07\\\/administracion-trump-deportar-mas-iranies-trax\\\/\",\"mainEntityOfPage\":{\"@type\":\"WebPage\",\"@id\":\"http:\\\/\\\/noticiasya.com\\\/midland-odessa\\\/2025\\\/12\\\/07\\\/administracion-trump-deportar-mas-iranies-trax\\\/\"},\"thumbnailUrl\":\"\",\"image\":{\"@type\":\"ImageObject\",\"url\":\"\"},\"articleSection\":\"Noticias Nacionales\",\"author\":[],\"creator\":[],\"publisher\":{\"@type\":\"Organization\",\"name\":\"Noticias\",\"logo\":\"\"},\"keywords\":[],\"dateCreated\":\"2025-12-07T11:03:38Z\",\"datePublished\":\"2025-12-07T11:03:38Z\",\"dateModified\":\"2025-12-07T11:03:38Z\"}<\/script>","tracker_url":"https:\/\/cdn.parsely.com\/keys\/noticiasya.com\/p.js"},"jetpack_featured_media_url":"","jetpack-related-posts":[{"id":1470510,"url":"https:\/\/noticiasya.com\/midland-odessa\/2026\/01\/27\/trump-deporta-iranies-desde-represion-protestas-trax\/","url_meta":{"origin":1469044,"position":0},"title":"El gobierno de Trump deporta a iran\u00edes por primera vez desde la brutal represi\u00f3n de las protestas","author":"","date":"enero 27, 2026","format":false,"excerpt":"La administraci\u00f3n Trump envi\u00f3 a una decena de iran\u00edes de regreso en un vuelo de deportaci\u00f3n el domingo, dijo a CNN una fuente familiarizada con el asunto.Fue el primer vuelo de deportaci\u00f3n conocido desde que estallaron las protestas antigubernamentales en Ir\u00e1n, en las que miles de personas han muerto. El\u2026","rel":"","context":"In &quot;Noticias Nacionales&quot;","block_context":{"text":"Noticias Nacionales","link":"https:\/\/noticiasya.com\/midland-odessa\/categoria\/noticias-nacionales"},"img":{"alt_text":"","src":"","width":0,"height":0},"classes":[]},{"id":1466989,"url":"https:\/\/noticiasya.com\/midland-odessa\/2025\/09\/30\/decenas-iranies-deportados-ee-uu-iran-trax\/","url_meta":{"origin":1469044,"position":1},"title":"Decenas de iran\u00edes ser\u00e1n deportados de EE.UU. a Ir\u00e1n, dice Teher\u00e1n","author":"","date":"septiembre 30, 2025","format":false,"excerpt":"Estados Unidos deportar\u00e1 a 120 iran\u00edes de regreso a Ir\u00e1n en los pr\u00f3ximos dos d\u00edas, inform\u00f3 este martes la prensa estatal iran\u00ed, citando a un funcionario del Ministerio de Relaciones Exteriores.La mayor\u00eda del grupo ingres\u00f3 a EE.UU. \u201cilegalmente\u201d a trav\u00e9s de M\u00e9xico, dijo a la agencia Tasnim el jefe de\u2026","rel":"","context":"In &quot;Noticias Nacionales&quot;","block_context":{"text":"Noticias Nacionales","link":"https:\/\/noticiasya.com\/midland-odessa\/categoria\/noticias-nacionales"},"img":{"alt_text":"","src":"","width":0,"height":0},"classes":[]},{"id":1470438,"url":"https:\/\/noticiasya.com\/midland-odessa\/2026\/01\/23\/deporte-iranies-amenazas-regimen-represion-trax\/","url_meta":{"origin":1469044,"position":2},"title":"Se espera que EE.UU. deporte a decenas de iran\u00edes tras las amenazas de Trump al r\u00e9gimen por la represi\u00f3n","author":"","date":"enero 23, 2026","format":false,"excerpt":"Se espera que el Gobierno de Trump deporte a decenas de iran\u00edes a su pa\u00eds de origen este domingo, dijeron a CNN fuentes familiarizadas con el asunto.Ser\u00eda el primer vuelo de deportaci\u00f3n conocido a Ir\u00e1n desde Estados Unidos desde que estallaron protestas antigubernamentales masivas en el pa\u00eds en las \u00faltimas\u2026","rel":"","context":"In &quot;Noticias Nacionales&quot;","block_context":{"text":"Noticias Nacionales","link":"https:\/\/noticiasya.com\/midland-odessa\/categoria\/noticias-nacionales"},"img":{"alt_text":"","src":"","width":0,"height":0},"classes":[]},{"id":1463869,"url":"https:\/\/noticiasya.com\/midland-odessa\/2025\/06\/23\/fbi-reducira-apoyo-inmigratorio-amenazas-iranies-trax\/","url_meta":{"origin":1469044,"position":3},"title":"El FBI reducir\u00e1 su apoyo en inmigratorio ante las posibles amenazas terroristas iran\u00edes, seg\u00fan fuentes","author":"","date":"junio 23, 2025","format":false,"excerpt":"El FBI reducir\u00e1 temporalmente el n\u00famero de agentes asignados para apoyar las medidas de control migratorio de la administraci\u00f3n de Trump a nivel nacional, seg\u00fan informaron fuentes a CNN.Lo que dicen las fuentes: si bien el n\u00famero real de agentes transferidos a\u00fan est\u00e1 por determinar, la medida se toma para\u2026","rel":"","context":"In &quot;Noticias Nacionales&quot;","block_context":{"text":"Noticias Nacionales","link":"https:\/\/noticiasya.com\/midland-odessa\/categoria\/noticias-nacionales"},"img":{"alt_text":"","src":"","width":0,"height":0},"classes":[]},{"id":1467095,"url":"https:\/\/noticiasya.com\/midland-odessa\/2025\/10\/03\/trump-ofrece-dinero-menores-migrantes-autodeportacion-trax\/","url_meta":{"origin":1469044,"position":4},"title":"Gobierno de Trump se prepara para ofrecer dinero a menores migrantes no acompa\u00f1ados para que abandonen voluntariamente EE.UU.","author":"","date":"octubre 3, 2025","format":false,"excerpt":"El Departamento de Seguridad Nacional se prepara para ofrecer a los adolescentes migrantes no acompa\u00f1ados en Estados Unidos la opci\u00f3n de abandonar voluntariamente el pa\u00eds y recibir un pago de US$ 2.500, seg\u00fan tres fuentes familiarizadas con los planes y un memorando de la administraci\u00f3n obtenido por CNN.El Gobierno de\u2026","rel":"","context":"In &quot;Noticias Nacionales&quot;","block_context":{"text":"Noticias Nacionales","link":"https:\/\/noticiasya.com\/midland-odessa\/categoria\/noticias-nacionales"},"img":{"alt_text":"","src":"","width":0,"height":0},"classes":[]},{"id":1464242,"url":"https:\/\/noticiasya.com\/midland-odessa\/2025\/07\/05\/trump-ee-uu-iran-reinicie-programa-nuclear-trax\/","url_meta":{"origin":1469044,"position":5},"title":"Trump dice que EE.UU. no permitir\u00e1 que Ir\u00e1n reinicie su programa nuclear","author":"","date":"julio 5, 2025","format":false,"excerpt":"Estados Unidos no permitir\u00e1 que Ir\u00e1n reinicie su programa nuclear, declar\u00f3 el presidente Donald Trump el viernes, semanas despu\u00e9s de que las fuerzas estadounidense atacaran tres instalaciones nucleares iran\u00edes en junio.\u201cSi lo hicieran, habr\u00eda un problema. No permitir\u00edamos que eso sucediera\u201d, declar\u00f3 Trump a los periodistas a bordo del Air\u2026","rel":"","context":"In &quot;Noticias Nacionales&quot;","block_context":{"text":"Noticias Nacionales","link":"https:\/\/noticiasya.com\/midland-odessa\/categoria\/noticias-nacionales"},"img":{"alt_text":"","src":"","width":0,"height":0},"classes":[]}],"jetpack_sharing_enabled":true,"_links":{"self":[{"href":"https:\/\/noticiasya.com\/midland-odessa\/wp-json\/wp\/v2\/posts\/1469044","targetHints":{"allow":["GET"]}}],"collection":[{"href":"https:\/\/noticiasya.com\/midland-odessa\/wp-json\/wp\/v2\/posts"}],"about":[{"href":"https:\/\/noticiasya.com\/midland-odessa\/wp-json\/wp\/v2\/types\/post"}],"replies":[{"embeddable":true,"href":"https:\/\/noticiasya.com\/midland-odessa\/wp-json\/wp\/v2\/comments?post=1469044"}],"version-history":[{"count":0,"href":"https:\/\/noticiasya.com\/midland-odessa\/wp-json\/wp\/v2\/posts\/1469044\/revisions"}],"wp:attachment":[{"href":"https:\/\/noticiasya.com\/midland-odessa\/wp-json\/wp\/v2\/media?parent=1469044"}],"wp:term":[{"taxonomy":"category","embeddable":true,"href":"https:\/\/noticiasya.com\/midland-odessa\/wp-json\/wp\/v2\/categories?post=1469044"},{"taxonomy":"post_tag","embeddable":true,"href":"https:\/\/noticiasya.com\/midland-odessa\/wp-json\/wp\/v2\/tags?post=1469044"}],"curies":[{"name":"wp","href":"https:\/\/api.w.org\/{rel}","templated":true}]}}